{"id":6364,"date":"2025-06-28T19:49:46","date_gmt":"2025-06-28T17:49:46","guid":{"rendered":"https:\/\/nordnesrepublikken.no\/index.php\/2025\/06\/28\/hva-de-virkelig-er-og-hvem-de-horte-til\/"},"modified":"2025-06-28T19:49:47","modified_gmt":"2025-06-28T17:49:47","slug":"hva-de-virkelig-er-og-hvem-de-horte-til","status":"publish","type":"post","link":"https:\/\/nordnesrepublikken.no\/index.php\/2025\/06\/28\/hva-de-virkelig-er-og-hvem-de-horte-til\/","title":{"rendered":"hva de virkelig er og hvem de h\u00f8rte til"},"content":{"rendered":"<div>\n<div class=\"cp_wrapper cp_wrapper--fw mb-30 mb-20@tablet\">\n<figure class=\"mm\"><picture class=\"img\" style=\"padding-top:56.25%\"><source  media=\"(min-width: 1024px)\"><source  media=\"(min-width: 768px)\"><\/source><\/source><\/picture><\/figure>\n<\/p><\/div>\n<p>De siste \u00e5rene har han fulgt en veldig fulgt<strong>feil tolkning<\/strong> noen <strong>gjenstander<\/strong> fra <strong>Quimbaya Civilization<\/strong>pre-colombianske folk, som prosste i dalen i Cauca-elven, midt i den vestlige delen av landet, <strong>I l\u00f8pet av det f\u00f8rste \u00e5rtusen DC<\/strong> Quimbaya var suveren <strong>Gyldne h\u00e5ndverkere<\/strong>og blant gjenstandene de skj\u00f8nte med dette metallet, er det mange <strong>skildringer av fugler og flygende insekter<\/strong>at tilhengere av &laquo;<strong>teori om gamle astronauter &laquo;<\/strong> (&laquo;Fantarcheological Theory&raquo; som ser en utenomjordisk deltakelse i utviklingen av menneskelige sivilisasjoner), p\u00e5 grunn av fenomenet kjent som &laquo;<strong>Pareidolia<\/strong>&laquo;, tolket de hvordan <strong>Antikke fly<\/strong>. Naturlig, <strong>Det er ingen bevis<\/strong> eksistensen av fly i S\u00f8r -Amerika for 1500 \u00e5r siden; Figurene til flygende dyr gjenspeiler heller <strong>ikonografiske og kunstneriske ordninger<\/strong> utviklet av datidens h\u00e5ndverker. Det samme fenomenet hadde skjedd i tilfelle anerkjennelse av en &laquo;<strong>ananas<\/strong>&laquo;I en<strong> Romersk mosaikk<\/strong>i virkeligheten var det en <strong>Pine Cone<\/strong>.<\/p>\n<p>Der <strong>Quimbaya Civilization<\/strong> Han utviklet seg i centstrrofi -delen av <strong>Colombia<\/strong> I l\u00f8pet av det f\u00f8rste \u00e5rtusenet er dette navnet gitt for <strong>konvensjon<\/strong> til materialene i dette omr\u00e5det av landet som dateres tilbake til denne perioden, fordi i virkeligheten <strong>Vi har ingen bevis for at det var en enhetlig sivilisasjon<\/strong> som delte samme spr\u00e5k og kultur. Perioden p\u00e5 <strong>Maksimal prakt<\/strong> av denne gamle s\u00f8ramerikanske kulturen ble n\u00e5dd <strong>Mellom det 6. og 6. \u00e5rhundre av C.<\/strong>med realiseringen av de ber\u00f8mte gullproduktene og <strong><em>tumbaga<\/em><\/strong>en <strong>Gull- og gulllegering<\/strong> utviklet av h\u00e5ndverkerne i disse omr\u00e5dene. Denne kulturen <strong>forsvant<\/strong> P\u00e5 mystisk vis p\u00e5 slutten av det f\u00f8rste \u00e5rtusenet, av grunner som arkeologer enn\u00e5 ikke har konstatert.<\/p>\n<div class=\"cp_wrapper cp_wrapper--fw mb-50\">\n<figure class=\"mm\"><picture class=\"img\" style=\"padding-top:75%\"><source  media=\"(min-width: 1024px)\"><source  media=\"(min-width: 768px)\"><img decoding=\"async\" loading=\"lazy\" src=\"https:\/\/nordnesrepublikken.no\/wp-content\/uploads\/2025\/06\/1751132984_570_hva-de-virkelig-er-og-hvem-de-horte-til.jpg\" alt=\"Bilde\" width=\"800\" height=\"600\"><\/source><\/source><\/picture><\/figure>\n<\/p><\/div>\n<p>Quimbaya -objekter ble sannsynligvis laget for \u00e5 v\u00e6re en del av <strong>Begravelsesutstyr<\/strong> av avd\u00f8de, som ble lagret inne <strong>Bare laget av t\u00f8mte trestammer<\/strong>. Andre gjenstander ble i stedet brukt sannsynligvis under<strong> Religi\u00f8se seremonier<\/strong>som ogs\u00e5 s\u00f8rget for bruk av <strong>Coca -blader<\/strong>.<\/p>\n<div class=\"cp_wrapper cp_wrapper--fw mb-50\">\n<figure class=\"mm\"><picture class=\"img\" style=\"padding-top:151%\"><source  media=\"(min-width: 1024px)\"><source  media=\"(min-width: 768px)\"><img decoding=\"async\" loading=\"lazy\" src=\"https:\/\/nordnesrepublikken.no\/wp-content\/uploads\/2025\/06\/1751132985_656_hva-de-virkelig-er-og-hvem-de-horte-til.jpg\" alt=\"Bilde\" width=\"800\" height=\"1208\" class=\"js-seedtag-img\"><\/source><\/source><\/picture><\/figure>\n<\/p><\/div>\n<p>De fleste av gullproduktene og <em>tumbaga<\/em> laget av quimbaya representerer <strong>dyr<\/strong> (inkludert de ber\u00f8mte fuglene byttet ut mot fly) og <strong>stiliserte menneskelige figurer<\/strong>representert i forskjellige stillinger. Det er ingen mangel p\u00e5 personlige dekorative gjenstander, for eksempel <strong>armb\u00e5nd<\/strong> Og <strong>Nese ringer<\/strong>veldig vanlig ved de indianere -sivilisasjonene.<\/p>\n<div class=\"cp_wrapper cp_wrapper--fw mb-50\">\n<figure class=\"mm\"><picture class=\"img\" style=\"padding-top:39.53125%\"><source  media=\"(min-width: 1024px)\"><source  media=\"(min-width: 768px)\"><img decoding=\"async\" loading=\"lazy\" src=\"https:\/\/nordnesrepublikken.no\/wp-content\/uploads\/2025\/06\/1751132986_207_hva-de-virkelig-er-og-hvem-de-horte-til.jpg\" alt=\"Quimbaya gjenstander\" width=\"640\" height=\"253\"><\/source><\/source><\/picture><\/figure>\n<\/p><\/div>\n<p>I dag er de fleste av Quimbaya Gold -produktene p\u00e5 <strong><em>Gullmuseum<\/em> av Bogota<\/strong>hovedstaden i Colombia, mens en annen del ligger ved <strong><em>Museo de Am\u00e9rica<\/em> av Madrid<\/strong>donert av den colombianske regjeringen p\u00e5 slutten av 1800 -tallet, men i <strong>2017<\/strong>p\u00e5 grunn av <strong>klage<\/strong> Av de innf\u00f8dte samfunnene i Colombia beordret den konstitusjonelle domstolen i det s\u00f8ramerikanske landet <strong>kom inn igjen<\/strong>. Kontroversen <strong>det p\u00e5g\u00e5r fortsatt<\/strong>med De Am\u00e9rica -museet som ikke virker som om de har til hensikt \u00e5 selge Quimbaya -gjenstandene til Colombia.<\/p>\n<\/p><\/div>\n","protected":false},"excerpt":{"rendered":"<p>De siste \u00e5rene har han fulgt en veldig fulgtfeil tolkning noen gjenstander fra Quimbaya Civilizationpre-colombianske<\/p>\n","protected":false},"author":1,"featured_media":6365,"comment_status":"closed","ping_status":"open","sticky":false,"template":"","format":"standard","meta":{"footnotes":""},"categories":[104],"tags":[755,144,99,117,227],"class_list":["post-6364","post","type-post","status-publish","format-standard","has-post-thumbnail","hentry","category-samfunn","tag-horte","tag-hva","tag-hvem","tag-til","tag-virkelig","generate-columns","tablet-grid-50","mobile-grid-100","grid-parent","grid-33","resize-featured-image"],"yoast_head":"<!-- This site is optimized with the Yoast SEO plugin v24.4 - https:\/\/yoast.com\/wordpress\/plugins\/seo\/ -->\n<title>hva de virkelig er og hvem de h\u00f8rte til - Nordnesrepublikken<\/title>\n<meta name=\"robots\" content=\"index, follow, max-snippet:-1, max-image-preview:large, max-video-preview:-1\" \/>\n<link rel=\"canonical\" href=\"https:\/\/nordnesrepublikken.no\/index.php\/2025\/06\/28\/hva-de-virkelig-er-og-hvem-de-horte-til\/\" \/>\n<meta property=\"og:locale\" content=\"nb_NO\" \/>\n<meta property=\"og:type\" content=\"article\" \/>\n<meta property=\"og:title\" content=\"hva de virkelig er og hvem de h\u00f8rte til - Nordnesrepublikken\" \/>\n<meta property=\"og:description\" content=\"De siste \u00e5rene har han fulgt en veldig fulgtfeil tolkning noen gjenstander fra Quimbaya Civilizationpre-colombianske\" \/>\n<meta property=\"og:url\" content=\"https:\/\/nordnesrepublikken.no\/index.php\/2025\/06\/28\/hva-de-virkelig-er-og-hvem-de-horte-til\/\" \/>\n<meta property=\"og:site_name\" content=\"Nordnesrepublikken\" \/>\n<meta property=\"article:published_time\" content=\"2025-06-28T17:49:46+00:00\" \/>\n<meta property=\"article:modified_time\" content=\"2025-06-28T17:49:47+00:00\" \/>\n<meta property=\"og:image\" content=\"https:\/\/nordnesrepublikken.no\/wp-content\/uploads\/2025\/06\/1751132987_hva-de-virkelig-er-og-hvem-de-horte-til.jpg\" \/>\n\t<meta property=\"og:image:width\" content=\"400\" \/>\n\t<meta property=\"og:image:height\" content=\"203\" \/>\n\t<meta property=\"og:image:type\" content=\"image\/jpeg\" \/>\n<meta name=\"author\" content=\"Ole Andersen\" \/>\n<meta name=\"twitter:card\" content=\"summary_large_image\" \/>\n<meta name=\"twitter:label1\" content=\"Skrevet av\" \/>\n\t<meta name=\"twitter:data1\" content=\"Ole Andersen\" \/>\n\t<meta name=\"twitter:label2\" content=\"Ansl. lesetid\" \/>\n\t<meta name=\"twitter:data2\" content=\"2 minutter\" \/>\n<script type=\"application\/ld+json\" class=\"yoast-schema-graph\">{\"@context\":\"https:\/\/schema.org\",\"@graph\":[{\"@type\":\"Article\",\"@id\":\"https:\/\/nordnesrepublikken.no\/index.php\/2025\/06\/28\/hva-de-virkelig-er-og-hvem-de-horte-til\/#article\",\"isPartOf\":{\"@id\":\"https:\/\/nordnesrepublikken.no\/index.php\/2025\/06\/28\/hva-de-virkelig-er-og-hvem-de-horte-til\/\"},\"author\":{\"name\":\"Ole Andersen\",\"@id\":\"https:\/\/nordnesrepublikken.no\/#\/schema\/person\/2e7e81935bab77882fffb79296240ff1\"},\"headline\":\"hva de virkelig er og hvem de h\u00f8rte til\",\"datePublished\":\"2025-06-28T17:49:46+00:00\",\"dateModified\":\"2025-06-28T17:49:47+00:00\",\"mainEntityOfPage\":{\"@id\":\"https:\/\/nordnesrepublikken.no\/index.php\/2025\/06\/28\/hva-de-virkelig-er-og-hvem-de-horte-til\/\"},\"wordCount\":448,\"publisher\":{\"@id\":\"https:\/\/nordnesrepublikken.no\/#organization\"},\"image\":{\"@id\":\"https:\/\/nordnesrepublikken.no\/index.php\/2025\/06\/28\/hva-de-virkelig-er-og-hvem-de-horte-til\/#primaryimage\"},\"thumbnailUrl\":\"https:\/\/nordnesrepublikken.no\/wp-content\/uploads\/2025\/06\/1751132987_hva-de-virkelig-er-og-hvem-de-horte-til.jpg\",\"keywords\":[\"h\u00f8rte\",\"Hva\",\"Hvem\",\"til\",\"virkelig\"],\"articleSection\":[\"Samfunn\"],\"inLanguage\":\"nb-NO\"},{\"@type\":\"WebPage\",\"@id\":\"https:\/\/nordnesrepublikken.no\/index.php\/2025\/06\/28\/hva-de-virkelig-er-og-hvem-de-horte-til\/\",\"url\":\"https:\/\/nordnesrepublikken.no\/index.php\/2025\/06\/28\/hva-de-virkelig-er-og-hvem-de-horte-til\/\",\"name\":\"hva de virkelig er og hvem de h\u00f8rte til - Nordnesrepublikken\",\"isPartOf\":{\"@id\":\"https:\/\/nordnesrepublikken.no\/#website\"},\"primaryImageOfPage\":{\"@id\":\"https:\/\/nordnesrepublikken.no\/index.php\/2025\/06\/28\/hva-de-virkelig-er-og-hvem-de-horte-til\/#primaryimage\"},\"image\":{\"@id\":\"https:\/\/nordnesrepublikken.no\/index.php\/2025\/06\/28\/hva-de-virkelig-er-og-hvem-de-horte-til\/#primaryimage\"},\"thumbnailUrl\":\"https:\/\/nordnesrepublikken.no\/wp-content\/uploads\/2025\/06\/1751132987_hva-de-virkelig-er-og-hvem-de-horte-til.jpg\",\"datePublished\":\"2025-06-28T17:49:46+00:00\",\"dateModified\":\"2025-06-28T17:49:47+00:00\",\"breadcrumb\":{\"@id\":\"https:\/\/nordnesrepublikken.no\/index.php\/2025\/06\/28\/hva-de-virkelig-er-og-hvem-de-horte-til\/#breadcrumb\"},\"inLanguage\":\"nb-NO\",\"potentialAction\":[{\"@type\":\"ReadAction\",\"target\":[\"https:\/\/nordnesrepublikken.no\/index.php\/2025\/06\/28\/hva-de-virkelig-er-og-hvem-de-horte-til\/\"]}]},{\"@type\":\"ImageObject\",\"inLanguage\":\"nb-NO\",\"@id\":\"https:\/\/nordnesrepublikken.no\/index.php\/2025\/06\/28\/hva-de-virkelig-er-og-hvem-de-horte-til\/#primaryimage\",\"url\":\"https:\/\/nordnesrepublikken.no\/wp-content\/uploads\/2025\/06\/1751132987_hva-de-virkelig-er-og-hvem-de-horte-til.jpg\",\"contentUrl\":\"https:\/\/nordnesrepublikken.no\/wp-content\/uploads\/2025\/06\/1751132987_hva-de-virkelig-er-og-hvem-de-horte-til.jpg\",\"width\":400,\"height\":203,\"caption\":\"Immagine\"},{\"@type\":\"BreadcrumbList\",\"@id\":\"https:\/\/nordnesrepublikken.no\/index.php\/2025\/06\/28\/hva-de-virkelig-er-og-hvem-de-horte-til\/#breadcrumb\",\"itemListElement\":[{\"@type\":\"ListItem\",\"position\":1,\"name\":\"Home\",\"item\":\"https:\/\/nordnesrepublikken.no\/\"},{\"@type\":\"ListItem\",\"position\":2,\"name\":\"hva de virkelig er og hvem de h\u00f8rte til\"}]},{\"@type\":\"WebSite\",\"@id\":\"https:\/\/nordnesrepublikken.no\/#website\",\"url\":\"https:\/\/nordnesrepublikken.no\/\",\"name\":\"Nordnesrepublikken\",\"description\":\"Stemmer og Visjoner fra Republikkens Hjerte\",\"publisher\":{\"@id\":\"https:\/\/nordnesrepublikken.no\/#organization\"},\"potentialAction\":[{\"@type\":\"SearchAction\",\"target\":{\"@type\":\"EntryPoint\",\"urlTemplate\":\"https:\/\/nordnesrepublikken.no\/?s={search_term_string}\"},\"query-input\":{\"@type\":\"PropertyValueSpecification\",\"valueRequired\":true,\"valueName\":\"search_term_string\"}}],\"inLanguage\":\"nb-NO\"},{\"@type\":\"Organization\",\"@id\":\"https:\/\/nordnesrepublikken.no\/#organization\",\"name\":\"Nordnesrepublikken\",\"url\":\"https:\/\/nordnesrepublikken.no\/\",\"logo\":{\"@type\":\"ImageObject\",\"inLanguage\":\"nb-NO\",\"@id\":\"https:\/\/nordnesrepublikken.no\/#\/schema\/logo\/image\/\",\"url\":\"https:\/\/nordnesrepublikken.no\/wp-content\/uploads\/2025\/02\/cropped-nordnesrepublikken-2.png\",\"contentUrl\":\"https:\/\/nordnesrepublikken.no\/wp-content\/uploads\/2025\/02\/cropped-nordnesrepublikken-2.png\",\"width\":1248,\"height\":362,\"caption\":\"Nordnesrepublikken\"},\"image\":{\"@id\":\"https:\/\/nordnesrepublikken.no\/#\/schema\/logo\/image\/\"}},{\"@type\":\"Person\",\"@id\":\"https:\/\/nordnesrepublikken.no\/#\/schema\/person\/2e7e81935bab77882fffb79296240ff1\",\"name\":\"Ole Andersen\",\"image\":{\"@type\":\"ImageObject\",\"inLanguage\":\"nb-NO\",\"@id\":\"https:\/\/nordnesrepublikken.no\/#\/schema\/person\/image\/\",\"url\":\"https:\/\/nordnesrepublikken.no\/wp-content\/uploads\/2025\/02\/nordnesrepublikken-2-2-150x150.jpg\",\"contentUrl\":\"https:\/\/nordnesrepublikken.no\/wp-content\/uploads\/2025\/02\/nordnesrepublikken-2-2-150x150.jpg\",\"caption\":\"Ole Andersen\"},\"description\":\"Ettersom jeg vokste opp i Oslo, har jeg alltid v\u00e6rt fascinert av ordenes kraft og deres evne til \u00e5 skape endringer. Etter \u00e5 ha fullf\u00f8rt min utdannelse i kommunikasjon ved Universitetet i Bergen, fikk jeg muligheten til \u00e5 jobbe innen ulike medier, der jeg har s\u00f8kt \u00e5 belyse viktige samfunnssp\u00f8rsm\u00e5l. I dag, som redakt\u00f8r for Nordnesrepublikken, pr\u00f8ver jeg \u00e5 forene min kj\u00e6rlighet for journalistikk med min lidenskap for innovasjon og eventyr.\",\"sameAs\":[\"https:\/\/nordnesrepublikken.no\/\"]}]}<\/script>\n<!-- \/ Yoast SEO plugin. -->","yoast_head_json":{"title":"hva de virkelig er og hvem de h\u00f8rte til - Nordnesrepublikken","robots":{"index":"index","follow":"follow","max-snippet":"max-snippet:-1","max-image-preview":"max-image-preview:large","max-video-preview":"max-video-preview:-1"},"canonical":"https:\/\/nordnesrepublikken.no\/index.php\/2025\/06\/28\/hva-de-virkelig-er-og-hvem-de-horte-til\/","og_locale":"nb_NO","og_type":"article","og_title":"hva de virkelig er og hvem de h\u00f8rte til - Nordnesrepublikken","og_description":"De siste \u00e5rene har han fulgt en veldig fulgtfeil tolkning noen gjenstander fra Quimbaya Civilizationpre-colombianske","og_url":"https:\/\/nordnesrepublikken.no\/index.php\/2025\/06\/28\/hva-de-virkelig-er-og-hvem-de-horte-til\/","og_site_name":"Nordnesrepublikken","article_published_time":"2025-06-28T17:49:46+00:00","article_modified_time":"2025-06-28T17:49:47+00:00","og_image":[{"width":400,"height":203,"url":"https:\/\/nordnesrepublikken.no\/wp-content\/uploads\/2025\/06\/1751132987_hva-de-virkelig-er-og-hvem-de-horte-til.jpg","type":"image\/jpeg"}],"author":"Ole Andersen","twitter_card":"summary_large_image","twitter_misc":{"Skrevet av":"Ole Andersen","Ansl. lesetid":"2 minutter"},"schema":{"@context":"https:\/\/schema.org","@graph":[{"@type":"Article","@id":"https:\/\/nordnesrepublikken.no\/index.php\/2025\/06\/28\/hva-de-virkelig-er-og-hvem-de-horte-til\/#article","isPartOf":{"@id":"https:\/\/nordnesrepublikken.no\/index.php\/2025\/06\/28\/hva-de-virkelig-er-og-hvem-de-horte-til\/"},"author":{"name":"Ole Andersen","@id":"https:\/\/nordnesrepublikken.no\/#\/schema\/person\/2e7e81935bab77882fffb79296240ff1"},"headline":"hva de virkelig er og hvem de h\u00f8rte til","datePublished":"2025-06-28T17:49:46+00:00","dateModified":"2025-06-28T17:49:47+00:00","mainEntityOfPage":{"@id":"https:\/\/nordnesrepublikken.no\/index.php\/2025\/06\/28\/hva-de-virkelig-er-og-hvem-de-horte-til\/"},"wordCount":448,"publisher":{"@id":"https:\/\/nordnesrepublikken.no\/#organization"},"image":{"@id":"https:\/\/nordnesrepublikken.no\/index.php\/2025\/06\/28\/hva-de-virkelig-er-og-hvem-de-horte-til\/#primaryimage"},"thumbnailUrl":"https:\/\/nordnesrepublikken.no\/wp-content\/uploads\/2025\/06\/1751132987_hva-de-virkelig-er-og-hvem-de-horte-til.jpg","keywords":["h\u00f8rte","Hva","Hvem","til","virkelig"],"articleSection":["Samfunn"],"inLanguage":"nb-NO"},{"@type":"WebPage","@id":"https:\/\/nordnesrepublikken.no\/index.php\/2025\/06\/28\/hva-de-virkelig-er-og-hvem-de-horte-til\/","url":"https:\/\/nordnesrepublikken.no\/index.php\/2025\/06\/28\/hva-de-virkelig-er-og-hvem-de-horte-til\/","name":"hva de virkelig er og hvem de h\u00f8rte til - Nordnesrepublikken","isPartOf":{"@id":"https:\/\/nordnesrepublikken.no\/#website"},"primaryImageOfPage":{"@id":"https:\/\/nordnesrepublikken.no\/index.php\/2025\/06\/28\/hva-de-virkelig-er-og-hvem-de-horte-til\/#primaryimage"},"image":{"@id":"https:\/\/nordnesrepublikken.no\/index.php\/2025\/06\/28\/hva-de-virkelig-er-og-hvem-de-horte-til\/#primaryimage"},"thumbnailUrl":"https:\/\/nordnesrepublikken.no\/wp-content\/uploads\/2025\/06\/1751132987_hva-de-virkelig-er-og-hvem-de-horte-til.jpg","datePublished":"2025-06-28T17:49:46+00:00","dateModified":"2025-06-28T17:49:47+00:00","breadcrumb":{"@id":"https:\/\/nordnesrepublikken.no\/index.php\/2025\/06\/28\/hva-de-virkelig-er-og-hvem-de-horte-til\/#breadcrumb"},"inLanguage":"nb-NO","potentialAction":[{"@type":"ReadAction","target":["https:\/\/nordnesrepublikken.no\/index.php\/2025\/06\/28\/hva-de-virkelig-er-og-hvem-de-horte-til\/"]}]},{"@type":"ImageObject","inLanguage":"nb-NO","@id":"https:\/\/nordnesrepublikken.no\/index.php\/2025\/06\/28\/hva-de-virkelig-er-og-hvem-de-horte-til\/#primaryimage","url":"https:\/\/nordnesrepublikken.no\/wp-content\/uploads\/2025\/06\/1751132987_hva-de-virkelig-er-og-hvem-de-horte-til.jpg","contentUrl":"https:\/\/nordnesrepublikken.no\/wp-content\/uploads\/2025\/06\/1751132987_hva-de-virkelig-er-og-hvem-de-horte-til.jpg","width":400,"height":203,"caption":"Immagine"},{"@type":"BreadcrumbList","@id":"https:\/\/nordnesrepublikken.no\/index.php\/2025\/06\/28\/hva-de-virkelig-er-og-hvem-de-horte-til\/#breadcrumb","itemListElement":[{"@type":"ListItem","position":1,"name":"Home","item":"https:\/\/nordnesrepublikken.no\/"},{"@type":"ListItem","position":2,"name":"hva de virkelig er og hvem de h\u00f8rte til"}]},{"@type":"WebSite","@id":"https:\/\/nordnesrepublikken.no\/#website","url":"https:\/\/nordnesrepublikken.no\/","name":"Nordnesrepublikken","description":"Stemmer og Visjoner fra Republikkens Hjerte","publisher":{"@id":"https:\/\/nordnesrepublikken.no\/#organization"},"potentialAction":[{"@type":"SearchAction","target":{"@type":"EntryPoint","urlTemplate":"https:\/\/nordnesrepublikken.no\/?s={search_term_string}"},"query-input":{"@type":"PropertyValueSpecification","valueRequired":true,"valueName":"search_term_string"}}],"inLanguage":"nb-NO"},{"@type":"Organization","@id":"https:\/\/nordnesrepublikken.no\/#organization","name":"Nordnesrepublikken","url":"https:\/\/nordnesrepublikken.no\/","logo":{"@type":"ImageObject","inLanguage":"nb-NO","@id":"https:\/\/nordnesrepublikken.no\/#\/schema\/logo\/image\/","url":"https:\/\/nordnesrepublikken.no\/wp-content\/uploads\/2025\/02\/cropped-nordnesrepublikken-2.png","contentUrl":"https:\/\/nordnesrepublikken.no\/wp-content\/uploads\/2025\/02\/cropped-nordnesrepublikken-2.png","width":1248,"height":362,"caption":"Nordnesrepublikken"},"image":{"@id":"https:\/\/nordnesrepublikken.no\/#\/schema\/logo\/image\/"}},{"@type":"Person","@id":"https:\/\/nordnesrepublikken.no\/#\/schema\/person\/2e7e81935bab77882fffb79296240ff1","name":"Ole Andersen","image":{"@type":"ImageObject","inLanguage":"nb-NO","@id":"https:\/\/nordnesrepublikken.no\/#\/schema\/person\/image\/","url":"https:\/\/nordnesrepublikken.no\/wp-content\/uploads\/2025\/02\/nordnesrepublikken-2-2-150x150.jpg","contentUrl":"https:\/\/nordnesrepublikken.no\/wp-content\/uploads\/2025\/02\/nordnesrepublikken-2-2-150x150.jpg","caption":"Ole Andersen"},"description":"Ettersom jeg vokste opp i Oslo, har jeg alltid v\u00e6rt fascinert av ordenes kraft og deres evne til \u00e5 skape endringer. Etter \u00e5 ha fullf\u00f8rt min utdannelse i kommunikasjon ved Universitetet i Bergen, fikk jeg muligheten til \u00e5 jobbe innen ulike medier, der jeg har s\u00f8kt \u00e5 belyse viktige samfunnssp\u00f8rsm\u00e5l. I dag, som redakt\u00f8r for Nordnesrepublikken, pr\u00f8ver jeg \u00e5 forene min kj\u00e6rlighet for journalistikk med min lidenskap for innovasjon og eventyr.","sameAs":["https:\/\/nordnesrepublikken.no\/"]}]}},"_links":{"self":[{"href":"https:\/\/nordnesrepublikken.no\/index.php\/wp-json\/wp\/v2\/posts\/6364","targetHints":{"allow":["GET"]}}],"collection":[{"href":"https:\/\/nordnesrepublikken.no\/index.php\/wp-json\/wp\/v2\/posts"}],"about":[{"href":"https:\/\/nordnesrepublikken.no\/index.php\/wp-json\/wp\/v2\/types\/post"}],"author":[{"embeddable":true,"href":"https:\/\/nordnesrepublikken.no\/index.php\/wp-json\/wp\/v2\/users\/1"}],"replies":[{"embeddable":true,"href":"https:\/\/nordnesrepublikken.no\/index.php\/wp-json\/wp\/v2\/comments?post=6364"}],"version-history":[{"count":1,"href":"https:\/\/nordnesrepublikken.no\/index.php\/wp-json\/wp\/v2\/posts\/6364\/revisions"}],"predecessor-version":[{"id":6366,"href":"https:\/\/nordnesrepublikken.no\/index.php\/wp-json\/wp\/v2\/posts\/6364\/revisions\/6366"}],"wp:featuredmedia":[{"embeddable":true,"href":"https:\/\/nordnesrepublikken.no\/index.php\/wp-json\/wp\/v2\/media\/6365"}],"wp:attachment":[{"href":"https:\/\/nordnesrepublikken.no\/index.php\/wp-json\/wp\/v2\/media?parent=6364"}],"wp:term":[{"taxonomy":"category","embeddable":true,"href":"https:\/\/nordnesrepublikken.no\/index.php\/wp-json\/wp\/v2\/categories?post=6364"},{"taxonomy":"post_tag","embeddable":true,"href":"https:\/\/nordnesrepublikken.no\/index.php\/wp-json\/wp\/v2\/tags?post=6364"}],"curies":[{"name":"wp","href":"https:\/\/api.w.org\/{rel}","templated":true}]}}