{"id":6358,"date":"2025-06-28T17:50:09","date_gmt":"2025-06-28T15:50:09","guid":{"rendered":"https:\/\/nordnesrepublikken.no\/index.php\/2025\/06\/28\/stesonn-av-fremtidig-konge-av-norge-arrestert-pa-23-siktelser-inkludert-3-voldtekter\/"},"modified":"2025-06-28T17:50:12","modified_gmt":"2025-06-28T15:50:12","slug":"stesonn-av-fremtidig-konge-av-norge-arrestert-pa-23-siktelser-inkludert-3-voldtekter","status":"publish","type":"post","link":"https:\/\/nordnesrepublikken.no\/index.php\/2025\/06\/28\/stesonn-av-fremtidig-konge-av-norge-arrestert-pa-23-siktelser-inkludert-3-voldtekter\/","title":{"rendered":"Stes\u00f8nn av fremtidig konge av Norge arrestert p\u00e5 23 siktelser inkludert 3 voldtekter"},"content":{"rendered":"<p><\/p>\n<div class=\"wordpress-content\">\n                    <!-- Article Start --><\/p>\n<p><strong>Oslo -politiet har arrestert den eldste s\u00f8nnen til Norges kronprinsesse og stes\u00f8nn av den fremtidige kongen av Norge p\u00e5 23 teller, flere av dem voldelige forbrytelser, inkludert tre voldtekter og trakassering mot en politibetjent, rapporterte flere nyhetssteder.<\/strong><\/p>\n<p><span style=\"font-weight: 400\">Marius Borg H\u00f8ibys internering er et resultat av m\u00e5neder med etterforskning av de 23 eller s\u00e5 forbrytelsene han er mistenkt for \u00e5 beg\u00e5, mot minst et dusin ofre, BBC <\/span><span style=\"font-weight: 400\">avsl\u00f8rt.<\/span><span style=\"font-weight: 400\">  Han hadde allerede blitt arrestert ved tre anledninger i fjor, inkludert i august, september og november.<\/span><\/p>\n<p><span style=\"font-weight: 400\">H\u00f8iby er s\u00f8nn av kronprinsesse Mette-Marit og stes\u00f8nn av Norges fremtidige konge, kronprins Haakon. Han har v\u00e6rt under gransking siden hans flere arrestasjoner i 2024 p\u00e5 grunn av p\u00e5stander om voldtekt og p\u00e5 grunn av kroppsskader og anklager om straffeskader, The Guardian <\/span><span style=\"font-weight: 400\">skrev<\/span><span style=\"font-weight: 400\">.<\/span><\/p>\n<div class=\"sra_unit\"><link rel=\"stylesheet\" id=\"block-sra\" href=\"https:\/\/euroweeklynews.com\/wp-content\/plugins\/snack-related-articles\/dist\/css\/snack-related.min.css?250312-193541\" type=\"text\/css\" media=\"all\">\n<\/div>\n<h2>Kronprinsessens s\u00f8nn tar beskyldninger p\u00e5 alvor<\/h2>\n<p><span style=\"font-weight: 400\">Politiets advokat Andreas Kruszewski uttalte at H\u00f8iby hadde v\u00e6rt samarbeidsvillige under politiets avh\u00f8r, som n\u00e5 var fullf\u00f8rt. Det ble trukket bevis i saken fra kilder inkludert tekstmeldinger, vitneavh\u00f8r og politiets s\u00f8k, opplyser politiadvokaten.<\/span><\/p>\n<p><span style=\"font-weight: 400\">Petar Sekulic, H\u00f8ibys advokat, sa at klienten hans &laquo;tar beskyldningene veldig alvorlig, men erkjenner ikke noe forseelse i de fleste tilfeller &#8211; spesielt sakene ang\u00e5ende seksuelle overgrep og vold&raquo;.<\/span><\/p>\n<p><span style=\"font-weight: 400\">28-\u00e5ringen, som ikke har en kongelig tittel eller offisielle plikter, hadde v\u00e6rt under etterforskning siden arrestasjonen hans 4. august 2024 p\u00e5 mistanke om overgrep, if\u00f8lge et norsk politi<\/span><span style=\"font-weight: 400\">  uttalelse<\/span><span style=\"font-weight: 400\">.<\/span><\/p>\n<p><span style=\"font-weight: 400\">&laquo;Under etterforskningen har vi begge mottatt rapporter som har f\u00f8rt til en etterforskning, og unders\u00f8kt saker som politiet har kommet over i etterforskningsmaterialet underveis,&raquo; legger uttalelsen til.<\/span><\/p>\n<h2>Ofre i tosifre<\/h2>\n<p><span style=\"font-weight: 400\">If\u00f8lge politiet er siktelser mot H\u00f8iby blitt oppdatert, og inkluderer n\u00e5 &laquo;ett tilfelle av voldtekt med samleie, to tilfeller av Reape uten samleie og fire tilfeller av seksuelt krenkende oppf\u00f8rsel,&raquo; opplyser politiet.<\/span><\/p>\n<p><span style=\"font-weight: 400\">Den norske politiets uttalelse viser 16 ekstra anklager, alt fra overgrep, kroppsskader, trusler, brudd p\u00e5 ordre om ordre, trakassering av en politibetjent og fem veitrafikkforbrytelser.<\/span><\/p>\n<p><span style=\"font-weight: 400\">Politiadvokat Andreas Kruszewski sa til BBC at det norske politiet hadde overlevert saken til p\u00e5talemyndigheter som vil avgj\u00f8re om de skulle presse anklager.<\/span><\/p>\n<p><span style=\"font-weight: 400\">&laquo;Jeg kan ikke g\u00e5 n\u00e6rmere inn p\u00e5 antall ofre i saken utover \u00e5 bekrefte at det er et tosifret antall,&raquo; sa Kruszewski.<\/span><\/p>\n<p><span style=\"font-weight: 400\">Royal House of Norge bemerket i en uttalelse at saken fortsatte gjennom rettssystemet og ikke hadde noe videre \u00e5 legge til.<\/span><\/p>\n<p>                    <!-- Article End --><\/p><\/div>\n","protected":false},"excerpt":{"rendered":"<p>Oslo -politiet har arrestert den eldste s\u00f8nnen til Norges kronprinsesse og stes\u00f8nn av den fremtidige<\/p>\n","protected":false},"author":1,"featured_media":6359,"comment_status":"closed","ping_status":"open","sticky":false,"template":"","format":"standard","meta":{"footnotes":""},"categories":[22],"tags":[4043,4032,4044,4042,153,81,3978,4041,4045],"class_list":["post-6358","post","type-post","status-publish","format-standard","has-post-thumbnail","hentry","category-nasjonal","tag-arrestert","tag-fremtidig","tag-inkludert","tag-konge","tag-norge","tag-pa","tag-siktelser","tag-stesonn","tag-voldtekter","generate-columns","tablet-grid-50","mobile-grid-100","grid-parent","grid-33","resize-featured-image"],"yoast_head":"<!-- This site is optimized with the Yoast SEO plugin v24.4 - https:\/\/yoast.com\/wordpress\/plugins\/seo\/ -->\n<title>Stes\u00f8nn av fremtidig konge av Norge arrestert p\u00e5 23 siktelser inkludert 3 voldtekter - Nordnesrepublikken<\/title>\n<meta name=\"robots\" content=\"index, follow, max-snippet:-1, max-image-preview:large, max-video-preview:-1\" \/>\n<link rel=\"canonical\" href=\"https:\/\/nordnesrepublikken.no\/index.php\/2025\/06\/28\/stesonn-av-fremtidig-konge-av-norge-arrestert-pa-23-siktelser-inkludert-3-voldtekter\/\" \/>\n<meta property=\"og:locale\" content=\"nb_NO\" \/>\n<meta property=\"og:type\" content=\"article\" \/>\n<meta property=\"og:title\" content=\"Stes\u00f8nn av fremtidig konge av Norge arrestert p\u00e5 23 siktelser inkludert 3 voldtekter - Nordnesrepublikken\" \/>\n<meta property=\"og:description\" content=\"Oslo -politiet har arrestert den eldste s\u00f8nnen til Norges kronprinsesse og stes\u00f8nn av den fremtidige\" \/>\n<meta property=\"og:url\" content=\"https:\/\/nordnesrepublikken.no\/index.php\/2025\/06\/28\/stesonn-av-fremtidig-konge-av-norge-arrestert-pa-23-siktelser-inkludert-3-voldtekter\/\" \/>\n<meta property=\"og:site_name\" content=\"Nordnesrepublikken\" \/>\n<meta property=\"article:published_time\" content=\"2025-06-28T15:50:09+00:00\" \/>\n<meta property=\"article:modified_time\" content=\"2025-06-28T15:50:12+00:00\" \/>\n<meta property=\"og:image\" content=\"https:\/\/nordnesrepublikken.no\/wp-content\/uploads\/2025\/06\/1751125810_Stesonn-av-fremtidig-konge-av-Norge-arrestert-pa-23-siktelser.jpeg\" \/>\n\t<meta property=\"og:image:width\" content=\"1200\" \/>\n\t<meta property=\"og:image:height\" content=\"889\" \/>\n\t<meta property=\"og:image:type\" content=\"image\/jpeg\" \/>\n<meta name=\"author\" content=\"Ole Andersen\" \/>\n<meta name=\"twitter:card\" content=\"summary_large_image\" \/>\n<meta name=\"twitter:label1\" content=\"Skrevet av\" \/>\n\t<meta name=\"twitter:data1\" content=\"Ole Andersen\" \/>\n\t<meta name=\"twitter:label2\" content=\"Ansl. lesetid\" \/>\n\t<meta name=\"twitter:data2\" content=\"2 minutter\" \/>\n<script type=\"application\/ld+json\" class=\"yoast-schema-graph\">{\"@context\":\"https:\/\/schema.org\",\"@graph\":[{\"@type\":\"Article\",\"@id\":\"https:\/\/nordnesrepublikken.no\/index.php\/2025\/06\/28\/stesonn-av-fremtidig-konge-av-norge-arrestert-pa-23-siktelser-inkludert-3-voldtekter\/#article\",\"isPartOf\":{\"@id\":\"https:\/\/nordnesrepublikken.no\/index.php\/2025\/06\/28\/stesonn-av-fremtidig-konge-av-norge-arrestert-pa-23-siktelser-inkludert-3-voldtekter\/\"},\"author\":{\"name\":\"Ole Andersen\",\"@id\":\"https:\/\/nordnesrepublikken.no\/#\/schema\/person\/2e7e81935bab77882fffb79296240ff1\"},\"headline\":\"Stes\u00f8nn av fremtidig konge av Norge arrestert p\u00e5 23 siktelser inkludert 3 voldtekter\",\"datePublished\":\"2025-06-28T15:50:09+00:00\",\"dateModified\":\"2025-06-28T15:50:12+00:00\",\"mainEntityOfPage\":{\"@id\":\"https:\/\/nordnesrepublikken.no\/index.php\/2025\/06\/28\/stesonn-av-fremtidig-konge-av-norge-arrestert-pa-23-siktelser-inkludert-3-voldtekter\/\"},\"wordCount\":409,\"publisher\":{\"@id\":\"https:\/\/nordnesrepublikken.no\/#organization\"},\"image\":{\"@id\":\"https:\/\/nordnesrepublikken.no\/index.php\/2025\/06\/28\/stesonn-av-fremtidig-konge-av-norge-arrestert-pa-23-siktelser-inkludert-3-voldtekter\/#primaryimage\"},\"thumbnailUrl\":\"https:\/\/nordnesrepublikken.no\/wp-content\/uploads\/2025\/06\/1751125810_Stesonn-av-fremtidig-konge-av-Norge-arrestert-pa-23-siktelser.jpeg\",\"keywords\":[\"arrestert\",\"fremtidig\",\"inkludert\",\"konge\",\"Norge\",\"p\u00e5\",\"siktelser\",\"Stes\u00f8nn\",\"voldtekter\"],\"articleSection\":[\"Nasjonal\"],\"inLanguage\":\"nb-NO\"},{\"@type\":\"WebPage\",\"@id\":\"https:\/\/nordnesrepublikken.no\/index.php\/2025\/06\/28\/stesonn-av-fremtidig-konge-av-norge-arrestert-pa-23-siktelser-inkludert-3-voldtekter\/\",\"url\":\"https:\/\/nordnesrepublikken.no\/index.php\/2025\/06\/28\/stesonn-av-fremtidig-konge-av-norge-arrestert-pa-23-siktelser-inkludert-3-voldtekter\/\",\"name\":\"Stes\u00f8nn av fremtidig konge av Norge arrestert p\u00e5 23 siktelser inkludert 3 voldtekter - Nordnesrepublikken\",\"isPartOf\":{\"@id\":\"https:\/\/nordnesrepublikken.no\/#website\"},\"primaryImageOfPage\":{\"@id\":\"https:\/\/nordnesrepublikken.no\/index.php\/2025\/06\/28\/stesonn-av-fremtidig-konge-av-norge-arrestert-pa-23-siktelser-inkludert-3-voldtekter\/#primaryimage\"},\"image\":{\"@id\":\"https:\/\/nordnesrepublikken.no\/index.php\/2025\/06\/28\/stesonn-av-fremtidig-konge-av-norge-arrestert-pa-23-siktelser-inkludert-3-voldtekter\/#primaryimage\"},\"thumbnailUrl\":\"https:\/\/nordnesrepublikken.no\/wp-content\/uploads\/2025\/06\/1751125810_Stesonn-av-fremtidig-konge-av-Norge-arrestert-pa-23-siktelser.jpeg\",\"datePublished\":\"2025-06-28T15:50:09+00:00\",\"dateModified\":\"2025-06-28T15:50:12+00:00\",\"breadcrumb\":{\"@id\":\"https:\/\/nordnesrepublikken.no\/index.php\/2025\/06\/28\/stesonn-av-fremtidig-konge-av-norge-arrestert-pa-23-siktelser-inkludert-3-voldtekter\/#breadcrumb\"},\"inLanguage\":\"nb-NO\",\"potentialAction\":[{\"@type\":\"ReadAction\",\"target\":[\"https:\/\/nordnesrepublikken.no\/index.php\/2025\/06\/28\/stesonn-av-fremtidig-konge-av-norge-arrestert-pa-23-siktelser-inkludert-3-voldtekter\/\"]}]},{\"@type\":\"ImageObject\",\"inLanguage\":\"nb-NO\",\"@id\":\"https:\/\/nordnesrepublikken.no\/index.php\/2025\/06\/28\/stesonn-av-fremtidig-konge-av-norge-arrestert-pa-23-siktelser-inkludert-3-voldtekter\/#primaryimage\",\"url\":\"https:\/\/nordnesrepublikken.no\/wp-content\/uploads\/2025\/06\/1751125810_Stesonn-av-fremtidig-konge-av-Norge-arrestert-pa-23-siktelser.jpeg\",\"contentUrl\":\"https:\/\/nordnesrepublikken.no\/wp-content\/uploads\/2025\/06\/1751125810_Stesonn-av-fremtidig-konge-av-Norge-arrestert-pa-23-siktelser.jpeg\",\"width\":1200,\"height\":889,\"caption\":\"Stes\u00f8nn av fremtidig konge av Norge arrestert p\u00e5 23 siktelser inkludert 3 voldtekter\"},{\"@type\":\"BreadcrumbList\",\"@id\":\"https:\/\/nordnesrepublikken.no\/index.php\/2025\/06\/28\/stesonn-av-fremtidig-konge-av-norge-arrestert-pa-23-siktelser-inkludert-3-voldtekter\/#breadcrumb\",\"itemListElement\":[{\"@type\":\"ListItem\",\"position\":1,\"name\":\"Home\",\"item\":\"https:\/\/nordnesrepublikken.no\/\"},{\"@type\":\"ListItem\",\"position\":2,\"name\":\"Stes\u00f8nn av fremtidig konge av Norge arrestert p\u00e5 23 siktelser inkludert 3 voldtekter\"}]},{\"@type\":\"WebSite\",\"@id\":\"https:\/\/nordnesrepublikken.no\/#website\",\"url\":\"https:\/\/nordnesrepublikken.no\/\",\"name\":\"Nordnesrepublikken\",\"description\":\"Stemmer og Visjoner fra Republikkens Hjerte\",\"publisher\":{\"@id\":\"https:\/\/nordnesrepublikken.no\/#organization\"},\"potentialAction\":[{\"@type\":\"SearchAction\",\"target\":{\"@type\":\"EntryPoint\",\"urlTemplate\":\"https:\/\/nordnesrepublikken.no\/?s={search_term_string}\"},\"query-input\":{\"@type\":\"PropertyValueSpecification\",\"valueRequired\":true,\"valueName\":\"search_term_string\"}}],\"inLanguage\":\"nb-NO\"},{\"@type\":\"Organization\",\"@id\":\"https:\/\/nordnesrepublikken.no\/#organization\",\"name\":\"Nordnesrepublikken\",\"url\":\"https:\/\/nordnesrepublikken.no\/\",\"logo\":{\"@type\":\"ImageObject\",\"inLanguage\":\"nb-NO\",\"@id\":\"https:\/\/nordnesrepublikken.no\/#\/schema\/logo\/image\/\",\"url\":\"https:\/\/nordnesrepublikken.no\/wp-content\/uploads\/2025\/02\/cropped-nordnesrepublikken-2.png\",\"contentUrl\":\"https:\/\/nordnesrepublikken.no\/wp-content\/uploads\/2025\/02\/cropped-nordnesrepublikken-2.png\",\"width\":1248,\"height\":362,\"caption\":\"Nordnesrepublikken\"},\"image\":{\"@id\":\"https:\/\/nordnesrepublikken.no\/#\/schema\/logo\/image\/\"}},{\"@type\":\"Person\",\"@id\":\"https:\/\/nordnesrepublikken.no\/#\/schema\/person\/2e7e81935bab77882fffb79296240ff1\",\"name\":\"Ole Andersen\",\"image\":{\"@type\":\"ImageObject\",\"inLanguage\":\"nb-NO\",\"@id\":\"https:\/\/nordnesrepublikken.no\/#\/schema\/person\/image\/\",\"url\":\"https:\/\/nordnesrepublikken.no\/wp-content\/uploads\/2025\/02\/nordnesrepublikken-2-2-150x150.jpg\",\"contentUrl\":\"https:\/\/nordnesrepublikken.no\/wp-content\/uploads\/2025\/02\/nordnesrepublikken-2-2-150x150.jpg\",\"caption\":\"Ole Andersen\"},\"description\":\"Ettersom jeg vokste opp i Oslo, har jeg alltid v\u00e6rt fascinert av ordenes kraft og deres evne til \u00e5 skape endringer. Etter \u00e5 ha fullf\u00f8rt min utdannelse i kommunikasjon ved Universitetet i Bergen, fikk jeg muligheten til \u00e5 jobbe innen ulike medier, der jeg har s\u00f8kt \u00e5 belyse viktige samfunnssp\u00f8rsm\u00e5l. I dag, som redakt\u00f8r for Nordnesrepublikken, pr\u00f8ver jeg \u00e5 forene min kj\u00e6rlighet for journalistikk med min lidenskap for innovasjon og eventyr.\",\"sameAs\":[\"https:\/\/nordnesrepublikken.no\/\"]}]}<\/script>\n<!-- \/ Yoast SEO plugin. -->","yoast_head_json":{"title":"Stes\u00f8nn av fremtidig konge av Norge arrestert p\u00e5 23 siktelser inkludert 3 voldtekter - Nordnesrepublikken","robots":{"index":"index","follow":"follow","max-snippet":"max-snippet:-1","max-image-preview":"max-image-preview:large","max-video-preview":"max-video-preview:-1"},"canonical":"https:\/\/nordnesrepublikken.no\/index.php\/2025\/06\/28\/stesonn-av-fremtidig-konge-av-norge-arrestert-pa-23-siktelser-inkludert-3-voldtekter\/","og_locale":"nb_NO","og_type":"article","og_title":"Stes\u00f8nn av fremtidig konge av Norge arrestert p\u00e5 23 siktelser inkludert 3 voldtekter - Nordnesrepublikken","og_description":"Oslo -politiet har arrestert den eldste s\u00f8nnen til Norges kronprinsesse og stes\u00f8nn av den fremtidige","og_url":"https:\/\/nordnesrepublikken.no\/index.php\/2025\/06\/28\/stesonn-av-fremtidig-konge-av-norge-arrestert-pa-23-siktelser-inkludert-3-voldtekter\/","og_site_name":"Nordnesrepublikken","article_published_time":"2025-06-28T15:50:09+00:00","article_modified_time":"2025-06-28T15:50:12+00:00","og_image":[{"width":1200,"height":889,"url":"https:\/\/nordnesrepublikken.no\/wp-content\/uploads\/2025\/06\/1751125810_Stesonn-av-fremtidig-konge-av-Norge-arrestert-pa-23-siktelser.jpeg","type":"image\/jpeg"}],"author":"Ole Andersen","twitter_card":"summary_large_image","twitter_misc":{"Skrevet av":"Ole Andersen","Ansl. lesetid":"2 minutter"},"schema":{"@context":"https:\/\/schema.org","@graph":[{"@type":"Article","@id":"https:\/\/nordnesrepublikken.no\/index.php\/2025\/06\/28\/stesonn-av-fremtidig-konge-av-norge-arrestert-pa-23-siktelser-inkludert-3-voldtekter\/#article","isPartOf":{"@id":"https:\/\/nordnesrepublikken.no\/index.php\/2025\/06\/28\/stesonn-av-fremtidig-konge-av-norge-arrestert-pa-23-siktelser-inkludert-3-voldtekter\/"},"author":{"name":"Ole Andersen","@id":"https:\/\/nordnesrepublikken.no\/#\/schema\/person\/2e7e81935bab77882fffb79296240ff1"},"headline":"Stes\u00f8nn av fremtidig konge av Norge arrestert p\u00e5 23 siktelser inkludert 3 voldtekter","datePublished":"2025-06-28T15:50:09+00:00","dateModified":"2025-06-28T15:50:12+00:00","mainEntityOfPage":{"@id":"https:\/\/nordnesrepublikken.no\/index.php\/2025\/06\/28\/stesonn-av-fremtidig-konge-av-norge-arrestert-pa-23-siktelser-inkludert-3-voldtekter\/"},"wordCount":409,"publisher":{"@id":"https:\/\/nordnesrepublikken.no\/#organization"},"image":{"@id":"https:\/\/nordnesrepublikken.no\/index.php\/2025\/06\/28\/stesonn-av-fremtidig-konge-av-norge-arrestert-pa-23-siktelser-inkludert-3-voldtekter\/#primaryimage"},"thumbnailUrl":"https:\/\/nordnesrepublikken.no\/wp-content\/uploads\/2025\/06\/1751125810_Stesonn-av-fremtidig-konge-av-Norge-arrestert-pa-23-siktelser.jpeg","keywords":["arrestert","fremtidig","inkludert","konge","Norge","p\u00e5","siktelser","Stes\u00f8nn","voldtekter"],"articleSection":["Nasjonal"],"inLanguage":"nb-NO"},{"@type":"WebPage","@id":"https:\/\/nordnesrepublikken.no\/index.php\/2025\/06\/28\/stesonn-av-fremtidig-konge-av-norge-arrestert-pa-23-siktelser-inkludert-3-voldtekter\/","url":"https:\/\/nordnesrepublikken.no\/index.php\/2025\/06\/28\/stesonn-av-fremtidig-konge-av-norge-arrestert-pa-23-siktelser-inkludert-3-voldtekter\/","name":"Stes\u00f8nn av fremtidig konge av Norge arrestert p\u00e5 23 siktelser inkludert 3 voldtekter - Nordnesrepublikken","isPartOf":{"@id":"https:\/\/nordnesrepublikken.no\/#website"},"primaryImageOfPage":{"@id":"https:\/\/nordnesrepublikken.no\/index.php\/2025\/06\/28\/stesonn-av-fremtidig-konge-av-norge-arrestert-pa-23-siktelser-inkludert-3-voldtekter\/#primaryimage"},"image":{"@id":"https:\/\/nordnesrepublikken.no\/index.php\/2025\/06\/28\/stesonn-av-fremtidig-konge-av-norge-arrestert-pa-23-siktelser-inkludert-3-voldtekter\/#primaryimage"},"thumbnailUrl":"https:\/\/nordnesrepublikken.no\/wp-content\/uploads\/2025\/06\/1751125810_Stesonn-av-fremtidig-konge-av-Norge-arrestert-pa-23-siktelser.jpeg","datePublished":"2025-06-28T15:50:09+00:00","dateModified":"2025-06-28T15:50:12+00:00","breadcrumb":{"@id":"https:\/\/nordnesrepublikken.no\/index.php\/2025\/06\/28\/stesonn-av-fremtidig-konge-av-norge-arrestert-pa-23-siktelser-inkludert-3-voldtekter\/#breadcrumb"},"inLanguage":"nb-NO","potentialAction":[{"@type":"ReadAction","target":["https:\/\/nordnesrepublikken.no\/index.php\/2025\/06\/28\/stesonn-av-fremtidig-konge-av-norge-arrestert-pa-23-siktelser-inkludert-3-voldtekter\/"]}]},{"@type":"ImageObject","inLanguage":"nb-NO","@id":"https:\/\/nordnesrepublikken.no\/index.php\/2025\/06\/28\/stesonn-av-fremtidig-konge-av-norge-arrestert-pa-23-siktelser-inkludert-3-voldtekter\/#primaryimage","url":"https:\/\/nordnesrepublikken.no\/wp-content\/uploads\/2025\/06\/1751125810_Stesonn-av-fremtidig-konge-av-Norge-arrestert-pa-23-siktelser.jpeg","contentUrl":"https:\/\/nordnesrepublikken.no\/wp-content\/uploads\/2025\/06\/1751125810_Stesonn-av-fremtidig-konge-av-Norge-arrestert-pa-23-siktelser.jpeg","width":1200,"height":889,"caption":"Stes\u00f8nn av fremtidig konge av Norge arrestert p\u00e5 23 siktelser inkludert 3 voldtekter"},{"@type":"BreadcrumbList","@id":"https:\/\/nordnesrepublikken.no\/index.php\/2025\/06\/28\/stesonn-av-fremtidig-konge-av-norge-arrestert-pa-23-siktelser-inkludert-3-voldtekter\/#breadcrumb","itemListElement":[{"@type":"ListItem","position":1,"name":"Home","item":"https:\/\/nordnesrepublikken.no\/"},{"@type":"ListItem","position":2,"name":"Stes\u00f8nn av fremtidig konge av Norge arrestert p\u00e5 23 siktelser inkludert 3 voldtekter"}]},{"@type":"WebSite","@id":"https:\/\/nordnesrepublikken.no\/#website","url":"https:\/\/nordnesrepublikken.no\/","name":"Nordnesrepublikken","description":"Stemmer og Visjoner fra Republikkens Hjerte","publisher":{"@id":"https:\/\/nordnesrepublikken.no\/#organization"},"potentialAction":[{"@type":"SearchAction","target":{"@type":"EntryPoint","urlTemplate":"https:\/\/nordnesrepublikken.no\/?s={search_term_string}"},"query-input":{"@type":"PropertyValueSpecification","valueRequired":true,"valueName":"search_term_string"}}],"inLanguage":"nb-NO"},{"@type":"Organization","@id":"https:\/\/nordnesrepublikken.no\/#organization","name":"Nordnesrepublikken","url":"https:\/\/nordnesrepublikken.no\/","logo":{"@type":"ImageObject","inLanguage":"nb-NO","@id":"https:\/\/nordnesrepublikken.no\/#\/schema\/logo\/image\/","url":"https:\/\/nordnesrepublikken.no\/wp-content\/uploads\/2025\/02\/cropped-nordnesrepublikken-2.png","contentUrl":"https:\/\/nordnesrepublikken.no\/wp-content\/uploads\/2025\/02\/cropped-nordnesrepublikken-2.png","width":1248,"height":362,"caption":"Nordnesrepublikken"},"image":{"@id":"https:\/\/nordnesrepublikken.no\/#\/schema\/logo\/image\/"}},{"@type":"Person","@id":"https:\/\/nordnesrepublikken.no\/#\/schema\/person\/2e7e81935bab77882fffb79296240ff1","name":"Ole Andersen","image":{"@type":"ImageObject","inLanguage":"nb-NO","@id":"https:\/\/nordnesrepublikken.no\/#\/schema\/person\/image\/","url":"https:\/\/nordnesrepublikken.no\/wp-content\/uploads\/2025\/02\/nordnesrepublikken-2-2-150x150.jpg","contentUrl":"https:\/\/nordnesrepublikken.no\/wp-content\/uploads\/2025\/02\/nordnesrepublikken-2-2-150x150.jpg","caption":"Ole Andersen"},"description":"Ettersom jeg vokste opp i Oslo, har jeg alltid v\u00e6rt fascinert av ordenes kraft og deres evne til \u00e5 skape endringer. Etter \u00e5 ha fullf\u00f8rt min utdannelse i kommunikasjon ved Universitetet i Bergen, fikk jeg muligheten til \u00e5 jobbe innen ulike medier, der jeg har s\u00f8kt \u00e5 belyse viktige samfunnssp\u00f8rsm\u00e5l. I dag, som redakt\u00f8r for Nordnesrepublikken, pr\u00f8ver jeg \u00e5 forene min kj\u00e6rlighet for journalistikk med min lidenskap for innovasjon og eventyr.","sameAs":["https:\/\/nordnesrepublikken.no\/"]}]}},"_links":{"self":[{"href":"https:\/\/nordnesrepublikken.no\/index.php\/wp-json\/wp\/v2\/posts\/6358","targetHints":{"allow":["GET"]}}],"collection":[{"href":"https:\/\/nordnesrepublikken.no\/index.php\/wp-json\/wp\/v2\/posts"}],"about":[{"href":"https:\/\/nordnesrepublikken.no\/index.php\/wp-json\/wp\/v2\/types\/post"}],"author":[{"embeddable":true,"href":"https:\/\/nordnesrepublikken.no\/index.php\/wp-json\/wp\/v2\/users\/1"}],"replies":[{"embeddable":true,"href":"https:\/\/nordnesrepublikken.no\/index.php\/wp-json\/wp\/v2\/comments?post=6358"}],"version-history":[{"count":1,"href":"https:\/\/nordnesrepublikken.no\/index.php\/wp-json\/wp\/v2\/posts\/6358\/revisions"}],"predecessor-version":[{"id":6360,"href":"https:\/\/nordnesrepublikken.no\/index.php\/wp-json\/wp\/v2\/posts\/6358\/revisions\/6360"}],"wp:featuredmedia":[{"embeddable":true,"href":"https:\/\/nordnesrepublikken.no\/index.php\/wp-json\/wp\/v2\/media\/6359"}],"wp:attachment":[{"href":"https:\/\/nordnesrepublikken.no\/index.php\/wp-json\/wp\/v2\/media?parent=6358"}],"wp:term":[{"taxonomy":"category","embeddable":true,"href":"https:\/\/nordnesrepublikken.no\/index.php\/wp-json\/wp\/v2\/categories?post=6358"},{"taxonomy":"post_tag","embeddable":true,"href":"https:\/\/nordnesrepublikken.no\/index.php\/wp-json\/wp\/v2\/tags?post=6358"}],"curies":[{"name":"wp","href":"https:\/\/api.w.org\/{rel}","templated":true}]}}