{"id":6349,"date":"2025-06-28T11:49:51","date_gmt":"2025-06-28T09:49:51","guid":{"rendered":"https:\/\/nordnesrepublikken.no\/index.php\/2025\/06\/28\/nord-korea-et-fremtidig-turistmal\/"},"modified":"2025-06-28T11:49:53","modified_gmt":"2025-06-28T09:49:53","slug":"nord-korea-et-fremtidig-turistmal","status":"publish","type":"post","link":"https:\/\/nordnesrepublikken.no\/index.php\/2025\/06\/28\/nord-korea-et-fremtidig-turistmal\/","title":{"rendered":"Nord -Korea: Et fremtidig turistm\u00e5l?"},"content":{"rendered":"<p><\/p>\n<div class=\"wordpress-content\">\n                    <!-- Article Start --><\/p>\n<p class=\"p1\"><b>I en sjelden visning av ambisjoner og optimisme har Nord -Korea avduket sitt mest betydningsfulle reiselivsprosjekt p\u00e5 flere ti\u00e5r: Wonsan Kalma Coastal Tourist Zone, et stort strandsted designet for \u00e5 f\u00e5 plass til opptil 20 000 gjester. Den viltvoksende utviklingen, som ligger p\u00e5 landets \u00f8stkyst, markerer det klareste signalet enn\u00e5 at Pyongyang ser alvorlig p\u00e5 \u00e5 bygge en post-pandemisk reiselivsn\u00e6ring<span class=\"Apple-converted-space\">  <\/span>Selv om begrensningene for de fleste internasjonale reisende forblir godt p\u00e5 plass.<\/b><\/p>\n<p class=\"p1\">Lanseringen av feriestedet 24. juni ble deltatt av &#8216;The Dear Leader&#8217; Kim Jong Un, hans kone Ri Sol-Ju, og datteren deres Kim Ju-Ae, i en h\u00f8yt publisert b\u00e5ndskj\u00e6ringsseremoni. Kim beskrev prosjektet som &laquo;en av de st\u00f8rste suksessene i \u00e5r&raquo; og et &laquo;stolt f\u00f8rste skritt&raquo; mot \u00e5 bygge en selvhjulpen reiselivs\u00f8konomi.<\/p>\n<p class=\"p1\">Wonsan Kalma Resort har kilometer ved stranden, nybygde h\u00f8ye hoteller, sportsdomstoler, prestasjonsteatre og badelapper komplett med lysbilder og sv\u00f8mmebassenger. Satellittbilder og offisielle fotografier antyder at byggingen i stor grad er fullf\u00f8rt, med fritidsanlegg klare til \u00e5 motta en tilstr\u00f8mning av innenlandske bes\u00f8kende.<\/p>\n<div class=\"sra_unit\"><link rel=\"stylesheet\" id=\"block-sra\" href=\"https:\/\/euroweeklynews.com\/wp-content\/plugins\/snack-related-articles\/dist\/css\/snack-related.min.css?250312-193541\" type=\"text\/css\" media=\"all\">\n<\/div>\n<p class=\"p1\">Til tross for omfanget av prosjektet, er tilgangen til feriestedet imidlertid ekstremt begrenset (skam, jeg gledet meg til opplevelsen). Fra og med 1. juli \u00e5pnes strandsonen utelukkende for nordkoreanske borgere, med n\u00f8ye utvalgte russiske turgrupper som forventes \u00e5 f\u00f8lge kort tid etter. Kinesiske turister, tradisjonelt et sentralt marked for Nord -Korea, har enn\u00e5 ikke f\u00e5tt tilgang, og vestlige reisende, s\u00e6rlig fra S\u00f8r -Korea og USA, er fortsatt sperret.<\/p>\n<p class=\"p1\">Analytikere sier at utviklingen gjenspeiler Kims strategiske sving mot turisme som en inntektskilde som stort sett er fri for internasjonale sanksjoner. I motsetning til sektorer som gruvedrift eller v\u00e5penproduksjon, er turisme en av f\u00e5 bransjer der Nord -Korea teknisk sett kan operere uten \u00e5 krenke FN -tiltak. Tilstedev\u00e6relsen av Russlands ambassad\u00f8r ved \u00e5pningsseremonien, og den planlagte ankomsten av russiske turister i begynnelsen av juli, antyder et utviklende forhold mellom de to landene. Med vestlig turisme utenfor bordet for n\u00e5, kan Pyongyang i \u00f8kende grad se til Moskva for \u00e5 hjelpe med \u00e5 starte det nye feriestedets levedyktighet.<\/p>\n<p class=\"p1\">Fortsatt forblir observat\u00f8rer skeptiske til prosjektets langsiktige utsikter. Infrastruktur forblir grunnleggende utenfor feriestedet, og storstilt utenlandsk turisme<span class=\"Apple-converted-space\">  <\/span>Selv fra Russland eller Kina ville kreve massive logistiske og diplomatiske endringer.<\/p>\n<p class=\"p1\">Inntil da vil solen, sanden og vannglassene til Wonsan Kalma forbli stort sett et showpiece som viser det Nord -Korea vil at verden skal se, men enn\u00e5 ikke klar til \u00e5 dele den fullt ut. Vel, Kim, du vet hva de sier: &#8216;Caring deler&#8217;.<\/p>\n<p>                    <!-- Article End --><\/p><\/div>\n","protected":false},"excerpt":{"rendered":"<p>I en sjelden visning av ambisjoner og optimisme har Nord -Korea avduket sitt mest betydningsfulle<\/p>\n","protected":false},"author":1,"featured_media":6350,"comment_status":"closed","ping_status":"open","sticky":false,"template":"","format":"standard","meta":{"footnotes":""},"categories":[105],"tags":[4032,773,1250,4033],"class_list":["post-6349","post","type-post","status-publish","format-standard","has-post-thumbnail","hentry","category-livsstil","tag-fremtidig","tag-korea","tag-nord","tag-turistmal","generate-columns","tablet-grid-50","mobile-grid-100","grid-parent","grid-33","resize-featured-image"],"yoast_head":"<!-- This site is optimized with the Yoast SEO plugin v24.4 - https:\/\/yoast.com\/wordpress\/plugins\/seo\/ -->\n<title>Nord -Korea: Et fremtidig turistm\u00e5l? - Nordnesrepublikken<\/title>\n<meta name=\"robots\" content=\"index, follow, max-snippet:-1, max-image-preview:large, max-video-preview:-1\" \/>\n<link rel=\"canonical\" href=\"https:\/\/nordnesrepublikken.no\/index.php\/2025\/06\/28\/nord-korea-et-fremtidig-turistmal\/\" \/>\n<meta property=\"og:locale\" content=\"nb_NO\" \/>\n<meta property=\"og:type\" content=\"article\" \/>\n<meta property=\"og:title\" content=\"Nord -Korea: Et fremtidig turistm\u00e5l? - Nordnesrepublikken\" \/>\n<meta property=\"og:description\" content=\"I en sjelden visning av ambisjoner og optimisme har Nord -Korea avduket sitt mest betydningsfulle\" \/>\n<meta property=\"og:url\" content=\"https:\/\/nordnesrepublikken.no\/index.php\/2025\/06\/28\/nord-korea-et-fremtidig-turistmal\/\" \/>\n<meta property=\"og:site_name\" content=\"Nordnesrepublikken\" \/>\n<meta property=\"article:published_time\" content=\"2025-06-28T09:49:51+00:00\" \/>\n<meta property=\"article:modified_time\" content=\"2025-06-28T09:49:53+00:00\" \/>\n<meta property=\"og:image\" content=\"https:\/\/nordnesrepublikken.no\/wp-content\/uploads\/2025\/06\/1751104192_Nord-Korea-Et-fremtidig-turistmal.jpeg\" \/>\n\t<meta property=\"og:image:width\" content=\"1200\" \/>\n\t<meta property=\"og:image:height\" content=\"796\" \/>\n\t<meta property=\"og:image:type\" content=\"image\/jpeg\" \/>\n<meta name=\"author\" content=\"Ole Andersen\" \/>\n<meta name=\"twitter:card\" content=\"summary_large_image\" \/>\n<meta name=\"twitter:label1\" content=\"Skrevet av\" \/>\n\t<meta name=\"twitter:data1\" content=\"Ole Andersen\" \/>\n\t<meta name=\"twitter:label2\" content=\"Ansl. lesetid\" \/>\n\t<meta name=\"twitter:data2\" content=\"2 minutter\" \/>\n<script type=\"application\/ld+json\" class=\"yoast-schema-graph\">{\"@context\":\"https:\/\/schema.org\",\"@graph\":[{\"@type\":\"Article\",\"@id\":\"https:\/\/nordnesrepublikken.no\/index.php\/2025\/06\/28\/nord-korea-et-fremtidig-turistmal\/#article\",\"isPartOf\":{\"@id\":\"https:\/\/nordnesrepublikken.no\/index.php\/2025\/06\/28\/nord-korea-et-fremtidig-turistmal\/\"},\"author\":{\"name\":\"Ole Andersen\",\"@id\":\"https:\/\/nordnesrepublikken.no\/#\/schema\/person\/2e7e81935bab77882fffb79296240ff1\"},\"headline\":\"Nord -Korea: Et fremtidig turistm\u00e5l?\",\"datePublished\":\"2025-06-28T09:49:51+00:00\",\"dateModified\":\"2025-06-28T09:49:53+00:00\",\"mainEntityOfPage\":{\"@id\":\"https:\/\/nordnesrepublikken.no\/index.php\/2025\/06\/28\/nord-korea-et-fremtidig-turistmal\/\"},\"wordCount\":417,\"publisher\":{\"@id\":\"https:\/\/nordnesrepublikken.no\/#organization\"},\"image\":{\"@id\":\"https:\/\/nordnesrepublikken.no\/index.php\/2025\/06\/28\/nord-korea-et-fremtidig-turistmal\/#primaryimage\"},\"thumbnailUrl\":\"https:\/\/nordnesrepublikken.no\/wp-content\/uploads\/2025\/06\/1751104192_Nord-Korea-Et-fremtidig-turistmal.jpeg\",\"keywords\":[\"fremtidig\",\"Korea\",\"Nord\",\"turistm\u00e5l\"],\"articleSection\":[\"Livsstil\"],\"inLanguage\":\"nb-NO\"},{\"@type\":\"WebPage\",\"@id\":\"https:\/\/nordnesrepublikken.no\/index.php\/2025\/06\/28\/nord-korea-et-fremtidig-turistmal\/\",\"url\":\"https:\/\/nordnesrepublikken.no\/index.php\/2025\/06\/28\/nord-korea-et-fremtidig-turistmal\/\",\"name\":\"Nord -Korea: Et fremtidig turistm\u00e5l? - Nordnesrepublikken\",\"isPartOf\":{\"@id\":\"https:\/\/nordnesrepublikken.no\/#website\"},\"primaryImageOfPage\":{\"@id\":\"https:\/\/nordnesrepublikken.no\/index.php\/2025\/06\/28\/nord-korea-et-fremtidig-turistmal\/#primaryimage\"},\"image\":{\"@id\":\"https:\/\/nordnesrepublikken.no\/index.php\/2025\/06\/28\/nord-korea-et-fremtidig-turistmal\/#primaryimage\"},\"thumbnailUrl\":\"https:\/\/nordnesrepublikken.no\/wp-content\/uploads\/2025\/06\/1751104192_Nord-Korea-Et-fremtidig-turistmal.jpeg\",\"datePublished\":\"2025-06-28T09:49:51+00:00\",\"dateModified\":\"2025-06-28T09:49:53+00:00\",\"breadcrumb\":{\"@id\":\"https:\/\/nordnesrepublikken.no\/index.php\/2025\/06\/28\/nord-korea-et-fremtidig-turistmal\/#breadcrumb\"},\"inLanguage\":\"nb-NO\",\"potentialAction\":[{\"@type\":\"ReadAction\",\"target\":[\"https:\/\/nordnesrepublikken.no\/index.php\/2025\/06\/28\/nord-korea-et-fremtidig-turistmal\/\"]}]},{\"@type\":\"ImageObject\",\"inLanguage\":\"nb-NO\",\"@id\":\"https:\/\/nordnesrepublikken.no\/index.php\/2025\/06\/28\/nord-korea-et-fremtidig-turistmal\/#primaryimage\",\"url\":\"https:\/\/nordnesrepublikken.no\/wp-content\/uploads\/2025\/06\/1751104192_Nord-Korea-Et-fremtidig-turistmal.jpeg\",\"contentUrl\":\"https:\/\/nordnesrepublikken.no\/wp-content\/uploads\/2025\/06\/1751104192_Nord-Korea-Et-fremtidig-turistmal.jpeg\",\"width\":1200,\"height\":796,\"caption\":\"Nord -Korea: Et fremtidig turistm\u00e5l?\"},{\"@type\":\"BreadcrumbList\",\"@id\":\"https:\/\/nordnesrepublikken.no\/index.php\/2025\/06\/28\/nord-korea-et-fremtidig-turistmal\/#breadcrumb\",\"itemListElement\":[{\"@type\":\"ListItem\",\"position\":1,\"name\":\"Home\",\"item\":\"https:\/\/nordnesrepublikken.no\/\"},{\"@type\":\"ListItem\",\"position\":2,\"name\":\"Nord -Korea: Et fremtidig turistm\u00e5l?\"}]},{\"@type\":\"WebSite\",\"@id\":\"https:\/\/nordnesrepublikken.no\/#website\",\"url\":\"https:\/\/nordnesrepublikken.no\/\",\"name\":\"Nordnesrepublikken\",\"description\":\"Stemmer og Visjoner fra Republikkens Hjerte\",\"publisher\":{\"@id\":\"https:\/\/nordnesrepublikken.no\/#organization\"},\"potentialAction\":[{\"@type\":\"SearchAction\",\"target\":{\"@type\":\"EntryPoint\",\"urlTemplate\":\"https:\/\/nordnesrepublikken.no\/?s={search_term_string}\"},\"query-input\":{\"@type\":\"PropertyValueSpecification\",\"valueRequired\":true,\"valueName\":\"search_term_string\"}}],\"inLanguage\":\"nb-NO\"},{\"@type\":\"Organization\",\"@id\":\"https:\/\/nordnesrepublikken.no\/#organization\",\"name\":\"Nordnesrepublikken\",\"url\":\"https:\/\/nordnesrepublikken.no\/\",\"logo\":{\"@type\":\"ImageObject\",\"inLanguage\":\"nb-NO\",\"@id\":\"https:\/\/nordnesrepublikken.no\/#\/schema\/logo\/image\/\",\"url\":\"https:\/\/nordnesrepublikken.no\/wp-content\/uploads\/2025\/02\/cropped-nordnesrepublikken-2.png\",\"contentUrl\":\"https:\/\/nordnesrepublikken.no\/wp-content\/uploads\/2025\/02\/cropped-nordnesrepublikken-2.png\",\"width\":1248,\"height\":362,\"caption\":\"Nordnesrepublikken\"},\"image\":{\"@id\":\"https:\/\/nordnesrepublikken.no\/#\/schema\/logo\/image\/\"}},{\"@type\":\"Person\",\"@id\":\"https:\/\/nordnesrepublikken.no\/#\/schema\/person\/2e7e81935bab77882fffb79296240ff1\",\"name\":\"Ole Andersen\",\"image\":{\"@type\":\"ImageObject\",\"inLanguage\":\"nb-NO\",\"@id\":\"https:\/\/nordnesrepublikken.no\/#\/schema\/person\/image\/\",\"url\":\"https:\/\/nordnesrepublikken.no\/wp-content\/uploads\/2025\/02\/nordnesrepublikken-2-2-150x150.jpg\",\"contentUrl\":\"https:\/\/nordnesrepublikken.no\/wp-content\/uploads\/2025\/02\/nordnesrepublikken-2-2-150x150.jpg\",\"caption\":\"Ole Andersen\"},\"description\":\"Ettersom jeg vokste opp i Oslo, har jeg alltid v\u00e6rt fascinert av ordenes kraft og deres evne til \u00e5 skape endringer. Etter \u00e5 ha fullf\u00f8rt min utdannelse i kommunikasjon ved Universitetet i Bergen, fikk jeg muligheten til \u00e5 jobbe innen ulike medier, der jeg har s\u00f8kt \u00e5 belyse viktige samfunnssp\u00f8rsm\u00e5l. I dag, som redakt\u00f8r for Nordnesrepublikken, pr\u00f8ver jeg \u00e5 forene min kj\u00e6rlighet for journalistikk med min lidenskap for innovasjon og eventyr.\",\"sameAs\":[\"https:\/\/nordnesrepublikken.no\/\"]}]}<\/script>\n<!-- \/ Yoast SEO plugin. -->","yoast_head_json":{"title":"Nord -Korea: Et fremtidig turistm\u00e5l? - Nordnesrepublikken","robots":{"index":"index","follow":"follow","max-snippet":"max-snippet:-1","max-image-preview":"max-image-preview:large","max-video-preview":"max-video-preview:-1"},"canonical":"https:\/\/nordnesrepublikken.no\/index.php\/2025\/06\/28\/nord-korea-et-fremtidig-turistmal\/","og_locale":"nb_NO","og_type":"article","og_title":"Nord -Korea: Et fremtidig turistm\u00e5l? - Nordnesrepublikken","og_description":"I en sjelden visning av ambisjoner og optimisme har Nord -Korea avduket sitt mest betydningsfulle","og_url":"https:\/\/nordnesrepublikken.no\/index.php\/2025\/06\/28\/nord-korea-et-fremtidig-turistmal\/","og_site_name":"Nordnesrepublikken","article_published_time":"2025-06-28T09:49:51+00:00","article_modified_time":"2025-06-28T09:49:53+00:00","og_image":[{"width":1200,"height":796,"url":"https:\/\/nordnesrepublikken.no\/wp-content\/uploads\/2025\/06\/1751104192_Nord-Korea-Et-fremtidig-turistmal.jpeg","type":"image\/jpeg"}],"author":"Ole Andersen","twitter_card":"summary_large_image","twitter_misc":{"Skrevet av":"Ole Andersen","Ansl. lesetid":"2 minutter"},"schema":{"@context":"https:\/\/schema.org","@graph":[{"@type":"Article","@id":"https:\/\/nordnesrepublikken.no\/index.php\/2025\/06\/28\/nord-korea-et-fremtidig-turistmal\/#article","isPartOf":{"@id":"https:\/\/nordnesrepublikken.no\/index.php\/2025\/06\/28\/nord-korea-et-fremtidig-turistmal\/"},"author":{"name":"Ole Andersen","@id":"https:\/\/nordnesrepublikken.no\/#\/schema\/person\/2e7e81935bab77882fffb79296240ff1"},"headline":"Nord -Korea: Et fremtidig turistm\u00e5l?","datePublished":"2025-06-28T09:49:51+00:00","dateModified":"2025-06-28T09:49:53+00:00","mainEntityOfPage":{"@id":"https:\/\/nordnesrepublikken.no\/index.php\/2025\/06\/28\/nord-korea-et-fremtidig-turistmal\/"},"wordCount":417,"publisher":{"@id":"https:\/\/nordnesrepublikken.no\/#organization"},"image":{"@id":"https:\/\/nordnesrepublikken.no\/index.php\/2025\/06\/28\/nord-korea-et-fremtidig-turistmal\/#primaryimage"},"thumbnailUrl":"https:\/\/nordnesrepublikken.no\/wp-content\/uploads\/2025\/06\/1751104192_Nord-Korea-Et-fremtidig-turistmal.jpeg","keywords":["fremtidig","Korea","Nord","turistm\u00e5l"],"articleSection":["Livsstil"],"inLanguage":"nb-NO"},{"@type":"WebPage","@id":"https:\/\/nordnesrepublikken.no\/index.php\/2025\/06\/28\/nord-korea-et-fremtidig-turistmal\/","url":"https:\/\/nordnesrepublikken.no\/index.php\/2025\/06\/28\/nord-korea-et-fremtidig-turistmal\/","name":"Nord -Korea: Et fremtidig turistm\u00e5l? - Nordnesrepublikken","isPartOf":{"@id":"https:\/\/nordnesrepublikken.no\/#website"},"primaryImageOfPage":{"@id":"https:\/\/nordnesrepublikken.no\/index.php\/2025\/06\/28\/nord-korea-et-fremtidig-turistmal\/#primaryimage"},"image":{"@id":"https:\/\/nordnesrepublikken.no\/index.php\/2025\/06\/28\/nord-korea-et-fremtidig-turistmal\/#primaryimage"},"thumbnailUrl":"https:\/\/nordnesrepublikken.no\/wp-content\/uploads\/2025\/06\/1751104192_Nord-Korea-Et-fremtidig-turistmal.jpeg","datePublished":"2025-06-28T09:49:51+00:00","dateModified":"2025-06-28T09:49:53+00:00","breadcrumb":{"@id":"https:\/\/nordnesrepublikken.no\/index.php\/2025\/06\/28\/nord-korea-et-fremtidig-turistmal\/#breadcrumb"},"inLanguage":"nb-NO","potentialAction":[{"@type":"ReadAction","target":["https:\/\/nordnesrepublikken.no\/index.php\/2025\/06\/28\/nord-korea-et-fremtidig-turistmal\/"]}]},{"@type":"ImageObject","inLanguage":"nb-NO","@id":"https:\/\/nordnesrepublikken.no\/index.php\/2025\/06\/28\/nord-korea-et-fremtidig-turistmal\/#primaryimage","url":"https:\/\/nordnesrepublikken.no\/wp-content\/uploads\/2025\/06\/1751104192_Nord-Korea-Et-fremtidig-turistmal.jpeg","contentUrl":"https:\/\/nordnesrepublikken.no\/wp-content\/uploads\/2025\/06\/1751104192_Nord-Korea-Et-fremtidig-turistmal.jpeg","width":1200,"height":796,"caption":"Nord -Korea: Et fremtidig turistm\u00e5l?"},{"@type":"BreadcrumbList","@id":"https:\/\/nordnesrepublikken.no\/index.php\/2025\/06\/28\/nord-korea-et-fremtidig-turistmal\/#breadcrumb","itemListElement":[{"@type":"ListItem","position":1,"name":"Home","item":"https:\/\/nordnesrepublikken.no\/"},{"@type":"ListItem","position":2,"name":"Nord -Korea: Et fremtidig turistm\u00e5l?"}]},{"@type":"WebSite","@id":"https:\/\/nordnesrepublikken.no\/#website","url":"https:\/\/nordnesrepublikken.no\/","name":"Nordnesrepublikken","description":"Stemmer og Visjoner fra Republikkens Hjerte","publisher":{"@id":"https:\/\/nordnesrepublikken.no\/#organization"},"potentialAction":[{"@type":"SearchAction","target":{"@type":"EntryPoint","urlTemplate":"https:\/\/nordnesrepublikken.no\/?s={search_term_string}"},"query-input":{"@type":"PropertyValueSpecification","valueRequired":true,"valueName":"search_term_string"}}],"inLanguage":"nb-NO"},{"@type":"Organization","@id":"https:\/\/nordnesrepublikken.no\/#organization","name":"Nordnesrepublikken","url":"https:\/\/nordnesrepublikken.no\/","logo":{"@type":"ImageObject","inLanguage":"nb-NO","@id":"https:\/\/nordnesrepublikken.no\/#\/schema\/logo\/image\/","url":"https:\/\/nordnesrepublikken.no\/wp-content\/uploads\/2025\/02\/cropped-nordnesrepublikken-2.png","contentUrl":"https:\/\/nordnesrepublikken.no\/wp-content\/uploads\/2025\/02\/cropped-nordnesrepublikken-2.png","width":1248,"height":362,"caption":"Nordnesrepublikken"},"image":{"@id":"https:\/\/nordnesrepublikken.no\/#\/schema\/logo\/image\/"}},{"@type":"Person","@id":"https:\/\/nordnesrepublikken.no\/#\/schema\/person\/2e7e81935bab77882fffb79296240ff1","name":"Ole Andersen","image":{"@type":"ImageObject","inLanguage":"nb-NO","@id":"https:\/\/nordnesrepublikken.no\/#\/schema\/person\/image\/","url":"https:\/\/nordnesrepublikken.no\/wp-content\/uploads\/2025\/02\/nordnesrepublikken-2-2-150x150.jpg","contentUrl":"https:\/\/nordnesrepublikken.no\/wp-content\/uploads\/2025\/02\/nordnesrepublikken-2-2-150x150.jpg","caption":"Ole Andersen"},"description":"Ettersom jeg vokste opp i Oslo, har jeg alltid v\u00e6rt fascinert av ordenes kraft og deres evne til \u00e5 skape endringer. Etter \u00e5 ha fullf\u00f8rt min utdannelse i kommunikasjon ved Universitetet i Bergen, fikk jeg muligheten til \u00e5 jobbe innen ulike medier, der jeg har s\u00f8kt \u00e5 belyse viktige samfunnssp\u00f8rsm\u00e5l. I dag, som redakt\u00f8r for Nordnesrepublikken, pr\u00f8ver jeg \u00e5 forene min kj\u00e6rlighet for journalistikk med min lidenskap for innovasjon og eventyr.","sameAs":["https:\/\/nordnesrepublikken.no\/"]}]}},"_links":{"self":[{"href":"https:\/\/nordnesrepublikken.no\/index.php\/wp-json\/wp\/v2\/posts\/6349","targetHints":{"allow":["GET"]}}],"collection":[{"href":"https:\/\/nordnesrepublikken.no\/index.php\/wp-json\/wp\/v2\/posts"}],"about":[{"href":"https:\/\/nordnesrepublikken.no\/index.php\/wp-json\/wp\/v2\/types\/post"}],"author":[{"embeddable":true,"href":"https:\/\/nordnesrepublikken.no\/index.php\/wp-json\/wp\/v2\/users\/1"}],"replies":[{"embeddable":true,"href":"https:\/\/nordnesrepublikken.no\/index.php\/wp-json\/wp\/v2\/comments?post=6349"}],"version-history":[{"count":1,"href":"https:\/\/nordnesrepublikken.no\/index.php\/wp-json\/wp\/v2\/posts\/6349\/revisions"}],"predecessor-version":[{"id":6351,"href":"https:\/\/nordnesrepublikken.no\/index.php\/wp-json\/wp\/v2\/posts\/6349\/revisions\/6351"}],"wp:featuredmedia":[{"embeddable":true,"href":"https:\/\/nordnesrepublikken.no\/index.php\/wp-json\/wp\/v2\/media\/6350"}],"wp:attachment":[{"href":"https:\/\/nordnesrepublikken.no\/index.php\/wp-json\/wp\/v2\/media?parent=6349"}],"wp:term":[{"taxonomy":"category","embeddable":true,"href":"https:\/\/nordnesrepublikken.no\/index.php\/wp-json\/wp\/v2\/categories?post=6349"},{"taxonomy":"post_tag","embeddable":true,"href":"https:\/\/nordnesrepublikken.no\/index.php\/wp-json\/wp\/v2\/tags?post=6349"}],"curies":[{"name":"wp","href":"https:\/\/api.w.org\/{rel}","templated":true}]}}