{"id":6346,"date":"2025-06-28T07:49:53","date_gmt":"2025-06-28T05:49:53","guid":{"rendered":"https:\/\/nordnesrepublikken.no\/index.php\/2025\/06\/28\/fordi-avslutningen-av-hormuz-sundet-av-iran-kan-skade-den-globale-okonomien\/"},"modified":"2025-06-28T07:50:00","modified_gmt":"2025-06-28T05:50:00","slug":"fordi-avslutningen-av-hormuz-sundet-av-iran-kan-skade-den-globale-okonomien","status":"publish","type":"post","link":"https:\/\/nordnesrepublikken.no\/index.php\/2025\/06\/28\/fordi-avslutningen-av-hormuz-sundet-av-iran-kan-skade-den-globale-okonomien\/","title":{"rendered":"Fordi avslutningen av Hormuz -sundet av Iran kan skade den globale \u00f8konomien"},"content":{"rendered":"<div>\n<div class=\"cp_wrapper cp_wrapper--fw mb-30 mb-20@tablet\">\n<figure class=\"mm\"><picture class=\"img\" style=\"padding-top:56.25%\"><source  media=\"(min-width: 1024px)\"><source  media=\"(min-width: 768px)\"><\/source><\/source><\/picture><\/figure>\n<\/p><\/div>\n<p>Etter <strong>12 dager med \u00e5pen krig mellom Iran og Israel<\/strong>den amerikanske bombingen av s\u00f8ndag 22. juni av de 3 stedene i det iranske atomprogrammet for Fordo, Natanz og Isfahan ser ut til \u00e5 ha fremskyndet en avtale for opph\u00f8rte. Fra <strong>Tirsdag 24. juni er en skj\u00f8r v\u00e5penhvile i kraft<\/strong> Mellom Tel Aviv og Teheran. Mens de israelske og amerikanske etterretningstjenestene og det internasjonale byr\u00e5et for atomenergi pr\u00f8ver \u00e5 forst\u00e5 omfanget av skaden som Iran -atomprogrammet har p\u00e5f\u00f8rt, har de internasjonale markedene allerede pustet lettet ut. I det minste for \u00f8yeblikket, faktisk,<strong> Truet muligheten for at Teheran lukker Hormuz -sundet<\/strong> (Kontrollert nettopp av Iran) som en gjengjeldelse for de israelske angrepene som begynte natt til 13. juni. En mulig nedleggelse av Hormuz -sundet ville p\u00e5virke importerte oljepriser (20% av verdensolje som videref\u00f8rer) som Europa og asiatiske \u00f8konomier er avhengige av.<\/p>\n<h2>Hva er Hormuz -stredet og hva dette strategiske krysset er for<\/h2>\n<p>De <strong>Sund av Hormuz<\/strong>ligger mellom Oman og Iran,<strong> Koble den persiske gulfen til Oman -bukten<\/strong>. I sitt punkt med mindre bredde er kysten av de to landene atskilt fra en strekning av bare 34 kilometer. Hele nordkysten av den persiske gulfen tilh\u00f8rer Iran, mens det p\u00e5 den andre siden er land som Kuwait, Saudi -Arabia, Bahrain, Qatar og Oman. Fra denne sundet g\u00e5r de gjennom <strong>Cirka 20 millioner fat passerer hver dag<\/strong>nemlig et femtedel av verdens oljetilbud (spesielt det fra Saudi -Arabia, De forente arabiske emirater, Kuwait, Qatar, Irak og Iran), og mer enn <strong>En tidel av gassen i sin flytende form<\/strong>frosset og la deretter ut i havnene i Qatar, Saudi -Arabia og Iran. Gitt passering av hundrevis av skip hver dag, er Hormuz -sundet organisert i <strong>Navigasjonsfelt regulert av et trafikkseparasjonsordning<\/strong> For \u00e5 unng\u00e5 kollisjoner mellom b\u00e5ter. Hver bane, en ved inngangen og en ut av sundet, er 3 kilometer bred.<\/p>\n<div class=\"cp_wrapper cp_wrapper--fw mb-50\">\n<figure class=\"mm\"><picture class=\"img\" style=\"padding-top:66.666666666667%\"><source  media=\"(min-width: 1024px)\"><source  media=\"(min-width: 768px)\"><img decoding=\"async\" loading=\"lazy\" src=\"https:\/\/nordnesrepublikken.no\/wp-content\/uploads\/2025\/06\/1751089793_878_Fordi-avslutningen-av-Hormuz-sundet-av-Iran-kan-skade-den.jpg\" alt=\"Sund av Hormuz\" width=\"1254\" height=\"836\"><\/source><\/source><\/picture><\/figure>\n<\/p><\/div>\n<h2>Hva nedleggelsen av Hormuz -sundet ville inneb\u00e6re for Europa<\/h2>\n<p>En mulig nedleggelse av sundet, til og med delvis, ville ha umiddelbare konsekvenser p\u00e5 oljeprisen i finansmarkedene. Noen analytikere har beregnet at en mulig iransk gjengjeldelse vil f\u00f8re til en \u00f8kning i prisen p\u00e5 20 dollar per fat i l\u00f8pet av noen uker, og n\u00e5r en <strong>Pris p\u00e5 100 dollar per fat innen utgangen av 2025<\/strong> (I dag, 25. juni, svinger prisen rundt $ 70). Dette scenariet skremmer ikke bare Europa, som etter begynnelsen av krigen i Ukraina har pr\u00f8vd \u00e5 frigj\u00f8re seg fra sin historiske energiavhengighet overfor Russland ved \u00e5 velge Gulf -landene som nye leverand\u00f8rer (for \u00f8yeblikket <strong>EU kj\u00f8per rundt 400 000 fat per dag<\/strong> passerer gjennom Hormuz -ruten).<\/p>\n<h2>Bekymringen for asiatiske \u00f8konomier<\/h2>\n<p>En stor bruk vil hovedsakelig komme for \u00f8konomier i veldig sterk akselerasjon av <strong>Asiatiske land<\/strong>som er <strong>Mer avhengig av oljen importert av Gulf -statene<\/strong>. For eksempel<strong>India<\/strong> I de tre f\u00f8rste m\u00e5nedene av 2025 importerte han <strong>Hver dag gjennom de smale 2,1 millioner fat, mens S\u00f8r -Korea 1,7 millioner<\/strong>. Spesielt vil en blokk eller begrensning av eksport ha sv\u00e6rt alvorlige konsekvenser for <strong>Kina, som kj\u00f8per 90% av den iranske str\u00e5leeksporten<\/strong> Under straffer og i flere m\u00e5neder har han kjempet med en vekst av BNP under forventningene til det kinesiske kommunistpartiet. I f\u00f8lge estimater, i de tre f\u00f8rste m\u00e5nedene av 2025 <strong>Beijing kj\u00f8pte nesten 5 og en halv million fat per dag fra Iran<\/strong>det vil si en fjerdedel av totalen som g\u00e5r daglig for sundet. Ogs\u00e5 av denne grunn er noen analytikere skeptiske til at Iran virkelig ville v\u00e6re villige til \u00e5 blokkere trafikk i den persiske gulfen, gitt at dette tiltaket ville skade en av f\u00e5 l\u00f8nnsomme sektorer i \u00f8konomien. Et slag som landet i likviditetskrise i \u00e5revis ikke har klart \u00e5 realisere seg selv. Som Matteo Villa, senioranalytiker og direkt\u00f8r Datalab Di IPRA (Institute for International Political Studies), sa i et nylig intervju med Matteo Villa), <strong>Dette ville v\u00e6re en &laquo;selvmord&raquo; avgj\u00f8relse<\/strong> Hvorfor &laquo;<em>\u00c5 stenge Hormuz ville bety \u00e5 utsette seg selv ved stenging, noe som vil v\u00e6re \u00f8deleggende for et land som Iran som avhenger av eksporten av denne saken i utlandet. Men det vil ogs\u00e5 si \u00e5 for\u00e5rsake en veldig sterk lavkonjunktur i verden, og treffe tilfeldig. P\u00e5 denne m\u00e5ten ville faktisk ikke USA bli rammet, men og fremfor alle de n\u00e5v\u00e6rende sterke oljeimport\u00f8rene som er i verden, inkludert Kina og Europa<\/em>\u00bb.<\/p>\n<\/p><\/div>\n","protected":false},"excerpt":{"rendered":"<p>Etter 12 dager med \u00e5pen krig mellom Iran og Israelden amerikanske bombingen av s\u00f8ndag 22.<\/p>\n","protected":false},"author":1,"featured_media":6347,"comment_status":"closed","ping_status":"open","sticky":false,"template":"","format":"standard","meta":{"footnotes":""},"categories":[23],"tags":[4029,74,83,367,4030,3519,339,368,143,4031],"class_list":["post-6346","post","type-post","status-publish","format-standard","has-post-thumbnail","hentry","category-politikk","tag-avslutningen","tag-den","tag-fordi","tag-globale","tag-hormuz","tag-iran","tag-kan","tag-okonomien","tag-skade","tag-sundet","generate-columns","tablet-grid-50","mobile-grid-100","grid-parent","grid-33","resize-featured-image"],"yoast_head":"<!-- This site is optimized with the Yoast SEO plugin v24.4 - https:\/\/yoast.com\/wordpress\/plugins\/seo\/ -->\n<title>Fordi avslutningen av Hormuz -sundet av Iran kan skade den globale \u00f8konomien - Nordnesrepublikken<\/title>\n<meta name=\"robots\" content=\"index, follow, max-snippet:-1, max-image-preview:large, max-video-preview:-1\" \/>\n<link rel=\"canonical\" href=\"https:\/\/nordnesrepublikken.no\/index.php\/2025\/06\/28\/fordi-avslutningen-av-hormuz-sundet-av-iran-kan-skade-den-globale-okonomien\/\" \/>\n<meta property=\"og:locale\" content=\"nb_NO\" \/>\n<meta property=\"og:type\" content=\"article\" \/>\n<meta property=\"og:title\" content=\"Fordi avslutningen av Hormuz -sundet av Iran kan skade den globale \u00f8konomien - Nordnesrepublikken\" \/>\n<meta property=\"og:description\" content=\"Etter 12 dager med \u00e5pen krig mellom Iran og Israelden amerikanske bombingen av s\u00f8ndag 22.\" \/>\n<meta property=\"og:url\" content=\"https:\/\/nordnesrepublikken.no\/index.php\/2025\/06\/28\/fordi-avslutningen-av-hormuz-sundet-av-iran-kan-skade-den-globale-okonomien\/\" \/>\n<meta property=\"og:site_name\" content=\"Nordnesrepublikken\" \/>\n<meta property=\"article:published_time\" content=\"2025-06-28T05:49:53+00:00\" \/>\n<meta property=\"article:modified_time\" content=\"2025-06-28T05:50:00+00:00\" \/>\n<meta property=\"og:image\" content=\"https:\/\/nordnesrepublikken.no\/wp-content\/uploads\/2025\/06\/1751089794_Fordi-avslutningen-av-Hormuz-sundet-av-Iran-kan-skade-den.jpg\" \/>\n\t<meta property=\"og:image:width\" content=\"2121\" \/>\n\t<meta property=\"og:image:height\" content=\"1414\" \/>\n\t<meta property=\"og:image:type\" content=\"image\/jpeg\" \/>\n<meta name=\"author\" content=\"Ole Andersen\" \/>\n<meta name=\"twitter:card\" content=\"summary_large_image\" \/>\n<meta name=\"twitter:label1\" content=\"Skrevet av\" \/>\n\t<meta name=\"twitter:data1\" content=\"Ole Andersen\" \/>\n\t<meta name=\"twitter:label2\" content=\"Ansl. lesetid\" \/>\n\t<meta name=\"twitter:data2\" content=\"4 minutter\" \/>\n<script type=\"application\/ld+json\" class=\"yoast-schema-graph\">{\"@context\":\"https:\/\/schema.org\",\"@graph\":[{\"@type\":\"Article\",\"@id\":\"https:\/\/nordnesrepublikken.no\/index.php\/2025\/06\/28\/fordi-avslutningen-av-hormuz-sundet-av-iran-kan-skade-den-globale-okonomien\/#article\",\"isPartOf\":{\"@id\":\"https:\/\/nordnesrepublikken.no\/index.php\/2025\/06\/28\/fordi-avslutningen-av-hormuz-sundet-av-iran-kan-skade-den-globale-okonomien\/\"},\"author\":{\"name\":\"Ole Andersen\",\"@id\":\"https:\/\/nordnesrepublikken.no\/#\/schema\/person\/2e7e81935bab77882fffb79296240ff1\"},\"headline\":\"Fordi avslutningen av Hormuz -sundet av Iran kan skade den globale \u00f8konomien\",\"datePublished\":\"2025-06-28T05:49:53+00:00\",\"dateModified\":\"2025-06-28T05:50:00+00:00\",\"mainEntityOfPage\":{\"@id\":\"https:\/\/nordnesrepublikken.no\/index.php\/2025\/06\/28\/fordi-avslutningen-av-hormuz-sundet-av-iran-kan-skade-den-globale-okonomien\/\"},\"wordCount\":723,\"publisher\":{\"@id\":\"https:\/\/nordnesrepublikken.no\/#organization\"},\"image\":{\"@id\":\"https:\/\/nordnesrepublikken.no\/index.php\/2025\/06\/28\/fordi-avslutningen-av-hormuz-sundet-av-iran-kan-skade-den-globale-okonomien\/#primaryimage\"},\"thumbnailUrl\":\"https:\/\/nordnesrepublikken.no\/wp-content\/uploads\/2025\/06\/1751089794_Fordi-avslutningen-av-Hormuz-sundet-av-Iran-kan-skade-den.jpg\",\"keywords\":[\"avslutningen\",\"den\",\"Fordi\",\"globale\",\"Hormuz\",\"Iran\",\"kan\",\"\u00f8konomien\",\"skade\",\"sundet\"],\"articleSection\":[\"Politikk\"],\"inLanguage\":\"nb-NO\"},{\"@type\":\"WebPage\",\"@id\":\"https:\/\/nordnesrepublikken.no\/index.php\/2025\/06\/28\/fordi-avslutningen-av-hormuz-sundet-av-iran-kan-skade-den-globale-okonomien\/\",\"url\":\"https:\/\/nordnesrepublikken.no\/index.php\/2025\/06\/28\/fordi-avslutningen-av-hormuz-sundet-av-iran-kan-skade-den-globale-okonomien\/\",\"name\":\"Fordi avslutningen av Hormuz -sundet av Iran kan skade den globale \u00f8konomien - Nordnesrepublikken\",\"isPartOf\":{\"@id\":\"https:\/\/nordnesrepublikken.no\/#website\"},\"primaryImageOfPage\":{\"@id\":\"https:\/\/nordnesrepublikken.no\/index.php\/2025\/06\/28\/fordi-avslutningen-av-hormuz-sundet-av-iran-kan-skade-den-globale-okonomien\/#primaryimage\"},\"image\":{\"@id\":\"https:\/\/nordnesrepublikken.no\/index.php\/2025\/06\/28\/fordi-avslutningen-av-hormuz-sundet-av-iran-kan-skade-den-globale-okonomien\/#primaryimage\"},\"thumbnailUrl\":\"https:\/\/nordnesrepublikken.no\/wp-content\/uploads\/2025\/06\/1751089794_Fordi-avslutningen-av-Hormuz-sundet-av-Iran-kan-skade-den.jpg\",\"datePublished\":\"2025-06-28T05:49:53+00:00\",\"dateModified\":\"2025-06-28T05:50:00+00:00\",\"breadcrumb\":{\"@id\":\"https:\/\/nordnesrepublikken.no\/index.php\/2025\/06\/28\/fordi-avslutningen-av-hormuz-sundet-av-iran-kan-skade-den-globale-okonomien\/#breadcrumb\"},\"inLanguage\":\"nb-NO\",\"potentialAction\":[{\"@type\":\"ReadAction\",\"target\":[\"https:\/\/nordnesrepublikken.no\/index.php\/2025\/06\/28\/fordi-avslutningen-av-hormuz-sundet-av-iran-kan-skade-den-globale-okonomien\/\"]}]},{\"@type\":\"ImageObject\",\"inLanguage\":\"nb-NO\",\"@id\":\"https:\/\/nordnesrepublikken.no\/index.php\/2025\/06\/28\/fordi-avslutningen-av-hormuz-sundet-av-iran-kan-skade-den-globale-okonomien\/#primaryimage\",\"url\":\"https:\/\/nordnesrepublikken.no\/wp-content\/uploads\/2025\/06\/1751089794_Fordi-avslutningen-av-Hormuz-sundet-av-Iran-kan-skade-den.jpg\",\"contentUrl\":\"https:\/\/nordnesrepublikken.no\/wp-content\/uploads\/2025\/06\/1751089794_Fordi-avslutningen-av-Hormuz-sundet-av-Iran-kan-skade-den.jpg\",\"width\":2121,\"height\":1414,\"caption\":\"petrolio niger\"},{\"@type\":\"BreadcrumbList\",\"@id\":\"https:\/\/nordnesrepublikken.no\/index.php\/2025\/06\/28\/fordi-avslutningen-av-hormuz-sundet-av-iran-kan-skade-den-globale-okonomien\/#breadcrumb\",\"itemListElement\":[{\"@type\":\"ListItem\",\"position\":1,\"name\":\"Home\",\"item\":\"https:\/\/nordnesrepublikken.no\/\"},{\"@type\":\"ListItem\",\"position\":2,\"name\":\"Fordi avslutningen av Hormuz -sundet av Iran kan skade den globale \u00f8konomien\"}]},{\"@type\":\"WebSite\",\"@id\":\"https:\/\/nordnesrepublikken.no\/#website\",\"url\":\"https:\/\/nordnesrepublikken.no\/\",\"name\":\"Nordnesrepublikken\",\"description\":\"Stemmer og Visjoner fra Republikkens Hjerte\",\"publisher\":{\"@id\":\"https:\/\/nordnesrepublikken.no\/#organization\"},\"potentialAction\":[{\"@type\":\"SearchAction\",\"target\":{\"@type\":\"EntryPoint\",\"urlTemplate\":\"https:\/\/nordnesrepublikken.no\/?s={search_term_string}\"},\"query-input\":{\"@type\":\"PropertyValueSpecification\",\"valueRequired\":true,\"valueName\":\"search_term_string\"}}],\"inLanguage\":\"nb-NO\"},{\"@type\":\"Organization\",\"@id\":\"https:\/\/nordnesrepublikken.no\/#organization\",\"name\":\"Nordnesrepublikken\",\"url\":\"https:\/\/nordnesrepublikken.no\/\",\"logo\":{\"@type\":\"ImageObject\",\"inLanguage\":\"nb-NO\",\"@id\":\"https:\/\/nordnesrepublikken.no\/#\/schema\/logo\/image\/\",\"url\":\"https:\/\/nordnesrepublikken.no\/wp-content\/uploads\/2025\/02\/cropped-nordnesrepublikken-2.png\",\"contentUrl\":\"https:\/\/nordnesrepublikken.no\/wp-content\/uploads\/2025\/02\/cropped-nordnesrepublikken-2.png\",\"width\":1248,\"height\":362,\"caption\":\"Nordnesrepublikken\"},\"image\":{\"@id\":\"https:\/\/nordnesrepublikken.no\/#\/schema\/logo\/image\/\"}},{\"@type\":\"Person\",\"@id\":\"https:\/\/nordnesrepublikken.no\/#\/schema\/person\/2e7e81935bab77882fffb79296240ff1\",\"name\":\"Ole Andersen\",\"image\":{\"@type\":\"ImageObject\",\"inLanguage\":\"nb-NO\",\"@id\":\"https:\/\/nordnesrepublikken.no\/#\/schema\/person\/image\/\",\"url\":\"https:\/\/nordnesrepublikken.no\/wp-content\/uploads\/2025\/02\/nordnesrepublikken-2-2-150x150.jpg\",\"contentUrl\":\"https:\/\/nordnesrepublikken.no\/wp-content\/uploads\/2025\/02\/nordnesrepublikken-2-2-150x150.jpg\",\"caption\":\"Ole Andersen\"},\"description\":\"Ettersom jeg vokste opp i Oslo, har jeg alltid v\u00e6rt fascinert av ordenes kraft og deres evne til \u00e5 skape endringer. Etter \u00e5 ha fullf\u00f8rt min utdannelse i kommunikasjon ved Universitetet i Bergen, fikk jeg muligheten til \u00e5 jobbe innen ulike medier, der jeg har s\u00f8kt \u00e5 belyse viktige samfunnssp\u00f8rsm\u00e5l. I dag, som redakt\u00f8r for Nordnesrepublikken, pr\u00f8ver jeg \u00e5 forene min kj\u00e6rlighet for journalistikk med min lidenskap for innovasjon og eventyr.\",\"sameAs\":[\"https:\/\/nordnesrepublikken.no\/\"]}]}<\/script>\n<!-- \/ Yoast SEO plugin. -->","yoast_head_json":{"title":"Fordi avslutningen av Hormuz -sundet av Iran kan skade den globale \u00f8konomien - Nordnesrepublikken","robots":{"index":"index","follow":"follow","max-snippet":"max-snippet:-1","max-image-preview":"max-image-preview:large","max-video-preview":"max-video-preview:-1"},"canonical":"https:\/\/nordnesrepublikken.no\/index.php\/2025\/06\/28\/fordi-avslutningen-av-hormuz-sundet-av-iran-kan-skade-den-globale-okonomien\/","og_locale":"nb_NO","og_type":"article","og_title":"Fordi avslutningen av Hormuz -sundet av Iran kan skade den globale \u00f8konomien - Nordnesrepublikken","og_description":"Etter 12 dager med \u00e5pen krig mellom Iran og Israelden amerikanske bombingen av s\u00f8ndag 22.","og_url":"https:\/\/nordnesrepublikken.no\/index.php\/2025\/06\/28\/fordi-avslutningen-av-hormuz-sundet-av-iran-kan-skade-den-globale-okonomien\/","og_site_name":"Nordnesrepublikken","article_published_time":"2025-06-28T05:49:53+00:00","article_modified_time":"2025-06-28T05:50:00+00:00","og_image":[{"width":2121,"height":1414,"url":"https:\/\/nordnesrepublikken.no\/wp-content\/uploads\/2025\/06\/1751089794_Fordi-avslutningen-av-Hormuz-sundet-av-Iran-kan-skade-den.jpg","type":"image\/jpeg"}],"author":"Ole Andersen","twitter_card":"summary_large_image","twitter_misc":{"Skrevet av":"Ole Andersen","Ansl. lesetid":"4 minutter"},"schema":{"@context":"https:\/\/schema.org","@graph":[{"@type":"Article","@id":"https:\/\/nordnesrepublikken.no\/index.php\/2025\/06\/28\/fordi-avslutningen-av-hormuz-sundet-av-iran-kan-skade-den-globale-okonomien\/#article","isPartOf":{"@id":"https:\/\/nordnesrepublikken.no\/index.php\/2025\/06\/28\/fordi-avslutningen-av-hormuz-sundet-av-iran-kan-skade-den-globale-okonomien\/"},"author":{"name":"Ole Andersen","@id":"https:\/\/nordnesrepublikken.no\/#\/schema\/person\/2e7e81935bab77882fffb79296240ff1"},"headline":"Fordi avslutningen av Hormuz -sundet av Iran kan skade den globale \u00f8konomien","datePublished":"2025-06-28T05:49:53+00:00","dateModified":"2025-06-28T05:50:00+00:00","mainEntityOfPage":{"@id":"https:\/\/nordnesrepublikken.no\/index.php\/2025\/06\/28\/fordi-avslutningen-av-hormuz-sundet-av-iran-kan-skade-den-globale-okonomien\/"},"wordCount":723,"publisher":{"@id":"https:\/\/nordnesrepublikken.no\/#organization"},"image":{"@id":"https:\/\/nordnesrepublikken.no\/index.php\/2025\/06\/28\/fordi-avslutningen-av-hormuz-sundet-av-iran-kan-skade-den-globale-okonomien\/#primaryimage"},"thumbnailUrl":"https:\/\/nordnesrepublikken.no\/wp-content\/uploads\/2025\/06\/1751089794_Fordi-avslutningen-av-Hormuz-sundet-av-Iran-kan-skade-den.jpg","keywords":["avslutningen","den","Fordi","globale","Hormuz","Iran","kan","\u00f8konomien","skade","sundet"],"articleSection":["Politikk"],"inLanguage":"nb-NO"},{"@type":"WebPage","@id":"https:\/\/nordnesrepublikken.no\/index.php\/2025\/06\/28\/fordi-avslutningen-av-hormuz-sundet-av-iran-kan-skade-den-globale-okonomien\/","url":"https:\/\/nordnesrepublikken.no\/index.php\/2025\/06\/28\/fordi-avslutningen-av-hormuz-sundet-av-iran-kan-skade-den-globale-okonomien\/","name":"Fordi avslutningen av Hormuz -sundet av Iran kan skade den globale \u00f8konomien - Nordnesrepublikken","isPartOf":{"@id":"https:\/\/nordnesrepublikken.no\/#website"},"primaryImageOfPage":{"@id":"https:\/\/nordnesrepublikken.no\/index.php\/2025\/06\/28\/fordi-avslutningen-av-hormuz-sundet-av-iran-kan-skade-den-globale-okonomien\/#primaryimage"},"image":{"@id":"https:\/\/nordnesrepublikken.no\/index.php\/2025\/06\/28\/fordi-avslutningen-av-hormuz-sundet-av-iran-kan-skade-den-globale-okonomien\/#primaryimage"},"thumbnailUrl":"https:\/\/nordnesrepublikken.no\/wp-content\/uploads\/2025\/06\/1751089794_Fordi-avslutningen-av-Hormuz-sundet-av-Iran-kan-skade-den.jpg","datePublished":"2025-06-28T05:49:53+00:00","dateModified":"2025-06-28T05:50:00+00:00","breadcrumb":{"@id":"https:\/\/nordnesrepublikken.no\/index.php\/2025\/06\/28\/fordi-avslutningen-av-hormuz-sundet-av-iran-kan-skade-den-globale-okonomien\/#breadcrumb"},"inLanguage":"nb-NO","potentialAction":[{"@type":"ReadAction","target":["https:\/\/nordnesrepublikken.no\/index.php\/2025\/06\/28\/fordi-avslutningen-av-hormuz-sundet-av-iran-kan-skade-den-globale-okonomien\/"]}]},{"@type":"ImageObject","inLanguage":"nb-NO","@id":"https:\/\/nordnesrepublikken.no\/index.php\/2025\/06\/28\/fordi-avslutningen-av-hormuz-sundet-av-iran-kan-skade-den-globale-okonomien\/#primaryimage","url":"https:\/\/nordnesrepublikken.no\/wp-content\/uploads\/2025\/06\/1751089794_Fordi-avslutningen-av-Hormuz-sundet-av-Iran-kan-skade-den.jpg","contentUrl":"https:\/\/nordnesrepublikken.no\/wp-content\/uploads\/2025\/06\/1751089794_Fordi-avslutningen-av-Hormuz-sundet-av-Iran-kan-skade-den.jpg","width":2121,"height":1414,"caption":"petrolio niger"},{"@type":"BreadcrumbList","@id":"https:\/\/nordnesrepublikken.no\/index.php\/2025\/06\/28\/fordi-avslutningen-av-hormuz-sundet-av-iran-kan-skade-den-globale-okonomien\/#breadcrumb","itemListElement":[{"@type":"ListItem","position":1,"name":"Home","item":"https:\/\/nordnesrepublikken.no\/"},{"@type":"ListItem","position":2,"name":"Fordi avslutningen av Hormuz -sundet av Iran kan skade den globale \u00f8konomien"}]},{"@type":"WebSite","@id":"https:\/\/nordnesrepublikken.no\/#website","url":"https:\/\/nordnesrepublikken.no\/","name":"Nordnesrepublikken","description":"Stemmer og Visjoner fra Republikkens Hjerte","publisher":{"@id":"https:\/\/nordnesrepublikken.no\/#organization"},"potentialAction":[{"@type":"SearchAction","target":{"@type":"EntryPoint","urlTemplate":"https:\/\/nordnesrepublikken.no\/?s={search_term_string}"},"query-input":{"@type":"PropertyValueSpecification","valueRequired":true,"valueName":"search_term_string"}}],"inLanguage":"nb-NO"},{"@type":"Organization","@id":"https:\/\/nordnesrepublikken.no\/#organization","name":"Nordnesrepublikken","url":"https:\/\/nordnesrepublikken.no\/","logo":{"@type":"ImageObject","inLanguage":"nb-NO","@id":"https:\/\/nordnesrepublikken.no\/#\/schema\/logo\/image\/","url":"https:\/\/nordnesrepublikken.no\/wp-content\/uploads\/2025\/02\/cropped-nordnesrepublikken-2.png","contentUrl":"https:\/\/nordnesrepublikken.no\/wp-content\/uploads\/2025\/02\/cropped-nordnesrepublikken-2.png","width":1248,"height":362,"caption":"Nordnesrepublikken"},"image":{"@id":"https:\/\/nordnesrepublikken.no\/#\/schema\/logo\/image\/"}},{"@type":"Person","@id":"https:\/\/nordnesrepublikken.no\/#\/schema\/person\/2e7e81935bab77882fffb79296240ff1","name":"Ole Andersen","image":{"@type":"ImageObject","inLanguage":"nb-NO","@id":"https:\/\/nordnesrepublikken.no\/#\/schema\/person\/image\/","url":"https:\/\/nordnesrepublikken.no\/wp-content\/uploads\/2025\/02\/nordnesrepublikken-2-2-150x150.jpg","contentUrl":"https:\/\/nordnesrepublikken.no\/wp-content\/uploads\/2025\/02\/nordnesrepublikken-2-2-150x150.jpg","caption":"Ole Andersen"},"description":"Ettersom jeg vokste opp i Oslo, har jeg alltid v\u00e6rt fascinert av ordenes kraft og deres evne til \u00e5 skape endringer. Etter \u00e5 ha fullf\u00f8rt min utdannelse i kommunikasjon ved Universitetet i Bergen, fikk jeg muligheten til \u00e5 jobbe innen ulike medier, der jeg har s\u00f8kt \u00e5 belyse viktige samfunnssp\u00f8rsm\u00e5l. I dag, som redakt\u00f8r for Nordnesrepublikken, pr\u00f8ver jeg \u00e5 forene min kj\u00e6rlighet for journalistikk med min lidenskap for innovasjon og eventyr.","sameAs":["https:\/\/nordnesrepublikken.no\/"]}]}},"_links":{"self":[{"href":"https:\/\/nordnesrepublikken.no\/index.php\/wp-json\/wp\/v2\/posts\/6346","targetHints":{"allow":["GET"]}}],"collection":[{"href":"https:\/\/nordnesrepublikken.no\/index.php\/wp-json\/wp\/v2\/posts"}],"about":[{"href":"https:\/\/nordnesrepublikken.no\/index.php\/wp-json\/wp\/v2\/types\/post"}],"author":[{"embeddable":true,"href":"https:\/\/nordnesrepublikken.no\/index.php\/wp-json\/wp\/v2\/users\/1"}],"replies":[{"embeddable":true,"href":"https:\/\/nordnesrepublikken.no\/index.php\/wp-json\/wp\/v2\/comments?post=6346"}],"version-history":[{"count":1,"href":"https:\/\/nordnesrepublikken.no\/index.php\/wp-json\/wp\/v2\/posts\/6346\/revisions"}],"predecessor-version":[{"id":6348,"href":"https:\/\/nordnesrepublikken.no\/index.php\/wp-json\/wp\/v2\/posts\/6346\/revisions\/6348"}],"wp:featuredmedia":[{"embeddable":true,"href":"https:\/\/nordnesrepublikken.no\/index.php\/wp-json\/wp\/v2\/media\/6347"}],"wp:attachment":[{"href":"https:\/\/nordnesrepublikken.no\/index.php\/wp-json\/wp\/v2\/media?parent=6346"}],"wp:term":[{"taxonomy":"category","embeddable":true,"href":"https:\/\/nordnesrepublikken.no\/index.php\/wp-json\/wp\/v2\/categories?post=6346"},{"taxonomy":"post_tag","embeddable":true,"href":"https:\/\/nordnesrepublikken.no\/index.php\/wp-json\/wp\/v2\/tags?post=6346"}],"curies":[{"name":"wp","href":"https:\/\/api.w.org\/{rel}","templated":true}]}}