{"id":6343,"date":"2025-06-28T05:49:35","date_gmt":"2025-06-28T03:49:35","guid":{"rendered":"https:\/\/nordnesrepublikken.no\/index.php\/2025\/06\/28\/gjenoppbyggingen-av-fakta-etter-45-ar\/"},"modified":"2025-06-28T05:49:42","modified_gmt":"2025-06-28T03:49:42","slug":"gjenoppbyggingen-av-fakta-etter-45-ar","status":"publish","type":"post","link":"https:\/\/nordnesrepublikken.no\/index.php\/2025\/06\/28\/gjenoppbyggingen-av-fakta-etter-45-ar\/","title":{"rendered":"gjenoppbyggingen av fakta etter 45 \u00e5r"},"content":{"rendered":"<div>\n<div class=\"cp_wrapper cp_wrapper--fw mb-30 mb-20@tablet\">\n<figure class=\"mm\"><picture class=\"img\" style=\"padding-top:56.25%\"><source  media=\"(min-width: 1024px)\"><source  media=\"(min-width: 768px)\"><\/source><\/source><\/picture><\/figure>\n<\/p><\/div>\n<p>N\u00e5r vi snakker om Ustica -massakren, mener vi riving av et fly <strong>DC-9 i Itavia<\/strong>som fant sted i det tyrrheniske havet <strong>27. juni 1980, <\/strong>som for\u00e5rsaket d\u00f8den av <strong>81 personer<\/strong>. Etter 45 \u00e5r har sannheten ikke blitt konstatert n\u00f8yaktig, men nesten helt sikkert var DC-9 <strong>involvert i angrepet som ble lansert av NATO -fly<\/strong> (Fransk eller oss) mot milit\u00e6re fly av <strong>Libya<\/strong>. Oppdagelsen av<strong> Kadaver av en libysk MIG<\/strong> P\u00e5 Sila -fjellene, som fant sted tre uker etter massakren, konsoliderer hypotesen. Gjennom \u00e5rene har unders\u00f8kelsene p\u00e5 USTICA blitt hindret av palesi <strong>Fors\u00f8k p\u00e5 sidespor<\/strong> Og kanskje, ogs\u00e5 fra attentatet mot mennesker som l\u00e6rte om fortrolige nyheter. I dag er det veldig sannsynlig at det italienske milit\u00e6ret og politikerne har det <strong>sannheten skjult<\/strong> For ikke \u00e5 krenke milit\u00e6rhemmelighet og ikke \u00e5 oppr\u00f8re forholdet til NATO -allierte.<\/p>\n<h2><strong>Ustica -massakren 27. juni 1980: Fakta<\/strong><\/h2>\n<p>27. juni 1980 et DC-9-fly fra Itavia Company, som utf\u00f8rte <strong>IH 870 Flight <\/strong>Fra Bologna til Palermo falt han n\u00e6r \u00f8ya Ustica, i det tyrrheniske hav, nord for kysten av Sicilia. Om bord var det <strong>77 passasjerer<\/strong>inkludert 11 barn, e <strong>4 besetningsmedlemmer<\/strong>. De mistet alle liv: det var en av de alvorligste katastrofene i historien til italiensk luftfart.<\/p>\n<div class=\"cp_wrapper cp_wrapper--fw mb-50\">\n<figure class=\"mm\"><picture class=\"img\" style=\"padding-top:125%\"><source  media=\"(min-width: 1024px)\"><source  media=\"(min-width: 768px)\"><img decoding=\"async\" loading=\"lazy\" src=\"https:\/\/nordnesrepublikken.no\/wp-content\/uploads\/2025\/06\/1751082572_307_gjenoppbyggingen-av-fakta-etter-45-ar.jpg\" alt=\"Posisjonen til Ustica\" width=\"560\" height=\"700\"><\/source><\/source><\/picture><\/figure>\n<\/p><\/div>\n<p>Tre uker senere, 18. juli, p\u00e5 Sila -fjellene, i Calabria, ble vraket av et milit\u00e6rt fly &laquo;funnet&raquo;<strong>Mig &laquo;av det libyske flyv\u00e5penet<\/strong>inneholder inne i pilotens lik. Det har aldri blitt konstatert om ulykken hadde funnet sted 18. juli, eller om flyets kadaver var der i mange dager: if\u00f8lge en rekke analytikere, MIG <strong>Han falt 27. juni<\/strong>samme dag som Ustica -massakren.<\/p>\n<div class=\"cp_wrapper cp_wrapper--fw mb-50\">\n<figure class=\"mm\"><picture class=\"img\" style=\"padding-top:83.333333333333%\"><source  media=\"(min-width: 1024px)\"><source  media=\"(min-width: 768px)\"><img decoding=\"async\" loading=\"lazy\" src=\"https:\/\/nordnesrepublikken.no\/wp-content\/uploads\/2025\/06\/1751082572_959_gjenoppbyggingen-av-fakta-etter-45-ar.jpg\" alt=\"Inspeksjon p\u00e5 Mig Finding Site\" width=\"600\" height=\"500\" class=\"js-seedtag-img\"><\/source><\/source><\/picture><\/figure>\n<\/p><\/div>\n<h2><strong>Sidespor og mistenkelige d\u00f8dsfall<\/strong><\/h2>\n<p>Dynamikken i Ustica -katastrofen dukket opp umiddelbart mistenkt og i de f\u00f8lgende \u00e5rene b\u00e5de rettsvesenet og media <strong>Led<\/strong> <strong>Unders\u00f8kelser om hendelsen<\/strong>. De <strong>Gjenoppretting av vraket<\/strong> De DC-9, som fant sted mellom 1987 og 1992, tillatt <strong>Unders\u00f8k mange problemer<\/strong> mer i dybden. Unders\u00f8kelsene ble imidlertid hindret av <strong>Fors\u00f8k p\u00e5 sidespor<\/strong> og flere personer som er involvert i saken <strong>De mistet livet mistenkelig<\/strong>. Blant dem, marskalken i luftforsvaret <strong>Mario Alberto Dettori<\/strong> At p\u00e5 kvelden med massakren, if\u00f8lge mange kilder, tjenestegjorde ved en radar i Poggio Ballone, i provinsen Grosseto, og i 1987 ble han funnet hengt i hjemmet sitt p\u00e5 en definert unaturlig m\u00e5te av det vitenskapelige politiet; marskalken <strong>Franco Parisi<\/strong>i tjeneste for radaren 18. juli 1981 (Day of the Finding of the Libyan MIG), funnet hengt i 1995.<\/p>\n<p>Mellom 2000 og 2004 var noen offiserer med h\u00f8ye luftv\u00e5pen <strong>behandlet for sidesporing<\/strong>men prosessen endte med frifinnelser og resepter. Ingen har noen gang blitt pr\u00f8vd for massakrenes ansvar.<\/p>\n<div class=\"cp_wrapper cp_wrapper--fw mb-50\">\n<figure class=\"mm\"><picture class=\"img\" style=\"padding-top:66.666666666667%\"><source  media=\"(min-width: 1024px)\"><source  media=\"(min-width: 768px)\"><img decoding=\"async\" loading=\"lazy\" src=\"https:\/\/nordnesrepublikken.no\/wp-content\/uploads\/2025\/06\/1751082573_731_gjenoppbyggingen-av-fakta-etter-45-ar.jpg\" alt=\"DC 9 involvert i studiepoengene Lewis Grant Massacre\" width=\"1920\" height=\"1280\"><\/source><\/source><\/picture><\/figure>\n<\/p><\/div>\n<h2><strong>Hypotesene: Hvorfor falt DC-9 i Ustica?<\/strong><\/h2>\n<p>Gjennom \u00e5rene har forskjellige hypoteser blitt avansert p\u00e5 grunn av massakren. Noen er definitivt nektet, andre anses som p\u00e5litelige.<\/p>\n<p>I henhold til hypotesen om <strong>strukturell svikt<\/strong>avansert umiddelbart etter fakta, ville flyet ha gjennomg\u00e5tt en <strong>Flyfeil<\/strong>. Hypotesen for\u00e5rsaket enorm skade p\u00e5 Itavia -selskapet (allerede gjeldt p\u00e5 massakren), som noen m\u00e5neder senere mislyktes. I dag vet vi at denne rekonstruksjonen ikke har noe grunnlag. En annen teori \u00f8nsker at ombord p\u00e5 flyet det hadde v\u00e6rt <strong>plasserte en bombe<\/strong>: flyets fall ville derfor ha blitt for\u00e5rsaket av en <strong>Terrorisme<\/strong> &#8211; Et fenomen som i disse \u00e5rene faktisk var til stede i Italia. Imidlertid ble denne hypotesen ogs\u00e5 nektet fordi skaden rapportert av flykroppen ikke virker kompatibel med en eksplosjon inne.<\/p>\n<p>Den mest sannsynlige hypotesen er at DC-9 har funnet seg selv, for en tragisk d\u00f8delighet, midt i en <strong>Luftkamp mellom NATO -fly og en eller flere libyske MiG<\/strong>. Det m\u00e5 huskes at Libya, deretter styrt av <strong>Muhammar Gaddafi<\/strong>var i sterk kontrast til USA (som noen \u00e5r senere skulle bombe Tripoli) og med andre vestlige land. I f\u00f8lge <strong>mer sannsynlig gjenoppbygging<\/strong>27. juni flyr libyerne p\u00e5 det tyrrheniske havet og ble avskj\u00e6rt av NATO-jakt, som i et fors\u00f8k p\u00e5 \u00e5 bryte dem ned ogs\u00e5 p\u00e5virket DC-9. MIG som ble funnet p\u00e5 Sila ville blitt truffet 27. juni sammen med Aereo of Itavia.<\/p>\n<div class=\"cp_wrapper cp_wrapper--fw mb-50\">\n<figure class=\"mm\"><picture class=\"img\" style=\"padding-top:61.5234375%\"><source  media=\"(min-width: 1024px)\"><source  media=\"(min-width: 768px)\"><img decoding=\"async\" loading=\"lazy\" src=\"https:\/\/nordnesrepublikken.no\/wp-content\/uploads\/2025\/06\/1751082574_347_gjenoppbyggingen-av-fakta-etter-45-ar.jpg\" alt=\"En libysk flyv\u00e5pen MIG\" width=\"2560\" height=\"1575\" class=\"js-seedtag-img\"><\/source><\/source><\/picture><\/figure>\n<\/p><\/div>\n<p>P\u00e5 dette tidspunktet er det to mulige rekonstruksjoner:<\/p>\n<ul>\n<li>Ansvarlig for riving av DC-9 var <strong>Fransk jakt<\/strong>som lanserte et luftlufts missil mot en libysk MIG, og trodde at Gaddafi var om bord, og Itavia-flyet sentrerte seg ogs\u00e5. Denne gjenoppbyggingen ble st\u00f8ttet i 2007 av <strong>Francesco Cossiga<\/strong>R\u00e5dets president p\u00e5 fakta. Franske institusjoner har alltid nektet sitt engasjement.<\/li>\n<li>Den andre hypotesen sier at ansvaret faller p\u00e5 <strong>U.S. -jakt<\/strong>kanskje tatt av av hangarskipet Sarathoga: De ville ha pr\u00f8vd \u00e5 avskj\u00e6re MIG, men flyr for n\u00e6r DC-9, ville de ha for\u00e5rsaket fallet. Hypotesen, st\u00f8ttet av en fersk unders\u00f8kelse av<em>Uttrykt<\/em>konsolideres av det faktum at <strong>reservoar<\/strong> En hjelm og en redningsjakke av den amerikanske sj\u00e5f\u00f8ren ble funnet av en amerikansk jakt og p\u00e5 en Ustica -strand. Der <strong>&laquo;Nesten kollisjon&raquo;<\/strong> Han ville derfor ha droppet b\u00e5de DC-9 og det amerikanske flyet; Piloten ville ha reddet seg ved \u00e5 kaste seg med fallskjermen.<\/li>\n<\/ul>\n<div class=\"cp_wrapper cp_wrapper--fw mb-50\">\n<figure class=\"mm\"><picture class=\"img\" style=\"padding-top:80%\"><source  media=\"(min-width: 1024px)\"><source  media=\"(min-width: 768px)\"><img decoding=\"async\" loading=\"lazy\" src=\"https:\/\/nordnesrepublikken.no\/wp-content\/uploads\/2025\/06\/1751082575_797_gjenoppbyggingen-av-fakta-etter-45-ar.jpg\" alt=\"Barathoga hangarskip\" width=\"1920\" height=\"1536\"><\/source><\/source><\/picture><\/figure>\n<\/p><\/div>\n<p>Sannheten er enn\u00e5 ikke konstatert, men hypotesen om at DC-9 var involvert i en <strong>Luftkamp<\/strong> Det regnes n\u00e5 som sikkert. I 2011 <strong>Palermo -domstolen d\u00f8mte departementene for transport og forsvar i sivil overskrift for \u00e5 kompensere p\u00e5r\u00f8rende til ofrene<\/strong> For ikke \u00e5 ha garantert flysikkerhet (dermed erkjente at flyet falt ut av den ytre \u00e5rsaken) og for sidesporene. Dommen ble bekreftet i de p\u00e5f\u00f8lgende grad av dom. Mange punkter i historien <strong>forbli uklar<\/strong>: Vi vet enn\u00e5 ikke hvem som var direkte ansvarlig for rivingen, som organiserte sidesporene og om de mistenkelige d\u00f8dsfallene var \u00f8nsket eller enkle tilfeldigheter.<\/p>\n<\/p><\/div>\n","protected":false},"excerpt":{"rendered":"<p>N\u00e5r vi snakker om Ustica -massakren, mener vi riving av et fly DC-9 i Itaviasom<\/p>\n","protected":false},"author":1,"featured_media":6344,"comment_status":"closed","ping_status":"open","sticky":false,"template":"","format":"standard","meta":{"footnotes":""},"categories":[104],"tags":[595,92,4028,3529],"class_list":["post-6343","post","type-post","status-publish","format-standard","has-post-thumbnail","hentry","category-samfunn","tag-ar","tag-etter","tag-fakta","tag-gjenoppbyggingen","generate-columns","tablet-grid-50","mobile-grid-100","grid-parent","grid-33","resize-featured-image"],"yoast_head":"<!-- This site is optimized with the Yoast SEO plugin v24.4 - https:\/\/yoast.com\/wordpress\/plugins\/seo\/ -->\n<title>gjenoppbyggingen av fakta etter 45 \u00e5r - Nordnesrepublikken<\/title>\n<meta name=\"robots\" content=\"index, follow, max-snippet:-1, max-image-preview:large, max-video-preview:-1\" \/>\n<link rel=\"canonical\" href=\"https:\/\/nordnesrepublikken.no\/index.php\/2025\/06\/28\/gjenoppbyggingen-av-fakta-etter-45-ar\/\" \/>\n<meta property=\"og:locale\" content=\"nb_NO\" \/>\n<meta property=\"og:type\" content=\"article\" \/>\n<meta property=\"og:title\" content=\"gjenoppbyggingen av fakta etter 45 \u00e5r - Nordnesrepublikken\" \/>\n<meta property=\"og:description\" content=\"N\u00e5r vi snakker om Ustica -massakren, mener vi riving av et fly DC-9 i Itaviasom\" \/>\n<meta property=\"og:url\" content=\"https:\/\/nordnesrepublikken.no\/index.php\/2025\/06\/28\/gjenoppbyggingen-av-fakta-etter-45-ar\/\" \/>\n<meta property=\"og:site_name\" content=\"Nordnesrepublikken\" \/>\n<meta property=\"article:published_time\" content=\"2025-06-28T03:49:35+00:00\" \/>\n<meta property=\"article:modified_time\" content=\"2025-06-28T03:49:42+00:00\" \/>\n<meta property=\"og:image\" content=\"https:\/\/nordnesrepublikken.no\/wp-content\/uploads\/2025\/06\/1751082576_gjenoppbyggingen-av-fakta-etter-45-ar.jpg\" \/>\n\t<meta property=\"og:image:width\" content=\"2273\" \/>\n\t<meta property=\"og:image:height\" content=\"1253\" \/>\n\t<meta property=\"og:image:type\" content=\"image\/jpeg\" \/>\n<meta name=\"author\" content=\"Ole Andersen\" \/>\n<meta name=\"twitter:card\" content=\"summary_large_image\" \/>\n<meta name=\"twitter:label1\" content=\"Skrevet av\" \/>\n\t<meta name=\"twitter:data1\" content=\"Ole Andersen\" \/>\n\t<meta name=\"twitter:label2\" content=\"Ansl. lesetid\" \/>\n\t<meta name=\"twitter:data2\" content=\"5 minutter\" \/>\n<script type=\"application\/ld+json\" class=\"yoast-schema-graph\">{\"@context\":\"https:\/\/schema.org\",\"@graph\":[{\"@type\":\"Article\",\"@id\":\"https:\/\/nordnesrepublikken.no\/index.php\/2025\/06\/28\/gjenoppbyggingen-av-fakta-etter-45-ar\/#article\",\"isPartOf\":{\"@id\":\"https:\/\/nordnesrepublikken.no\/index.php\/2025\/06\/28\/gjenoppbyggingen-av-fakta-etter-45-ar\/\"},\"author\":{\"name\":\"Ole Andersen\",\"@id\":\"https:\/\/nordnesrepublikken.no\/#\/schema\/person\/2e7e81935bab77882fffb79296240ff1\"},\"headline\":\"gjenoppbyggingen av fakta etter 45 \u00e5r\",\"datePublished\":\"2025-06-28T03:49:35+00:00\",\"dateModified\":\"2025-06-28T03:49:42+00:00\",\"mainEntityOfPage\":{\"@id\":\"https:\/\/nordnesrepublikken.no\/index.php\/2025\/06\/28\/gjenoppbyggingen-av-fakta-etter-45-ar\/\"},\"wordCount\":912,\"publisher\":{\"@id\":\"https:\/\/nordnesrepublikken.no\/#organization\"},\"image\":{\"@id\":\"https:\/\/nordnesrepublikken.no\/index.php\/2025\/06\/28\/gjenoppbyggingen-av-fakta-etter-45-ar\/#primaryimage\"},\"thumbnailUrl\":\"https:\/\/nordnesrepublikken.no\/wp-content\/uploads\/2025\/06\/1751082576_gjenoppbyggingen-av-fakta-etter-45-ar.jpg\",\"keywords\":[\"\u00e5r\",\"Etter\",\"fakta\",\"gjenoppbyggingen\"],\"articleSection\":[\"Samfunn\"],\"inLanguage\":\"nb-NO\"},{\"@type\":\"WebPage\",\"@id\":\"https:\/\/nordnesrepublikken.no\/index.php\/2025\/06\/28\/gjenoppbyggingen-av-fakta-etter-45-ar\/\",\"url\":\"https:\/\/nordnesrepublikken.no\/index.php\/2025\/06\/28\/gjenoppbyggingen-av-fakta-etter-45-ar\/\",\"name\":\"gjenoppbyggingen av fakta etter 45 \u00e5r - Nordnesrepublikken\",\"isPartOf\":{\"@id\":\"https:\/\/nordnesrepublikken.no\/#website\"},\"primaryImageOfPage\":{\"@id\":\"https:\/\/nordnesrepublikken.no\/index.php\/2025\/06\/28\/gjenoppbyggingen-av-fakta-etter-45-ar\/#primaryimage\"},\"image\":{\"@id\":\"https:\/\/nordnesrepublikken.no\/index.php\/2025\/06\/28\/gjenoppbyggingen-av-fakta-etter-45-ar\/#primaryimage\"},\"thumbnailUrl\":\"https:\/\/nordnesrepublikken.no\/wp-content\/uploads\/2025\/06\/1751082576_gjenoppbyggingen-av-fakta-etter-45-ar.jpg\",\"datePublished\":\"2025-06-28T03:49:35+00:00\",\"dateModified\":\"2025-06-28T03:49:42+00:00\",\"breadcrumb\":{\"@id\":\"https:\/\/nordnesrepublikken.no\/index.php\/2025\/06\/28\/gjenoppbyggingen-av-fakta-etter-45-ar\/#breadcrumb\"},\"inLanguage\":\"nb-NO\",\"potentialAction\":[{\"@type\":\"ReadAction\",\"target\":[\"https:\/\/nordnesrepublikken.no\/index.php\/2025\/06\/28\/gjenoppbyggingen-av-fakta-etter-45-ar\/\"]}]},{\"@type\":\"ImageObject\",\"inLanguage\":\"nb-NO\",\"@id\":\"https:\/\/nordnesrepublikken.no\/index.php\/2025\/06\/28\/gjenoppbyggingen-av-fakta-etter-45-ar\/#primaryimage\",\"url\":\"https:\/\/nordnesrepublikken.no\/wp-content\/uploads\/2025\/06\/1751082576_gjenoppbyggingen-av-fakta-etter-45-ar.jpg\",\"contentUrl\":\"https:\/\/nordnesrepublikken.no\/wp-content\/uploads\/2025\/06\/1751082576_gjenoppbyggingen-av-fakta-etter-45-ar.jpg\",\"width\":2273,\"height\":1253,\"caption\":\"Ustica Copertina\"},{\"@type\":\"BreadcrumbList\",\"@id\":\"https:\/\/nordnesrepublikken.no\/index.php\/2025\/06\/28\/gjenoppbyggingen-av-fakta-etter-45-ar\/#breadcrumb\",\"itemListElement\":[{\"@type\":\"ListItem\",\"position\":1,\"name\":\"Home\",\"item\":\"https:\/\/nordnesrepublikken.no\/\"},{\"@type\":\"ListItem\",\"position\":2,\"name\":\"gjenoppbyggingen av fakta etter 45 \u00e5r\"}]},{\"@type\":\"WebSite\",\"@id\":\"https:\/\/nordnesrepublikken.no\/#website\",\"url\":\"https:\/\/nordnesrepublikken.no\/\",\"name\":\"Nordnesrepublikken\",\"description\":\"Stemmer og Visjoner fra Republikkens Hjerte\",\"publisher\":{\"@id\":\"https:\/\/nordnesrepublikken.no\/#organization\"},\"potentialAction\":[{\"@type\":\"SearchAction\",\"target\":{\"@type\":\"EntryPoint\",\"urlTemplate\":\"https:\/\/nordnesrepublikken.no\/?s={search_term_string}\"},\"query-input\":{\"@type\":\"PropertyValueSpecification\",\"valueRequired\":true,\"valueName\":\"search_term_string\"}}],\"inLanguage\":\"nb-NO\"},{\"@type\":\"Organization\",\"@id\":\"https:\/\/nordnesrepublikken.no\/#organization\",\"name\":\"Nordnesrepublikken\",\"url\":\"https:\/\/nordnesrepublikken.no\/\",\"logo\":{\"@type\":\"ImageObject\",\"inLanguage\":\"nb-NO\",\"@id\":\"https:\/\/nordnesrepublikken.no\/#\/schema\/logo\/image\/\",\"url\":\"https:\/\/nordnesrepublikken.no\/wp-content\/uploads\/2025\/02\/cropped-nordnesrepublikken-2.png\",\"contentUrl\":\"https:\/\/nordnesrepublikken.no\/wp-content\/uploads\/2025\/02\/cropped-nordnesrepublikken-2.png\",\"width\":1248,\"height\":362,\"caption\":\"Nordnesrepublikken\"},\"image\":{\"@id\":\"https:\/\/nordnesrepublikken.no\/#\/schema\/logo\/image\/\"}},{\"@type\":\"Person\",\"@id\":\"https:\/\/nordnesrepublikken.no\/#\/schema\/person\/2e7e81935bab77882fffb79296240ff1\",\"name\":\"Ole Andersen\",\"image\":{\"@type\":\"ImageObject\",\"inLanguage\":\"nb-NO\",\"@id\":\"https:\/\/nordnesrepublikken.no\/#\/schema\/person\/image\/\",\"url\":\"https:\/\/nordnesrepublikken.no\/wp-content\/uploads\/2025\/02\/nordnesrepublikken-2-2-150x150.jpg\",\"contentUrl\":\"https:\/\/nordnesrepublikken.no\/wp-content\/uploads\/2025\/02\/nordnesrepublikken-2-2-150x150.jpg\",\"caption\":\"Ole Andersen\"},\"description\":\"Ettersom jeg vokste opp i Oslo, har jeg alltid v\u00e6rt fascinert av ordenes kraft og deres evne til \u00e5 skape endringer. Etter \u00e5 ha fullf\u00f8rt min utdannelse i kommunikasjon ved Universitetet i Bergen, fikk jeg muligheten til \u00e5 jobbe innen ulike medier, der jeg har s\u00f8kt \u00e5 belyse viktige samfunnssp\u00f8rsm\u00e5l. I dag, som redakt\u00f8r for Nordnesrepublikken, pr\u00f8ver jeg \u00e5 forene min kj\u00e6rlighet for journalistikk med min lidenskap for innovasjon og eventyr.\",\"sameAs\":[\"https:\/\/nordnesrepublikken.no\/\"]}]}<\/script>\n<!-- \/ Yoast SEO plugin. -->","yoast_head_json":{"title":"gjenoppbyggingen av fakta etter 45 \u00e5r - Nordnesrepublikken","robots":{"index":"index","follow":"follow","max-snippet":"max-snippet:-1","max-image-preview":"max-image-preview:large","max-video-preview":"max-video-preview:-1"},"canonical":"https:\/\/nordnesrepublikken.no\/index.php\/2025\/06\/28\/gjenoppbyggingen-av-fakta-etter-45-ar\/","og_locale":"nb_NO","og_type":"article","og_title":"gjenoppbyggingen av fakta etter 45 \u00e5r - Nordnesrepublikken","og_description":"N\u00e5r vi snakker om Ustica -massakren, mener vi riving av et fly DC-9 i Itaviasom","og_url":"https:\/\/nordnesrepublikken.no\/index.php\/2025\/06\/28\/gjenoppbyggingen-av-fakta-etter-45-ar\/","og_site_name":"Nordnesrepublikken","article_published_time":"2025-06-28T03:49:35+00:00","article_modified_time":"2025-06-28T03:49:42+00:00","og_image":[{"width":2273,"height":1253,"url":"https:\/\/nordnesrepublikken.no\/wp-content\/uploads\/2025\/06\/1751082576_gjenoppbyggingen-av-fakta-etter-45-ar.jpg","type":"image\/jpeg"}],"author":"Ole Andersen","twitter_card":"summary_large_image","twitter_misc":{"Skrevet av":"Ole Andersen","Ansl. lesetid":"5 minutter"},"schema":{"@context":"https:\/\/schema.org","@graph":[{"@type":"Article","@id":"https:\/\/nordnesrepublikken.no\/index.php\/2025\/06\/28\/gjenoppbyggingen-av-fakta-etter-45-ar\/#article","isPartOf":{"@id":"https:\/\/nordnesrepublikken.no\/index.php\/2025\/06\/28\/gjenoppbyggingen-av-fakta-etter-45-ar\/"},"author":{"name":"Ole Andersen","@id":"https:\/\/nordnesrepublikken.no\/#\/schema\/person\/2e7e81935bab77882fffb79296240ff1"},"headline":"gjenoppbyggingen av fakta etter 45 \u00e5r","datePublished":"2025-06-28T03:49:35+00:00","dateModified":"2025-06-28T03:49:42+00:00","mainEntityOfPage":{"@id":"https:\/\/nordnesrepublikken.no\/index.php\/2025\/06\/28\/gjenoppbyggingen-av-fakta-etter-45-ar\/"},"wordCount":912,"publisher":{"@id":"https:\/\/nordnesrepublikken.no\/#organization"},"image":{"@id":"https:\/\/nordnesrepublikken.no\/index.php\/2025\/06\/28\/gjenoppbyggingen-av-fakta-etter-45-ar\/#primaryimage"},"thumbnailUrl":"https:\/\/nordnesrepublikken.no\/wp-content\/uploads\/2025\/06\/1751082576_gjenoppbyggingen-av-fakta-etter-45-ar.jpg","keywords":["\u00e5r","Etter","fakta","gjenoppbyggingen"],"articleSection":["Samfunn"],"inLanguage":"nb-NO"},{"@type":"WebPage","@id":"https:\/\/nordnesrepublikken.no\/index.php\/2025\/06\/28\/gjenoppbyggingen-av-fakta-etter-45-ar\/","url":"https:\/\/nordnesrepublikken.no\/index.php\/2025\/06\/28\/gjenoppbyggingen-av-fakta-etter-45-ar\/","name":"gjenoppbyggingen av fakta etter 45 \u00e5r - Nordnesrepublikken","isPartOf":{"@id":"https:\/\/nordnesrepublikken.no\/#website"},"primaryImageOfPage":{"@id":"https:\/\/nordnesrepublikken.no\/index.php\/2025\/06\/28\/gjenoppbyggingen-av-fakta-etter-45-ar\/#primaryimage"},"image":{"@id":"https:\/\/nordnesrepublikken.no\/index.php\/2025\/06\/28\/gjenoppbyggingen-av-fakta-etter-45-ar\/#primaryimage"},"thumbnailUrl":"https:\/\/nordnesrepublikken.no\/wp-content\/uploads\/2025\/06\/1751082576_gjenoppbyggingen-av-fakta-etter-45-ar.jpg","datePublished":"2025-06-28T03:49:35+00:00","dateModified":"2025-06-28T03:49:42+00:00","breadcrumb":{"@id":"https:\/\/nordnesrepublikken.no\/index.php\/2025\/06\/28\/gjenoppbyggingen-av-fakta-etter-45-ar\/#breadcrumb"},"inLanguage":"nb-NO","potentialAction":[{"@type":"ReadAction","target":["https:\/\/nordnesrepublikken.no\/index.php\/2025\/06\/28\/gjenoppbyggingen-av-fakta-etter-45-ar\/"]}]},{"@type":"ImageObject","inLanguage":"nb-NO","@id":"https:\/\/nordnesrepublikken.no\/index.php\/2025\/06\/28\/gjenoppbyggingen-av-fakta-etter-45-ar\/#primaryimage","url":"https:\/\/nordnesrepublikken.no\/wp-content\/uploads\/2025\/06\/1751082576_gjenoppbyggingen-av-fakta-etter-45-ar.jpg","contentUrl":"https:\/\/nordnesrepublikken.no\/wp-content\/uploads\/2025\/06\/1751082576_gjenoppbyggingen-av-fakta-etter-45-ar.jpg","width":2273,"height":1253,"caption":"Ustica Copertina"},{"@type":"BreadcrumbList","@id":"https:\/\/nordnesrepublikken.no\/index.php\/2025\/06\/28\/gjenoppbyggingen-av-fakta-etter-45-ar\/#breadcrumb","itemListElement":[{"@type":"ListItem","position":1,"name":"Home","item":"https:\/\/nordnesrepublikken.no\/"},{"@type":"ListItem","position":2,"name":"gjenoppbyggingen av fakta etter 45 \u00e5r"}]},{"@type":"WebSite","@id":"https:\/\/nordnesrepublikken.no\/#website","url":"https:\/\/nordnesrepublikken.no\/","name":"Nordnesrepublikken","description":"Stemmer og Visjoner fra Republikkens Hjerte","publisher":{"@id":"https:\/\/nordnesrepublikken.no\/#organization"},"potentialAction":[{"@type":"SearchAction","target":{"@type":"EntryPoint","urlTemplate":"https:\/\/nordnesrepublikken.no\/?s={search_term_string}"},"query-input":{"@type":"PropertyValueSpecification","valueRequired":true,"valueName":"search_term_string"}}],"inLanguage":"nb-NO"},{"@type":"Organization","@id":"https:\/\/nordnesrepublikken.no\/#organization","name":"Nordnesrepublikken","url":"https:\/\/nordnesrepublikken.no\/","logo":{"@type":"ImageObject","inLanguage":"nb-NO","@id":"https:\/\/nordnesrepublikken.no\/#\/schema\/logo\/image\/","url":"https:\/\/nordnesrepublikken.no\/wp-content\/uploads\/2025\/02\/cropped-nordnesrepublikken-2.png","contentUrl":"https:\/\/nordnesrepublikken.no\/wp-content\/uploads\/2025\/02\/cropped-nordnesrepublikken-2.png","width":1248,"height":362,"caption":"Nordnesrepublikken"},"image":{"@id":"https:\/\/nordnesrepublikken.no\/#\/schema\/logo\/image\/"}},{"@type":"Person","@id":"https:\/\/nordnesrepublikken.no\/#\/schema\/person\/2e7e81935bab77882fffb79296240ff1","name":"Ole Andersen","image":{"@type":"ImageObject","inLanguage":"nb-NO","@id":"https:\/\/nordnesrepublikken.no\/#\/schema\/person\/image\/","url":"https:\/\/nordnesrepublikken.no\/wp-content\/uploads\/2025\/02\/nordnesrepublikken-2-2-150x150.jpg","contentUrl":"https:\/\/nordnesrepublikken.no\/wp-content\/uploads\/2025\/02\/nordnesrepublikken-2-2-150x150.jpg","caption":"Ole Andersen"},"description":"Ettersom jeg vokste opp i Oslo, har jeg alltid v\u00e6rt fascinert av ordenes kraft og deres evne til \u00e5 skape endringer. Etter \u00e5 ha fullf\u00f8rt min utdannelse i kommunikasjon ved Universitetet i Bergen, fikk jeg muligheten til \u00e5 jobbe innen ulike medier, der jeg har s\u00f8kt \u00e5 belyse viktige samfunnssp\u00f8rsm\u00e5l. I dag, som redakt\u00f8r for Nordnesrepublikken, pr\u00f8ver jeg \u00e5 forene min kj\u00e6rlighet for journalistikk med min lidenskap for innovasjon og eventyr.","sameAs":["https:\/\/nordnesrepublikken.no\/"]}]}},"_links":{"self":[{"href":"https:\/\/nordnesrepublikken.no\/index.php\/wp-json\/wp\/v2\/posts\/6343","targetHints":{"allow":["GET"]}}],"collection":[{"href":"https:\/\/nordnesrepublikken.no\/index.php\/wp-json\/wp\/v2\/posts"}],"about":[{"href":"https:\/\/nordnesrepublikken.no\/index.php\/wp-json\/wp\/v2\/types\/post"}],"author":[{"embeddable":true,"href":"https:\/\/nordnesrepublikken.no\/index.php\/wp-json\/wp\/v2\/users\/1"}],"replies":[{"embeddable":true,"href":"https:\/\/nordnesrepublikken.no\/index.php\/wp-json\/wp\/v2\/comments?post=6343"}],"version-history":[{"count":1,"href":"https:\/\/nordnesrepublikken.no\/index.php\/wp-json\/wp\/v2\/posts\/6343\/revisions"}],"predecessor-version":[{"id":6345,"href":"https:\/\/nordnesrepublikken.no\/index.php\/wp-json\/wp\/v2\/posts\/6343\/revisions\/6345"}],"wp:featuredmedia":[{"embeddable":true,"href":"https:\/\/nordnesrepublikken.no\/index.php\/wp-json\/wp\/v2\/media\/6344"}],"wp:attachment":[{"href":"https:\/\/nordnesrepublikken.no\/index.php\/wp-json\/wp\/v2\/media?parent=6343"}],"wp:term":[{"taxonomy":"category","embeddable":true,"href":"https:\/\/nordnesrepublikken.no\/index.php\/wp-json\/wp\/v2\/categories?post=6343"},{"taxonomy":"post_tag","embeddable":true,"href":"https:\/\/nordnesrepublikken.no\/index.php\/wp-json\/wp\/v2\/tags?post=6343"}],"curies":[{"name":"wp","href":"https:\/\/api.w.org\/{rel}","templated":true}]}}