{"id":6340,"date":"2025-06-28T04:52:09","date_gmt":"2025-06-28T02:52:09","guid":{"rendered":"https:\/\/nordnesrepublikken.no\/index.php\/2025\/06\/28\/slutten-av-veien-for-diesel-spania-forbereder-ny-itv-regel-som-treffer-hardt\/"},"modified":"2025-06-28T04:52:11","modified_gmt":"2025-06-28T02:52:11","slug":"slutten-av-veien-for-diesel-spania-forbereder-ny-itv-regel-som-treffer-hardt","status":"publish","type":"post","link":"https:\/\/nordnesrepublikken.no\/index.php\/2025\/06\/28\/slutten-av-veien-for-diesel-spania-forbereder-ny-itv-regel-som-treffer-hardt\/","title":{"rendered":"Slutten av veien for diesel? Spania forbereder ny ITV -regel som treffer hardt"},"content":{"rendered":"<p><\/p>\n<div class=\"wordpress-content\">\n                    <!-- Article Start --><\/p>\n<p><strong>Kj\u00f8rer du en dieselbil registrert mellom 2011 og 2015? Det er noe viktig du trenger \u00e5 vite.<\/strong><\/p>\n<p>Europas siste utslipp av utslipp er i ferd med \u00e5 treffe, og bilen din kan v\u00e6re i skytelinjen.<\/p>\n<p>En ny ITV -protokoll (kj\u00f8ret\u00f8y teknisk inspeksjon) blir rullet ut over Spania og kan snart tre i kraft, if\u00f8lge spansk utsalg <em>Motor 16<\/em>. Denne nye forordningen kan etterlate tusenvis av dieselbiler av veien for godt.<\/p>\n<div class=\"sra_unit\"><link rel=\"stylesheet\" id=\"block-sra\" href=\"https:\/\/euroweeklynews.com\/wp-content\/plugins\/snack-related-articles\/dist\/css\/snack-related.min.css?250312-193541\" type=\"text\/css\" media=\"all\">\n<\/div>\n<h2><strong>Europa strammer st\u00f8yen p\u00e5 dieselbiler<\/strong><\/h2>\n<p>Dieselmotorer har lenge v\u00e6rt i EUs korsstoler, og n\u00e5 trapper blokken opp h\u00e5ndhevelse gjennom strengere kj\u00f8ret\u00f8yinspeksjoner.<\/p>\n<p>Hovedm\u00e5let? Biler med Euro 4 og Euro 5 -motorer, den typen som er gammel nok til \u00e5 ha problemer, men ung nok til \u00e5 fortsatt v\u00e6re vanlig p\u00e5 veien.<\/p>\n<p>Mens dieselpartikelfiltre (DPF) har v\u00e6rt obligatoriske siden 2009, har mange av disse bilene enten funksjonsfeil, eller ingen i det hele tatt. Enten p\u00e5 grunn av tukling, slitasje eller bevisst fjerning, tillot disse &laquo;usynlige&raquo; modifikasjonene mange biler \u00e5 passere ITV uoppdaget.<\/p>\n<p>Til n\u00e5.<\/p>\n<h2><strong>Den nye ITV -protokollen<\/strong><\/h2>\n<p>Spania forbereder seg p\u00e5 \u00e5 ta i bruk en mer avansert testmetode som allerede er p\u00e5 plass i land som Tyskland, Sveits og Nederland.<\/p>\n<p>Dette systemet sjekker om DPF faktisk fungerer, ikke bare installert.<\/p>\n<p>Slik fungerer det: N\u00e5r dieselen din g\u00e5r p\u00e5 tomgang under testen, m\u00e5ler en partikkel -teller suspendert partikler per kubikk centimeter over 30 sekunder. Hvis bilen din avgir mer enn tillatt, mislykkes den, selv om den ser ut og h\u00f8res bra ut.<\/p>\n<p>Dette betyr at det \u00e5 ha et blokkert, tuklet eller manglende filter ikke lenger vil g\u00e5 up\u00e5aktet hen. Faktisk kan det stave slutten for mange ellers funksjonelle diesler.<\/p>\n<h2><strong>Fix det eller miste det<\/strong><\/h2>\n<p>Hvis bilen din mislykkes testen, vil du m\u00f8te et t\u00f8ft valg.<\/p>\n<p>Du kan pr\u00f8ve \u00e5 installere en fungerende DPF (hvis du kan finne en). Men for mange eldre modeller produseres ikke nye filtre lenger, og andreh\u00e5ndsalternativer er ikke alltid lovlige eller p\u00e5litelige. Og hvis du kan finne en erstatning, kan du forvente en heftig regning som kan overstige verdien av bilen din.<\/p>\n<p>Bare i Tyskland har over 500 000 dieselbiler allerede forsvunnet fra veiene under lignende regler. Spania kunne snart f\u00f8lge den ledelsen.<\/p>\n<h2><strong>Forsikringsadvarsel<\/strong><\/h2>\n<p>Og det blir verre enn dette. \u00c5 kj\u00f8re med en funksjonshemmet eller manglende DPF er kanskje ikke bare et ITV -problem, det kan ogs\u00e5 betraktes som teknisk uaktsomhet.<\/p>\n<p>I tilfelle en ulykke, kan forsikringsselskapet nekte \u00e5 dekke deg eller redusere kompensasjon, spesielt hvis utslippsrelatert tukling blir oppdaget.<\/p>\n<h2><strong>Er dette slutten av veien for eldre diesel?<\/strong><\/h2>\n<p>Dette nye testet er bare en del av et bredere europeisk trykk for \u00e5 fase ut dieselmotorer helt. Selv om du best\u00e5r testen i dag, strammer lave utslippssoner (ZBE) i st\u00f8rre byer begrensninger, noe som gj\u00f8r det vanskeligere (og snart umulig) for eldre dieselbiler \u00e5 komme inn i urbane omr\u00e5der.<\/p>\n<p>S\u00e5 det som nylig f\u00f8ltes som en budsjettvennlig, holdbar bil, kan n\u00e5 bli en strandet eiendel uten fremtid p\u00e5 europeiske veier.<\/p>\n<p>                    <!-- Article End --><\/p><\/div>\n","protected":false},"excerpt":{"rendered":"<p>Kj\u00f8rer du en dieselbil registrert mellom 2011 og 2015? Det er noe viktig du trenger<\/p>\n","protected":false},"author":1,"featured_media":6341,"comment_status":"closed","ping_status":"open","sticky":false,"template":"","format":"standard","meta":{"footnotes":""},"categories":[105],"tags":[4024,4025,4027,4026,1796,2368,31,529,1295,1082],"class_list":["post-6340","post","type-post","status-publish","format-standard","has-post-thumbnail","hentry","category-livsstil","tag-diesel","tag-forbereder","tag-hardt","tag-itv","tag-regel","tag-slutten","tag-som","tag-spania","tag-treffer","tag-veien","generate-columns","tablet-grid-50","mobile-grid-100","grid-parent","grid-33","resize-featured-image"],"yoast_head":"<!-- This site is optimized with the Yoast SEO plugin v24.4 - https:\/\/yoast.com\/wordpress\/plugins\/seo\/ -->\n<title>Slutten av veien for diesel? Spania forbereder ny ITV -regel som treffer hardt - Nordnesrepublikken<\/title>\n<meta name=\"robots\" content=\"index, follow, max-snippet:-1, max-image-preview:large, max-video-preview:-1\" \/>\n<link rel=\"canonical\" href=\"https:\/\/nordnesrepublikken.no\/index.php\/2025\/06\/28\/slutten-av-veien-for-diesel-spania-forbereder-ny-itv-regel-som-treffer-hardt\/\" \/>\n<meta property=\"og:locale\" content=\"nb_NO\" \/>\n<meta property=\"og:type\" content=\"article\" \/>\n<meta property=\"og:title\" content=\"Slutten av veien for diesel? Spania forbereder ny ITV -regel som treffer hardt - Nordnesrepublikken\" \/>\n<meta property=\"og:description\" content=\"Kj\u00f8rer du en dieselbil registrert mellom 2011 og 2015? Det er noe viktig du trenger\" \/>\n<meta property=\"og:url\" content=\"https:\/\/nordnesrepublikken.no\/index.php\/2025\/06\/28\/slutten-av-veien-for-diesel-spania-forbereder-ny-itv-regel-som-treffer-hardt\/\" \/>\n<meta property=\"og:site_name\" content=\"Nordnesrepublikken\" \/>\n<meta property=\"article:published_time\" content=\"2025-06-28T02:52:09+00:00\" \/>\n<meta property=\"article:modified_time\" content=\"2025-06-28T02:52:11+00:00\" \/>\n<meta property=\"og:image\" content=\"https:\/\/nordnesrepublikken.no\/wp-content\/uploads\/2025\/06\/1751079130_Slutten-av-veien-for-diesel-Spania-forbereder-ny-ITV-regel.jpg\" \/>\n\t<meta property=\"og:image:width\" content=\"1200\" \/>\n\t<meta property=\"og:image:height\" content=\"681\" \/>\n\t<meta property=\"og:image:type\" content=\"image\/jpeg\" \/>\n<meta name=\"author\" content=\"Ole Andersen\" \/>\n<meta name=\"twitter:card\" content=\"summary_large_image\" \/>\n<meta name=\"twitter:label1\" content=\"Skrevet av\" \/>\n\t<meta name=\"twitter:data1\" content=\"Ole Andersen\" \/>\n\t<meta name=\"twitter:label2\" content=\"Ansl. lesetid\" \/>\n\t<meta name=\"twitter:data2\" content=\"2 minutter\" \/>\n<script type=\"application\/ld+json\" class=\"yoast-schema-graph\">{\"@context\":\"https:\/\/schema.org\",\"@graph\":[{\"@type\":\"Article\",\"@id\":\"https:\/\/nordnesrepublikken.no\/index.php\/2025\/06\/28\/slutten-av-veien-for-diesel-spania-forbereder-ny-itv-regel-som-treffer-hardt\/#article\",\"isPartOf\":{\"@id\":\"https:\/\/nordnesrepublikken.no\/index.php\/2025\/06\/28\/slutten-av-veien-for-diesel-spania-forbereder-ny-itv-regel-som-treffer-hardt\/\"},\"author\":{\"name\":\"Ole Andersen\",\"@id\":\"https:\/\/nordnesrepublikken.no\/#\/schema\/person\/2e7e81935bab77882fffb79296240ff1\"},\"headline\":\"Slutten av veien for diesel? Spania forbereder ny ITV -regel som treffer hardt\",\"datePublished\":\"2025-06-28T02:52:09+00:00\",\"dateModified\":\"2025-06-28T02:52:11+00:00\",\"mainEntityOfPage\":{\"@id\":\"https:\/\/nordnesrepublikken.no\/index.php\/2025\/06\/28\/slutten-av-veien-for-diesel-spania-forbereder-ny-itv-regel-som-treffer-hardt\/\"},\"wordCount\":506,\"publisher\":{\"@id\":\"https:\/\/nordnesrepublikken.no\/#organization\"},\"image\":{\"@id\":\"https:\/\/nordnesrepublikken.no\/index.php\/2025\/06\/28\/slutten-av-veien-for-diesel-spania-forbereder-ny-itv-regel-som-treffer-hardt\/#primaryimage\"},\"thumbnailUrl\":\"https:\/\/nordnesrepublikken.no\/wp-content\/uploads\/2025\/06\/1751079130_Slutten-av-veien-for-diesel-Spania-forbereder-ny-ITV-regel.jpg\",\"keywords\":[\"diesel\",\"forbereder\",\"hardt\",\"ITV\",\"regel\",\"slutten\",\"som\",\"Spania\",\"treffer\",\"veien\"],\"articleSection\":[\"Livsstil\"],\"inLanguage\":\"nb-NO\"},{\"@type\":\"WebPage\",\"@id\":\"https:\/\/nordnesrepublikken.no\/index.php\/2025\/06\/28\/slutten-av-veien-for-diesel-spania-forbereder-ny-itv-regel-som-treffer-hardt\/\",\"url\":\"https:\/\/nordnesrepublikken.no\/index.php\/2025\/06\/28\/slutten-av-veien-for-diesel-spania-forbereder-ny-itv-regel-som-treffer-hardt\/\",\"name\":\"Slutten av veien for diesel? Spania forbereder ny ITV -regel som treffer hardt - Nordnesrepublikken\",\"isPartOf\":{\"@id\":\"https:\/\/nordnesrepublikken.no\/#website\"},\"primaryImageOfPage\":{\"@id\":\"https:\/\/nordnesrepublikken.no\/index.php\/2025\/06\/28\/slutten-av-veien-for-diesel-spania-forbereder-ny-itv-regel-som-treffer-hardt\/#primaryimage\"},\"image\":{\"@id\":\"https:\/\/nordnesrepublikken.no\/index.php\/2025\/06\/28\/slutten-av-veien-for-diesel-spania-forbereder-ny-itv-regel-som-treffer-hardt\/#primaryimage\"},\"thumbnailUrl\":\"https:\/\/nordnesrepublikken.no\/wp-content\/uploads\/2025\/06\/1751079130_Slutten-av-veien-for-diesel-Spania-forbereder-ny-ITV-regel.jpg\",\"datePublished\":\"2025-06-28T02:52:09+00:00\",\"dateModified\":\"2025-06-28T02:52:11+00:00\",\"breadcrumb\":{\"@id\":\"https:\/\/nordnesrepublikken.no\/index.php\/2025\/06\/28\/slutten-av-veien-for-diesel-spania-forbereder-ny-itv-regel-som-treffer-hardt\/#breadcrumb\"},\"inLanguage\":\"nb-NO\",\"potentialAction\":[{\"@type\":\"ReadAction\",\"target\":[\"https:\/\/nordnesrepublikken.no\/index.php\/2025\/06\/28\/slutten-av-veien-for-diesel-spania-forbereder-ny-itv-regel-som-treffer-hardt\/\"]}]},{\"@type\":\"ImageObject\",\"inLanguage\":\"nb-NO\",\"@id\":\"https:\/\/nordnesrepublikken.no\/index.php\/2025\/06\/28\/slutten-av-veien-for-diesel-spania-forbereder-ny-itv-regel-som-treffer-hardt\/#primaryimage\",\"url\":\"https:\/\/nordnesrepublikken.no\/wp-content\/uploads\/2025\/06\/1751079130_Slutten-av-veien-for-diesel-Spania-forbereder-ny-ITV-regel.jpg\",\"contentUrl\":\"https:\/\/nordnesrepublikken.no\/wp-content\/uploads\/2025\/06\/1751079130_Slutten-av-veien-for-diesel-Spania-forbereder-ny-ITV-regel.jpg\",\"width\":1200,\"height\":681,\"caption\":\"Slutten av veien for diesel? Spania forbereder ny ITV -regel som treffer hardt\"},{\"@type\":\"BreadcrumbList\",\"@id\":\"https:\/\/nordnesrepublikken.no\/index.php\/2025\/06\/28\/slutten-av-veien-for-diesel-spania-forbereder-ny-itv-regel-som-treffer-hardt\/#breadcrumb\",\"itemListElement\":[{\"@type\":\"ListItem\",\"position\":1,\"name\":\"Home\",\"item\":\"https:\/\/nordnesrepublikken.no\/\"},{\"@type\":\"ListItem\",\"position\":2,\"name\":\"Slutten av veien for diesel? Spania forbereder ny ITV -regel som treffer hardt\"}]},{\"@type\":\"WebSite\",\"@id\":\"https:\/\/nordnesrepublikken.no\/#website\",\"url\":\"https:\/\/nordnesrepublikken.no\/\",\"name\":\"Nordnesrepublikken\",\"description\":\"Stemmer og Visjoner fra Republikkens Hjerte\",\"publisher\":{\"@id\":\"https:\/\/nordnesrepublikken.no\/#organization\"},\"potentialAction\":[{\"@type\":\"SearchAction\",\"target\":{\"@type\":\"EntryPoint\",\"urlTemplate\":\"https:\/\/nordnesrepublikken.no\/?s={search_term_string}\"},\"query-input\":{\"@type\":\"PropertyValueSpecification\",\"valueRequired\":true,\"valueName\":\"search_term_string\"}}],\"inLanguage\":\"nb-NO\"},{\"@type\":\"Organization\",\"@id\":\"https:\/\/nordnesrepublikken.no\/#organization\",\"name\":\"Nordnesrepublikken\",\"url\":\"https:\/\/nordnesrepublikken.no\/\",\"logo\":{\"@type\":\"ImageObject\",\"inLanguage\":\"nb-NO\",\"@id\":\"https:\/\/nordnesrepublikken.no\/#\/schema\/logo\/image\/\",\"url\":\"https:\/\/nordnesrepublikken.no\/wp-content\/uploads\/2025\/02\/cropped-nordnesrepublikken-2.png\",\"contentUrl\":\"https:\/\/nordnesrepublikken.no\/wp-content\/uploads\/2025\/02\/cropped-nordnesrepublikken-2.png\",\"width\":1248,\"height\":362,\"caption\":\"Nordnesrepublikken\"},\"image\":{\"@id\":\"https:\/\/nordnesrepublikken.no\/#\/schema\/logo\/image\/\"}},{\"@type\":\"Person\",\"@id\":\"https:\/\/nordnesrepublikken.no\/#\/schema\/person\/2e7e81935bab77882fffb79296240ff1\",\"name\":\"Ole Andersen\",\"image\":{\"@type\":\"ImageObject\",\"inLanguage\":\"nb-NO\",\"@id\":\"https:\/\/nordnesrepublikken.no\/#\/schema\/person\/image\/\",\"url\":\"https:\/\/nordnesrepublikken.no\/wp-content\/uploads\/2025\/02\/nordnesrepublikken-2-2-150x150.jpg\",\"contentUrl\":\"https:\/\/nordnesrepublikken.no\/wp-content\/uploads\/2025\/02\/nordnesrepublikken-2-2-150x150.jpg\",\"caption\":\"Ole Andersen\"},\"description\":\"Ettersom jeg vokste opp i Oslo, har jeg alltid v\u00e6rt fascinert av ordenes kraft og deres evne til \u00e5 skape endringer. Etter \u00e5 ha fullf\u00f8rt min utdannelse i kommunikasjon ved Universitetet i Bergen, fikk jeg muligheten til \u00e5 jobbe innen ulike medier, der jeg har s\u00f8kt \u00e5 belyse viktige samfunnssp\u00f8rsm\u00e5l. I dag, som redakt\u00f8r for Nordnesrepublikken, pr\u00f8ver jeg \u00e5 forene min kj\u00e6rlighet for journalistikk med min lidenskap for innovasjon og eventyr.\",\"sameAs\":[\"https:\/\/nordnesrepublikken.no\/\"]}]}<\/script>\n<!-- \/ Yoast SEO plugin. -->","yoast_head_json":{"title":"Slutten av veien for diesel? Spania forbereder ny ITV -regel som treffer hardt - Nordnesrepublikken","robots":{"index":"index","follow":"follow","max-snippet":"max-snippet:-1","max-image-preview":"max-image-preview:large","max-video-preview":"max-video-preview:-1"},"canonical":"https:\/\/nordnesrepublikken.no\/index.php\/2025\/06\/28\/slutten-av-veien-for-diesel-spania-forbereder-ny-itv-regel-som-treffer-hardt\/","og_locale":"nb_NO","og_type":"article","og_title":"Slutten av veien for diesel? Spania forbereder ny ITV -regel som treffer hardt - Nordnesrepublikken","og_description":"Kj\u00f8rer du en dieselbil registrert mellom 2011 og 2015? Det er noe viktig du trenger","og_url":"https:\/\/nordnesrepublikken.no\/index.php\/2025\/06\/28\/slutten-av-veien-for-diesel-spania-forbereder-ny-itv-regel-som-treffer-hardt\/","og_site_name":"Nordnesrepublikken","article_published_time":"2025-06-28T02:52:09+00:00","article_modified_time":"2025-06-28T02:52:11+00:00","og_image":[{"width":1200,"height":681,"url":"https:\/\/nordnesrepublikken.no\/wp-content\/uploads\/2025\/06\/1751079130_Slutten-av-veien-for-diesel-Spania-forbereder-ny-ITV-regel.jpg","type":"image\/jpeg"}],"author":"Ole Andersen","twitter_card":"summary_large_image","twitter_misc":{"Skrevet av":"Ole Andersen","Ansl. lesetid":"2 minutter"},"schema":{"@context":"https:\/\/schema.org","@graph":[{"@type":"Article","@id":"https:\/\/nordnesrepublikken.no\/index.php\/2025\/06\/28\/slutten-av-veien-for-diesel-spania-forbereder-ny-itv-regel-som-treffer-hardt\/#article","isPartOf":{"@id":"https:\/\/nordnesrepublikken.no\/index.php\/2025\/06\/28\/slutten-av-veien-for-diesel-spania-forbereder-ny-itv-regel-som-treffer-hardt\/"},"author":{"name":"Ole Andersen","@id":"https:\/\/nordnesrepublikken.no\/#\/schema\/person\/2e7e81935bab77882fffb79296240ff1"},"headline":"Slutten av veien for diesel? Spania forbereder ny ITV -regel som treffer hardt","datePublished":"2025-06-28T02:52:09+00:00","dateModified":"2025-06-28T02:52:11+00:00","mainEntityOfPage":{"@id":"https:\/\/nordnesrepublikken.no\/index.php\/2025\/06\/28\/slutten-av-veien-for-diesel-spania-forbereder-ny-itv-regel-som-treffer-hardt\/"},"wordCount":506,"publisher":{"@id":"https:\/\/nordnesrepublikken.no\/#organization"},"image":{"@id":"https:\/\/nordnesrepublikken.no\/index.php\/2025\/06\/28\/slutten-av-veien-for-diesel-spania-forbereder-ny-itv-regel-som-treffer-hardt\/#primaryimage"},"thumbnailUrl":"https:\/\/nordnesrepublikken.no\/wp-content\/uploads\/2025\/06\/1751079130_Slutten-av-veien-for-diesel-Spania-forbereder-ny-ITV-regel.jpg","keywords":["diesel","forbereder","hardt","ITV","regel","slutten","som","Spania","treffer","veien"],"articleSection":["Livsstil"],"inLanguage":"nb-NO"},{"@type":"WebPage","@id":"https:\/\/nordnesrepublikken.no\/index.php\/2025\/06\/28\/slutten-av-veien-for-diesel-spania-forbereder-ny-itv-regel-som-treffer-hardt\/","url":"https:\/\/nordnesrepublikken.no\/index.php\/2025\/06\/28\/slutten-av-veien-for-diesel-spania-forbereder-ny-itv-regel-som-treffer-hardt\/","name":"Slutten av veien for diesel? Spania forbereder ny ITV -regel som treffer hardt - Nordnesrepublikken","isPartOf":{"@id":"https:\/\/nordnesrepublikken.no\/#website"},"primaryImageOfPage":{"@id":"https:\/\/nordnesrepublikken.no\/index.php\/2025\/06\/28\/slutten-av-veien-for-diesel-spania-forbereder-ny-itv-regel-som-treffer-hardt\/#primaryimage"},"image":{"@id":"https:\/\/nordnesrepublikken.no\/index.php\/2025\/06\/28\/slutten-av-veien-for-diesel-spania-forbereder-ny-itv-regel-som-treffer-hardt\/#primaryimage"},"thumbnailUrl":"https:\/\/nordnesrepublikken.no\/wp-content\/uploads\/2025\/06\/1751079130_Slutten-av-veien-for-diesel-Spania-forbereder-ny-ITV-regel.jpg","datePublished":"2025-06-28T02:52:09+00:00","dateModified":"2025-06-28T02:52:11+00:00","breadcrumb":{"@id":"https:\/\/nordnesrepublikken.no\/index.php\/2025\/06\/28\/slutten-av-veien-for-diesel-spania-forbereder-ny-itv-regel-som-treffer-hardt\/#breadcrumb"},"inLanguage":"nb-NO","potentialAction":[{"@type":"ReadAction","target":["https:\/\/nordnesrepublikken.no\/index.php\/2025\/06\/28\/slutten-av-veien-for-diesel-spania-forbereder-ny-itv-regel-som-treffer-hardt\/"]}]},{"@type":"ImageObject","inLanguage":"nb-NO","@id":"https:\/\/nordnesrepublikken.no\/index.php\/2025\/06\/28\/slutten-av-veien-for-diesel-spania-forbereder-ny-itv-regel-som-treffer-hardt\/#primaryimage","url":"https:\/\/nordnesrepublikken.no\/wp-content\/uploads\/2025\/06\/1751079130_Slutten-av-veien-for-diesel-Spania-forbereder-ny-ITV-regel.jpg","contentUrl":"https:\/\/nordnesrepublikken.no\/wp-content\/uploads\/2025\/06\/1751079130_Slutten-av-veien-for-diesel-Spania-forbereder-ny-ITV-regel.jpg","width":1200,"height":681,"caption":"Slutten av veien for diesel? Spania forbereder ny ITV -regel som treffer hardt"},{"@type":"BreadcrumbList","@id":"https:\/\/nordnesrepublikken.no\/index.php\/2025\/06\/28\/slutten-av-veien-for-diesel-spania-forbereder-ny-itv-regel-som-treffer-hardt\/#breadcrumb","itemListElement":[{"@type":"ListItem","position":1,"name":"Home","item":"https:\/\/nordnesrepublikken.no\/"},{"@type":"ListItem","position":2,"name":"Slutten av veien for diesel? Spania forbereder ny ITV -regel som treffer hardt"}]},{"@type":"WebSite","@id":"https:\/\/nordnesrepublikken.no\/#website","url":"https:\/\/nordnesrepublikken.no\/","name":"Nordnesrepublikken","description":"Stemmer og Visjoner fra Republikkens Hjerte","publisher":{"@id":"https:\/\/nordnesrepublikken.no\/#organization"},"potentialAction":[{"@type":"SearchAction","target":{"@type":"EntryPoint","urlTemplate":"https:\/\/nordnesrepublikken.no\/?s={search_term_string}"},"query-input":{"@type":"PropertyValueSpecification","valueRequired":true,"valueName":"search_term_string"}}],"inLanguage":"nb-NO"},{"@type":"Organization","@id":"https:\/\/nordnesrepublikken.no\/#organization","name":"Nordnesrepublikken","url":"https:\/\/nordnesrepublikken.no\/","logo":{"@type":"ImageObject","inLanguage":"nb-NO","@id":"https:\/\/nordnesrepublikken.no\/#\/schema\/logo\/image\/","url":"https:\/\/nordnesrepublikken.no\/wp-content\/uploads\/2025\/02\/cropped-nordnesrepublikken-2.png","contentUrl":"https:\/\/nordnesrepublikken.no\/wp-content\/uploads\/2025\/02\/cropped-nordnesrepublikken-2.png","width":1248,"height":362,"caption":"Nordnesrepublikken"},"image":{"@id":"https:\/\/nordnesrepublikken.no\/#\/schema\/logo\/image\/"}},{"@type":"Person","@id":"https:\/\/nordnesrepublikken.no\/#\/schema\/person\/2e7e81935bab77882fffb79296240ff1","name":"Ole Andersen","image":{"@type":"ImageObject","inLanguage":"nb-NO","@id":"https:\/\/nordnesrepublikken.no\/#\/schema\/person\/image\/","url":"https:\/\/nordnesrepublikken.no\/wp-content\/uploads\/2025\/02\/nordnesrepublikken-2-2-150x150.jpg","contentUrl":"https:\/\/nordnesrepublikken.no\/wp-content\/uploads\/2025\/02\/nordnesrepublikken-2-2-150x150.jpg","caption":"Ole Andersen"},"description":"Ettersom jeg vokste opp i Oslo, har jeg alltid v\u00e6rt fascinert av ordenes kraft og deres evne til \u00e5 skape endringer. Etter \u00e5 ha fullf\u00f8rt min utdannelse i kommunikasjon ved Universitetet i Bergen, fikk jeg muligheten til \u00e5 jobbe innen ulike medier, der jeg har s\u00f8kt \u00e5 belyse viktige samfunnssp\u00f8rsm\u00e5l. I dag, som redakt\u00f8r for Nordnesrepublikken, pr\u00f8ver jeg \u00e5 forene min kj\u00e6rlighet for journalistikk med min lidenskap for innovasjon og eventyr.","sameAs":["https:\/\/nordnesrepublikken.no\/"]}]}},"_links":{"self":[{"href":"https:\/\/nordnesrepublikken.no\/index.php\/wp-json\/wp\/v2\/posts\/6340","targetHints":{"allow":["GET"]}}],"collection":[{"href":"https:\/\/nordnesrepublikken.no\/index.php\/wp-json\/wp\/v2\/posts"}],"about":[{"href":"https:\/\/nordnesrepublikken.no\/index.php\/wp-json\/wp\/v2\/types\/post"}],"author":[{"embeddable":true,"href":"https:\/\/nordnesrepublikken.no\/index.php\/wp-json\/wp\/v2\/users\/1"}],"replies":[{"embeddable":true,"href":"https:\/\/nordnesrepublikken.no\/index.php\/wp-json\/wp\/v2\/comments?post=6340"}],"version-history":[{"count":1,"href":"https:\/\/nordnesrepublikken.no\/index.php\/wp-json\/wp\/v2\/posts\/6340\/revisions"}],"predecessor-version":[{"id":6342,"href":"https:\/\/nordnesrepublikken.no\/index.php\/wp-json\/wp\/v2\/posts\/6340\/revisions\/6342"}],"wp:featuredmedia":[{"embeddable":true,"href":"https:\/\/nordnesrepublikken.no\/index.php\/wp-json\/wp\/v2\/media\/6341"}],"wp:attachment":[{"href":"https:\/\/nordnesrepublikken.no\/index.php\/wp-json\/wp\/v2\/media?parent=6340"}],"wp:term":[{"taxonomy":"category","embeddable":true,"href":"https:\/\/nordnesrepublikken.no\/index.php\/wp-json\/wp\/v2\/categories?post=6340"},{"taxonomy":"post_tag","embeddable":true,"href":"https:\/\/nordnesrepublikken.no\/index.php\/wp-json\/wp\/v2\/tags?post=6340"}],"curies":[{"name":"wp","href":"https:\/\/api.w.org\/{rel}","templated":true}]}}