{"id":6328,"date":"2025-06-27T17:49:47","date_gmt":"2025-06-27T15:49:47","guid":{"rendered":"https:\/\/nordnesrepublikken.no\/index.php\/2025\/06\/27\/hva-er-situasjonen-i-gaza-mellom-post-iran-og-new-stop-to-humanitarian-aid\/"},"modified":"2025-06-27T17:50:06","modified_gmt":"2025-06-27T15:50:06","slug":"hva-er-situasjonen-i-gaza-mellom-post-iran-og-new-stop-to-humanitarian-aid","status":"publish","type":"post","link":"https:\/\/nordnesrepublikken.no\/index.php\/2025\/06\/27\/hva-er-situasjonen-i-gaza-mellom-post-iran-og-new-stop-to-humanitarian-aid\/","title":{"rendered":"Hva er situasjonen i Gaza mellom Post-Iran og New Stop to Humanitarian Aid"},"content":{"rendered":"<div>\n<div class=\"cp_wrapper cp_wrapper--fw mb-30 mb-20@tablet\">\n<figure class=\"mm\"><picture class=\"img\" style=\"padding-top:56.25%\"><source  media=\"(min-width: 1024px)\"><source  media=\"(min-width: 768px)\"><\/source><\/source><\/picture><\/figure>\n<\/p><\/div>\n<p>I g\u00e5r, torsdag 26. juni,<strong> Israel har igjen blokkert inngangene til humanit\u00e6r hjelp til Gaza<\/strong>lukker pasningene nord for stripen. For Tel Aviv -regjeringen ble avgj\u00f8relsen rettferdiggjort av noen videoer som dukket opp p\u00e5 sosiale medier som viste v\u00e6pnede menn for \u00e5 vokte humanit\u00e6re bistandsbiler. Selv om operat\u00f8rene p\u00e5 stedet hevder at dette er lokale militser ved tjeneste for r\u00e5dets r\u00e5d og som har ansvaret for \u00e5 forsvare hjelp fra plyndrene, for den israelske regjeringen ville det v\u00e6re Hamas militsmenn. Avgj\u00f8relsen vil forverre en allerede katastrofal situasjon, med <strong>Hundretusenvis av mennesker i fare for sult<\/strong> av totalt over to millioner Gazawi.<\/p>\n<p>I mellomtiden, i henhold til det som ble rapportert av BBC, i de tidlige timene av morgenen i det minste <strong>18 palestinere<\/strong> De ble drept etter et angrep av israelske droner i byen <strong>Deir al-Balah<\/strong>i den sentrale Gazastripen. If\u00f8lge noen kilder ville dronene ha skutt mot en politistyrke i Hamas (hvis medlemmer var i sivile kl\u00e6r og masker) som anklaget selgerne i markedet for \u00e5 spekulere i prisene som ble foresl\u00e5tt av noen handelsmenn p\u00e5 en serie varer stj\u00e5let fra lastebilene til humanit\u00e6r hjelp.<\/p>\n<h2>Krigsforbrytelser i Gaza<\/h2>\n<p>Mens internasjonal oppmerksomhet har fokusert p\u00e5 konflikten om tolv dager mellom Israel og Iran, fortsatte de vilk\u00e5rlige angrepene fra IDF (Israel Defense Forces) mot sivile i Gaza. Hvis minst 56 palestinere drept i Gaza ville v\u00e6rt bare torsdag 26. juni, <strong>I l\u00f8pet av den s\u00e5kalte 12 dagers krigen ville mer enn 800 mennesker blitt drept<\/strong>.<\/p>\n<p>I tillegg til bombeangrepene, mer og mer <strong>Folk forblir drept i mengden p\u00e5 matfordelingspunkter<\/strong> Eller for &laquo;advarselsstrekene&raquo; som den israelske milit\u00e6ret hevder \u00e5 skyte i luften for \u00e5 styre mengden. Den totale svikt i den humanit\u00e6re styringen av Gaza av Israel gir n\u00e5 rom for mistanke om at det faktisk er en <strong>bevisst strategi<\/strong> av regjeringen til Tel Aviv for <strong>Bruk sult som et krigsv\u00e5pen mot hele det palestinske folket<\/strong>. For \u00e5 bekrefte at det n\u00e5 ogs\u00e5 er en <strong>Rapport om europeiske institusjoner om israelske krigsforbrytelser i Gaza<\/strong>at den spanske statsministeren <strong>Pedro Sanchez<\/strong> Han har nylig nevnt at det som har skjedd i stripen i nesten to \u00e5r, og kalt ham et virkelig folkemord mot det palestinske folket.<\/p>\n<div class=\"cp_wrapper cp_wrapper--fw mb-50\">\n<figure class=\"mm\"><picture class=\"img\" style=\"padding-top:66.666666666667%\"><source  media=\"(min-width: 1024px)\"><source  media=\"(min-width: 768px)\"><img decoding=\"async\" loading=\"lazy\" src=\"https:\/\/nordnesrepublikken.no\/wp-content\/uploads\/2025\/06\/1751039387_978_Hva-er-situasjonen-i-Gaza-mellom-Post-Iran-og-New-Stop.jpg\" alt=\"Bilde\" width=\"1200\" height=\"800\"><\/source><\/source><\/picture><\/figure>\n<\/p><\/div>\n<h2>Sult som et v\u00e5pen<\/h2>\n<p>Selv om Israel allerede har avvist avhandlingen om den europeiske rapporten ved \u00e5 ty til et repertoar som allerede er sett i beskyldninger om anti -semittisme og anti -israelsk skjevhet, styrker det de siste m\u00e5nedene klager fra internasjonale institusjoner og frivillige organisasjoner.<\/p>\n<p>De <strong>2. mars<\/strong> Siste h\u00f8yre h\u00f8yre regjering av den israelske statsministeren Benjamin Netanyahu hadde p\u00e5lagt en <strong>Total blokkering av aids innkommende til Gaza som varte i 11 uker<\/strong>for\u00e5rsaker d\u00f8d av sult etter et ukjent antall mennesker. Etter den totale blokken, ogs\u00e5 takket v\u00e6re <strong>Internasjonalt press<\/strong> I noen dager tillot han inngangen til stripen til noen f\u00e5 titalls lastebiler, mot hundrevis som ville tjene daglig for \u00e5 st\u00f8tte to millioner mennesker som n\u00e5 bor i et land uten \u00f8delagte uavbrutte m\u00e5neder med bombeangrep og systematiske rivinger av bygninger og infrastrukturer.<\/p>\n<h2>Fasadedriften av <strong>Gaza Humanitarian Foundation<\/strong><\/h2>\n<p>N\u00e5 er israelsk propaganda avhengig av <strong>Fasadeoperasjoner av Gaza Humanitarian Foundation<\/strong> (GHF), en organisasjon opprettet i februar 2025, hvorav finansmennene ikke er kjent, men \u00e5pent st\u00f8ttet av den fjerne rettslige israelske regjeringen og USA. GHF begynte \u00e5 operere p\u00e5 feltet i Gaza mandag 26. mai, ineffektiv og med en <strong>Kaotisk ledelse som allerede har for\u00e5rsaket flere episoder med vold<\/strong>.<\/p>\n<p>I teorien b\u00f8r den israelske h\u00e6ren faktisk v\u00e6re stasjonert omtrent 300 meter fra distribusjonspunktene, mens intern sikkerhet skal garanteres av leiesoldater fra amerikanske private selskaper. Men de sv\u00e6rt f\u00e5 humanit\u00e6re pakkene og de mange menneskene i k\u00f8en for \u00e5 konkurrere om dem s\u00f8rger for at en tilstand av mengde og kaos vanskelig \u00e5 styre, med det israelske milit\u00e6ret som griper inn ved \u00e5 skyte p\u00e5 mengden: resultatet er at resultatet er det <strong>Noen hundrevis av mennesker som var i k\u00f8en har allerede d\u00f8dd rundt de f\u00e5 distribusjonspunktene<\/strong>.<\/p>\n<p>I tillegg til skaden, fordeler til og med h\u00e5n: GHF, faktisk, matsjangre som pasta eller ris, som ofte ikke kan tilberedes av de som mottar dem for mangel p\u00e5 vann eller drivstoff for \u00e5 f\u00e5 komfyren eller \u00e5krene til \u00e5 fungere. Dessuten, dessuten <strong>GHF opererer med bare 3 distribusjonspunkter, mot over 400 som tidligere var satt opp<\/strong> Fra over 200 av andre frivillige organisasjoner og FNs byr\u00e5er &#8211; n\u00e5 stengt p\u00e5 innf\u00f8ringen av regjeringen i Tel Aviv.<\/p>\n<p>Gitt <strong>\u00e5penbar konkurs<\/strong> Av Humanitarian Foundation skrev hans egen ut\u00f8vende president for \u00e5 midlertidige Johnnie Moore et brev til FNs generalsekret\u00e6r Antonio Guterres for \u00e5 be om \u00e5 &laquo;samarbeide, siden tiden er inne i ansiktet, uten eufemismer eller forsinkelser, strukturell svikt i tilf\u00f8rselen av hjelp til Gaza og \u00e5 rette ruten avgj\u00f8rende&raquo;. I mellomtiden, i de 20 m\u00e5nedene av konflikten som ble sluppet l\u00f8s av angrepene 7. oktober 2023 av Hamas, den <strong>Antall d\u00f8dsfall i Gaza har overskredet 56 tusen, for det meste sivile<\/strong>.<\/p>\n<\/p><\/div>\n","protected":false},"excerpt":{"rendered":"<p>I g\u00e5r, torsdag 26. juni, Israel har igjen blokkert inngangene til humanit\u00e6r hjelp til Gazalukker<\/p>\n","protected":false},"author":1,"featured_media":6329,"comment_status":"closed","ping_status":"open","sticky":false,"template":"","format":"standard","meta":{"footnotes":""},"categories":[23],"tags":[4010,85,4009,144,212,4007,567,4008],"class_list":["post-6328","post","type-post","status-publish","format-standard","has-post-thumbnail","hentry","category-politikk","tag-aid","tag-gaza","tag-humanitarian","tag-hva","tag-mellom","tag-postiran","tag-situasjonen","tag-stop","generate-columns","tablet-grid-50","mobile-grid-100","grid-parent","grid-33","resize-featured-image"],"yoast_head":"<!-- This site is optimized with the Yoast SEO plugin v24.4 - https:\/\/yoast.com\/wordpress\/plugins\/seo\/ -->\n<title>Hva er situasjonen i Gaza mellom Post-Iran og New Stop to Humanitarian Aid - Nordnesrepublikken<\/title>\n<meta name=\"robots\" content=\"index, follow, max-snippet:-1, max-image-preview:large, max-video-preview:-1\" \/>\n<link rel=\"canonical\" href=\"https:\/\/nordnesrepublikken.no\/index.php\/2025\/06\/27\/hva-er-situasjonen-i-gaza-mellom-post-iran-og-new-stop-to-humanitarian-aid\/\" \/>\n<meta property=\"og:locale\" content=\"nb_NO\" \/>\n<meta property=\"og:type\" content=\"article\" \/>\n<meta property=\"og:title\" content=\"Hva er situasjonen i Gaza mellom Post-Iran og New Stop to Humanitarian Aid - Nordnesrepublikken\" \/>\n<meta property=\"og:description\" content=\"I g\u00e5r, torsdag 26. juni, Israel har igjen blokkert inngangene til humanit\u00e6r hjelp til Gazalukker\" \/>\n<meta property=\"og:url\" content=\"https:\/\/nordnesrepublikken.no\/index.php\/2025\/06\/27\/hva-er-situasjonen-i-gaza-mellom-post-iran-og-new-stop-to-humanitarian-aid\/\" \/>\n<meta property=\"og:site_name\" content=\"Nordnesrepublikken\" \/>\n<meta property=\"article:published_time\" content=\"2025-06-27T15:49:47+00:00\" \/>\n<meta property=\"article:modified_time\" content=\"2025-06-27T15:50:06+00:00\" \/>\n<meta property=\"og:image\" content=\"https:\/\/nordnesrepublikken.no\/wp-content\/uploads\/2025\/06\/1751039388_Hva-er-situasjonen-i-Gaza-mellom-Post-Iran-og-New-Stop-scaled.jpg\" \/>\n\t<meta property=\"og:image:width\" content=\"2560\" \/>\n\t<meta property=\"og:image:height\" content=\"1706\" \/>\n\t<meta property=\"og:image:type\" content=\"image\/jpeg\" \/>\n<meta name=\"author\" content=\"Ole Andersen\" \/>\n<meta name=\"twitter:card\" content=\"summary_large_image\" \/>\n<meta name=\"twitter:label1\" content=\"Skrevet av\" \/>\n\t<meta name=\"twitter:data1\" content=\"Ole Andersen\" \/>\n\t<meta name=\"twitter:label2\" content=\"Ansl. lesetid\" \/>\n\t<meta name=\"twitter:data2\" content=\"4 minutter\" \/>\n<script type=\"application\/ld+json\" class=\"yoast-schema-graph\">{\"@context\":\"https:\/\/schema.org\",\"@graph\":[{\"@type\":\"Article\",\"@id\":\"https:\/\/nordnesrepublikken.no\/index.php\/2025\/06\/27\/hva-er-situasjonen-i-gaza-mellom-post-iran-og-new-stop-to-humanitarian-aid\/#article\",\"isPartOf\":{\"@id\":\"https:\/\/nordnesrepublikken.no\/index.php\/2025\/06\/27\/hva-er-situasjonen-i-gaza-mellom-post-iran-og-new-stop-to-humanitarian-aid\/\"},\"author\":{\"name\":\"Ole Andersen\",\"@id\":\"https:\/\/nordnesrepublikken.no\/#\/schema\/person\/2e7e81935bab77882fffb79296240ff1\"},\"headline\":\"Hva er situasjonen i Gaza mellom Post-Iran og New Stop to Humanitarian Aid\",\"datePublished\":\"2025-06-27T15:49:47+00:00\",\"dateModified\":\"2025-06-27T15:50:06+00:00\",\"mainEntityOfPage\":{\"@id\":\"https:\/\/nordnesrepublikken.no\/index.php\/2025\/06\/27\/hva-er-situasjonen-i-gaza-mellom-post-iran-og-new-stop-to-humanitarian-aid\/\"},\"wordCount\":838,\"publisher\":{\"@id\":\"https:\/\/nordnesrepublikken.no\/#organization\"},\"image\":{\"@id\":\"https:\/\/nordnesrepublikken.no\/index.php\/2025\/06\/27\/hva-er-situasjonen-i-gaza-mellom-post-iran-og-new-stop-to-humanitarian-aid\/#primaryimage\"},\"thumbnailUrl\":\"https:\/\/nordnesrepublikken.no\/wp-content\/uploads\/2025\/06\/1751039388_Hva-er-situasjonen-i-Gaza-mellom-Post-Iran-og-New-Stop-scaled.jpg\",\"keywords\":[\"Aid\",\"Gaza\",\"Humanitarian\",\"Hva\",\"mellom\",\"PostIran\",\"situasjonen\",\"Stop\"],\"articleSection\":[\"Politikk\"],\"inLanguage\":\"nb-NO\"},{\"@type\":\"WebPage\",\"@id\":\"https:\/\/nordnesrepublikken.no\/index.php\/2025\/06\/27\/hva-er-situasjonen-i-gaza-mellom-post-iran-og-new-stop-to-humanitarian-aid\/\",\"url\":\"https:\/\/nordnesrepublikken.no\/index.php\/2025\/06\/27\/hva-er-situasjonen-i-gaza-mellom-post-iran-og-new-stop-to-humanitarian-aid\/\",\"name\":\"Hva er situasjonen i Gaza mellom Post-Iran og New Stop to Humanitarian Aid - Nordnesrepublikken\",\"isPartOf\":{\"@id\":\"https:\/\/nordnesrepublikken.no\/#website\"},\"primaryImageOfPage\":{\"@id\":\"https:\/\/nordnesrepublikken.no\/index.php\/2025\/06\/27\/hva-er-situasjonen-i-gaza-mellom-post-iran-og-new-stop-to-humanitarian-aid\/#primaryimage\"},\"image\":{\"@id\":\"https:\/\/nordnesrepublikken.no\/index.php\/2025\/06\/27\/hva-er-situasjonen-i-gaza-mellom-post-iran-og-new-stop-to-humanitarian-aid\/#primaryimage\"},\"thumbnailUrl\":\"https:\/\/nordnesrepublikken.no\/wp-content\/uploads\/2025\/06\/1751039388_Hva-er-situasjonen-i-Gaza-mellom-Post-Iran-og-New-Stop-scaled.jpg\",\"datePublished\":\"2025-06-27T15:49:47+00:00\",\"dateModified\":\"2025-06-27T15:50:06+00:00\",\"breadcrumb\":{\"@id\":\"https:\/\/nordnesrepublikken.no\/index.php\/2025\/06\/27\/hva-er-situasjonen-i-gaza-mellom-post-iran-og-new-stop-to-humanitarian-aid\/#breadcrumb\"},\"inLanguage\":\"nb-NO\",\"potentialAction\":[{\"@type\":\"ReadAction\",\"target\":[\"https:\/\/nordnesrepublikken.no\/index.php\/2025\/06\/27\/hva-er-situasjonen-i-gaza-mellom-post-iran-og-new-stop-to-humanitarian-aid\/\"]}]},{\"@type\":\"ImageObject\",\"inLanguage\":\"nb-NO\",\"@id\":\"https:\/\/nordnesrepublikken.no\/index.php\/2025\/06\/27\/hva-er-situasjonen-i-gaza-mellom-post-iran-og-new-stop-to-humanitarian-aid\/#primaryimage\",\"url\":\"https:\/\/nordnesrepublikken.no\/wp-content\/uploads\/2025\/06\/1751039388_Hva-er-situasjonen-i-Gaza-mellom-Post-Iran-og-New-Stop-scaled.jpg\",\"contentUrl\":\"https:\/\/nordnesrepublikken.no\/wp-content\/uploads\/2025\/06\/1751039388_Hva-er-situasjonen-i-Gaza-mellom-Post-Iran-og-New-Stop-scaled.jpg\",\"width\":2560,\"height\":1706,\"caption\":\"Striscia di Gaza\"},{\"@type\":\"BreadcrumbList\",\"@id\":\"https:\/\/nordnesrepublikken.no\/index.php\/2025\/06\/27\/hva-er-situasjonen-i-gaza-mellom-post-iran-og-new-stop-to-humanitarian-aid\/#breadcrumb\",\"itemListElement\":[{\"@type\":\"ListItem\",\"position\":1,\"name\":\"Home\",\"item\":\"https:\/\/nordnesrepublikken.no\/\"},{\"@type\":\"ListItem\",\"position\":2,\"name\":\"Hva er situasjonen i Gaza mellom Post-Iran og New Stop to Humanitarian Aid\"}]},{\"@type\":\"WebSite\",\"@id\":\"https:\/\/nordnesrepublikken.no\/#website\",\"url\":\"https:\/\/nordnesrepublikken.no\/\",\"name\":\"Nordnesrepublikken\",\"description\":\"Stemmer og Visjoner fra Republikkens Hjerte\",\"publisher\":{\"@id\":\"https:\/\/nordnesrepublikken.no\/#organization\"},\"potentialAction\":[{\"@type\":\"SearchAction\",\"target\":{\"@type\":\"EntryPoint\",\"urlTemplate\":\"https:\/\/nordnesrepublikken.no\/?s={search_term_string}\"},\"query-input\":{\"@type\":\"PropertyValueSpecification\",\"valueRequired\":true,\"valueName\":\"search_term_string\"}}],\"inLanguage\":\"nb-NO\"},{\"@type\":\"Organization\",\"@id\":\"https:\/\/nordnesrepublikken.no\/#organization\",\"name\":\"Nordnesrepublikken\",\"url\":\"https:\/\/nordnesrepublikken.no\/\",\"logo\":{\"@type\":\"ImageObject\",\"inLanguage\":\"nb-NO\",\"@id\":\"https:\/\/nordnesrepublikken.no\/#\/schema\/logo\/image\/\",\"url\":\"https:\/\/nordnesrepublikken.no\/wp-content\/uploads\/2025\/02\/cropped-nordnesrepublikken-2.png\",\"contentUrl\":\"https:\/\/nordnesrepublikken.no\/wp-content\/uploads\/2025\/02\/cropped-nordnesrepublikken-2.png\",\"width\":1248,\"height\":362,\"caption\":\"Nordnesrepublikken\"},\"image\":{\"@id\":\"https:\/\/nordnesrepublikken.no\/#\/schema\/logo\/image\/\"}},{\"@type\":\"Person\",\"@id\":\"https:\/\/nordnesrepublikken.no\/#\/schema\/person\/2e7e81935bab77882fffb79296240ff1\",\"name\":\"Ole Andersen\",\"image\":{\"@type\":\"ImageObject\",\"inLanguage\":\"nb-NO\",\"@id\":\"https:\/\/nordnesrepublikken.no\/#\/schema\/person\/image\/\",\"url\":\"https:\/\/nordnesrepublikken.no\/wp-content\/uploads\/2025\/02\/nordnesrepublikken-2-2-150x150.jpg\",\"contentUrl\":\"https:\/\/nordnesrepublikken.no\/wp-content\/uploads\/2025\/02\/nordnesrepublikken-2-2-150x150.jpg\",\"caption\":\"Ole Andersen\"},\"description\":\"Ettersom jeg vokste opp i Oslo, har jeg alltid v\u00e6rt fascinert av ordenes kraft og deres evne til \u00e5 skape endringer. Etter \u00e5 ha fullf\u00f8rt min utdannelse i kommunikasjon ved Universitetet i Bergen, fikk jeg muligheten til \u00e5 jobbe innen ulike medier, der jeg har s\u00f8kt \u00e5 belyse viktige samfunnssp\u00f8rsm\u00e5l. I dag, som redakt\u00f8r for Nordnesrepublikken, pr\u00f8ver jeg \u00e5 forene min kj\u00e6rlighet for journalistikk med min lidenskap for innovasjon og eventyr.\",\"sameAs\":[\"https:\/\/nordnesrepublikken.no\/\"]}]}<\/script>\n<!-- \/ Yoast SEO plugin. -->","yoast_head_json":{"title":"Hva er situasjonen i Gaza mellom Post-Iran og New Stop to Humanitarian Aid - Nordnesrepublikken","robots":{"index":"index","follow":"follow","max-snippet":"max-snippet:-1","max-image-preview":"max-image-preview:large","max-video-preview":"max-video-preview:-1"},"canonical":"https:\/\/nordnesrepublikken.no\/index.php\/2025\/06\/27\/hva-er-situasjonen-i-gaza-mellom-post-iran-og-new-stop-to-humanitarian-aid\/","og_locale":"nb_NO","og_type":"article","og_title":"Hva er situasjonen i Gaza mellom Post-Iran og New Stop to Humanitarian Aid - Nordnesrepublikken","og_description":"I g\u00e5r, torsdag 26. juni, Israel har igjen blokkert inngangene til humanit\u00e6r hjelp til Gazalukker","og_url":"https:\/\/nordnesrepublikken.no\/index.php\/2025\/06\/27\/hva-er-situasjonen-i-gaza-mellom-post-iran-og-new-stop-to-humanitarian-aid\/","og_site_name":"Nordnesrepublikken","article_published_time":"2025-06-27T15:49:47+00:00","article_modified_time":"2025-06-27T15:50:06+00:00","og_image":[{"width":2560,"height":1706,"url":"https:\/\/nordnesrepublikken.no\/wp-content\/uploads\/2025\/06\/1751039388_Hva-er-situasjonen-i-Gaza-mellom-Post-Iran-og-New-Stop-scaled.jpg","type":"image\/jpeg"}],"author":"Ole Andersen","twitter_card":"summary_large_image","twitter_misc":{"Skrevet av":"Ole Andersen","Ansl. lesetid":"4 minutter"},"schema":{"@context":"https:\/\/schema.org","@graph":[{"@type":"Article","@id":"https:\/\/nordnesrepublikken.no\/index.php\/2025\/06\/27\/hva-er-situasjonen-i-gaza-mellom-post-iran-og-new-stop-to-humanitarian-aid\/#article","isPartOf":{"@id":"https:\/\/nordnesrepublikken.no\/index.php\/2025\/06\/27\/hva-er-situasjonen-i-gaza-mellom-post-iran-og-new-stop-to-humanitarian-aid\/"},"author":{"name":"Ole Andersen","@id":"https:\/\/nordnesrepublikken.no\/#\/schema\/person\/2e7e81935bab77882fffb79296240ff1"},"headline":"Hva er situasjonen i Gaza mellom Post-Iran og New Stop to Humanitarian Aid","datePublished":"2025-06-27T15:49:47+00:00","dateModified":"2025-06-27T15:50:06+00:00","mainEntityOfPage":{"@id":"https:\/\/nordnesrepublikken.no\/index.php\/2025\/06\/27\/hva-er-situasjonen-i-gaza-mellom-post-iran-og-new-stop-to-humanitarian-aid\/"},"wordCount":838,"publisher":{"@id":"https:\/\/nordnesrepublikken.no\/#organization"},"image":{"@id":"https:\/\/nordnesrepublikken.no\/index.php\/2025\/06\/27\/hva-er-situasjonen-i-gaza-mellom-post-iran-og-new-stop-to-humanitarian-aid\/#primaryimage"},"thumbnailUrl":"https:\/\/nordnesrepublikken.no\/wp-content\/uploads\/2025\/06\/1751039388_Hva-er-situasjonen-i-Gaza-mellom-Post-Iran-og-New-Stop-scaled.jpg","keywords":["Aid","Gaza","Humanitarian","Hva","mellom","PostIran","situasjonen","Stop"],"articleSection":["Politikk"],"inLanguage":"nb-NO"},{"@type":"WebPage","@id":"https:\/\/nordnesrepublikken.no\/index.php\/2025\/06\/27\/hva-er-situasjonen-i-gaza-mellom-post-iran-og-new-stop-to-humanitarian-aid\/","url":"https:\/\/nordnesrepublikken.no\/index.php\/2025\/06\/27\/hva-er-situasjonen-i-gaza-mellom-post-iran-og-new-stop-to-humanitarian-aid\/","name":"Hva er situasjonen i Gaza mellom Post-Iran og New Stop to Humanitarian Aid - Nordnesrepublikken","isPartOf":{"@id":"https:\/\/nordnesrepublikken.no\/#website"},"primaryImageOfPage":{"@id":"https:\/\/nordnesrepublikken.no\/index.php\/2025\/06\/27\/hva-er-situasjonen-i-gaza-mellom-post-iran-og-new-stop-to-humanitarian-aid\/#primaryimage"},"image":{"@id":"https:\/\/nordnesrepublikken.no\/index.php\/2025\/06\/27\/hva-er-situasjonen-i-gaza-mellom-post-iran-og-new-stop-to-humanitarian-aid\/#primaryimage"},"thumbnailUrl":"https:\/\/nordnesrepublikken.no\/wp-content\/uploads\/2025\/06\/1751039388_Hva-er-situasjonen-i-Gaza-mellom-Post-Iran-og-New-Stop-scaled.jpg","datePublished":"2025-06-27T15:49:47+00:00","dateModified":"2025-06-27T15:50:06+00:00","breadcrumb":{"@id":"https:\/\/nordnesrepublikken.no\/index.php\/2025\/06\/27\/hva-er-situasjonen-i-gaza-mellom-post-iran-og-new-stop-to-humanitarian-aid\/#breadcrumb"},"inLanguage":"nb-NO","potentialAction":[{"@type":"ReadAction","target":["https:\/\/nordnesrepublikken.no\/index.php\/2025\/06\/27\/hva-er-situasjonen-i-gaza-mellom-post-iran-og-new-stop-to-humanitarian-aid\/"]}]},{"@type":"ImageObject","inLanguage":"nb-NO","@id":"https:\/\/nordnesrepublikken.no\/index.php\/2025\/06\/27\/hva-er-situasjonen-i-gaza-mellom-post-iran-og-new-stop-to-humanitarian-aid\/#primaryimage","url":"https:\/\/nordnesrepublikken.no\/wp-content\/uploads\/2025\/06\/1751039388_Hva-er-situasjonen-i-Gaza-mellom-Post-Iran-og-New-Stop-scaled.jpg","contentUrl":"https:\/\/nordnesrepublikken.no\/wp-content\/uploads\/2025\/06\/1751039388_Hva-er-situasjonen-i-Gaza-mellom-Post-Iran-og-New-Stop-scaled.jpg","width":2560,"height":1706,"caption":"Striscia di Gaza"},{"@type":"BreadcrumbList","@id":"https:\/\/nordnesrepublikken.no\/index.php\/2025\/06\/27\/hva-er-situasjonen-i-gaza-mellom-post-iran-og-new-stop-to-humanitarian-aid\/#breadcrumb","itemListElement":[{"@type":"ListItem","position":1,"name":"Home","item":"https:\/\/nordnesrepublikken.no\/"},{"@type":"ListItem","position":2,"name":"Hva er situasjonen i Gaza mellom Post-Iran og New Stop to Humanitarian Aid"}]},{"@type":"WebSite","@id":"https:\/\/nordnesrepublikken.no\/#website","url":"https:\/\/nordnesrepublikken.no\/","name":"Nordnesrepublikken","description":"Stemmer og Visjoner fra Republikkens Hjerte","publisher":{"@id":"https:\/\/nordnesrepublikken.no\/#organization"},"potentialAction":[{"@type":"SearchAction","target":{"@type":"EntryPoint","urlTemplate":"https:\/\/nordnesrepublikken.no\/?s={search_term_string}"},"query-input":{"@type":"PropertyValueSpecification","valueRequired":true,"valueName":"search_term_string"}}],"inLanguage":"nb-NO"},{"@type":"Organization","@id":"https:\/\/nordnesrepublikken.no\/#organization","name":"Nordnesrepublikken","url":"https:\/\/nordnesrepublikken.no\/","logo":{"@type":"ImageObject","inLanguage":"nb-NO","@id":"https:\/\/nordnesrepublikken.no\/#\/schema\/logo\/image\/","url":"https:\/\/nordnesrepublikken.no\/wp-content\/uploads\/2025\/02\/cropped-nordnesrepublikken-2.png","contentUrl":"https:\/\/nordnesrepublikken.no\/wp-content\/uploads\/2025\/02\/cropped-nordnesrepublikken-2.png","width":1248,"height":362,"caption":"Nordnesrepublikken"},"image":{"@id":"https:\/\/nordnesrepublikken.no\/#\/schema\/logo\/image\/"}},{"@type":"Person","@id":"https:\/\/nordnesrepublikken.no\/#\/schema\/person\/2e7e81935bab77882fffb79296240ff1","name":"Ole Andersen","image":{"@type":"ImageObject","inLanguage":"nb-NO","@id":"https:\/\/nordnesrepublikken.no\/#\/schema\/person\/image\/","url":"https:\/\/nordnesrepublikken.no\/wp-content\/uploads\/2025\/02\/nordnesrepublikken-2-2-150x150.jpg","contentUrl":"https:\/\/nordnesrepublikken.no\/wp-content\/uploads\/2025\/02\/nordnesrepublikken-2-2-150x150.jpg","caption":"Ole Andersen"},"description":"Ettersom jeg vokste opp i Oslo, har jeg alltid v\u00e6rt fascinert av ordenes kraft og deres evne til \u00e5 skape endringer. Etter \u00e5 ha fullf\u00f8rt min utdannelse i kommunikasjon ved Universitetet i Bergen, fikk jeg muligheten til \u00e5 jobbe innen ulike medier, der jeg har s\u00f8kt \u00e5 belyse viktige samfunnssp\u00f8rsm\u00e5l. I dag, som redakt\u00f8r for Nordnesrepublikken, pr\u00f8ver jeg \u00e5 forene min kj\u00e6rlighet for journalistikk med min lidenskap for innovasjon og eventyr.","sameAs":["https:\/\/nordnesrepublikken.no\/"]}]}},"_links":{"self":[{"href":"https:\/\/nordnesrepublikken.no\/index.php\/wp-json\/wp\/v2\/posts\/6328","targetHints":{"allow":["GET"]}}],"collection":[{"href":"https:\/\/nordnesrepublikken.no\/index.php\/wp-json\/wp\/v2\/posts"}],"about":[{"href":"https:\/\/nordnesrepublikken.no\/index.php\/wp-json\/wp\/v2\/types\/post"}],"author":[{"embeddable":true,"href":"https:\/\/nordnesrepublikken.no\/index.php\/wp-json\/wp\/v2\/users\/1"}],"replies":[{"embeddable":true,"href":"https:\/\/nordnesrepublikken.no\/index.php\/wp-json\/wp\/v2\/comments?post=6328"}],"version-history":[{"count":1,"href":"https:\/\/nordnesrepublikken.no\/index.php\/wp-json\/wp\/v2\/posts\/6328\/revisions"}],"predecessor-version":[{"id":6330,"href":"https:\/\/nordnesrepublikken.no\/index.php\/wp-json\/wp\/v2\/posts\/6328\/revisions\/6330"}],"wp:featuredmedia":[{"embeddable":true,"href":"https:\/\/nordnesrepublikken.no\/index.php\/wp-json\/wp\/v2\/media\/6329"}],"wp:attachment":[{"href":"https:\/\/nordnesrepublikken.no\/index.php\/wp-json\/wp\/v2\/media?parent=6328"}],"wp:term":[{"taxonomy":"category","embeddable":true,"href":"https:\/\/nordnesrepublikken.no\/index.php\/wp-json\/wp\/v2\/categories?post=6328"},{"taxonomy":"post_tag","embeddable":true,"href":"https:\/\/nordnesrepublikken.no\/index.php\/wp-json\/wp\/v2\/tags?post=6328"}],"curies":[{"name":"wp","href":"https:\/\/api.w.org\/{rel}","templated":true}]}}