{"id":6322,"date":"2025-06-27T15:50:28","date_gmt":"2025-06-27T13:50:28","guid":{"rendered":"https:\/\/nordnesrepublikken.no\/index.php\/2025\/06\/27\/den-eldste-boomerang-i-europa-og-kanskje-i-verden-oppdaget-i-polen-det-er-42-000-ar-gammel\/"},"modified":"2025-06-27T15:50:30","modified_gmt":"2025-06-27T13:50:30","slug":"den-eldste-boomerang-i-europa-og-kanskje-i-verden-oppdaget-i-polen-det-er-42-000-ar-gammel","status":"publish","type":"post","link":"https:\/\/nordnesrepublikken.no\/index.php\/2025\/06\/27\/den-eldste-boomerang-i-europa-og-kanskje-i-verden-oppdaget-i-polen-det-er-42-000-ar-gammel\/","title":{"rendered":"Den eldste boomerang i Europa (og kanskje i verden) oppdaget i Polen: det er 42 000 \u00e5r gammel"},"content":{"rendered":"<div>\n<div class=\"cp_wrapper cp_wrapper--fw mb-30 mb-20@tablet\">\n<figure class=\"mm\"><picture class=\"img\" style=\"padding-top:56.25%\"><source  media=\"(min-width: 1024px)\"><source  media=\"(min-width: 768px)\"><\/source><\/source><\/picture><\/figure>\n<\/p><\/div>\n<p>De <strong>eldste boomerang i Europa <\/strong>&#8211; Og kanskje av verden &#8211; stammer fra over 42 000 \u00e5r siden. Sk\u00e5ret av en mammut Zanna og 70 cm lang, ble den funnet i <strong>Polsk hule av oblazowa<\/strong>. En ny studie koordinert av University of Bologna i denne forbindelse avsl\u00f8rer et overraskende niv\u00e5 av kognitiv ferdighet og teknisk design allerede i de f\u00f8rste stadiene av tilstedev\u00e6relsen av Homo sapiens i Europa.<\/p>\n<h2>Oppdagelsen av boomerang i hulen til <strong>Ob\u0142azowa<\/strong><\/h2>\n<div class=\"cp_wrapper cp_wrapper--fw mb-50\">\n<figure class=\"mm\"><picture class=\"img\" style=\"padding-top:105.13333333333%\"><source  media=\"(min-width: 1024px)\"><source  media=\"(min-width: 768px)\"><img decoding=\"async\" loading=\"lazy\" src=\"https:\/\/nordnesrepublikken.no\/wp-content\/uploads\/2025\/06\/1751032227_887_Den-eldste-boomerang-i-Europa-og-kanskje-i-verden-oppdaget.jpg\" alt=\"Bilde\" width=\"1500\" height=\"1577\"><\/source><\/source><\/picture><\/figure>\n<\/p><\/div>\n<p>I hulen til <strong>Ob\u0142azowa<\/strong> (<strong>S\u00f8r -Polen<\/strong>) I 1986 fant arkeologer en<strong> Recurgent Throwing Stick hentet fra en mammut Zanna i nesten perfekt stand<\/strong>. Ob\u0142azowa Cave er en arkeologisk kontekst som har tillatt oppdagelsen av mange godt bevarte gjenstander som er daterbar<strong> Mellom det sene gjennomsnittet paleolitisk og den f\u00f8rste delen av den \u00f8vre paleolitiske<\/strong>et veldig langt kronologisk omr\u00e5de som g\u00e5r <strong>fra 50 000 til 40 000 \u00e5r siden<\/strong>. Instrumentet var innenfor et lag som ble kalt &laquo;<strong>Strat VIII<\/strong>&laquo;. Lang <strong>72 cm<\/strong>Boomerang presenterer spor av <strong>behandling<\/strong> ganske avansert.<\/p>\n<p>Det som slo de l\u00e6rde umiddelbart var<strong>frav\u00e6r<\/strong> I dette laget av steinverkt\u00f8y av <strong>Gravettian periode<\/strong> (En av fasene som den overordnede paleolitiske er delt inn i Europa, <strong>mellom 33 000 og 22 000 \u00e5r siden<\/strong>fradragsberettiget fra visse typer steinverkt\u00f8ybehandling), en fase med stor teknisk utvikling av <em>Homo sapiens<\/em>. Et slikt verkt\u00f8y <strong>teknologisk sammensatt<\/strong> \u00c5 oppn\u00e5s som en buet boomerang ville lettere v\u00e6rt forbundet med denne perioden.<\/p>\n<div class=\"cp_wrapper cp_wrapper--fw mb-50\">\n<figure class=\"mm\"><picture class=\"img\" style=\"padding-top:60.64453125%\"><source  media=\"(min-width: 1024px)\"><source  media=\"(min-width: 768px)\"><img decoding=\"async\" loading=\"lazy\" src=\"https:\/\/nordnesrepublikken.no\/wp-content\/uploads\/2025\/06\/1751032228_216_Den-eldste-boomerang-i-Europa-og-kanskje-i-verden-oppdaget.jpg\" alt=\"Bilde\" width=\"1024\" height=\"621\" class=\"js-seedtag-img\"><\/source><\/source><\/picture><\/figure>\n<\/p><\/div>\n<p>\u00c5 l\u00f8se problemet med <strong>dating<\/strong>arkeologer har valgt \u00e5 bruke teknikken til <strong>radiokarbon<\/strong>. Imidlertid, for ikke \u00e5 skade elfenbens gjenstand, ble den valgt til ikke \u00e5 trekke pr\u00f8ven til \u00e5 bli analysert av selve boomerangen, men <strong>av dyre- og menneskelige rester som finnes inne i det samme laget <\/strong>I en smal tilknytning til funnet. Det var <strong>Fjorten mestere<\/strong>inkludert en venstre falanx av en h\u00e5nd av en <em>Homo sapiens<\/em> og forskjellige beinfragmenter av dyrs opprinnelse, ogs\u00e5 utsatt for <strong>DNA -analyse<\/strong>av <strong>isotoper<\/strong>, <strong>infrar\u00f8d<\/strong>Og <strong>massespektrometri<\/strong>.<\/p>\n<p>Der <strong>kalibrert datering<\/strong> av lag VIII har gitt et estimat som g\u00e5r <strong>Fra 42.290 til 39.280 \u00e5r siden<\/strong>innramming av den arkeologiske forekomsten i perioden sagt <strong>Aurignaziano<\/strong>umiddelbart f\u00f8r Gravettiano. Aurignaziano er vanligvis datert <strong>Mellom 42 000 og 28 000 \u00e5r siden<\/strong>Rapportering som boomerang <strong>v\u00e6re mye eldre<\/strong> av det som ble forestilt av forskerteamet. Det er assosiert med denne perioden <strong>diffusjon i Europa<\/strong> av de f\u00f8rste generasjonene av <em>Homo sapiens<\/em> kommer fra n\u00e6r \u00f8st, beregnet p\u00e5 \u00e5rtuseneren etter <strong>bli den eneste menneskelige gruppen <\/strong>p\u00e5 v\u00e5rt kontinent, etter<strong>utryddelse<\/strong> Av <strong><em>Homo neanderthalensis<\/em><\/strong>som sapiensene <strong>De gledet seg<\/strong> i omtrent 10.000 \u00e5r.<\/p>\n<p>Den samvittighetsfulle bruken av radiokarbonmetoden for studiet av Ob\u0142azowa Boomerang har tillatt <strong>demonstrere de avanserte teknologiske ferdighetene<\/strong> i realisering av verkt\u00f8y av <strong>aller f\u00f8rste grupper<\/strong> av artene v\u00e5re som ankom Europa for mer enn 40 000 \u00e5r siden.<\/p>\n<div class=\"cp_wrapper cp_wrapper--fw mb-50\">\n<figure class=\"mm\"><picture class=\"img\" style=\"padding-top:64.406779661017%\"><source  media=\"(min-width: 1024px)\"><source  media=\"(min-width: 768px)\"><img decoding=\"async\" loading=\"lazy\" src=\"https:\/\/nordnesrepublikken.no\/wp-content\/uploads\/2025\/06\/1751032228_357_Den-eldste-boomerang-i-Europa-og-kanskje-i-verden-oppdaget.jpg\" alt=\"Bilde\" width=\"1416\" height=\"912\"><\/source><\/source><\/picture><\/figure>\n<\/p><\/div>\n<p>I f\u00f8lge dataene levert av radiokarbon <strong>Det ville v\u00e6re v\u00e5penet til denne eldste typen i verden<\/strong>. De eldste australske eksemplene er daterbare til <strong>For rundt 12 000 \u00e5r siden<\/strong>selv om noen representasjoner av bergkunst demonstrerer bruken av dem p\u00e5 kontinentet <strong>For minst 20 000 \u00e5r siden<\/strong>.<\/p>\n<h2>Boomerang er ikke (bare) australsk<\/h2>\n<p>Selv om boomerangen vanligvis er assosiert med kulturen til <strong>Australske aboriginer<\/strong>dette verkt\u00f8yet var <strong>tverrg\u00e5ende utbredt<\/strong> i mange gamle europeiske og afrikanske samfunn. N\u00e5r det gjelder v\u00e5pen av denne typen, ville det v\u00e6re riktigere \u00e5 bruke begrepet &laquo;<strong>Stansestokk<\/strong>&laquo;, etterlater ordet&raquo; boomerang &laquo;for \u00e5 indikere de australske eksemplene eller i det minste de fra<strong> gjentar seg<\/strong>.<\/p>\n<p>De innf\u00f8dte p\u00e5 det australske kontinentet, faktisk, <strong>de perfeksjonerte<\/strong> teknologien til dette spesielle lanseringsv\u00e5penet, noe som gj\u00f8r det til en<strong>Relevant uttrykk for ens kultur<\/strong>og det samme ordet &laquo;boomerang&raquo; kommer fra en av <strong>Aboriginalspr\u00e5k<\/strong>. Bruk av lignende verkt\u00f8y for <strong>Jakt<\/strong> For fugler eller sm\u00e5 dyr er han imidlertid attesteret i mange kjente sammenhenger av den gamle verden, begge p\u00e5 <strong>Band av jeger-gathers of the paleolithic<\/strong> begge i<strong>Antikkens Egypt<\/strong>.<\/p>\n<p>Der <strong>dating<\/strong> av en buet kastepinne<strong> i mammut elfenben<\/strong> funnet inne <strong>En hule i Polen <\/strong>&#8211; utf\u00f8rt av en internasjonal og flerfaglig forskningsgruppe koordinert av <strong>Sahra Talamo ved University of Bologna<\/strong> Men kunne gj\u00f8re det <strong>anmeldelse<\/strong> Det vi trodde vi visste om de teknologiske ferdighetene til de f\u00f8rste europeiske sapiens.<\/p>\n<\/p><\/div>\n","protected":false},"excerpt":{"rendered":"<p>De eldste boomerang i Europa &#8211; Og kanskje av verden &#8211; stammer fra over 42<\/p>\n","protected":false},"author":1,"featured_media":6323,"comment_status":"closed","ping_status":"open","sticky":false,"template":"","format":"standard","meta":{"footnotes":""},"categories":[104],"tags":[595,4003,74,66,1189,642,596,193,78,3908,598],"class_list":["post-6322","post","type-post","status-publish","format-standard","has-post-thumbnail","hentry","category-samfunn","tag-ar","tag-boomerang","tag-den","tag-det","tag-eldste","tag-europa","tag-gammel","tag-kanskje","tag-oppdaget","tag-polen","tag-verden","generate-columns","tablet-grid-50","mobile-grid-100","grid-parent","grid-33","resize-featured-image"],"yoast_head":"<!-- This site is optimized with the Yoast SEO plugin v24.4 - https:\/\/yoast.com\/wordpress\/plugins\/seo\/ -->\n<title>Den eldste boomerang i Europa (og kanskje i verden) oppdaget i Polen: det er 42 000 \u00e5r gammel - Nordnesrepublikken<\/title>\n<meta name=\"robots\" content=\"index, follow, max-snippet:-1, max-image-preview:large, max-video-preview:-1\" \/>\n<link rel=\"canonical\" href=\"https:\/\/nordnesrepublikken.no\/index.php\/2025\/06\/27\/den-eldste-boomerang-i-europa-og-kanskje-i-verden-oppdaget-i-polen-det-er-42-000-ar-gammel\/\" \/>\n<meta property=\"og:locale\" content=\"nb_NO\" \/>\n<meta property=\"og:type\" content=\"article\" \/>\n<meta property=\"og:title\" content=\"Den eldste boomerang i Europa (og kanskje i verden) oppdaget i Polen: det er 42 000 \u00e5r gammel - Nordnesrepublikken\" \/>\n<meta property=\"og:description\" content=\"De eldste boomerang i Europa &#8211; Og kanskje av verden &#8211; stammer fra over 42\" \/>\n<meta property=\"og:url\" content=\"https:\/\/nordnesrepublikken.no\/index.php\/2025\/06\/27\/den-eldste-boomerang-i-europa-og-kanskje-i-verden-oppdaget-i-polen-det-er-42-000-ar-gammel\/\" \/>\n<meta property=\"og:site_name\" content=\"Nordnesrepublikken\" \/>\n<meta property=\"article:published_time\" content=\"2025-06-27T13:50:28+00:00\" \/>\n<meta property=\"article:modified_time\" content=\"2025-06-27T13:50:30+00:00\" \/>\n<meta property=\"og:image\" content=\"https:\/\/nordnesrepublikken.no\/wp-content\/uploads\/2025\/06\/1751032228_Den-eldste-boomerang-i-Europa-og-kanskje-i-verden-oppdaget.jpg\" \/>\n\t<meta property=\"og:image:width\" content=\"1657\" \/>\n\t<meta property=\"og:image:height\" content=\"1059\" \/>\n\t<meta property=\"og:image:type\" content=\"image\/jpeg\" \/>\n<meta name=\"author\" content=\"Ole Andersen\" \/>\n<meta name=\"twitter:card\" content=\"summary_large_image\" \/>\n<meta name=\"twitter:label1\" content=\"Skrevet av\" \/>\n\t<meta name=\"twitter:data1\" content=\"Ole Andersen\" \/>\n\t<meta name=\"twitter:label2\" content=\"Ansl. lesetid\" \/>\n\t<meta name=\"twitter:data2\" content=\"3 minutter\" \/>\n<script type=\"application\/ld+json\" class=\"yoast-schema-graph\">{\"@context\":\"https:\/\/schema.org\",\"@graph\":[{\"@type\":\"Article\",\"@id\":\"https:\/\/nordnesrepublikken.no\/index.php\/2025\/06\/27\/den-eldste-boomerang-i-europa-og-kanskje-i-verden-oppdaget-i-polen-det-er-42-000-ar-gammel\/#article\",\"isPartOf\":{\"@id\":\"https:\/\/nordnesrepublikken.no\/index.php\/2025\/06\/27\/den-eldste-boomerang-i-europa-og-kanskje-i-verden-oppdaget-i-polen-det-er-42-000-ar-gammel\/\"},\"author\":{\"name\":\"Ole Andersen\",\"@id\":\"https:\/\/nordnesrepublikken.no\/#\/schema\/person\/2e7e81935bab77882fffb79296240ff1\"},\"headline\":\"Den eldste boomerang i Europa (og kanskje i verden) oppdaget i Polen: det er 42 000 \u00e5r gammel\",\"datePublished\":\"2025-06-27T13:50:28+00:00\",\"dateModified\":\"2025-06-27T13:50:30+00:00\",\"mainEntityOfPage\":{\"@id\":\"https:\/\/nordnesrepublikken.no\/index.php\/2025\/06\/27\/den-eldste-boomerang-i-europa-og-kanskje-i-verden-oppdaget-i-polen-det-er-42-000-ar-gammel\/\"},\"wordCount\":696,\"publisher\":{\"@id\":\"https:\/\/nordnesrepublikken.no\/#organization\"},\"image\":{\"@id\":\"https:\/\/nordnesrepublikken.no\/index.php\/2025\/06\/27\/den-eldste-boomerang-i-europa-og-kanskje-i-verden-oppdaget-i-polen-det-er-42-000-ar-gammel\/#primaryimage\"},\"thumbnailUrl\":\"https:\/\/nordnesrepublikken.no\/wp-content\/uploads\/2025\/06\/1751032228_Den-eldste-boomerang-i-Europa-og-kanskje-i-verden-oppdaget.jpg\",\"keywords\":[\"\u00e5r\",\"boomerang\",\"den\",\"Det\",\"eldste\",\"Europa\",\"gammel\",\"kanskje\",\"oppdaget\",\"Polen\",\"verden\"],\"articleSection\":[\"Samfunn\"],\"inLanguage\":\"nb-NO\"},{\"@type\":\"WebPage\",\"@id\":\"https:\/\/nordnesrepublikken.no\/index.php\/2025\/06\/27\/den-eldste-boomerang-i-europa-og-kanskje-i-verden-oppdaget-i-polen-det-er-42-000-ar-gammel\/\",\"url\":\"https:\/\/nordnesrepublikken.no\/index.php\/2025\/06\/27\/den-eldste-boomerang-i-europa-og-kanskje-i-verden-oppdaget-i-polen-det-er-42-000-ar-gammel\/\",\"name\":\"Den eldste boomerang i Europa (og kanskje i verden) oppdaget i Polen: det er 42 000 \u00e5r gammel - Nordnesrepublikken\",\"isPartOf\":{\"@id\":\"https:\/\/nordnesrepublikken.no\/#website\"},\"primaryImageOfPage\":{\"@id\":\"https:\/\/nordnesrepublikken.no\/index.php\/2025\/06\/27\/den-eldste-boomerang-i-europa-og-kanskje-i-verden-oppdaget-i-polen-det-er-42-000-ar-gammel\/#primaryimage\"},\"image\":{\"@id\":\"https:\/\/nordnesrepublikken.no\/index.php\/2025\/06\/27\/den-eldste-boomerang-i-europa-og-kanskje-i-verden-oppdaget-i-polen-det-er-42-000-ar-gammel\/#primaryimage\"},\"thumbnailUrl\":\"https:\/\/nordnesrepublikken.no\/wp-content\/uploads\/2025\/06\/1751032228_Den-eldste-boomerang-i-Europa-og-kanskje-i-verden-oppdaget.jpg\",\"datePublished\":\"2025-06-27T13:50:28+00:00\",\"dateModified\":\"2025-06-27T13:50:30+00:00\",\"breadcrumb\":{\"@id\":\"https:\/\/nordnesrepublikken.no\/index.php\/2025\/06\/27\/den-eldste-boomerang-i-europa-og-kanskje-i-verden-oppdaget-i-polen-det-er-42-000-ar-gammel\/#breadcrumb\"},\"inLanguage\":\"nb-NO\",\"potentialAction\":[{\"@type\":\"ReadAction\",\"target\":[\"https:\/\/nordnesrepublikken.no\/index.php\/2025\/06\/27\/den-eldste-boomerang-i-europa-og-kanskje-i-verden-oppdaget-i-polen-det-er-42-000-ar-gammel\/\"]}]},{\"@type\":\"ImageObject\",\"inLanguage\":\"nb-NO\",\"@id\":\"https:\/\/nordnesrepublikken.no\/index.php\/2025\/06\/27\/den-eldste-boomerang-i-europa-og-kanskje-i-verden-oppdaget-i-polen-det-er-42-000-ar-gammel\/#primaryimage\",\"url\":\"https:\/\/nordnesrepublikken.no\/wp-content\/uploads\/2025\/06\/1751032228_Den-eldste-boomerang-i-Europa-og-kanskje-i-verden-oppdaget.jpg\",\"contentUrl\":\"https:\/\/nordnesrepublikken.no\/wp-content\/uploads\/2025\/06\/1751032228_Den-eldste-boomerang-i-Europa-og-kanskje-i-verden-oppdaget.jpg\",\"width\":1657,\"height\":1059,\"caption\":\"Immagine\"},{\"@type\":\"BreadcrumbList\",\"@id\":\"https:\/\/nordnesrepublikken.no\/index.php\/2025\/06\/27\/den-eldste-boomerang-i-europa-og-kanskje-i-verden-oppdaget-i-polen-det-er-42-000-ar-gammel\/#breadcrumb\",\"itemListElement\":[{\"@type\":\"ListItem\",\"position\":1,\"name\":\"Home\",\"item\":\"https:\/\/nordnesrepublikken.no\/\"},{\"@type\":\"ListItem\",\"position\":2,\"name\":\"Den eldste boomerang i Europa (og kanskje i verden) oppdaget i Polen: det er 42 000 \u00e5r gammel\"}]},{\"@type\":\"WebSite\",\"@id\":\"https:\/\/nordnesrepublikken.no\/#website\",\"url\":\"https:\/\/nordnesrepublikken.no\/\",\"name\":\"Nordnesrepublikken\",\"description\":\"Stemmer og Visjoner fra Republikkens Hjerte\",\"publisher\":{\"@id\":\"https:\/\/nordnesrepublikken.no\/#organization\"},\"potentialAction\":[{\"@type\":\"SearchAction\",\"target\":{\"@type\":\"EntryPoint\",\"urlTemplate\":\"https:\/\/nordnesrepublikken.no\/?s={search_term_string}\"},\"query-input\":{\"@type\":\"PropertyValueSpecification\",\"valueRequired\":true,\"valueName\":\"search_term_string\"}}],\"inLanguage\":\"nb-NO\"},{\"@type\":\"Organization\",\"@id\":\"https:\/\/nordnesrepublikken.no\/#organization\",\"name\":\"Nordnesrepublikken\",\"url\":\"https:\/\/nordnesrepublikken.no\/\",\"logo\":{\"@type\":\"ImageObject\",\"inLanguage\":\"nb-NO\",\"@id\":\"https:\/\/nordnesrepublikken.no\/#\/schema\/logo\/image\/\",\"url\":\"https:\/\/nordnesrepublikken.no\/wp-content\/uploads\/2025\/02\/cropped-nordnesrepublikken-2.png\",\"contentUrl\":\"https:\/\/nordnesrepublikken.no\/wp-content\/uploads\/2025\/02\/cropped-nordnesrepublikken-2.png\",\"width\":1248,\"height\":362,\"caption\":\"Nordnesrepublikken\"},\"image\":{\"@id\":\"https:\/\/nordnesrepublikken.no\/#\/schema\/logo\/image\/\"}},{\"@type\":\"Person\",\"@id\":\"https:\/\/nordnesrepublikken.no\/#\/schema\/person\/2e7e81935bab77882fffb79296240ff1\",\"name\":\"Ole Andersen\",\"image\":{\"@type\":\"ImageObject\",\"inLanguage\":\"nb-NO\",\"@id\":\"https:\/\/nordnesrepublikken.no\/#\/schema\/person\/image\/\",\"url\":\"https:\/\/nordnesrepublikken.no\/wp-content\/uploads\/2025\/02\/nordnesrepublikken-2-2-150x150.jpg\",\"contentUrl\":\"https:\/\/nordnesrepublikken.no\/wp-content\/uploads\/2025\/02\/nordnesrepublikken-2-2-150x150.jpg\",\"caption\":\"Ole Andersen\"},\"description\":\"Ettersom jeg vokste opp i Oslo, har jeg alltid v\u00e6rt fascinert av ordenes kraft og deres evne til \u00e5 skape endringer. Etter \u00e5 ha fullf\u00f8rt min utdannelse i kommunikasjon ved Universitetet i Bergen, fikk jeg muligheten til \u00e5 jobbe innen ulike medier, der jeg har s\u00f8kt \u00e5 belyse viktige samfunnssp\u00f8rsm\u00e5l. I dag, som redakt\u00f8r for Nordnesrepublikken, pr\u00f8ver jeg \u00e5 forene min kj\u00e6rlighet for journalistikk med min lidenskap for innovasjon og eventyr.\",\"sameAs\":[\"https:\/\/nordnesrepublikken.no\/\"]}]}<\/script>\n<!-- \/ Yoast SEO plugin. -->","yoast_head_json":{"title":"Den eldste boomerang i Europa (og kanskje i verden) oppdaget i Polen: det er 42 000 \u00e5r gammel - Nordnesrepublikken","robots":{"index":"index","follow":"follow","max-snippet":"max-snippet:-1","max-image-preview":"max-image-preview:large","max-video-preview":"max-video-preview:-1"},"canonical":"https:\/\/nordnesrepublikken.no\/index.php\/2025\/06\/27\/den-eldste-boomerang-i-europa-og-kanskje-i-verden-oppdaget-i-polen-det-er-42-000-ar-gammel\/","og_locale":"nb_NO","og_type":"article","og_title":"Den eldste boomerang i Europa (og kanskje i verden) oppdaget i Polen: det er 42 000 \u00e5r gammel - Nordnesrepublikken","og_description":"De eldste boomerang i Europa &#8211; Og kanskje av verden &#8211; stammer fra over 42","og_url":"https:\/\/nordnesrepublikken.no\/index.php\/2025\/06\/27\/den-eldste-boomerang-i-europa-og-kanskje-i-verden-oppdaget-i-polen-det-er-42-000-ar-gammel\/","og_site_name":"Nordnesrepublikken","article_published_time":"2025-06-27T13:50:28+00:00","article_modified_time":"2025-06-27T13:50:30+00:00","og_image":[{"width":1657,"height":1059,"url":"https:\/\/nordnesrepublikken.no\/wp-content\/uploads\/2025\/06\/1751032228_Den-eldste-boomerang-i-Europa-og-kanskje-i-verden-oppdaget.jpg","type":"image\/jpeg"}],"author":"Ole Andersen","twitter_card":"summary_large_image","twitter_misc":{"Skrevet av":"Ole Andersen","Ansl. lesetid":"3 minutter"},"schema":{"@context":"https:\/\/schema.org","@graph":[{"@type":"Article","@id":"https:\/\/nordnesrepublikken.no\/index.php\/2025\/06\/27\/den-eldste-boomerang-i-europa-og-kanskje-i-verden-oppdaget-i-polen-det-er-42-000-ar-gammel\/#article","isPartOf":{"@id":"https:\/\/nordnesrepublikken.no\/index.php\/2025\/06\/27\/den-eldste-boomerang-i-europa-og-kanskje-i-verden-oppdaget-i-polen-det-er-42-000-ar-gammel\/"},"author":{"name":"Ole Andersen","@id":"https:\/\/nordnesrepublikken.no\/#\/schema\/person\/2e7e81935bab77882fffb79296240ff1"},"headline":"Den eldste boomerang i Europa (og kanskje i verden) oppdaget i Polen: det er 42 000 \u00e5r gammel","datePublished":"2025-06-27T13:50:28+00:00","dateModified":"2025-06-27T13:50:30+00:00","mainEntityOfPage":{"@id":"https:\/\/nordnesrepublikken.no\/index.php\/2025\/06\/27\/den-eldste-boomerang-i-europa-og-kanskje-i-verden-oppdaget-i-polen-det-er-42-000-ar-gammel\/"},"wordCount":696,"publisher":{"@id":"https:\/\/nordnesrepublikken.no\/#organization"},"image":{"@id":"https:\/\/nordnesrepublikken.no\/index.php\/2025\/06\/27\/den-eldste-boomerang-i-europa-og-kanskje-i-verden-oppdaget-i-polen-det-er-42-000-ar-gammel\/#primaryimage"},"thumbnailUrl":"https:\/\/nordnesrepublikken.no\/wp-content\/uploads\/2025\/06\/1751032228_Den-eldste-boomerang-i-Europa-og-kanskje-i-verden-oppdaget.jpg","keywords":["\u00e5r","boomerang","den","Det","eldste","Europa","gammel","kanskje","oppdaget","Polen","verden"],"articleSection":["Samfunn"],"inLanguage":"nb-NO"},{"@type":"WebPage","@id":"https:\/\/nordnesrepublikken.no\/index.php\/2025\/06\/27\/den-eldste-boomerang-i-europa-og-kanskje-i-verden-oppdaget-i-polen-det-er-42-000-ar-gammel\/","url":"https:\/\/nordnesrepublikken.no\/index.php\/2025\/06\/27\/den-eldste-boomerang-i-europa-og-kanskje-i-verden-oppdaget-i-polen-det-er-42-000-ar-gammel\/","name":"Den eldste boomerang i Europa (og kanskje i verden) oppdaget i Polen: det er 42 000 \u00e5r gammel - Nordnesrepublikken","isPartOf":{"@id":"https:\/\/nordnesrepublikken.no\/#website"},"primaryImageOfPage":{"@id":"https:\/\/nordnesrepublikken.no\/index.php\/2025\/06\/27\/den-eldste-boomerang-i-europa-og-kanskje-i-verden-oppdaget-i-polen-det-er-42-000-ar-gammel\/#primaryimage"},"image":{"@id":"https:\/\/nordnesrepublikken.no\/index.php\/2025\/06\/27\/den-eldste-boomerang-i-europa-og-kanskje-i-verden-oppdaget-i-polen-det-er-42-000-ar-gammel\/#primaryimage"},"thumbnailUrl":"https:\/\/nordnesrepublikken.no\/wp-content\/uploads\/2025\/06\/1751032228_Den-eldste-boomerang-i-Europa-og-kanskje-i-verden-oppdaget.jpg","datePublished":"2025-06-27T13:50:28+00:00","dateModified":"2025-06-27T13:50:30+00:00","breadcrumb":{"@id":"https:\/\/nordnesrepublikken.no\/index.php\/2025\/06\/27\/den-eldste-boomerang-i-europa-og-kanskje-i-verden-oppdaget-i-polen-det-er-42-000-ar-gammel\/#breadcrumb"},"inLanguage":"nb-NO","potentialAction":[{"@type":"ReadAction","target":["https:\/\/nordnesrepublikken.no\/index.php\/2025\/06\/27\/den-eldste-boomerang-i-europa-og-kanskje-i-verden-oppdaget-i-polen-det-er-42-000-ar-gammel\/"]}]},{"@type":"ImageObject","inLanguage":"nb-NO","@id":"https:\/\/nordnesrepublikken.no\/index.php\/2025\/06\/27\/den-eldste-boomerang-i-europa-og-kanskje-i-verden-oppdaget-i-polen-det-er-42-000-ar-gammel\/#primaryimage","url":"https:\/\/nordnesrepublikken.no\/wp-content\/uploads\/2025\/06\/1751032228_Den-eldste-boomerang-i-Europa-og-kanskje-i-verden-oppdaget.jpg","contentUrl":"https:\/\/nordnesrepublikken.no\/wp-content\/uploads\/2025\/06\/1751032228_Den-eldste-boomerang-i-Europa-og-kanskje-i-verden-oppdaget.jpg","width":1657,"height":1059,"caption":"Immagine"},{"@type":"BreadcrumbList","@id":"https:\/\/nordnesrepublikken.no\/index.php\/2025\/06\/27\/den-eldste-boomerang-i-europa-og-kanskje-i-verden-oppdaget-i-polen-det-er-42-000-ar-gammel\/#breadcrumb","itemListElement":[{"@type":"ListItem","position":1,"name":"Home","item":"https:\/\/nordnesrepublikken.no\/"},{"@type":"ListItem","position":2,"name":"Den eldste boomerang i Europa (og kanskje i verden) oppdaget i Polen: det er 42 000 \u00e5r gammel"}]},{"@type":"WebSite","@id":"https:\/\/nordnesrepublikken.no\/#website","url":"https:\/\/nordnesrepublikken.no\/","name":"Nordnesrepublikken","description":"Stemmer og Visjoner fra Republikkens Hjerte","publisher":{"@id":"https:\/\/nordnesrepublikken.no\/#organization"},"potentialAction":[{"@type":"SearchAction","target":{"@type":"EntryPoint","urlTemplate":"https:\/\/nordnesrepublikken.no\/?s={search_term_string}"},"query-input":{"@type":"PropertyValueSpecification","valueRequired":true,"valueName":"search_term_string"}}],"inLanguage":"nb-NO"},{"@type":"Organization","@id":"https:\/\/nordnesrepublikken.no\/#organization","name":"Nordnesrepublikken","url":"https:\/\/nordnesrepublikken.no\/","logo":{"@type":"ImageObject","inLanguage":"nb-NO","@id":"https:\/\/nordnesrepublikken.no\/#\/schema\/logo\/image\/","url":"https:\/\/nordnesrepublikken.no\/wp-content\/uploads\/2025\/02\/cropped-nordnesrepublikken-2.png","contentUrl":"https:\/\/nordnesrepublikken.no\/wp-content\/uploads\/2025\/02\/cropped-nordnesrepublikken-2.png","width":1248,"height":362,"caption":"Nordnesrepublikken"},"image":{"@id":"https:\/\/nordnesrepublikken.no\/#\/schema\/logo\/image\/"}},{"@type":"Person","@id":"https:\/\/nordnesrepublikken.no\/#\/schema\/person\/2e7e81935bab77882fffb79296240ff1","name":"Ole Andersen","image":{"@type":"ImageObject","inLanguage":"nb-NO","@id":"https:\/\/nordnesrepublikken.no\/#\/schema\/person\/image\/","url":"https:\/\/nordnesrepublikken.no\/wp-content\/uploads\/2025\/02\/nordnesrepublikken-2-2-150x150.jpg","contentUrl":"https:\/\/nordnesrepublikken.no\/wp-content\/uploads\/2025\/02\/nordnesrepublikken-2-2-150x150.jpg","caption":"Ole Andersen"},"description":"Ettersom jeg vokste opp i Oslo, har jeg alltid v\u00e6rt fascinert av ordenes kraft og deres evne til \u00e5 skape endringer. Etter \u00e5 ha fullf\u00f8rt min utdannelse i kommunikasjon ved Universitetet i Bergen, fikk jeg muligheten til \u00e5 jobbe innen ulike medier, der jeg har s\u00f8kt \u00e5 belyse viktige samfunnssp\u00f8rsm\u00e5l. I dag, som redakt\u00f8r for Nordnesrepublikken, pr\u00f8ver jeg \u00e5 forene min kj\u00e6rlighet for journalistikk med min lidenskap for innovasjon og eventyr.","sameAs":["https:\/\/nordnesrepublikken.no\/"]}]}},"_links":{"self":[{"href":"https:\/\/nordnesrepublikken.no\/index.php\/wp-json\/wp\/v2\/posts\/6322","targetHints":{"allow":["GET"]}}],"collection":[{"href":"https:\/\/nordnesrepublikken.no\/index.php\/wp-json\/wp\/v2\/posts"}],"about":[{"href":"https:\/\/nordnesrepublikken.no\/index.php\/wp-json\/wp\/v2\/types\/post"}],"author":[{"embeddable":true,"href":"https:\/\/nordnesrepublikken.no\/index.php\/wp-json\/wp\/v2\/users\/1"}],"replies":[{"embeddable":true,"href":"https:\/\/nordnesrepublikken.no\/index.php\/wp-json\/wp\/v2\/comments?post=6322"}],"version-history":[{"count":1,"href":"https:\/\/nordnesrepublikken.no\/index.php\/wp-json\/wp\/v2\/posts\/6322\/revisions"}],"predecessor-version":[{"id":6324,"href":"https:\/\/nordnesrepublikken.no\/index.php\/wp-json\/wp\/v2\/posts\/6322\/revisions\/6324"}],"wp:featuredmedia":[{"embeddable":true,"href":"https:\/\/nordnesrepublikken.no\/index.php\/wp-json\/wp\/v2\/media\/6323"}],"wp:attachment":[{"href":"https:\/\/nordnesrepublikken.no\/index.php\/wp-json\/wp\/v2\/media?parent=6322"}],"wp:term":[{"taxonomy":"category","embeddable":true,"href":"https:\/\/nordnesrepublikken.no\/index.php\/wp-json\/wp\/v2\/categories?post=6322"},{"taxonomy":"post_tag","embeddable":true,"href":"https:\/\/nordnesrepublikken.no\/index.php\/wp-json\/wp\/v2\/tags?post=6322"}],"curies":[{"name":"wp","href":"https:\/\/api.w.org\/{rel}","templated":true}]}}