{"id":6304,"date":"2025-06-27T09:50:17","date_gmt":"2025-06-27T07:50:17","guid":{"rendered":"https:\/\/nordnesrepublikken.no\/index.php\/2025\/06\/27\/whatsapp-slutter-ikke-a-jobbe-med-noen-smarttelefonmodeller-fra-1-juli-la-oss-avklare\/"},"modified":"2025-06-27T09:50:46","modified_gmt":"2025-06-27T07:50:46","slug":"whatsapp-slutter-ikke-a-jobbe-med-noen-smarttelefonmodeller-fra-1-juli-la-oss-avklare","status":"publish","type":"post","link":"https:\/\/nordnesrepublikken.no\/index.php\/2025\/06\/27\/whatsapp-slutter-ikke-a-jobbe-med-noen-smarttelefonmodeller-fra-1-juli-la-oss-avklare\/","title":{"rendered":"WhatsApp slutter ikke \u00e5 jobbe med noen smarttelefonmodeller fra 1. juli: La oss avklare"},"content":{"rendered":"<div>\n<div class=\"cp_wrapper cp_wrapper--fw mb-30 mb-20@tablet\">\n<figure class=\"mm\"><picture class=\"img\" style=\"padding-top:56.25%\"><source  media=\"(min-width: 1024px)\"><source  media=\"(min-width: 768px)\"><\/source><\/source><\/picture><\/figure>\n<\/p><\/div>\n<p>If\u00f8lge noen nasjonale medier, fra <strong>1. juli 2025<\/strong> bruken av <strong>WhatsApp vil ikke lenger v\u00e6re tilgjengelig for noen smarttelefonmodeller<\/strong> ansett som n\u00e5 utdatert p\u00e5 teknisk niv\u00e5. Nyhetene vil bli st\u00f8ttet av det faktum at Meta &#8211; morselskapet til appen &#8211; har etablert <strong>Android 5.0 <\/strong>Og<strong> iOS 15.1<\/strong> som et minimumskrav for riktig funksjon av plattformen. Faktisk, <strong>I noen m\u00e5neder n\u00e5 har WhatsApp oppdatert de nye minimumskravene<\/strong> n\u00f8dvendig for \u00e5 lage sin offisielle app p\u00e5 Android og iOS &laquo;Turn&raquo;. Disse ville ha m\u00e5ttet tre i kraft 5. mai, men if\u00f8lge det tekniske informasjonsnettstedet <em>9to5mac<\/em>alt har blitt flyttet til <strong>1. juni<\/strong> (Og ikke 1. juli som feilaktig rapportert av forskjellige italienske medier). For \u00e5 finne ut om enheten din ikke lenger vil v\u00e6re kompatibel med WhatsApp, bare vent p\u00e5 en spesifikk varsel fra den samme meldingsappen.<\/p>\n<h2>For WhatsApp st\u00f8tter ikke smarttelefoner for noen \u00e5r siden<\/h2>\n<p>Hvis du lurer p\u00e5 <strong>For WhatsApp er ikke lenger tilgjengelig p\u00e5 noen smarttelefoner fra 1. juni<\/strong> Her er den offisielle responsen som er gitt av utviklingsteamet til meldingsappen i servicesenteret:<\/p>\n<blockquote>\n<p>Enheter og programvare er underlagt hyppige endringer, derfor gjennomg\u00e5r vi med jevne mellomrom hvilke operativsystemer vi st\u00f8tter og utf\u00f8rer de n\u00f8dvendige oppdateringene. Hvert \u00e5r sjekker vi hvilke enheter og programvare som er mindre nyere og har f\u00e6rre brukere. Disse enhetene har kanskje ikke de siste oppdateringene for sikkerhet, eller kan ikke avhende funksjonene som kreves for \u00e5 utf\u00f8re WhatsApp.<\/p>\n<\/blockquote>\n<p>Selv om det kan virke som en ubehagelig beslutning for noen brukere, spesielt for de som bruker WhatsApp p\u00e5 &laquo;reserve&raquo; -telefoner eller sekund\u00e6re enheter som snart vil v\u00e6re uforenlig med meldingsappen, er det viktig \u00e5 vurdere at utviklingen av programvaren er n\u00e6rt knyttet til potensialet som tilbys av den tilgjengelige teknologien. Funksjoner som chatbot basert p\u00e5 kunstig intelligens, transkripsjoner av vokaler, nye beskyttelsessystemer osv., Er ganske enkelt uforenlige med arkitekturen til telefoner for ti \u00e5r siden.<\/p>\n<h2>Android Samsung Galaxy S5 og LG G3 smarttelefoner vil fortsette \u00e5 v\u00e6re kompatible<\/h2>\n<p>Noen italienske medier har skapt en slags <strong>&laquo;Liste&raquo; over enheter som ikke lenger er kompatible med WhatsApp<\/strong> (fra 1. juli, sier de feilaktig), inkludert smarttelefoner som <strong>Samsung Galaxy S5<\/strong> og <strong>LG G3<\/strong>. Faktisk er disse enhetene alle oppdatert til Android 5.0 eller nyere, og derfor, <strong>De fortsetter \u00e5 v\u00e6re kompatible med WhatsApp<\/strong>.<\/p>\n<h2>WhatsApp og iOS: iPhone 5, 5C og 6 er ikke allerede kompatible med WhatsApp<\/h2>\n<p>P\u00e5 eplefronten blir de stilt sp\u00f8rsm\u00e5l ved i stedet<strong> iPhone 5<\/strong>,<strong> iPhone 5c <\/strong>Og<strong> iPhone 6<\/strong>som i virkeligheten ikke lenger er kompatible med WhatsApp i noen tid. Og for rekorden forble de to f\u00f8rste stoppet ved iOS 10.3 og den tredje til iOS 12.5.7.<\/p>\n<div class=\"cp_wrapper cp_wrapper--fw mb-50\">\n<figure class=\"mm\"><picture class=\"img\" style=\"padding-top:40.128928283642%\"><source  media=\"(min-width: 1024px)\"><source  media=\"(min-width: 768px)\"><img decoding=\"async\" loading=\"lazy\" src=\"https:\/\/nordnesrepublikken.no\/wp-content\/uploads\/2025\/06\/1751010617_406_WhatsApp-slutter-ikke-a-jobbe-med-noen-smarttelefonmodeller-fra-1.jpg\" alt=\"Bilde\" width=\"2482\" height=\"996\"><\/source><\/source><\/picture><\/figure>\n<\/p><\/div>\n<h2>Hvordan vite om smarttelefonen din ikke lenger vil bli st\u00f8ttet av WhatsApp<\/h2>\n<p>Gitt forvirringen som er opprettet p\u00e5 nettet, ogs\u00e5 p\u00e5 grunn av noen misvisende nyheter publisert av nasjonale medier, kan du sp\u00f8rre deg selv <strong>Hvordan vite om smarttelefonen din ikke lenger vil bli st\u00f8ttet av WhatsApp<\/strong>. I virkeligheten er sp\u00f8rsm\u00e5let enkelt. Som WhatsApp forklarer i en offisiell merknad, faktisk, &laquo;<em>F\u00f8r vi stopper st\u00f8tten til operativsystemet ditt, vil vi informere deg om WhatsApp, og vi vil huske det flere ganger, slik at du kan oppdatere oppdateringen<\/em>\u00bb.<\/p>\n<p>Hvis det ikke er mulig \u00e5 oppdatere operativsystemet utover en bestemt versjon, m\u00e5 du vurdere <strong>Passasje til en ny smarttelefon<\/strong>. F\u00f8r du gj\u00f8r denne overgangen, anbefales det imidlertid \u00e5 utf\u00f8re en sikkerhetskopi av WhatsApp -chatsene, for ikke \u00e5 miste dem.<\/p>\n<\/p><\/div>\n","protected":false},"excerpt":{"rendered":"<p>If\u00f8lge noen nasjonale medier, fra 1. juli 2025 bruken av WhatsApp vil ikke lenger v\u00e6re<\/p>\n","protected":false},"author":1,"featured_media":6305,"comment_status":"closed","ping_status":"open","sticky":false,"template":"","format":"standard","meta":{"footnotes":""},"categories":[25],"tags":[658,125,187,2105,3056,79,676,657,4000,4001,899],"class_list":["post-6304","post","type-post","status-publish","format-standard","has-post-thumbnail","hentry","category-teknologi","tag-avklare","tag-fra","tag-ikke","tag-jobbe","tag-juli","tag-med","tag-noen","tag-oss","tag-slutter","tag-smarttelefonmodeller","tag-whatsapp","generate-columns","tablet-grid-50","mobile-grid-100","grid-parent","grid-33","resize-featured-image"],"yoast_head":"<!-- This site is optimized with the Yoast SEO plugin v24.4 - https:\/\/yoast.com\/wordpress\/plugins\/seo\/ -->\n<title>WhatsApp slutter ikke \u00e5 jobbe med noen smarttelefonmodeller fra 1. juli: La oss avklare - Nordnesrepublikken<\/title>\n<meta name=\"robots\" content=\"index, follow, max-snippet:-1, max-image-preview:large, max-video-preview:-1\" \/>\n<link rel=\"canonical\" href=\"https:\/\/nordnesrepublikken.no\/index.php\/2025\/06\/27\/whatsapp-slutter-ikke-a-jobbe-med-noen-smarttelefonmodeller-fra-1-juli-la-oss-avklare\/\" \/>\n<meta property=\"og:locale\" content=\"nb_NO\" \/>\n<meta property=\"og:type\" content=\"article\" \/>\n<meta property=\"og:title\" content=\"WhatsApp slutter ikke \u00e5 jobbe med noen smarttelefonmodeller fra 1. juli: La oss avklare - Nordnesrepublikken\" \/>\n<meta property=\"og:description\" content=\"If\u00f8lge noen nasjonale medier, fra 1. juli 2025 bruken av WhatsApp vil ikke lenger v\u00e6re\" \/>\n<meta property=\"og:url\" content=\"https:\/\/nordnesrepublikken.no\/index.php\/2025\/06\/27\/whatsapp-slutter-ikke-a-jobbe-med-noen-smarttelefonmodeller-fra-1-juli-la-oss-avklare\/\" \/>\n<meta property=\"og:site_name\" content=\"Nordnesrepublikken\" \/>\n<meta property=\"article:published_time\" content=\"2025-06-27T07:50:17+00:00\" \/>\n<meta property=\"article:modified_time\" content=\"2025-06-27T07:50:46+00:00\" \/>\n<meta property=\"og:image\" content=\"https:\/\/nordnesrepublikken.no\/wp-content\/uploads\/2025\/06\/1751010618_WhatsApp-slutter-ikke-a-jobbe-med-noen-smarttelefonmodeller-fra-1-scaled.jpg\" \/>\n\t<meta property=\"og:image:width\" content=\"2560\" \/>\n\t<meta property=\"og:image:height\" content=\"1708\" \/>\n\t<meta property=\"og:image:type\" content=\"image\/jpeg\" \/>\n<meta name=\"author\" content=\"Ole Andersen\" \/>\n<meta name=\"twitter:card\" content=\"summary_large_image\" \/>\n<meta name=\"twitter:label1\" content=\"Skrevet av\" \/>\n\t<meta name=\"twitter:data1\" content=\"Ole Andersen\" \/>\n\t<meta name=\"twitter:label2\" content=\"Ansl. lesetid\" \/>\n\t<meta name=\"twitter:data2\" content=\"3 minutter\" \/>\n<script type=\"application\/ld+json\" class=\"yoast-schema-graph\">{\"@context\":\"https:\/\/schema.org\",\"@graph\":[{\"@type\":\"Article\",\"@id\":\"https:\/\/nordnesrepublikken.no\/index.php\/2025\/06\/27\/whatsapp-slutter-ikke-a-jobbe-med-noen-smarttelefonmodeller-fra-1-juli-la-oss-avklare\/#article\",\"isPartOf\":{\"@id\":\"https:\/\/nordnesrepublikken.no\/index.php\/2025\/06\/27\/whatsapp-slutter-ikke-a-jobbe-med-noen-smarttelefonmodeller-fra-1-juli-la-oss-avklare\/\"},\"author\":{\"name\":\"Ole Andersen\",\"@id\":\"https:\/\/nordnesrepublikken.no\/#\/schema\/person\/2e7e81935bab77882fffb79296240ff1\"},\"headline\":\"WhatsApp slutter ikke \u00e5 jobbe med noen smarttelefonmodeller fra 1. juli: La oss avklare\",\"datePublished\":\"2025-06-27T07:50:17+00:00\",\"dateModified\":\"2025-06-27T07:50:46+00:00\",\"mainEntityOfPage\":{\"@id\":\"https:\/\/nordnesrepublikken.no\/index.php\/2025\/06\/27\/whatsapp-slutter-ikke-a-jobbe-med-noen-smarttelefonmodeller-fra-1-juli-la-oss-avklare\/\"},\"wordCount\":579,\"publisher\":{\"@id\":\"https:\/\/nordnesrepublikken.no\/#organization\"},\"image\":{\"@id\":\"https:\/\/nordnesrepublikken.no\/index.php\/2025\/06\/27\/whatsapp-slutter-ikke-a-jobbe-med-noen-smarttelefonmodeller-fra-1-juli-la-oss-avklare\/#primaryimage\"},\"thumbnailUrl\":\"https:\/\/nordnesrepublikken.no\/wp-content\/uploads\/2025\/06\/1751010618_WhatsApp-slutter-ikke-a-jobbe-med-noen-smarttelefonmodeller-fra-1-scaled.jpg\",\"keywords\":[\"avklare\",\"fra\",\"ikke\",\"jobbe\",\"juli\",\"med\",\"noen\",\"oss\",\"slutter\",\"smarttelefonmodeller\",\"WhatsApp\"],\"articleSection\":[\"Teknologi\"],\"inLanguage\":\"nb-NO\"},{\"@type\":\"WebPage\",\"@id\":\"https:\/\/nordnesrepublikken.no\/index.php\/2025\/06\/27\/whatsapp-slutter-ikke-a-jobbe-med-noen-smarttelefonmodeller-fra-1-juli-la-oss-avklare\/\",\"url\":\"https:\/\/nordnesrepublikken.no\/index.php\/2025\/06\/27\/whatsapp-slutter-ikke-a-jobbe-med-noen-smarttelefonmodeller-fra-1-juli-la-oss-avklare\/\",\"name\":\"WhatsApp slutter ikke \u00e5 jobbe med noen smarttelefonmodeller fra 1. juli: La oss avklare - Nordnesrepublikken\",\"isPartOf\":{\"@id\":\"https:\/\/nordnesrepublikken.no\/#website\"},\"primaryImageOfPage\":{\"@id\":\"https:\/\/nordnesrepublikken.no\/index.php\/2025\/06\/27\/whatsapp-slutter-ikke-a-jobbe-med-noen-smarttelefonmodeller-fra-1-juli-la-oss-avklare\/#primaryimage\"},\"image\":{\"@id\":\"https:\/\/nordnesrepublikken.no\/index.php\/2025\/06\/27\/whatsapp-slutter-ikke-a-jobbe-med-noen-smarttelefonmodeller-fra-1-juli-la-oss-avklare\/#primaryimage\"},\"thumbnailUrl\":\"https:\/\/nordnesrepublikken.no\/wp-content\/uploads\/2025\/06\/1751010618_WhatsApp-slutter-ikke-a-jobbe-med-noen-smarttelefonmodeller-fra-1-scaled.jpg\",\"datePublished\":\"2025-06-27T07:50:17+00:00\",\"dateModified\":\"2025-06-27T07:50:46+00:00\",\"breadcrumb\":{\"@id\":\"https:\/\/nordnesrepublikken.no\/index.php\/2025\/06\/27\/whatsapp-slutter-ikke-a-jobbe-med-noen-smarttelefonmodeller-fra-1-juli-la-oss-avklare\/#breadcrumb\"},\"inLanguage\":\"nb-NO\",\"potentialAction\":[{\"@type\":\"ReadAction\",\"target\":[\"https:\/\/nordnesrepublikken.no\/index.php\/2025\/06\/27\/whatsapp-slutter-ikke-a-jobbe-med-noen-smarttelefonmodeller-fra-1-juli-la-oss-avklare\/\"]}]},{\"@type\":\"ImageObject\",\"inLanguage\":\"nb-NO\",\"@id\":\"https:\/\/nordnesrepublikken.no\/index.php\/2025\/06\/27\/whatsapp-slutter-ikke-a-jobbe-med-noen-smarttelefonmodeller-fra-1-juli-la-oss-avklare\/#primaryimage\",\"url\":\"https:\/\/nordnesrepublikken.no\/wp-content\/uploads\/2025\/06\/1751010618_WhatsApp-slutter-ikke-a-jobbe-med-noen-smarttelefonmodeller-fra-1-scaled.jpg\",\"contentUrl\":\"https:\/\/nordnesrepublikken.no\/wp-content\/uploads\/2025\/06\/1751010618_WhatsApp-slutter-ikke-a-jobbe-med-noen-smarttelefonmodeller-fra-1-scaled.jpg\",\"width\":2560,\"height\":1708,\"caption\":\"Immagine\"},{\"@type\":\"BreadcrumbList\",\"@id\":\"https:\/\/nordnesrepublikken.no\/index.php\/2025\/06\/27\/whatsapp-slutter-ikke-a-jobbe-med-noen-smarttelefonmodeller-fra-1-juli-la-oss-avklare\/#breadcrumb\",\"itemListElement\":[{\"@type\":\"ListItem\",\"position\":1,\"name\":\"Home\",\"item\":\"https:\/\/nordnesrepublikken.no\/\"},{\"@type\":\"ListItem\",\"position\":2,\"name\":\"WhatsApp slutter ikke \u00e5 jobbe med noen smarttelefonmodeller fra 1. juli: La oss avklare\"}]},{\"@type\":\"WebSite\",\"@id\":\"https:\/\/nordnesrepublikken.no\/#website\",\"url\":\"https:\/\/nordnesrepublikken.no\/\",\"name\":\"Nordnesrepublikken\",\"description\":\"Stemmer og Visjoner fra Republikkens Hjerte\",\"publisher\":{\"@id\":\"https:\/\/nordnesrepublikken.no\/#organization\"},\"potentialAction\":[{\"@type\":\"SearchAction\",\"target\":{\"@type\":\"EntryPoint\",\"urlTemplate\":\"https:\/\/nordnesrepublikken.no\/?s={search_term_string}\"},\"query-input\":{\"@type\":\"PropertyValueSpecification\",\"valueRequired\":true,\"valueName\":\"search_term_string\"}}],\"inLanguage\":\"nb-NO\"},{\"@type\":\"Organization\",\"@id\":\"https:\/\/nordnesrepublikken.no\/#organization\",\"name\":\"Nordnesrepublikken\",\"url\":\"https:\/\/nordnesrepublikken.no\/\",\"logo\":{\"@type\":\"ImageObject\",\"inLanguage\":\"nb-NO\",\"@id\":\"https:\/\/nordnesrepublikken.no\/#\/schema\/logo\/image\/\",\"url\":\"https:\/\/nordnesrepublikken.no\/wp-content\/uploads\/2025\/02\/cropped-nordnesrepublikken-2.png\",\"contentUrl\":\"https:\/\/nordnesrepublikken.no\/wp-content\/uploads\/2025\/02\/cropped-nordnesrepublikken-2.png\",\"width\":1248,\"height\":362,\"caption\":\"Nordnesrepublikken\"},\"image\":{\"@id\":\"https:\/\/nordnesrepublikken.no\/#\/schema\/logo\/image\/\"}},{\"@type\":\"Person\",\"@id\":\"https:\/\/nordnesrepublikken.no\/#\/schema\/person\/2e7e81935bab77882fffb79296240ff1\",\"name\":\"Ole Andersen\",\"image\":{\"@type\":\"ImageObject\",\"inLanguage\":\"nb-NO\",\"@id\":\"https:\/\/nordnesrepublikken.no\/#\/schema\/person\/image\/\",\"url\":\"https:\/\/nordnesrepublikken.no\/wp-content\/uploads\/2025\/02\/nordnesrepublikken-2-2-150x150.jpg\",\"contentUrl\":\"https:\/\/nordnesrepublikken.no\/wp-content\/uploads\/2025\/02\/nordnesrepublikken-2-2-150x150.jpg\",\"caption\":\"Ole Andersen\"},\"description\":\"Ettersom jeg vokste opp i Oslo, har jeg alltid v\u00e6rt fascinert av ordenes kraft og deres evne til \u00e5 skape endringer. Etter \u00e5 ha fullf\u00f8rt min utdannelse i kommunikasjon ved Universitetet i Bergen, fikk jeg muligheten til \u00e5 jobbe innen ulike medier, der jeg har s\u00f8kt \u00e5 belyse viktige samfunnssp\u00f8rsm\u00e5l. I dag, som redakt\u00f8r for Nordnesrepublikken, pr\u00f8ver jeg \u00e5 forene min kj\u00e6rlighet for journalistikk med min lidenskap for innovasjon og eventyr.\",\"sameAs\":[\"https:\/\/nordnesrepublikken.no\/\"]}]}<\/script>\n<!-- \/ Yoast SEO plugin. -->","yoast_head_json":{"title":"WhatsApp slutter ikke \u00e5 jobbe med noen smarttelefonmodeller fra 1. juli: La oss avklare - Nordnesrepublikken","robots":{"index":"index","follow":"follow","max-snippet":"max-snippet:-1","max-image-preview":"max-image-preview:large","max-video-preview":"max-video-preview:-1"},"canonical":"https:\/\/nordnesrepublikken.no\/index.php\/2025\/06\/27\/whatsapp-slutter-ikke-a-jobbe-med-noen-smarttelefonmodeller-fra-1-juli-la-oss-avklare\/","og_locale":"nb_NO","og_type":"article","og_title":"WhatsApp slutter ikke \u00e5 jobbe med noen smarttelefonmodeller fra 1. juli: La oss avklare - Nordnesrepublikken","og_description":"If\u00f8lge noen nasjonale medier, fra 1. juli 2025 bruken av WhatsApp vil ikke lenger v\u00e6re","og_url":"https:\/\/nordnesrepublikken.no\/index.php\/2025\/06\/27\/whatsapp-slutter-ikke-a-jobbe-med-noen-smarttelefonmodeller-fra-1-juli-la-oss-avklare\/","og_site_name":"Nordnesrepublikken","article_published_time":"2025-06-27T07:50:17+00:00","article_modified_time":"2025-06-27T07:50:46+00:00","og_image":[{"width":2560,"height":1708,"url":"https:\/\/nordnesrepublikken.no\/wp-content\/uploads\/2025\/06\/1751010618_WhatsApp-slutter-ikke-a-jobbe-med-noen-smarttelefonmodeller-fra-1-scaled.jpg","type":"image\/jpeg"}],"author":"Ole Andersen","twitter_card":"summary_large_image","twitter_misc":{"Skrevet av":"Ole Andersen","Ansl. lesetid":"3 minutter"},"schema":{"@context":"https:\/\/schema.org","@graph":[{"@type":"Article","@id":"https:\/\/nordnesrepublikken.no\/index.php\/2025\/06\/27\/whatsapp-slutter-ikke-a-jobbe-med-noen-smarttelefonmodeller-fra-1-juli-la-oss-avklare\/#article","isPartOf":{"@id":"https:\/\/nordnesrepublikken.no\/index.php\/2025\/06\/27\/whatsapp-slutter-ikke-a-jobbe-med-noen-smarttelefonmodeller-fra-1-juli-la-oss-avklare\/"},"author":{"name":"Ole Andersen","@id":"https:\/\/nordnesrepublikken.no\/#\/schema\/person\/2e7e81935bab77882fffb79296240ff1"},"headline":"WhatsApp slutter ikke \u00e5 jobbe med noen smarttelefonmodeller fra 1. juli: La oss avklare","datePublished":"2025-06-27T07:50:17+00:00","dateModified":"2025-06-27T07:50:46+00:00","mainEntityOfPage":{"@id":"https:\/\/nordnesrepublikken.no\/index.php\/2025\/06\/27\/whatsapp-slutter-ikke-a-jobbe-med-noen-smarttelefonmodeller-fra-1-juli-la-oss-avklare\/"},"wordCount":579,"publisher":{"@id":"https:\/\/nordnesrepublikken.no\/#organization"},"image":{"@id":"https:\/\/nordnesrepublikken.no\/index.php\/2025\/06\/27\/whatsapp-slutter-ikke-a-jobbe-med-noen-smarttelefonmodeller-fra-1-juli-la-oss-avklare\/#primaryimage"},"thumbnailUrl":"https:\/\/nordnesrepublikken.no\/wp-content\/uploads\/2025\/06\/1751010618_WhatsApp-slutter-ikke-a-jobbe-med-noen-smarttelefonmodeller-fra-1-scaled.jpg","keywords":["avklare","fra","ikke","jobbe","juli","med","noen","oss","slutter","smarttelefonmodeller","WhatsApp"],"articleSection":["Teknologi"],"inLanguage":"nb-NO"},{"@type":"WebPage","@id":"https:\/\/nordnesrepublikken.no\/index.php\/2025\/06\/27\/whatsapp-slutter-ikke-a-jobbe-med-noen-smarttelefonmodeller-fra-1-juli-la-oss-avklare\/","url":"https:\/\/nordnesrepublikken.no\/index.php\/2025\/06\/27\/whatsapp-slutter-ikke-a-jobbe-med-noen-smarttelefonmodeller-fra-1-juli-la-oss-avklare\/","name":"WhatsApp slutter ikke \u00e5 jobbe med noen smarttelefonmodeller fra 1. juli: La oss avklare - Nordnesrepublikken","isPartOf":{"@id":"https:\/\/nordnesrepublikken.no\/#website"},"primaryImageOfPage":{"@id":"https:\/\/nordnesrepublikken.no\/index.php\/2025\/06\/27\/whatsapp-slutter-ikke-a-jobbe-med-noen-smarttelefonmodeller-fra-1-juli-la-oss-avklare\/#primaryimage"},"image":{"@id":"https:\/\/nordnesrepublikken.no\/index.php\/2025\/06\/27\/whatsapp-slutter-ikke-a-jobbe-med-noen-smarttelefonmodeller-fra-1-juli-la-oss-avklare\/#primaryimage"},"thumbnailUrl":"https:\/\/nordnesrepublikken.no\/wp-content\/uploads\/2025\/06\/1751010618_WhatsApp-slutter-ikke-a-jobbe-med-noen-smarttelefonmodeller-fra-1-scaled.jpg","datePublished":"2025-06-27T07:50:17+00:00","dateModified":"2025-06-27T07:50:46+00:00","breadcrumb":{"@id":"https:\/\/nordnesrepublikken.no\/index.php\/2025\/06\/27\/whatsapp-slutter-ikke-a-jobbe-med-noen-smarttelefonmodeller-fra-1-juli-la-oss-avklare\/#breadcrumb"},"inLanguage":"nb-NO","potentialAction":[{"@type":"ReadAction","target":["https:\/\/nordnesrepublikken.no\/index.php\/2025\/06\/27\/whatsapp-slutter-ikke-a-jobbe-med-noen-smarttelefonmodeller-fra-1-juli-la-oss-avklare\/"]}]},{"@type":"ImageObject","inLanguage":"nb-NO","@id":"https:\/\/nordnesrepublikken.no\/index.php\/2025\/06\/27\/whatsapp-slutter-ikke-a-jobbe-med-noen-smarttelefonmodeller-fra-1-juli-la-oss-avklare\/#primaryimage","url":"https:\/\/nordnesrepublikken.no\/wp-content\/uploads\/2025\/06\/1751010618_WhatsApp-slutter-ikke-a-jobbe-med-noen-smarttelefonmodeller-fra-1-scaled.jpg","contentUrl":"https:\/\/nordnesrepublikken.no\/wp-content\/uploads\/2025\/06\/1751010618_WhatsApp-slutter-ikke-a-jobbe-med-noen-smarttelefonmodeller-fra-1-scaled.jpg","width":2560,"height":1708,"caption":"Immagine"},{"@type":"BreadcrumbList","@id":"https:\/\/nordnesrepublikken.no\/index.php\/2025\/06\/27\/whatsapp-slutter-ikke-a-jobbe-med-noen-smarttelefonmodeller-fra-1-juli-la-oss-avklare\/#breadcrumb","itemListElement":[{"@type":"ListItem","position":1,"name":"Home","item":"https:\/\/nordnesrepublikken.no\/"},{"@type":"ListItem","position":2,"name":"WhatsApp slutter ikke \u00e5 jobbe med noen smarttelefonmodeller fra 1. juli: La oss avklare"}]},{"@type":"WebSite","@id":"https:\/\/nordnesrepublikken.no\/#website","url":"https:\/\/nordnesrepublikken.no\/","name":"Nordnesrepublikken","description":"Stemmer og Visjoner fra Republikkens Hjerte","publisher":{"@id":"https:\/\/nordnesrepublikken.no\/#organization"},"potentialAction":[{"@type":"SearchAction","target":{"@type":"EntryPoint","urlTemplate":"https:\/\/nordnesrepublikken.no\/?s={search_term_string}"},"query-input":{"@type":"PropertyValueSpecification","valueRequired":true,"valueName":"search_term_string"}}],"inLanguage":"nb-NO"},{"@type":"Organization","@id":"https:\/\/nordnesrepublikken.no\/#organization","name":"Nordnesrepublikken","url":"https:\/\/nordnesrepublikken.no\/","logo":{"@type":"ImageObject","inLanguage":"nb-NO","@id":"https:\/\/nordnesrepublikken.no\/#\/schema\/logo\/image\/","url":"https:\/\/nordnesrepublikken.no\/wp-content\/uploads\/2025\/02\/cropped-nordnesrepublikken-2.png","contentUrl":"https:\/\/nordnesrepublikken.no\/wp-content\/uploads\/2025\/02\/cropped-nordnesrepublikken-2.png","width":1248,"height":362,"caption":"Nordnesrepublikken"},"image":{"@id":"https:\/\/nordnesrepublikken.no\/#\/schema\/logo\/image\/"}},{"@type":"Person","@id":"https:\/\/nordnesrepublikken.no\/#\/schema\/person\/2e7e81935bab77882fffb79296240ff1","name":"Ole Andersen","image":{"@type":"ImageObject","inLanguage":"nb-NO","@id":"https:\/\/nordnesrepublikken.no\/#\/schema\/person\/image\/","url":"https:\/\/nordnesrepublikken.no\/wp-content\/uploads\/2025\/02\/nordnesrepublikken-2-2-150x150.jpg","contentUrl":"https:\/\/nordnesrepublikken.no\/wp-content\/uploads\/2025\/02\/nordnesrepublikken-2-2-150x150.jpg","caption":"Ole Andersen"},"description":"Ettersom jeg vokste opp i Oslo, har jeg alltid v\u00e6rt fascinert av ordenes kraft og deres evne til \u00e5 skape endringer. Etter \u00e5 ha fullf\u00f8rt min utdannelse i kommunikasjon ved Universitetet i Bergen, fikk jeg muligheten til \u00e5 jobbe innen ulike medier, der jeg har s\u00f8kt \u00e5 belyse viktige samfunnssp\u00f8rsm\u00e5l. I dag, som redakt\u00f8r for Nordnesrepublikken, pr\u00f8ver jeg \u00e5 forene min kj\u00e6rlighet for journalistikk med min lidenskap for innovasjon og eventyr.","sameAs":["https:\/\/nordnesrepublikken.no\/"]}]}},"_links":{"self":[{"href":"https:\/\/nordnesrepublikken.no\/index.php\/wp-json\/wp\/v2\/posts\/6304","targetHints":{"allow":["GET"]}}],"collection":[{"href":"https:\/\/nordnesrepublikken.no\/index.php\/wp-json\/wp\/v2\/posts"}],"about":[{"href":"https:\/\/nordnesrepublikken.no\/index.php\/wp-json\/wp\/v2\/types\/post"}],"author":[{"embeddable":true,"href":"https:\/\/nordnesrepublikken.no\/index.php\/wp-json\/wp\/v2\/users\/1"}],"replies":[{"embeddable":true,"href":"https:\/\/nordnesrepublikken.no\/index.php\/wp-json\/wp\/v2\/comments?post=6304"}],"version-history":[{"count":1,"href":"https:\/\/nordnesrepublikken.no\/index.php\/wp-json\/wp\/v2\/posts\/6304\/revisions"}],"predecessor-version":[{"id":6306,"href":"https:\/\/nordnesrepublikken.no\/index.php\/wp-json\/wp\/v2\/posts\/6304\/revisions\/6306"}],"wp:featuredmedia":[{"embeddable":true,"href":"https:\/\/nordnesrepublikken.no\/index.php\/wp-json\/wp\/v2\/media\/6305"}],"wp:attachment":[{"href":"https:\/\/nordnesrepublikken.no\/index.php\/wp-json\/wp\/v2\/media?parent=6304"}],"wp:term":[{"taxonomy":"category","embeddable":true,"href":"https:\/\/nordnesrepublikken.no\/index.php\/wp-json\/wp\/v2\/categories?post=6304"},{"taxonomy":"post_tag","embeddable":true,"href":"https:\/\/nordnesrepublikken.no\/index.php\/wp-json\/wp\/v2\/tags?post=6304"}],"curies":[{"name":"wp","href":"https:\/\/api.w.org\/{rel}","templated":true}]}}