{"id":6301,"date":"2025-06-27T08:49:51","date_gmt":"2025-06-27T06:49:51","guid":{"rendered":"https:\/\/nordnesrepublikken.no\/index.php\/2025\/06\/27\/data-kritiske-aspekter-og-fremtidsperspektiver\/"},"modified":"2025-06-27T08:49:52","modified_gmt":"2025-06-27T06:49:52","slug":"data-kritiske-aspekter-og-fremtidsperspektiver","status":"publish","type":"post","link":"https:\/\/nordnesrepublikken.no\/index.php\/2025\/06\/27\/data-kritiske-aspekter-og-fremtidsperspektiver\/","title":{"rendered":"Data, kritiske aspekter og fremtidsperspektiver"},"content":{"rendered":"<div>\n<div class=\"cp_wrapper cp_wrapper--fw mb-30 mb-20@tablet\">\n<figure class=\"mm\"><picture class=\"img\" style=\"padding-top:56.25%\"><source  media=\"(min-width: 1024px)\"><source  media=\"(min-width: 768px)\"><\/source><\/source><\/picture><\/figure>\n<\/p><\/div>\n<p>I Italia det av <strong>Seaside -innr\u00f8mmelser<\/strong> Det er et veldig tornete tema, underlagt kontrovers av milj\u00f8- og kategorikategorier og i sentrum for en overtredelsesprosedyre av<strong>EU<\/strong> som pr\u00f8vde \u00e5 regulere loven i Europa i Europa. I Italia pr\u00f8ver regjeringen \u00e5 beskytte historiske ledere. Men hvordan fungerer det italienske systemet virkelig, og hva kan endre seg de kommende \u00e5rene? For bare noen dager siden kunngjorde infrastrukturministeren Matteo Salvini signaturen til en <strong>dekret<\/strong> \u00c5 redusere i <strong>Maritime statlige kanoner<\/strong> av badebedriftene opp til<strong> 50%<\/strong>. Starter fra 2027, den <b>Slutten p\u00e5 automatiske fornyelser<\/b>erstattet av<b>Forpliktelse for kommunene for \u00e5 kalle offentlige anbud<\/b> innen 30. juni samme \u00e5r. De nye innr\u00f8mmelsene som er tildelt, vil ha en variabel varighet <b>Mellom 5 og 20 \u00e5r<\/b> Og p\u00e5 slutten vil det v\u00e6re en <b>Kompensasjon for den avtroppende manageren<\/b>.<\/p>\n<h2><b>Hva konsesjonene ved sj\u00f8en er<\/b><\/h2>\n<p>Badekonsesjoner er autorisasjoner, utstedt av offentlige organer som <strong>Kommuner, provinser eller regioner<\/strong>for \u00e5 bruke maritime statlige omr\u00e5der til form\u00e5l <strong>fritidsturist,<\/strong> inkludert kommersielle aktiviteter. Omr\u00e5dene med den maritime statlige eiendommen inkluderer<strong> Strender, men ogs\u00e5 havner, kyster<\/strong> og andre kystomr\u00e5der. Spesifikt autoriserer innr\u00f8mmelsene for badebedrifter bruken av stranden til \u00e5 administrere badebedrifter og kommersielle aktiviteter. Mens <strong>Gratis strender<\/strong> Jeg er en <strong>Bruk og offentlig tilgang<\/strong> Uten betaling av et gebyr, svarer p\u00e5 regler som er fastsatt av kommunen eller av ansvaret, strendene i <strong>konsesjon<\/strong> administreres av en <strong>privat<\/strong>De tilbyr betalte tjenester som catering, dusjer, paraplyutleie, solsenger og ser en eksklusiv bruk av strandstrekningen av forhandleren. I noen kommuner er det den s\u00e5kalte<strong> Gratis utstyrte strender<\/strong>det vil si en mellomliggende kategori, som s\u00f8rger for<strong>Gratis tilgang til stranden<\/strong>med muligheten for \u00e5 dra nytte av<strong> Noen tjenester<\/strong> men uten plikten til \u00e5 betale et gebyr.<\/p>\n<div class=\"cp_wrapper cp_wrapper--fw mb-50\">\n<figure class=\"mm\"><picture class=\"img\" style=\"padding-top:66.666666666667%\"><source  media=\"(min-width: 1024px)\"><source  media=\"(min-width: 768px)\"><img decoding=\"async\" loading=\"lazy\" src=\"https:\/\/nordnesrepublikken.no\/wp-content\/uploads\/2025\/06\/1751006991_539_Data-kritiske-aspekter-og-fremtidsperspektiver.jpg\" alt=\"Bilde\" width=\"960\" height=\"640\"><\/source><\/source><\/picture><\/figure>\n<\/p><\/div>\n<h2><b>Hvordan f\u00e5 en konsesjon ved sj\u00f8en<\/b><\/h2>\n<p>Der <strong>prosedyre<\/strong> For \u00e5 f\u00e5 en konsesjon ved sj\u00f8en best\u00e5r den i \u00e5 presentere en<strong> foresp\u00f8rsel<\/strong> til det kompetente territorielle organet (generelt kommunen eller provinsen). I henhold til europeisk lovgivning, b\u00f8r konsesjonsinngangsprosedyren gjennomf\u00f8res gjennom <strong>Offentlig varsel<\/strong>derfor via l\u00f8pet, hvoretter man er laget <strong>b\u00e5de milj\u00f8- og teknisk og administrativ evaluering,<\/strong> Begrepet som konsesjonen deretter utstedes. Generelt <strong>varighet<\/strong> innr\u00f8mmelser skal v\u00e6re fra<strong> 6 til 10 \u00e5r<\/strong> av bruk, men i Italia kommer det <strong>automatisk utvidet<\/strong> Ogs\u00e5 fortl\u00f8pende. Sjekkene utf\u00f8res av <strong>Kystvakt og havnemyndighet<\/strong> (N\u00e5r det gjelder sikkerheten og reglene for det maritime omr\u00e5det), fra <strong>Vanlig<\/strong> (For \u00e5 sjekke at milj\u00f8standardene og overholdelsen av strandplanen blir respektert) og fra<strong>Statlig eiendomsbyr\u00e5<\/strong> (for sjekker p\u00e5 kanon og statlige begrensninger).<\/p>\n<h2><b>Noen data om badekonsesjoner i Italia<\/b><\/h2>\n<p>I <strong>Italia,<\/strong> Maritime innr\u00f8mmelser for turistbruk utgj\u00f8r ca. <strong>12.166<\/strong> for badebedrifter e<strong> 1838<\/strong> For sportsklubber, campingplasser og turistkomplekser. Sekund <strong>Legambiente, 42,8%<\/strong> av den italienske sandkysten er okkupert av <strong>Seaside -innr\u00f8mmelser<\/strong>eller <strong>ca 1433 km<\/strong> av totalt 3346 km Sandy Coast. Dette tallet bestrider den av <strong>Departementet, som erkl\u00e6rte at bare 33%<\/strong> av de italienske kystene var gjenstand for innr\u00f8mmelser; Dette er fordi departementets etterforskning if\u00f8lge Legambiente vil ta hensyn til hele den italienske kysten, inkludert ogs\u00e5 deler av <strong>Kyst ikke tilgjengelig,<\/strong> som en steinete kyst eller med infrastrukturer som allerede er til stede. I Italia i noen regioner (som Liguria, Emilia-Romagna og Campania) er kysten allerede okkupert av innr\u00f8mmelser for 70%, et tall som ogs\u00e5 fremhever den sterke ubalansen mellom regioner i landet.<\/p>\n<p>N\u00e5r det gjelder<strong> siden<\/strong><b>Gjennomsnittlig \u00e5rlig tittate <\/b>en <b>Bading av etablering<\/b>kan det sies at det normalt g\u00e5r fra <strong>100 000 til 300 000 \u20ac<\/strong> for mellomstore strukturer, \u00e5 overvinne <strong>\u20ac 500 000<\/strong> per \u00e5r, i luksuri\u00f8se turistomr\u00e5der. Minimumsm\u00e5let p\u00e5 <strong>kanon<\/strong> For Maritime State -innr\u00f8mmelser, fra 1. januar 2024, er det satt til <strong>3.225,50 <\/strong><strong>\u20ac<\/strong><strong>.<\/strong><\/p>\n<h2><b>Kritiske og kontroversielle aspekter ved innr\u00f8mmelser<\/b><\/h2>\n<p>I Italia er det mange kontroverser og kritikk fra innbyggere og institusjoner ang\u00e5ende badekonsesjoner: f\u00f8rst og fremst kommer <strong>Automatisk fornyelse kritisert<\/strong> og utvidelsene som gis til badebedriftene om innr\u00f8mmelser. Statsr\u00e5det med tre setninger vurdert <strong>uekte<\/strong> utvidelsene til innr\u00f8mmelser, fordi i motsetning til prinsippet om <strong>gratis konkurranse<\/strong>. Italia er faktisk under europeisk overtredelsesprosedyre, da det ikke bruker <strong>Bolkestein Direktiv 2006\/123\/EC<\/strong> i henhold til hvilke regjeringen skal tilpasse seg EU -reglene: Statene m\u00e5 forby <strong>Offentlige og upartiske anbudsprosedyrer<\/strong> \u00c5 tildele kystenes konsesjoner og forby automatiske fornyelser. Italia siden 2010 har utvidet eksisterende badekonsesjoner, ikke anvendelse av lovgivningen, mottatt et overtredelsesm\u00e5l fra EU -kommisjonen i november 2023. Alle innr\u00f8mmelsene som for tiden er p\u00e5 plass, er utvidet <b>Fram til 30. september 2027<\/b>.<\/p>\n<p>En annen grunn til kritikk er<strong> kanoner for lave<\/strong>etablert ved lov a <strong>fast rente<\/strong>med minimum <strong>3 \u20ac per kvadratmeter<\/strong> og a <strong>Minimum \u00e5rlig avgift p\u00e5 omtrent 3000 \u20ac<\/strong>. I f\u00f8lge <strong>Revisors domstol<\/strong>staten stammer <strong>Litt over 100 millioner i \u00e5ret<\/strong> over <strong>16 000 innr\u00f8mmelser<\/strong>en sum vurdert <strong>uforholdsmessig til omsetningen<\/strong> av virksomhetene.<\/p>\n<h2><b>Hva kan endre seg i denne forbindelse<\/b><\/h2>\n<p>Til n\u00e5 har den italienske regjeringen vist motstand mot Bolkestein -direktivet, og utsatt mottakelsen, ogs\u00e5 for \u00e5 beskytte operat\u00f8rene i sektoren og familiebedriftene som forvalter badebedriftene. De <strong>handelsforeninger<\/strong> De frykter \u00f8konomiske konsekvenser og ber om st\u00f8rre <strong>garantier for ledere<\/strong> Historikere av virksomhetene. Noen av disse har flyttet konkrete forslag, for eksempel<b> Sib <\/b>(Italienske Balneari Union &#8211; ConfCommercio) som ba om st\u00f8rre beskyttelse av familiebedrifter, og ogs\u00e5 foreslo en reform for \u00e5 styrke investeringene til de n\u00e5v\u00e6rende forhandlerne, og <b>Fiba <\/b>(Federation of Balneari &#8211; Confesercenti) som spurte den italienske regjeringen klare regler og kriterier som bel\u00f8nner operat\u00f8rer som har investert over tid p\u00e5 strukturene.<\/p>\n<p>Spesiell oppmerksomhet rettes mot temaer som <strong>beskyttelsen av landskapet<\/strong> og<strong>Gratis tilgang til kysten<\/strong>. Legambiente har i \u00e5revis blitt ford\u00f8mt <strong>privatisering <\/strong>av de italienske strendene, publiserer rapporter om kysten okkupert av virksomhetene og sp\u00f8r <strong>Mer milj\u00f8vern<\/strong> Og <strong>\u00e5penhet i offentlige anbud<\/strong>.<\/p>\n<h2><b>Seaside -innr\u00f8mmelser i resten av Europa<\/b><b><br \/><\/b><\/h2>\n<p><strong>Hellas, Kroatia og Frankrike<\/strong> F\u00f8lg Bolkestein -direktivet med offentlige anbud for \u00e5 overlate styringen av badebedriftene; i <strong>Portugal<\/strong> L\u00f8pene indikeres ved \u00e5 ta hensyn til historikeren til de som allerede administrerer badebedriftene, med en konsesjon som kan g\u00e5 opp til en varighet p\u00e5 75 \u00e5r (og for dette punktet har ogs\u00e5 Portugal mottatt overtredelsesprosedyren fra EU); N\u00e5r det gjelder<strong> Spania,<\/strong> Strendene er<b> offentlig statlig eiendom<\/b> og tilh\u00f8rer staten, akkurat som i Italia, men badebedriftene og kommersielle aktiviteter kan bare operere gjennom<b> Midlertidige autorisasjoner<\/b>kalt &laquo;meningshjelp&raquo;<em>,<\/em> som utstedes etter en offentlig anbudsprosedyre. Innr\u00f8mmelser har en bestemt tid og med<strong> Lov om kysten<\/strong> (Ley de Costas) fra 1988, reformert i 2013, sl\u00e5r den spanske regjeringen fast <b>Bruk og offentlig tilgang til strendene er en prioritet, <\/b>begrenser privatiseringen av kysten.<\/p>\n<h2><b>Ytterligere endringer fra 2027<\/b><\/h2>\n<p>Seaside Concessions -systemet vil bli endret<strong> Starter fra 2027:<\/strong> Kommuner m\u00e5 starte oppfordringer til <strong>L\u00f8p innen 30. juni 2027<\/strong>. I tillegg til <strong>Stopp til automatiske fornyelser<\/strong> innr\u00f8mmelser og plikten til \u00e5 starte<strong> offentlige anbud<\/strong>de nye innr\u00f8mmelsene vil ha en varighet <strong>Mellom 5 og 20 \u00e5r<\/strong>med en<strong> kompensasjon<\/strong> planlagt for den avtroppende forhandleren. I tillegg er det etablert nye kriterier for oppgaven, if\u00f8lge<strong>Tilgjengelighet<\/strong> av virksomhetene, til milj\u00f8spekt og til <strong>kvalitet<\/strong> av tjenestene som tilbys. Disse kriteriene bel\u00f8nner ogs\u00e5 <strong>beskyttelse av lokale tradisjoner<\/strong> og muligheten til \u00e5 garantere <strong>Kontinuitet i sysselsettingen<\/strong> til arbeiderne til den forrige lederen.<\/p>\n<\/p><\/div>\n","protected":false},"excerpt":{"rendered":"<p>I Italia det av Seaside -innr\u00f8mmelser Det er et veldig tornete tema, underlagt kontrovers av<\/p>\n","protected":false},"author":1,"featured_media":6302,"comment_status":"closed","ping_status":"open","sticky":false,"template":"","format":"standard","meta":{"footnotes":""},"categories":[104],"tags":[3998,3707,3999,3997],"class_list":["post-6301","post","type-post","status-publish","format-standard","has-post-thumbnail","hentry","category-samfunn","tag-aspekter","tag-data","tag-fremtidsperspektiver","tag-kritiske","generate-columns","tablet-grid-50","mobile-grid-100","grid-parent","grid-33","resize-featured-image"],"yoast_head":"<!-- This site is optimized with the Yoast SEO plugin v24.4 - https:\/\/yoast.com\/wordpress\/plugins\/seo\/ -->\n<title>Data, kritiske aspekter og fremtidsperspektiver - Nordnesrepublikken<\/title>\n<meta name=\"robots\" content=\"index, follow, max-snippet:-1, max-image-preview:large, max-video-preview:-1\" \/>\n<link rel=\"canonical\" href=\"https:\/\/nordnesrepublikken.no\/index.php\/2025\/06\/27\/data-kritiske-aspekter-og-fremtidsperspektiver\/\" \/>\n<meta property=\"og:locale\" content=\"nb_NO\" \/>\n<meta property=\"og:type\" content=\"article\" \/>\n<meta property=\"og:title\" content=\"Data, kritiske aspekter og fremtidsperspektiver - Nordnesrepublikken\" \/>\n<meta property=\"og:description\" content=\"I Italia det av Seaside -innr\u00f8mmelser Det er et veldig tornete tema, underlagt kontrovers av\" \/>\n<meta property=\"og:url\" content=\"https:\/\/nordnesrepublikken.no\/index.php\/2025\/06\/27\/data-kritiske-aspekter-og-fremtidsperspektiver\/\" \/>\n<meta property=\"og:site_name\" content=\"Nordnesrepublikken\" \/>\n<meta property=\"article:published_time\" content=\"2025-06-27T06:49:51+00:00\" \/>\n<meta property=\"article:modified_time\" content=\"2025-06-27T06:49:52+00:00\" \/>\n<meta property=\"og:image\" content=\"https:\/\/nordnesrepublikken.no\/wp-content\/uploads\/2025\/06\/1751006991_Data-kritiske-aspekter-og-fremtidsperspektiver.jpg\" \/>\n\t<meta property=\"og:image:width\" content=\"960\" \/>\n\t<meta property=\"og:image:height\" content=\"720\" \/>\n\t<meta property=\"og:image:type\" content=\"image\/jpeg\" \/>\n<meta name=\"author\" content=\"Ole Andersen\" \/>\n<meta name=\"twitter:card\" content=\"summary_large_image\" \/>\n<meta name=\"twitter:label1\" content=\"Skrevet av\" \/>\n\t<meta name=\"twitter:data1\" content=\"Ole Andersen\" \/>\n\t<meta name=\"twitter:label2\" content=\"Ansl. lesetid\" \/>\n\t<meta name=\"twitter:data2\" content=\"6 minutter\" \/>\n<script type=\"application\/ld+json\" class=\"yoast-schema-graph\">{\"@context\":\"https:\/\/schema.org\",\"@graph\":[{\"@type\":\"Article\",\"@id\":\"https:\/\/nordnesrepublikken.no\/index.php\/2025\/06\/27\/data-kritiske-aspekter-og-fremtidsperspektiver\/#article\",\"isPartOf\":{\"@id\":\"https:\/\/nordnesrepublikken.no\/index.php\/2025\/06\/27\/data-kritiske-aspekter-og-fremtidsperspektiver\/\"},\"author\":{\"name\":\"Ole Andersen\",\"@id\":\"https:\/\/nordnesrepublikken.no\/#\/schema\/person\/2e7e81935bab77882fffb79296240ff1\"},\"headline\":\"Data, kritiske aspekter og fremtidsperspektiver\",\"datePublished\":\"2025-06-27T06:49:51+00:00\",\"dateModified\":\"2025-06-27T06:49:52+00:00\",\"mainEntityOfPage\":{\"@id\":\"https:\/\/nordnesrepublikken.no\/index.php\/2025\/06\/27\/data-kritiske-aspekter-og-fremtidsperspektiver\/\"},\"wordCount\":1149,\"publisher\":{\"@id\":\"https:\/\/nordnesrepublikken.no\/#organization\"},\"image\":{\"@id\":\"https:\/\/nordnesrepublikken.no\/index.php\/2025\/06\/27\/data-kritiske-aspekter-og-fremtidsperspektiver\/#primaryimage\"},\"thumbnailUrl\":\"https:\/\/nordnesrepublikken.no\/wp-content\/uploads\/2025\/06\/1751006991_Data-kritiske-aspekter-og-fremtidsperspektiver.jpg\",\"keywords\":[\"aspekter\",\"data\",\"fremtidsperspektiver\",\"kritiske\"],\"articleSection\":[\"Samfunn\"],\"inLanguage\":\"nb-NO\"},{\"@type\":\"WebPage\",\"@id\":\"https:\/\/nordnesrepublikken.no\/index.php\/2025\/06\/27\/data-kritiske-aspekter-og-fremtidsperspektiver\/\",\"url\":\"https:\/\/nordnesrepublikken.no\/index.php\/2025\/06\/27\/data-kritiske-aspekter-og-fremtidsperspektiver\/\",\"name\":\"Data, kritiske aspekter og fremtidsperspektiver - Nordnesrepublikken\",\"isPartOf\":{\"@id\":\"https:\/\/nordnesrepublikken.no\/#website\"},\"primaryImageOfPage\":{\"@id\":\"https:\/\/nordnesrepublikken.no\/index.php\/2025\/06\/27\/data-kritiske-aspekter-og-fremtidsperspektiver\/#primaryimage\"},\"image\":{\"@id\":\"https:\/\/nordnesrepublikken.no\/index.php\/2025\/06\/27\/data-kritiske-aspekter-og-fremtidsperspektiver\/#primaryimage\"},\"thumbnailUrl\":\"https:\/\/nordnesrepublikken.no\/wp-content\/uploads\/2025\/06\/1751006991_Data-kritiske-aspekter-og-fremtidsperspektiver.jpg\",\"datePublished\":\"2025-06-27T06:49:51+00:00\",\"dateModified\":\"2025-06-27T06:49:52+00:00\",\"breadcrumb\":{\"@id\":\"https:\/\/nordnesrepublikken.no\/index.php\/2025\/06\/27\/data-kritiske-aspekter-og-fremtidsperspektiver\/#breadcrumb\"},\"inLanguage\":\"nb-NO\",\"potentialAction\":[{\"@type\":\"ReadAction\",\"target\":[\"https:\/\/nordnesrepublikken.no\/index.php\/2025\/06\/27\/data-kritiske-aspekter-og-fremtidsperspektiver\/\"]}]},{\"@type\":\"ImageObject\",\"inLanguage\":\"nb-NO\",\"@id\":\"https:\/\/nordnesrepublikken.no\/index.php\/2025\/06\/27\/data-kritiske-aspekter-og-fremtidsperspektiver\/#primaryimage\",\"url\":\"https:\/\/nordnesrepublikken.no\/wp-content\/uploads\/2025\/06\/1751006991_Data-kritiske-aspekter-og-fremtidsperspektiver.jpg\",\"contentUrl\":\"https:\/\/nordnesrepublikken.no\/wp-content\/uploads\/2025\/06\/1751006991_Data-kritiske-aspekter-og-fremtidsperspektiver.jpg\",\"width\":960,\"height\":720,\"caption\":\"Immagine\"},{\"@type\":\"BreadcrumbList\",\"@id\":\"https:\/\/nordnesrepublikken.no\/index.php\/2025\/06\/27\/data-kritiske-aspekter-og-fremtidsperspektiver\/#breadcrumb\",\"itemListElement\":[{\"@type\":\"ListItem\",\"position\":1,\"name\":\"Home\",\"item\":\"https:\/\/nordnesrepublikken.no\/\"},{\"@type\":\"ListItem\",\"position\":2,\"name\":\"Data, kritiske aspekter og fremtidsperspektiver\"}]},{\"@type\":\"WebSite\",\"@id\":\"https:\/\/nordnesrepublikken.no\/#website\",\"url\":\"https:\/\/nordnesrepublikken.no\/\",\"name\":\"Nordnesrepublikken\",\"description\":\"Stemmer og Visjoner fra Republikkens Hjerte\",\"publisher\":{\"@id\":\"https:\/\/nordnesrepublikken.no\/#organization\"},\"potentialAction\":[{\"@type\":\"SearchAction\",\"target\":{\"@type\":\"EntryPoint\",\"urlTemplate\":\"https:\/\/nordnesrepublikken.no\/?s={search_term_string}\"},\"query-input\":{\"@type\":\"PropertyValueSpecification\",\"valueRequired\":true,\"valueName\":\"search_term_string\"}}],\"inLanguage\":\"nb-NO\"},{\"@type\":\"Organization\",\"@id\":\"https:\/\/nordnesrepublikken.no\/#organization\",\"name\":\"Nordnesrepublikken\",\"url\":\"https:\/\/nordnesrepublikken.no\/\",\"logo\":{\"@type\":\"ImageObject\",\"inLanguage\":\"nb-NO\",\"@id\":\"https:\/\/nordnesrepublikken.no\/#\/schema\/logo\/image\/\",\"url\":\"https:\/\/nordnesrepublikken.no\/wp-content\/uploads\/2025\/02\/cropped-nordnesrepublikken-2.png\",\"contentUrl\":\"https:\/\/nordnesrepublikken.no\/wp-content\/uploads\/2025\/02\/cropped-nordnesrepublikken-2.png\",\"width\":1248,\"height\":362,\"caption\":\"Nordnesrepublikken\"},\"image\":{\"@id\":\"https:\/\/nordnesrepublikken.no\/#\/schema\/logo\/image\/\"}},{\"@type\":\"Person\",\"@id\":\"https:\/\/nordnesrepublikken.no\/#\/schema\/person\/2e7e81935bab77882fffb79296240ff1\",\"name\":\"Ole Andersen\",\"image\":{\"@type\":\"ImageObject\",\"inLanguage\":\"nb-NO\",\"@id\":\"https:\/\/nordnesrepublikken.no\/#\/schema\/person\/image\/\",\"url\":\"https:\/\/nordnesrepublikken.no\/wp-content\/uploads\/2025\/02\/nordnesrepublikken-2-2-150x150.jpg\",\"contentUrl\":\"https:\/\/nordnesrepublikken.no\/wp-content\/uploads\/2025\/02\/nordnesrepublikken-2-2-150x150.jpg\",\"caption\":\"Ole Andersen\"},\"description\":\"Ettersom jeg vokste opp i Oslo, har jeg alltid v\u00e6rt fascinert av ordenes kraft og deres evne til \u00e5 skape endringer. Etter \u00e5 ha fullf\u00f8rt min utdannelse i kommunikasjon ved Universitetet i Bergen, fikk jeg muligheten til \u00e5 jobbe innen ulike medier, der jeg har s\u00f8kt \u00e5 belyse viktige samfunnssp\u00f8rsm\u00e5l. I dag, som redakt\u00f8r for Nordnesrepublikken, pr\u00f8ver jeg \u00e5 forene min kj\u00e6rlighet for journalistikk med min lidenskap for innovasjon og eventyr.\",\"sameAs\":[\"https:\/\/nordnesrepublikken.no\/\"]}]}<\/script>\n<!-- \/ Yoast SEO plugin. -->","yoast_head_json":{"title":"Data, kritiske aspekter og fremtidsperspektiver - Nordnesrepublikken","robots":{"index":"index","follow":"follow","max-snippet":"max-snippet:-1","max-image-preview":"max-image-preview:large","max-video-preview":"max-video-preview:-1"},"canonical":"https:\/\/nordnesrepublikken.no\/index.php\/2025\/06\/27\/data-kritiske-aspekter-og-fremtidsperspektiver\/","og_locale":"nb_NO","og_type":"article","og_title":"Data, kritiske aspekter og fremtidsperspektiver - Nordnesrepublikken","og_description":"I Italia det av Seaside -innr\u00f8mmelser Det er et veldig tornete tema, underlagt kontrovers av","og_url":"https:\/\/nordnesrepublikken.no\/index.php\/2025\/06\/27\/data-kritiske-aspekter-og-fremtidsperspektiver\/","og_site_name":"Nordnesrepublikken","article_published_time":"2025-06-27T06:49:51+00:00","article_modified_time":"2025-06-27T06:49:52+00:00","og_image":[{"width":960,"height":720,"url":"https:\/\/nordnesrepublikken.no\/wp-content\/uploads\/2025\/06\/1751006991_Data-kritiske-aspekter-og-fremtidsperspektiver.jpg","type":"image\/jpeg"}],"author":"Ole Andersen","twitter_card":"summary_large_image","twitter_misc":{"Skrevet av":"Ole Andersen","Ansl. lesetid":"6 minutter"},"schema":{"@context":"https:\/\/schema.org","@graph":[{"@type":"Article","@id":"https:\/\/nordnesrepublikken.no\/index.php\/2025\/06\/27\/data-kritiske-aspekter-og-fremtidsperspektiver\/#article","isPartOf":{"@id":"https:\/\/nordnesrepublikken.no\/index.php\/2025\/06\/27\/data-kritiske-aspekter-og-fremtidsperspektiver\/"},"author":{"name":"Ole Andersen","@id":"https:\/\/nordnesrepublikken.no\/#\/schema\/person\/2e7e81935bab77882fffb79296240ff1"},"headline":"Data, kritiske aspekter og fremtidsperspektiver","datePublished":"2025-06-27T06:49:51+00:00","dateModified":"2025-06-27T06:49:52+00:00","mainEntityOfPage":{"@id":"https:\/\/nordnesrepublikken.no\/index.php\/2025\/06\/27\/data-kritiske-aspekter-og-fremtidsperspektiver\/"},"wordCount":1149,"publisher":{"@id":"https:\/\/nordnesrepublikken.no\/#organization"},"image":{"@id":"https:\/\/nordnesrepublikken.no\/index.php\/2025\/06\/27\/data-kritiske-aspekter-og-fremtidsperspektiver\/#primaryimage"},"thumbnailUrl":"https:\/\/nordnesrepublikken.no\/wp-content\/uploads\/2025\/06\/1751006991_Data-kritiske-aspekter-og-fremtidsperspektiver.jpg","keywords":["aspekter","data","fremtidsperspektiver","kritiske"],"articleSection":["Samfunn"],"inLanguage":"nb-NO"},{"@type":"WebPage","@id":"https:\/\/nordnesrepublikken.no\/index.php\/2025\/06\/27\/data-kritiske-aspekter-og-fremtidsperspektiver\/","url":"https:\/\/nordnesrepublikken.no\/index.php\/2025\/06\/27\/data-kritiske-aspekter-og-fremtidsperspektiver\/","name":"Data, kritiske aspekter og fremtidsperspektiver - Nordnesrepublikken","isPartOf":{"@id":"https:\/\/nordnesrepublikken.no\/#website"},"primaryImageOfPage":{"@id":"https:\/\/nordnesrepublikken.no\/index.php\/2025\/06\/27\/data-kritiske-aspekter-og-fremtidsperspektiver\/#primaryimage"},"image":{"@id":"https:\/\/nordnesrepublikken.no\/index.php\/2025\/06\/27\/data-kritiske-aspekter-og-fremtidsperspektiver\/#primaryimage"},"thumbnailUrl":"https:\/\/nordnesrepublikken.no\/wp-content\/uploads\/2025\/06\/1751006991_Data-kritiske-aspekter-og-fremtidsperspektiver.jpg","datePublished":"2025-06-27T06:49:51+00:00","dateModified":"2025-06-27T06:49:52+00:00","breadcrumb":{"@id":"https:\/\/nordnesrepublikken.no\/index.php\/2025\/06\/27\/data-kritiske-aspekter-og-fremtidsperspektiver\/#breadcrumb"},"inLanguage":"nb-NO","potentialAction":[{"@type":"ReadAction","target":["https:\/\/nordnesrepublikken.no\/index.php\/2025\/06\/27\/data-kritiske-aspekter-og-fremtidsperspektiver\/"]}]},{"@type":"ImageObject","inLanguage":"nb-NO","@id":"https:\/\/nordnesrepublikken.no\/index.php\/2025\/06\/27\/data-kritiske-aspekter-og-fremtidsperspektiver\/#primaryimage","url":"https:\/\/nordnesrepublikken.no\/wp-content\/uploads\/2025\/06\/1751006991_Data-kritiske-aspekter-og-fremtidsperspektiver.jpg","contentUrl":"https:\/\/nordnesrepublikken.no\/wp-content\/uploads\/2025\/06\/1751006991_Data-kritiske-aspekter-og-fremtidsperspektiver.jpg","width":960,"height":720,"caption":"Immagine"},{"@type":"BreadcrumbList","@id":"https:\/\/nordnesrepublikken.no\/index.php\/2025\/06\/27\/data-kritiske-aspekter-og-fremtidsperspektiver\/#breadcrumb","itemListElement":[{"@type":"ListItem","position":1,"name":"Home","item":"https:\/\/nordnesrepublikken.no\/"},{"@type":"ListItem","position":2,"name":"Data, kritiske aspekter og fremtidsperspektiver"}]},{"@type":"WebSite","@id":"https:\/\/nordnesrepublikken.no\/#website","url":"https:\/\/nordnesrepublikken.no\/","name":"Nordnesrepublikken","description":"Stemmer og Visjoner fra Republikkens Hjerte","publisher":{"@id":"https:\/\/nordnesrepublikken.no\/#organization"},"potentialAction":[{"@type":"SearchAction","target":{"@type":"EntryPoint","urlTemplate":"https:\/\/nordnesrepublikken.no\/?s={search_term_string}"},"query-input":{"@type":"PropertyValueSpecification","valueRequired":true,"valueName":"search_term_string"}}],"inLanguage":"nb-NO"},{"@type":"Organization","@id":"https:\/\/nordnesrepublikken.no\/#organization","name":"Nordnesrepublikken","url":"https:\/\/nordnesrepublikken.no\/","logo":{"@type":"ImageObject","inLanguage":"nb-NO","@id":"https:\/\/nordnesrepublikken.no\/#\/schema\/logo\/image\/","url":"https:\/\/nordnesrepublikken.no\/wp-content\/uploads\/2025\/02\/cropped-nordnesrepublikken-2.png","contentUrl":"https:\/\/nordnesrepublikken.no\/wp-content\/uploads\/2025\/02\/cropped-nordnesrepublikken-2.png","width":1248,"height":362,"caption":"Nordnesrepublikken"},"image":{"@id":"https:\/\/nordnesrepublikken.no\/#\/schema\/logo\/image\/"}},{"@type":"Person","@id":"https:\/\/nordnesrepublikken.no\/#\/schema\/person\/2e7e81935bab77882fffb79296240ff1","name":"Ole Andersen","image":{"@type":"ImageObject","inLanguage":"nb-NO","@id":"https:\/\/nordnesrepublikken.no\/#\/schema\/person\/image\/","url":"https:\/\/nordnesrepublikken.no\/wp-content\/uploads\/2025\/02\/nordnesrepublikken-2-2-150x150.jpg","contentUrl":"https:\/\/nordnesrepublikken.no\/wp-content\/uploads\/2025\/02\/nordnesrepublikken-2-2-150x150.jpg","caption":"Ole Andersen"},"description":"Ettersom jeg vokste opp i Oslo, har jeg alltid v\u00e6rt fascinert av ordenes kraft og deres evne til \u00e5 skape endringer. Etter \u00e5 ha fullf\u00f8rt min utdannelse i kommunikasjon ved Universitetet i Bergen, fikk jeg muligheten til \u00e5 jobbe innen ulike medier, der jeg har s\u00f8kt \u00e5 belyse viktige samfunnssp\u00f8rsm\u00e5l. I dag, som redakt\u00f8r for Nordnesrepublikken, pr\u00f8ver jeg \u00e5 forene min kj\u00e6rlighet for journalistikk med min lidenskap for innovasjon og eventyr.","sameAs":["https:\/\/nordnesrepublikken.no\/"]}]}},"_links":{"self":[{"href":"https:\/\/nordnesrepublikken.no\/index.php\/wp-json\/wp\/v2\/posts\/6301","targetHints":{"allow":["GET"]}}],"collection":[{"href":"https:\/\/nordnesrepublikken.no\/index.php\/wp-json\/wp\/v2\/posts"}],"about":[{"href":"https:\/\/nordnesrepublikken.no\/index.php\/wp-json\/wp\/v2\/types\/post"}],"author":[{"embeddable":true,"href":"https:\/\/nordnesrepublikken.no\/index.php\/wp-json\/wp\/v2\/users\/1"}],"replies":[{"embeddable":true,"href":"https:\/\/nordnesrepublikken.no\/index.php\/wp-json\/wp\/v2\/comments?post=6301"}],"version-history":[{"count":1,"href":"https:\/\/nordnesrepublikken.no\/index.php\/wp-json\/wp\/v2\/posts\/6301\/revisions"}],"predecessor-version":[{"id":6303,"href":"https:\/\/nordnesrepublikken.no\/index.php\/wp-json\/wp\/v2\/posts\/6301\/revisions\/6303"}],"wp:featuredmedia":[{"embeddable":true,"href":"https:\/\/nordnesrepublikken.no\/index.php\/wp-json\/wp\/v2\/media\/6302"}],"wp:attachment":[{"href":"https:\/\/nordnesrepublikken.no\/index.php\/wp-json\/wp\/v2\/media?parent=6301"}],"wp:term":[{"taxonomy":"category","embeddable":true,"href":"https:\/\/nordnesrepublikken.no\/index.php\/wp-json\/wp\/v2\/categories?post=6301"},{"taxonomy":"post_tag","embeddable":true,"href":"https:\/\/nordnesrepublikken.no\/index.php\/wp-json\/wp\/v2\/tags?post=6301"}],"curies":[{"name":"wp","href":"https:\/\/api.w.org\/{rel}","templated":true}]}}