{"id":6295,"date":"2025-06-27T01:49:38","date_gmt":"2025-06-26T23:49:38","guid":{"rendered":"https:\/\/nordnesrepublikken.no\/index.php\/2025\/06\/27\/hva-betyr-se-pacem-para-bellum-og-hvilken-opprinnelse-det-beromte-latinske-uttrykket-har\/"},"modified":"2025-06-27T01:49:45","modified_gmt":"2025-06-26T23:49:45","slug":"hva-betyr-se-pacem-para-bellum-og-hvilken-opprinnelse-det-beromte-latinske-uttrykket-har","status":"publish","type":"post","link":"https:\/\/nordnesrepublikken.no\/index.php\/2025\/06\/27\/hva-betyr-se-pacem-para-bellum-og-hvilken-opprinnelse-det-beromte-latinske-uttrykket-har\/","title":{"rendered":"Hva betyr &laquo;Se Pacem Para Bellum&raquo; og hvilken opprinnelse det ber\u00f8mte latinske uttrykket har"},"content":{"rendered":"<div>\n<p>Uttrykket<em> Du m\u00f8ter Pacem Para Bellum, <\/em>det vil si &laquo;Hvis du vil ha fred forbereder krigen&raquo;, ofte brukt i milit\u00e6re strategier, men ogs\u00e5 p\u00e5 det politiske feltet, understreker <strong>begrep om avskrekking<\/strong>Det vil si p\u00e5 ideen som om \u00e5 ha mektige v\u00e6pnede styrker b\u00f8r gj\u00f8re det mer usannsynlig \u00e5 bli angrepet, og f\u00f8lgelig b\u00f8r redusere risikoen som krigen brast. Blant de gamle forfatterne som st\u00f8ttet et lignende prinsipp, vises de <strong>Platon og Cicero<\/strong>. Formuleringen av uttrykket mest lik det vi vet vises i et verk av <strong>Gr\u00f8nnsak<\/strong>forfatter av det 4. \u00e5rhundre annonse i sin avhandling &laquo;Epitoma Rei Militaris&raquo;; form <em>Si vis pacem para bellum<\/em> I stedet er det attesteret inn <strong>moderne tid<\/strong>. Dette latinske uttrykket ble nylig brukt av statsministeren <strong>Giorgia Meloni<\/strong> For \u00e5 rettferdiggj\u00f8re \u00f8kningen i milit\u00e6re utgifter. Lederen for opposisjonen, <strong>Elly Schlein<\/strong>svarte at setningen ikke lenger er str\u00f8m.<\/p>\n<h2><strong>Hva betyr det <em>Si vis pacem para bellum <\/em>Nylig brukt av Meloni<\/strong><\/h2>\n<p>Det latinske uttrykket <em>Si vis pacem para bellum<\/em> Det betyr bokstavelig talt &laquo;hvis du vil ha fred som forbereder krigen&raquo;. Det er derfor en <strong>invitasjon til \u00e5 bev\u00e6pne deg<\/strong> og \u00e5 investere store ressurser i det milit\u00e6re omr\u00e5det, for prinsippet om <strong>avskrekking<\/strong>: Hvis du har en sterk h\u00e6r, er det vanskeligere for noen \u00e5 bestemme seg for \u00e5 angripe. F\u00f8lgelig, i henhold til uttrykket <em>Si vis pacem para bellum<\/em>Milit\u00e6re investeringer ville tjene til \u00e5 garantere fred.<\/p>\n<div class=\"cp_wrapper cp_wrapper--fw mb-50\">\n<figure class=\"mm\"><picture class=\"img\" style=\"padding-top:75%\"><source  media=\"(min-width: 1024px)\"><source  media=\"(min-width: 768px)\"><\/source><\/source><\/picture><\/figure>\n<\/p><\/div>\n<h2><strong>Opprinnelsen til <em>Si vis pacem para bellum<\/em><\/strong><\/h2>\n<p>Uttrykket <em>Si vis pacem para bellum<\/em>I motsetning til hva du tror, \u200b\u200bble det ikke uttalt av noen latinsk forfatter. Noen gamle forfattere uttrykte imidlertid <strong>Konsept inneholdt i setningen<\/strong>ved \u00e5 bruke forskjellige ord. En av de f\u00f8rste forfatterne som hevdet at hvis du vil ha fred, m\u00e5 du forberede deg p\u00e5 krigen det var det <strong>Platon<\/strong>Den greske filosofen p\u00e5 det 4. \u00e5rhundre f.Kr. C., i arbeidet &laquo;lovene<em>&laquo;&raquo;<\/em>.<\/p>\n<p>Noen latinske forfattere brukte ogs\u00e5 uttrykk med samme betydning som <em>Si vis pacem para bellum<\/em>. I det f\u00f8rste \u00e5rhundre f.Kr. <strong>Guide<\/strong>i den &laquo;syvende filippinske&raquo; sa han: S<em>Fredsbruk Volumus, Bellum Gerendum EST<\/em>det vil si &laquo;Hvis vi vil glede oss over fred, m\u00e5 vi f\u00f8re krig&raquo;. I samme \u00e5rhundre, historikeren <strong>Cornelio Nepote<\/strong> Han brukte uttrykket <em>Pariur pax vakker<\/em>Det vil si &laquo;fred oppn\u00e5s med krig&raquo;, i biografien om Epaminonda.<\/p>\n<p>Formuleringen som er mest lik v\u00e5r, stammer imidlertid tilbake til 4. \u00e5rhundre e.Kr.<em>&laquo;&raquo;<\/em> (Merk p\u00e5 italiensk med tittelen <em>Krigskunsten<\/em>), en traktat skrevet av forfatteren <strong>Publio Vegezio Renato<\/strong>. Leser arbeidet: <em>Igitur her Desit Pacem, Praeparet Bellum<\/em>&laquo;S\u00e5 de som \u00f8nsker fred, forbereder seg p\u00e5 krigen&raquo;.<\/p>\n<div class=\"cp_wrapper cp_wrapper--fw mb-50\">\n<figure class=\"mm\"><picture class=\"img\" style=\"padding-top:142.23918575064%\"><source  media=\"(min-width: 1024px)\"><source  media=\"(min-width: 768px)\"><img decoding=\"async\" loading=\"lazy\" src=\"https:\/\/nordnesrepublikken.no\/wp-content\/uploads\/2025\/06\/1750981778_187_Hva-betyr-Se-Pacem-Para-Bellum-og-hvilken-opprinnelse-det.jpg\" alt=\"F\u00f8rste utskriftsutgave av Epitoma Rei Militaris\" width=\"786\" height=\"1118\" class=\"js-seedtag-img\"><\/source><\/source><\/picture><\/figure>\n<\/p><\/div>\n<h2><strong>Bruk i massekulturen til <em>Si vis pacem para bellum<\/em><\/strong><\/h2>\n<p>Vi vet ikke hvem som brukte f\u00f8rste setning i den formen vi kjenner. Konseptet med avskrekking gjennom milit\u00e6r styrke ble uttrykt av forfattere av middelalderen og moderne alder, inkludert <strong>Machiavelli<\/strong>.<\/p>\n<p>Vi vet med sikkerhet at setningen <em>Si vis pacem para bellum<\/em> ERA <strong>allerede kjent p\u00e5 begynnelsen av det nittende \u00e5rhundre<\/strong> Og den ble brukt i en Memories -bok av sekret\u00e6ren for Napoleon, Louis Antoine Fauvelet de Bourrienne, i henhold til at hvis keiseren hadde kjent ham, ville han ha snudd ordene: &laquo;Hvis du vil ha krig, forberede fred&raquo;.<\/p>\n<p>Ogs\u00e5 p\u00e5 slutten av det nittende \u00e5rhundre en <strong>Tysk v\u00e5penfabrikk<\/strong>Deutsche Waffen und Plady, brukte den andre delen av setningen, <em>Para Bellum<\/em>som en telegrafisk adresse til en av dens grener. Som en konsekvens, ordet <strong>parabellum<\/strong>skrevet uten mellomrom, ble brukt til \u00e5 identifisere produktet deres, pistolen <strong>Luger parabellum<\/strong>utbredt frem til andre verdenskrig.<\/p>\n<div class=\"cp_wrapper cp_wrapper--fw mb-50\">\n<figure class=\"mm\"><picture class=\"img\" style=\"padding-top:66.927083333333%\"><source  media=\"(min-width: 1024px)\"><source  media=\"(min-width: 768px)\"><img decoding=\"async\" loading=\"lazy\" src=\"https:\/\/nordnesrepublikken.no\/wp-content\/uploads\/2025\/06\/1750981778_99_Hva-betyr-Se-Pacem-Para-Bellum-og-hvilken-opprinnelse-det.jpg\" alt=\"En Luger parabellum\" width=\"1920\" height=\"1285\"><\/source><\/source><\/picture><\/figure>\n<\/p><\/div>\n<p>Setningen var ogs\u00e5 <strong>brukt i mange land i det tjuende \u00e5rhundre<\/strong> For \u00e5 rettferdiggj\u00f8re militariseringen av selskapet og \u00f8kningen i utgifter beregnet p\u00e5 de v\u00e6pnede styrkene. Det er ogs\u00e5 <strong>motto av noen milit\u00e6re enheter<\/strong>som den 96. kommunikasjonsskvadronen til det amerikanske flyv\u00e5penet, aktiv i Eglin -basen i Florida.<\/p>\n<h2><strong>Men er det sant at hvis du vil ha fred, m\u00e5 du forberede krigen?            <\/strong><\/h2>\n<p>Oppgaven som, hvis du vil ha fred, du m\u00e5 forberede krigen, det vil si at du m\u00e5 bev\u00e6pne deg opp til tennene, er den ikke alltid grunnlagt. I noen tilfeller har prinsippet om avskrekking faktisk fungert. Under den kalde krigen var for eksempel tilgjengeligheten av enorme atomarsenaler en av faktorene takket v\u00e6re som <strong>den direkte konfrontasjonen<\/strong> Mellom de to supermaktene, USA og Sovjetunionen, fant ikke sted. I mange andre tilfeller var imidlertid tilgjengeligheten av v\u00e5pen en <strong>Insentiv til krig<\/strong> Og han favoriserte utbruddet, fordi han mente at statene f\u00f8lte seg sterk og klar for kamp. Mange historikere har observert at rikelig tilstedev\u00e6relse av v\u00e5pen og milit\u00e6re fabrikker, p\u00e5 grunn av teknologisk fremgang og den andre industrielle revolusjonen, var en (men ikke den eneste) av \u00e5rsakene til utbruddet av f\u00f8rste verdenskrig, fordi det har f\u00e5tt de europeiske landene til \u00e5 kjempe i stedet for \u00e5 l\u00f8se tvister p\u00e5 diplomatisk m\u00e5te. Dessuten skyldes ofte \u00f8kningen i milit\u00e6re utgifter og militarisering \u00f8nsket om \u00e5 beskytte og unng\u00e5 angrep, men til <strong>vil til \u00e5 dominere andre<\/strong>. Ikke overraskende, i den politiske debatten noen ganger er dommen veltet: <em><strong>Si vis pacem, para pacem<\/strong><\/em>Det vil si hvis du vil ha fred, forberede fred.<\/p>\n<\/p><\/div>\n","protected":false},"excerpt":{"rendered":"<p>Uttrykket Du m\u00f8ter Pacem Para Bellum, det vil si &laquo;Hvis du vil ha fred forbereder<\/p>\n","protected":false},"author":1,"featured_media":6296,"comment_status":"closed","ping_status":"open","sticky":false,"template":"","format":"standard","meta":{"footnotes":""},"categories":[104],"tags":[3992,1633,186,66,179,144,1181,1068,1480,3990,3991,2546],"class_list":["post-6295","post","type-post","status-publish","format-standard","has-post-thumbnail","hentry","category-samfunn","tag-bellum","tag-beromte","tag-betyr","tag-det","tag-har","tag-hva","tag-hvilken","tag-latinske","tag-opprinnelse","tag-pacem","tag-para","tag-uttrykket","generate-columns","tablet-grid-50","mobile-grid-100","grid-parent","grid-33","resize-featured-image"],"yoast_head":"<!-- This site is optimized with the Yoast SEO plugin v24.4 - https:\/\/yoast.com\/wordpress\/plugins\/seo\/ -->\n<title>Hva betyr &quot;Se Pacem Para Bellum&quot; og hvilken opprinnelse det ber\u00f8mte latinske uttrykket har - Nordnesrepublikken<\/title>\n<meta name=\"robots\" content=\"index, follow, max-snippet:-1, max-image-preview:large, max-video-preview:-1\" \/>\n<link rel=\"canonical\" href=\"https:\/\/nordnesrepublikken.no\/index.php\/2025\/06\/27\/hva-betyr-se-pacem-para-bellum-og-hvilken-opprinnelse-det-beromte-latinske-uttrykket-har\/\" \/>\n<meta property=\"og:locale\" content=\"nb_NO\" \/>\n<meta property=\"og:type\" content=\"article\" \/>\n<meta property=\"og:title\" content=\"Hva betyr &quot;Se Pacem Para Bellum&quot; og hvilken opprinnelse det ber\u00f8mte latinske uttrykket har - Nordnesrepublikken\" \/>\n<meta property=\"og:description\" content=\"Uttrykket Du m\u00f8ter Pacem Para Bellum, det vil si &laquo;Hvis du vil ha fred forbereder\" \/>\n<meta property=\"og:url\" content=\"https:\/\/nordnesrepublikken.no\/index.php\/2025\/06\/27\/hva-betyr-se-pacem-para-bellum-og-hvilken-opprinnelse-det-beromte-latinske-uttrykket-har\/\" \/>\n<meta property=\"og:site_name\" content=\"Nordnesrepublikken\" \/>\n<meta property=\"article:published_time\" content=\"2025-06-26T23:49:38+00:00\" \/>\n<meta property=\"article:modified_time\" content=\"2025-06-26T23:49:45+00:00\" \/>\n<meta property=\"og:image\" content=\"https:\/\/nordnesrepublikken.no\/wp-content\/uploads\/2025\/06\/Hva-betyr-Se-Pacem-Para-Bellum-og-hvilken-opprinnelse-det.jpeg\" \/>\n\t<meta property=\"og:image:width\" content=\"2094\" \/>\n\t<meta property=\"og:image:height\" content=\"1178\" \/>\n\t<meta property=\"og:image:type\" content=\"image\/jpeg\" \/>\n<meta name=\"author\" content=\"Ole Andersen\" \/>\n<meta name=\"twitter:card\" content=\"summary_large_image\" \/>\n<meta name=\"twitter:label1\" content=\"Skrevet av\" \/>\n\t<meta name=\"twitter:data1\" content=\"Ole Andersen\" \/>\n\t<meta name=\"twitter:label2\" content=\"Ansl. lesetid\" \/>\n\t<meta name=\"twitter:data2\" content=\"4 minutter\" \/>\n<script type=\"application\/ld+json\" class=\"yoast-schema-graph\">{\"@context\":\"https:\/\/schema.org\",\"@graph\":[{\"@type\":\"Article\",\"@id\":\"https:\/\/nordnesrepublikken.no\/index.php\/2025\/06\/27\/hva-betyr-se-pacem-para-bellum-og-hvilken-opprinnelse-det-beromte-latinske-uttrykket-har\/#article\",\"isPartOf\":{\"@id\":\"https:\/\/nordnesrepublikken.no\/index.php\/2025\/06\/27\/hva-betyr-se-pacem-para-bellum-og-hvilken-opprinnelse-det-beromte-latinske-uttrykket-har\/\"},\"author\":{\"name\":\"Ole Andersen\",\"@id\":\"https:\/\/nordnesrepublikken.no\/#\/schema\/person\/2e7e81935bab77882fffb79296240ff1\"},\"headline\":\"Hva betyr &laquo;Se Pacem Para Bellum&raquo; og hvilken opprinnelse det ber\u00f8mte latinske uttrykket har\",\"datePublished\":\"2025-06-26T23:49:38+00:00\",\"dateModified\":\"2025-06-26T23:49:45+00:00\",\"mainEntityOfPage\":{\"@id\":\"https:\/\/nordnesrepublikken.no\/index.php\/2025\/06\/27\/hva-betyr-se-pacem-para-bellum-og-hvilken-opprinnelse-det-beromte-latinske-uttrykket-har\/\"},\"wordCount\":858,\"publisher\":{\"@id\":\"https:\/\/nordnesrepublikken.no\/#organization\"},\"image\":{\"@id\":\"https:\/\/nordnesrepublikken.no\/index.php\/2025\/06\/27\/hva-betyr-se-pacem-para-bellum-og-hvilken-opprinnelse-det-beromte-latinske-uttrykket-har\/#primaryimage\"},\"thumbnailUrl\":\"https:\/\/nordnesrepublikken.no\/wp-content\/uploads\/2025\/06\/Hva-betyr-Se-Pacem-Para-Bellum-og-hvilken-opprinnelse-det.jpeg\",\"keywords\":[\"Bellum\",\"ber\u00f8mte\",\"betyr\",\"Det\",\"har\",\"Hva\",\"hvilken\",\"latinske\",\"Opprinnelse\",\"Pacem\",\"Para\",\"uttrykket\"],\"articleSection\":[\"Samfunn\"],\"inLanguage\":\"nb-NO\"},{\"@type\":\"WebPage\",\"@id\":\"https:\/\/nordnesrepublikken.no\/index.php\/2025\/06\/27\/hva-betyr-se-pacem-para-bellum-og-hvilken-opprinnelse-det-beromte-latinske-uttrykket-har\/\",\"url\":\"https:\/\/nordnesrepublikken.no\/index.php\/2025\/06\/27\/hva-betyr-se-pacem-para-bellum-og-hvilken-opprinnelse-det-beromte-latinske-uttrykket-har\/\",\"name\":\"Hva betyr \\\"Se Pacem Para Bellum\\\" og hvilken opprinnelse det ber\u00f8mte latinske uttrykket har - Nordnesrepublikken\",\"isPartOf\":{\"@id\":\"https:\/\/nordnesrepublikken.no\/#website\"},\"primaryImageOfPage\":{\"@id\":\"https:\/\/nordnesrepublikken.no\/index.php\/2025\/06\/27\/hva-betyr-se-pacem-para-bellum-og-hvilken-opprinnelse-det-beromte-latinske-uttrykket-har\/#primaryimage\"},\"image\":{\"@id\":\"https:\/\/nordnesrepublikken.no\/index.php\/2025\/06\/27\/hva-betyr-se-pacem-para-bellum-og-hvilken-opprinnelse-det-beromte-latinske-uttrykket-har\/#primaryimage\"},\"thumbnailUrl\":\"https:\/\/nordnesrepublikken.no\/wp-content\/uploads\/2025\/06\/Hva-betyr-Se-Pacem-Para-Bellum-og-hvilken-opprinnelse-det.jpeg\",\"datePublished\":\"2025-06-26T23:49:38+00:00\",\"dateModified\":\"2025-06-26T23:49:45+00:00\",\"breadcrumb\":{\"@id\":\"https:\/\/nordnesrepublikken.no\/index.php\/2025\/06\/27\/hva-betyr-se-pacem-para-bellum-og-hvilken-opprinnelse-det-beromte-latinske-uttrykket-har\/#breadcrumb\"},\"inLanguage\":\"nb-NO\",\"potentialAction\":[{\"@type\":\"ReadAction\",\"target\":[\"https:\/\/nordnesrepublikken.no\/index.php\/2025\/06\/27\/hva-betyr-se-pacem-para-bellum-og-hvilken-opprinnelse-det-beromte-latinske-uttrykket-har\/\"]}]},{\"@type\":\"ImageObject\",\"inLanguage\":\"nb-NO\",\"@id\":\"https:\/\/nordnesrepublikken.no\/index.php\/2025\/06\/27\/hva-betyr-se-pacem-para-bellum-og-hvilken-opprinnelse-det-beromte-latinske-uttrykket-har\/#primaryimage\",\"url\":\"https:\/\/nordnesrepublikken.no\/wp-content\/uploads\/2025\/06\/Hva-betyr-Se-Pacem-Para-Bellum-og-hvilken-opprinnelse-det.jpeg\",\"contentUrl\":\"https:\/\/nordnesrepublikken.no\/wp-content\/uploads\/2025\/06\/Hva-betyr-Se-Pacem-Para-Bellum-og-hvilken-opprinnelse-det.jpeg\",\"width\":2094,\"height\":1178,\"caption\":\"si vis pacem para bellum\"},{\"@type\":\"BreadcrumbList\",\"@id\":\"https:\/\/nordnesrepublikken.no\/index.php\/2025\/06\/27\/hva-betyr-se-pacem-para-bellum-og-hvilken-opprinnelse-det-beromte-latinske-uttrykket-har\/#breadcrumb\",\"itemListElement\":[{\"@type\":\"ListItem\",\"position\":1,\"name\":\"Home\",\"item\":\"https:\/\/nordnesrepublikken.no\/\"},{\"@type\":\"ListItem\",\"position\":2,\"name\":\"Hva betyr &laquo;Se Pacem Para Bellum&raquo; og hvilken opprinnelse det ber\u00f8mte latinske uttrykket har\"}]},{\"@type\":\"WebSite\",\"@id\":\"https:\/\/nordnesrepublikken.no\/#website\",\"url\":\"https:\/\/nordnesrepublikken.no\/\",\"name\":\"Nordnesrepublikken\",\"description\":\"Stemmer og Visjoner fra Republikkens Hjerte\",\"publisher\":{\"@id\":\"https:\/\/nordnesrepublikken.no\/#organization\"},\"potentialAction\":[{\"@type\":\"SearchAction\",\"target\":{\"@type\":\"EntryPoint\",\"urlTemplate\":\"https:\/\/nordnesrepublikken.no\/?s={search_term_string}\"},\"query-input\":{\"@type\":\"PropertyValueSpecification\",\"valueRequired\":true,\"valueName\":\"search_term_string\"}}],\"inLanguage\":\"nb-NO\"},{\"@type\":\"Organization\",\"@id\":\"https:\/\/nordnesrepublikken.no\/#organization\",\"name\":\"Nordnesrepublikken\",\"url\":\"https:\/\/nordnesrepublikken.no\/\",\"logo\":{\"@type\":\"ImageObject\",\"inLanguage\":\"nb-NO\",\"@id\":\"https:\/\/nordnesrepublikken.no\/#\/schema\/logo\/image\/\",\"url\":\"https:\/\/nordnesrepublikken.no\/wp-content\/uploads\/2025\/02\/cropped-nordnesrepublikken-2.png\",\"contentUrl\":\"https:\/\/nordnesrepublikken.no\/wp-content\/uploads\/2025\/02\/cropped-nordnesrepublikken-2.png\",\"width\":1248,\"height\":362,\"caption\":\"Nordnesrepublikken\"},\"image\":{\"@id\":\"https:\/\/nordnesrepublikken.no\/#\/schema\/logo\/image\/\"}},{\"@type\":\"Person\",\"@id\":\"https:\/\/nordnesrepublikken.no\/#\/schema\/person\/2e7e81935bab77882fffb79296240ff1\",\"name\":\"Ole Andersen\",\"image\":{\"@type\":\"ImageObject\",\"inLanguage\":\"nb-NO\",\"@id\":\"https:\/\/nordnesrepublikken.no\/#\/schema\/person\/image\/\",\"url\":\"https:\/\/nordnesrepublikken.no\/wp-content\/uploads\/2025\/02\/nordnesrepublikken-2-2-150x150.jpg\",\"contentUrl\":\"https:\/\/nordnesrepublikken.no\/wp-content\/uploads\/2025\/02\/nordnesrepublikken-2-2-150x150.jpg\",\"caption\":\"Ole Andersen\"},\"description\":\"Ettersom jeg vokste opp i Oslo, har jeg alltid v\u00e6rt fascinert av ordenes kraft og deres evne til \u00e5 skape endringer. Etter \u00e5 ha fullf\u00f8rt min utdannelse i kommunikasjon ved Universitetet i Bergen, fikk jeg muligheten til \u00e5 jobbe innen ulike medier, der jeg har s\u00f8kt \u00e5 belyse viktige samfunnssp\u00f8rsm\u00e5l. I dag, som redakt\u00f8r for Nordnesrepublikken, pr\u00f8ver jeg \u00e5 forene min kj\u00e6rlighet for journalistikk med min lidenskap for innovasjon og eventyr.\",\"sameAs\":[\"https:\/\/nordnesrepublikken.no\/\"]}]}<\/script>\n<!-- \/ Yoast SEO plugin. -->","yoast_head_json":{"title":"Hva betyr \"Se Pacem Para Bellum\" og hvilken opprinnelse det ber\u00f8mte latinske uttrykket har - Nordnesrepublikken","robots":{"index":"index","follow":"follow","max-snippet":"max-snippet:-1","max-image-preview":"max-image-preview:large","max-video-preview":"max-video-preview:-1"},"canonical":"https:\/\/nordnesrepublikken.no\/index.php\/2025\/06\/27\/hva-betyr-se-pacem-para-bellum-og-hvilken-opprinnelse-det-beromte-latinske-uttrykket-har\/","og_locale":"nb_NO","og_type":"article","og_title":"Hva betyr \"Se Pacem Para Bellum\" og hvilken opprinnelse det ber\u00f8mte latinske uttrykket har - Nordnesrepublikken","og_description":"Uttrykket Du m\u00f8ter Pacem Para Bellum, det vil si &laquo;Hvis du vil ha fred forbereder","og_url":"https:\/\/nordnesrepublikken.no\/index.php\/2025\/06\/27\/hva-betyr-se-pacem-para-bellum-og-hvilken-opprinnelse-det-beromte-latinske-uttrykket-har\/","og_site_name":"Nordnesrepublikken","article_published_time":"2025-06-26T23:49:38+00:00","article_modified_time":"2025-06-26T23:49:45+00:00","og_image":[{"width":2094,"height":1178,"url":"https:\/\/nordnesrepublikken.no\/wp-content\/uploads\/2025\/06\/Hva-betyr-Se-Pacem-Para-Bellum-og-hvilken-opprinnelse-det.jpeg","type":"image\/jpeg"}],"author":"Ole Andersen","twitter_card":"summary_large_image","twitter_misc":{"Skrevet av":"Ole Andersen","Ansl. lesetid":"4 minutter"},"schema":{"@context":"https:\/\/schema.org","@graph":[{"@type":"Article","@id":"https:\/\/nordnesrepublikken.no\/index.php\/2025\/06\/27\/hva-betyr-se-pacem-para-bellum-og-hvilken-opprinnelse-det-beromte-latinske-uttrykket-har\/#article","isPartOf":{"@id":"https:\/\/nordnesrepublikken.no\/index.php\/2025\/06\/27\/hva-betyr-se-pacem-para-bellum-og-hvilken-opprinnelse-det-beromte-latinske-uttrykket-har\/"},"author":{"name":"Ole Andersen","@id":"https:\/\/nordnesrepublikken.no\/#\/schema\/person\/2e7e81935bab77882fffb79296240ff1"},"headline":"Hva betyr &laquo;Se Pacem Para Bellum&raquo; og hvilken opprinnelse det ber\u00f8mte latinske uttrykket har","datePublished":"2025-06-26T23:49:38+00:00","dateModified":"2025-06-26T23:49:45+00:00","mainEntityOfPage":{"@id":"https:\/\/nordnesrepublikken.no\/index.php\/2025\/06\/27\/hva-betyr-se-pacem-para-bellum-og-hvilken-opprinnelse-det-beromte-latinske-uttrykket-har\/"},"wordCount":858,"publisher":{"@id":"https:\/\/nordnesrepublikken.no\/#organization"},"image":{"@id":"https:\/\/nordnesrepublikken.no\/index.php\/2025\/06\/27\/hva-betyr-se-pacem-para-bellum-og-hvilken-opprinnelse-det-beromte-latinske-uttrykket-har\/#primaryimage"},"thumbnailUrl":"https:\/\/nordnesrepublikken.no\/wp-content\/uploads\/2025\/06\/Hva-betyr-Se-Pacem-Para-Bellum-og-hvilken-opprinnelse-det.jpeg","keywords":["Bellum","ber\u00f8mte","betyr","Det","har","Hva","hvilken","latinske","Opprinnelse","Pacem","Para","uttrykket"],"articleSection":["Samfunn"],"inLanguage":"nb-NO"},{"@type":"WebPage","@id":"https:\/\/nordnesrepublikken.no\/index.php\/2025\/06\/27\/hva-betyr-se-pacem-para-bellum-og-hvilken-opprinnelse-det-beromte-latinske-uttrykket-har\/","url":"https:\/\/nordnesrepublikken.no\/index.php\/2025\/06\/27\/hva-betyr-se-pacem-para-bellum-og-hvilken-opprinnelse-det-beromte-latinske-uttrykket-har\/","name":"Hva betyr \"Se Pacem Para Bellum\" og hvilken opprinnelse det ber\u00f8mte latinske uttrykket har - Nordnesrepublikken","isPartOf":{"@id":"https:\/\/nordnesrepublikken.no\/#website"},"primaryImageOfPage":{"@id":"https:\/\/nordnesrepublikken.no\/index.php\/2025\/06\/27\/hva-betyr-se-pacem-para-bellum-og-hvilken-opprinnelse-det-beromte-latinske-uttrykket-har\/#primaryimage"},"image":{"@id":"https:\/\/nordnesrepublikken.no\/index.php\/2025\/06\/27\/hva-betyr-se-pacem-para-bellum-og-hvilken-opprinnelse-det-beromte-latinske-uttrykket-har\/#primaryimage"},"thumbnailUrl":"https:\/\/nordnesrepublikken.no\/wp-content\/uploads\/2025\/06\/Hva-betyr-Se-Pacem-Para-Bellum-og-hvilken-opprinnelse-det.jpeg","datePublished":"2025-06-26T23:49:38+00:00","dateModified":"2025-06-26T23:49:45+00:00","breadcrumb":{"@id":"https:\/\/nordnesrepublikken.no\/index.php\/2025\/06\/27\/hva-betyr-se-pacem-para-bellum-og-hvilken-opprinnelse-det-beromte-latinske-uttrykket-har\/#breadcrumb"},"inLanguage":"nb-NO","potentialAction":[{"@type":"ReadAction","target":["https:\/\/nordnesrepublikken.no\/index.php\/2025\/06\/27\/hva-betyr-se-pacem-para-bellum-og-hvilken-opprinnelse-det-beromte-latinske-uttrykket-har\/"]}]},{"@type":"ImageObject","inLanguage":"nb-NO","@id":"https:\/\/nordnesrepublikken.no\/index.php\/2025\/06\/27\/hva-betyr-se-pacem-para-bellum-og-hvilken-opprinnelse-det-beromte-latinske-uttrykket-har\/#primaryimage","url":"https:\/\/nordnesrepublikken.no\/wp-content\/uploads\/2025\/06\/Hva-betyr-Se-Pacem-Para-Bellum-og-hvilken-opprinnelse-det.jpeg","contentUrl":"https:\/\/nordnesrepublikken.no\/wp-content\/uploads\/2025\/06\/Hva-betyr-Se-Pacem-Para-Bellum-og-hvilken-opprinnelse-det.jpeg","width":2094,"height":1178,"caption":"si vis pacem para bellum"},{"@type":"BreadcrumbList","@id":"https:\/\/nordnesrepublikken.no\/index.php\/2025\/06\/27\/hva-betyr-se-pacem-para-bellum-og-hvilken-opprinnelse-det-beromte-latinske-uttrykket-har\/#breadcrumb","itemListElement":[{"@type":"ListItem","position":1,"name":"Home","item":"https:\/\/nordnesrepublikken.no\/"},{"@type":"ListItem","position":2,"name":"Hva betyr &laquo;Se Pacem Para Bellum&raquo; og hvilken opprinnelse det ber\u00f8mte latinske uttrykket har"}]},{"@type":"WebSite","@id":"https:\/\/nordnesrepublikken.no\/#website","url":"https:\/\/nordnesrepublikken.no\/","name":"Nordnesrepublikken","description":"Stemmer og Visjoner fra Republikkens Hjerte","publisher":{"@id":"https:\/\/nordnesrepublikken.no\/#organization"},"potentialAction":[{"@type":"SearchAction","target":{"@type":"EntryPoint","urlTemplate":"https:\/\/nordnesrepublikken.no\/?s={search_term_string}"},"query-input":{"@type":"PropertyValueSpecification","valueRequired":true,"valueName":"search_term_string"}}],"inLanguage":"nb-NO"},{"@type":"Organization","@id":"https:\/\/nordnesrepublikken.no\/#organization","name":"Nordnesrepublikken","url":"https:\/\/nordnesrepublikken.no\/","logo":{"@type":"ImageObject","inLanguage":"nb-NO","@id":"https:\/\/nordnesrepublikken.no\/#\/schema\/logo\/image\/","url":"https:\/\/nordnesrepublikken.no\/wp-content\/uploads\/2025\/02\/cropped-nordnesrepublikken-2.png","contentUrl":"https:\/\/nordnesrepublikken.no\/wp-content\/uploads\/2025\/02\/cropped-nordnesrepublikken-2.png","width":1248,"height":362,"caption":"Nordnesrepublikken"},"image":{"@id":"https:\/\/nordnesrepublikken.no\/#\/schema\/logo\/image\/"}},{"@type":"Person","@id":"https:\/\/nordnesrepublikken.no\/#\/schema\/person\/2e7e81935bab77882fffb79296240ff1","name":"Ole Andersen","image":{"@type":"ImageObject","inLanguage":"nb-NO","@id":"https:\/\/nordnesrepublikken.no\/#\/schema\/person\/image\/","url":"https:\/\/nordnesrepublikken.no\/wp-content\/uploads\/2025\/02\/nordnesrepublikken-2-2-150x150.jpg","contentUrl":"https:\/\/nordnesrepublikken.no\/wp-content\/uploads\/2025\/02\/nordnesrepublikken-2-2-150x150.jpg","caption":"Ole Andersen"},"description":"Ettersom jeg vokste opp i Oslo, har jeg alltid v\u00e6rt fascinert av ordenes kraft og deres evne til \u00e5 skape endringer. Etter \u00e5 ha fullf\u00f8rt min utdannelse i kommunikasjon ved Universitetet i Bergen, fikk jeg muligheten til \u00e5 jobbe innen ulike medier, der jeg har s\u00f8kt \u00e5 belyse viktige samfunnssp\u00f8rsm\u00e5l. I dag, som redakt\u00f8r for Nordnesrepublikken, pr\u00f8ver jeg \u00e5 forene min kj\u00e6rlighet for journalistikk med min lidenskap for innovasjon og eventyr.","sameAs":["https:\/\/nordnesrepublikken.no\/"]}]}},"_links":{"self":[{"href":"https:\/\/nordnesrepublikken.no\/index.php\/wp-json\/wp\/v2\/posts\/6295","targetHints":{"allow":["GET"]}}],"collection":[{"href":"https:\/\/nordnesrepublikken.no\/index.php\/wp-json\/wp\/v2\/posts"}],"about":[{"href":"https:\/\/nordnesrepublikken.no\/index.php\/wp-json\/wp\/v2\/types\/post"}],"author":[{"embeddable":true,"href":"https:\/\/nordnesrepublikken.no\/index.php\/wp-json\/wp\/v2\/users\/1"}],"replies":[{"embeddable":true,"href":"https:\/\/nordnesrepublikken.no\/index.php\/wp-json\/wp\/v2\/comments?post=6295"}],"version-history":[{"count":1,"href":"https:\/\/nordnesrepublikken.no\/index.php\/wp-json\/wp\/v2\/posts\/6295\/revisions"}],"predecessor-version":[{"id":6297,"href":"https:\/\/nordnesrepublikken.no\/index.php\/wp-json\/wp\/v2\/posts\/6295\/revisions\/6297"}],"wp:featuredmedia":[{"embeddable":true,"href":"https:\/\/nordnesrepublikken.no\/index.php\/wp-json\/wp\/v2\/media\/6296"}],"wp:attachment":[{"href":"https:\/\/nordnesrepublikken.no\/index.php\/wp-json\/wp\/v2\/media?parent=6295"}],"wp:term":[{"taxonomy":"category","embeddable":true,"href":"https:\/\/nordnesrepublikken.no\/index.php\/wp-json\/wp\/v2\/categories?post=6295"},{"taxonomy":"post_tag","embeddable":true,"href":"https:\/\/nordnesrepublikken.no\/index.php\/wp-json\/wp\/v2\/tags?post=6295"}],"curies":[{"name":"wp","href":"https:\/\/api.w.org\/{rel}","templated":true}]}}