{"id":6292,"date":"2025-06-27T00:49:33","date_gmt":"2025-06-26T22:49:33","guid":{"rendered":"https:\/\/nordnesrepublikken.no\/index.php\/2025\/06\/27\/7-reddet-fra-brennende-fartoy-i-algeciras-bay\/"},"modified":"2025-06-27T00:49:34","modified_gmt":"2025-06-26T22:49:34","slug":"7-reddet-fra-brennende-fartoy-i-algeciras-bay","status":"publish","type":"post","link":"https:\/\/nordnesrepublikken.no\/index.php\/2025\/06\/27\/7-reddet-fra-brennende-fartoy-i-algeciras-bay\/","title":{"rendered":"7 Reddet fra brennende fart\u00f8y i Algeciras Bay"},"content":{"rendered":"<p><\/p>\n<div class=\"wordpress-content\">\n                    <!-- Article Start --><\/p>\n<p class=\"p1\"><b>En dramatisk brann br\u00f8t ut ombord p\u00e5 et forsyningsfart\u00f8y i Algecirasbukta tirsdag 24. juni kveld, noe som f\u00f8rte til en rask redningsinnsats og aktivering av n\u00f8dmarine protokoller. Alle de syv besetningsmedlemmene ombord p\u00e5 fart\u00f8yet, <i>Ceutamar 5<\/i>ble trygt reddet etter \u00e5 ha forlatt skipet da tykk svart r\u00f8yk steg opp i himmelen.<\/b><\/p>\n<p class=\"p1\">Brannen, som startet kort tid etter 17:30 n\u00e6r Port of Algeciras, oppslukt det lille forsyningsfart\u00f8yet mens det betjener et containerskip ved ankeret. Vitner langs kysten og i n\u00e6rliggende Los Barrios rapporterte \u00e5 se tett r\u00f8yk og flammer som kommer fra fart\u00f8yet.<\/p>\n<p class=\"p1\">Mannskapet, best\u00e5ende mest av profesjonelle dykkere, hoppet i sj\u00f8en for \u00e5 unnslippe brannen. De ble raskt reddet av lag fra Spanias maritime redningsbyr\u00e5, Salvamento Mar\u00edtimo, og overf\u00f8rt til sikkerhet. To individer ble behandlet p\u00e5 stedet for mild r\u00f8ykinhalering, men krevde ikke sykehusinnleggelse. N\u00f8detatene svarte raskt, og aktiverte havnen i Algeciras selvbeskyttelsesplan p\u00e5 niv\u00e5 2 og den maritime interi\u00f8rplanen p\u00e5 grunn av bekymring for et mulig drivstoffutslipp. Flere slepeb\u00e5ter, sammen med Salvamento Mar\u00edtimo -fart\u00f8yer og brannslokkingsenheter fra havnevesenet, ble utplassert for \u00e5 kjempe mot flammene og avkj\u00f8le skipets overbygning.<\/p>\n<div class=\"sra_unit\"><link rel=\"stylesheet\" id=\"block-sra\" href=\"https:\/\/euroweeklynews.com\/wp-content\/plugins\/snack-related-articles\/dist\/css\/snack-related.min.css?250312-193541\" type=\"text\/css\" media=\"all\">\n<\/div>\n<p class=\"p1\">Heldigvis ble det ikke oppdaget noen marin forurensning etter inspeksjoner av milj\u00f8offiserer. Det skadede fart\u00f8yet ble senere tauet til havn for ytterligere kj\u00f8ling og vurdering.<\/p>\n<p class=\"p1\">De <i>Ceutamar 5<\/i>drevet av Mar\u00edtima Velum, er et lokalt basert st\u00f8ttefart\u00f8y som ofte brukes i inspeksjons- og vedlikeholdsoperasjoner under vann. Myndighetene fra Guardia Civils politiske rettslige enhet og havnemyndigheten har startet en etterforskning av ildsaken, som fortsatt er ukjent p\u00e5 dette tidspunktet.<\/p>\n<p class=\"p1\">&laquo;Dette kunne ha endt veldig annerledes,&raquo; sa en havnfunksjon\u00e6r. &laquo;Takket v\u00e6re den raske responsen og profesjonaliteten til n\u00f8deteamene v\u00e5re, ble en stor katastrofe avverget.&raquo;<\/p>\n<p class=\"p1\">Operasjoner ved havnen ble gjenopptatt uten betydelige forsinkelser.<\/p>\n<p>                    <!-- Article End --><\/p><\/div>\n","protected":false},"excerpt":{"rendered":"<p>En dramatisk brann br\u00f8t ut ombord p\u00e5 et forsyningsfart\u00f8y i Algecirasbukta tirsdag 24. juni kveld,<\/p>\n","protected":false},"author":1,"featured_media":6293,"comment_status":"closed","ping_status":"open","sticky":false,"template":"","format":"standard","meta":{"footnotes":""},"categories":[105],"tags":[3988,3989,3986,3987,125,3985],"class_list":["post-6292","post","type-post","status-publish","format-standard","has-post-thumbnail","hentry","category-livsstil","tag-algeciras","tag-bay","tag-brennende","tag-fartoy","tag-fra","tag-reddet","generate-columns","tablet-grid-50","mobile-grid-100","grid-parent","grid-33","resize-featured-image"],"yoast_head":"<!-- This site is optimized with the Yoast SEO plugin v24.4 - https:\/\/yoast.com\/wordpress\/plugins\/seo\/ -->\n<title>7 Reddet fra brennende fart\u00f8y i Algeciras Bay - Nordnesrepublikken<\/title>\n<meta name=\"robots\" content=\"index, follow, max-snippet:-1, max-image-preview:large, max-video-preview:-1\" \/>\n<link rel=\"canonical\" href=\"https:\/\/nordnesrepublikken.no\/index.php\/2025\/06\/27\/7-reddet-fra-brennende-fartoy-i-algeciras-bay\/\" \/>\n<meta property=\"og:locale\" content=\"nb_NO\" \/>\n<meta property=\"og:type\" content=\"article\" \/>\n<meta property=\"og:title\" content=\"7 Reddet fra brennende fart\u00f8y i Algeciras Bay - Nordnesrepublikken\" \/>\n<meta property=\"og:description\" content=\"En dramatisk brann br\u00f8t ut ombord p\u00e5 et forsyningsfart\u00f8y i Algecirasbukta tirsdag 24. juni kveld,\" \/>\n<meta property=\"og:url\" content=\"https:\/\/nordnesrepublikken.no\/index.php\/2025\/06\/27\/7-reddet-fra-brennende-fartoy-i-algeciras-bay\/\" \/>\n<meta property=\"og:site_name\" content=\"Nordnesrepublikken\" \/>\n<meta property=\"article:published_time\" content=\"2025-06-26T22:49:33+00:00\" \/>\n<meta property=\"article:modified_time\" content=\"2025-06-26T22:49:34+00:00\" \/>\n<meta property=\"og:image\" content=\"https:\/\/nordnesrepublikken.no\/wp-content\/uploads\/2025\/06\/1750978173_7-Reddet-fra-brennende-fartoy-i-Algeciras-Bay.webp.webp\" \/>\n\t<meta property=\"og:image:width\" content=\"1200\" \/>\n\t<meta property=\"og:image:height\" content=\"900\" \/>\n\t<meta property=\"og:image:type\" content=\"image\/webp\" \/>\n<meta name=\"author\" content=\"Ole Andersen\" \/>\n<meta name=\"twitter:card\" content=\"summary_large_image\" \/>\n<meta name=\"twitter:label1\" content=\"Skrevet av\" \/>\n\t<meta name=\"twitter:data1\" content=\"Ole Andersen\" \/>\n\t<meta name=\"twitter:label2\" content=\"Ansl. lesetid\" \/>\n\t<meta name=\"twitter:data2\" content=\"2 minutter\" \/>\n<script type=\"application\/ld+json\" class=\"yoast-schema-graph\">{\"@context\":\"https:\/\/schema.org\",\"@graph\":[{\"@type\":\"Article\",\"@id\":\"https:\/\/nordnesrepublikken.no\/index.php\/2025\/06\/27\/7-reddet-fra-brennende-fartoy-i-algeciras-bay\/#article\",\"isPartOf\":{\"@id\":\"https:\/\/nordnesrepublikken.no\/index.php\/2025\/06\/27\/7-reddet-fra-brennende-fartoy-i-algeciras-bay\/\"},\"author\":{\"name\":\"Ole Andersen\",\"@id\":\"https:\/\/nordnesrepublikken.no\/#\/schema\/person\/2e7e81935bab77882fffb79296240ff1\"},\"headline\":\"7 Reddet fra brennende fart\u00f8y i Algeciras Bay\",\"datePublished\":\"2025-06-26T22:49:33+00:00\",\"dateModified\":\"2025-06-26T22:49:34+00:00\",\"mainEntityOfPage\":{\"@id\":\"https:\/\/nordnesrepublikken.no\/index.php\/2025\/06\/27\/7-reddet-fra-brennende-fartoy-i-algeciras-bay\/\"},\"wordCount\":312,\"publisher\":{\"@id\":\"https:\/\/nordnesrepublikken.no\/#organization\"},\"image\":{\"@id\":\"https:\/\/nordnesrepublikken.no\/index.php\/2025\/06\/27\/7-reddet-fra-brennende-fartoy-i-algeciras-bay\/#primaryimage\"},\"thumbnailUrl\":\"https:\/\/nordnesrepublikken.no\/wp-content\/uploads\/2025\/06\/1750978173_7-Reddet-fra-brennende-fartoy-i-Algeciras-Bay.webp.webp\",\"keywords\":[\"Algeciras\",\"Bay\",\"brennende\",\"fart\u00f8y\",\"fra\",\"Reddet\"],\"articleSection\":[\"Livsstil\"],\"inLanguage\":\"nb-NO\"},{\"@type\":\"WebPage\",\"@id\":\"https:\/\/nordnesrepublikken.no\/index.php\/2025\/06\/27\/7-reddet-fra-brennende-fartoy-i-algeciras-bay\/\",\"url\":\"https:\/\/nordnesrepublikken.no\/index.php\/2025\/06\/27\/7-reddet-fra-brennende-fartoy-i-algeciras-bay\/\",\"name\":\"7 Reddet fra brennende fart\u00f8y i Algeciras Bay - Nordnesrepublikken\",\"isPartOf\":{\"@id\":\"https:\/\/nordnesrepublikken.no\/#website\"},\"primaryImageOfPage\":{\"@id\":\"https:\/\/nordnesrepublikken.no\/index.php\/2025\/06\/27\/7-reddet-fra-brennende-fartoy-i-algeciras-bay\/#primaryimage\"},\"image\":{\"@id\":\"https:\/\/nordnesrepublikken.no\/index.php\/2025\/06\/27\/7-reddet-fra-brennende-fartoy-i-algeciras-bay\/#primaryimage\"},\"thumbnailUrl\":\"https:\/\/nordnesrepublikken.no\/wp-content\/uploads\/2025\/06\/1750978173_7-Reddet-fra-brennende-fartoy-i-Algeciras-Bay.webp.webp\",\"datePublished\":\"2025-06-26T22:49:33+00:00\",\"dateModified\":\"2025-06-26T22:49:34+00:00\",\"breadcrumb\":{\"@id\":\"https:\/\/nordnesrepublikken.no\/index.php\/2025\/06\/27\/7-reddet-fra-brennende-fartoy-i-algeciras-bay\/#breadcrumb\"},\"inLanguage\":\"nb-NO\",\"potentialAction\":[{\"@type\":\"ReadAction\",\"target\":[\"https:\/\/nordnesrepublikken.no\/index.php\/2025\/06\/27\/7-reddet-fra-brennende-fartoy-i-algeciras-bay\/\"]}]},{\"@type\":\"ImageObject\",\"inLanguage\":\"nb-NO\",\"@id\":\"https:\/\/nordnesrepublikken.no\/index.php\/2025\/06\/27\/7-reddet-fra-brennende-fartoy-i-algeciras-bay\/#primaryimage\",\"url\":\"https:\/\/nordnesrepublikken.no\/wp-content\/uploads\/2025\/06\/1750978173_7-Reddet-fra-brennende-fartoy-i-Algeciras-Bay.webp.webp\",\"contentUrl\":\"https:\/\/nordnesrepublikken.no\/wp-content\/uploads\/2025\/06\/1750978173_7-Reddet-fra-brennende-fartoy-i-Algeciras-Bay.webp.webp\",\"width\":1200,\"height\":900,\"caption\":\"7 Reddet fra brennende fart\u00f8y i Algeciras Bay\"},{\"@type\":\"BreadcrumbList\",\"@id\":\"https:\/\/nordnesrepublikken.no\/index.php\/2025\/06\/27\/7-reddet-fra-brennende-fartoy-i-algeciras-bay\/#breadcrumb\",\"itemListElement\":[{\"@type\":\"ListItem\",\"position\":1,\"name\":\"Home\",\"item\":\"https:\/\/nordnesrepublikken.no\/\"},{\"@type\":\"ListItem\",\"position\":2,\"name\":\"7 Reddet fra brennende fart\u00f8y i Algeciras Bay\"}]},{\"@type\":\"WebSite\",\"@id\":\"https:\/\/nordnesrepublikken.no\/#website\",\"url\":\"https:\/\/nordnesrepublikken.no\/\",\"name\":\"Nordnesrepublikken\",\"description\":\"Stemmer og Visjoner fra Republikkens Hjerte\",\"publisher\":{\"@id\":\"https:\/\/nordnesrepublikken.no\/#organization\"},\"potentialAction\":[{\"@type\":\"SearchAction\",\"target\":{\"@type\":\"EntryPoint\",\"urlTemplate\":\"https:\/\/nordnesrepublikken.no\/?s={search_term_string}\"},\"query-input\":{\"@type\":\"PropertyValueSpecification\",\"valueRequired\":true,\"valueName\":\"search_term_string\"}}],\"inLanguage\":\"nb-NO\"},{\"@type\":\"Organization\",\"@id\":\"https:\/\/nordnesrepublikken.no\/#organization\",\"name\":\"Nordnesrepublikken\",\"url\":\"https:\/\/nordnesrepublikken.no\/\",\"logo\":{\"@type\":\"ImageObject\",\"inLanguage\":\"nb-NO\",\"@id\":\"https:\/\/nordnesrepublikken.no\/#\/schema\/logo\/image\/\",\"url\":\"https:\/\/nordnesrepublikken.no\/wp-content\/uploads\/2025\/02\/cropped-nordnesrepublikken-2.png\",\"contentUrl\":\"https:\/\/nordnesrepublikken.no\/wp-content\/uploads\/2025\/02\/cropped-nordnesrepublikken-2.png\",\"width\":1248,\"height\":362,\"caption\":\"Nordnesrepublikken\"},\"image\":{\"@id\":\"https:\/\/nordnesrepublikken.no\/#\/schema\/logo\/image\/\"}},{\"@type\":\"Person\",\"@id\":\"https:\/\/nordnesrepublikken.no\/#\/schema\/person\/2e7e81935bab77882fffb79296240ff1\",\"name\":\"Ole Andersen\",\"image\":{\"@type\":\"ImageObject\",\"inLanguage\":\"nb-NO\",\"@id\":\"https:\/\/nordnesrepublikken.no\/#\/schema\/person\/image\/\",\"url\":\"https:\/\/nordnesrepublikken.no\/wp-content\/uploads\/2025\/02\/nordnesrepublikken-2-2-150x150.jpg\",\"contentUrl\":\"https:\/\/nordnesrepublikken.no\/wp-content\/uploads\/2025\/02\/nordnesrepublikken-2-2-150x150.jpg\",\"caption\":\"Ole Andersen\"},\"description\":\"Ettersom jeg vokste opp i Oslo, har jeg alltid v\u00e6rt fascinert av ordenes kraft og deres evne til \u00e5 skape endringer. Etter \u00e5 ha fullf\u00f8rt min utdannelse i kommunikasjon ved Universitetet i Bergen, fikk jeg muligheten til \u00e5 jobbe innen ulike medier, der jeg har s\u00f8kt \u00e5 belyse viktige samfunnssp\u00f8rsm\u00e5l. I dag, som redakt\u00f8r for Nordnesrepublikken, pr\u00f8ver jeg \u00e5 forene min kj\u00e6rlighet for journalistikk med min lidenskap for innovasjon og eventyr.\",\"sameAs\":[\"https:\/\/nordnesrepublikken.no\/\"]}]}<\/script>\n<!-- \/ Yoast SEO plugin. -->","yoast_head_json":{"title":"7 Reddet fra brennende fart\u00f8y i Algeciras Bay - Nordnesrepublikken","robots":{"index":"index","follow":"follow","max-snippet":"max-snippet:-1","max-image-preview":"max-image-preview:large","max-video-preview":"max-video-preview:-1"},"canonical":"https:\/\/nordnesrepublikken.no\/index.php\/2025\/06\/27\/7-reddet-fra-brennende-fartoy-i-algeciras-bay\/","og_locale":"nb_NO","og_type":"article","og_title":"7 Reddet fra brennende fart\u00f8y i Algeciras Bay - Nordnesrepublikken","og_description":"En dramatisk brann br\u00f8t ut ombord p\u00e5 et forsyningsfart\u00f8y i Algecirasbukta tirsdag 24. juni kveld,","og_url":"https:\/\/nordnesrepublikken.no\/index.php\/2025\/06\/27\/7-reddet-fra-brennende-fartoy-i-algeciras-bay\/","og_site_name":"Nordnesrepublikken","article_published_time":"2025-06-26T22:49:33+00:00","article_modified_time":"2025-06-26T22:49:34+00:00","og_image":[{"width":1200,"height":900,"url":"https:\/\/nordnesrepublikken.no\/wp-content\/uploads\/2025\/06\/1750978173_7-Reddet-fra-brennende-fartoy-i-Algeciras-Bay.webp.webp","type":"image\/webp"}],"author":"Ole Andersen","twitter_card":"summary_large_image","twitter_misc":{"Skrevet av":"Ole Andersen","Ansl. lesetid":"2 minutter"},"schema":{"@context":"https:\/\/schema.org","@graph":[{"@type":"Article","@id":"https:\/\/nordnesrepublikken.no\/index.php\/2025\/06\/27\/7-reddet-fra-brennende-fartoy-i-algeciras-bay\/#article","isPartOf":{"@id":"https:\/\/nordnesrepublikken.no\/index.php\/2025\/06\/27\/7-reddet-fra-brennende-fartoy-i-algeciras-bay\/"},"author":{"name":"Ole Andersen","@id":"https:\/\/nordnesrepublikken.no\/#\/schema\/person\/2e7e81935bab77882fffb79296240ff1"},"headline":"7 Reddet fra brennende fart\u00f8y i Algeciras Bay","datePublished":"2025-06-26T22:49:33+00:00","dateModified":"2025-06-26T22:49:34+00:00","mainEntityOfPage":{"@id":"https:\/\/nordnesrepublikken.no\/index.php\/2025\/06\/27\/7-reddet-fra-brennende-fartoy-i-algeciras-bay\/"},"wordCount":312,"publisher":{"@id":"https:\/\/nordnesrepublikken.no\/#organization"},"image":{"@id":"https:\/\/nordnesrepublikken.no\/index.php\/2025\/06\/27\/7-reddet-fra-brennende-fartoy-i-algeciras-bay\/#primaryimage"},"thumbnailUrl":"https:\/\/nordnesrepublikken.no\/wp-content\/uploads\/2025\/06\/1750978173_7-Reddet-fra-brennende-fartoy-i-Algeciras-Bay.webp.webp","keywords":["Algeciras","Bay","brennende","fart\u00f8y","fra","Reddet"],"articleSection":["Livsstil"],"inLanguage":"nb-NO"},{"@type":"WebPage","@id":"https:\/\/nordnesrepublikken.no\/index.php\/2025\/06\/27\/7-reddet-fra-brennende-fartoy-i-algeciras-bay\/","url":"https:\/\/nordnesrepublikken.no\/index.php\/2025\/06\/27\/7-reddet-fra-brennende-fartoy-i-algeciras-bay\/","name":"7 Reddet fra brennende fart\u00f8y i Algeciras Bay - Nordnesrepublikken","isPartOf":{"@id":"https:\/\/nordnesrepublikken.no\/#website"},"primaryImageOfPage":{"@id":"https:\/\/nordnesrepublikken.no\/index.php\/2025\/06\/27\/7-reddet-fra-brennende-fartoy-i-algeciras-bay\/#primaryimage"},"image":{"@id":"https:\/\/nordnesrepublikken.no\/index.php\/2025\/06\/27\/7-reddet-fra-brennende-fartoy-i-algeciras-bay\/#primaryimage"},"thumbnailUrl":"https:\/\/nordnesrepublikken.no\/wp-content\/uploads\/2025\/06\/1750978173_7-Reddet-fra-brennende-fartoy-i-Algeciras-Bay.webp.webp","datePublished":"2025-06-26T22:49:33+00:00","dateModified":"2025-06-26T22:49:34+00:00","breadcrumb":{"@id":"https:\/\/nordnesrepublikken.no\/index.php\/2025\/06\/27\/7-reddet-fra-brennende-fartoy-i-algeciras-bay\/#breadcrumb"},"inLanguage":"nb-NO","potentialAction":[{"@type":"ReadAction","target":["https:\/\/nordnesrepublikken.no\/index.php\/2025\/06\/27\/7-reddet-fra-brennende-fartoy-i-algeciras-bay\/"]}]},{"@type":"ImageObject","inLanguage":"nb-NO","@id":"https:\/\/nordnesrepublikken.no\/index.php\/2025\/06\/27\/7-reddet-fra-brennende-fartoy-i-algeciras-bay\/#primaryimage","url":"https:\/\/nordnesrepublikken.no\/wp-content\/uploads\/2025\/06\/1750978173_7-Reddet-fra-brennende-fartoy-i-Algeciras-Bay.webp.webp","contentUrl":"https:\/\/nordnesrepublikken.no\/wp-content\/uploads\/2025\/06\/1750978173_7-Reddet-fra-brennende-fartoy-i-Algeciras-Bay.webp.webp","width":1200,"height":900,"caption":"7 Reddet fra brennende fart\u00f8y i Algeciras Bay"},{"@type":"BreadcrumbList","@id":"https:\/\/nordnesrepublikken.no\/index.php\/2025\/06\/27\/7-reddet-fra-brennende-fartoy-i-algeciras-bay\/#breadcrumb","itemListElement":[{"@type":"ListItem","position":1,"name":"Home","item":"https:\/\/nordnesrepublikken.no\/"},{"@type":"ListItem","position":2,"name":"7 Reddet fra brennende fart\u00f8y i Algeciras Bay"}]},{"@type":"WebSite","@id":"https:\/\/nordnesrepublikken.no\/#website","url":"https:\/\/nordnesrepublikken.no\/","name":"Nordnesrepublikken","description":"Stemmer og Visjoner fra Republikkens Hjerte","publisher":{"@id":"https:\/\/nordnesrepublikken.no\/#organization"},"potentialAction":[{"@type":"SearchAction","target":{"@type":"EntryPoint","urlTemplate":"https:\/\/nordnesrepublikken.no\/?s={search_term_string}"},"query-input":{"@type":"PropertyValueSpecification","valueRequired":true,"valueName":"search_term_string"}}],"inLanguage":"nb-NO"},{"@type":"Organization","@id":"https:\/\/nordnesrepublikken.no\/#organization","name":"Nordnesrepublikken","url":"https:\/\/nordnesrepublikken.no\/","logo":{"@type":"ImageObject","inLanguage":"nb-NO","@id":"https:\/\/nordnesrepublikken.no\/#\/schema\/logo\/image\/","url":"https:\/\/nordnesrepublikken.no\/wp-content\/uploads\/2025\/02\/cropped-nordnesrepublikken-2.png","contentUrl":"https:\/\/nordnesrepublikken.no\/wp-content\/uploads\/2025\/02\/cropped-nordnesrepublikken-2.png","width":1248,"height":362,"caption":"Nordnesrepublikken"},"image":{"@id":"https:\/\/nordnesrepublikken.no\/#\/schema\/logo\/image\/"}},{"@type":"Person","@id":"https:\/\/nordnesrepublikken.no\/#\/schema\/person\/2e7e81935bab77882fffb79296240ff1","name":"Ole Andersen","image":{"@type":"ImageObject","inLanguage":"nb-NO","@id":"https:\/\/nordnesrepublikken.no\/#\/schema\/person\/image\/","url":"https:\/\/nordnesrepublikken.no\/wp-content\/uploads\/2025\/02\/nordnesrepublikken-2-2-150x150.jpg","contentUrl":"https:\/\/nordnesrepublikken.no\/wp-content\/uploads\/2025\/02\/nordnesrepublikken-2-2-150x150.jpg","caption":"Ole Andersen"},"description":"Ettersom jeg vokste opp i Oslo, har jeg alltid v\u00e6rt fascinert av ordenes kraft og deres evne til \u00e5 skape endringer. Etter \u00e5 ha fullf\u00f8rt min utdannelse i kommunikasjon ved Universitetet i Bergen, fikk jeg muligheten til \u00e5 jobbe innen ulike medier, der jeg har s\u00f8kt \u00e5 belyse viktige samfunnssp\u00f8rsm\u00e5l. I dag, som redakt\u00f8r for Nordnesrepublikken, pr\u00f8ver jeg \u00e5 forene min kj\u00e6rlighet for journalistikk med min lidenskap for innovasjon og eventyr.","sameAs":["https:\/\/nordnesrepublikken.no\/"]}]}},"_links":{"self":[{"href":"https:\/\/nordnesrepublikken.no\/index.php\/wp-json\/wp\/v2\/posts\/6292","targetHints":{"allow":["GET"]}}],"collection":[{"href":"https:\/\/nordnesrepublikken.no\/index.php\/wp-json\/wp\/v2\/posts"}],"about":[{"href":"https:\/\/nordnesrepublikken.no\/index.php\/wp-json\/wp\/v2\/types\/post"}],"author":[{"embeddable":true,"href":"https:\/\/nordnesrepublikken.no\/index.php\/wp-json\/wp\/v2\/users\/1"}],"replies":[{"embeddable":true,"href":"https:\/\/nordnesrepublikken.no\/index.php\/wp-json\/wp\/v2\/comments?post=6292"}],"version-history":[{"count":1,"href":"https:\/\/nordnesrepublikken.no\/index.php\/wp-json\/wp\/v2\/posts\/6292\/revisions"}],"predecessor-version":[{"id":6294,"href":"https:\/\/nordnesrepublikken.no\/index.php\/wp-json\/wp\/v2\/posts\/6292\/revisions\/6294"}],"wp:featuredmedia":[{"embeddable":true,"href":"https:\/\/nordnesrepublikken.no\/index.php\/wp-json\/wp\/v2\/media\/6293"}],"wp:attachment":[{"href":"https:\/\/nordnesrepublikken.no\/index.php\/wp-json\/wp\/v2\/media?parent=6292"}],"wp:term":[{"taxonomy":"category","embeddable":true,"href":"https:\/\/nordnesrepublikken.no\/index.php\/wp-json\/wp\/v2\/categories?post=6292"},{"taxonomy":"post_tag","embeddable":true,"href":"https:\/\/nordnesrepublikken.no\/index.php\/wp-json\/wp\/v2\/tags?post=6292"}],"curies":[{"name":"wp","href":"https:\/\/api.w.org\/{rel}","templated":true}]}}