{"id":6265,"date":"2025-06-26T11:52:23","date_gmt":"2025-06-26T09:52:23","guid":{"rendered":"https:\/\/nordnesrepublikken.no\/index.php\/2025\/06\/26\/stopp-papiridentitetskortet-for-utvidelse-fra-august-2026-vil-det-ikke-lenger-vaere-gyldig-hvordan-du-endrer-det\/"},"modified":"2025-06-26T11:52:24","modified_gmt":"2025-06-26T09:52:24","slug":"stopp-papiridentitetskortet-for-utvidelse-fra-august-2026-vil-det-ikke-lenger-vaere-gyldig-hvordan-du-endrer-det","status":"publish","type":"post","link":"https:\/\/nordnesrepublikken.no\/index.php\/2025\/06\/26\/stopp-papiridentitetskortet-for-utvidelse-fra-august-2026-vil-det-ikke-lenger-vaere-gyldig-hvordan-du-endrer-det\/","title":{"rendered":"Stopp papiridentitetskortet for utvidelse, fra august 2026 vil det ikke lenger v\u00e6re gyldig: hvordan du endrer det"},"content":{"rendered":"<div>\n<div class=\"cp_wrapper cp_wrapper--fw mb-30 mb-20@tablet\">\n<figure class=\"mm\"><picture class=\"img\" style=\"padding-top:56.25%\"><source  media=\"(min-width: 1024px)\"><source  media=\"(min-width: 768px)\"><\/source><\/source><\/picture><\/figure>\n<\/p><\/div>\n<p>Starter fra <strong>3. august 2026<\/strong> der<strong> Papiridentitetskort<\/strong> vil ikke lenger v\u00e6re gyldig for <strong>utflytting<\/strong>: \u00e5 fastsl\u00e5 det er den europeiske forordningen 1157\/2019, som gir en styrking av <strong>sikkerhet<\/strong> p\u00e5 identitetsdokumentene som er utstedt til borgere i EU.<\/p>\n<p>Selv om det enn\u00e5 ikke er utl\u00f8pt, kan det gamle identitetskortet ikke lenger brukes til \u00e5 komme ut av de italienske grensene, mens bare<strong> Elektronisk identitetskort (CIE)<\/strong>. Dette er fordi den ikke -digitale versjonen er uten<strong> <em>Maskinlesbar sone<\/em> (MRZ)<\/strong>eller en seksjon som rapporterer om<strong> Alfanumeriske strenger<\/strong> som inneholder registerinformasjon lesbar ogs\u00e5 av automatiske systemer og vanskelig \u00e5 manipulere.<\/p>\n<p>De som fremdeles har det, m\u00e5 derfor jobbe for \u00e5 be om sp\u00f8rsm\u00e5let om en ny<strong> Elektronisk identitetskort<\/strong>som kan bli bedt om fra<strong>Registerkontor<\/strong> av bostedskommunen eller bosted, eller til konsulatet i tilfelle borgere som er bosatt i utlandet. Alternativt, for \u00e5 forlate de italienske grensene etter fristen 3. august 2026, vil det v\u00e6re n\u00f8dvendig \u00e5 bruke <strong>pass<\/strong>.<\/p>\n<p>Den europeiske forskriften s\u00f8rger for <strong>Fullf\u00f8r trinnet til elektroniske dokumenter<\/strong> Innen 2031, men forbudet mot utlending med papirdokumentet vil allerede v\u00e6re gyldig fra neste \u00e5r.<\/p>\n<h2>Hvordan be om det elektroniske identitetskortet: n\u00f8dvendige dokumenter og hvor mye det koster<\/h2>\n<p>Der<strong> Elektronisk identitetskort (CIE)<\/strong> har alle sikkerhetskravene satt av EU: Dette nye dokumentet integrerer faktisk ogs\u00e5 en <strong>Kontaktl\u00f8s mikrochip<\/strong> inneholder <strong>Biometriske data<\/strong> som fingeravtrykket, s\u00e5 vel som informasjonsrankingen <strong>register<\/strong>. Alt dette vil tillate myndighetene \u00e5 utf\u00f8re raskere kontroller, s\u00e5 vel som tryggere, spesielt internasjonalt.<\/p>\n<p>For \u00e5 unng\u00e5 trafikkork i foresp\u00f8rselsprosedyrene, er det bedre \u00e5 fikse<strong> S\u00e5 snart som mulig<\/strong> En avtale p\u00e5 kontoret <strong>register<\/strong> av sin bosted eller bosted (eller det utenlandske konsulatet for borgere som er bosatt utenfor Italia). Dokumentene som skal presenteres er ett <strong>Fototann<\/strong> Nylig, i papirformat, <strong>Skatte -ID -kode<\/strong> og <strong>gammelt papiridentitetskort <\/strong>(eller et annet dokument gyldig i tilfelle tyveri eller tap).<\/p>\n<p>Kostnaden for det nye dokumentet er <strong>\u20ac 22,20<\/strong>som skal betales p\u00e5 dagen for avtalen, mens <strong>gyldighet<\/strong> av CIE vil avhenge av personens alder: spesifikt snakker vi om <strong>3 \u00e5r<\/strong> gyldighet for mindre\u00e5rige opptil 3 \u00e5r, <strong>5 \u00e5r<\/strong> For de mellom 3 og 18 \u00e5r, <strong>10 \u00e5r<\/strong> For alle voksne. N\u00e5r det gjelder mindre\u00e5rige borgere, tilstedev\u00e6relsen ved utnevnelsen av begge foreldrene, s\u00e5 vel som av den mindre\u00e5rige selv.<\/p>\n<p>Under utgivelsen av det nye dokumentet, <strong>Fingeravtrykk<\/strong> av eieren av identitetskortet, som han vil bli p\u00e5lagt \u00e5 uttrykke en <strong>preferanse<\/strong> p\u00e5 mulig <strong>donasjon av organer og stoffer<\/strong> p\u00e5 d\u00f8dstidspunktet. Det nye dokumentet vil ikke bli utgitt umiddelbart, men du m\u00e5 vente <strong>6 arbeidsdager<\/strong> For levering: CIE er faktisk trykt utelukkende av<strong>Polygrafisk institusjon Mint av staten,<\/strong> basert i Roma.<\/p>\n<h2>Hva endres for digital identitet<\/h2>\n<p>Overgangen fra papiret til identitetskort vil ogs\u00e5 ha konsekvenser p\u00e5 <strong>Spid<\/strong> og p\u00e5<strong>Digital identitet<\/strong>. Alle innbyggere som er i besittelse av CIE, vil faktisk kunne f\u00e5 tilgang til online -tjenestene til<strong> Offentlig administrasjon<\/strong> Ikke bare med Spid, men ogs\u00e5 med legitimasjon <strong>Cieid<\/strong>ansett som tryggere og levert sammen med det nye dokumentet.<\/p>\n<p>Dette betyr at gradvis bruk av<strong> Offentlig digital identitetssystem<\/strong>som blir fra juli <strong>for et gebyr for Infocert -brukere<\/strong>.<\/p>\n<\/p><\/div>\n","protected":false},"excerpt":{"rendered":"<p>Starter fra 3. august 2026 der Papiridentitetskort vil ikke lenger v\u00e6re gyldig for utflytting: \u00e5<\/p>\n","protected":false},"author":1,"featured_media":6266,"comment_status":"closed","ping_status":"open","sticky":false,"template":"","format":"standard","meta":{"footnotes":""},"categories":[104],"tags":[1335,66,591,125,3957,112,187,1909,3955,3954,3956,290,149],"class_list":["post-6265","post","type-post","status-publish","format-standard","has-post-thumbnail","hentry","category-samfunn","tag-august","tag-det","tag-endrer","tag-fra","tag-gyldig","tag-hvordan","tag-ikke","tag-lenger","tag-papiridentitetskortet","tag-stopp","tag-utvidelse","tag-vaere","tag-vil","generate-columns","tablet-grid-50","mobile-grid-100","grid-parent","grid-33","resize-featured-image"],"yoast_head":"<!-- This site is optimized with the Yoast SEO plugin v24.4 - https:\/\/yoast.com\/wordpress\/plugins\/seo\/ -->\n<title>Stopp papiridentitetskortet for utvidelse, fra august 2026 vil det ikke lenger v\u00e6re gyldig: hvordan du endrer det - Nordnesrepublikken<\/title>\n<meta name=\"robots\" content=\"index, follow, max-snippet:-1, max-image-preview:large, max-video-preview:-1\" \/>\n<link rel=\"canonical\" href=\"https:\/\/nordnesrepublikken.no\/index.php\/2025\/06\/26\/stopp-papiridentitetskortet-for-utvidelse-fra-august-2026-vil-det-ikke-lenger-vaere-gyldig-hvordan-du-endrer-det\/\" \/>\n<meta property=\"og:locale\" content=\"nb_NO\" \/>\n<meta property=\"og:type\" content=\"article\" \/>\n<meta property=\"og:title\" content=\"Stopp papiridentitetskortet for utvidelse, fra august 2026 vil det ikke lenger v\u00e6re gyldig: hvordan du endrer det - Nordnesrepublikken\" \/>\n<meta property=\"og:description\" content=\"Starter fra 3. august 2026 der Papiridentitetskort vil ikke lenger v\u00e6re gyldig for utflytting: \u00e5\" \/>\n<meta property=\"og:url\" content=\"https:\/\/nordnesrepublikken.no\/index.php\/2025\/06\/26\/stopp-papiridentitetskortet-for-utvidelse-fra-august-2026-vil-det-ikke-lenger-vaere-gyldig-hvordan-du-endrer-det\/\" \/>\n<meta property=\"og:site_name\" content=\"Nordnesrepublikken\" \/>\n<meta property=\"article:published_time\" content=\"2025-06-26T09:52:23+00:00\" \/>\n<meta property=\"article:modified_time\" content=\"2025-06-26T09:52:24+00:00\" \/>\n<meta property=\"og:image\" content=\"https:\/\/nordnesrepublikken.no\/wp-content\/uploads\/2025\/06\/1750931543_Stopp-papiridentitetskortet-for-utvidelse-fra-august-2026-vil-det-ikke.jpg\" \/>\n\t<meta property=\"og:image:width\" content=\"562\" \/>\n\t<meta property=\"og:image:height\" content=\"307\" \/>\n\t<meta property=\"og:image:type\" content=\"image\/jpeg\" \/>\n<meta name=\"author\" content=\"Ole Andersen\" \/>\n<meta name=\"twitter:card\" content=\"summary_large_image\" \/>\n<meta name=\"twitter:label1\" content=\"Skrevet av\" \/>\n\t<meta name=\"twitter:data1\" content=\"Ole Andersen\" \/>\n\t<meta name=\"twitter:label2\" content=\"Ansl. lesetid\" \/>\n\t<meta name=\"twitter:data2\" content=\"2 minutter\" \/>\n<script type=\"application\/ld+json\" class=\"yoast-schema-graph\">{\"@context\":\"https:\/\/schema.org\",\"@graph\":[{\"@type\":\"Article\",\"@id\":\"https:\/\/nordnesrepublikken.no\/index.php\/2025\/06\/26\/stopp-papiridentitetskortet-for-utvidelse-fra-august-2026-vil-det-ikke-lenger-vaere-gyldig-hvordan-du-endrer-det\/#article\",\"isPartOf\":{\"@id\":\"https:\/\/nordnesrepublikken.no\/index.php\/2025\/06\/26\/stopp-papiridentitetskortet-for-utvidelse-fra-august-2026-vil-det-ikke-lenger-vaere-gyldig-hvordan-du-endrer-det\/\"},\"author\":{\"name\":\"Ole Andersen\",\"@id\":\"https:\/\/nordnesrepublikken.no\/#\/schema\/person\/2e7e81935bab77882fffb79296240ff1\"},\"headline\":\"Stopp papiridentitetskortet for utvidelse, fra august 2026 vil det ikke lenger v\u00e6re gyldig: hvordan du endrer det\",\"datePublished\":\"2025-06-26T09:52:23+00:00\",\"dateModified\":\"2025-06-26T09:52:24+00:00\",\"mainEntityOfPage\":{\"@id\":\"https:\/\/nordnesrepublikken.no\/index.php\/2025\/06\/26\/stopp-papiridentitetskortet-for-utvidelse-fra-august-2026-vil-det-ikke-lenger-vaere-gyldig-hvordan-du-endrer-det\/\"},\"wordCount\":510,\"publisher\":{\"@id\":\"https:\/\/nordnesrepublikken.no\/#organization\"},\"image\":{\"@id\":\"https:\/\/nordnesrepublikken.no\/index.php\/2025\/06\/26\/stopp-papiridentitetskortet-for-utvidelse-fra-august-2026-vil-det-ikke-lenger-vaere-gyldig-hvordan-du-endrer-det\/#primaryimage\"},\"thumbnailUrl\":\"https:\/\/nordnesrepublikken.no\/wp-content\/uploads\/2025\/06\/1750931543_Stopp-papiridentitetskortet-for-utvidelse-fra-august-2026-vil-det-ikke.jpg\",\"keywords\":[\"august\",\"Det\",\"endrer\",\"fra\",\"gyldig\",\"Hvordan\",\"ikke\",\"lenger\",\"papiridentitetskortet\",\"Stopp\",\"utvidelse\",\"v\u00e6re\",\"vil\"],\"articleSection\":[\"Samfunn\"],\"inLanguage\":\"nb-NO\"},{\"@type\":\"WebPage\",\"@id\":\"https:\/\/nordnesrepublikken.no\/index.php\/2025\/06\/26\/stopp-papiridentitetskortet-for-utvidelse-fra-august-2026-vil-det-ikke-lenger-vaere-gyldig-hvordan-du-endrer-det\/\",\"url\":\"https:\/\/nordnesrepublikken.no\/index.php\/2025\/06\/26\/stopp-papiridentitetskortet-for-utvidelse-fra-august-2026-vil-det-ikke-lenger-vaere-gyldig-hvordan-du-endrer-det\/\",\"name\":\"Stopp papiridentitetskortet for utvidelse, fra august 2026 vil det ikke lenger v\u00e6re gyldig: hvordan du endrer det - Nordnesrepublikken\",\"isPartOf\":{\"@id\":\"https:\/\/nordnesrepublikken.no\/#website\"},\"primaryImageOfPage\":{\"@id\":\"https:\/\/nordnesrepublikken.no\/index.php\/2025\/06\/26\/stopp-papiridentitetskortet-for-utvidelse-fra-august-2026-vil-det-ikke-lenger-vaere-gyldig-hvordan-du-endrer-det\/#primaryimage\"},\"image\":{\"@id\":\"https:\/\/nordnesrepublikken.no\/index.php\/2025\/06\/26\/stopp-papiridentitetskortet-for-utvidelse-fra-august-2026-vil-det-ikke-lenger-vaere-gyldig-hvordan-du-endrer-det\/#primaryimage\"},\"thumbnailUrl\":\"https:\/\/nordnesrepublikken.no\/wp-content\/uploads\/2025\/06\/1750931543_Stopp-papiridentitetskortet-for-utvidelse-fra-august-2026-vil-det-ikke.jpg\",\"datePublished\":\"2025-06-26T09:52:23+00:00\",\"dateModified\":\"2025-06-26T09:52:24+00:00\",\"breadcrumb\":{\"@id\":\"https:\/\/nordnesrepublikken.no\/index.php\/2025\/06\/26\/stopp-papiridentitetskortet-for-utvidelse-fra-august-2026-vil-det-ikke-lenger-vaere-gyldig-hvordan-du-endrer-det\/#breadcrumb\"},\"inLanguage\":\"nb-NO\",\"potentialAction\":[{\"@type\":\"ReadAction\",\"target\":[\"https:\/\/nordnesrepublikken.no\/index.php\/2025\/06\/26\/stopp-papiridentitetskortet-for-utvidelse-fra-august-2026-vil-det-ikke-lenger-vaere-gyldig-hvordan-du-endrer-det\/\"]}]},{\"@type\":\"ImageObject\",\"inLanguage\":\"nb-NO\",\"@id\":\"https:\/\/nordnesrepublikken.no\/index.php\/2025\/06\/26\/stopp-papiridentitetskortet-for-utvidelse-fra-august-2026-vil-det-ikke-lenger-vaere-gyldig-hvordan-du-endrer-det\/#primaryimage\",\"url\":\"https:\/\/nordnesrepublikken.no\/wp-content\/uploads\/2025\/06\/1750931543_Stopp-papiridentitetskortet-for-utvidelse-fra-august-2026-vil-det-ikke.jpg\",\"contentUrl\":\"https:\/\/nordnesrepublikken.no\/wp-content\/uploads\/2025\/06\/1750931543_Stopp-papiridentitetskortet-for-utvidelse-fra-august-2026-vil-det-ikke.jpg\",\"width\":562,\"height\":307,\"caption\":\"cie\"},{\"@type\":\"BreadcrumbList\",\"@id\":\"https:\/\/nordnesrepublikken.no\/index.php\/2025\/06\/26\/stopp-papiridentitetskortet-for-utvidelse-fra-august-2026-vil-det-ikke-lenger-vaere-gyldig-hvordan-du-endrer-det\/#breadcrumb\",\"itemListElement\":[{\"@type\":\"ListItem\",\"position\":1,\"name\":\"Home\",\"item\":\"https:\/\/nordnesrepublikken.no\/\"},{\"@type\":\"ListItem\",\"position\":2,\"name\":\"Stopp papiridentitetskortet for utvidelse, fra august 2026 vil det ikke lenger v\u00e6re gyldig: hvordan du endrer det\"}]},{\"@type\":\"WebSite\",\"@id\":\"https:\/\/nordnesrepublikken.no\/#website\",\"url\":\"https:\/\/nordnesrepublikken.no\/\",\"name\":\"Nordnesrepublikken\",\"description\":\"Stemmer og Visjoner fra Republikkens Hjerte\",\"publisher\":{\"@id\":\"https:\/\/nordnesrepublikken.no\/#organization\"},\"potentialAction\":[{\"@type\":\"SearchAction\",\"target\":{\"@type\":\"EntryPoint\",\"urlTemplate\":\"https:\/\/nordnesrepublikken.no\/?s={search_term_string}\"},\"query-input\":{\"@type\":\"PropertyValueSpecification\",\"valueRequired\":true,\"valueName\":\"search_term_string\"}}],\"inLanguage\":\"nb-NO\"},{\"@type\":\"Organization\",\"@id\":\"https:\/\/nordnesrepublikken.no\/#organization\",\"name\":\"Nordnesrepublikken\",\"url\":\"https:\/\/nordnesrepublikken.no\/\",\"logo\":{\"@type\":\"ImageObject\",\"inLanguage\":\"nb-NO\",\"@id\":\"https:\/\/nordnesrepublikken.no\/#\/schema\/logo\/image\/\",\"url\":\"https:\/\/nordnesrepublikken.no\/wp-content\/uploads\/2025\/02\/cropped-nordnesrepublikken-2.png\",\"contentUrl\":\"https:\/\/nordnesrepublikken.no\/wp-content\/uploads\/2025\/02\/cropped-nordnesrepublikken-2.png\",\"width\":1248,\"height\":362,\"caption\":\"Nordnesrepublikken\"},\"image\":{\"@id\":\"https:\/\/nordnesrepublikken.no\/#\/schema\/logo\/image\/\"}},{\"@type\":\"Person\",\"@id\":\"https:\/\/nordnesrepublikken.no\/#\/schema\/person\/2e7e81935bab77882fffb79296240ff1\",\"name\":\"Ole Andersen\",\"image\":{\"@type\":\"ImageObject\",\"inLanguage\":\"nb-NO\",\"@id\":\"https:\/\/nordnesrepublikken.no\/#\/schema\/person\/image\/\",\"url\":\"https:\/\/nordnesrepublikken.no\/wp-content\/uploads\/2025\/02\/nordnesrepublikken-2-2-150x150.jpg\",\"contentUrl\":\"https:\/\/nordnesrepublikken.no\/wp-content\/uploads\/2025\/02\/nordnesrepublikken-2-2-150x150.jpg\",\"caption\":\"Ole Andersen\"},\"description\":\"Ettersom jeg vokste opp i Oslo, har jeg alltid v\u00e6rt fascinert av ordenes kraft og deres evne til \u00e5 skape endringer. Etter \u00e5 ha fullf\u00f8rt min utdannelse i kommunikasjon ved Universitetet i Bergen, fikk jeg muligheten til \u00e5 jobbe innen ulike medier, der jeg har s\u00f8kt \u00e5 belyse viktige samfunnssp\u00f8rsm\u00e5l. I dag, som redakt\u00f8r for Nordnesrepublikken, pr\u00f8ver jeg \u00e5 forene min kj\u00e6rlighet for journalistikk med min lidenskap for innovasjon og eventyr.\",\"sameAs\":[\"https:\/\/nordnesrepublikken.no\/\"]}]}<\/script>\n<!-- \/ Yoast SEO plugin. -->","yoast_head_json":{"title":"Stopp papiridentitetskortet for utvidelse, fra august 2026 vil det ikke lenger v\u00e6re gyldig: hvordan du endrer det - Nordnesrepublikken","robots":{"index":"index","follow":"follow","max-snippet":"max-snippet:-1","max-image-preview":"max-image-preview:large","max-video-preview":"max-video-preview:-1"},"canonical":"https:\/\/nordnesrepublikken.no\/index.php\/2025\/06\/26\/stopp-papiridentitetskortet-for-utvidelse-fra-august-2026-vil-det-ikke-lenger-vaere-gyldig-hvordan-du-endrer-det\/","og_locale":"nb_NO","og_type":"article","og_title":"Stopp papiridentitetskortet for utvidelse, fra august 2026 vil det ikke lenger v\u00e6re gyldig: hvordan du endrer det - Nordnesrepublikken","og_description":"Starter fra 3. august 2026 der Papiridentitetskort vil ikke lenger v\u00e6re gyldig for utflytting: \u00e5","og_url":"https:\/\/nordnesrepublikken.no\/index.php\/2025\/06\/26\/stopp-papiridentitetskortet-for-utvidelse-fra-august-2026-vil-det-ikke-lenger-vaere-gyldig-hvordan-du-endrer-det\/","og_site_name":"Nordnesrepublikken","article_published_time":"2025-06-26T09:52:23+00:00","article_modified_time":"2025-06-26T09:52:24+00:00","og_image":[{"width":562,"height":307,"url":"https:\/\/nordnesrepublikken.no\/wp-content\/uploads\/2025\/06\/1750931543_Stopp-papiridentitetskortet-for-utvidelse-fra-august-2026-vil-det-ikke.jpg","type":"image\/jpeg"}],"author":"Ole Andersen","twitter_card":"summary_large_image","twitter_misc":{"Skrevet av":"Ole Andersen","Ansl. lesetid":"2 minutter"},"schema":{"@context":"https:\/\/schema.org","@graph":[{"@type":"Article","@id":"https:\/\/nordnesrepublikken.no\/index.php\/2025\/06\/26\/stopp-papiridentitetskortet-for-utvidelse-fra-august-2026-vil-det-ikke-lenger-vaere-gyldig-hvordan-du-endrer-det\/#article","isPartOf":{"@id":"https:\/\/nordnesrepublikken.no\/index.php\/2025\/06\/26\/stopp-papiridentitetskortet-for-utvidelse-fra-august-2026-vil-det-ikke-lenger-vaere-gyldig-hvordan-du-endrer-det\/"},"author":{"name":"Ole Andersen","@id":"https:\/\/nordnesrepublikken.no\/#\/schema\/person\/2e7e81935bab77882fffb79296240ff1"},"headline":"Stopp papiridentitetskortet for utvidelse, fra august 2026 vil det ikke lenger v\u00e6re gyldig: hvordan du endrer det","datePublished":"2025-06-26T09:52:23+00:00","dateModified":"2025-06-26T09:52:24+00:00","mainEntityOfPage":{"@id":"https:\/\/nordnesrepublikken.no\/index.php\/2025\/06\/26\/stopp-papiridentitetskortet-for-utvidelse-fra-august-2026-vil-det-ikke-lenger-vaere-gyldig-hvordan-du-endrer-det\/"},"wordCount":510,"publisher":{"@id":"https:\/\/nordnesrepublikken.no\/#organization"},"image":{"@id":"https:\/\/nordnesrepublikken.no\/index.php\/2025\/06\/26\/stopp-papiridentitetskortet-for-utvidelse-fra-august-2026-vil-det-ikke-lenger-vaere-gyldig-hvordan-du-endrer-det\/#primaryimage"},"thumbnailUrl":"https:\/\/nordnesrepublikken.no\/wp-content\/uploads\/2025\/06\/1750931543_Stopp-papiridentitetskortet-for-utvidelse-fra-august-2026-vil-det-ikke.jpg","keywords":["august","Det","endrer","fra","gyldig","Hvordan","ikke","lenger","papiridentitetskortet","Stopp","utvidelse","v\u00e6re","vil"],"articleSection":["Samfunn"],"inLanguage":"nb-NO"},{"@type":"WebPage","@id":"https:\/\/nordnesrepublikken.no\/index.php\/2025\/06\/26\/stopp-papiridentitetskortet-for-utvidelse-fra-august-2026-vil-det-ikke-lenger-vaere-gyldig-hvordan-du-endrer-det\/","url":"https:\/\/nordnesrepublikken.no\/index.php\/2025\/06\/26\/stopp-papiridentitetskortet-for-utvidelse-fra-august-2026-vil-det-ikke-lenger-vaere-gyldig-hvordan-du-endrer-det\/","name":"Stopp papiridentitetskortet for utvidelse, fra august 2026 vil det ikke lenger v\u00e6re gyldig: hvordan du endrer det - Nordnesrepublikken","isPartOf":{"@id":"https:\/\/nordnesrepublikken.no\/#website"},"primaryImageOfPage":{"@id":"https:\/\/nordnesrepublikken.no\/index.php\/2025\/06\/26\/stopp-papiridentitetskortet-for-utvidelse-fra-august-2026-vil-det-ikke-lenger-vaere-gyldig-hvordan-du-endrer-det\/#primaryimage"},"image":{"@id":"https:\/\/nordnesrepublikken.no\/index.php\/2025\/06\/26\/stopp-papiridentitetskortet-for-utvidelse-fra-august-2026-vil-det-ikke-lenger-vaere-gyldig-hvordan-du-endrer-det\/#primaryimage"},"thumbnailUrl":"https:\/\/nordnesrepublikken.no\/wp-content\/uploads\/2025\/06\/1750931543_Stopp-papiridentitetskortet-for-utvidelse-fra-august-2026-vil-det-ikke.jpg","datePublished":"2025-06-26T09:52:23+00:00","dateModified":"2025-06-26T09:52:24+00:00","breadcrumb":{"@id":"https:\/\/nordnesrepublikken.no\/index.php\/2025\/06\/26\/stopp-papiridentitetskortet-for-utvidelse-fra-august-2026-vil-det-ikke-lenger-vaere-gyldig-hvordan-du-endrer-det\/#breadcrumb"},"inLanguage":"nb-NO","potentialAction":[{"@type":"ReadAction","target":["https:\/\/nordnesrepublikken.no\/index.php\/2025\/06\/26\/stopp-papiridentitetskortet-for-utvidelse-fra-august-2026-vil-det-ikke-lenger-vaere-gyldig-hvordan-du-endrer-det\/"]}]},{"@type":"ImageObject","inLanguage":"nb-NO","@id":"https:\/\/nordnesrepublikken.no\/index.php\/2025\/06\/26\/stopp-papiridentitetskortet-for-utvidelse-fra-august-2026-vil-det-ikke-lenger-vaere-gyldig-hvordan-du-endrer-det\/#primaryimage","url":"https:\/\/nordnesrepublikken.no\/wp-content\/uploads\/2025\/06\/1750931543_Stopp-papiridentitetskortet-for-utvidelse-fra-august-2026-vil-det-ikke.jpg","contentUrl":"https:\/\/nordnesrepublikken.no\/wp-content\/uploads\/2025\/06\/1750931543_Stopp-papiridentitetskortet-for-utvidelse-fra-august-2026-vil-det-ikke.jpg","width":562,"height":307,"caption":"cie"},{"@type":"BreadcrumbList","@id":"https:\/\/nordnesrepublikken.no\/index.php\/2025\/06\/26\/stopp-papiridentitetskortet-for-utvidelse-fra-august-2026-vil-det-ikke-lenger-vaere-gyldig-hvordan-du-endrer-det\/#breadcrumb","itemListElement":[{"@type":"ListItem","position":1,"name":"Home","item":"https:\/\/nordnesrepublikken.no\/"},{"@type":"ListItem","position":2,"name":"Stopp papiridentitetskortet for utvidelse, fra august 2026 vil det ikke lenger v\u00e6re gyldig: hvordan du endrer det"}]},{"@type":"WebSite","@id":"https:\/\/nordnesrepublikken.no\/#website","url":"https:\/\/nordnesrepublikken.no\/","name":"Nordnesrepublikken","description":"Stemmer og Visjoner fra Republikkens Hjerte","publisher":{"@id":"https:\/\/nordnesrepublikken.no\/#organization"},"potentialAction":[{"@type":"SearchAction","target":{"@type":"EntryPoint","urlTemplate":"https:\/\/nordnesrepublikken.no\/?s={search_term_string}"},"query-input":{"@type":"PropertyValueSpecification","valueRequired":true,"valueName":"search_term_string"}}],"inLanguage":"nb-NO"},{"@type":"Organization","@id":"https:\/\/nordnesrepublikken.no\/#organization","name":"Nordnesrepublikken","url":"https:\/\/nordnesrepublikken.no\/","logo":{"@type":"ImageObject","inLanguage":"nb-NO","@id":"https:\/\/nordnesrepublikken.no\/#\/schema\/logo\/image\/","url":"https:\/\/nordnesrepublikken.no\/wp-content\/uploads\/2025\/02\/cropped-nordnesrepublikken-2.png","contentUrl":"https:\/\/nordnesrepublikken.no\/wp-content\/uploads\/2025\/02\/cropped-nordnesrepublikken-2.png","width":1248,"height":362,"caption":"Nordnesrepublikken"},"image":{"@id":"https:\/\/nordnesrepublikken.no\/#\/schema\/logo\/image\/"}},{"@type":"Person","@id":"https:\/\/nordnesrepublikken.no\/#\/schema\/person\/2e7e81935bab77882fffb79296240ff1","name":"Ole Andersen","image":{"@type":"ImageObject","inLanguage":"nb-NO","@id":"https:\/\/nordnesrepublikken.no\/#\/schema\/person\/image\/","url":"https:\/\/nordnesrepublikken.no\/wp-content\/uploads\/2025\/02\/nordnesrepublikken-2-2-150x150.jpg","contentUrl":"https:\/\/nordnesrepublikken.no\/wp-content\/uploads\/2025\/02\/nordnesrepublikken-2-2-150x150.jpg","caption":"Ole Andersen"},"description":"Ettersom jeg vokste opp i Oslo, har jeg alltid v\u00e6rt fascinert av ordenes kraft og deres evne til \u00e5 skape endringer. Etter \u00e5 ha fullf\u00f8rt min utdannelse i kommunikasjon ved Universitetet i Bergen, fikk jeg muligheten til \u00e5 jobbe innen ulike medier, der jeg har s\u00f8kt \u00e5 belyse viktige samfunnssp\u00f8rsm\u00e5l. I dag, som redakt\u00f8r for Nordnesrepublikken, pr\u00f8ver jeg \u00e5 forene min kj\u00e6rlighet for journalistikk med min lidenskap for innovasjon og eventyr.","sameAs":["https:\/\/nordnesrepublikken.no\/"]}]}},"_links":{"self":[{"href":"https:\/\/nordnesrepublikken.no\/index.php\/wp-json\/wp\/v2\/posts\/6265","targetHints":{"allow":["GET"]}}],"collection":[{"href":"https:\/\/nordnesrepublikken.no\/index.php\/wp-json\/wp\/v2\/posts"}],"about":[{"href":"https:\/\/nordnesrepublikken.no\/index.php\/wp-json\/wp\/v2\/types\/post"}],"author":[{"embeddable":true,"href":"https:\/\/nordnesrepublikken.no\/index.php\/wp-json\/wp\/v2\/users\/1"}],"replies":[{"embeddable":true,"href":"https:\/\/nordnesrepublikken.no\/index.php\/wp-json\/wp\/v2\/comments?post=6265"}],"version-history":[{"count":1,"href":"https:\/\/nordnesrepublikken.no\/index.php\/wp-json\/wp\/v2\/posts\/6265\/revisions"}],"predecessor-version":[{"id":6267,"href":"https:\/\/nordnesrepublikken.no\/index.php\/wp-json\/wp\/v2\/posts\/6265\/revisions\/6267"}],"wp:featuredmedia":[{"embeddable":true,"href":"https:\/\/nordnesrepublikken.no\/index.php\/wp-json\/wp\/v2\/media\/6266"}],"wp:attachment":[{"href":"https:\/\/nordnesrepublikken.no\/index.php\/wp-json\/wp\/v2\/media?parent=6265"}],"wp:term":[{"taxonomy":"category","embeddable":true,"href":"https:\/\/nordnesrepublikken.no\/index.php\/wp-json\/wp\/v2\/categories?post=6265"},{"taxonomy":"post_tag","embeddable":true,"href":"https:\/\/nordnesrepublikken.no\/index.php\/wp-json\/wp\/v2\/tags?post=6265"}],"curies":[{"name":"wp","href":"https:\/\/api.w.org\/{rel}","templated":true}]}}