{"id":6262,"date":"2025-06-26T10:50:18","date_gmt":"2025-06-26T08:50:18","guid":{"rendered":"https:\/\/nordnesrepublikken.no\/index.php\/2025\/06\/26\/andalucia-sikrer-e-133-millioner-eib-lan-for-sykehus-skoler-og-gronn-transport\/"},"modified":"2025-06-26T10:50:19","modified_gmt":"2025-06-26T08:50:19","slug":"andalucia-sikrer-e-133-millioner-eib-lan-for-sykehus-skoler-og-gronn-transport","status":"publish","type":"post","link":"https:\/\/nordnesrepublikken.no\/index.php\/2025\/06\/26\/andalucia-sikrer-e-133-millioner-eib-lan-for-sykehus-skoler-og-gronn-transport\/","title":{"rendered":"Andaluc\u00eda sikrer \u20ac 133 millioner EIB -l\u00e5n for sykehus, skoler og gr\u00f8nn transport"},"content":{"rendered":"<p><\/p>\n<div class=\"wordpress-content\">\n                    <!-- Article Start --><\/p>\n<p><strong>Den europeiske investeringsbanken (EIB) har godkjent et l\u00e5n p\u00e5 \u20ac 133 millioner til den regionale regjeringen i Andaluc\u00eda for \u00e5 finansiere store infrastrukturprosjekter innen helsevesen, utdanning, digitalisering og b\u00e6rekraftig transport.<\/strong><\/p>\n<p>Avtalen, kunngjort via en pressemelding 24. juni 2025, utgj\u00f8r en del av EUs strategi i 2021\u20132027 samhold og er satt til fordel for flere provinser over hele S\u00f8r -Spania.<\/p>\n<h2><strong>Finansiering for \u00e5 modernisere Andaluc\u00edas offentlige tjenester<\/strong><\/h2>\n<p>Det nye l\u00e5net, som er signert mellom EIB og Junta de Andaluc\u00eda, vil medfinansiere et bredt spekter av sosiale og milj\u00f8messige prosjekter under EUs samholdspolitiske operasjonsprogram. Den tar sikte p\u00e5 \u00e5 \u00f8ke \u00f8konomisk, sosial og territoriell samhold i regionen &#8211; et omr\u00e5de utpekt av EU som trenger ytterligere strukturell st\u00f8tte.<\/p>\n<div class=\"sra_unit\"><link rel=\"stylesheet\" id=\"block-sra\" href=\"https:\/\/euroweeklynews.com\/wp-content\/plugins\/snack-related-articles\/dist\/css\/snack-related.min.css?250312-193541\" type=\"text\/css\" media=\"all\">\n<\/div>\n<p>I f\u00f8lge EIB vil finansieringen st\u00f8tte:<\/p>\n<ul>\n<li>Renovering av skoler og sykehus, inkludert klimatilpasningsarbeid<\/li>\n<li>Arbeidsinkluderingsordninger, trening og jobbinsentiver<\/li>\n<li>Digitalisering og r  &#038; d p\u00e5 universiteter<\/li>\n<li>B\u00e6rekraftig byens mobilitet og energiovergangsprosjekter.<\/li>\n<\/ul>\n<h2><strong>Del av en bredere investeringsstrategi i Spania<\/strong><\/h2>\n<p>Denne siste avtalen markerer det tredje store EIB -l\u00e5net til Andaluc\u00eda under finansieringssyklusen 2021\u20132027. De forrige tilbudene inkluderte \u20ac 195 millioner i desember 2022 og \u20ac 215 millioner i april 2024.<\/p>\n<p>Totalt signerte EIB-gruppen 12,3 milliarder euro i ny finansiering i Spania i 2024 alene, og hjalp til med \u00e5 finansiere over 100 h\u00f8ye p\u00e5virkninger som hadde som m\u00e5l \u00e5 \u00f8ke \u00f8konomisk konkurranseevne og milj\u00f8messig b\u00e6rekraft.<\/p>\n<h2><strong>Hvorfor Andaluc\u00eda?<\/strong><\/h2>\n<p>Andaluc\u00eda er klassifisert av EU som en &laquo;samholdsregion&raquo;, noe som betyr at det st\u00e5r overfor utviklingsutfordringer sammenlignet med mer velst\u00e5ende deler av Europa. Investeringene er i tr\u00e5d med Paris -klimaavtalen, ettersom EIB har forpliktet seg til \u00e5 sikre at alle st\u00f8ttede prosjekter bidrar til klimahandlinger eller milj\u00f8forbedring.<\/p>\n<h2><strong>En bl\u00e5kopi for fremtidige EU -utgifter?<\/strong><\/h2>\n<p>Med Brussel som ramper opp klima og digitale utgifter over blokken, kan Andaluc\u00edas store investeringer tjene som en modell for andre EU-regioner som st\u00e5r overfor lignende sosio\u00f8konomiske utfordringer.<\/p>\n<p>Se alle finansnyheter.<\/p>\n<p>                    <!-- Article End --><\/p><\/div>\n","protected":false},"excerpt":{"rendered":"<p>Den europeiske investeringsbanken (EIB) har godkjent et l\u00e5n p\u00e5 \u20ac 133 millioner til den regionale<\/p>\n","protected":false},"author":1,"featured_media":6263,"comment_status":"closed","ping_status":"open","sticky":false,"template":"","format":"standard","meta":{"footnotes":""},"categories":[105],"tags":[3947,3949,2990,3950,34,3948,3952,3951,3953],"class_list":["post-6262","post","type-post","status-publish","format-standard","has-post-thumbnail","hentry","category-livsstil","tag-andalucia","tag-eib","tag-gronn","tag-lan","tag-millioner","tag-sikrer","tag-skoler","tag-sykehus","tag-transport","generate-columns","tablet-grid-50","mobile-grid-100","grid-parent","grid-33","resize-featured-image"],"yoast_head":"<!-- This site is optimized with the Yoast SEO plugin v24.4 - https:\/\/yoast.com\/wordpress\/plugins\/seo\/ -->\n<title>Andaluc\u00eda sikrer \u20ac 133 millioner EIB -l\u00e5n for sykehus, skoler og gr\u00f8nn transport - Nordnesrepublikken<\/title>\n<meta name=\"robots\" content=\"index, follow, max-snippet:-1, max-image-preview:large, max-video-preview:-1\" \/>\n<link rel=\"canonical\" href=\"https:\/\/nordnesrepublikken.no\/index.php\/2025\/06\/26\/andalucia-sikrer-e-133-millioner-eib-lan-for-sykehus-skoler-og-gronn-transport\/\" \/>\n<meta property=\"og:locale\" content=\"nb_NO\" \/>\n<meta property=\"og:type\" content=\"article\" \/>\n<meta property=\"og:title\" content=\"Andaluc\u00eda sikrer \u20ac 133 millioner EIB -l\u00e5n for sykehus, skoler og gr\u00f8nn transport - Nordnesrepublikken\" \/>\n<meta property=\"og:description\" content=\"Den europeiske investeringsbanken (EIB) har godkjent et l\u00e5n p\u00e5 \u20ac 133 millioner til den regionale\" \/>\n<meta property=\"og:url\" content=\"https:\/\/nordnesrepublikken.no\/index.php\/2025\/06\/26\/andalucia-sikrer-e-133-millioner-eib-lan-for-sykehus-skoler-og-gronn-transport\/\" \/>\n<meta property=\"og:site_name\" content=\"Nordnesrepublikken\" \/>\n<meta property=\"article:published_time\" content=\"2025-06-26T08:50:18+00:00\" \/>\n<meta property=\"article:modified_time\" content=\"2025-06-26T08:50:19+00:00\" \/>\n<meta property=\"og:image\" content=\"https:\/\/nordnesrepublikken.no\/wp-content\/uploads\/2025\/06\/1750927819_Andalucia-sikrer-E-133-millioner-EIB-lan-for-sykehus-skoler.jpg\" \/>\n\t<meta property=\"og:image:width\" content=\"1200\" \/>\n\t<meta property=\"og:image:height\" content=\"672\" \/>\n\t<meta property=\"og:image:type\" content=\"image\/jpeg\" \/>\n<meta name=\"author\" content=\"Ole Andersen\" \/>\n<meta name=\"twitter:card\" content=\"summary_large_image\" \/>\n<meta name=\"twitter:label1\" content=\"Skrevet av\" \/>\n\t<meta name=\"twitter:data1\" content=\"Ole Andersen\" \/>\n\t<meta name=\"twitter:label2\" content=\"Ansl. lesetid\" \/>\n\t<meta name=\"twitter:data2\" content=\"2 minutter\" \/>\n<script type=\"application\/ld+json\" class=\"yoast-schema-graph\">{\"@context\":\"https:\/\/schema.org\",\"@graph\":[{\"@type\":\"Article\",\"@id\":\"https:\/\/nordnesrepublikken.no\/index.php\/2025\/06\/26\/andalucia-sikrer-e-133-millioner-eib-lan-for-sykehus-skoler-og-gronn-transport\/#article\",\"isPartOf\":{\"@id\":\"https:\/\/nordnesrepublikken.no\/index.php\/2025\/06\/26\/andalucia-sikrer-e-133-millioner-eib-lan-for-sykehus-skoler-og-gronn-transport\/\"},\"author\":{\"name\":\"Ole Andersen\",\"@id\":\"https:\/\/nordnesrepublikken.no\/#\/schema\/person\/2e7e81935bab77882fffb79296240ff1\"},\"headline\":\"Andaluc\u00eda sikrer \u20ac 133 millioner EIB -l\u00e5n for sykehus, skoler og gr\u00f8nn transport\",\"datePublished\":\"2025-06-26T08:50:18+00:00\",\"dateModified\":\"2025-06-26T08:50:19+00:00\",\"mainEntityOfPage\":{\"@id\":\"https:\/\/nordnesrepublikken.no\/index.php\/2025\/06\/26\/andalucia-sikrer-e-133-millioner-eib-lan-for-sykehus-skoler-og-gronn-transport\/\"},\"wordCount\":328,\"publisher\":{\"@id\":\"https:\/\/nordnesrepublikken.no\/#organization\"},\"image\":{\"@id\":\"https:\/\/nordnesrepublikken.no\/index.php\/2025\/06\/26\/andalucia-sikrer-e-133-millioner-eib-lan-for-sykehus-skoler-og-gronn-transport\/#primaryimage\"},\"thumbnailUrl\":\"https:\/\/nordnesrepublikken.no\/wp-content\/uploads\/2025\/06\/1750927819_Andalucia-sikrer-E-133-millioner-EIB-lan-for-sykehus-skoler.jpg\",\"keywords\":[\"Andaluc\u00eda\",\"EIB\",\"gr\u00f8nn\",\"l\u00e5n\",\"millioner\",\"sikrer\",\"skoler\",\"sykehus\",\"transport\"],\"articleSection\":[\"Livsstil\"],\"inLanguage\":\"nb-NO\"},{\"@type\":\"WebPage\",\"@id\":\"https:\/\/nordnesrepublikken.no\/index.php\/2025\/06\/26\/andalucia-sikrer-e-133-millioner-eib-lan-for-sykehus-skoler-og-gronn-transport\/\",\"url\":\"https:\/\/nordnesrepublikken.no\/index.php\/2025\/06\/26\/andalucia-sikrer-e-133-millioner-eib-lan-for-sykehus-skoler-og-gronn-transport\/\",\"name\":\"Andaluc\u00eda sikrer \u20ac 133 millioner EIB -l\u00e5n for sykehus, skoler og gr\u00f8nn transport - Nordnesrepublikken\",\"isPartOf\":{\"@id\":\"https:\/\/nordnesrepublikken.no\/#website\"},\"primaryImageOfPage\":{\"@id\":\"https:\/\/nordnesrepublikken.no\/index.php\/2025\/06\/26\/andalucia-sikrer-e-133-millioner-eib-lan-for-sykehus-skoler-og-gronn-transport\/#primaryimage\"},\"image\":{\"@id\":\"https:\/\/nordnesrepublikken.no\/index.php\/2025\/06\/26\/andalucia-sikrer-e-133-millioner-eib-lan-for-sykehus-skoler-og-gronn-transport\/#primaryimage\"},\"thumbnailUrl\":\"https:\/\/nordnesrepublikken.no\/wp-content\/uploads\/2025\/06\/1750927819_Andalucia-sikrer-E-133-millioner-EIB-lan-for-sykehus-skoler.jpg\",\"datePublished\":\"2025-06-26T08:50:18+00:00\",\"dateModified\":\"2025-06-26T08:50:19+00:00\",\"breadcrumb\":{\"@id\":\"https:\/\/nordnesrepublikken.no\/index.php\/2025\/06\/26\/andalucia-sikrer-e-133-millioner-eib-lan-for-sykehus-skoler-og-gronn-transport\/#breadcrumb\"},\"inLanguage\":\"nb-NO\",\"potentialAction\":[{\"@type\":\"ReadAction\",\"target\":[\"https:\/\/nordnesrepublikken.no\/index.php\/2025\/06\/26\/andalucia-sikrer-e-133-millioner-eib-lan-for-sykehus-skoler-og-gronn-transport\/\"]}]},{\"@type\":\"ImageObject\",\"inLanguage\":\"nb-NO\",\"@id\":\"https:\/\/nordnesrepublikken.no\/index.php\/2025\/06\/26\/andalucia-sikrer-e-133-millioner-eib-lan-for-sykehus-skoler-og-gronn-transport\/#primaryimage\",\"url\":\"https:\/\/nordnesrepublikken.no\/wp-content\/uploads\/2025\/06\/1750927819_Andalucia-sikrer-E-133-millioner-EIB-lan-for-sykehus-skoler.jpg\",\"contentUrl\":\"https:\/\/nordnesrepublikken.no\/wp-content\/uploads\/2025\/06\/1750927819_Andalucia-sikrer-E-133-millioner-EIB-lan-for-sykehus-skoler.jpg\",\"width\":1200,\"height\":672,\"caption\":\"Andaluc\u00eda sikrer \u20ac 133 millioner EIB -l\u00e5n for sykehus, skoler og gr\u00f8nn transport\"},{\"@type\":\"BreadcrumbList\",\"@id\":\"https:\/\/nordnesrepublikken.no\/index.php\/2025\/06\/26\/andalucia-sikrer-e-133-millioner-eib-lan-for-sykehus-skoler-og-gronn-transport\/#breadcrumb\",\"itemListElement\":[{\"@type\":\"ListItem\",\"position\":1,\"name\":\"Home\",\"item\":\"https:\/\/nordnesrepublikken.no\/\"},{\"@type\":\"ListItem\",\"position\":2,\"name\":\"Andaluc\u00eda sikrer \u20ac 133 millioner EIB -l\u00e5n for sykehus, skoler og gr\u00f8nn transport\"}]},{\"@type\":\"WebSite\",\"@id\":\"https:\/\/nordnesrepublikken.no\/#website\",\"url\":\"https:\/\/nordnesrepublikken.no\/\",\"name\":\"Nordnesrepublikken\",\"description\":\"Stemmer og Visjoner fra Republikkens Hjerte\",\"publisher\":{\"@id\":\"https:\/\/nordnesrepublikken.no\/#organization\"},\"potentialAction\":[{\"@type\":\"SearchAction\",\"target\":{\"@type\":\"EntryPoint\",\"urlTemplate\":\"https:\/\/nordnesrepublikken.no\/?s={search_term_string}\"},\"query-input\":{\"@type\":\"PropertyValueSpecification\",\"valueRequired\":true,\"valueName\":\"search_term_string\"}}],\"inLanguage\":\"nb-NO\"},{\"@type\":\"Organization\",\"@id\":\"https:\/\/nordnesrepublikken.no\/#organization\",\"name\":\"Nordnesrepublikken\",\"url\":\"https:\/\/nordnesrepublikken.no\/\",\"logo\":{\"@type\":\"ImageObject\",\"inLanguage\":\"nb-NO\",\"@id\":\"https:\/\/nordnesrepublikken.no\/#\/schema\/logo\/image\/\",\"url\":\"https:\/\/nordnesrepublikken.no\/wp-content\/uploads\/2025\/02\/cropped-nordnesrepublikken-2.png\",\"contentUrl\":\"https:\/\/nordnesrepublikken.no\/wp-content\/uploads\/2025\/02\/cropped-nordnesrepublikken-2.png\",\"width\":1248,\"height\":362,\"caption\":\"Nordnesrepublikken\"},\"image\":{\"@id\":\"https:\/\/nordnesrepublikken.no\/#\/schema\/logo\/image\/\"}},{\"@type\":\"Person\",\"@id\":\"https:\/\/nordnesrepublikken.no\/#\/schema\/person\/2e7e81935bab77882fffb79296240ff1\",\"name\":\"Ole Andersen\",\"image\":{\"@type\":\"ImageObject\",\"inLanguage\":\"nb-NO\",\"@id\":\"https:\/\/nordnesrepublikken.no\/#\/schema\/person\/image\/\",\"url\":\"https:\/\/nordnesrepublikken.no\/wp-content\/uploads\/2025\/02\/nordnesrepublikken-2-2-150x150.jpg\",\"contentUrl\":\"https:\/\/nordnesrepublikken.no\/wp-content\/uploads\/2025\/02\/nordnesrepublikken-2-2-150x150.jpg\",\"caption\":\"Ole Andersen\"},\"description\":\"Ettersom jeg vokste opp i Oslo, har jeg alltid v\u00e6rt fascinert av ordenes kraft og deres evne til \u00e5 skape endringer. Etter \u00e5 ha fullf\u00f8rt min utdannelse i kommunikasjon ved Universitetet i Bergen, fikk jeg muligheten til \u00e5 jobbe innen ulike medier, der jeg har s\u00f8kt \u00e5 belyse viktige samfunnssp\u00f8rsm\u00e5l. I dag, som redakt\u00f8r for Nordnesrepublikken, pr\u00f8ver jeg \u00e5 forene min kj\u00e6rlighet for journalistikk med min lidenskap for innovasjon og eventyr.\",\"sameAs\":[\"https:\/\/nordnesrepublikken.no\/\"]}]}<\/script>\n<!-- \/ Yoast SEO plugin. -->","yoast_head_json":{"title":"Andaluc\u00eda sikrer \u20ac 133 millioner EIB -l\u00e5n for sykehus, skoler og gr\u00f8nn transport - Nordnesrepublikken","robots":{"index":"index","follow":"follow","max-snippet":"max-snippet:-1","max-image-preview":"max-image-preview:large","max-video-preview":"max-video-preview:-1"},"canonical":"https:\/\/nordnesrepublikken.no\/index.php\/2025\/06\/26\/andalucia-sikrer-e-133-millioner-eib-lan-for-sykehus-skoler-og-gronn-transport\/","og_locale":"nb_NO","og_type":"article","og_title":"Andaluc\u00eda sikrer \u20ac 133 millioner EIB -l\u00e5n for sykehus, skoler og gr\u00f8nn transport - Nordnesrepublikken","og_description":"Den europeiske investeringsbanken (EIB) har godkjent et l\u00e5n p\u00e5 \u20ac 133 millioner til den regionale","og_url":"https:\/\/nordnesrepublikken.no\/index.php\/2025\/06\/26\/andalucia-sikrer-e-133-millioner-eib-lan-for-sykehus-skoler-og-gronn-transport\/","og_site_name":"Nordnesrepublikken","article_published_time":"2025-06-26T08:50:18+00:00","article_modified_time":"2025-06-26T08:50:19+00:00","og_image":[{"width":1200,"height":672,"url":"https:\/\/nordnesrepublikken.no\/wp-content\/uploads\/2025\/06\/1750927819_Andalucia-sikrer-E-133-millioner-EIB-lan-for-sykehus-skoler.jpg","type":"image\/jpeg"}],"author":"Ole Andersen","twitter_card":"summary_large_image","twitter_misc":{"Skrevet av":"Ole Andersen","Ansl. lesetid":"2 minutter"},"schema":{"@context":"https:\/\/schema.org","@graph":[{"@type":"Article","@id":"https:\/\/nordnesrepublikken.no\/index.php\/2025\/06\/26\/andalucia-sikrer-e-133-millioner-eib-lan-for-sykehus-skoler-og-gronn-transport\/#article","isPartOf":{"@id":"https:\/\/nordnesrepublikken.no\/index.php\/2025\/06\/26\/andalucia-sikrer-e-133-millioner-eib-lan-for-sykehus-skoler-og-gronn-transport\/"},"author":{"name":"Ole Andersen","@id":"https:\/\/nordnesrepublikken.no\/#\/schema\/person\/2e7e81935bab77882fffb79296240ff1"},"headline":"Andaluc\u00eda sikrer \u20ac 133 millioner EIB -l\u00e5n for sykehus, skoler og gr\u00f8nn transport","datePublished":"2025-06-26T08:50:18+00:00","dateModified":"2025-06-26T08:50:19+00:00","mainEntityOfPage":{"@id":"https:\/\/nordnesrepublikken.no\/index.php\/2025\/06\/26\/andalucia-sikrer-e-133-millioner-eib-lan-for-sykehus-skoler-og-gronn-transport\/"},"wordCount":328,"publisher":{"@id":"https:\/\/nordnesrepublikken.no\/#organization"},"image":{"@id":"https:\/\/nordnesrepublikken.no\/index.php\/2025\/06\/26\/andalucia-sikrer-e-133-millioner-eib-lan-for-sykehus-skoler-og-gronn-transport\/#primaryimage"},"thumbnailUrl":"https:\/\/nordnesrepublikken.no\/wp-content\/uploads\/2025\/06\/1750927819_Andalucia-sikrer-E-133-millioner-EIB-lan-for-sykehus-skoler.jpg","keywords":["Andaluc\u00eda","EIB","gr\u00f8nn","l\u00e5n","millioner","sikrer","skoler","sykehus","transport"],"articleSection":["Livsstil"],"inLanguage":"nb-NO"},{"@type":"WebPage","@id":"https:\/\/nordnesrepublikken.no\/index.php\/2025\/06\/26\/andalucia-sikrer-e-133-millioner-eib-lan-for-sykehus-skoler-og-gronn-transport\/","url":"https:\/\/nordnesrepublikken.no\/index.php\/2025\/06\/26\/andalucia-sikrer-e-133-millioner-eib-lan-for-sykehus-skoler-og-gronn-transport\/","name":"Andaluc\u00eda sikrer \u20ac 133 millioner EIB -l\u00e5n for sykehus, skoler og gr\u00f8nn transport - Nordnesrepublikken","isPartOf":{"@id":"https:\/\/nordnesrepublikken.no\/#website"},"primaryImageOfPage":{"@id":"https:\/\/nordnesrepublikken.no\/index.php\/2025\/06\/26\/andalucia-sikrer-e-133-millioner-eib-lan-for-sykehus-skoler-og-gronn-transport\/#primaryimage"},"image":{"@id":"https:\/\/nordnesrepublikken.no\/index.php\/2025\/06\/26\/andalucia-sikrer-e-133-millioner-eib-lan-for-sykehus-skoler-og-gronn-transport\/#primaryimage"},"thumbnailUrl":"https:\/\/nordnesrepublikken.no\/wp-content\/uploads\/2025\/06\/1750927819_Andalucia-sikrer-E-133-millioner-EIB-lan-for-sykehus-skoler.jpg","datePublished":"2025-06-26T08:50:18+00:00","dateModified":"2025-06-26T08:50:19+00:00","breadcrumb":{"@id":"https:\/\/nordnesrepublikken.no\/index.php\/2025\/06\/26\/andalucia-sikrer-e-133-millioner-eib-lan-for-sykehus-skoler-og-gronn-transport\/#breadcrumb"},"inLanguage":"nb-NO","potentialAction":[{"@type":"ReadAction","target":["https:\/\/nordnesrepublikken.no\/index.php\/2025\/06\/26\/andalucia-sikrer-e-133-millioner-eib-lan-for-sykehus-skoler-og-gronn-transport\/"]}]},{"@type":"ImageObject","inLanguage":"nb-NO","@id":"https:\/\/nordnesrepublikken.no\/index.php\/2025\/06\/26\/andalucia-sikrer-e-133-millioner-eib-lan-for-sykehus-skoler-og-gronn-transport\/#primaryimage","url":"https:\/\/nordnesrepublikken.no\/wp-content\/uploads\/2025\/06\/1750927819_Andalucia-sikrer-E-133-millioner-EIB-lan-for-sykehus-skoler.jpg","contentUrl":"https:\/\/nordnesrepublikken.no\/wp-content\/uploads\/2025\/06\/1750927819_Andalucia-sikrer-E-133-millioner-EIB-lan-for-sykehus-skoler.jpg","width":1200,"height":672,"caption":"Andaluc\u00eda sikrer \u20ac 133 millioner EIB -l\u00e5n for sykehus, skoler og gr\u00f8nn transport"},{"@type":"BreadcrumbList","@id":"https:\/\/nordnesrepublikken.no\/index.php\/2025\/06\/26\/andalucia-sikrer-e-133-millioner-eib-lan-for-sykehus-skoler-og-gronn-transport\/#breadcrumb","itemListElement":[{"@type":"ListItem","position":1,"name":"Home","item":"https:\/\/nordnesrepublikken.no\/"},{"@type":"ListItem","position":2,"name":"Andaluc\u00eda sikrer \u20ac 133 millioner EIB -l\u00e5n for sykehus, skoler og gr\u00f8nn transport"}]},{"@type":"WebSite","@id":"https:\/\/nordnesrepublikken.no\/#website","url":"https:\/\/nordnesrepublikken.no\/","name":"Nordnesrepublikken","description":"Stemmer og Visjoner fra Republikkens Hjerte","publisher":{"@id":"https:\/\/nordnesrepublikken.no\/#organization"},"potentialAction":[{"@type":"SearchAction","target":{"@type":"EntryPoint","urlTemplate":"https:\/\/nordnesrepublikken.no\/?s={search_term_string}"},"query-input":{"@type":"PropertyValueSpecification","valueRequired":true,"valueName":"search_term_string"}}],"inLanguage":"nb-NO"},{"@type":"Organization","@id":"https:\/\/nordnesrepublikken.no\/#organization","name":"Nordnesrepublikken","url":"https:\/\/nordnesrepublikken.no\/","logo":{"@type":"ImageObject","inLanguage":"nb-NO","@id":"https:\/\/nordnesrepublikken.no\/#\/schema\/logo\/image\/","url":"https:\/\/nordnesrepublikken.no\/wp-content\/uploads\/2025\/02\/cropped-nordnesrepublikken-2.png","contentUrl":"https:\/\/nordnesrepublikken.no\/wp-content\/uploads\/2025\/02\/cropped-nordnesrepublikken-2.png","width":1248,"height":362,"caption":"Nordnesrepublikken"},"image":{"@id":"https:\/\/nordnesrepublikken.no\/#\/schema\/logo\/image\/"}},{"@type":"Person","@id":"https:\/\/nordnesrepublikken.no\/#\/schema\/person\/2e7e81935bab77882fffb79296240ff1","name":"Ole Andersen","image":{"@type":"ImageObject","inLanguage":"nb-NO","@id":"https:\/\/nordnesrepublikken.no\/#\/schema\/person\/image\/","url":"https:\/\/nordnesrepublikken.no\/wp-content\/uploads\/2025\/02\/nordnesrepublikken-2-2-150x150.jpg","contentUrl":"https:\/\/nordnesrepublikken.no\/wp-content\/uploads\/2025\/02\/nordnesrepublikken-2-2-150x150.jpg","caption":"Ole Andersen"},"description":"Ettersom jeg vokste opp i Oslo, har jeg alltid v\u00e6rt fascinert av ordenes kraft og deres evne til \u00e5 skape endringer. Etter \u00e5 ha fullf\u00f8rt min utdannelse i kommunikasjon ved Universitetet i Bergen, fikk jeg muligheten til \u00e5 jobbe innen ulike medier, der jeg har s\u00f8kt \u00e5 belyse viktige samfunnssp\u00f8rsm\u00e5l. I dag, som redakt\u00f8r for Nordnesrepublikken, pr\u00f8ver jeg \u00e5 forene min kj\u00e6rlighet for journalistikk med min lidenskap for innovasjon og eventyr.","sameAs":["https:\/\/nordnesrepublikken.no\/"]}]}},"_links":{"self":[{"href":"https:\/\/nordnesrepublikken.no\/index.php\/wp-json\/wp\/v2\/posts\/6262","targetHints":{"allow":["GET"]}}],"collection":[{"href":"https:\/\/nordnesrepublikken.no\/index.php\/wp-json\/wp\/v2\/posts"}],"about":[{"href":"https:\/\/nordnesrepublikken.no\/index.php\/wp-json\/wp\/v2\/types\/post"}],"author":[{"embeddable":true,"href":"https:\/\/nordnesrepublikken.no\/index.php\/wp-json\/wp\/v2\/users\/1"}],"replies":[{"embeddable":true,"href":"https:\/\/nordnesrepublikken.no\/index.php\/wp-json\/wp\/v2\/comments?post=6262"}],"version-history":[{"count":1,"href":"https:\/\/nordnesrepublikken.no\/index.php\/wp-json\/wp\/v2\/posts\/6262\/revisions"}],"predecessor-version":[{"id":6264,"href":"https:\/\/nordnesrepublikken.no\/index.php\/wp-json\/wp\/v2\/posts\/6262\/revisions\/6264"}],"wp:featuredmedia":[{"embeddable":true,"href":"https:\/\/nordnesrepublikken.no\/index.php\/wp-json\/wp\/v2\/media\/6263"}],"wp:attachment":[{"href":"https:\/\/nordnesrepublikken.no\/index.php\/wp-json\/wp\/v2\/media?parent=6262"}],"wp:term":[{"taxonomy":"category","embeddable":true,"href":"https:\/\/nordnesrepublikken.no\/index.php\/wp-json\/wp\/v2\/categories?post=6262"},{"taxonomy":"post_tag","embeddable":true,"href":"https:\/\/nordnesrepublikken.no\/index.php\/wp-json\/wp\/v2\/tags?post=6262"}],"curies":[{"name":"wp","href":"https:\/\/api.w.org\/{rel}","templated":true}]}}