{"id":6220,"date":"2025-06-25T10:49:51","date_gmt":"2025-06-25T08:49:51","guid":{"rendered":"https:\/\/nordnesrepublikken.no\/index.php\/2025\/06\/25\/den-mest-moderne-flyplassen-i-europa-vil-stige-i-polen-slik-blir-det\/"},"modified":"2025-06-25T10:49:52","modified_gmt":"2025-06-25T08:49:52","slug":"den-mest-moderne-flyplassen-i-europa-vil-stige-i-polen-slik-blir-det","status":"publish","type":"post","link":"https:\/\/nordnesrepublikken.no\/index.php\/2025\/06\/25\/den-mest-moderne-flyplassen-i-europa-vil-stige-i-polen-slik-blir-det\/","title":{"rendered":"Den mest moderne flyplassen i Europa vil stige i Polen: Slik blir det"},"content":{"rendered":"<div>\n<div class=\"cp_wrapper cp_wrapper--fw mb-30 mb-20@tablet\">\n<figure class=\"mm\"><picture class=\"img\" style=\"padding-top:56.25%\"><source  media=\"(min-width: 1024px)\"><source  media=\"(min-width: 768px)\"><\/source><\/source><\/picture><\/figure>\n<\/p><\/div>\n<p>De <strong>Centralny Port Komunikacyjny (CPK)<\/strong>eller &laquo;sentral kommunikasjonshavn&raquo;, er den ambisi\u00f8se infrastrukturen Mega-Project of the Future mest moderne flyplass i Europa under bygging i Polen, designet for \u00e5 forvandle landet til en <strong>International Transport Hub<\/strong> Det intakte flyet, jernbanen og veien. M\u00e5let er \u00e5 skape en tilgangsd\u00f8r til Polen og Sentral -Europa, og forvalter et betydelig st\u00f8rre volum av passasjerer enn eksisterende flyplasser.<\/p>\n<h2>Funksjoner p\u00e5 den mest moderne flyplassen i Europa i Polen<\/h2>\n<p>La oss se mer detaljert beskrivelsen av CPK Airport -prosjektet, som umiddelbart starter fra tall og datoer. Flyplassen er designet for \u00e5 tjene godt <strong>40 millioner passasjerer per \u00e5r,<\/strong> og langvarig utvidelsesplaner (innen 2060) \u00f8nsker \u00e5 tjene <strong>100 millioner passasjerer per \u00e5r<\/strong>. CPK flyplass, for tall og tall, er absolutt st\u00f8rre enn den n\u00e5v\u00e6rende Chopin Airport of Warszawa, som for tiden serverer om <strong>18-20 millioner<\/strong> av passasjerer i \u00e5ret.<\/p>\n<p>Vi sa ved \u00e5pningen at CPK flyplassprosjekt best\u00e5r i integrasjonen, innen flyplassinfrastrukturen, av en stor jernbaneinfrastruktur. Prosjektet s\u00f8rger faktisk for bygging av <strong>2000 km<\/strong> av jernbaner som vil konvergere til CPK, koble hovedpolske byer (som Warszawa, \u0142\u00f3d\u017a, Pozna\u0144, Breslavia) og utvide internasjonalt (for eksempel en h\u00f8yhastighetslinje vil bli planlagt mot Frankfurt p\u00e5 Oder, Tyskland, som vil forkorte reisetid <strong>Mindre enn 3,5 timer<\/strong>).<\/p>\n<div class=\"cp_wrapper cp_wrapper--fw mb-50\">\n<figure class=\"mm\"><picture class=\"img\" style=\"padding-top:50%\"><source  media=\"(min-width: 1024px)\"><source  media=\"(min-width: 768px)\"><img decoding=\"async\" loading=\"lazy\" src=\"https:\/\/nordnesrepublikken.no\/wp-content\/uploads\/2025\/06\/1750841391_253_Den-mest-moderne-flyplassen-i-Europa-vil-stige-i-Polen.jpeg\" alt=\"Bilde\" width=\"2000\" height=\"1000\"><\/source><\/source><\/picture><\/figure>\n<\/p><\/div>\n<p>Et importert element i den nye CPK -flyplassen vil v\u00e6re <strong>&laquo;Airport City&raquo;<\/strong>et kommersielt og innovativt distrikt integrert med flyplassen, som vil omfatte <strong>Kontorer, forsknings- og utviklingskomplekser, hotell og konferansesentre. <\/strong>Arkitektoniske og ingeni\u00f8rdesignet til flyplassen b\u00e6rer signaturen til London Studio <em>Norman Foster + Partners<\/em>i samarbeid med <em>Buro Happold<\/em>. Prosjektet har som m\u00e5l \u00e5 balansere driftseffektivitet, milj\u00f8ansvar og symbolsk uttrykk, med store gr\u00f8nne omr\u00e5der og naturlig lys.<\/p>\n<p>CPK er strategisk lokalisert til ca. <strong>37 km vest for Warszawa<\/strong>mellom den polske hovedstaden og byen \u0142\u00f3d\u017a, i omr\u00e5det tre kommuner: Baran\u00f3w, Teresin og Wiskitki, i Voivodato della Masovia. Denne sentrale posisjonen tar sikte p\u00e5 \u00e5 maksimere tilgjengeligheten fra forskjellige retninger og \u00e5 posisjonere Polen som et nervepunkt for transport i Sentral- og \u00d8st -Europa.<\/p>\n<div class=\"cp_wrapper cp_wrapper--fw mb-50\">\n<figure class=\"mm\"><picture class=\"img\" style=\"padding-top:50%\"><source  media=\"(min-width: 1024px)\"><source  media=\"(min-width: 768px)\"><img decoding=\"async\" loading=\"lazy\" src=\"https:\/\/nordnesrepublikken.no\/wp-content\/uploads\/2025\/06\/1750841391_350_Den-mest-moderne-flyplassen-i-Europa-vil-stige-i-Polen.jpeg\" alt=\"Bilde\" width=\"2000\" height=\"1000\" class=\"js-seedtag-img\"><\/source><\/source><\/picture><\/figure>\n<\/p><\/div>\n<p>Det ambisi\u00f8se prosjektet fra den nye CPK -flyplassen ble opprinnelig godkjent av den polske regjeringen i 2017 Byggingen av den nye flyplassen skulle starte siden 2026. Til dags dato, er det meste av land som er n\u00f8dvendige for byggeplasser allerede ervervet (ca. <strong>2.585 hektar<\/strong>). Flyplassen skal \u00e5pne nei f\u00f8r <strong>2032<\/strong>i forbindelse med lanseringen av den f\u00f8rste delen av Warszawa-CPK-Sired High-Speed \u200b\u200bRailway Line.<\/p>\n<h2>Styrken til prosjektet til den nye CPK -flyplassen<\/h2>\n<p>Fra et arkitektonisk og teknisk synspunkt er det interessant \u00e5 analysere &laquo;styrkene&raquo;, det vil si de positive aspektene ved det nye prosjektet p\u00e5 CPK -flyplassen. For det f\u00f8rste, hva det er n\u00f8dvendig \u00e5 si, er hvordan dette prosjektet tar sikte p\u00e5 <strong>\u00d8k tilkoblingen mellom infrastrukturer<\/strong>med en strategisk integrasjon mellom flyplass, jernbane og veiinfrastruktur. Dette vil garantere en <strong>st\u00f8rre fluiditet<\/strong> i transport- og transittvarer og mennesker.<\/p>\n<p>F\u00f8lgelig vil CPK -flyplassen derfor tillate Polen \u00e5 plassere seg blant de viktigste logistiske og kommersielle akt\u00f8rene i Europa. Det vil derfor v\u00e6re en betydelig \u00f8kning i form av <strong>modernitet<\/strong> av hele infrastruktursystemet i Polen.<\/p>\n<div class=\"cp_wrapper cp_wrapper--fw mb-50\">\n<figure class=\"mm\"><picture class=\"img\" style=\"padding-top:50%\"><source  media=\"(min-width: 1024px)\"><source  media=\"(min-width: 768px)\"><img decoding=\"async\" loading=\"lazy\" src=\"https:\/\/nordnesrepublikken.no\/wp-content\/uploads\/2025\/06\/1750841391_889_Den-mest-moderne-flyplassen-i-Europa-vil-stige-i-Polen.jpeg\" alt=\"Bilde\" width=\"2000\" height=\"1000\"><\/source><\/source><\/picture><\/figure>\n<\/p><\/div>\n<h2>De kritiske punktene i flyplassprosjektet i Polen<\/h2>\n<p>Som ethvert Mega -prosjekt har den polske flyplassen CPK ogs\u00e5 noen kritiske problemer, som det er n\u00f8dvendig \u00e5 engasjere for \u00e5 kunne evaluere, p\u00e5 en mest mulig objektiv m\u00e5te, prosjektet. Et f\u00f8rste kritiske punkt, kanskje det viktigste, er representert av <strong>kostnader.<\/strong> Den estimerte kostnaden for flyets luft- og jernbaneelementer er omtrent <strong>131 milliarder polske z\u0142oty (PLN)<\/strong>tilsvarer omtrent <strong>30,4 milliarder euro<\/strong>. Prosjektet er et av <strong>St\u00f8rre infrastrukturinvesteringer i Europa<\/strong>.<\/p>\n<p>Selv om de fleste av midlene vil stamme fra l\u00e5n som den polske regjeringen vil be lokale og utenlandske banker og private investorer, er muligheten til \u00e5 vite hvordan de skal tiltrekke seg disse langvarige investorene avgj\u00f8rende. Politisk ustabilitet hjelper ikke alltid. Flyplassen og jernbanenettet m\u00e5 ogs\u00e5  <strong>generere tilstrekkelig inntekt<\/strong> For \u00e5 dekke driftskostnader og tilbakebetale investeringen. Dette avhenger mye fra <strong>Passasjer- og varetrafikkprognoser<\/strong>som m\u00e5 v\u00e6re realistisk og ikke overvurdert.<\/p>\n<p>Et annet element \u00e5 vurdere er at det \u00e5 relatere til<strong>milj\u00f8p\u00e5virkning<\/strong>. Selv om det er designet med tanke p\u00e5 b\u00e6rekraft, som ethvert Mega -prosjekt, vil CPK flyplass ogs\u00e5 f\u00f8re til en viss innflytelse p\u00e5 omgivelsene, og dette vil bli evaluert n\u00f8ye.<\/p>\n<\/p><\/div>\n","protected":false},"excerpt":{"rendered":"<p>De Centralny Port Komunikacyjny (CPK)eller &laquo;sentral kommunikasjonshavn&raquo;, er den ambisi\u00f8se infrastrukturen Mega-Project of the Future<\/p>\n","protected":false},"author":1,"featured_media":6221,"comment_status":"closed","ping_status":"open","sticky":false,"template":"","format":"standard","meta":{"footnotes":""},"categories":[24],"tags":[123,74,66,642,1614,167,3130,3908,818,2537,149],"class_list":["post-6220","post","type-post","status-publish","format-standard","has-post-thumbnail","hentry","category-vitenskap","tag-blir","tag-den","tag-det","tag-europa","tag-flyplassen","tag-mest","tag-moderne","tag-polen","tag-slik","tag-stige","tag-vil","generate-columns","tablet-grid-50","mobile-grid-100","grid-parent","grid-33","resize-featured-image"],"yoast_head":"<!-- This site is optimized with the Yoast SEO plugin v24.4 - https:\/\/yoast.com\/wordpress\/plugins\/seo\/ -->\n<title>Den mest moderne flyplassen i Europa vil stige i Polen: Slik blir det - Nordnesrepublikken<\/title>\n<meta name=\"robots\" content=\"index, follow, max-snippet:-1, max-image-preview:large, max-video-preview:-1\" \/>\n<link rel=\"canonical\" href=\"https:\/\/nordnesrepublikken.no\/index.php\/2025\/06\/25\/den-mest-moderne-flyplassen-i-europa-vil-stige-i-polen-slik-blir-det\/\" \/>\n<meta property=\"og:locale\" content=\"nb_NO\" \/>\n<meta property=\"og:type\" content=\"article\" \/>\n<meta property=\"og:title\" content=\"Den mest moderne flyplassen i Europa vil stige i Polen: Slik blir det - Nordnesrepublikken\" \/>\n<meta property=\"og:description\" content=\"De Centralny Port Komunikacyjny (CPK)eller &laquo;sentral kommunikasjonshavn&raquo;, er den ambisi\u00f8se infrastrukturen Mega-Project of the Future\" \/>\n<meta property=\"og:url\" content=\"https:\/\/nordnesrepublikken.no\/index.php\/2025\/06\/25\/den-mest-moderne-flyplassen-i-europa-vil-stige-i-polen-slik-blir-det\/\" \/>\n<meta property=\"og:site_name\" content=\"Nordnesrepublikken\" \/>\n<meta property=\"article:published_time\" content=\"2025-06-25T08:49:51+00:00\" \/>\n<meta property=\"article:modified_time\" content=\"2025-06-25T08:49:52+00:00\" \/>\n<meta property=\"og:image\" content=\"https:\/\/nordnesrepublikken.no\/wp-content\/uploads\/2025\/06\/1750841391_Den-mest-moderne-flyplassen-i-Europa-vil-stige-i-Polen.jpeg\" \/>\n\t<meta property=\"og:image:width\" content=\"2000\" \/>\n\t<meta property=\"og:image:height\" content=\"1000\" \/>\n\t<meta property=\"og:image:type\" content=\"image\/jpeg\" \/>\n<meta name=\"author\" content=\"Ole Andersen\" \/>\n<meta name=\"twitter:card\" content=\"summary_large_image\" \/>\n<meta name=\"twitter:label1\" content=\"Skrevet av\" \/>\n\t<meta name=\"twitter:data1\" content=\"Ole Andersen\" \/>\n\t<meta name=\"twitter:label2\" content=\"Ansl. lesetid\" \/>\n\t<meta name=\"twitter:data2\" content=\"3 minutter\" \/>\n<script type=\"application\/ld+json\" class=\"yoast-schema-graph\">{\"@context\":\"https:\/\/schema.org\",\"@graph\":[{\"@type\":\"Article\",\"@id\":\"https:\/\/nordnesrepublikken.no\/index.php\/2025\/06\/25\/den-mest-moderne-flyplassen-i-europa-vil-stige-i-polen-slik-blir-det\/#article\",\"isPartOf\":{\"@id\":\"https:\/\/nordnesrepublikken.no\/index.php\/2025\/06\/25\/den-mest-moderne-flyplassen-i-europa-vil-stige-i-polen-slik-blir-det\/\"},\"author\":{\"name\":\"Ole Andersen\",\"@id\":\"https:\/\/nordnesrepublikken.no\/#\/schema\/person\/2e7e81935bab77882fffb79296240ff1\"},\"headline\":\"Den mest moderne flyplassen i Europa vil stige i Polen: Slik blir det\",\"datePublished\":\"2025-06-25T08:49:51+00:00\",\"dateModified\":\"2025-06-25T08:49:52+00:00\",\"mainEntityOfPage\":{\"@id\":\"https:\/\/nordnesrepublikken.no\/index.php\/2025\/06\/25\/den-mest-moderne-flyplassen-i-europa-vil-stige-i-polen-slik-blir-det\/\"},\"wordCount\":709,\"publisher\":{\"@id\":\"https:\/\/nordnesrepublikken.no\/#organization\"},\"image\":{\"@id\":\"https:\/\/nordnesrepublikken.no\/index.php\/2025\/06\/25\/den-mest-moderne-flyplassen-i-europa-vil-stige-i-polen-slik-blir-det\/#primaryimage\"},\"thumbnailUrl\":\"https:\/\/nordnesrepublikken.no\/wp-content\/uploads\/2025\/06\/1750841391_Den-mest-moderne-flyplassen-i-Europa-vil-stige-i-Polen.jpeg\",\"keywords\":[\"blir\",\"den\",\"Det\",\"Europa\",\"flyplassen\",\"mest\",\"moderne\",\"Polen\",\"Slik\",\"stige\",\"vil\"],\"articleSection\":[\"Vitenskap\"],\"inLanguage\":\"nb-NO\"},{\"@type\":\"WebPage\",\"@id\":\"https:\/\/nordnesrepublikken.no\/index.php\/2025\/06\/25\/den-mest-moderne-flyplassen-i-europa-vil-stige-i-polen-slik-blir-det\/\",\"url\":\"https:\/\/nordnesrepublikken.no\/index.php\/2025\/06\/25\/den-mest-moderne-flyplassen-i-europa-vil-stige-i-polen-slik-blir-det\/\",\"name\":\"Den mest moderne flyplassen i Europa vil stige i Polen: Slik blir det - Nordnesrepublikken\",\"isPartOf\":{\"@id\":\"https:\/\/nordnesrepublikken.no\/#website\"},\"primaryImageOfPage\":{\"@id\":\"https:\/\/nordnesrepublikken.no\/index.php\/2025\/06\/25\/den-mest-moderne-flyplassen-i-europa-vil-stige-i-polen-slik-blir-det\/#primaryimage\"},\"image\":{\"@id\":\"https:\/\/nordnesrepublikken.no\/index.php\/2025\/06\/25\/den-mest-moderne-flyplassen-i-europa-vil-stige-i-polen-slik-blir-det\/#primaryimage\"},\"thumbnailUrl\":\"https:\/\/nordnesrepublikken.no\/wp-content\/uploads\/2025\/06\/1750841391_Den-mest-moderne-flyplassen-i-Europa-vil-stige-i-Polen.jpeg\",\"datePublished\":\"2025-06-25T08:49:51+00:00\",\"dateModified\":\"2025-06-25T08:49:52+00:00\",\"breadcrumb\":{\"@id\":\"https:\/\/nordnesrepublikken.no\/index.php\/2025\/06\/25\/den-mest-moderne-flyplassen-i-europa-vil-stige-i-polen-slik-blir-det\/#breadcrumb\"},\"inLanguage\":\"nb-NO\",\"potentialAction\":[{\"@type\":\"ReadAction\",\"target\":[\"https:\/\/nordnesrepublikken.no\/index.php\/2025\/06\/25\/den-mest-moderne-flyplassen-i-europa-vil-stige-i-polen-slik-blir-det\/\"]}]},{\"@type\":\"ImageObject\",\"inLanguage\":\"nb-NO\",\"@id\":\"https:\/\/nordnesrepublikken.no\/index.php\/2025\/06\/25\/den-mest-moderne-flyplassen-i-europa-vil-stige-i-polen-slik-blir-det\/#primaryimage\",\"url\":\"https:\/\/nordnesrepublikken.no\/wp-content\/uploads\/2025\/06\/1750841391_Den-mest-moderne-flyplassen-i-Europa-vil-stige-i-Polen.jpeg\",\"contentUrl\":\"https:\/\/nordnesrepublikken.no\/wp-content\/uploads\/2025\/06\/1750841391_Den-mest-moderne-flyplassen-i-Europa-vil-stige-i-Polen.jpeg\",\"width\":2000,\"height\":1000,\"caption\":\"Immagine\"},{\"@type\":\"BreadcrumbList\",\"@id\":\"https:\/\/nordnesrepublikken.no\/index.php\/2025\/06\/25\/den-mest-moderne-flyplassen-i-europa-vil-stige-i-polen-slik-blir-det\/#breadcrumb\",\"itemListElement\":[{\"@type\":\"ListItem\",\"position\":1,\"name\":\"Home\",\"item\":\"https:\/\/nordnesrepublikken.no\/\"},{\"@type\":\"ListItem\",\"position\":2,\"name\":\"Den mest moderne flyplassen i Europa vil stige i Polen: Slik blir det\"}]},{\"@type\":\"WebSite\",\"@id\":\"https:\/\/nordnesrepublikken.no\/#website\",\"url\":\"https:\/\/nordnesrepublikken.no\/\",\"name\":\"Nordnesrepublikken\",\"description\":\"Stemmer og Visjoner fra Republikkens Hjerte\",\"publisher\":{\"@id\":\"https:\/\/nordnesrepublikken.no\/#organization\"},\"potentialAction\":[{\"@type\":\"SearchAction\",\"target\":{\"@type\":\"EntryPoint\",\"urlTemplate\":\"https:\/\/nordnesrepublikken.no\/?s={search_term_string}\"},\"query-input\":{\"@type\":\"PropertyValueSpecification\",\"valueRequired\":true,\"valueName\":\"search_term_string\"}}],\"inLanguage\":\"nb-NO\"},{\"@type\":\"Organization\",\"@id\":\"https:\/\/nordnesrepublikken.no\/#organization\",\"name\":\"Nordnesrepublikken\",\"url\":\"https:\/\/nordnesrepublikken.no\/\",\"logo\":{\"@type\":\"ImageObject\",\"inLanguage\":\"nb-NO\",\"@id\":\"https:\/\/nordnesrepublikken.no\/#\/schema\/logo\/image\/\",\"url\":\"https:\/\/nordnesrepublikken.no\/wp-content\/uploads\/2025\/02\/cropped-nordnesrepublikken-2.png\",\"contentUrl\":\"https:\/\/nordnesrepublikken.no\/wp-content\/uploads\/2025\/02\/cropped-nordnesrepublikken-2.png\",\"width\":1248,\"height\":362,\"caption\":\"Nordnesrepublikken\"},\"image\":{\"@id\":\"https:\/\/nordnesrepublikken.no\/#\/schema\/logo\/image\/\"}},{\"@type\":\"Person\",\"@id\":\"https:\/\/nordnesrepublikken.no\/#\/schema\/person\/2e7e81935bab77882fffb79296240ff1\",\"name\":\"Ole Andersen\",\"image\":{\"@type\":\"ImageObject\",\"inLanguage\":\"nb-NO\",\"@id\":\"https:\/\/nordnesrepublikken.no\/#\/schema\/person\/image\/\",\"url\":\"https:\/\/nordnesrepublikken.no\/wp-content\/uploads\/2025\/02\/nordnesrepublikken-2-2-150x150.jpg\",\"contentUrl\":\"https:\/\/nordnesrepublikken.no\/wp-content\/uploads\/2025\/02\/nordnesrepublikken-2-2-150x150.jpg\",\"caption\":\"Ole Andersen\"},\"description\":\"Ettersom jeg vokste opp i Oslo, har jeg alltid v\u00e6rt fascinert av ordenes kraft og deres evne til \u00e5 skape endringer. Etter \u00e5 ha fullf\u00f8rt min utdannelse i kommunikasjon ved Universitetet i Bergen, fikk jeg muligheten til \u00e5 jobbe innen ulike medier, der jeg har s\u00f8kt \u00e5 belyse viktige samfunnssp\u00f8rsm\u00e5l. I dag, som redakt\u00f8r for Nordnesrepublikken, pr\u00f8ver jeg \u00e5 forene min kj\u00e6rlighet for journalistikk med min lidenskap for innovasjon og eventyr.\",\"sameAs\":[\"https:\/\/nordnesrepublikken.no\/\"]}]}<\/script>\n<!-- \/ Yoast SEO plugin. -->","yoast_head_json":{"title":"Den mest moderne flyplassen i Europa vil stige i Polen: Slik blir det - Nordnesrepublikken","robots":{"index":"index","follow":"follow","max-snippet":"max-snippet:-1","max-image-preview":"max-image-preview:large","max-video-preview":"max-video-preview:-1"},"canonical":"https:\/\/nordnesrepublikken.no\/index.php\/2025\/06\/25\/den-mest-moderne-flyplassen-i-europa-vil-stige-i-polen-slik-blir-det\/","og_locale":"nb_NO","og_type":"article","og_title":"Den mest moderne flyplassen i Europa vil stige i Polen: Slik blir det - Nordnesrepublikken","og_description":"De Centralny Port Komunikacyjny (CPK)eller &laquo;sentral kommunikasjonshavn&raquo;, er den ambisi\u00f8se infrastrukturen Mega-Project of the Future","og_url":"https:\/\/nordnesrepublikken.no\/index.php\/2025\/06\/25\/den-mest-moderne-flyplassen-i-europa-vil-stige-i-polen-slik-blir-det\/","og_site_name":"Nordnesrepublikken","article_published_time":"2025-06-25T08:49:51+00:00","article_modified_time":"2025-06-25T08:49:52+00:00","og_image":[{"width":2000,"height":1000,"url":"https:\/\/nordnesrepublikken.no\/wp-content\/uploads\/2025\/06\/1750841391_Den-mest-moderne-flyplassen-i-Europa-vil-stige-i-Polen.jpeg","type":"image\/jpeg"}],"author":"Ole Andersen","twitter_card":"summary_large_image","twitter_misc":{"Skrevet av":"Ole Andersen","Ansl. lesetid":"3 minutter"},"schema":{"@context":"https:\/\/schema.org","@graph":[{"@type":"Article","@id":"https:\/\/nordnesrepublikken.no\/index.php\/2025\/06\/25\/den-mest-moderne-flyplassen-i-europa-vil-stige-i-polen-slik-blir-det\/#article","isPartOf":{"@id":"https:\/\/nordnesrepublikken.no\/index.php\/2025\/06\/25\/den-mest-moderne-flyplassen-i-europa-vil-stige-i-polen-slik-blir-det\/"},"author":{"name":"Ole Andersen","@id":"https:\/\/nordnesrepublikken.no\/#\/schema\/person\/2e7e81935bab77882fffb79296240ff1"},"headline":"Den mest moderne flyplassen i Europa vil stige i Polen: Slik blir det","datePublished":"2025-06-25T08:49:51+00:00","dateModified":"2025-06-25T08:49:52+00:00","mainEntityOfPage":{"@id":"https:\/\/nordnesrepublikken.no\/index.php\/2025\/06\/25\/den-mest-moderne-flyplassen-i-europa-vil-stige-i-polen-slik-blir-det\/"},"wordCount":709,"publisher":{"@id":"https:\/\/nordnesrepublikken.no\/#organization"},"image":{"@id":"https:\/\/nordnesrepublikken.no\/index.php\/2025\/06\/25\/den-mest-moderne-flyplassen-i-europa-vil-stige-i-polen-slik-blir-det\/#primaryimage"},"thumbnailUrl":"https:\/\/nordnesrepublikken.no\/wp-content\/uploads\/2025\/06\/1750841391_Den-mest-moderne-flyplassen-i-Europa-vil-stige-i-Polen.jpeg","keywords":["blir","den","Det","Europa","flyplassen","mest","moderne","Polen","Slik","stige","vil"],"articleSection":["Vitenskap"],"inLanguage":"nb-NO"},{"@type":"WebPage","@id":"https:\/\/nordnesrepublikken.no\/index.php\/2025\/06\/25\/den-mest-moderne-flyplassen-i-europa-vil-stige-i-polen-slik-blir-det\/","url":"https:\/\/nordnesrepublikken.no\/index.php\/2025\/06\/25\/den-mest-moderne-flyplassen-i-europa-vil-stige-i-polen-slik-blir-det\/","name":"Den mest moderne flyplassen i Europa vil stige i Polen: Slik blir det - Nordnesrepublikken","isPartOf":{"@id":"https:\/\/nordnesrepublikken.no\/#website"},"primaryImageOfPage":{"@id":"https:\/\/nordnesrepublikken.no\/index.php\/2025\/06\/25\/den-mest-moderne-flyplassen-i-europa-vil-stige-i-polen-slik-blir-det\/#primaryimage"},"image":{"@id":"https:\/\/nordnesrepublikken.no\/index.php\/2025\/06\/25\/den-mest-moderne-flyplassen-i-europa-vil-stige-i-polen-slik-blir-det\/#primaryimage"},"thumbnailUrl":"https:\/\/nordnesrepublikken.no\/wp-content\/uploads\/2025\/06\/1750841391_Den-mest-moderne-flyplassen-i-Europa-vil-stige-i-Polen.jpeg","datePublished":"2025-06-25T08:49:51+00:00","dateModified":"2025-06-25T08:49:52+00:00","breadcrumb":{"@id":"https:\/\/nordnesrepublikken.no\/index.php\/2025\/06\/25\/den-mest-moderne-flyplassen-i-europa-vil-stige-i-polen-slik-blir-det\/#breadcrumb"},"inLanguage":"nb-NO","potentialAction":[{"@type":"ReadAction","target":["https:\/\/nordnesrepublikken.no\/index.php\/2025\/06\/25\/den-mest-moderne-flyplassen-i-europa-vil-stige-i-polen-slik-blir-det\/"]}]},{"@type":"ImageObject","inLanguage":"nb-NO","@id":"https:\/\/nordnesrepublikken.no\/index.php\/2025\/06\/25\/den-mest-moderne-flyplassen-i-europa-vil-stige-i-polen-slik-blir-det\/#primaryimage","url":"https:\/\/nordnesrepublikken.no\/wp-content\/uploads\/2025\/06\/1750841391_Den-mest-moderne-flyplassen-i-Europa-vil-stige-i-Polen.jpeg","contentUrl":"https:\/\/nordnesrepublikken.no\/wp-content\/uploads\/2025\/06\/1750841391_Den-mest-moderne-flyplassen-i-Europa-vil-stige-i-Polen.jpeg","width":2000,"height":1000,"caption":"Immagine"},{"@type":"BreadcrumbList","@id":"https:\/\/nordnesrepublikken.no\/index.php\/2025\/06\/25\/den-mest-moderne-flyplassen-i-europa-vil-stige-i-polen-slik-blir-det\/#breadcrumb","itemListElement":[{"@type":"ListItem","position":1,"name":"Home","item":"https:\/\/nordnesrepublikken.no\/"},{"@type":"ListItem","position":2,"name":"Den mest moderne flyplassen i Europa vil stige i Polen: Slik blir det"}]},{"@type":"WebSite","@id":"https:\/\/nordnesrepublikken.no\/#website","url":"https:\/\/nordnesrepublikken.no\/","name":"Nordnesrepublikken","description":"Stemmer og Visjoner fra Republikkens Hjerte","publisher":{"@id":"https:\/\/nordnesrepublikken.no\/#organization"},"potentialAction":[{"@type":"SearchAction","target":{"@type":"EntryPoint","urlTemplate":"https:\/\/nordnesrepublikken.no\/?s={search_term_string}"},"query-input":{"@type":"PropertyValueSpecification","valueRequired":true,"valueName":"search_term_string"}}],"inLanguage":"nb-NO"},{"@type":"Organization","@id":"https:\/\/nordnesrepublikken.no\/#organization","name":"Nordnesrepublikken","url":"https:\/\/nordnesrepublikken.no\/","logo":{"@type":"ImageObject","inLanguage":"nb-NO","@id":"https:\/\/nordnesrepublikken.no\/#\/schema\/logo\/image\/","url":"https:\/\/nordnesrepublikken.no\/wp-content\/uploads\/2025\/02\/cropped-nordnesrepublikken-2.png","contentUrl":"https:\/\/nordnesrepublikken.no\/wp-content\/uploads\/2025\/02\/cropped-nordnesrepublikken-2.png","width":1248,"height":362,"caption":"Nordnesrepublikken"},"image":{"@id":"https:\/\/nordnesrepublikken.no\/#\/schema\/logo\/image\/"}},{"@type":"Person","@id":"https:\/\/nordnesrepublikken.no\/#\/schema\/person\/2e7e81935bab77882fffb79296240ff1","name":"Ole Andersen","image":{"@type":"ImageObject","inLanguage":"nb-NO","@id":"https:\/\/nordnesrepublikken.no\/#\/schema\/person\/image\/","url":"https:\/\/nordnesrepublikken.no\/wp-content\/uploads\/2025\/02\/nordnesrepublikken-2-2-150x150.jpg","contentUrl":"https:\/\/nordnesrepublikken.no\/wp-content\/uploads\/2025\/02\/nordnesrepublikken-2-2-150x150.jpg","caption":"Ole Andersen"},"description":"Ettersom jeg vokste opp i Oslo, har jeg alltid v\u00e6rt fascinert av ordenes kraft og deres evne til \u00e5 skape endringer. Etter \u00e5 ha fullf\u00f8rt min utdannelse i kommunikasjon ved Universitetet i Bergen, fikk jeg muligheten til \u00e5 jobbe innen ulike medier, der jeg har s\u00f8kt \u00e5 belyse viktige samfunnssp\u00f8rsm\u00e5l. I dag, som redakt\u00f8r for Nordnesrepublikken, pr\u00f8ver jeg \u00e5 forene min kj\u00e6rlighet for journalistikk med min lidenskap for innovasjon og eventyr.","sameAs":["https:\/\/nordnesrepublikken.no\/"]}]}},"_links":{"self":[{"href":"https:\/\/nordnesrepublikken.no\/index.php\/wp-json\/wp\/v2\/posts\/6220","targetHints":{"allow":["GET"]}}],"collection":[{"href":"https:\/\/nordnesrepublikken.no\/index.php\/wp-json\/wp\/v2\/posts"}],"about":[{"href":"https:\/\/nordnesrepublikken.no\/index.php\/wp-json\/wp\/v2\/types\/post"}],"author":[{"embeddable":true,"href":"https:\/\/nordnesrepublikken.no\/index.php\/wp-json\/wp\/v2\/users\/1"}],"replies":[{"embeddable":true,"href":"https:\/\/nordnesrepublikken.no\/index.php\/wp-json\/wp\/v2\/comments?post=6220"}],"version-history":[{"count":1,"href":"https:\/\/nordnesrepublikken.no\/index.php\/wp-json\/wp\/v2\/posts\/6220\/revisions"}],"predecessor-version":[{"id":6222,"href":"https:\/\/nordnesrepublikken.no\/index.php\/wp-json\/wp\/v2\/posts\/6220\/revisions\/6222"}],"wp:featuredmedia":[{"embeddable":true,"href":"https:\/\/nordnesrepublikken.no\/index.php\/wp-json\/wp\/v2\/media\/6221"}],"wp:attachment":[{"href":"https:\/\/nordnesrepublikken.no\/index.php\/wp-json\/wp\/v2\/media?parent=6220"}],"wp:term":[{"taxonomy":"category","embeddable":true,"href":"https:\/\/nordnesrepublikken.no\/index.php\/wp-json\/wp\/v2\/categories?post=6220"},{"taxonomy":"post_tag","embeddable":true,"href":"https:\/\/nordnesrepublikken.no\/index.php\/wp-json\/wp\/v2\/tags?post=6220"}],"curies":[{"name":"wp","href":"https:\/\/api.w.org\/{rel}","templated":true}]}}