{"id":6217,"date":"2025-06-25T07:50:10","date_gmt":"2025-06-25T05:50:10","guid":{"rendered":"https:\/\/nordnesrepublikken.no\/index.php\/2025\/06\/25\/den-sanne-historien-om-benjaman-kyle-mannen-fant-uten-minne-som-ingen-kjente-igjen\/"},"modified":"2025-06-25T07:50:14","modified_gmt":"2025-06-25T05:50:14","slug":"den-sanne-historien-om-benjaman-kyle-mannen-fant-uten-minne-som-ingen-kjente-igjen","status":"publish","type":"post","link":"https:\/\/nordnesrepublikken.no\/index.php\/2025\/06\/25\/den-sanne-historien-om-benjaman-kyle-mannen-fant-uten-minne-som-ingen-kjente-igjen\/","title":{"rendered":"Den sanne historien om Benjaman Kyle, mannen fant uten minne som ingen kjente igjen"},"content":{"rendered":"<div>\n<div class=\"cp_wrapper cp_wrapper--fw mb-30 mb-20@tablet\">\n<figure class=\"mm\"><picture class=\"img\" style=\"padding-top:56.25%\"><source  media=\"(min-width: 1024px)\"><source  media=\"(min-width: 768px)\"><\/source><\/source><\/picture><\/figure>\n<\/p><\/div>\n<p>&laquo;Hei, jeg heter Benjaman Kyle, du vet ikke hvem jeg er, og \u00e6rlig talt heller&raquo;, med disse ordene <strong>Benjaman Kyle<\/strong>en mann funnet uten minne, naken og uten \u00e5 f\u00f8le i august 2004 i n\u00e6rheten av en burgerkonge i Georgia, lanserte en appell for<strong> ford\u00f8mme historien<\/strong>. Kyle led av <strong>Amnesia retrograd<\/strong>og husket bare noen f\u00e5 detaljer om fortiden hans, ikke nok til \u00e5 forst\u00e5 identiteten hans. Denne mannen<strong> Han levde i elleve \u00e5r i total anonymitet<\/strong>uten at noen ford\u00f8mmer forsvinningen hans eller at han var i stand til \u00e5 spore fortiden sin. Nettopp av denne grunn bestemte han seg for \u00e5 adoptere pseudonymet til Benjaman Kyle: i <strong>2015<\/strong>takket v\u00e6re en serie med n\u00f8yaktig <strong>genetiske tester<\/strong>var det endelig mulig \u00e5 rekonstruere hans sanne identitet. Hans virkelige navn er <strong>William Burgess Powell<\/strong>men av personvernhensyn har mennesket bestemt seg for ikke \u00e5 avsl\u00f8re flere detaljer.<\/p>\n<h2>Benjaman Kyle&#8217;s oppdagelse<\/h2>\n<p>Er <strong>31. august 2004<\/strong>og er de tidlige timene om morgenen a <strong>Richmond Hill<\/strong>i Georgia (USA). En 65 \u00e5r gammel mann finnes i n\u00e6rheten <strong>Men det husker ikke noe<\/strong>: Ikke navnet hans, ikke da han kom dit, kjenner ikke en gang ansiktet hans. <strong>Amnesia retrograd<\/strong>sier legene. Fra de f\u00f8rste testene som ble utf\u00f8rt, finnes tre hull i skallen, kanskje for\u00e5rsaket av et slag, men den forst\u00e5r ikke mye mer, og har en gr\u00e5 st\u00e6r for begge \u00f8yne, kanskje p\u00e5 grunn av en lang eksponering for solen, under besvimelsen.<\/p>\n<blockquote>\n<p>&laquo;Hei, jeg heter Benjaman Kyle, du vet ikke at jeg er, og helt \u00e6rlig, i Do I&raquo;<\/p>\n<p>&laquo;Hei, jeg heter Benjaman Kyle, du vet ikke hvem jeg er, og \u00e6rlig talt enten&raquo;<\/p>\n<\/blockquote>\n<p>Ingen har det <strong>Hans forsvinning rapporterte<\/strong>: Den det er, ser ut til \u00e5 komme fra ingenting. <strong>Det er ingen ledetr\u00e5der<\/strong> I n\u00e6rheten av Burger King, og heller ikke flere detaljer som kan hjelpe politiet med \u00e5 finne ut hvem denne mannen er: han blir derfor innledningsvis kalt &laquo;<strong>Bk<\/strong>\u201d, Fordi funnet i n\u00e6rheten av Burger King, blir initialer som deretter blir det fiktive navnet som bestemmer seg for \u00e5 ta, <strong>Benjaman Kyle<\/strong>.<\/p>\n<h2>Unders\u00f8kelser for \u00e5 finne ut hvem den mystiske mannen er<\/h2>\n<p>Sakte begynner noe minne \u00e5 dukke opp: Benjaman <strong>Anta at han ble f\u00f8dt 29. august 1948<\/strong>\u00c5 ha to eller tre br\u00f8dre, men kan ikke gi informasjon, har vage minner fra Denver og Indianapolis, hevder \u00e5 ha bodd i Boulder p\u00e5 70 -tallet. I tillegg husker han at han hadde v\u00e6rt p\u00e5 biblioteket ved University of Colorado, men han kan ikke si om han studerte der, og han snakker ogs\u00e5 om en stol som ble sett p\u00e5 biblioteket. Han snakker ogs\u00e5 om magasiner &laquo;<em>Restaurant og institusjoner<\/em>&laquo;Og han siterer en restaurant i Boulder: Disse dataene f\u00e5r ham til \u00e5 tro at de har jobbet med catering, <strong>Men minnene hans stopper p\u00e5 midten av 1980 -tallet<\/strong>.<\/p>\n<p>F\u00e5 og forvirrede elementer, ikke nok til \u00e5 spore et bilde som gj\u00f8r det mulig \u00e5 spore opprinnelsen. Lingvister er ogs\u00e5 involvert som hevder at hans vekt kan blandes mellom den av <strong>Nord for Indiana og Oklahoma<\/strong>men igjen er ikke informasjonen nok til \u00e5 formulere hypoteser om hvem Benjaman Kyle egentlig er.<\/p>\n<p>Uten et identitetsdokument og uten forsikring blir Benjaman satt inn i <strong>John Doe -database<\/strong>  &#8211; fiktivt navn som er tildelt menn hvis <strong>Identitet er ukjent<\/strong> &#8211; Men det er vanskelig for ham \u00e5 gj\u00f8re opp for livet, samt \u00e5 f\u00e5 medisinsk hjelp uten forsikring. Tiden g\u00e5r, e <strong>Ingen hevder Benjamans forsvinning<\/strong>.<\/p>\n<h2>Benjaman Kyle, mot erobringen av ekte identitet<\/h2>\n<p>I <strong>2012<\/strong>\u00c5tte \u00e5r etter Kyle&#8217;s Discovery, <strong>John Wikstr\u00f6m<\/strong>en student ved University of Florida, dedikerer kortfilmen til Chance<strong><em>  Finne Benjaman<\/em><\/strong>som ogs\u00e5 vil bli presentert for <strong>Cannes Film Festival <\/strong>og al <strong>Tribeca Film Festival. <\/strong><\/p>\n<p>Det er en mulighet for <strong>ford\u00f8mme historien om Benjaman<\/strong>som i det \u00f8yeblikket levde som en <strong>hjeml\u00f8s<\/strong>: Kortfilmen klarer \u00e5 tiltrekke blikket fra opinionen, og en lokal gr\u00fcnder bestemmer seg for \u00e5 tilby mennesket en jobb, noe som vil f\u00f8re til at han har et hjem. Senatoren i Florida <strong>Mike Weinstein <\/strong>Han vil ogs\u00e5 kunne skaffe ham et midlertidig identitetsdokument.<\/p>\n<p>Takket v\u00e6re den oppn\u00e5dde synligheten n\u00e5r historien opp til et team av forskere som takler <strong>Rettsmedisinske slektsforskning<\/strong> Og i 2015, takket v\u00e6re en <strong>Serie genetiske tester<\/strong>Benjaman er identifisert: hans virkelige navn er <strong>William Burgess Powell<\/strong>men mannen bestemmer seg for ikke \u00e5 spre andre data av personvern og \u00e5 beskytte familien.<\/p>\n<\/p><\/div>\n","protected":false},"excerpt":{"rendered":"<p>&laquo;Hei, jeg heter Benjaman Kyle, du vet ikke hvem jeg er, og \u00e6rlig talt heller&raquo;,<\/p>\n","protected":false},"author":1,"featured_media":6218,"comment_status":"closed","ping_status":"open","sticky":false,"template":"","format":"standard","meta":{"footnotes":""},"categories":[104],"tags":[3906,74,1521,521,1215,141,1099,3907,978,1050,1129,31,684],"class_list":["post-6217","post","type-post","status-publish","format-standard","has-post-thumbnail","hentry","category-samfunn","tag-benjaman","tag-den","tag-fant","tag-historien","tag-igjen","tag-ingen","tag-kjente","tag-kyle","tag-mannen","tag-minne","tag-sanne","tag-som","tag-uten","generate-columns","tablet-grid-50","mobile-grid-100","grid-parent","grid-33","resize-featured-image"],"yoast_head":"<!-- This site is optimized with the Yoast SEO plugin v24.4 - https:\/\/yoast.com\/wordpress\/plugins\/seo\/ -->\n<title>Den sanne historien om Benjaman Kyle, mannen fant uten minne som ingen kjente igjen - Nordnesrepublikken<\/title>\n<meta name=\"robots\" content=\"index, follow, max-snippet:-1, max-image-preview:large, max-video-preview:-1\" \/>\n<link rel=\"canonical\" href=\"https:\/\/nordnesrepublikken.no\/index.php\/2025\/06\/25\/den-sanne-historien-om-benjaman-kyle-mannen-fant-uten-minne-som-ingen-kjente-igjen\/\" \/>\n<meta property=\"og:locale\" content=\"nb_NO\" \/>\n<meta property=\"og:type\" content=\"article\" \/>\n<meta property=\"og:title\" content=\"Den sanne historien om Benjaman Kyle, mannen fant uten minne som ingen kjente igjen - Nordnesrepublikken\" \/>\n<meta property=\"og:description\" content=\"&laquo;Hei, jeg heter Benjaman Kyle, du vet ikke hvem jeg er, og \u00e6rlig talt heller&raquo;,\" \/>\n<meta property=\"og:url\" content=\"https:\/\/nordnesrepublikken.no\/index.php\/2025\/06\/25\/den-sanne-historien-om-benjaman-kyle-mannen-fant-uten-minne-som-ingen-kjente-igjen\/\" \/>\n<meta property=\"og:site_name\" content=\"Nordnesrepublikken\" \/>\n<meta property=\"article:published_time\" content=\"2025-06-25T05:50:10+00:00\" \/>\n<meta property=\"article:modified_time\" content=\"2025-06-25T05:50:14+00:00\" \/>\n<meta property=\"og:image\" content=\"https:\/\/nordnesrepublikken.no\/wp-content\/uploads\/2025\/06\/1750830610_Den-sanne-historien-om-Benjaman-Kyle-mannen-fant-uten-minne.jpg\" \/>\n\t<meta property=\"og:image:width\" content=\"1890\" \/>\n\t<meta property=\"og:image:height\" content=\"1063\" \/>\n\t<meta property=\"og:image:type\" content=\"image\/jpeg\" \/>\n<meta name=\"author\" content=\"Ole Andersen\" \/>\n<meta name=\"twitter:card\" content=\"summary_large_image\" \/>\n<meta name=\"twitter:label1\" content=\"Skrevet av\" \/>\n\t<meta name=\"twitter:data1\" content=\"Ole Andersen\" \/>\n\t<meta name=\"twitter:label2\" content=\"Ansl. lesetid\" \/>\n\t<meta name=\"twitter:data2\" content=\"4 minutter\" \/>\n<script type=\"application\/ld+json\" class=\"yoast-schema-graph\">{\"@context\":\"https:\/\/schema.org\",\"@graph\":[{\"@type\":\"Article\",\"@id\":\"https:\/\/nordnesrepublikken.no\/index.php\/2025\/06\/25\/den-sanne-historien-om-benjaman-kyle-mannen-fant-uten-minne-som-ingen-kjente-igjen\/#article\",\"isPartOf\":{\"@id\":\"https:\/\/nordnesrepublikken.no\/index.php\/2025\/06\/25\/den-sanne-historien-om-benjaman-kyle-mannen-fant-uten-minne-som-ingen-kjente-igjen\/\"},\"author\":{\"name\":\"Ole Andersen\",\"@id\":\"https:\/\/nordnesrepublikken.no\/#\/schema\/person\/2e7e81935bab77882fffb79296240ff1\"},\"headline\":\"Den sanne historien om Benjaman Kyle, mannen fant uten minne som ingen kjente igjen\",\"datePublished\":\"2025-06-25T05:50:10+00:00\",\"dateModified\":\"2025-06-25T05:50:14+00:00\",\"mainEntityOfPage\":{\"@id\":\"https:\/\/nordnesrepublikken.no\/index.php\/2025\/06\/25\/den-sanne-historien-om-benjaman-kyle-mannen-fant-uten-minne-som-ingen-kjente-igjen\/\"},\"wordCount\":729,\"publisher\":{\"@id\":\"https:\/\/nordnesrepublikken.no\/#organization\"},\"image\":{\"@id\":\"https:\/\/nordnesrepublikken.no\/index.php\/2025\/06\/25\/den-sanne-historien-om-benjaman-kyle-mannen-fant-uten-minne-som-ingen-kjente-igjen\/#primaryimage\"},\"thumbnailUrl\":\"https:\/\/nordnesrepublikken.no\/wp-content\/uploads\/2025\/06\/1750830610_Den-sanne-historien-om-Benjaman-Kyle-mannen-fant-uten-minne.jpg\",\"keywords\":[\"Benjaman\",\"den\",\"fant\",\"Historien\",\"igjen\",\"ingen\",\"kjente\",\"Kyle\",\"mannen\",\"minne\",\"sanne\",\"som\",\"uten\"],\"articleSection\":[\"Samfunn\"],\"inLanguage\":\"nb-NO\"},{\"@type\":\"WebPage\",\"@id\":\"https:\/\/nordnesrepublikken.no\/index.php\/2025\/06\/25\/den-sanne-historien-om-benjaman-kyle-mannen-fant-uten-minne-som-ingen-kjente-igjen\/\",\"url\":\"https:\/\/nordnesrepublikken.no\/index.php\/2025\/06\/25\/den-sanne-historien-om-benjaman-kyle-mannen-fant-uten-minne-som-ingen-kjente-igjen\/\",\"name\":\"Den sanne historien om Benjaman Kyle, mannen fant uten minne som ingen kjente igjen - Nordnesrepublikken\",\"isPartOf\":{\"@id\":\"https:\/\/nordnesrepublikken.no\/#website\"},\"primaryImageOfPage\":{\"@id\":\"https:\/\/nordnesrepublikken.no\/index.php\/2025\/06\/25\/den-sanne-historien-om-benjaman-kyle-mannen-fant-uten-minne-som-ingen-kjente-igjen\/#primaryimage\"},\"image\":{\"@id\":\"https:\/\/nordnesrepublikken.no\/index.php\/2025\/06\/25\/den-sanne-historien-om-benjaman-kyle-mannen-fant-uten-minne-som-ingen-kjente-igjen\/#primaryimage\"},\"thumbnailUrl\":\"https:\/\/nordnesrepublikken.no\/wp-content\/uploads\/2025\/06\/1750830610_Den-sanne-historien-om-Benjaman-Kyle-mannen-fant-uten-minne.jpg\",\"datePublished\":\"2025-06-25T05:50:10+00:00\",\"dateModified\":\"2025-06-25T05:50:14+00:00\",\"breadcrumb\":{\"@id\":\"https:\/\/nordnesrepublikken.no\/index.php\/2025\/06\/25\/den-sanne-historien-om-benjaman-kyle-mannen-fant-uten-minne-som-ingen-kjente-igjen\/#breadcrumb\"},\"inLanguage\":\"nb-NO\",\"potentialAction\":[{\"@type\":\"ReadAction\",\"target\":[\"https:\/\/nordnesrepublikken.no\/index.php\/2025\/06\/25\/den-sanne-historien-om-benjaman-kyle-mannen-fant-uten-minne-som-ingen-kjente-igjen\/\"]}]},{\"@type\":\"ImageObject\",\"inLanguage\":\"nb-NO\",\"@id\":\"https:\/\/nordnesrepublikken.no\/index.php\/2025\/06\/25\/den-sanne-historien-om-benjaman-kyle-mannen-fant-uten-minne-som-ingen-kjente-igjen\/#primaryimage\",\"url\":\"https:\/\/nordnesrepublikken.no\/wp-content\/uploads\/2025\/06\/1750830610_Den-sanne-historien-om-Benjaman-Kyle-mannen-fant-uten-minne.jpg\",\"contentUrl\":\"https:\/\/nordnesrepublikken.no\/wp-content\/uploads\/2025\/06\/1750830610_Den-sanne-historien-om-Benjaman-Kyle-mannen-fant-uten-minne.jpg\",\"width\":1890,\"height\":1063,\"caption\":\"benjamin kyle\"},{\"@type\":\"BreadcrumbList\",\"@id\":\"https:\/\/nordnesrepublikken.no\/index.php\/2025\/06\/25\/den-sanne-historien-om-benjaman-kyle-mannen-fant-uten-minne-som-ingen-kjente-igjen\/#breadcrumb\",\"itemListElement\":[{\"@type\":\"ListItem\",\"position\":1,\"name\":\"Home\",\"item\":\"https:\/\/nordnesrepublikken.no\/\"},{\"@type\":\"ListItem\",\"position\":2,\"name\":\"Den sanne historien om Benjaman Kyle, mannen fant uten minne som ingen kjente igjen\"}]},{\"@type\":\"WebSite\",\"@id\":\"https:\/\/nordnesrepublikken.no\/#website\",\"url\":\"https:\/\/nordnesrepublikken.no\/\",\"name\":\"Nordnesrepublikken\",\"description\":\"Stemmer og Visjoner fra Republikkens Hjerte\",\"publisher\":{\"@id\":\"https:\/\/nordnesrepublikken.no\/#organization\"},\"potentialAction\":[{\"@type\":\"SearchAction\",\"target\":{\"@type\":\"EntryPoint\",\"urlTemplate\":\"https:\/\/nordnesrepublikken.no\/?s={search_term_string}\"},\"query-input\":{\"@type\":\"PropertyValueSpecification\",\"valueRequired\":true,\"valueName\":\"search_term_string\"}}],\"inLanguage\":\"nb-NO\"},{\"@type\":\"Organization\",\"@id\":\"https:\/\/nordnesrepublikken.no\/#organization\",\"name\":\"Nordnesrepublikken\",\"url\":\"https:\/\/nordnesrepublikken.no\/\",\"logo\":{\"@type\":\"ImageObject\",\"inLanguage\":\"nb-NO\",\"@id\":\"https:\/\/nordnesrepublikken.no\/#\/schema\/logo\/image\/\",\"url\":\"https:\/\/nordnesrepublikken.no\/wp-content\/uploads\/2025\/02\/cropped-nordnesrepublikken-2.png\",\"contentUrl\":\"https:\/\/nordnesrepublikken.no\/wp-content\/uploads\/2025\/02\/cropped-nordnesrepublikken-2.png\",\"width\":1248,\"height\":362,\"caption\":\"Nordnesrepublikken\"},\"image\":{\"@id\":\"https:\/\/nordnesrepublikken.no\/#\/schema\/logo\/image\/\"}},{\"@type\":\"Person\",\"@id\":\"https:\/\/nordnesrepublikken.no\/#\/schema\/person\/2e7e81935bab77882fffb79296240ff1\",\"name\":\"Ole Andersen\",\"image\":{\"@type\":\"ImageObject\",\"inLanguage\":\"nb-NO\",\"@id\":\"https:\/\/nordnesrepublikken.no\/#\/schema\/person\/image\/\",\"url\":\"https:\/\/nordnesrepublikken.no\/wp-content\/uploads\/2025\/02\/nordnesrepublikken-2-2-150x150.jpg\",\"contentUrl\":\"https:\/\/nordnesrepublikken.no\/wp-content\/uploads\/2025\/02\/nordnesrepublikken-2-2-150x150.jpg\",\"caption\":\"Ole Andersen\"},\"description\":\"Ettersom jeg vokste opp i Oslo, har jeg alltid v\u00e6rt fascinert av ordenes kraft og deres evne til \u00e5 skape endringer. Etter \u00e5 ha fullf\u00f8rt min utdannelse i kommunikasjon ved Universitetet i Bergen, fikk jeg muligheten til \u00e5 jobbe innen ulike medier, der jeg har s\u00f8kt \u00e5 belyse viktige samfunnssp\u00f8rsm\u00e5l. I dag, som redakt\u00f8r for Nordnesrepublikken, pr\u00f8ver jeg \u00e5 forene min kj\u00e6rlighet for journalistikk med min lidenskap for innovasjon og eventyr.\",\"sameAs\":[\"https:\/\/nordnesrepublikken.no\/\"]}]}<\/script>\n<!-- \/ Yoast SEO plugin. -->","yoast_head_json":{"title":"Den sanne historien om Benjaman Kyle, mannen fant uten minne som ingen kjente igjen - Nordnesrepublikken","robots":{"index":"index","follow":"follow","max-snippet":"max-snippet:-1","max-image-preview":"max-image-preview:large","max-video-preview":"max-video-preview:-1"},"canonical":"https:\/\/nordnesrepublikken.no\/index.php\/2025\/06\/25\/den-sanne-historien-om-benjaman-kyle-mannen-fant-uten-minne-som-ingen-kjente-igjen\/","og_locale":"nb_NO","og_type":"article","og_title":"Den sanne historien om Benjaman Kyle, mannen fant uten minne som ingen kjente igjen - Nordnesrepublikken","og_description":"&laquo;Hei, jeg heter Benjaman Kyle, du vet ikke hvem jeg er, og \u00e6rlig talt heller&raquo;,","og_url":"https:\/\/nordnesrepublikken.no\/index.php\/2025\/06\/25\/den-sanne-historien-om-benjaman-kyle-mannen-fant-uten-minne-som-ingen-kjente-igjen\/","og_site_name":"Nordnesrepublikken","article_published_time":"2025-06-25T05:50:10+00:00","article_modified_time":"2025-06-25T05:50:14+00:00","og_image":[{"width":1890,"height":1063,"url":"https:\/\/nordnesrepublikken.no\/wp-content\/uploads\/2025\/06\/1750830610_Den-sanne-historien-om-Benjaman-Kyle-mannen-fant-uten-minne.jpg","type":"image\/jpeg"}],"author":"Ole Andersen","twitter_card":"summary_large_image","twitter_misc":{"Skrevet av":"Ole Andersen","Ansl. lesetid":"4 minutter"},"schema":{"@context":"https:\/\/schema.org","@graph":[{"@type":"Article","@id":"https:\/\/nordnesrepublikken.no\/index.php\/2025\/06\/25\/den-sanne-historien-om-benjaman-kyle-mannen-fant-uten-minne-som-ingen-kjente-igjen\/#article","isPartOf":{"@id":"https:\/\/nordnesrepublikken.no\/index.php\/2025\/06\/25\/den-sanne-historien-om-benjaman-kyle-mannen-fant-uten-minne-som-ingen-kjente-igjen\/"},"author":{"name":"Ole Andersen","@id":"https:\/\/nordnesrepublikken.no\/#\/schema\/person\/2e7e81935bab77882fffb79296240ff1"},"headline":"Den sanne historien om Benjaman Kyle, mannen fant uten minne som ingen kjente igjen","datePublished":"2025-06-25T05:50:10+00:00","dateModified":"2025-06-25T05:50:14+00:00","mainEntityOfPage":{"@id":"https:\/\/nordnesrepublikken.no\/index.php\/2025\/06\/25\/den-sanne-historien-om-benjaman-kyle-mannen-fant-uten-minne-som-ingen-kjente-igjen\/"},"wordCount":729,"publisher":{"@id":"https:\/\/nordnesrepublikken.no\/#organization"},"image":{"@id":"https:\/\/nordnesrepublikken.no\/index.php\/2025\/06\/25\/den-sanne-historien-om-benjaman-kyle-mannen-fant-uten-minne-som-ingen-kjente-igjen\/#primaryimage"},"thumbnailUrl":"https:\/\/nordnesrepublikken.no\/wp-content\/uploads\/2025\/06\/1750830610_Den-sanne-historien-om-Benjaman-Kyle-mannen-fant-uten-minne.jpg","keywords":["Benjaman","den","fant","Historien","igjen","ingen","kjente","Kyle","mannen","minne","sanne","som","uten"],"articleSection":["Samfunn"],"inLanguage":"nb-NO"},{"@type":"WebPage","@id":"https:\/\/nordnesrepublikken.no\/index.php\/2025\/06\/25\/den-sanne-historien-om-benjaman-kyle-mannen-fant-uten-minne-som-ingen-kjente-igjen\/","url":"https:\/\/nordnesrepublikken.no\/index.php\/2025\/06\/25\/den-sanne-historien-om-benjaman-kyle-mannen-fant-uten-minne-som-ingen-kjente-igjen\/","name":"Den sanne historien om Benjaman Kyle, mannen fant uten minne som ingen kjente igjen - Nordnesrepublikken","isPartOf":{"@id":"https:\/\/nordnesrepublikken.no\/#website"},"primaryImageOfPage":{"@id":"https:\/\/nordnesrepublikken.no\/index.php\/2025\/06\/25\/den-sanne-historien-om-benjaman-kyle-mannen-fant-uten-minne-som-ingen-kjente-igjen\/#primaryimage"},"image":{"@id":"https:\/\/nordnesrepublikken.no\/index.php\/2025\/06\/25\/den-sanne-historien-om-benjaman-kyle-mannen-fant-uten-minne-som-ingen-kjente-igjen\/#primaryimage"},"thumbnailUrl":"https:\/\/nordnesrepublikken.no\/wp-content\/uploads\/2025\/06\/1750830610_Den-sanne-historien-om-Benjaman-Kyle-mannen-fant-uten-minne.jpg","datePublished":"2025-06-25T05:50:10+00:00","dateModified":"2025-06-25T05:50:14+00:00","breadcrumb":{"@id":"https:\/\/nordnesrepublikken.no\/index.php\/2025\/06\/25\/den-sanne-historien-om-benjaman-kyle-mannen-fant-uten-minne-som-ingen-kjente-igjen\/#breadcrumb"},"inLanguage":"nb-NO","potentialAction":[{"@type":"ReadAction","target":["https:\/\/nordnesrepublikken.no\/index.php\/2025\/06\/25\/den-sanne-historien-om-benjaman-kyle-mannen-fant-uten-minne-som-ingen-kjente-igjen\/"]}]},{"@type":"ImageObject","inLanguage":"nb-NO","@id":"https:\/\/nordnesrepublikken.no\/index.php\/2025\/06\/25\/den-sanne-historien-om-benjaman-kyle-mannen-fant-uten-minne-som-ingen-kjente-igjen\/#primaryimage","url":"https:\/\/nordnesrepublikken.no\/wp-content\/uploads\/2025\/06\/1750830610_Den-sanne-historien-om-Benjaman-Kyle-mannen-fant-uten-minne.jpg","contentUrl":"https:\/\/nordnesrepublikken.no\/wp-content\/uploads\/2025\/06\/1750830610_Den-sanne-historien-om-Benjaman-Kyle-mannen-fant-uten-minne.jpg","width":1890,"height":1063,"caption":"benjamin kyle"},{"@type":"BreadcrumbList","@id":"https:\/\/nordnesrepublikken.no\/index.php\/2025\/06\/25\/den-sanne-historien-om-benjaman-kyle-mannen-fant-uten-minne-som-ingen-kjente-igjen\/#breadcrumb","itemListElement":[{"@type":"ListItem","position":1,"name":"Home","item":"https:\/\/nordnesrepublikken.no\/"},{"@type":"ListItem","position":2,"name":"Den sanne historien om Benjaman Kyle, mannen fant uten minne som ingen kjente igjen"}]},{"@type":"WebSite","@id":"https:\/\/nordnesrepublikken.no\/#website","url":"https:\/\/nordnesrepublikken.no\/","name":"Nordnesrepublikken","description":"Stemmer og Visjoner fra Republikkens Hjerte","publisher":{"@id":"https:\/\/nordnesrepublikken.no\/#organization"},"potentialAction":[{"@type":"SearchAction","target":{"@type":"EntryPoint","urlTemplate":"https:\/\/nordnesrepublikken.no\/?s={search_term_string}"},"query-input":{"@type":"PropertyValueSpecification","valueRequired":true,"valueName":"search_term_string"}}],"inLanguage":"nb-NO"},{"@type":"Organization","@id":"https:\/\/nordnesrepublikken.no\/#organization","name":"Nordnesrepublikken","url":"https:\/\/nordnesrepublikken.no\/","logo":{"@type":"ImageObject","inLanguage":"nb-NO","@id":"https:\/\/nordnesrepublikken.no\/#\/schema\/logo\/image\/","url":"https:\/\/nordnesrepublikken.no\/wp-content\/uploads\/2025\/02\/cropped-nordnesrepublikken-2.png","contentUrl":"https:\/\/nordnesrepublikken.no\/wp-content\/uploads\/2025\/02\/cropped-nordnesrepublikken-2.png","width":1248,"height":362,"caption":"Nordnesrepublikken"},"image":{"@id":"https:\/\/nordnesrepublikken.no\/#\/schema\/logo\/image\/"}},{"@type":"Person","@id":"https:\/\/nordnesrepublikken.no\/#\/schema\/person\/2e7e81935bab77882fffb79296240ff1","name":"Ole Andersen","image":{"@type":"ImageObject","inLanguage":"nb-NO","@id":"https:\/\/nordnesrepublikken.no\/#\/schema\/person\/image\/","url":"https:\/\/nordnesrepublikken.no\/wp-content\/uploads\/2025\/02\/nordnesrepublikken-2-2-150x150.jpg","contentUrl":"https:\/\/nordnesrepublikken.no\/wp-content\/uploads\/2025\/02\/nordnesrepublikken-2-2-150x150.jpg","caption":"Ole Andersen"},"description":"Ettersom jeg vokste opp i Oslo, har jeg alltid v\u00e6rt fascinert av ordenes kraft og deres evne til \u00e5 skape endringer. Etter \u00e5 ha fullf\u00f8rt min utdannelse i kommunikasjon ved Universitetet i Bergen, fikk jeg muligheten til \u00e5 jobbe innen ulike medier, der jeg har s\u00f8kt \u00e5 belyse viktige samfunnssp\u00f8rsm\u00e5l. I dag, som redakt\u00f8r for Nordnesrepublikken, pr\u00f8ver jeg \u00e5 forene min kj\u00e6rlighet for journalistikk med min lidenskap for innovasjon og eventyr.","sameAs":["https:\/\/nordnesrepublikken.no\/"]}]}},"_links":{"self":[{"href":"https:\/\/nordnesrepublikken.no\/index.php\/wp-json\/wp\/v2\/posts\/6217","targetHints":{"allow":["GET"]}}],"collection":[{"href":"https:\/\/nordnesrepublikken.no\/index.php\/wp-json\/wp\/v2\/posts"}],"about":[{"href":"https:\/\/nordnesrepublikken.no\/index.php\/wp-json\/wp\/v2\/types\/post"}],"author":[{"embeddable":true,"href":"https:\/\/nordnesrepublikken.no\/index.php\/wp-json\/wp\/v2\/users\/1"}],"replies":[{"embeddable":true,"href":"https:\/\/nordnesrepublikken.no\/index.php\/wp-json\/wp\/v2\/comments?post=6217"}],"version-history":[{"count":1,"href":"https:\/\/nordnesrepublikken.no\/index.php\/wp-json\/wp\/v2\/posts\/6217\/revisions"}],"predecessor-version":[{"id":6219,"href":"https:\/\/nordnesrepublikken.no\/index.php\/wp-json\/wp\/v2\/posts\/6217\/revisions\/6219"}],"wp:featuredmedia":[{"embeddable":true,"href":"https:\/\/nordnesrepublikken.no\/index.php\/wp-json\/wp\/v2\/media\/6218"}],"wp:attachment":[{"href":"https:\/\/nordnesrepublikken.no\/index.php\/wp-json\/wp\/v2\/media?parent=6217"}],"wp:term":[{"taxonomy":"category","embeddable":true,"href":"https:\/\/nordnesrepublikken.no\/index.php\/wp-json\/wp\/v2\/categories?post=6217"},{"taxonomy":"post_tag","embeddable":true,"href":"https:\/\/nordnesrepublikken.no\/index.php\/wp-json\/wp\/v2\/tags?post=6217"}],"curies":[{"name":"wp","href":"https:\/\/api.w.org\/{rel}","templated":true}]}}