{"id":6211,"date":"2025-06-25T02:49:47","date_gmt":"2025-06-25T00:49:47","guid":{"rendered":"https:\/\/nordnesrepublikken.no\/index.php\/2025\/06\/25\/er-det-virkelig-tredje-verdenskrig-i-stykker\/"},"modified":"2025-06-25T02:49:49","modified_gmt":"2025-06-25T00:49:49","slug":"er-det-virkelig-tredje-verdenskrig-i-stykker","status":"publish","type":"post","link":"https:\/\/nordnesrepublikken.no\/index.php\/2025\/06\/25\/er-det-virkelig-tredje-verdenskrig-i-stykker\/","title":{"rendered":"Er det virkelig &laquo;tredje verdenskrig i stykker&raquo;?"},"content":{"rendered":"<div>\n<div class=\"cp_wrapper cp_wrapper--fw mb-30 mb-20@tablet\">\n<figure class=\"mm\"><picture class=\"img\" style=\"padding-top:56.25%\"><source  media=\"(min-width: 1024px)\"><source  media=\"(min-width: 768px)\"><\/source><\/source><\/picture><\/figure>\n<\/p><\/div>\n<div class=\"fbx \">\n<div class=\"fbx__content\">\n<p>\t\t\tDu ser p\u00e5 <strong>Geopolitix<\/strong> Ikke g\u00e5 glipp av annet innhold av <span>Geopop<\/span>\n\t\t<\/p>\n<\/p><\/div>\n<div class=\"fbx__image\">\n<picture class=\"img  img--static-mode \">\n<p>  <img decoding=\"async\" loading=\"lazy\" src=\"https:\/\/nordnesrepublikken.no\/wp-content\/uploads\/2025\/04\/1743616212_890_Fra-forholdet-til-Europa-til-utvidelsen-pa-Gronland.jpg\" alt=\"Bilde\" width=\"1920\" height=\"1080\">\n<\/picture>\n\t<\/div>\n<\/div>\n<p>Som rapporter som<strong>Akled<\/strong> Og det <strong>IED<\/strong>for tiden i verden p\u00e5g\u00e5r <strong>56 Konflikter<\/strong> &#8211; det h\u00f8yeste antallet fra <strong>Andre verdenskrig<\/strong> &#8211; som involverer minst eller indirekte direkte eller indirekte <strong>92 land<\/strong>Inkludert Italia, og som tvang utover <strong>100 millioner mennesker<\/strong> \u00c5 migrere, b\u00e5de internt og i utlandet, for \u00e5 unnslippe vold. I l\u00f8pet av de siste fem \u00e5rene, dessuten, <strong>voldelige episoder eller hendelser<\/strong> assosiert med konfliktsituasjoner har nesten doblet seg og passert fra over 104 000 i 2020 a <strong>Nesten 200 000 i 2024<\/strong> (hvorav halvparten representert av bombeangrep). Disse hendelsene har for\u00e5rsaket <strong>Over 233 000 d\u00f8dsfall<\/strong> bare <strong>2024<\/strong>en aktelse som dessverre mest sannsynlig er nedover. Situasjonen er s\u00e5 prek\u00e6r at i \u00e5revis forskjellige analytikere og mennesker som er viktige, for eksempel paven, snakker om en <strong>&laquo;Tredje verdenskrig i stykker&raquo;<\/strong>. I <strong>video<\/strong> Over og mer i sammendraget, i den f\u00f8lgende artikkelen, lager vi en <strong>Oversikt over situasjonen<\/strong>.<\/p>\n<div class=\"cp_wrapper cp_wrapper--fw mb-50\">\n<figure class=\"mm\"><picture class=\"img\" style=\"padding-top:56.510416666667%\"><source  media=\"(min-width: 1024px)\"><source  media=\"(min-width: 768px)\"><img decoding=\"async\" loading=\"lazy\" src=\"https:\/\/nordnesrepublikken.no\/wp-content\/uploads\/2025\/06\/1750812587_581_Er-det-virkelig-tredje-verdenskrig-i-stykker.jpg\" alt=\"56 kriger som p\u00e5g\u00e5r i verden\" width=\"1920\" height=\"1085\"><\/source><\/source><\/picture><\/figure>\n<\/p><\/div>\n<h2>\u00c5rsakene til n\u00e5v\u00e6rende kriger<\/h2>\n<p>\u00c5rsakene til opptrapping av vold i verden og progressiv <strong>militarisering<\/strong> av mange stater er manifold, men to n\u00f8kkelelementer er representert av <strong>teknologiske endringer<\/strong> og fra \u00f8kningen i <strong>Global geopolitisk konkurranse<\/strong>. Milit\u00e6r bruk av teknologier som jeg <strong>droner<\/strong> &#8211; vokst utover <strong>1.400%<\/strong> Siden 2018 &#8211; og improviserte eksplosive enheter har gjort det enklere og billigere for ikke -statlige grupper \u00e5 utf\u00f8re betydelige angrep. I Jemen, for eksempel oppr\u00f8rerne <strong>Houthi<\/strong> De brukte disse teknologiene for \u00e5 utfordre st\u00f8rre krefter som USA og deres allierte, men bruken av lignende verkt\u00f8y er tydelig i <strong>Russisk-ukrainsk konflikt<\/strong>.<\/p>\n<p>Parallelt, overgangen fra en unipolar verden, dominert av USA, til en <strong>Multipolar verden<\/strong> Han bidro til spredning av konflikter. Der <strong>Relativ svakhet i USA<\/strong>deres interne divisjoner, deres manglende evne til \u00e5 gripe inn i forskjellige skiver, har faktisk tillatt v\u00e6pnede land og grupper som tidligere aldri ville v\u00e6re risikabelt \u00e5 flytte, \u00e5 aktivere og flytte krig eller angripe andre stater eller andre regionale realiteter. Ogs\u00e5 krefter som som <strong>Kina<\/strong>, <strong>Russland<\/strong> Og <strong>T\u00fcrkiye<\/strong>bare for \u00e5 nevne noen, pr\u00f8ver de i \u00f8kende grad \u00e5 p\u00e5virke omr\u00e5der som er ber\u00f8rt av konflikter for \u00e5 pr\u00f8ve \u00e5 skape sine egne <strong>nettverk av stadig mer omfattende allianser<\/strong>. Samtidig,<strong>EU<\/strong>fredens emblem etter andre verdenskrig, virker det <strong>Kan ikke projisere din innflytelse<\/strong> for \u00e5 forhindre eller stoppe kriger.<\/p>\n<h2>De viktigste konfliktene som p\u00e5g\u00e5r i verden<\/h2>\n<p>Blant de viktigste n\u00e5v\u00e6rende konfliktene finner vi <strong>krig i<\/strong> <strong>Palestina<\/strong>hvor det siden 2023 har v\u00e6rt <strong>Over 50 000 ofre<\/strong>spesielt i Gazastripen. <strong>Israel<\/strong> intensiverte bruken av makt som svar p\u00e5 angrep av <strong>Hamas<\/strong>tar sikte p\u00e5 \u00e5 styrke sin milit\u00e6re stilling i Midt -\u00d8sten og svekke regionale fiender, inkludert <strong>Hizbollah<\/strong> el &#8216;<strong>Iran<\/strong>. Sistnevnte er i en prek\u00e6r situasjon, b\u00e5de internt og internasjonalt forverret av den nylige regimendringen i <strong>Syria<\/strong>som s\u00e5 fallet av Bashar al-Assad. I juni 2025 resulterte krisen i Midt -\u00d8sten i \u00e5pningen av en ny krigsfront mellom Israel og Iran, som begynte med en <strong>Luftangrep av Israel i Iran<\/strong> der kjernefysiske steder ble rammet av den erkl\u00e6rte motivasjonen for \u00e5 stoppe det iranske atomprogrammet for \u00e5 forhindre en mulig utvikling av kjernefysiske apparater av det islamske landet. USA gikk ogs\u00e5 inn i denne konflikten til st\u00f8tte for Israel med bombing rettet mot iranske atomm\u00e5l.<\/p>\n<p>I <strong>Ukraina<\/strong>konflikten er n\u00e5 i det tredje \u00e5ret og fortsetter \u00e5 v\u00e6re <strong>den mest d\u00f8delige i verden<\/strong>. Russland vinner land for \u00e5 forhandle med USA av Trump fra en styrkeposisjon, men de fremtidige sannsynlige intervjuene er fortsatt ekstremt sammensatte.<\/p>\n<p>I <strong>Myanmar<\/strong> Nesten 200 forskjellige v\u00e6pnede grupper er aktive, ofte knyttet til lokale etniske grupper. I <strong>Pakistan<\/strong> 2024 var et av de mest voldelige \u00e5rene det siste ti\u00e5ret, med en forverring av sikkerhet, spesielt langs grensen til<strong>Afghanistan<\/strong>. I mai 2025 var Pakistan ogs\u00e5 involvert i en serie angrep og motangrep med India, dens historiske fiende. I Afrika, regioner som <strong>Sahel<\/strong>The <strong>Sudan<\/strong> og <strong>Afrikas horn<\/strong> De er \u00e5stedet for konflikter mellom jihadistgrupper, russiske leiesoldater og andre paramilit\u00e6re enheter. I <strong>Latin -Amerika<\/strong>situasjoner med ekstrem prek\u00e6rhet vedvarer i land som <strong>Haiti<\/strong>, <strong>Venezuela<\/strong> Og <strong>Mexico<\/strong>der narkotikadegn fortsetter \u00e5 diversifisere sine ulovlige aktiviteter.<\/p>\n<h2>Fremtidige perspektiver<\/h2>\n<p>Oppsummert og for \u00e5 konkludere, er det \u00f8kende antallet konflikter og land som er involvert i sammenst\u00f8tene alarmerende. Spredning av v\u00e6pnede grupper, bruk av nye teknologier, \u00f8kningen i milit\u00e6re utgifter og geopolitisk ustabilitet \u00f8ker volden mot sivile e <strong>Risikoen for st\u00f8rste kriger er alltid h\u00f8yere <\/strong>(uten n\u00f8dvendigvis \u00e5 f\u00f8re til en tredje verdenskrig). Uten en felles innsats for fred, forblir utsiktene for fremtiden derfor dystre.<\/p>\n<\/p><\/div>\n","protected":false},"excerpt":{"rendered":"<p>Du ser p\u00e5 Geopolitix Ikke g\u00e5 glipp av annet innhold av Geopop Som rapporter somAkled<\/p>\n","protected":false},"author":1,"featured_media":6212,"comment_status":"closed","ping_status":"open","sticky":false,"template":"","format":"standard","meta":{"footnotes":""},"categories":[23],"tags":[66,3903,2096,749,227],"class_list":["post-6211","post","type-post","status-publish","format-standard","has-post-thumbnail","hentry","category-politikk","tag-det","tag-stykker","tag-tredje","tag-verdenskrig","tag-virkelig","generate-columns","tablet-grid-50","mobile-grid-100","grid-parent","grid-33","resize-featured-image"],"yoast_head":"<!-- This site is optimized with the Yoast SEO plugin v24.4 - https:\/\/yoast.com\/wordpress\/plugins\/seo\/ -->\n<title>Er det virkelig &quot;tredje verdenskrig i stykker&quot;? - Nordnesrepublikken<\/title>\n<meta name=\"robots\" content=\"index, follow, max-snippet:-1, max-image-preview:large, max-video-preview:-1\" \/>\n<link rel=\"canonical\" href=\"https:\/\/nordnesrepublikken.no\/index.php\/2025\/06\/25\/er-det-virkelig-tredje-verdenskrig-i-stykker\/\" \/>\n<meta property=\"og:locale\" content=\"nb_NO\" \/>\n<meta property=\"og:type\" content=\"article\" \/>\n<meta property=\"og:title\" content=\"Er det virkelig &quot;tredje verdenskrig i stykker&quot;? - Nordnesrepublikken\" \/>\n<meta property=\"og:description\" content=\"Du ser p\u00e5 Geopolitix Ikke g\u00e5 glipp av annet innhold av Geopop Som rapporter somAkled\" \/>\n<meta property=\"og:url\" content=\"https:\/\/nordnesrepublikken.no\/index.php\/2025\/06\/25\/er-det-virkelig-tredje-verdenskrig-i-stykker\/\" \/>\n<meta property=\"og:site_name\" content=\"Nordnesrepublikken\" \/>\n<meta property=\"article:published_time\" content=\"2025-06-25T00:49:47+00:00\" \/>\n<meta property=\"article:modified_time\" content=\"2025-06-25T00:49:49+00:00\" \/>\n<meta property=\"og:image\" content=\"https:\/\/nordnesrepublikken.no\/wp-content\/uploads\/2025\/06\/1750812588_Er-det-virkelig-tredje-verdenskrig-i-stykker.jpg\" \/>\n\t<meta property=\"og:image:width\" content=\"1280\" \/>\n\t<meta property=\"og:image:height\" content=\"720\" \/>\n\t<meta property=\"og:image:type\" content=\"image\/jpeg\" \/>\n<meta name=\"author\" content=\"Ole Andersen\" \/>\n<meta name=\"twitter:card\" content=\"summary_large_image\" \/>\n<meta name=\"twitter:label1\" content=\"Skrevet av\" \/>\n\t<meta name=\"twitter:data1\" content=\"Ole Andersen\" \/>\n\t<meta name=\"twitter:label2\" content=\"Ansl. lesetid\" \/>\n\t<meta name=\"twitter:data2\" content=\"4 minutter\" \/>\n<script type=\"application\/ld+json\" class=\"yoast-schema-graph\">{\"@context\":\"https:\/\/schema.org\",\"@graph\":[{\"@type\":\"Article\",\"@id\":\"https:\/\/nordnesrepublikken.no\/index.php\/2025\/06\/25\/er-det-virkelig-tredje-verdenskrig-i-stykker\/#article\",\"isPartOf\":{\"@id\":\"https:\/\/nordnesrepublikken.no\/index.php\/2025\/06\/25\/er-det-virkelig-tredje-verdenskrig-i-stykker\/\"},\"author\":{\"name\":\"Ole Andersen\",\"@id\":\"https:\/\/nordnesrepublikken.no\/#\/schema\/person\/2e7e81935bab77882fffb79296240ff1\"},\"headline\":\"Er det virkelig &laquo;tredje verdenskrig i stykker&raquo;?\",\"datePublished\":\"2025-06-25T00:49:47+00:00\",\"dateModified\":\"2025-06-25T00:49:49+00:00\",\"mainEntityOfPage\":{\"@id\":\"https:\/\/nordnesrepublikken.no\/index.php\/2025\/06\/25\/er-det-virkelig-tredje-verdenskrig-i-stykker\/\"},\"wordCount\":747,\"publisher\":{\"@id\":\"https:\/\/nordnesrepublikken.no\/#organization\"},\"image\":{\"@id\":\"https:\/\/nordnesrepublikken.no\/index.php\/2025\/06\/25\/er-det-virkelig-tredje-verdenskrig-i-stykker\/#primaryimage\"},\"thumbnailUrl\":\"https:\/\/nordnesrepublikken.no\/wp-content\/uploads\/2025\/06\/1750812588_Er-det-virkelig-tredje-verdenskrig-i-stykker.jpg\",\"keywords\":[\"Det\",\"stykker\",\"tredje\",\"verdenskrig\",\"virkelig\"],\"articleSection\":[\"Politikk\"],\"inLanguage\":\"nb-NO\"},{\"@type\":\"WebPage\",\"@id\":\"https:\/\/nordnesrepublikken.no\/index.php\/2025\/06\/25\/er-det-virkelig-tredje-verdenskrig-i-stykker\/\",\"url\":\"https:\/\/nordnesrepublikken.no\/index.php\/2025\/06\/25\/er-det-virkelig-tredje-verdenskrig-i-stykker\/\",\"name\":\"Er det virkelig \\\"tredje verdenskrig i stykker\\\"? - Nordnesrepublikken\",\"isPartOf\":{\"@id\":\"https:\/\/nordnesrepublikken.no\/#website\"},\"primaryImageOfPage\":{\"@id\":\"https:\/\/nordnesrepublikken.no\/index.php\/2025\/06\/25\/er-det-virkelig-tredje-verdenskrig-i-stykker\/#primaryimage\"},\"image\":{\"@id\":\"https:\/\/nordnesrepublikken.no\/index.php\/2025\/06\/25\/er-det-virkelig-tredje-verdenskrig-i-stykker\/#primaryimage\"},\"thumbnailUrl\":\"https:\/\/nordnesrepublikken.no\/wp-content\/uploads\/2025\/06\/1750812588_Er-det-virkelig-tredje-verdenskrig-i-stykker.jpg\",\"datePublished\":\"2025-06-25T00:49:47+00:00\",\"dateModified\":\"2025-06-25T00:49:49+00:00\",\"breadcrumb\":{\"@id\":\"https:\/\/nordnesrepublikken.no\/index.php\/2025\/06\/25\/er-det-virkelig-tredje-verdenskrig-i-stykker\/#breadcrumb\"},\"inLanguage\":\"nb-NO\",\"potentialAction\":[{\"@type\":\"ReadAction\",\"target\":[\"https:\/\/nordnesrepublikken.no\/index.php\/2025\/06\/25\/er-det-virkelig-tredje-verdenskrig-i-stykker\/\"]}]},{\"@type\":\"ImageObject\",\"inLanguage\":\"nb-NO\",\"@id\":\"https:\/\/nordnesrepublikken.no\/index.php\/2025\/06\/25\/er-det-virkelig-tredje-verdenskrig-i-stykker\/#primaryimage\",\"url\":\"https:\/\/nordnesrepublikken.no\/wp-content\/uploads\/2025\/06\/1750812588_Er-det-virkelig-tredje-verdenskrig-i-stykker.jpg\",\"contentUrl\":\"https:\/\/nordnesrepublikken.no\/wp-content\/uploads\/2025\/06\/1750812588_Er-det-virkelig-tredje-verdenskrig-i-stykker.jpg\",\"width\":1280,\"height\":720,\"caption\":\"56 guerre nel mondo panoramica\"},{\"@type\":\"BreadcrumbList\",\"@id\":\"https:\/\/nordnesrepublikken.no\/index.php\/2025\/06\/25\/er-det-virkelig-tredje-verdenskrig-i-stykker\/#breadcrumb\",\"itemListElement\":[{\"@type\":\"ListItem\",\"position\":1,\"name\":\"Home\",\"item\":\"https:\/\/nordnesrepublikken.no\/\"},{\"@type\":\"ListItem\",\"position\":2,\"name\":\"Er det virkelig &laquo;tredje verdenskrig i stykker&raquo;?\"}]},{\"@type\":\"WebSite\",\"@id\":\"https:\/\/nordnesrepublikken.no\/#website\",\"url\":\"https:\/\/nordnesrepublikken.no\/\",\"name\":\"Nordnesrepublikken\",\"description\":\"Stemmer og Visjoner fra Republikkens Hjerte\",\"publisher\":{\"@id\":\"https:\/\/nordnesrepublikken.no\/#organization\"},\"potentialAction\":[{\"@type\":\"SearchAction\",\"target\":{\"@type\":\"EntryPoint\",\"urlTemplate\":\"https:\/\/nordnesrepublikken.no\/?s={search_term_string}\"},\"query-input\":{\"@type\":\"PropertyValueSpecification\",\"valueRequired\":true,\"valueName\":\"search_term_string\"}}],\"inLanguage\":\"nb-NO\"},{\"@type\":\"Organization\",\"@id\":\"https:\/\/nordnesrepublikken.no\/#organization\",\"name\":\"Nordnesrepublikken\",\"url\":\"https:\/\/nordnesrepublikken.no\/\",\"logo\":{\"@type\":\"ImageObject\",\"inLanguage\":\"nb-NO\",\"@id\":\"https:\/\/nordnesrepublikken.no\/#\/schema\/logo\/image\/\",\"url\":\"https:\/\/nordnesrepublikken.no\/wp-content\/uploads\/2025\/02\/cropped-nordnesrepublikken-2.png\",\"contentUrl\":\"https:\/\/nordnesrepublikken.no\/wp-content\/uploads\/2025\/02\/cropped-nordnesrepublikken-2.png\",\"width\":1248,\"height\":362,\"caption\":\"Nordnesrepublikken\"},\"image\":{\"@id\":\"https:\/\/nordnesrepublikken.no\/#\/schema\/logo\/image\/\"}},{\"@type\":\"Person\",\"@id\":\"https:\/\/nordnesrepublikken.no\/#\/schema\/person\/2e7e81935bab77882fffb79296240ff1\",\"name\":\"Ole Andersen\",\"image\":{\"@type\":\"ImageObject\",\"inLanguage\":\"nb-NO\",\"@id\":\"https:\/\/nordnesrepublikken.no\/#\/schema\/person\/image\/\",\"url\":\"https:\/\/nordnesrepublikken.no\/wp-content\/uploads\/2025\/02\/nordnesrepublikken-2-2-150x150.jpg\",\"contentUrl\":\"https:\/\/nordnesrepublikken.no\/wp-content\/uploads\/2025\/02\/nordnesrepublikken-2-2-150x150.jpg\",\"caption\":\"Ole Andersen\"},\"description\":\"Ettersom jeg vokste opp i Oslo, har jeg alltid v\u00e6rt fascinert av ordenes kraft og deres evne til \u00e5 skape endringer. Etter \u00e5 ha fullf\u00f8rt min utdannelse i kommunikasjon ved Universitetet i Bergen, fikk jeg muligheten til \u00e5 jobbe innen ulike medier, der jeg har s\u00f8kt \u00e5 belyse viktige samfunnssp\u00f8rsm\u00e5l. I dag, som redakt\u00f8r for Nordnesrepublikken, pr\u00f8ver jeg \u00e5 forene min kj\u00e6rlighet for journalistikk med min lidenskap for innovasjon og eventyr.\",\"sameAs\":[\"https:\/\/nordnesrepublikken.no\/\"]}]}<\/script>\n<!-- \/ Yoast SEO plugin. -->","yoast_head_json":{"title":"Er det virkelig \"tredje verdenskrig i stykker\"? - Nordnesrepublikken","robots":{"index":"index","follow":"follow","max-snippet":"max-snippet:-1","max-image-preview":"max-image-preview:large","max-video-preview":"max-video-preview:-1"},"canonical":"https:\/\/nordnesrepublikken.no\/index.php\/2025\/06\/25\/er-det-virkelig-tredje-verdenskrig-i-stykker\/","og_locale":"nb_NO","og_type":"article","og_title":"Er det virkelig \"tredje verdenskrig i stykker\"? - Nordnesrepublikken","og_description":"Du ser p\u00e5 Geopolitix Ikke g\u00e5 glipp av annet innhold av Geopop Som rapporter somAkled","og_url":"https:\/\/nordnesrepublikken.no\/index.php\/2025\/06\/25\/er-det-virkelig-tredje-verdenskrig-i-stykker\/","og_site_name":"Nordnesrepublikken","article_published_time":"2025-06-25T00:49:47+00:00","article_modified_time":"2025-06-25T00:49:49+00:00","og_image":[{"width":1280,"height":720,"url":"https:\/\/nordnesrepublikken.no\/wp-content\/uploads\/2025\/06\/1750812588_Er-det-virkelig-tredje-verdenskrig-i-stykker.jpg","type":"image\/jpeg"}],"author":"Ole Andersen","twitter_card":"summary_large_image","twitter_misc":{"Skrevet av":"Ole Andersen","Ansl. lesetid":"4 minutter"},"schema":{"@context":"https:\/\/schema.org","@graph":[{"@type":"Article","@id":"https:\/\/nordnesrepublikken.no\/index.php\/2025\/06\/25\/er-det-virkelig-tredje-verdenskrig-i-stykker\/#article","isPartOf":{"@id":"https:\/\/nordnesrepublikken.no\/index.php\/2025\/06\/25\/er-det-virkelig-tredje-verdenskrig-i-stykker\/"},"author":{"name":"Ole Andersen","@id":"https:\/\/nordnesrepublikken.no\/#\/schema\/person\/2e7e81935bab77882fffb79296240ff1"},"headline":"Er det virkelig &laquo;tredje verdenskrig i stykker&raquo;?","datePublished":"2025-06-25T00:49:47+00:00","dateModified":"2025-06-25T00:49:49+00:00","mainEntityOfPage":{"@id":"https:\/\/nordnesrepublikken.no\/index.php\/2025\/06\/25\/er-det-virkelig-tredje-verdenskrig-i-stykker\/"},"wordCount":747,"publisher":{"@id":"https:\/\/nordnesrepublikken.no\/#organization"},"image":{"@id":"https:\/\/nordnesrepublikken.no\/index.php\/2025\/06\/25\/er-det-virkelig-tredje-verdenskrig-i-stykker\/#primaryimage"},"thumbnailUrl":"https:\/\/nordnesrepublikken.no\/wp-content\/uploads\/2025\/06\/1750812588_Er-det-virkelig-tredje-verdenskrig-i-stykker.jpg","keywords":["Det","stykker","tredje","verdenskrig","virkelig"],"articleSection":["Politikk"],"inLanguage":"nb-NO"},{"@type":"WebPage","@id":"https:\/\/nordnesrepublikken.no\/index.php\/2025\/06\/25\/er-det-virkelig-tredje-verdenskrig-i-stykker\/","url":"https:\/\/nordnesrepublikken.no\/index.php\/2025\/06\/25\/er-det-virkelig-tredje-verdenskrig-i-stykker\/","name":"Er det virkelig \"tredje verdenskrig i stykker\"? - Nordnesrepublikken","isPartOf":{"@id":"https:\/\/nordnesrepublikken.no\/#website"},"primaryImageOfPage":{"@id":"https:\/\/nordnesrepublikken.no\/index.php\/2025\/06\/25\/er-det-virkelig-tredje-verdenskrig-i-stykker\/#primaryimage"},"image":{"@id":"https:\/\/nordnesrepublikken.no\/index.php\/2025\/06\/25\/er-det-virkelig-tredje-verdenskrig-i-stykker\/#primaryimage"},"thumbnailUrl":"https:\/\/nordnesrepublikken.no\/wp-content\/uploads\/2025\/06\/1750812588_Er-det-virkelig-tredje-verdenskrig-i-stykker.jpg","datePublished":"2025-06-25T00:49:47+00:00","dateModified":"2025-06-25T00:49:49+00:00","breadcrumb":{"@id":"https:\/\/nordnesrepublikken.no\/index.php\/2025\/06\/25\/er-det-virkelig-tredje-verdenskrig-i-stykker\/#breadcrumb"},"inLanguage":"nb-NO","potentialAction":[{"@type":"ReadAction","target":["https:\/\/nordnesrepublikken.no\/index.php\/2025\/06\/25\/er-det-virkelig-tredje-verdenskrig-i-stykker\/"]}]},{"@type":"ImageObject","inLanguage":"nb-NO","@id":"https:\/\/nordnesrepublikken.no\/index.php\/2025\/06\/25\/er-det-virkelig-tredje-verdenskrig-i-stykker\/#primaryimage","url":"https:\/\/nordnesrepublikken.no\/wp-content\/uploads\/2025\/06\/1750812588_Er-det-virkelig-tredje-verdenskrig-i-stykker.jpg","contentUrl":"https:\/\/nordnesrepublikken.no\/wp-content\/uploads\/2025\/06\/1750812588_Er-det-virkelig-tredje-verdenskrig-i-stykker.jpg","width":1280,"height":720,"caption":"56 guerre nel mondo panoramica"},{"@type":"BreadcrumbList","@id":"https:\/\/nordnesrepublikken.no\/index.php\/2025\/06\/25\/er-det-virkelig-tredje-verdenskrig-i-stykker\/#breadcrumb","itemListElement":[{"@type":"ListItem","position":1,"name":"Home","item":"https:\/\/nordnesrepublikken.no\/"},{"@type":"ListItem","position":2,"name":"Er det virkelig &laquo;tredje verdenskrig i stykker&raquo;?"}]},{"@type":"WebSite","@id":"https:\/\/nordnesrepublikken.no\/#website","url":"https:\/\/nordnesrepublikken.no\/","name":"Nordnesrepublikken","description":"Stemmer og Visjoner fra Republikkens Hjerte","publisher":{"@id":"https:\/\/nordnesrepublikken.no\/#organization"},"potentialAction":[{"@type":"SearchAction","target":{"@type":"EntryPoint","urlTemplate":"https:\/\/nordnesrepublikken.no\/?s={search_term_string}"},"query-input":{"@type":"PropertyValueSpecification","valueRequired":true,"valueName":"search_term_string"}}],"inLanguage":"nb-NO"},{"@type":"Organization","@id":"https:\/\/nordnesrepublikken.no\/#organization","name":"Nordnesrepublikken","url":"https:\/\/nordnesrepublikken.no\/","logo":{"@type":"ImageObject","inLanguage":"nb-NO","@id":"https:\/\/nordnesrepublikken.no\/#\/schema\/logo\/image\/","url":"https:\/\/nordnesrepublikken.no\/wp-content\/uploads\/2025\/02\/cropped-nordnesrepublikken-2.png","contentUrl":"https:\/\/nordnesrepublikken.no\/wp-content\/uploads\/2025\/02\/cropped-nordnesrepublikken-2.png","width":1248,"height":362,"caption":"Nordnesrepublikken"},"image":{"@id":"https:\/\/nordnesrepublikken.no\/#\/schema\/logo\/image\/"}},{"@type":"Person","@id":"https:\/\/nordnesrepublikken.no\/#\/schema\/person\/2e7e81935bab77882fffb79296240ff1","name":"Ole Andersen","image":{"@type":"ImageObject","inLanguage":"nb-NO","@id":"https:\/\/nordnesrepublikken.no\/#\/schema\/person\/image\/","url":"https:\/\/nordnesrepublikken.no\/wp-content\/uploads\/2025\/02\/nordnesrepublikken-2-2-150x150.jpg","contentUrl":"https:\/\/nordnesrepublikken.no\/wp-content\/uploads\/2025\/02\/nordnesrepublikken-2-2-150x150.jpg","caption":"Ole Andersen"},"description":"Ettersom jeg vokste opp i Oslo, har jeg alltid v\u00e6rt fascinert av ordenes kraft og deres evne til \u00e5 skape endringer. Etter \u00e5 ha fullf\u00f8rt min utdannelse i kommunikasjon ved Universitetet i Bergen, fikk jeg muligheten til \u00e5 jobbe innen ulike medier, der jeg har s\u00f8kt \u00e5 belyse viktige samfunnssp\u00f8rsm\u00e5l. I dag, som redakt\u00f8r for Nordnesrepublikken, pr\u00f8ver jeg \u00e5 forene min kj\u00e6rlighet for journalistikk med min lidenskap for innovasjon og eventyr.","sameAs":["https:\/\/nordnesrepublikken.no\/"]}]}},"_links":{"self":[{"href":"https:\/\/nordnesrepublikken.no\/index.php\/wp-json\/wp\/v2\/posts\/6211","targetHints":{"allow":["GET"]}}],"collection":[{"href":"https:\/\/nordnesrepublikken.no\/index.php\/wp-json\/wp\/v2\/posts"}],"about":[{"href":"https:\/\/nordnesrepublikken.no\/index.php\/wp-json\/wp\/v2\/types\/post"}],"author":[{"embeddable":true,"href":"https:\/\/nordnesrepublikken.no\/index.php\/wp-json\/wp\/v2\/users\/1"}],"replies":[{"embeddable":true,"href":"https:\/\/nordnesrepublikken.no\/index.php\/wp-json\/wp\/v2\/comments?post=6211"}],"version-history":[{"count":1,"href":"https:\/\/nordnesrepublikken.no\/index.php\/wp-json\/wp\/v2\/posts\/6211\/revisions"}],"predecessor-version":[{"id":6213,"href":"https:\/\/nordnesrepublikken.no\/index.php\/wp-json\/wp\/v2\/posts\/6211\/revisions\/6213"}],"wp:featuredmedia":[{"embeddable":true,"href":"https:\/\/nordnesrepublikken.no\/index.php\/wp-json\/wp\/v2\/media\/6212"}],"wp:attachment":[{"href":"https:\/\/nordnesrepublikken.no\/index.php\/wp-json\/wp\/v2\/media?parent=6211"}],"wp:term":[{"taxonomy":"category","embeddable":true,"href":"https:\/\/nordnesrepublikken.no\/index.php\/wp-json\/wp\/v2\/categories?post=6211"},{"taxonomy":"post_tag","embeddable":true,"href":"https:\/\/nordnesrepublikken.no\/index.php\/wp-json\/wp\/v2\/tags?post=6211"}],"curies":[{"name":"wp","href":"https:\/\/api.w.org\/{rel}","templated":true}]}}