{"id":6205,"date":"2025-06-24T23:50:40","date_gmt":"2025-06-24T21:50:40","guid":{"rendered":"https:\/\/nordnesrepublikken.no\/index.php\/2025\/06\/24\/easyjet-streik-for-a-begynne-denne-uken\/"},"modified":"2025-06-24T23:50:42","modified_gmt":"2025-06-24T21:50:42","slug":"easyjet-streik-for-a-begynne-denne-uken","status":"publish","type":"post","link":"https:\/\/nordnesrepublikken.no\/index.php\/2025\/06\/24\/easyjet-streik-for-a-begynne-denne-uken\/","title":{"rendered":"EasyJet streik for \u00e5 begynne denne uken"},"content":{"rendered":"<p><\/p>\n<div class=\"wordpress-content\">\n                    <!-- Article Start --><\/p>\n<p class=\"p1\"><b>Passasjerer som flyr med EasyJet blir advart om betydelige forstyrrelser n\u00e5r kabinpersonalet over Spania forbereder seg p\u00e5 \u00e5 sette i gang en tre-dagers streik som begynner onsdag 25. juni. Den industrielle aksjonen, organisert av USO Union, skal etter planen vare til fredag \u200b\u200b27. juni. Streiken stammer fra p\u00e5g\u00e5ende tvister om l\u00f8nns- og arbeidsvilk\u00e5r, med fagforeningsrepresentanter som sier at personalet krever mer rettferdig l\u00f8nn og forbedret behandling.<\/b><\/p>\n<p class=\"p1\">Walkout forventes \u00e5 p\u00e5virke flyreiser til og fra spanske flyplasser, spesielt store som Barcelona, \u200b\u200bMadrid, M\u00e1laga og Palma de Mallorca. EasyJet har enn\u00e5 ikke bekreftet antall avbestillinger eller forsinkelser, men passasjerer blir anbefalt \u00e5 sjekke flystatusen deres regelmessig og forberede seg p\u00e5 potensielle endringer.<\/p>\n<p class=\"p1\">I en uttalelse tidligere denne m\u00e5neden sa USO -unionen at forhandlingene ikke hadde oppn\u00e5dd en tilfredsstillende avtale, og etterlot personalet &laquo;ikke noe valg&raquo;, men \u00e5 eskalere kravene deres gjennom industriell handling. Forbundet har tidligere fremhevet l\u00f8nnsforskjeller mellom spanskbasert mannskap og deres kolleger i andre europeiske land.<\/p>\n<div class=\"sra_unit\"><link rel=\"stylesheet\" id=\"block-sra\" href=\"https:\/\/euroweeklynews.com\/wp-content\/plugins\/snack-related-articles\/dist\/css\/snack-related.min.css?250312-193541\" type=\"text\/css\" media=\"all\">\n<\/div>\n<p class=\"p1\">I henhold til EU -forordning EC 261\/2004, kan passasjerer som er ber\u00f8rt av forsinkelser eller kanselleringer ha rett til kompensasjon, refusjon eller ombookalternativer. EasyJet har sagt at den vil kontakte p\u00e5virkede reisende direkte. Streiken er en del av en bredere trend med arbeids uro i Europas luftfartssektor i sommer, da arbeidere presser tilbake mot stagnerende l\u00f8nninger midt i \u00f8kende levekostnader.<\/p>\n<p class=\"p1\">Passasjerer som planlegger \u00e5 reise i l\u00f8pet av streikeperioden blir oppfordret til \u00e5 overv\u00e5ke EasyJets nettsted og app for sanntidsoppdateringer og for \u00e5 gi ekstra tid p\u00e5 flyplassen.<\/p>\n<p class=\"p1\">Flyselskapet har enn\u00e5 ikke indikert om ytterligere streikeaksjoner kan f\u00f8lge hvis tvisten forblir ul\u00f8st<\/p>\n<p>                    <!-- Article End --><\/p><\/div>\n","protected":false},"excerpt":{"rendered":"<p>Passasjerer som flyr med EasyJet blir advart om betydelige forstyrrelser n\u00e5r kabinpersonalet over Spania forbereder<\/p>\n","protected":false},"author":1,"featured_media":6206,"comment_status":"closed","ping_status":"open","sticky":false,"template":"","format":"standard","meta":{"footnotes":""},"categories":[105],"tags":[3898,1717,416,806,3899],"class_list":["post-6205","post","type-post","status-publish","format-standard","has-post-thumbnail","hentry","category-livsstil","tag-begynne","tag-denne","tag-easyjet","tag-streik","tag-uken","generate-columns","tablet-grid-50","mobile-grid-100","grid-parent","grid-33","resize-featured-image"],"yoast_head":"<!-- This site is optimized with the Yoast SEO plugin v24.4 - https:\/\/yoast.com\/wordpress\/plugins\/seo\/ -->\n<title>EasyJet streik for \u00e5 begynne denne uken - Nordnesrepublikken<\/title>\n<meta name=\"robots\" content=\"index, follow, max-snippet:-1, max-image-preview:large, max-video-preview:-1\" \/>\n<link rel=\"canonical\" href=\"https:\/\/nordnesrepublikken.no\/index.php\/2025\/06\/24\/easyjet-streik-for-a-begynne-denne-uken\/\" \/>\n<meta property=\"og:locale\" content=\"nb_NO\" \/>\n<meta property=\"og:type\" content=\"article\" \/>\n<meta property=\"og:title\" content=\"EasyJet streik for \u00e5 begynne denne uken - Nordnesrepublikken\" \/>\n<meta property=\"og:description\" content=\"Passasjerer som flyr med EasyJet blir advart om betydelige forstyrrelser n\u00e5r kabinpersonalet over Spania forbereder\" \/>\n<meta property=\"og:url\" content=\"https:\/\/nordnesrepublikken.no\/index.php\/2025\/06\/24\/easyjet-streik-for-a-begynne-denne-uken\/\" \/>\n<meta property=\"og:site_name\" content=\"Nordnesrepublikken\" \/>\n<meta property=\"article:published_time\" content=\"2025-06-24T21:50:40+00:00\" \/>\n<meta property=\"article:modified_time\" content=\"2025-06-24T21:50:42+00:00\" \/>\n<meta property=\"og:image\" content=\"https:\/\/nordnesrepublikken.no\/wp-content\/uploads\/2025\/06\/1750801840_EasyJet-streik-for-a-begynne-denne-uken.jpg\" \/>\n\t<meta property=\"og:image:width\" content=\"1200\" \/>\n\t<meta property=\"og:image:height\" content=\"799\" \/>\n\t<meta property=\"og:image:type\" content=\"image\/jpeg\" \/>\n<meta name=\"author\" content=\"Ole Andersen\" \/>\n<meta name=\"twitter:card\" content=\"summary_large_image\" \/>\n<meta name=\"twitter:label1\" content=\"Skrevet av\" \/>\n\t<meta name=\"twitter:data1\" content=\"Ole Andersen\" \/>\n\t<meta name=\"twitter:label2\" content=\"Ansl. lesetid\" \/>\n\t<meta name=\"twitter:data2\" content=\"1 minutt\" \/>\n<script type=\"application\/ld+json\" class=\"yoast-schema-graph\">{\"@context\":\"https:\/\/schema.org\",\"@graph\":[{\"@type\":\"Article\",\"@id\":\"https:\/\/nordnesrepublikken.no\/index.php\/2025\/06\/24\/easyjet-streik-for-a-begynne-denne-uken\/#article\",\"isPartOf\":{\"@id\":\"https:\/\/nordnesrepublikken.no\/index.php\/2025\/06\/24\/easyjet-streik-for-a-begynne-denne-uken\/\"},\"author\":{\"name\":\"Ole Andersen\",\"@id\":\"https:\/\/nordnesrepublikken.no\/#\/schema\/person\/2e7e81935bab77882fffb79296240ff1\"},\"headline\":\"EasyJet streik for \u00e5 begynne denne uken\",\"datePublished\":\"2025-06-24T21:50:40+00:00\",\"dateModified\":\"2025-06-24T21:50:42+00:00\",\"mainEntityOfPage\":{\"@id\":\"https:\/\/nordnesrepublikken.no\/index.php\/2025\/06\/24\/easyjet-streik-for-a-begynne-denne-uken\/\"},\"wordCount\":272,\"publisher\":{\"@id\":\"https:\/\/nordnesrepublikken.no\/#organization\"},\"image\":{\"@id\":\"https:\/\/nordnesrepublikken.no\/index.php\/2025\/06\/24\/easyjet-streik-for-a-begynne-denne-uken\/#primaryimage\"},\"thumbnailUrl\":\"https:\/\/nordnesrepublikken.no\/wp-content\/uploads\/2025\/06\/1750801840_EasyJet-streik-for-a-begynne-denne-uken.jpg\",\"keywords\":[\"begynne\",\"denne\",\"EasyJet\",\"streik\",\"uken\"],\"articleSection\":[\"Livsstil\"],\"inLanguage\":\"nb-NO\"},{\"@type\":\"WebPage\",\"@id\":\"https:\/\/nordnesrepublikken.no\/index.php\/2025\/06\/24\/easyjet-streik-for-a-begynne-denne-uken\/\",\"url\":\"https:\/\/nordnesrepublikken.no\/index.php\/2025\/06\/24\/easyjet-streik-for-a-begynne-denne-uken\/\",\"name\":\"EasyJet streik for \u00e5 begynne denne uken - Nordnesrepublikken\",\"isPartOf\":{\"@id\":\"https:\/\/nordnesrepublikken.no\/#website\"},\"primaryImageOfPage\":{\"@id\":\"https:\/\/nordnesrepublikken.no\/index.php\/2025\/06\/24\/easyjet-streik-for-a-begynne-denne-uken\/#primaryimage\"},\"image\":{\"@id\":\"https:\/\/nordnesrepublikken.no\/index.php\/2025\/06\/24\/easyjet-streik-for-a-begynne-denne-uken\/#primaryimage\"},\"thumbnailUrl\":\"https:\/\/nordnesrepublikken.no\/wp-content\/uploads\/2025\/06\/1750801840_EasyJet-streik-for-a-begynne-denne-uken.jpg\",\"datePublished\":\"2025-06-24T21:50:40+00:00\",\"dateModified\":\"2025-06-24T21:50:42+00:00\",\"breadcrumb\":{\"@id\":\"https:\/\/nordnesrepublikken.no\/index.php\/2025\/06\/24\/easyjet-streik-for-a-begynne-denne-uken\/#breadcrumb\"},\"inLanguage\":\"nb-NO\",\"potentialAction\":[{\"@type\":\"ReadAction\",\"target\":[\"https:\/\/nordnesrepublikken.no\/index.php\/2025\/06\/24\/easyjet-streik-for-a-begynne-denne-uken\/\"]}]},{\"@type\":\"ImageObject\",\"inLanguage\":\"nb-NO\",\"@id\":\"https:\/\/nordnesrepublikken.no\/index.php\/2025\/06\/24\/easyjet-streik-for-a-begynne-denne-uken\/#primaryimage\",\"url\":\"https:\/\/nordnesrepublikken.no\/wp-content\/uploads\/2025\/06\/1750801840_EasyJet-streik-for-a-begynne-denne-uken.jpg\",\"contentUrl\":\"https:\/\/nordnesrepublikken.no\/wp-content\/uploads\/2025\/06\/1750801840_EasyJet-streik-for-a-begynne-denne-uken.jpg\",\"width\":1200,\"height\":799,\"caption\":\"EasyJet streik for \u00e5 begynne denne uken\"},{\"@type\":\"BreadcrumbList\",\"@id\":\"https:\/\/nordnesrepublikken.no\/index.php\/2025\/06\/24\/easyjet-streik-for-a-begynne-denne-uken\/#breadcrumb\",\"itemListElement\":[{\"@type\":\"ListItem\",\"position\":1,\"name\":\"Home\",\"item\":\"https:\/\/nordnesrepublikken.no\/\"},{\"@type\":\"ListItem\",\"position\":2,\"name\":\"EasyJet streik for \u00e5 begynne denne uken\"}]},{\"@type\":\"WebSite\",\"@id\":\"https:\/\/nordnesrepublikken.no\/#website\",\"url\":\"https:\/\/nordnesrepublikken.no\/\",\"name\":\"Nordnesrepublikken\",\"description\":\"Stemmer og Visjoner fra Republikkens Hjerte\",\"publisher\":{\"@id\":\"https:\/\/nordnesrepublikken.no\/#organization\"},\"potentialAction\":[{\"@type\":\"SearchAction\",\"target\":{\"@type\":\"EntryPoint\",\"urlTemplate\":\"https:\/\/nordnesrepublikken.no\/?s={search_term_string}\"},\"query-input\":{\"@type\":\"PropertyValueSpecification\",\"valueRequired\":true,\"valueName\":\"search_term_string\"}}],\"inLanguage\":\"nb-NO\"},{\"@type\":\"Organization\",\"@id\":\"https:\/\/nordnesrepublikken.no\/#organization\",\"name\":\"Nordnesrepublikken\",\"url\":\"https:\/\/nordnesrepublikken.no\/\",\"logo\":{\"@type\":\"ImageObject\",\"inLanguage\":\"nb-NO\",\"@id\":\"https:\/\/nordnesrepublikken.no\/#\/schema\/logo\/image\/\",\"url\":\"https:\/\/nordnesrepublikken.no\/wp-content\/uploads\/2025\/02\/cropped-nordnesrepublikken-2.png\",\"contentUrl\":\"https:\/\/nordnesrepublikken.no\/wp-content\/uploads\/2025\/02\/cropped-nordnesrepublikken-2.png\",\"width\":1248,\"height\":362,\"caption\":\"Nordnesrepublikken\"},\"image\":{\"@id\":\"https:\/\/nordnesrepublikken.no\/#\/schema\/logo\/image\/\"}},{\"@type\":\"Person\",\"@id\":\"https:\/\/nordnesrepublikken.no\/#\/schema\/person\/2e7e81935bab77882fffb79296240ff1\",\"name\":\"Ole Andersen\",\"image\":{\"@type\":\"ImageObject\",\"inLanguage\":\"nb-NO\",\"@id\":\"https:\/\/nordnesrepublikken.no\/#\/schema\/person\/image\/\",\"url\":\"https:\/\/nordnesrepublikken.no\/wp-content\/uploads\/2025\/02\/nordnesrepublikken-2-2-150x150.jpg\",\"contentUrl\":\"https:\/\/nordnesrepublikken.no\/wp-content\/uploads\/2025\/02\/nordnesrepublikken-2-2-150x150.jpg\",\"caption\":\"Ole Andersen\"},\"description\":\"Ettersom jeg vokste opp i Oslo, har jeg alltid v\u00e6rt fascinert av ordenes kraft og deres evne til \u00e5 skape endringer. Etter \u00e5 ha fullf\u00f8rt min utdannelse i kommunikasjon ved Universitetet i Bergen, fikk jeg muligheten til \u00e5 jobbe innen ulike medier, der jeg har s\u00f8kt \u00e5 belyse viktige samfunnssp\u00f8rsm\u00e5l. I dag, som redakt\u00f8r for Nordnesrepublikken, pr\u00f8ver jeg \u00e5 forene min kj\u00e6rlighet for journalistikk med min lidenskap for innovasjon og eventyr.\",\"sameAs\":[\"https:\/\/nordnesrepublikken.no\/\"]}]}<\/script>\n<!-- \/ Yoast SEO plugin. -->","yoast_head_json":{"title":"EasyJet streik for \u00e5 begynne denne uken - Nordnesrepublikken","robots":{"index":"index","follow":"follow","max-snippet":"max-snippet:-1","max-image-preview":"max-image-preview:large","max-video-preview":"max-video-preview:-1"},"canonical":"https:\/\/nordnesrepublikken.no\/index.php\/2025\/06\/24\/easyjet-streik-for-a-begynne-denne-uken\/","og_locale":"nb_NO","og_type":"article","og_title":"EasyJet streik for \u00e5 begynne denne uken - Nordnesrepublikken","og_description":"Passasjerer som flyr med EasyJet blir advart om betydelige forstyrrelser n\u00e5r kabinpersonalet over Spania forbereder","og_url":"https:\/\/nordnesrepublikken.no\/index.php\/2025\/06\/24\/easyjet-streik-for-a-begynne-denne-uken\/","og_site_name":"Nordnesrepublikken","article_published_time":"2025-06-24T21:50:40+00:00","article_modified_time":"2025-06-24T21:50:42+00:00","og_image":[{"width":1200,"height":799,"url":"https:\/\/nordnesrepublikken.no\/wp-content\/uploads\/2025\/06\/1750801840_EasyJet-streik-for-a-begynne-denne-uken.jpg","type":"image\/jpeg"}],"author":"Ole Andersen","twitter_card":"summary_large_image","twitter_misc":{"Skrevet av":"Ole Andersen","Ansl. lesetid":"1 minutt"},"schema":{"@context":"https:\/\/schema.org","@graph":[{"@type":"Article","@id":"https:\/\/nordnesrepublikken.no\/index.php\/2025\/06\/24\/easyjet-streik-for-a-begynne-denne-uken\/#article","isPartOf":{"@id":"https:\/\/nordnesrepublikken.no\/index.php\/2025\/06\/24\/easyjet-streik-for-a-begynne-denne-uken\/"},"author":{"name":"Ole Andersen","@id":"https:\/\/nordnesrepublikken.no\/#\/schema\/person\/2e7e81935bab77882fffb79296240ff1"},"headline":"EasyJet streik for \u00e5 begynne denne uken","datePublished":"2025-06-24T21:50:40+00:00","dateModified":"2025-06-24T21:50:42+00:00","mainEntityOfPage":{"@id":"https:\/\/nordnesrepublikken.no\/index.php\/2025\/06\/24\/easyjet-streik-for-a-begynne-denne-uken\/"},"wordCount":272,"publisher":{"@id":"https:\/\/nordnesrepublikken.no\/#organization"},"image":{"@id":"https:\/\/nordnesrepublikken.no\/index.php\/2025\/06\/24\/easyjet-streik-for-a-begynne-denne-uken\/#primaryimage"},"thumbnailUrl":"https:\/\/nordnesrepublikken.no\/wp-content\/uploads\/2025\/06\/1750801840_EasyJet-streik-for-a-begynne-denne-uken.jpg","keywords":["begynne","denne","EasyJet","streik","uken"],"articleSection":["Livsstil"],"inLanguage":"nb-NO"},{"@type":"WebPage","@id":"https:\/\/nordnesrepublikken.no\/index.php\/2025\/06\/24\/easyjet-streik-for-a-begynne-denne-uken\/","url":"https:\/\/nordnesrepublikken.no\/index.php\/2025\/06\/24\/easyjet-streik-for-a-begynne-denne-uken\/","name":"EasyJet streik for \u00e5 begynne denne uken - Nordnesrepublikken","isPartOf":{"@id":"https:\/\/nordnesrepublikken.no\/#website"},"primaryImageOfPage":{"@id":"https:\/\/nordnesrepublikken.no\/index.php\/2025\/06\/24\/easyjet-streik-for-a-begynne-denne-uken\/#primaryimage"},"image":{"@id":"https:\/\/nordnesrepublikken.no\/index.php\/2025\/06\/24\/easyjet-streik-for-a-begynne-denne-uken\/#primaryimage"},"thumbnailUrl":"https:\/\/nordnesrepublikken.no\/wp-content\/uploads\/2025\/06\/1750801840_EasyJet-streik-for-a-begynne-denne-uken.jpg","datePublished":"2025-06-24T21:50:40+00:00","dateModified":"2025-06-24T21:50:42+00:00","breadcrumb":{"@id":"https:\/\/nordnesrepublikken.no\/index.php\/2025\/06\/24\/easyjet-streik-for-a-begynne-denne-uken\/#breadcrumb"},"inLanguage":"nb-NO","potentialAction":[{"@type":"ReadAction","target":["https:\/\/nordnesrepublikken.no\/index.php\/2025\/06\/24\/easyjet-streik-for-a-begynne-denne-uken\/"]}]},{"@type":"ImageObject","inLanguage":"nb-NO","@id":"https:\/\/nordnesrepublikken.no\/index.php\/2025\/06\/24\/easyjet-streik-for-a-begynne-denne-uken\/#primaryimage","url":"https:\/\/nordnesrepublikken.no\/wp-content\/uploads\/2025\/06\/1750801840_EasyJet-streik-for-a-begynne-denne-uken.jpg","contentUrl":"https:\/\/nordnesrepublikken.no\/wp-content\/uploads\/2025\/06\/1750801840_EasyJet-streik-for-a-begynne-denne-uken.jpg","width":1200,"height":799,"caption":"EasyJet streik for \u00e5 begynne denne uken"},{"@type":"BreadcrumbList","@id":"https:\/\/nordnesrepublikken.no\/index.php\/2025\/06\/24\/easyjet-streik-for-a-begynne-denne-uken\/#breadcrumb","itemListElement":[{"@type":"ListItem","position":1,"name":"Home","item":"https:\/\/nordnesrepublikken.no\/"},{"@type":"ListItem","position":2,"name":"EasyJet streik for \u00e5 begynne denne uken"}]},{"@type":"WebSite","@id":"https:\/\/nordnesrepublikken.no\/#website","url":"https:\/\/nordnesrepublikken.no\/","name":"Nordnesrepublikken","description":"Stemmer og Visjoner fra Republikkens Hjerte","publisher":{"@id":"https:\/\/nordnesrepublikken.no\/#organization"},"potentialAction":[{"@type":"SearchAction","target":{"@type":"EntryPoint","urlTemplate":"https:\/\/nordnesrepublikken.no\/?s={search_term_string}"},"query-input":{"@type":"PropertyValueSpecification","valueRequired":true,"valueName":"search_term_string"}}],"inLanguage":"nb-NO"},{"@type":"Organization","@id":"https:\/\/nordnesrepublikken.no\/#organization","name":"Nordnesrepublikken","url":"https:\/\/nordnesrepublikken.no\/","logo":{"@type":"ImageObject","inLanguage":"nb-NO","@id":"https:\/\/nordnesrepublikken.no\/#\/schema\/logo\/image\/","url":"https:\/\/nordnesrepublikken.no\/wp-content\/uploads\/2025\/02\/cropped-nordnesrepublikken-2.png","contentUrl":"https:\/\/nordnesrepublikken.no\/wp-content\/uploads\/2025\/02\/cropped-nordnesrepublikken-2.png","width":1248,"height":362,"caption":"Nordnesrepublikken"},"image":{"@id":"https:\/\/nordnesrepublikken.no\/#\/schema\/logo\/image\/"}},{"@type":"Person","@id":"https:\/\/nordnesrepublikken.no\/#\/schema\/person\/2e7e81935bab77882fffb79296240ff1","name":"Ole Andersen","image":{"@type":"ImageObject","inLanguage":"nb-NO","@id":"https:\/\/nordnesrepublikken.no\/#\/schema\/person\/image\/","url":"https:\/\/nordnesrepublikken.no\/wp-content\/uploads\/2025\/02\/nordnesrepublikken-2-2-150x150.jpg","contentUrl":"https:\/\/nordnesrepublikken.no\/wp-content\/uploads\/2025\/02\/nordnesrepublikken-2-2-150x150.jpg","caption":"Ole Andersen"},"description":"Ettersom jeg vokste opp i Oslo, har jeg alltid v\u00e6rt fascinert av ordenes kraft og deres evne til \u00e5 skape endringer. Etter \u00e5 ha fullf\u00f8rt min utdannelse i kommunikasjon ved Universitetet i Bergen, fikk jeg muligheten til \u00e5 jobbe innen ulike medier, der jeg har s\u00f8kt \u00e5 belyse viktige samfunnssp\u00f8rsm\u00e5l. I dag, som redakt\u00f8r for Nordnesrepublikken, pr\u00f8ver jeg \u00e5 forene min kj\u00e6rlighet for journalistikk med min lidenskap for innovasjon og eventyr.","sameAs":["https:\/\/nordnesrepublikken.no\/"]}]}},"_links":{"self":[{"href":"https:\/\/nordnesrepublikken.no\/index.php\/wp-json\/wp\/v2\/posts\/6205","targetHints":{"allow":["GET"]}}],"collection":[{"href":"https:\/\/nordnesrepublikken.no\/index.php\/wp-json\/wp\/v2\/posts"}],"about":[{"href":"https:\/\/nordnesrepublikken.no\/index.php\/wp-json\/wp\/v2\/types\/post"}],"author":[{"embeddable":true,"href":"https:\/\/nordnesrepublikken.no\/index.php\/wp-json\/wp\/v2\/users\/1"}],"replies":[{"embeddable":true,"href":"https:\/\/nordnesrepublikken.no\/index.php\/wp-json\/wp\/v2\/comments?post=6205"}],"version-history":[{"count":1,"href":"https:\/\/nordnesrepublikken.no\/index.php\/wp-json\/wp\/v2\/posts\/6205\/revisions"}],"predecessor-version":[{"id":6207,"href":"https:\/\/nordnesrepublikken.no\/index.php\/wp-json\/wp\/v2\/posts\/6205\/revisions\/6207"}],"wp:featuredmedia":[{"embeddable":true,"href":"https:\/\/nordnesrepublikken.no\/index.php\/wp-json\/wp\/v2\/media\/6206"}],"wp:attachment":[{"href":"https:\/\/nordnesrepublikken.no\/index.php\/wp-json\/wp\/v2\/media?parent=6205"}],"wp:term":[{"taxonomy":"category","embeddable":true,"href":"https:\/\/nordnesrepublikken.no\/index.php\/wp-json\/wp\/v2\/categories?post=6205"},{"taxonomy":"post_tag","embeddable":true,"href":"https:\/\/nordnesrepublikken.no\/index.php\/wp-json\/wp\/v2\/tags?post=6205"}],"curies":[{"name":"wp","href":"https:\/\/api.w.org\/{rel}","templated":true}]}}