{"id":6193,"date":"2025-06-24T16:49:42","date_gmt":"2025-06-24T14:49:42","guid":{"rendered":"https:\/\/nordnesrepublikken.no\/index.php\/2025\/06\/24\/fordelene-med-a-vokse-opp-flerspraklig\/"},"modified":"2025-06-24T16:49:44","modified_gmt":"2025-06-24T14:49:44","slug":"fordelene-med-a-vokse-opp-flerspraklig","status":"publish","type":"post","link":"https:\/\/nordnesrepublikken.no\/index.php\/2025\/06\/24\/fordelene-med-a-vokse-opp-flerspraklig\/","title":{"rendered":"Fordelene med \u00e5 vokse opp flerspr\u00e5klig"},"content":{"rendered":"<p><\/p>\n<div class=\"wordpress-content\">\n                    <!-- Article Start --><\/p>\n<p><strong>Vi lever i en stadig mer sammenkoblet verden, og \u00e5 snakke flere spr\u00e5k kan \u00e5pne mange d\u00f8rer, fra karrieremuligheter til kulturell bevissthet.<\/strong><\/p>\n<p>\u00c5 vokse opp flerspr\u00e5klige tilbyr et uvurderlig grunnlag for barn; utvide horisontene og forberede dem p\u00e5 morgendagens utfordringer.<\/p>\n<h2>Rollen som kulturell fordypning<\/h2>\n<p>For familier som flytter til utlandet, er denne kulturelle fordypningen essensiell. Ved \u00e5 engasjere seg med det lokale spr\u00e5ket, kan barn integrere seg i sitt nye samfunn og danne verdifulle forbindelser og vennskap. Dette kan overvinne f\u00f8lelsen av isolasjon som ofte er forbundet med \u00e5 flytte til et nytt land.<\/p>\n<div class=\"sra_unit\"><link rel=\"stylesheet\" id=\"block-sra\" href=\"https:\/\/euroweeklynews.com\/wp-content\/plugins\/snack-related-articles\/dist\/css\/snack-related.min.css?250312-193541\" type=\"text\/css\" media=\"all\">\n<\/div>\n<p>Enten du deltar i lokale arrangementer (som Fiestas i Spania) eller forst\u00e5r hvor viktig familieliv er, g\u00e5r kulturelt mangfold h\u00e5nd i h\u00e5nd med \u00e5 l\u00e6re et nytt spr\u00e5k.<\/p>\n<h2>L\u00e5se opp d\u00f8rene til en global fremtid<\/h2>\n<p>For internasjonale familier er det spesielt viktig \u00e5 oppdra flerspr\u00e5klige barn, ettersom det legger grunnlaget for en vellykket fremtid. \u00c5 snakke flere spr\u00e5k \u00e5pner for d\u00f8rene for karrieremuligheter i mange sektorer, inkludert gjestfrihet, n\u00e6ringsliv, utdanning og teknologi.<\/p>\n<p>Flerspr\u00e5klighet forbereder ogs\u00e5 barn p\u00e5 en globalisert fremtid. Ettersom internasjonalt samarbeid i \u00f8kende grad blir normen, er det en kraftig fordel \u00e5 kunne snakke flere spr\u00e5k.<\/p>\n<p>Arbeidsgivere ser ofte etter flerspr\u00e5klige mennesker for sin evne til \u00e5 kommunisere p\u00e5 tvers av kulturer, forhandle effektivt og tilpasse seg \u00e5 jobbe med internasjonale team.<\/p>\n<p>I tillegg er det mer sannsynlig at flerspr\u00e5klige barn utvikler et globalt tankesett. Dette er en kritisk attributt n\u00e5r du adresserer utfordringer som klimaendringer, sosial ulikhet og teknologisk innovasjon. Ved \u00e5 forst\u00e5 forskjellige perspektiver, kan barna v\u00e5re bli endringsmakere som vil gi store bidrag til samfunnet i fremtiden.<\/p>\n<h2>Kognitive fordeler med flerspr\u00e5klighet<\/h2>\n<p>En godt dokumentert fordel med \u00e5 vokse opp flerspr\u00e5klig er dens dype innvirkning p\u00e5 hjerneutviklingen. Forskning viser at barn utsatt for flere spr\u00e5k fra en tidlig alder kan utvikle bedre ferdigheter i probleml\u00f8sning, forbedret hukommelse og st\u00f8rre multitaskingevner. Dette stammer fra den mentale ut\u00f8velsen av \u00e5 bytte mellom spr\u00e5k, noe som styrker hjernens kontrollsystem for oppmerksomhet og beslutninger.<\/p>\n<p>Flerspr\u00e5klige barn kan ogs\u00e5 v\u00e6re mer kreative, ettersom prosessen med \u00e5 l\u00e6re forskjellige spr\u00e5k inneb\u00e6rer \u00e5 utforske forskjellige uttrykksm\u00e5ter og tolkning. Denne evnen til \u00e5 tenke fleksibelt kan forvandle seg til akademisk prestasjon, med studier som viser at flerspr\u00e5klige studenter ofte overg\u00e5r sine enspr\u00e5klige jevnaldrende i fag som matematikk og literacy.<\/p>\n<h2>\u00c5 bygge tillit gjennom kommunikasjon<\/h2>\n<p>Spr\u00e5k er hj\u00f8rnesteinen i menneskelig interaksjon og \u00e5 kunne kommunisere i flere gir barn en tydelig fordel n\u00e5r de bygger relasjoner. Enten p\u00e5 skolens lekeplass eller en sosial omgivelser, bygger flerspr\u00e5klighet selvtillit, slik at barn kan kommunisere i forskjellige situasjoner.<\/p>\n<p>Denne selvtilliten g\u00e5r utover bare \u00e5 snakke &#8211; den pleier motstandskraft. N\u00e5r barn l\u00e6rer \u00e5 tilpasse seg forskjellige spr\u00e5klige situasjoner, utvikler de et \u00e5pent sinn som er gunstig i b\u00e5de deres personlige og profesjonelle fremtidige liv.<\/p>\n<h2>Hvorfor en internasjonal skole er det ideelle flerspr\u00e5klige l\u00e6ringsmilj\u00f8et<\/h2>\n<p>Skoler som International School Estepona tilbyr et strukturert og st\u00f8ttende milj\u00f8 for \u00e5 dyrke flerspr\u00e5klighet. De lar britiske barn opprettholde morsm\u00e5let mens de l\u00e6rer spanske og andre viktige l\u00e6replanfag. Studentene har ogs\u00e5 muligheten til \u00e5 f\u00e5 internasjonale venner, ettersom mange spanske og andre nasjonaliteter deltar.<\/p>\n<p>I tillegg til standard l\u00e6replanen, tilbyr den internasjonale skolens Estepona ferieklubber og en sommerskole, der elevene kan samhandle med andre nasjonaliteter. Dette betyr ikke bare instruksjons, men ogs\u00e5 erfaringsl\u00e6ring. Fra klasseromsaktiviteter til kulturelle begivenheter engasjerer barn seg i spr\u00e5k i virkelige sammenhenger for \u00e5 styrke deres flyt og forst\u00e5else.<\/p>\n<p>Skolen sysselsetter et team av h\u00f8yt erfarne l\u00e6rere som spesialiserer seg p\u00e5 \u00e5 jobbe i internasjonale omgivelser, ved \u00e5 bruke strategier tilpasset barn fra 2-12 \u00e5r.<\/p>\n<h2>St\u00f8tte for \u00e5 flytte familier<\/h2>\n<p>For familier som flytter til Costa del Sol, gir den internasjonale skolens Estepona enorm st\u00f8tte for \u00e5 hjelpe barn med \u00e5 overgang linguistisk og sosialt. Det skaper et pleiende milj\u00f8 der barn f\u00f8ler seg trygge og i stand til \u00e5 omfavne sine nye omgivelser, og sikre at \u00e5 flytte til et nytt land blir en positiv opplevelse.<\/p>\n<h2>Balanserende l\u00e6ring av hjem og skolespr\u00e5k<\/h2>\n<p>Synergien mellom hjem og skole kan maksimere fordelene ved \u00e5 vokse opp flerspr\u00e5klig. Mens skoler legger grunnlaget for strukturert spr\u00e5koppl\u00e6ring, gir hjemmet et sted for forsterkning og praksis. Foreldre kan delta i aktiviteter med barna sine som \u00e5 lese flerspr\u00e5klige b\u00f8ker, se p\u00e5 fremmedspr\u00e5klige filmer og bli med lokale aktiviteter, som alle hjelper til med \u00e5 forsterke spr\u00e5kkunnskaper.<\/p>\n<p>\u00c5 vokse opp flerspr\u00e5klig er en gave som kan forme barn til selvsikre og fremadstormende voksne. Fra kognitive fordeler og kulturell fordypning til global bevissthet og karrierefordeler, er fordelene med flerspr\u00e5klighet um\u00e5telige.<\/p>\n<p>\u00c5 sende barnet ditt til International School Estepona gir en eksepsjonell plattform for \u00e5 pleie flerspr\u00e5klige ferdigheter kombinert med et engasjerende samfunn for \u00e5 st\u00f8tte studenter p\u00e5 deres livsreise.<\/p>\n<p>For foreldre skaper forpliktelsen til \u00e5 snakke hjemme og engasjere seg i skolens spr\u00e5kinitiativer en harmonisk balanse som kan fremme barnets akademiske vekst. Sammen baner skole og hjemme vei for en fremtid der flerspr\u00e5klige barn ikke bare er utstyrt med ord, men med visdom og evner til \u00e5 lykkes i en globalisert verden.<\/p>\n<p>                    <!-- Article End --><\/p><\/div>\n","protected":false},"excerpt":{"rendered":"<p>Vi lever i en stadig mer sammenkoblet verden, og \u00e5 snakke flere spr\u00e5k kan \u00e5pne<\/p>\n","protected":false},"author":1,"featured_media":6194,"comment_status":"closed","ping_status":"open","sticky":false,"template":"","format":"standard","meta":{"footnotes":""},"categories":[105],"tags":[3890,1402,79,283,1933],"class_list":["post-6193","post","type-post","status-publish","format-standard","has-post-thumbnail","hentry","category-livsstil","tag-flerspraklig","tag-fordelene","tag-med","tag-opp","tag-vokse","generate-columns","tablet-grid-50","mobile-grid-100","grid-parent","grid-33","resize-featured-image"],"yoast_head":"<!-- This site is optimized with the Yoast SEO plugin v24.4 - https:\/\/yoast.com\/wordpress\/plugins\/seo\/ -->\n<title>Fordelene med \u00e5 vokse opp flerspr\u00e5klig - Nordnesrepublikken<\/title>\n<meta name=\"robots\" content=\"index, follow, max-snippet:-1, max-image-preview:large, max-video-preview:-1\" \/>\n<link rel=\"canonical\" href=\"https:\/\/nordnesrepublikken.no\/index.php\/2025\/06\/24\/fordelene-med-a-vokse-opp-flerspraklig\/\" \/>\n<meta property=\"og:locale\" content=\"nb_NO\" \/>\n<meta property=\"og:type\" content=\"article\" \/>\n<meta property=\"og:title\" content=\"Fordelene med \u00e5 vokse opp flerspr\u00e5klig - Nordnesrepublikken\" \/>\n<meta property=\"og:description\" content=\"Vi lever i en stadig mer sammenkoblet verden, og \u00e5 snakke flere spr\u00e5k kan \u00e5pne\" \/>\n<meta property=\"og:url\" content=\"https:\/\/nordnesrepublikken.no\/index.php\/2025\/06\/24\/fordelene-med-a-vokse-opp-flerspraklig\/\" \/>\n<meta property=\"og:site_name\" content=\"Nordnesrepublikken\" \/>\n<meta property=\"article:published_time\" content=\"2025-06-24T14:49:42+00:00\" \/>\n<meta property=\"article:modified_time\" content=\"2025-06-24T14:49:44+00:00\" \/>\n<meta property=\"og:image\" content=\"https:\/\/nordnesrepublikken.no\/wp-content\/uploads\/2025\/06\/1750776582_Fordelene-med-a-vokse-opp-flerspraklig.jpg\" \/>\n\t<meta property=\"og:image:width\" content=\"1200\" \/>\n\t<meta property=\"og:image:height\" content=\"799\" \/>\n\t<meta property=\"og:image:type\" content=\"image\/jpeg\" \/>\n<meta name=\"author\" content=\"Ole Andersen\" \/>\n<meta name=\"twitter:card\" content=\"summary_large_image\" \/>\n<meta name=\"twitter:label1\" content=\"Skrevet av\" \/>\n\t<meta name=\"twitter:data1\" content=\"Ole Andersen\" \/>\n\t<meta name=\"twitter:label2\" content=\"Ansl. lesetid\" \/>\n\t<meta name=\"twitter:data2\" content=\"4 minutter\" \/>\n<script type=\"application\/ld+json\" class=\"yoast-schema-graph\">{\"@context\":\"https:\/\/schema.org\",\"@graph\":[{\"@type\":\"Article\",\"@id\":\"https:\/\/nordnesrepublikken.no\/index.php\/2025\/06\/24\/fordelene-med-a-vokse-opp-flerspraklig\/#article\",\"isPartOf\":{\"@id\":\"https:\/\/nordnesrepublikken.no\/index.php\/2025\/06\/24\/fordelene-med-a-vokse-opp-flerspraklig\/\"},\"author\":{\"name\":\"Ole Andersen\",\"@id\":\"https:\/\/nordnesrepublikken.no\/#\/schema\/person\/2e7e81935bab77882fffb79296240ff1\"},\"headline\":\"Fordelene med \u00e5 vokse opp flerspr\u00e5klig\",\"datePublished\":\"2025-06-24T14:49:42+00:00\",\"dateModified\":\"2025-06-24T14:49:44+00:00\",\"mainEntityOfPage\":{\"@id\":\"https:\/\/nordnesrepublikken.no\/index.php\/2025\/06\/24\/fordelene-med-a-vokse-opp-flerspraklig\/\"},\"wordCount\":877,\"publisher\":{\"@id\":\"https:\/\/nordnesrepublikken.no\/#organization\"},\"image\":{\"@id\":\"https:\/\/nordnesrepublikken.no\/index.php\/2025\/06\/24\/fordelene-med-a-vokse-opp-flerspraklig\/#primaryimage\"},\"thumbnailUrl\":\"https:\/\/nordnesrepublikken.no\/wp-content\/uploads\/2025\/06\/1750776582_Fordelene-med-a-vokse-opp-flerspraklig.jpg\",\"keywords\":[\"flerspr\u00e5klig\",\"fordelene\",\"med\",\"opp\",\"vokse\"],\"articleSection\":[\"Livsstil\"],\"inLanguage\":\"nb-NO\"},{\"@type\":\"WebPage\",\"@id\":\"https:\/\/nordnesrepublikken.no\/index.php\/2025\/06\/24\/fordelene-med-a-vokse-opp-flerspraklig\/\",\"url\":\"https:\/\/nordnesrepublikken.no\/index.php\/2025\/06\/24\/fordelene-med-a-vokse-opp-flerspraklig\/\",\"name\":\"Fordelene med \u00e5 vokse opp flerspr\u00e5klig - Nordnesrepublikken\",\"isPartOf\":{\"@id\":\"https:\/\/nordnesrepublikken.no\/#website\"},\"primaryImageOfPage\":{\"@id\":\"https:\/\/nordnesrepublikken.no\/index.php\/2025\/06\/24\/fordelene-med-a-vokse-opp-flerspraklig\/#primaryimage\"},\"image\":{\"@id\":\"https:\/\/nordnesrepublikken.no\/index.php\/2025\/06\/24\/fordelene-med-a-vokse-opp-flerspraklig\/#primaryimage\"},\"thumbnailUrl\":\"https:\/\/nordnesrepublikken.no\/wp-content\/uploads\/2025\/06\/1750776582_Fordelene-med-a-vokse-opp-flerspraklig.jpg\",\"datePublished\":\"2025-06-24T14:49:42+00:00\",\"dateModified\":\"2025-06-24T14:49:44+00:00\",\"breadcrumb\":{\"@id\":\"https:\/\/nordnesrepublikken.no\/index.php\/2025\/06\/24\/fordelene-med-a-vokse-opp-flerspraklig\/#breadcrumb\"},\"inLanguage\":\"nb-NO\",\"potentialAction\":[{\"@type\":\"ReadAction\",\"target\":[\"https:\/\/nordnesrepublikken.no\/index.php\/2025\/06\/24\/fordelene-med-a-vokse-opp-flerspraklig\/\"]}]},{\"@type\":\"ImageObject\",\"inLanguage\":\"nb-NO\",\"@id\":\"https:\/\/nordnesrepublikken.no\/index.php\/2025\/06\/24\/fordelene-med-a-vokse-opp-flerspraklig\/#primaryimage\",\"url\":\"https:\/\/nordnesrepublikken.no\/wp-content\/uploads\/2025\/06\/1750776582_Fordelene-med-a-vokse-opp-flerspraklig.jpg\",\"contentUrl\":\"https:\/\/nordnesrepublikken.no\/wp-content\/uploads\/2025\/06\/1750776582_Fordelene-med-a-vokse-opp-flerspraklig.jpg\",\"width\":1200,\"height\":799,\"caption\":\"Fordelene med \u00e5 vokse opp flerspr\u00e5klig\"},{\"@type\":\"BreadcrumbList\",\"@id\":\"https:\/\/nordnesrepublikken.no\/index.php\/2025\/06\/24\/fordelene-med-a-vokse-opp-flerspraklig\/#breadcrumb\",\"itemListElement\":[{\"@type\":\"ListItem\",\"position\":1,\"name\":\"Home\",\"item\":\"https:\/\/nordnesrepublikken.no\/\"},{\"@type\":\"ListItem\",\"position\":2,\"name\":\"Fordelene med \u00e5 vokse opp flerspr\u00e5klig\"}]},{\"@type\":\"WebSite\",\"@id\":\"https:\/\/nordnesrepublikken.no\/#website\",\"url\":\"https:\/\/nordnesrepublikken.no\/\",\"name\":\"Nordnesrepublikken\",\"description\":\"Stemmer og Visjoner fra Republikkens Hjerte\",\"publisher\":{\"@id\":\"https:\/\/nordnesrepublikken.no\/#organization\"},\"potentialAction\":[{\"@type\":\"SearchAction\",\"target\":{\"@type\":\"EntryPoint\",\"urlTemplate\":\"https:\/\/nordnesrepublikken.no\/?s={search_term_string}\"},\"query-input\":{\"@type\":\"PropertyValueSpecification\",\"valueRequired\":true,\"valueName\":\"search_term_string\"}}],\"inLanguage\":\"nb-NO\"},{\"@type\":\"Organization\",\"@id\":\"https:\/\/nordnesrepublikken.no\/#organization\",\"name\":\"Nordnesrepublikken\",\"url\":\"https:\/\/nordnesrepublikken.no\/\",\"logo\":{\"@type\":\"ImageObject\",\"inLanguage\":\"nb-NO\",\"@id\":\"https:\/\/nordnesrepublikken.no\/#\/schema\/logo\/image\/\",\"url\":\"https:\/\/nordnesrepublikken.no\/wp-content\/uploads\/2025\/02\/cropped-nordnesrepublikken-2.png\",\"contentUrl\":\"https:\/\/nordnesrepublikken.no\/wp-content\/uploads\/2025\/02\/cropped-nordnesrepublikken-2.png\",\"width\":1248,\"height\":362,\"caption\":\"Nordnesrepublikken\"},\"image\":{\"@id\":\"https:\/\/nordnesrepublikken.no\/#\/schema\/logo\/image\/\"}},{\"@type\":\"Person\",\"@id\":\"https:\/\/nordnesrepublikken.no\/#\/schema\/person\/2e7e81935bab77882fffb79296240ff1\",\"name\":\"Ole Andersen\",\"image\":{\"@type\":\"ImageObject\",\"inLanguage\":\"nb-NO\",\"@id\":\"https:\/\/nordnesrepublikken.no\/#\/schema\/person\/image\/\",\"url\":\"https:\/\/nordnesrepublikken.no\/wp-content\/uploads\/2025\/02\/nordnesrepublikken-2-2-150x150.jpg\",\"contentUrl\":\"https:\/\/nordnesrepublikken.no\/wp-content\/uploads\/2025\/02\/nordnesrepublikken-2-2-150x150.jpg\",\"caption\":\"Ole Andersen\"},\"description\":\"Ettersom jeg vokste opp i Oslo, har jeg alltid v\u00e6rt fascinert av ordenes kraft og deres evne til \u00e5 skape endringer. Etter \u00e5 ha fullf\u00f8rt min utdannelse i kommunikasjon ved Universitetet i Bergen, fikk jeg muligheten til \u00e5 jobbe innen ulike medier, der jeg har s\u00f8kt \u00e5 belyse viktige samfunnssp\u00f8rsm\u00e5l. I dag, som redakt\u00f8r for Nordnesrepublikken, pr\u00f8ver jeg \u00e5 forene min kj\u00e6rlighet for journalistikk med min lidenskap for innovasjon og eventyr.\",\"sameAs\":[\"https:\/\/nordnesrepublikken.no\/\"]}]}<\/script>\n<!-- \/ Yoast SEO plugin. -->","yoast_head_json":{"title":"Fordelene med \u00e5 vokse opp flerspr\u00e5klig - Nordnesrepublikken","robots":{"index":"index","follow":"follow","max-snippet":"max-snippet:-1","max-image-preview":"max-image-preview:large","max-video-preview":"max-video-preview:-1"},"canonical":"https:\/\/nordnesrepublikken.no\/index.php\/2025\/06\/24\/fordelene-med-a-vokse-opp-flerspraklig\/","og_locale":"nb_NO","og_type":"article","og_title":"Fordelene med \u00e5 vokse opp flerspr\u00e5klig - Nordnesrepublikken","og_description":"Vi lever i en stadig mer sammenkoblet verden, og \u00e5 snakke flere spr\u00e5k kan \u00e5pne","og_url":"https:\/\/nordnesrepublikken.no\/index.php\/2025\/06\/24\/fordelene-med-a-vokse-opp-flerspraklig\/","og_site_name":"Nordnesrepublikken","article_published_time":"2025-06-24T14:49:42+00:00","article_modified_time":"2025-06-24T14:49:44+00:00","og_image":[{"width":1200,"height":799,"url":"https:\/\/nordnesrepublikken.no\/wp-content\/uploads\/2025\/06\/1750776582_Fordelene-med-a-vokse-opp-flerspraklig.jpg","type":"image\/jpeg"}],"author":"Ole Andersen","twitter_card":"summary_large_image","twitter_misc":{"Skrevet av":"Ole Andersen","Ansl. lesetid":"4 minutter"},"schema":{"@context":"https:\/\/schema.org","@graph":[{"@type":"Article","@id":"https:\/\/nordnesrepublikken.no\/index.php\/2025\/06\/24\/fordelene-med-a-vokse-opp-flerspraklig\/#article","isPartOf":{"@id":"https:\/\/nordnesrepublikken.no\/index.php\/2025\/06\/24\/fordelene-med-a-vokse-opp-flerspraklig\/"},"author":{"name":"Ole Andersen","@id":"https:\/\/nordnesrepublikken.no\/#\/schema\/person\/2e7e81935bab77882fffb79296240ff1"},"headline":"Fordelene med \u00e5 vokse opp flerspr\u00e5klig","datePublished":"2025-06-24T14:49:42+00:00","dateModified":"2025-06-24T14:49:44+00:00","mainEntityOfPage":{"@id":"https:\/\/nordnesrepublikken.no\/index.php\/2025\/06\/24\/fordelene-med-a-vokse-opp-flerspraklig\/"},"wordCount":877,"publisher":{"@id":"https:\/\/nordnesrepublikken.no\/#organization"},"image":{"@id":"https:\/\/nordnesrepublikken.no\/index.php\/2025\/06\/24\/fordelene-med-a-vokse-opp-flerspraklig\/#primaryimage"},"thumbnailUrl":"https:\/\/nordnesrepublikken.no\/wp-content\/uploads\/2025\/06\/1750776582_Fordelene-med-a-vokse-opp-flerspraklig.jpg","keywords":["flerspr\u00e5klig","fordelene","med","opp","vokse"],"articleSection":["Livsstil"],"inLanguage":"nb-NO"},{"@type":"WebPage","@id":"https:\/\/nordnesrepublikken.no\/index.php\/2025\/06\/24\/fordelene-med-a-vokse-opp-flerspraklig\/","url":"https:\/\/nordnesrepublikken.no\/index.php\/2025\/06\/24\/fordelene-med-a-vokse-opp-flerspraklig\/","name":"Fordelene med \u00e5 vokse opp flerspr\u00e5klig - Nordnesrepublikken","isPartOf":{"@id":"https:\/\/nordnesrepublikken.no\/#website"},"primaryImageOfPage":{"@id":"https:\/\/nordnesrepublikken.no\/index.php\/2025\/06\/24\/fordelene-med-a-vokse-opp-flerspraklig\/#primaryimage"},"image":{"@id":"https:\/\/nordnesrepublikken.no\/index.php\/2025\/06\/24\/fordelene-med-a-vokse-opp-flerspraklig\/#primaryimage"},"thumbnailUrl":"https:\/\/nordnesrepublikken.no\/wp-content\/uploads\/2025\/06\/1750776582_Fordelene-med-a-vokse-opp-flerspraklig.jpg","datePublished":"2025-06-24T14:49:42+00:00","dateModified":"2025-06-24T14:49:44+00:00","breadcrumb":{"@id":"https:\/\/nordnesrepublikken.no\/index.php\/2025\/06\/24\/fordelene-med-a-vokse-opp-flerspraklig\/#breadcrumb"},"inLanguage":"nb-NO","potentialAction":[{"@type":"ReadAction","target":["https:\/\/nordnesrepublikken.no\/index.php\/2025\/06\/24\/fordelene-med-a-vokse-opp-flerspraklig\/"]}]},{"@type":"ImageObject","inLanguage":"nb-NO","@id":"https:\/\/nordnesrepublikken.no\/index.php\/2025\/06\/24\/fordelene-med-a-vokse-opp-flerspraklig\/#primaryimage","url":"https:\/\/nordnesrepublikken.no\/wp-content\/uploads\/2025\/06\/1750776582_Fordelene-med-a-vokse-opp-flerspraklig.jpg","contentUrl":"https:\/\/nordnesrepublikken.no\/wp-content\/uploads\/2025\/06\/1750776582_Fordelene-med-a-vokse-opp-flerspraklig.jpg","width":1200,"height":799,"caption":"Fordelene med \u00e5 vokse opp flerspr\u00e5klig"},{"@type":"BreadcrumbList","@id":"https:\/\/nordnesrepublikken.no\/index.php\/2025\/06\/24\/fordelene-med-a-vokse-opp-flerspraklig\/#breadcrumb","itemListElement":[{"@type":"ListItem","position":1,"name":"Home","item":"https:\/\/nordnesrepublikken.no\/"},{"@type":"ListItem","position":2,"name":"Fordelene med \u00e5 vokse opp flerspr\u00e5klig"}]},{"@type":"WebSite","@id":"https:\/\/nordnesrepublikken.no\/#website","url":"https:\/\/nordnesrepublikken.no\/","name":"Nordnesrepublikken","description":"Stemmer og Visjoner fra Republikkens Hjerte","publisher":{"@id":"https:\/\/nordnesrepublikken.no\/#organization"},"potentialAction":[{"@type":"SearchAction","target":{"@type":"EntryPoint","urlTemplate":"https:\/\/nordnesrepublikken.no\/?s={search_term_string}"},"query-input":{"@type":"PropertyValueSpecification","valueRequired":true,"valueName":"search_term_string"}}],"inLanguage":"nb-NO"},{"@type":"Organization","@id":"https:\/\/nordnesrepublikken.no\/#organization","name":"Nordnesrepublikken","url":"https:\/\/nordnesrepublikken.no\/","logo":{"@type":"ImageObject","inLanguage":"nb-NO","@id":"https:\/\/nordnesrepublikken.no\/#\/schema\/logo\/image\/","url":"https:\/\/nordnesrepublikken.no\/wp-content\/uploads\/2025\/02\/cropped-nordnesrepublikken-2.png","contentUrl":"https:\/\/nordnesrepublikken.no\/wp-content\/uploads\/2025\/02\/cropped-nordnesrepublikken-2.png","width":1248,"height":362,"caption":"Nordnesrepublikken"},"image":{"@id":"https:\/\/nordnesrepublikken.no\/#\/schema\/logo\/image\/"}},{"@type":"Person","@id":"https:\/\/nordnesrepublikken.no\/#\/schema\/person\/2e7e81935bab77882fffb79296240ff1","name":"Ole Andersen","image":{"@type":"ImageObject","inLanguage":"nb-NO","@id":"https:\/\/nordnesrepublikken.no\/#\/schema\/person\/image\/","url":"https:\/\/nordnesrepublikken.no\/wp-content\/uploads\/2025\/02\/nordnesrepublikken-2-2-150x150.jpg","contentUrl":"https:\/\/nordnesrepublikken.no\/wp-content\/uploads\/2025\/02\/nordnesrepublikken-2-2-150x150.jpg","caption":"Ole Andersen"},"description":"Ettersom jeg vokste opp i Oslo, har jeg alltid v\u00e6rt fascinert av ordenes kraft og deres evne til \u00e5 skape endringer. Etter \u00e5 ha fullf\u00f8rt min utdannelse i kommunikasjon ved Universitetet i Bergen, fikk jeg muligheten til \u00e5 jobbe innen ulike medier, der jeg har s\u00f8kt \u00e5 belyse viktige samfunnssp\u00f8rsm\u00e5l. I dag, som redakt\u00f8r for Nordnesrepublikken, pr\u00f8ver jeg \u00e5 forene min kj\u00e6rlighet for journalistikk med min lidenskap for innovasjon og eventyr.","sameAs":["https:\/\/nordnesrepublikken.no\/"]}]}},"_links":{"self":[{"href":"https:\/\/nordnesrepublikken.no\/index.php\/wp-json\/wp\/v2\/posts\/6193","targetHints":{"allow":["GET"]}}],"collection":[{"href":"https:\/\/nordnesrepublikken.no\/index.php\/wp-json\/wp\/v2\/posts"}],"about":[{"href":"https:\/\/nordnesrepublikken.no\/index.php\/wp-json\/wp\/v2\/types\/post"}],"author":[{"embeddable":true,"href":"https:\/\/nordnesrepublikken.no\/index.php\/wp-json\/wp\/v2\/users\/1"}],"replies":[{"embeddable":true,"href":"https:\/\/nordnesrepublikken.no\/index.php\/wp-json\/wp\/v2\/comments?post=6193"}],"version-history":[{"count":1,"href":"https:\/\/nordnesrepublikken.no\/index.php\/wp-json\/wp\/v2\/posts\/6193\/revisions"}],"predecessor-version":[{"id":6195,"href":"https:\/\/nordnesrepublikken.no\/index.php\/wp-json\/wp\/v2\/posts\/6193\/revisions\/6195"}],"wp:featuredmedia":[{"embeddable":true,"href":"https:\/\/nordnesrepublikken.no\/index.php\/wp-json\/wp\/v2\/media\/6194"}],"wp:attachment":[{"href":"https:\/\/nordnesrepublikken.no\/index.php\/wp-json\/wp\/v2\/media?parent=6193"}],"wp:term":[{"taxonomy":"category","embeddable":true,"href":"https:\/\/nordnesrepublikken.no\/index.php\/wp-json\/wp\/v2\/categories?post=6193"},{"taxonomy":"post_tag","embeddable":true,"href":"https:\/\/nordnesrepublikken.no\/index.php\/wp-json\/wp\/v2\/tags?post=6193"}],"curies":[{"name":"wp","href":"https:\/\/api.w.org\/{rel}","templated":true}]}}