{"id":6168,"date":"2025-06-24T10:50:20","date_gmt":"2025-06-24T08:50:20","guid":{"rendered":"https:\/\/nordnesrepublikken.no\/index.php\/2025\/06\/24\/hva-er-byene-som-har-vaert-hovedstad-i-italia-over-tid\/"},"modified":"2025-06-24T10:50:29","modified_gmt":"2025-06-24T08:50:29","slug":"hva-er-byene-som-har-vaert-hovedstad-i-italia-over-tid","status":"publish","type":"post","link":"https:\/\/nordnesrepublikken.no\/index.php\/2025\/06\/24\/hva-er-byene-som-har-vaert-hovedstad-i-italia-over-tid\/","title":{"rendered":"Hva er byene som har v\u00e6rt hovedstad i Italia over tid"},"content":{"rendered":"<div>\n<div class=\"cp_wrapper cp_wrapper--fw mb-30 mb-20@tablet\">\n<figure class=\"mm\"><picture class=\"img\" style=\"padding-top:56.25%\"><source  media=\"(min-width: 1024px)\"><source  media=\"(min-width: 768px)\"><\/source><\/source><\/picture><\/figure>\n<\/p><\/div>\n<p>F\u00f8r forening fulgte de hverandre p\u00e5 den italienske halv\u00f8ya <strong>mange stater<\/strong> Og f\u00f8lgelig ogs\u00e5 <strong>mange kapital<\/strong>. Imidlertid, fra proklamasjonen av kongeriket Italia i 1861, alene <strong>Tre byer<\/strong> De likte kapitalstatus:<\/p>\n<ul>\n<li><strong>Torino<\/strong>som allerede var hovedstaden i kongeriket Sardinia, fra 1861 til 1865;<\/li>\n<li><strong>Firenze<\/strong>valgt etter en avtale med Frankrike i Napoleon III, fra 1865 til 1871;<\/li>\n<li><strong>Roma<\/strong>som ble hovedstaden i 1871 og siden den gang alltid bekreftet i denne rollen.<\/li>\n<\/ul>\n<p>I tillegg, mellom september 1943 og juni 1944, da Roma ble okkupert av nazistene, flyttet regjeringen og retten i noen m\u00e5neder <strong>F\u00f8rst i Brindisi og deretter i Salerno<\/strong>som faktisk antok kapitalens rolle.<\/p>\n<h2><strong>Torino<\/strong><\/h2>\n<p><strong>Den f\u00f8rste hovedstaden i Italia var Torino<\/strong> Og \u00e5rsaken er enkel: det var <strong>Hovedstaden i kongeriket Sardinia<\/strong> &#8211; som inkluderte Piedmont, Liguria, Aosta -dalen, Sardinia og stedene som ble solgt i 1861 til Frankrike, det vil si NICE og Savoy &#8211; det vil si av den f\u00f8r -unification -tilstanden som ledet prosessen med italiensk forening. I 1861, da Unity ble bygget, antok kongeriket Italia lovene, det \u00f8konomiske systemet og nettopp hovedstaden i kongeriket Sardinia.<\/p>\n<p>Da Torino var hovedstad, hovedkvarteret for <strong>Varamedlemmer<\/strong> det var en <strong>Carignano Palace<\/strong> (som i dag huser Museum of the Risorgimento) og senatet a <strong>Palazzo Madama<\/strong> (For ikke \u00e5 forveksle med det homonyme palasset i Roma). Monarkiet bodde i stedet i <strong>Royal Palace<\/strong>ligger i Piazza Castello.<\/p>\n<div class=\"cp_wrapper cp_wrapper--fw mb-50\">\n<figure class=\"mm\"><picture class=\"img\" style=\"padding-top:69.21875%\"><source  media=\"(min-width: 1024px)\"><source  media=\"(min-width: 768px)\"><img decoding=\"async\" loading=\"lazy\" src=\"https:\/\/nordnesrepublikken.no\/wp-content\/uploads\/2025\/06\/1750755018_855_Hva-er-byene-som-har-vaert-hovedstad-i-Italia-over.jpg\" alt=\"Royal Palace of Torino. Kreditter Zairon\" width=\"1920\" height=\"1329\"><\/source><\/source><\/picture><\/figure>\n<\/p><\/div>\n<p>Imidlertid var den regjerende klassen og en del av opinionen, siden f\u00f8dselen av kongeriket og en del av opinionen. <strong>Han kunne bare v\u00e6re Roma,<\/strong> Til <strong>Historie og symbolsk ladning<\/strong> hvorav den evige byen ga. 27. mars 1861 samlet parlamentet seg i Torino, som symbolsk forkynte at Roma var hovedstaden i kongeriket Italia. Byen tilh\u00f8rte imidlertid fortsatt <strong>Pavelige stater<\/strong>beskyttet av Napoleon IIIs imperium, og proklamasjon hadde ingen praktiske effekter.<\/p>\n<h2><strong>Firenze<\/strong><\/h2>\n<p>Hovedstaden ble overf\u00f8rt til <strong>Firenze<\/strong> I 1865 etter <strong>Septemberavtale<\/strong>fastsatt \u00e5ret f\u00f8r mellom kongeriket Italia og Frankrike i Napoleon III. Avtalen forutsatte at Empire of France fra <strong>Torino var for geografisk tilbaketrukket<\/strong>; Overf\u00f8ringen tjente ogs\u00e5 til \u00e5 gi Frankrike inntrykk av at kongeriket Italia definitivt hadde gitt avkall p\u00e5 \u00e5 annektere Roma. N\u00e5r nyheten om signaturen til stevnet spredte seg, <strong>Befolkningen av Torino steg<\/strong>men protesten ble undertrykt i blodet av h\u00e6ren, som drepte 62 mennesker.<\/p>\n<p>Septemberavtalen tr\u00e5dte i kraft og etter \u00e5 ha unders\u00f8kt muligheten til \u00e5 overf\u00f8re kapitalen til <strong>Napoli<\/strong>regjeringen og monarkiet velger <strong>Firenze<\/strong>som offisielt antok kapitalfunksjonen 3. februar 1865. Kongen slo seg ned p\u00e5 <strong>Palazzo Pitti<\/strong>rommet fant hovedkvarteret a <strong>Vecchio Palace<\/strong> (i dag setet for kommunen) ble senatet installert kl <strong>Palazzo degli uffizi<\/strong>regjeringen a <strong>Palazzo Medici Riccardi<\/strong>.<\/p>\n<div class=\"cp_wrapper cp_wrapper--fw mb-50\">\n<figure class=\"mm\"><picture class=\"img\" style=\"padding-top:107.734375%\"><source  media=\"(min-width: 1024px)\"><source  media=\"(min-width: 768px)\"><img decoding=\"async\" loading=\"lazy\" src=\"https:\/\/nordnesrepublikken.no\/wp-content\/uploads\/2025\/06\/1750755019_605_Hva-er-byene-som-har-vaert-hovedstad-i-Italia-over.jpg\" alt=\"Vecchio Palace\" width=\"1280\" height=\"1379\" class=\"js-seedtag-img\"><\/source><\/source><\/picture><\/figure>\n<\/p><\/div>\n<p>Overf\u00f8ringen av kapitalen involverte starten p\u00e5 et stort program for <strong>Bygning av fornyelse<\/strong> For \u00e5 gj\u00f8re Firenze egnet for den rollen som hadde blitt tildelt den: veggene ble revet, <strong>Circonvallazione Avenues<\/strong> Rundt det urbane sentrum, <strong>Piazzale Michelangelo<\/strong> Og forskjellige andre renoveringsverk ble implementert.<\/p>\n<h2><strong>Roma<\/strong><\/h2>\n<p>20. september 1870, to uker etter sammenbruddet av Napoleon III -imperiet, kom den italienske h\u00e6ren inn i Roma gjennom <strong>Breccia di Porta Pia<\/strong>Byen ble annektert til kongeriket Italia, og i februar \u00e5ret etter ble den offisielt hovedstad. Kongen slo seg ned p\u00e5 <strong>Quirinale Palace<\/strong>som hadde v\u00e6rt residens for pavene og siden 1946 ble <strong>Hjemmet til republikkens president<\/strong>. Varamedlemskammeret ble plassert a <strong>Montecitorio Palace<\/strong> og senatet a <strong>Palazzo Madama<\/strong>hvor de fortsatt er. Interi\u00f8rets departement og styrets presidentskap fant i stedet hovedkvarteret a <strong>Palazzo Braschi<\/strong> (i dag er de plassert henholdsvis p\u00e5 <strong>Palazzo del Viminale<\/strong> og <strong>Palazzo Chigi<\/strong>).<\/p>\n<div class=\"cp_wrapper cp_wrapper--fw mb-50\">\n<figure class=\"mm\"><picture class=\"img\" style=\"padding-top:69.010416666667%\"><source  media=\"(min-width: 1024px)\"><source  media=\"(min-width: 768px)\"><img decoding=\"async\" loading=\"lazy\" src=\"https:\/\/nordnesrepublikken.no\/wp-content\/uploads\/2025\/06\/1750755019_880_Hva-er-byene-som-har-vaert-hovedstad-i-Italia-over.jpg\" alt=\"Palazzo Braschi, statsministerens f\u00f8rste sete\" width=\"1920\" height=\"1325\"><\/source><\/source><\/picture><\/figure>\n<\/p><\/div>\n<p>Ogs\u00e5 i Roma involverte overf\u00f8ringen av kapitalen starten av en <strong>et enormt byggeprogram<\/strong>som redesignet ansiktet til byen. Fra 1871 har dessuten hovedstaden i Italia alltid holdt seg i den evige byen. I 1948 bekreftet republikkens grunnlov, i artikkel 114, det i denne rollen og i 2010 antok Roma -kommunen offisielt navnet &laquo;<strong>Roma Capital<\/strong>&laquo;&raquo; <strong>Brindisi og Salerno<\/strong>.<\/p>\n<h2><strong>Brindisi og Salerno<\/strong><\/h2>\n<p>8. september 1943, etter proklamasjonen av v\u00e5penv\u00e5penet med Anglo -American, kongen og regjeringen <strong>De flyktet fra Roma<\/strong>for ikke \u00e5 bli tatt til fange av nazistene, og flyttet til Brindisi, som allerede er frigjort av den anglo -amerikanske. Kongen tok overnatting kl <strong>Swabian Castle<\/strong> Og byen ble faktisk den forel\u00f8pige hovedstaden i kongeriket Italia. 11. februar 1944, da Roma fortsatt var okkupert, domstolen og regjeringen ja <strong>De flyttet til Salerno<\/strong>valgt fordi han var n\u00e6rmere frontlinjen og fordi han kom tilbake blant byene som ble returnert under kontroll av den italienske regjeringen og ikke utsatt for den allierte milit\u00e6re regjeringen, som blant annet var Napoli. Kongen tok overnatting i Ravello kommune, p\u00e5 Amalfikysten, i <strong>Episcopio Villa<\/strong>mens ministerr\u00e5det m\u00f8ttes kl <strong>Palazzo di Citt\u00e0<\/strong>n\u00e5v\u00e6rende sete for Salerno kommune.<\/p>\n<div class=\"cp_wrapper cp_wrapper--fw mb-50\">\n<figure class=\"mm\"><picture class=\"img\" style=\"padding-top:75%\"><source  media=\"(min-width: 1024px)\"><source  media=\"(min-width: 768px)\"><img decoding=\"async\" loading=\"lazy\" src=\"https:\/\/nordnesrepublikken.no\/wp-content\/uploads\/2025\/06\/1750755020_843_Hva-er-byene-som-har-vaert-hovedstad-i-Italia-over.jpg\" alt=\"Palazzo di citt\u00e0 i salerno\" width=\"1024\" height=\"768\" class=\"js-seedtag-img\"><\/source><\/source><\/picture><\/figure>\n<\/p><\/div>\n<p>I den nye &laquo;hovedstaden&raquo; fant en viktig politisk hendelse sted: dannelsen av <strong>Badoglio II -regjering<\/strong>hvorav kommunistpartiet ogs\u00e5 var en del av, som gikk med p\u00e5 \u00e5 v\u00e6re en del av en monarkisk leder i navnet til den vanlige kampen mot nazistenes -fascister: hendelsen er kjent som <strong>Vendepunkt for Salerno<\/strong>. I Salerno holdt han ogs\u00e5 det f\u00f8rste m\u00f8tet p\u00e5 <strong>Bonomi -regjeringen<\/strong>dannet 18. juni 1944. Umiddelbart etter hovedstaden kom han tilbake til Roma, som hadde blitt frigjort av Anglo -American 4. juni. I dag kalles en torg i Salerno &laquo;<strong>Salerno Capital<\/strong>&laquo;, Til minne om hendelsene i 1944. Imidlertid ble Salerno, som Brindisi, aldri offisielt forkynt hovedstaden i Italia.<\/p>\n<div class=\"cp_wrapper  mb-50\">\n<div class=\"cbx\">\n<div class=\"cbx__collection\">\n<p>Kilder<\/p>\n<div class=\"cbx__sources\">\n<p>Antonello Battaglia, The Capital Disputes: Florence, Roma and the September Convention (1864), Edizioni Nuova Cultura 2013.<\/p>\n<p>Vittorio Vidotto, Contemporary Roma, Bari, Laterza, 2006,<\/p>\n<p>Giuseppe d&#8217;Angelo, vannformen. Den langsomme overgangen fra fascisme til Salerno Capitale, Edizioni del Paguro, 2013.<\/p>\n<\/p><\/div>\n<\/p><\/div>\n<\/p><\/div>\n<\/p><\/div>\n<\/p><\/div>\n","protected":false},"excerpt":{"rendered":"<p>F\u00f8r forening fulgte de hverandre p\u00e5 den italienske halv\u00f8ya mange stater Og f\u00f8lgelig ogs\u00e5 mange<\/p>\n","protected":false},"author":1,"featured_media":6169,"comment_status":"closed","ping_status":"open","sticky":false,"template":"","format":"standard","meta":{"footnotes":""},"categories":[104],"tags":[3072,179,3885,144,437,31,636,1886],"class_list":["post-6168","post","type-post","status-publish","format-standard","has-post-thumbnail","hentry","category-samfunn","tag-byene","tag-har","tag-hovedstad","tag-hva","tag-italia","tag-som","tag-tid","tag-vaert","generate-columns","tablet-grid-50","mobile-grid-100","grid-parent","grid-33","resize-featured-image"],"yoast_head":"<!-- This site is optimized with the Yoast SEO plugin v24.4 - https:\/\/yoast.com\/wordpress\/plugins\/seo\/ -->\n<title>Hva er byene som har v\u00e6rt hovedstad i Italia over tid - Nordnesrepublikken<\/title>\n<meta name=\"robots\" content=\"index, follow, max-snippet:-1, max-image-preview:large, max-video-preview:-1\" \/>\n<link rel=\"canonical\" href=\"https:\/\/nordnesrepublikken.no\/index.php\/2025\/06\/24\/hva-er-byene-som-har-vaert-hovedstad-i-italia-over-tid\/\" \/>\n<meta property=\"og:locale\" content=\"nb_NO\" \/>\n<meta property=\"og:type\" content=\"article\" \/>\n<meta property=\"og:title\" content=\"Hva er byene som har v\u00e6rt hovedstad i Italia over tid - Nordnesrepublikken\" \/>\n<meta property=\"og:description\" content=\"F\u00f8r forening fulgte de hverandre p\u00e5 den italienske halv\u00f8ya mange stater Og f\u00f8lgelig ogs\u00e5 mange\" \/>\n<meta property=\"og:url\" content=\"https:\/\/nordnesrepublikken.no\/index.php\/2025\/06\/24\/hva-er-byene-som-har-vaert-hovedstad-i-italia-over-tid\/\" \/>\n<meta property=\"og:site_name\" content=\"Nordnesrepublikken\" \/>\n<meta property=\"article:published_time\" content=\"2025-06-24T08:50:20+00:00\" \/>\n<meta property=\"article:modified_time\" content=\"2025-06-24T08:50:29+00:00\" \/>\n<meta property=\"og:image\" content=\"https:\/\/nordnesrepublikken.no\/wp-content\/uploads\/2025\/06\/1750755021_Hva-er-byene-som-har-vaert-hovedstad-i-Italia-over-scaled.jpg\" \/>\n\t<meta property=\"og:image:width\" content=\"2560\" \/>\n\t<meta property=\"og:image:height\" content=\"1707\" \/>\n\t<meta property=\"og:image:type\" content=\"image\/jpeg\" \/>\n<meta name=\"author\" content=\"Ole Andersen\" \/>\n<meta name=\"twitter:card\" content=\"summary_large_image\" \/>\n<meta name=\"twitter:label1\" content=\"Skrevet av\" \/>\n\t<meta name=\"twitter:data1\" content=\"Ole Andersen\" \/>\n\t<meta name=\"twitter:label2\" content=\"Ansl. lesetid\" \/>\n\t<meta name=\"twitter:data2\" content=\"4 minutter\" \/>\n<script type=\"application\/ld+json\" class=\"yoast-schema-graph\">{\"@context\":\"https:\/\/schema.org\",\"@graph\":[{\"@type\":\"Article\",\"@id\":\"https:\/\/nordnesrepublikken.no\/index.php\/2025\/06\/24\/hva-er-byene-som-har-vaert-hovedstad-i-italia-over-tid\/#article\",\"isPartOf\":{\"@id\":\"https:\/\/nordnesrepublikken.no\/index.php\/2025\/06\/24\/hva-er-byene-som-har-vaert-hovedstad-i-italia-over-tid\/\"},\"author\":{\"name\":\"Ole Andersen\",\"@id\":\"https:\/\/nordnesrepublikken.no\/#\/schema\/person\/2e7e81935bab77882fffb79296240ff1\"},\"headline\":\"Hva er byene som har v\u00e6rt hovedstad i Italia over tid\",\"datePublished\":\"2025-06-24T08:50:20+00:00\",\"dateModified\":\"2025-06-24T08:50:29+00:00\",\"mainEntityOfPage\":{\"@id\":\"https:\/\/nordnesrepublikken.no\/index.php\/2025\/06\/24\/hva-er-byene-som-har-vaert-hovedstad-i-italia-over-tid\/\"},\"wordCount\":892,\"publisher\":{\"@id\":\"https:\/\/nordnesrepublikken.no\/#organization\"},\"image\":{\"@id\":\"https:\/\/nordnesrepublikken.no\/index.php\/2025\/06\/24\/hva-er-byene-som-har-vaert-hovedstad-i-italia-over-tid\/#primaryimage\"},\"thumbnailUrl\":\"https:\/\/nordnesrepublikken.no\/wp-content\/uploads\/2025\/06\/1750755021_Hva-er-byene-som-har-vaert-hovedstad-i-Italia-over-scaled.jpg\",\"keywords\":[\"byene\",\"har\",\"hovedstad\",\"Hva\",\"Italia\",\"som\",\"tid\",\"v\u00e6rt\"],\"articleSection\":[\"Samfunn\"],\"inLanguage\":\"nb-NO\"},{\"@type\":\"WebPage\",\"@id\":\"https:\/\/nordnesrepublikken.no\/index.php\/2025\/06\/24\/hva-er-byene-som-har-vaert-hovedstad-i-italia-over-tid\/\",\"url\":\"https:\/\/nordnesrepublikken.no\/index.php\/2025\/06\/24\/hva-er-byene-som-har-vaert-hovedstad-i-italia-over-tid\/\",\"name\":\"Hva er byene som har v\u00e6rt hovedstad i Italia over tid - Nordnesrepublikken\",\"isPartOf\":{\"@id\":\"https:\/\/nordnesrepublikken.no\/#website\"},\"primaryImageOfPage\":{\"@id\":\"https:\/\/nordnesrepublikken.no\/index.php\/2025\/06\/24\/hva-er-byene-som-har-vaert-hovedstad-i-italia-over-tid\/#primaryimage\"},\"image\":{\"@id\":\"https:\/\/nordnesrepublikken.no\/index.php\/2025\/06\/24\/hva-er-byene-som-har-vaert-hovedstad-i-italia-over-tid\/#primaryimage\"},\"thumbnailUrl\":\"https:\/\/nordnesrepublikken.no\/wp-content\/uploads\/2025\/06\/1750755021_Hva-er-byene-som-har-vaert-hovedstad-i-Italia-over-scaled.jpg\",\"datePublished\":\"2025-06-24T08:50:20+00:00\",\"dateModified\":\"2025-06-24T08:50:29+00:00\",\"breadcrumb\":{\"@id\":\"https:\/\/nordnesrepublikken.no\/index.php\/2025\/06\/24\/hva-er-byene-som-har-vaert-hovedstad-i-italia-over-tid\/#breadcrumb\"},\"inLanguage\":\"nb-NO\",\"potentialAction\":[{\"@type\":\"ReadAction\",\"target\":[\"https:\/\/nordnesrepublikken.no\/index.php\/2025\/06\/24\/hva-er-byene-som-har-vaert-hovedstad-i-italia-over-tid\/\"]}]},{\"@type\":\"ImageObject\",\"inLanguage\":\"nb-NO\",\"@id\":\"https:\/\/nordnesrepublikken.no\/index.php\/2025\/06\/24\/hva-er-byene-som-har-vaert-hovedstad-i-italia-over-tid\/#primaryimage\",\"url\":\"https:\/\/nordnesrepublikken.no\/wp-content\/uploads\/2025\/06\/1750755021_Hva-er-byene-som-har-vaert-hovedstad-i-Italia-over-scaled.jpg\",\"contentUrl\":\"https:\/\/nordnesrepublikken.no\/wp-content\/uploads\/2025\/06\/1750755021_Hva-er-byene-som-har-vaert-hovedstad-i-Italia-over-scaled.jpg\",\"width\":2560,\"height\":1707,\"caption\":\"capitali italia\"},{\"@type\":\"BreadcrumbList\",\"@id\":\"https:\/\/nordnesrepublikken.no\/index.php\/2025\/06\/24\/hva-er-byene-som-har-vaert-hovedstad-i-italia-over-tid\/#breadcrumb\",\"itemListElement\":[{\"@type\":\"ListItem\",\"position\":1,\"name\":\"Home\",\"item\":\"https:\/\/nordnesrepublikken.no\/\"},{\"@type\":\"ListItem\",\"position\":2,\"name\":\"Hva er byene som har v\u00e6rt hovedstad i Italia over tid\"}]},{\"@type\":\"WebSite\",\"@id\":\"https:\/\/nordnesrepublikken.no\/#website\",\"url\":\"https:\/\/nordnesrepublikken.no\/\",\"name\":\"Nordnesrepublikken\",\"description\":\"Stemmer og Visjoner fra Republikkens Hjerte\",\"publisher\":{\"@id\":\"https:\/\/nordnesrepublikken.no\/#organization\"},\"potentialAction\":[{\"@type\":\"SearchAction\",\"target\":{\"@type\":\"EntryPoint\",\"urlTemplate\":\"https:\/\/nordnesrepublikken.no\/?s={search_term_string}\"},\"query-input\":{\"@type\":\"PropertyValueSpecification\",\"valueRequired\":true,\"valueName\":\"search_term_string\"}}],\"inLanguage\":\"nb-NO\"},{\"@type\":\"Organization\",\"@id\":\"https:\/\/nordnesrepublikken.no\/#organization\",\"name\":\"Nordnesrepublikken\",\"url\":\"https:\/\/nordnesrepublikken.no\/\",\"logo\":{\"@type\":\"ImageObject\",\"inLanguage\":\"nb-NO\",\"@id\":\"https:\/\/nordnesrepublikken.no\/#\/schema\/logo\/image\/\",\"url\":\"https:\/\/nordnesrepublikken.no\/wp-content\/uploads\/2025\/02\/cropped-nordnesrepublikken-2.png\",\"contentUrl\":\"https:\/\/nordnesrepublikken.no\/wp-content\/uploads\/2025\/02\/cropped-nordnesrepublikken-2.png\",\"width\":1248,\"height\":362,\"caption\":\"Nordnesrepublikken\"},\"image\":{\"@id\":\"https:\/\/nordnesrepublikken.no\/#\/schema\/logo\/image\/\"}},{\"@type\":\"Person\",\"@id\":\"https:\/\/nordnesrepublikken.no\/#\/schema\/person\/2e7e81935bab77882fffb79296240ff1\",\"name\":\"Ole Andersen\",\"image\":{\"@type\":\"ImageObject\",\"inLanguage\":\"nb-NO\",\"@id\":\"https:\/\/nordnesrepublikken.no\/#\/schema\/person\/image\/\",\"url\":\"https:\/\/nordnesrepublikken.no\/wp-content\/uploads\/2025\/02\/nordnesrepublikken-2-2-150x150.jpg\",\"contentUrl\":\"https:\/\/nordnesrepublikken.no\/wp-content\/uploads\/2025\/02\/nordnesrepublikken-2-2-150x150.jpg\",\"caption\":\"Ole Andersen\"},\"description\":\"Ettersom jeg vokste opp i Oslo, har jeg alltid v\u00e6rt fascinert av ordenes kraft og deres evne til \u00e5 skape endringer. Etter \u00e5 ha fullf\u00f8rt min utdannelse i kommunikasjon ved Universitetet i Bergen, fikk jeg muligheten til \u00e5 jobbe innen ulike medier, der jeg har s\u00f8kt \u00e5 belyse viktige samfunnssp\u00f8rsm\u00e5l. I dag, som redakt\u00f8r for Nordnesrepublikken, pr\u00f8ver jeg \u00e5 forene min kj\u00e6rlighet for journalistikk med min lidenskap for innovasjon og eventyr.\",\"sameAs\":[\"https:\/\/nordnesrepublikken.no\/\"]}]}<\/script>\n<!-- \/ Yoast SEO plugin. -->","yoast_head_json":{"title":"Hva er byene som har v\u00e6rt hovedstad i Italia over tid - Nordnesrepublikken","robots":{"index":"index","follow":"follow","max-snippet":"max-snippet:-1","max-image-preview":"max-image-preview:large","max-video-preview":"max-video-preview:-1"},"canonical":"https:\/\/nordnesrepublikken.no\/index.php\/2025\/06\/24\/hva-er-byene-som-har-vaert-hovedstad-i-italia-over-tid\/","og_locale":"nb_NO","og_type":"article","og_title":"Hva er byene som har v\u00e6rt hovedstad i Italia over tid - Nordnesrepublikken","og_description":"F\u00f8r forening fulgte de hverandre p\u00e5 den italienske halv\u00f8ya mange stater Og f\u00f8lgelig ogs\u00e5 mange","og_url":"https:\/\/nordnesrepublikken.no\/index.php\/2025\/06\/24\/hva-er-byene-som-har-vaert-hovedstad-i-italia-over-tid\/","og_site_name":"Nordnesrepublikken","article_published_time":"2025-06-24T08:50:20+00:00","article_modified_time":"2025-06-24T08:50:29+00:00","og_image":[{"width":2560,"height":1707,"url":"https:\/\/nordnesrepublikken.no\/wp-content\/uploads\/2025\/06\/1750755021_Hva-er-byene-som-har-vaert-hovedstad-i-Italia-over-scaled.jpg","type":"image\/jpeg"}],"author":"Ole Andersen","twitter_card":"summary_large_image","twitter_misc":{"Skrevet av":"Ole Andersen","Ansl. lesetid":"4 minutter"},"schema":{"@context":"https:\/\/schema.org","@graph":[{"@type":"Article","@id":"https:\/\/nordnesrepublikken.no\/index.php\/2025\/06\/24\/hva-er-byene-som-har-vaert-hovedstad-i-italia-over-tid\/#article","isPartOf":{"@id":"https:\/\/nordnesrepublikken.no\/index.php\/2025\/06\/24\/hva-er-byene-som-har-vaert-hovedstad-i-italia-over-tid\/"},"author":{"name":"Ole Andersen","@id":"https:\/\/nordnesrepublikken.no\/#\/schema\/person\/2e7e81935bab77882fffb79296240ff1"},"headline":"Hva er byene som har v\u00e6rt hovedstad i Italia over tid","datePublished":"2025-06-24T08:50:20+00:00","dateModified":"2025-06-24T08:50:29+00:00","mainEntityOfPage":{"@id":"https:\/\/nordnesrepublikken.no\/index.php\/2025\/06\/24\/hva-er-byene-som-har-vaert-hovedstad-i-italia-over-tid\/"},"wordCount":892,"publisher":{"@id":"https:\/\/nordnesrepublikken.no\/#organization"},"image":{"@id":"https:\/\/nordnesrepublikken.no\/index.php\/2025\/06\/24\/hva-er-byene-som-har-vaert-hovedstad-i-italia-over-tid\/#primaryimage"},"thumbnailUrl":"https:\/\/nordnesrepublikken.no\/wp-content\/uploads\/2025\/06\/1750755021_Hva-er-byene-som-har-vaert-hovedstad-i-Italia-over-scaled.jpg","keywords":["byene","har","hovedstad","Hva","Italia","som","tid","v\u00e6rt"],"articleSection":["Samfunn"],"inLanguage":"nb-NO"},{"@type":"WebPage","@id":"https:\/\/nordnesrepublikken.no\/index.php\/2025\/06\/24\/hva-er-byene-som-har-vaert-hovedstad-i-italia-over-tid\/","url":"https:\/\/nordnesrepublikken.no\/index.php\/2025\/06\/24\/hva-er-byene-som-har-vaert-hovedstad-i-italia-over-tid\/","name":"Hva er byene som har v\u00e6rt hovedstad i Italia over tid - Nordnesrepublikken","isPartOf":{"@id":"https:\/\/nordnesrepublikken.no\/#website"},"primaryImageOfPage":{"@id":"https:\/\/nordnesrepublikken.no\/index.php\/2025\/06\/24\/hva-er-byene-som-har-vaert-hovedstad-i-italia-over-tid\/#primaryimage"},"image":{"@id":"https:\/\/nordnesrepublikken.no\/index.php\/2025\/06\/24\/hva-er-byene-som-har-vaert-hovedstad-i-italia-over-tid\/#primaryimage"},"thumbnailUrl":"https:\/\/nordnesrepublikken.no\/wp-content\/uploads\/2025\/06\/1750755021_Hva-er-byene-som-har-vaert-hovedstad-i-Italia-over-scaled.jpg","datePublished":"2025-06-24T08:50:20+00:00","dateModified":"2025-06-24T08:50:29+00:00","breadcrumb":{"@id":"https:\/\/nordnesrepublikken.no\/index.php\/2025\/06\/24\/hva-er-byene-som-har-vaert-hovedstad-i-italia-over-tid\/#breadcrumb"},"inLanguage":"nb-NO","potentialAction":[{"@type":"ReadAction","target":["https:\/\/nordnesrepublikken.no\/index.php\/2025\/06\/24\/hva-er-byene-som-har-vaert-hovedstad-i-italia-over-tid\/"]}]},{"@type":"ImageObject","inLanguage":"nb-NO","@id":"https:\/\/nordnesrepublikken.no\/index.php\/2025\/06\/24\/hva-er-byene-som-har-vaert-hovedstad-i-italia-over-tid\/#primaryimage","url":"https:\/\/nordnesrepublikken.no\/wp-content\/uploads\/2025\/06\/1750755021_Hva-er-byene-som-har-vaert-hovedstad-i-Italia-over-scaled.jpg","contentUrl":"https:\/\/nordnesrepublikken.no\/wp-content\/uploads\/2025\/06\/1750755021_Hva-er-byene-som-har-vaert-hovedstad-i-Italia-over-scaled.jpg","width":2560,"height":1707,"caption":"capitali italia"},{"@type":"BreadcrumbList","@id":"https:\/\/nordnesrepublikken.no\/index.php\/2025\/06\/24\/hva-er-byene-som-har-vaert-hovedstad-i-italia-over-tid\/#breadcrumb","itemListElement":[{"@type":"ListItem","position":1,"name":"Home","item":"https:\/\/nordnesrepublikken.no\/"},{"@type":"ListItem","position":2,"name":"Hva er byene som har v\u00e6rt hovedstad i Italia over tid"}]},{"@type":"WebSite","@id":"https:\/\/nordnesrepublikken.no\/#website","url":"https:\/\/nordnesrepublikken.no\/","name":"Nordnesrepublikken","description":"Stemmer og Visjoner fra Republikkens Hjerte","publisher":{"@id":"https:\/\/nordnesrepublikken.no\/#organization"},"potentialAction":[{"@type":"SearchAction","target":{"@type":"EntryPoint","urlTemplate":"https:\/\/nordnesrepublikken.no\/?s={search_term_string}"},"query-input":{"@type":"PropertyValueSpecification","valueRequired":true,"valueName":"search_term_string"}}],"inLanguage":"nb-NO"},{"@type":"Organization","@id":"https:\/\/nordnesrepublikken.no\/#organization","name":"Nordnesrepublikken","url":"https:\/\/nordnesrepublikken.no\/","logo":{"@type":"ImageObject","inLanguage":"nb-NO","@id":"https:\/\/nordnesrepublikken.no\/#\/schema\/logo\/image\/","url":"https:\/\/nordnesrepublikken.no\/wp-content\/uploads\/2025\/02\/cropped-nordnesrepublikken-2.png","contentUrl":"https:\/\/nordnesrepublikken.no\/wp-content\/uploads\/2025\/02\/cropped-nordnesrepublikken-2.png","width":1248,"height":362,"caption":"Nordnesrepublikken"},"image":{"@id":"https:\/\/nordnesrepublikken.no\/#\/schema\/logo\/image\/"}},{"@type":"Person","@id":"https:\/\/nordnesrepublikken.no\/#\/schema\/person\/2e7e81935bab77882fffb79296240ff1","name":"Ole Andersen","image":{"@type":"ImageObject","inLanguage":"nb-NO","@id":"https:\/\/nordnesrepublikken.no\/#\/schema\/person\/image\/","url":"https:\/\/nordnesrepublikken.no\/wp-content\/uploads\/2025\/02\/nordnesrepublikken-2-2-150x150.jpg","contentUrl":"https:\/\/nordnesrepublikken.no\/wp-content\/uploads\/2025\/02\/nordnesrepublikken-2-2-150x150.jpg","caption":"Ole Andersen"},"description":"Ettersom jeg vokste opp i Oslo, har jeg alltid v\u00e6rt fascinert av ordenes kraft og deres evne til \u00e5 skape endringer. Etter \u00e5 ha fullf\u00f8rt min utdannelse i kommunikasjon ved Universitetet i Bergen, fikk jeg muligheten til \u00e5 jobbe innen ulike medier, der jeg har s\u00f8kt \u00e5 belyse viktige samfunnssp\u00f8rsm\u00e5l. I dag, som redakt\u00f8r for Nordnesrepublikken, pr\u00f8ver jeg \u00e5 forene min kj\u00e6rlighet for journalistikk med min lidenskap for innovasjon og eventyr.","sameAs":["https:\/\/nordnesrepublikken.no\/"]}]}},"_links":{"self":[{"href":"https:\/\/nordnesrepublikken.no\/index.php\/wp-json\/wp\/v2\/posts\/6168","targetHints":{"allow":["GET"]}}],"collection":[{"href":"https:\/\/nordnesrepublikken.no\/index.php\/wp-json\/wp\/v2\/posts"}],"about":[{"href":"https:\/\/nordnesrepublikken.no\/index.php\/wp-json\/wp\/v2\/types\/post"}],"author":[{"embeddable":true,"href":"https:\/\/nordnesrepublikken.no\/index.php\/wp-json\/wp\/v2\/users\/1"}],"replies":[{"embeddable":true,"href":"https:\/\/nordnesrepublikken.no\/index.php\/wp-json\/wp\/v2\/comments?post=6168"}],"version-history":[{"count":1,"href":"https:\/\/nordnesrepublikken.no\/index.php\/wp-json\/wp\/v2\/posts\/6168\/revisions"}],"predecessor-version":[{"id":6170,"href":"https:\/\/nordnesrepublikken.no\/index.php\/wp-json\/wp\/v2\/posts\/6168\/revisions\/6170"}],"wp:featuredmedia":[{"embeddable":true,"href":"https:\/\/nordnesrepublikken.no\/index.php\/wp-json\/wp\/v2\/media\/6169"}],"wp:attachment":[{"href":"https:\/\/nordnesrepublikken.no\/index.php\/wp-json\/wp\/v2\/media?parent=6168"}],"wp:term":[{"taxonomy":"category","embeddable":true,"href":"https:\/\/nordnesrepublikken.no\/index.php\/wp-json\/wp\/v2\/categories?post=6168"},{"taxonomy":"post_tag","embeddable":true,"href":"https:\/\/nordnesrepublikken.no\/index.php\/wp-json\/wp\/v2\/tags?post=6168"}],"curies":[{"name":"wp","href":"https:\/\/api.w.org\/{rel}","templated":true}]}}