{"id":6159,"date":"2025-06-24T03:49:55","date_gmt":"2025-06-24T01:49:55","guid":{"rendered":"https:\/\/nordnesrepublikken.no\/index.php\/2025\/06\/24\/mongolfiera-falt-til-brasil-8-ofre-hva-gikk-galt\/"},"modified":"2025-06-24T03:49:58","modified_gmt":"2025-06-24T01:49:58","slug":"mongolfiera-falt-til-brasil-8-ofre-hva-gikk-galt","status":"publish","type":"post","link":"https:\/\/nordnesrepublikken.no\/index.php\/2025\/06\/24\/mongolfiera-falt-til-brasil-8-ofre-hva-gikk-galt\/","title":{"rendered":"Mongolfiera falt til Brasil, 8 ofre: Hva gikk galt"},"content":{"rendered":"<div>\n<div class=\"cp_wrapper cp_wrapper--fw mb-30 mb-20@tablet\">\n<figure class=\"mm\"><picture class=\"img\" style=\"padding-top:56.25%\"><source  media=\"(min-width: 1024px)\"><source  media=\"(min-width: 768px)\"><\/source><\/source><\/picture><\/figure>\n<\/p><\/div>\n<p><strong>L\u00f8rdag 21. juni<\/strong> Klokka 9.30 om morgenen i Praia Grande, i S\u00f8r -Brasil, ble en tragedie konsumert. EN <strong>Varm luftballong<\/strong> med 21 personer om bord har utfelt, noe som f\u00f8rer til <strong>8 ofre<\/strong> og 13 overlevende. Ulykken ser ut til \u00e5 ha blitt f\u00f8dt fra en liten <strong>Rogue<\/strong> <strong>inne i kurven<\/strong> Som inneholdt passasjerene, som brakte til en n\u00f8dprosedyre som dessverre hadde komplikasjoner, til den brakte til ballen og den p\u00e5f\u00f8lgende kollapsen av hele den varme luftballongen.<\/p>\n<h2>Hvordan en varmluftsballong fungerer og vanskeligheter med \u00e5 ta -off<\/h2>\n<p>Der <strong>Varm luftballong<\/strong> Det er en aerostatisk ball, dvs. et luftkj\u00f8ret\u00f8y som bruker gasser med lav tetthet for \u00e5 st\u00e5 opp. Spesielt klarer de varme luftballongene \u00e5 st\u00e5 opp takket v\u00e6re<strong>Bruk av varm luft<\/strong> inne i ballen. Dette er fordi den varme luften er mindre tett enn den kaldere som ligger utenfor, og for dette beveger den seg oppover, den er den ber\u00f8mte <strong>Archimedes -prinsippet<\/strong>. Ved inngangen til ballen, i den nedre delen, er det derfor den s\u00e5 -kalt <strong>brenner,<\/strong> En sylinder som takket v\u00e6re forbrenning av gass, vanligvis propan, genererer en flamme som vil varme opp luften inne i ballen, og i tillegg frigj\u00f8r den produktene fra forbrenningen av propanen som ogs\u00e5 vil g\u00e5 for \u00e5 fylle den varme luftballongen, som dermed klarer \u00e5 komme opp.<\/p>\n<div class=\"cp_wrapper cp_wrapper--fw mb-50\">\n<figure class=\"mm\"><picture class=\"img\" style=\"padding-top:59.038557836755%\"><source  media=\"(min-width: 1024px)\"><source  media=\"(min-width: 768px)\"><img decoding=\"async\" loading=\"lazy\" src=\"https:\/\/nordnesrepublikken.no\/wp-content\/uploads\/2025\/06\/1750729795_708_Mongolfiera-falt-til-Brasil-8-ofre-Hva-gikk-galt.jpg\" alt=\"Mongolfiera Burner\" width=\"5991\" height=\"3537\"><\/source><\/source><\/picture><\/figure>\n<\/p><\/div>\n<p>Og her kan vi allerede gj\u00f8re en<strong>Observasjon p\u00e5 ulykken<\/strong>: Noen vitner snakket om problemer allerede i starten, fordi den varme luftballongen kjempet for \u00e5 komme opp i luften. Her, p\u00e5 dette, m\u00e5 det sies at n\u00f8yaktig for den kalde varme luftmekanismen som vi nettopp har snakket om, jo \u200b\u200blavere den ytre temperaturen, jo lettere vil det v\u00e6re \u00e5 f\u00e5 den varme luftballongen av. Selv om det er veldig varmt ute, vil forskjellen i temperaturen mellom ballenes indre og utsiden mindre, og derfor vil push oppover v\u00e6re mindre. Det er av denne grunn at <strong>Flyreiser skjer vanligvis ved daggry eller om natten<\/strong>med en foretrukket temperatur av massimo <strong>15 grader<\/strong>. Ved st\u00f8rre temperaturer kan det fortsatt v\u00e6re flygende, men ta -off vil v\u00e6re vanskeligere.<\/p>\n<p>P\u00e5 ulykkestidspunktet, 9.30 om morgenen, i Praia Grande <strong>Temperaturen var rundt 23 grader<\/strong>derfor er det ikke rart at start -off ikke ser ut til \u00e5 ha v\u00e6rt \u00f8yeblikkelig.<\/p>\n<p>For \u00e5 fullf\u00f8re driften av flukten til en varmluftsballong, hvis du vil i stedet <strong>Ned,<\/strong> miste h\u00f8yden, du m\u00e5 <strong>Avkj\u00f8l luften<\/strong> Til stede inne i den varme luftballongen. P\u00e5 denne m\u00e5ten blir luften i ballen tettere og push oppover reduseres. Og hvordan gj\u00f8r du det? Gjennom en avlastningsventil plassert p\u00e5 toppen av ballen som \u00e5pnes av piloten for \u00e5 f\u00e5 frem varm luft og dermed balansere temperaturen.<\/p>\n<h2>Fordi tilstedev\u00e6relsen av en flamme ikke er farlig: Ballens motstand<\/h2>\n<p>Gitt driften av varmluftsballongen, er sannsynligvis det vanligste sp\u00f8rsm\u00e5let: men det er ikke farlig, generelt at en lerretball blir oppbl\u00e5st gjennom en <strong>flamme?<\/strong> Pleide ikke. Og dette var ikke \u00e5rsaken til ulykken. Moderne luftballonger er sammensatt av syntetiske stoffer, for eksempel nylon, utstyrt med letthet og god mekanisk motstand. Tenk p\u00e5 at temperaturene inne i ballen kan <strong>n\u00e5 omtrent 120 \u00b0 C<\/strong>mens smeltetemperaturen til <strong>nylon<\/strong> Det er definitivt h\u00f8yere, <strong>Ca 220-230 \u00b0 C<\/strong>. I tillegg er inngangen til ballen veldig stor og den h\u00f8ye flammen, dekket av selve ballen, s\u00e5 <strong>Det er veldig vanskelig for flammen \u00e5 ber\u00f8re den varme luftballongen direkte<\/strong>. I tillegg, i den laveste delen, n\u00e6r brenneren, er det endelig Fireflow -materiale, for \u00e5 forhindre at ballen tar fyr.<\/p>\n<div class=\"cp_wrapper cp_wrapper--fw mb-50\">\n<figure class=\"mm\"><picture class=\"img\" style=\"padding-top:56.25%\"><source  media=\"(min-width: 1024px)\"><source  media=\"(min-width: 768px)\"><img decoding=\"async\" loading=\"lazy\" src=\"https:\/\/nordnesrepublikken.no\/wp-content\/uploads\/2025\/06\/1750729795_955_Mongolfiera-falt-til-Brasil-8-ofre-Hva-gikk-galt.jpg\" alt=\"Mongolgiera\" width=\"1600\" height=\"900\" class=\"js-seedtag-img\"><\/source><\/source><\/picture><\/figure>\n<\/p><\/div>\n<p>Foringsr\u00f8ret er ikke et unikt stoff, men sammensatt av <strong>Flere kiler<\/strong> Du syr sammen og det er laget slik at den ikke i n\u00e6rv\u00e6r av glimt, av en utilsiktet t\u00e5re, utvides. Dette er grunnen til at nylon kalles <strong>&laquo;RIP STOP&raquo;<\/strong>.<\/p>\n<p>S\u00e5 hva for\u00e5rsaket ulykken?<\/p>\n<h2>Dynamikken i ulykken: feil i prosedyren i tilfelle brann<\/h2>\n<p>Den f\u00f8rste tingen \u00e5 si er at <strong>v\u00e6rforhold<\/strong> de var<strong> stall<\/strong> Og gunstig, samme dag hadde andre flyer blitt utf\u00f8rt i fred.<\/p>\n<p>I f\u00f8lge vitnesbyrdene til b\u00e5de Mongolfiera -piloten og de 13 overlevende, startet alt fra en liten <strong>Rogue<\/strong> inne i <strong>Basket av den varme luftballongen<\/strong>. Det du vet er at det kan ha v\u00e6rt for\u00e5rsaket av den oksidiske flammen som brukes til \u00e5 sl\u00e5 p\u00e5 brenneren, men hvordan dette har blitt aktivert eller hvem som har v\u00e6rt \u00e5 bruke den p\u00e5 feil m\u00e5te for \u00f8yeblikket, er ikke klart. En annen hypotese er at det var en <strong>Propantap<\/strong> Fra en av kablene som kobler tankene til lysantengningspunktet. Teoretisk sett skal omr\u00e5det rundt sylindrene dekkes av <strong>brannsikkert materiale<\/strong>slik at kurven er beskyttet mot flammer, men vi vet ikke hva som skjedde i dette tilfellet.<\/p>\n<div class=\"cp_wrapper cp_wrapper--fw mb-50\">\n<figure class=\"mm\"><picture class=\"img\" style=\"padding-top:58.474576271186%\"><source  media=\"(min-width: 1024px)\"><source  media=\"(min-width: 768px)\"><img decoding=\"async\" loading=\"lazy\" src=\"https:\/\/nordnesrepublikken.no\/wp-content\/uploads\/2025\/06\/1750729795_798_Mongolfiera-falt-til-Brasil-8-ofre-Hva-gikk-galt.jpg\" alt=\"Mongolfiera falt i Brasil\" width=\"472\" height=\"276\"><\/source><\/source><\/picture><\/figure>\n<\/p><\/div>\n<p>I f\u00f8lge vitnesbyrdene pr\u00f8vde piloten ogs\u00e5 \u00e5 slukke flammene med brannslukningsapparatet, som alltid m\u00e5 v\u00e6re der, og i mellomtiden har den f\u00e5tt den varme luftballongen til \u00e5 g\u00e5 ned for \u00e5 komme til bakken.<br \/>Der <strong>prosedyre i tilfelle brann om bord<\/strong>Faktisk gir det nettopp: \u00e5 stoppe gassforsyningen ved \u00e5 lukke rubunene til sylindrene, <strong>Sl\u00e5 av brenneren<\/strong> Og n\u00e5r du kommer p\u00e5 bakken, \u00e5pner du ventilen helt for \u00e5 f\u00e5 all den varme luften ut og forhindre at den varme luftballongen reiser seg igjen.<\/p>\n<p>Noe i denne prosedyren gikk imidlertid galt. N\u00e5r den varme luftballongen kom p\u00e5 bakken, ga piloten ordren om \u00e5 g\u00e5 ned, og han falt ogs\u00e5, bare at ikke alle passasjerene hadde reddet. Og her er det en stor feil: <strong>Piloten m\u00e5 alltid v\u00e6re den siste som g\u00e5r ned<\/strong>. Vi vet ikke hvorfor det gikk ned f\u00f8r, men det skulle ikke skje, spesielt under uventede hendelser som dette. <strong>Den varme luftballongen<\/strong>Faktisk,<strong> En gang p\u00e5 bakken har hun kommet tilbake til klatring<\/strong>. Dette kan skyldes flere faktorer eller feil: For det f\u00f8rste har 13 personer ned, vekten som skal heves har redusert betydelig. I teorien, hvis brenneren var av og ventilen riktig \u00e5pnet, burde ikke den varme luftballongen ha kommet tilbake for \u00e5 st\u00e5 opp fordi den ikke lenger har presset.<\/p>\n<p>S\u00e5 hvis hun reiste seg, \u00e5pnet ikke piloten riktig ventilen eller sl\u00e5tt av brenneren, det vil si at den ikke fulgte prosedyren, eller ilden p\u00e5 kurven fortsatte \u00e5 fylle ballen med varm luft og dermed gi den muligheten til \u00e5 komme opp. Men igjen, hvis ventilen hadde blitt \u00e5pnet, var teoretisk ikke l\u00f8ftet mulig uansett.<\/p>\n<div class=\"cp_wrapper cp_wrapper--fw mb-50\">\n<figure class=\"mm\"><picture class=\"img\" style=\"padding-top:50%\"><source  media=\"(min-width: 1024px)\"><source  media=\"(min-width: 768px)\"><img decoding=\"async\" loading=\"lazy\" src=\"https:\/\/nordnesrepublikken.no\/wp-content\/uploads\/2025\/06\/1750729795_609_Mongolfiera-falt-til-Brasil-8-ofre-Hva-gikk-galt.jpg\" alt=\"Mongolfiera Brasil Fall\" width=\"720\" height=\"360\" class=\"js-seedtag-img\"><\/source><\/source><\/picture><\/figure>\n<\/p><\/div>\n<p>En mulig hypotese er at <strong>tau som regulerer ventilen<\/strong> hadde blitt slitt ut av staven, og av denne grunn har piloten kanskje ikke klart \u00e5 \u00e5pne den riktig. Faktum gjenst\u00e5r at piloten gjorde en stor feil: den gikk ned f\u00f8r alle var trygge.<\/p>\n<p>N\u00e5r den var returnert i h\u00f8yden, var den varme luftballongen slik uten at noen som var i stand til \u00e5 veilede den og med en stav fremdeles i live. P\u00e5 det tidspunktet <strong>Flammer fra kurven har ogs\u00e5 n\u00e5dd de andre komponentene<\/strong> av ballen vi ser og kollapser. Det er ogs\u00e5 sannsynlig at forbrenningen av kurven f\u00f8rte luften inn i ballen <strong>godt over 200 grader<\/strong>dermed \u00e5 skade stoffet, som han ikke holdt opp.<\/p>\n<\/p><\/div>\n","protected":false},"excerpt":{"rendered":"<p>L\u00f8rdag 21. juni Klokka 9.30 om morgenen i Praia Grande, i S\u00f8r -Brasil, ble en<\/p>\n","protected":false},"author":1,"featured_media":6160,"comment_status":"closed","ping_status":"open","sticky":false,"template":"","format":"standard","meta":{"footnotes":""},"categories":[104],"tags":[2951,992,3880,2104,144,3879,506,117],"class_list":["post-6159","post","type-post","status-publish","format-standard","has-post-thumbnail","hentry","category-samfunn","tag-brasil","tag-falt","tag-galt","tag-gikk","tag-hva","tag-mongolfiera","tag-ofre","tag-til","generate-columns","tablet-grid-50","mobile-grid-100","grid-parent","grid-33","resize-featured-image"],"yoast_head":"<!-- This site is optimized with the Yoast SEO plugin v24.4 - https:\/\/yoast.com\/wordpress\/plugins\/seo\/ -->\n<title>Mongolfiera falt til Brasil, 8 ofre: Hva gikk galt - Nordnesrepublikken<\/title>\n<meta name=\"robots\" content=\"index, follow, max-snippet:-1, max-image-preview:large, max-video-preview:-1\" \/>\n<link rel=\"canonical\" href=\"https:\/\/nordnesrepublikken.no\/index.php\/2025\/06\/24\/mongolfiera-falt-til-brasil-8-ofre-hva-gikk-galt\/\" \/>\n<meta property=\"og:locale\" content=\"nb_NO\" \/>\n<meta property=\"og:type\" content=\"article\" \/>\n<meta property=\"og:title\" content=\"Mongolfiera falt til Brasil, 8 ofre: Hva gikk galt - Nordnesrepublikken\" \/>\n<meta property=\"og:description\" content=\"L\u00f8rdag 21. juni Klokka 9.30 om morgenen i Praia Grande, i S\u00f8r -Brasil, ble en\" \/>\n<meta property=\"og:url\" content=\"https:\/\/nordnesrepublikken.no\/index.php\/2025\/06\/24\/mongolfiera-falt-til-brasil-8-ofre-hva-gikk-galt\/\" \/>\n<meta property=\"og:site_name\" content=\"Nordnesrepublikken\" \/>\n<meta property=\"article:published_time\" content=\"2025-06-24T01:49:55+00:00\" \/>\n<meta property=\"article:modified_time\" content=\"2025-06-24T01:49:58+00:00\" \/>\n<meta property=\"og:image\" content=\"https:\/\/nordnesrepublikken.no\/wp-content\/uploads\/2025\/06\/1750729796_Mongolfiera-falt-til-Brasil-8-ofre-Hva-gikk-galt.jpg\" \/>\n\t<meta property=\"og:image:width\" content=\"1280\" \/>\n\t<meta property=\"og:image:height\" content=\"720\" \/>\n\t<meta property=\"og:image:type\" content=\"image\/jpeg\" \/>\n<meta name=\"author\" content=\"Ole Andersen\" \/>\n<meta name=\"twitter:card\" content=\"summary_large_image\" \/>\n<meta name=\"twitter:label1\" content=\"Skrevet av\" \/>\n\t<meta name=\"twitter:data1\" content=\"Ole Andersen\" \/>\n\t<meta name=\"twitter:label2\" content=\"Ansl. lesetid\" \/>\n\t<meta name=\"twitter:data2\" content=\"6 minutter\" \/>\n<script type=\"application\/ld+json\" class=\"yoast-schema-graph\">{\"@context\":\"https:\/\/schema.org\",\"@graph\":[{\"@type\":\"Article\",\"@id\":\"https:\/\/nordnesrepublikken.no\/index.php\/2025\/06\/24\/mongolfiera-falt-til-brasil-8-ofre-hva-gikk-galt\/#article\",\"isPartOf\":{\"@id\":\"https:\/\/nordnesrepublikken.no\/index.php\/2025\/06\/24\/mongolfiera-falt-til-brasil-8-ofre-hva-gikk-galt\/\"},\"author\":{\"name\":\"Ole Andersen\",\"@id\":\"https:\/\/nordnesrepublikken.no\/#\/schema\/person\/2e7e81935bab77882fffb79296240ff1\"},\"headline\":\"Mongolfiera falt til Brasil, 8 ofre: Hva gikk galt\",\"datePublished\":\"2025-06-24T01:49:55+00:00\",\"dateModified\":\"2025-06-24T01:49:58+00:00\",\"mainEntityOfPage\":{\"@id\":\"https:\/\/nordnesrepublikken.no\/index.php\/2025\/06\/24\/mongolfiera-falt-til-brasil-8-ofre-hva-gikk-galt\/\"},\"wordCount\":1163,\"publisher\":{\"@id\":\"https:\/\/nordnesrepublikken.no\/#organization\"},\"image\":{\"@id\":\"https:\/\/nordnesrepublikken.no\/index.php\/2025\/06\/24\/mongolfiera-falt-til-brasil-8-ofre-hva-gikk-galt\/#primaryimage\"},\"thumbnailUrl\":\"https:\/\/nordnesrepublikken.no\/wp-content\/uploads\/2025\/06\/1750729796_Mongolfiera-falt-til-Brasil-8-ofre-Hva-gikk-galt.jpg\",\"keywords\":[\"Brasil\",\"falt\",\"galt\",\"gikk\",\"Hva\",\"Mongolfiera\",\"ofre\",\"til\"],\"articleSection\":[\"Samfunn\"],\"inLanguage\":\"nb-NO\"},{\"@type\":\"WebPage\",\"@id\":\"https:\/\/nordnesrepublikken.no\/index.php\/2025\/06\/24\/mongolfiera-falt-til-brasil-8-ofre-hva-gikk-galt\/\",\"url\":\"https:\/\/nordnesrepublikken.no\/index.php\/2025\/06\/24\/mongolfiera-falt-til-brasil-8-ofre-hva-gikk-galt\/\",\"name\":\"Mongolfiera falt til Brasil, 8 ofre: Hva gikk galt - Nordnesrepublikken\",\"isPartOf\":{\"@id\":\"https:\/\/nordnesrepublikken.no\/#website\"},\"primaryImageOfPage\":{\"@id\":\"https:\/\/nordnesrepublikken.no\/index.php\/2025\/06\/24\/mongolfiera-falt-til-brasil-8-ofre-hva-gikk-galt\/#primaryimage\"},\"image\":{\"@id\":\"https:\/\/nordnesrepublikken.no\/index.php\/2025\/06\/24\/mongolfiera-falt-til-brasil-8-ofre-hva-gikk-galt\/#primaryimage\"},\"thumbnailUrl\":\"https:\/\/nordnesrepublikken.no\/wp-content\/uploads\/2025\/06\/1750729796_Mongolfiera-falt-til-Brasil-8-ofre-Hva-gikk-galt.jpg\",\"datePublished\":\"2025-06-24T01:49:55+00:00\",\"dateModified\":\"2025-06-24T01:49:58+00:00\",\"breadcrumb\":{\"@id\":\"https:\/\/nordnesrepublikken.no\/index.php\/2025\/06\/24\/mongolfiera-falt-til-brasil-8-ofre-hva-gikk-galt\/#breadcrumb\"},\"inLanguage\":\"nb-NO\",\"potentialAction\":[{\"@type\":\"ReadAction\",\"target\":[\"https:\/\/nordnesrepublikken.no\/index.php\/2025\/06\/24\/mongolfiera-falt-til-brasil-8-ofre-hva-gikk-galt\/\"]}]},{\"@type\":\"ImageObject\",\"inLanguage\":\"nb-NO\",\"@id\":\"https:\/\/nordnesrepublikken.no\/index.php\/2025\/06\/24\/mongolfiera-falt-til-brasil-8-ofre-hva-gikk-galt\/#primaryimage\",\"url\":\"https:\/\/nordnesrepublikken.no\/wp-content\/uploads\/2025\/06\/1750729796_Mongolfiera-falt-til-Brasil-8-ofre-Hva-gikk-galt.jpg\",\"contentUrl\":\"https:\/\/nordnesrepublikken.no\/wp-content\/uploads\/2025\/06\/1750729796_Mongolfiera-falt-til-Brasil-8-ofre-Hva-gikk-galt.jpg\",\"width\":1280,\"height\":720,\"caption\":\"mongolfiera\"},{\"@type\":\"BreadcrumbList\",\"@id\":\"https:\/\/nordnesrepublikken.no\/index.php\/2025\/06\/24\/mongolfiera-falt-til-brasil-8-ofre-hva-gikk-galt\/#breadcrumb\",\"itemListElement\":[{\"@type\":\"ListItem\",\"position\":1,\"name\":\"Home\",\"item\":\"https:\/\/nordnesrepublikken.no\/\"},{\"@type\":\"ListItem\",\"position\":2,\"name\":\"Mongolfiera falt til Brasil, 8 ofre: Hva gikk galt\"}]},{\"@type\":\"WebSite\",\"@id\":\"https:\/\/nordnesrepublikken.no\/#website\",\"url\":\"https:\/\/nordnesrepublikken.no\/\",\"name\":\"Nordnesrepublikken\",\"description\":\"Stemmer og Visjoner fra Republikkens Hjerte\",\"publisher\":{\"@id\":\"https:\/\/nordnesrepublikken.no\/#organization\"},\"potentialAction\":[{\"@type\":\"SearchAction\",\"target\":{\"@type\":\"EntryPoint\",\"urlTemplate\":\"https:\/\/nordnesrepublikken.no\/?s={search_term_string}\"},\"query-input\":{\"@type\":\"PropertyValueSpecification\",\"valueRequired\":true,\"valueName\":\"search_term_string\"}}],\"inLanguage\":\"nb-NO\"},{\"@type\":\"Organization\",\"@id\":\"https:\/\/nordnesrepublikken.no\/#organization\",\"name\":\"Nordnesrepublikken\",\"url\":\"https:\/\/nordnesrepublikken.no\/\",\"logo\":{\"@type\":\"ImageObject\",\"inLanguage\":\"nb-NO\",\"@id\":\"https:\/\/nordnesrepublikken.no\/#\/schema\/logo\/image\/\",\"url\":\"https:\/\/nordnesrepublikken.no\/wp-content\/uploads\/2025\/02\/cropped-nordnesrepublikken-2.png\",\"contentUrl\":\"https:\/\/nordnesrepublikken.no\/wp-content\/uploads\/2025\/02\/cropped-nordnesrepublikken-2.png\",\"width\":1248,\"height\":362,\"caption\":\"Nordnesrepublikken\"},\"image\":{\"@id\":\"https:\/\/nordnesrepublikken.no\/#\/schema\/logo\/image\/\"}},{\"@type\":\"Person\",\"@id\":\"https:\/\/nordnesrepublikken.no\/#\/schema\/person\/2e7e81935bab77882fffb79296240ff1\",\"name\":\"Ole Andersen\",\"image\":{\"@type\":\"ImageObject\",\"inLanguage\":\"nb-NO\",\"@id\":\"https:\/\/nordnesrepublikken.no\/#\/schema\/person\/image\/\",\"url\":\"https:\/\/nordnesrepublikken.no\/wp-content\/uploads\/2025\/02\/nordnesrepublikken-2-2-150x150.jpg\",\"contentUrl\":\"https:\/\/nordnesrepublikken.no\/wp-content\/uploads\/2025\/02\/nordnesrepublikken-2-2-150x150.jpg\",\"caption\":\"Ole Andersen\"},\"description\":\"Ettersom jeg vokste opp i Oslo, har jeg alltid v\u00e6rt fascinert av ordenes kraft og deres evne til \u00e5 skape endringer. Etter \u00e5 ha fullf\u00f8rt min utdannelse i kommunikasjon ved Universitetet i Bergen, fikk jeg muligheten til \u00e5 jobbe innen ulike medier, der jeg har s\u00f8kt \u00e5 belyse viktige samfunnssp\u00f8rsm\u00e5l. I dag, som redakt\u00f8r for Nordnesrepublikken, pr\u00f8ver jeg \u00e5 forene min kj\u00e6rlighet for journalistikk med min lidenskap for innovasjon og eventyr.\",\"sameAs\":[\"https:\/\/nordnesrepublikken.no\/\"]}]}<\/script>\n<!-- \/ Yoast SEO plugin. -->","yoast_head_json":{"title":"Mongolfiera falt til Brasil, 8 ofre: Hva gikk galt - Nordnesrepublikken","robots":{"index":"index","follow":"follow","max-snippet":"max-snippet:-1","max-image-preview":"max-image-preview:large","max-video-preview":"max-video-preview:-1"},"canonical":"https:\/\/nordnesrepublikken.no\/index.php\/2025\/06\/24\/mongolfiera-falt-til-brasil-8-ofre-hva-gikk-galt\/","og_locale":"nb_NO","og_type":"article","og_title":"Mongolfiera falt til Brasil, 8 ofre: Hva gikk galt - Nordnesrepublikken","og_description":"L\u00f8rdag 21. juni Klokka 9.30 om morgenen i Praia Grande, i S\u00f8r -Brasil, ble en","og_url":"https:\/\/nordnesrepublikken.no\/index.php\/2025\/06\/24\/mongolfiera-falt-til-brasil-8-ofre-hva-gikk-galt\/","og_site_name":"Nordnesrepublikken","article_published_time":"2025-06-24T01:49:55+00:00","article_modified_time":"2025-06-24T01:49:58+00:00","og_image":[{"width":1280,"height":720,"url":"https:\/\/nordnesrepublikken.no\/wp-content\/uploads\/2025\/06\/1750729796_Mongolfiera-falt-til-Brasil-8-ofre-Hva-gikk-galt.jpg","type":"image\/jpeg"}],"author":"Ole Andersen","twitter_card":"summary_large_image","twitter_misc":{"Skrevet av":"Ole Andersen","Ansl. lesetid":"6 minutter"},"schema":{"@context":"https:\/\/schema.org","@graph":[{"@type":"Article","@id":"https:\/\/nordnesrepublikken.no\/index.php\/2025\/06\/24\/mongolfiera-falt-til-brasil-8-ofre-hva-gikk-galt\/#article","isPartOf":{"@id":"https:\/\/nordnesrepublikken.no\/index.php\/2025\/06\/24\/mongolfiera-falt-til-brasil-8-ofre-hva-gikk-galt\/"},"author":{"name":"Ole Andersen","@id":"https:\/\/nordnesrepublikken.no\/#\/schema\/person\/2e7e81935bab77882fffb79296240ff1"},"headline":"Mongolfiera falt til Brasil, 8 ofre: Hva gikk galt","datePublished":"2025-06-24T01:49:55+00:00","dateModified":"2025-06-24T01:49:58+00:00","mainEntityOfPage":{"@id":"https:\/\/nordnesrepublikken.no\/index.php\/2025\/06\/24\/mongolfiera-falt-til-brasil-8-ofre-hva-gikk-galt\/"},"wordCount":1163,"publisher":{"@id":"https:\/\/nordnesrepublikken.no\/#organization"},"image":{"@id":"https:\/\/nordnesrepublikken.no\/index.php\/2025\/06\/24\/mongolfiera-falt-til-brasil-8-ofre-hva-gikk-galt\/#primaryimage"},"thumbnailUrl":"https:\/\/nordnesrepublikken.no\/wp-content\/uploads\/2025\/06\/1750729796_Mongolfiera-falt-til-Brasil-8-ofre-Hva-gikk-galt.jpg","keywords":["Brasil","falt","galt","gikk","Hva","Mongolfiera","ofre","til"],"articleSection":["Samfunn"],"inLanguage":"nb-NO"},{"@type":"WebPage","@id":"https:\/\/nordnesrepublikken.no\/index.php\/2025\/06\/24\/mongolfiera-falt-til-brasil-8-ofre-hva-gikk-galt\/","url":"https:\/\/nordnesrepublikken.no\/index.php\/2025\/06\/24\/mongolfiera-falt-til-brasil-8-ofre-hva-gikk-galt\/","name":"Mongolfiera falt til Brasil, 8 ofre: Hva gikk galt - Nordnesrepublikken","isPartOf":{"@id":"https:\/\/nordnesrepublikken.no\/#website"},"primaryImageOfPage":{"@id":"https:\/\/nordnesrepublikken.no\/index.php\/2025\/06\/24\/mongolfiera-falt-til-brasil-8-ofre-hva-gikk-galt\/#primaryimage"},"image":{"@id":"https:\/\/nordnesrepublikken.no\/index.php\/2025\/06\/24\/mongolfiera-falt-til-brasil-8-ofre-hva-gikk-galt\/#primaryimage"},"thumbnailUrl":"https:\/\/nordnesrepublikken.no\/wp-content\/uploads\/2025\/06\/1750729796_Mongolfiera-falt-til-Brasil-8-ofre-Hva-gikk-galt.jpg","datePublished":"2025-06-24T01:49:55+00:00","dateModified":"2025-06-24T01:49:58+00:00","breadcrumb":{"@id":"https:\/\/nordnesrepublikken.no\/index.php\/2025\/06\/24\/mongolfiera-falt-til-brasil-8-ofre-hva-gikk-galt\/#breadcrumb"},"inLanguage":"nb-NO","potentialAction":[{"@type":"ReadAction","target":["https:\/\/nordnesrepublikken.no\/index.php\/2025\/06\/24\/mongolfiera-falt-til-brasil-8-ofre-hva-gikk-galt\/"]}]},{"@type":"ImageObject","inLanguage":"nb-NO","@id":"https:\/\/nordnesrepublikken.no\/index.php\/2025\/06\/24\/mongolfiera-falt-til-brasil-8-ofre-hva-gikk-galt\/#primaryimage","url":"https:\/\/nordnesrepublikken.no\/wp-content\/uploads\/2025\/06\/1750729796_Mongolfiera-falt-til-Brasil-8-ofre-Hva-gikk-galt.jpg","contentUrl":"https:\/\/nordnesrepublikken.no\/wp-content\/uploads\/2025\/06\/1750729796_Mongolfiera-falt-til-Brasil-8-ofre-Hva-gikk-galt.jpg","width":1280,"height":720,"caption":"mongolfiera"},{"@type":"BreadcrumbList","@id":"https:\/\/nordnesrepublikken.no\/index.php\/2025\/06\/24\/mongolfiera-falt-til-brasil-8-ofre-hva-gikk-galt\/#breadcrumb","itemListElement":[{"@type":"ListItem","position":1,"name":"Home","item":"https:\/\/nordnesrepublikken.no\/"},{"@type":"ListItem","position":2,"name":"Mongolfiera falt til Brasil, 8 ofre: Hva gikk galt"}]},{"@type":"WebSite","@id":"https:\/\/nordnesrepublikken.no\/#website","url":"https:\/\/nordnesrepublikken.no\/","name":"Nordnesrepublikken","description":"Stemmer og Visjoner fra Republikkens Hjerte","publisher":{"@id":"https:\/\/nordnesrepublikken.no\/#organization"},"potentialAction":[{"@type":"SearchAction","target":{"@type":"EntryPoint","urlTemplate":"https:\/\/nordnesrepublikken.no\/?s={search_term_string}"},"query-input":{"@type":"PropertyValueSpecification","valueRequired":true,"valueName":"search_term_string"}}],"inLanguage":"nb-NO"},{"@type":"Organization","@id":"https:\/\/nordnesrepublikken.no\/#organization","name":"Nordnesrepublikken","url":"https:\/\/nordnesrepublikken.no\/","logo":{"@type":"ImageObject","inLanguage":"nb-NO","@id":"https:\/\/nordnesrepublikken.no\/#\/schema\/logo\/image\/","url":"https:\/\/nordnesrepublikken.no\/wp-content\/uploads\/2025\/02\/cropped-nordnesrepublikken-2.png","contentUrl":"https:\/\/nordnesrepublikken.no\/wp-content\/uploads\/2025\/02\/cropped-nordnesrepublikken-2.png","width":1248,"height":362,"caption":"Nordnesrepublikken"},"image":{"@id":"https:\/\/nordnesrepublikken.no\/#\/schema\/logo\/image\/"}},{"@type":"Person","@id":"https:\/\/nordnesrepublikken.no\/#\/schema\/person\/2e7e81935bab77882fffb79296240ff1","name":"Ole Andersen","image":{"@type":"ImageObject","inLanguage":"nb-NO","@id":"https:\/\/nordnesrepublikken.no\/#\/schema\/person\/image\/","url":"https:\/\/nordnesrepublikken.no\/wp-content\/uploads\/2025\/02\/nordnesrepublikken-2-2-150x150.jpg","contentUrl":"https:\/\/nordnesrepublikken.no\/wp-content\/uploads\/2025\/02\/nordnesrepublikken-2-2-150x150.jpg","caption":"Ole Andersen"},"description":"Ettersom jeg vokste opp i Oslo, har jeg alltid v\u00e6rt fascinert av ordenes kraft og deres evne til \u00e5 skape endringer. Etter \u00e5 ha fullf\u00f8rt min utdannelse i kommunikasjon ved Universitetet i Bergen, fikk jeg muligheten til \u00e5 jobbe innen ulike medier, der jeg har s\u00f8kt \u00e5 belyse viktige samfunnssp\u00f8rsm\u00e5l. I dag, som redakt\u00f8r for Nordnesrepublikken, pr\u00f8ver jeg \u00e5 forene min kj\u00e6rlighet for journalistikk med min lidenskap for innovasjon og eventyr.","sameAs":["https:\/\/nordnesrepublikken.no\/"]}]}},"_links":{"self":[{"href":"https:\/\/nordnesrepublikken.no\/index.php\/wp-json\/wp\/v2\/posts\/6159","targetHints":{"allow":["GET"]}}],"collection":[{"href":"https:\/\/nordnesrepublikken.no\/index.php\/wp-json\/wp\/v2\/posts"}],"about":[{"href":"https:\/\/nordnesrepublikken.no\/index.php\/wp-json\/wp\/v2\/types\/post"}],"author":[{"embeddable":true,"href":"https:\/\/nordnesrepublikken.no\/index.php\/wp-json\/wp\/v2\/users\/1"}],"replies":[{"embeddable":true,"href":"https:\/\/nordnesrepublikken.no\/index.php\/wp-json\/wp\/v2\/comments?post=6159"}],"version-history":[{"count":1,"href":"https:\/\/nordnesrepublikken.no\/index.php\/wp-json\/wp\/v2\/posts\/6159\/revisions"}],"predecessor-version":[{"id":6161,"href":"https:\/\/nordnesrepublikken.no\/index.php\/wp-json\/wp\/v2\/posts\/6159\/revisions\/6161"}],"wp:featuredmedia":[{"embeddable":true,"href":"https:\/\/nordnesrepublikken.no\/index.php\/wp-json\/wp\/v2\/media\/6160"}],"wp:attachment":[{"href":"https:\/\/nordnesrepublikken.no\/index.php\/wp-json\/wp\/v2\/media?parent=6159"}],"wp:term":[{"taxonomy":"category","embeddable":true,"href":"https:\/\/nordnesrepublikken.no\/index.php\/wp-json\/wp\/v2\/categories?post=6159"},{"taxonomy":"post_tag","embeddable":true,"href":"https:\/\/nordnesrepublikken.no\/index.php\/wp-json\/wp\/v2\/tags?post=6159"}],"curies":[{"name":"wp","href":"https:\/\/api.w.org\/{rel}","templated":true}]}}