{"id":6135,"date":"2025-06-23T13:49:29","date_gmt":"2025-06-23T11:49:29","guid":{"rendered":"https:\/\/nordnesrepublikken.no\/index.php\/2025\/06\/23\/hvem-var-mesteren-i-de-ikoniske-bronsesfaerene\/"},"modified":"2025-06-23T13:49:30","modified_gmt":"2025-06-23T11:49:30","slug":"hvem-var-mesteren-i-de-ikoniske-bronsesfaerene","status":"publish","type":"post","link":"https:\/\/nordnesrepublikken.no\/index.php\/2025\/06\/23\/hvem-var-mesteren-i-de-ikoniske-bronsesfaerene\/","title":{"rendered":"Hvem var mesteren i de ikoniske bronsesf\u00e6rene"},"content":{"rendered":"<div>\n<div class=\"cp_wrapper cp_wrapper--fw mb-30 mb-20@tablet\">\n<figure class=\"mm\"><picture class=\"img\" style=\"padding-top:56.25%\"><source  media=\"(min-width: 1024px)\"><source  media=\"(min-width: 768px)\"><\/source><\/source><\/picture><\/figure>\n<\/p><\/div>\n<p>Han d\u00f8de 22. juni 2025 i sitt hjem i Milano, dagen f\u00f8r han fylte 99 \u00e5r, kunstneren <strong>Arnaldo Pomodoro<\/strong>en av de st\u00f8rste italienske samtidsskulpt\u00f8rene. Tomat &#8211; Giorgios eldre bror &laquo;Gi\u00f2&raquo; tomat, i sin tur skulpt\u00f8r &#8211; er kjent fremfor alt for sin <strong>Flotte bronsesf\u00e6rer som g\u00e5r i stykker<\/strong>: Disse imponerende verkene ser ut til \u00e5 &laquo;bryte&raquo; foran de som ser p\u00e5 dem for \u00e5 avsl\u00f8re den interne mekanismen, som ofte betegner stor kompleksitet. Mer generelt, i sin kunst dominerer han en streng <strong>&laquo;Geometrisk \u00e5nd<\/strong>&laquo;, Med former som refererer til de perfekte euklidiske faste stoffer preget av tette tomter.<\/p>\n<div class=\"cp_wrapper cp_wrapper--fw mb-50\">\n<figure class=\"mm\"><picture class=\"img\" style=\"padding-top:66.666666666667%\"><source  media=\"(min-width: 1024px)\"><source  media=\"(min-width: 768px)\"><img decoding=\"async\" loading=\"lazy\" src=\"https:\/\/nordnesrepublikken.no\/wp-content\/uploads\/2025\/06\/1750679369_893_Hvem-var-mesteren-i-de-ikoniske-bronsesfaerene.jpg\" alt=\"Bilde\" width=\"3669\" height=\"2446\"><\/source><\/source><\/picture><\/figure>\n<\/p><\/div>\n<p>Arnaldo Pomodoro ble f\u00f8dt i Morciano di Romagna 23. juni 1926, og studerte seg deretter til skulpturen og gullsmedene p\u00e5 heltid. Spesielt siden 1950 -tallet har hans uformelle spr\u00e5k utviklet seg sammen med de brukte materialene: f\u00f8r<strong> Gull og s\u00f8lv<\/strong>som han pleide \u00e5 lage juveler, deretter jern, tre, sement og <strong>bronse<\/strong>som vil bli hans favorittfag for sm\u00e5 verk, men fremfor alt for de monumentale skulpturene som har gjort ham ber\u00f8mt. Han opplevde ogs\u00e5 med scenografien, poesien og grafikken, samt tegning. Hans arbeider vises i mange italienske byer p\u00e5 til og med viktige offentlige steder, for eksempel Vatikanets museer og Palazzo della Farnesina. I Milan er det ogs\u00e5 en stor underjordisk labyrint, et av eksemplene p\u00e5 milj\u00f8verk skapt av Tomato i karrieren.<\/p>\n<div class=\"cp_wrapper cp_wrapper--fw mb-50\">\n<figure class=\"mm\"><picture class=\"img\" style=\"padding-top:88.187744458931%\"><source  media=\"(min-width: 1024px)\"><source  media=\"(min-width: 768px)\"><img decoding=\"async\" loading=\"lazy\" src=\"https:\/\/nordnesrepublikken.no\/wp-content\/uploads\/2025\/06\/1750679369_549_Hvem-var-mesteren-i-de-ikoniske-bronsesfaerene.jpg\" alt=\"Arnaldo_pomoro_la_grande_prua_rimini\" width=\"3835\" height=\"3382\" class=\"js-seedtag-img\"><\/source><\/source><\/picture><\/figure>\n<\/p><\/div>\n<p>P\u00e5 begynnelsen av sekstitallet deltok han med <strong>Lucio Fontana<\/strong> og andre kjente italienske artister, til den uformelle gruppen &laquo;<strong>Kontinuitet<\/strong>&laquo;, Foredler en stil som gj\u00f8r ens hjerte<strong> balansen mellom eksterne geometrier og interne mekanismer<\/strong>og derfor beveger seg mer og mer mot de monumentale dimensjonene som tillot ham stor presisjon og rikdom.<\/p>\n<p>Veldig til stede i hele Italia, fra store byer som Roma og Milano til sm\u00e5byer som San Giovanni Rotondo (det er et stykke av hans i basilikaen til Padre Pio di Renzo Piano), er tomatverkene ogs\u00e5 funnet rundt i Europa og i verden, fra USA til Australia.<\/p>\n<p>P\u00e5 hans visjon <strong>Arnaldo Pomodoro Foundation<\/strong>som garanterte bevaring og forbedring av arbeidet, og forplikter seg til \u00e5 spre sin materielle og uvesentlige arv med utstillinger, hendelser og initiativer.<\/p>\n<\/p><\/div>\n","protected":false},"excerpt":{"rendered":"<p>Han d\u00f8de 22. juni 2025 i sitt hjem i Milano, dagen f\u00f8r han fylte 99<\/p>\n","protected":false},"author":1,"featured_media":6136,"comment_status":"closed","ping_status":"open","sticky":false,"template":"","format":"standard","meta":{"footnotes":""},"categories":[104],"tags":[3856,99,3855,3854,100],"class_list":["post-6135","post","type-post","status-publish","format-standard","has-post-thumbnail","hentry","category-samfunn","tag-bronsesfaerene","tag-hvem","tag-ikoniske","tag-mesteren","tag-var","generate-columns","tablet-grid-50","mobile-grid-100","grid-parent","grid-33","resize-featured-image"],"yoast_head":"<!-- This site is optimized with the Yoast SEO plugin v24.4 - https:\/\/yoast.com\/wordpress\/plugins\/seo\/ -->\n<title>Hvem var mesteren i de ikoniske bronsesf\u00e6rene - Nordnesrepublikken<\/title>\n<meta name=\"robots\" content=\"index, follow, max-snippet:-1, max-image-preview:large, max-video-preview:-1\" \/>\n<link rel=\"canonical\" href=\"https:\/\/nordnesrepublikken.no\/index.php\/2025\/06\/23\/hvem-var-mesteren-i-de-ikoniske-bronsesfaerene\/\" \/>\n<meta property=\"og:locale\" content=\"nb_NO\" \/>\n<meta property=\"og:type\" content=\"article\" \/>\n<meta property=\"og:title\" content=\"Hvem var mesteren i de ikoniske bronsesf\u00e6rene - Nordnesrepublikken\" \/>\n<meta property=\"og:description\" content=\"Han d\u00f8de 22. juni 2025 i sitt hjem i Milano, dagen f\u00f8r han fylte 99\" \/>\n<meta property=\"og:url\" content=\"https:\/\/nordnesrepublikken.no\/index.php\/2025\/06\/23\/hvem-var-mesteren-i-de-ikoniske-bronsesfaerene\/\" \/>\n<meta property=\"og:site_name\" content=\"Nordnesrepublikken\" \/>\n<meta property=\"article:published_time\" content=\"2025-06-23T11:49:29+00:00\" \/>\n<meta property=\"article:modified_time\" content=\"2025-06-23T11:49:30+00:00\" \/>\n<meta property=\"og:image\" content=\"https:\/\/nordnesrepublikken.no\/wp-content\/uploads\/2025\/06\/1750679369_Hvem-var-mesteren-i-de-ikoniske-bronsesfaerene.jpg\" \/>\n\t<meta property=\"og:image:width\" content=\"1022\" \/>\n\t<meta property=\"og:image:height\" content=\"679\" \/>\n\t<meta property=\"og:image:type\" content=\"image\/jpeg\" \/>\n<meta name=\"author\" content=\"Ole Andersen\" \/>\n<meta name=\"twitter:card\" content=\"summary_large_image\" \/>\n<meta name=\"twitter:label1\" content=\"Skrevet av\" \/>\n\t<meta name=\"twitter:data1\" content=\"Ole Andersen\" \/>\n\t<meta name=\"twitter:label2\" content=\"Ansl. lesetid\" \/>\n\t<meta name=\"twitter:data2\" content=\"2 minutter\" \/>\n<script type=\"application\/ld+json\" class=\"yoast-schema-graph\">{\"@context\":\"https:\/\/schema.org\",\"@graph\":[{\"@type\":\"Article\",\"@id\":\"https:\/\/nordnesrepublikken.no\/index.php\/2025\/06\/23\/hvem-var-mesteren-i-de-ikoniske-bronsesfaerene\/#article\",\"isPartOf\":{\"@id\":\"https:\/\/nordnesrepublikken.no\/index.php\/2025\/06\/23\/hvem-var-mesteren-i-de-ikoniske-bronsesfaerene\/\"},\"author\":{\"name\":\"Ole Andersen\",\"@id\":\"https:\/\/nordnesrepublikken.no\/#\/schema\/person\/2e7e81935bab77882fffb79296240ff1\"},\"headline\":\"Hvem var mesteren i de ikoniske bronsesf\u00e6rene\",\"datePublished\":\"2025-06-23T11:49:29+00:00\",\"dateModified\":\"2025-06-23T11:49:30+00:00\",\"mainEntityOfPage\":{\"@id\":\"https:\/\/nordnesrepublikken.no\/index.php\/2025\/06\/23\/hvem-var-mesteren-i-de-ikoniske-bronsesfaerene\/\"},\"wordCount\":358,\"publisher\":{\"@id\":\"https:\/\/nordnesrepublikken.no\/#organization\"},\"image\":{\"@id\":\"https:\/\/nordnesrepublikken.no\/index.php\/2025\/06\/23\/hvem-var-mesteren-i-de-ikoniske-bronsesfaerene\/#primaryimage\"},\"thumbnailUrl\":\"https:\/\/nordnesrepublikken.no\/wp-content\/uploads\/2025\/06\/1750679369_Hvem-var-mesteren-i-de-ikoniske-bronsesfaerene.jpg\",\"keywords\":[\"bronsesf\u00e6rene\",\"Hvem\",\"ikoniske\",\"mesteren\",\"var\"],\"articleSection\":[\"Samfunn\"],\"inLanguage\":\"nb-NO\"},{\"@type\":\"WebPage\",\"@id\":\"https:\/\/nordnesrepublikken.no\/index.php\/2025\/06\/23\/hvem-var-mesteren-i-de-ikoniske-bronsesfaerene\/\",\"url\":\"https:\/\/nordnesrepublikken.no\/index.php\/2025\/06\/23\/hvem-var-mesteren-i-de-ikoniske-bronsesfaerene\/\",\"name\":\"Hvem var mesteren i de ikoniske bronsesf\u00e6rene - Nordnesrepublikken\",\"isPartOf\":{\"@id\":\"https:\/\/nordnesrepublikken.no\/#website\"},\"primaryImageOfPage\":{\"@id\":\"https:\/\/nordnesrepublikken.no\/index.php\/2025\/06\/23\/hvem-var-mesteren-i-de-ikoniske-bronsesfaerene\/#primaryimage\"},\"image\":{\"@id\":\"https:\/\/nordnesrepublikken.no\/index.php\/2025\/06\/23\/hvem-var-mesteren-i-de-ikoniske-bronsesfaerene\/#primaryimage\"},\"thumbnailUrl\":\"https:\/\/nordnesrepublikken.no\/wp-content\/uploads\/2025\/06\/1750679369_Hvem-var-mesteren-i-de-ikoniske-bronsesfaerene.jpg\",\"datePublished\":\"2025-06-23T11:49:29+00:00\",\"dateModified\":\"2025-06-23T11:49:30+00:00\",\"breadcrumb\":{\"@id\":\"https:\/\/nordnesrepublikken.no\/index.php\/2025\/06\/23\/hvem-var-mesteren-i-de-ikoniske-bronsesfaerene\/#breadcrumb\"},\"inLanguage\":\"nb-NO\",\"potentialAction\":[{\"@type\":\"ReadAction\",\"target\":[\"https:\/\/nordnesrepublikken.no\/index.php\/2025\/06\/23\/hvem-var-mesteren-i-de-ikoniske-bronsesfaerene\/\"]}]},{\"@type\":\"ImageObject\",\"inLanguage\":\"nb-NO\",\"@id\":\"https:\/\/nordnesrepublikken.no\/index.php\/2025\/06\/23\/hvem-var-mesteren-i-de-ikoniske-bronsesfaerene\/#primaryimage\",\"url\":\"https:\/\/nordnesrepublikken.no\/wp-content\/uploads\/2025\/06\/1750679369_Hvem-var-mesteren-i-de-ikoniske-bronsesfaerene.jpg\",\"contentUrl\":\"https:\/\/nordnesrepublikken.no\/wp-content\/uploads\/2025\/06\/1750679369_Hvem-var-mesteren-i-de-ikoniske-bronsesfaerene.jpg\",\"width\":1022,\"height\":679,\"caption\":\"arnaldo pomodoro\"},{\"@type\":\"BreadcrumbList\",\"@id\":\"https:\/\/nordnesrepublikken.no\/index.php\/2025\/06\/23\/hvem-var-mesteren-i-de-ikoniske-bronsesfaerene\/#breadcrumb\",\"itemListElement\":[{\"@type\":\"ListItem\",\"position\":1,\"name\":\"Home\",\"item\":\"https:\/\/nordnesrepublikken.no\/\"},{\"@type\":\"ListItem\",\"position\":2,\"name\":\"Hvem var mesteren i de ikoniske bronsesf\u00e6rene\"}]},{\"@type\":\"WebSite\",\"@id\":\"https:\/\/nordnesrepublikken.no\/#website\",\"url\":\"https:\/\/nordnesrepublikken.no\/\",\"name\":\"Nordnesrepublikken\",\"description\":\"Stemmer og Visjoner fra Republikkens Hjerte\",\"publisher\":{\"@id\":\"https:\/\/nordnesrepublikken.no\/#organization\"},\"potentialAction\":[{\"@type\":\"SearchAction\",\"target\":{\"@type\":\"EntryPoint\",\"urlTemplate\":\"https:\/\/nordnesrepublikken.no\/?s={search_term_string}\"},\"query-input\":{\"@type\":\"PropertyValueSpecification\",\"valueRequired\":true,\"valueName\":\"search_term_string\"}}],\"inLanguage\":\"nb-NO\"},{\"@type\":\"Organization\",\"@id\":\"https:\/\/nordnesrepublikken.no\/#organization\",\"name\":\"Nordnesrepublikken\",\"url\":\"https:\/\/nordnesrepublikken.no\/\",\"logo\":{\"@type\":\"ImageObject\",\"inLanguage\":\"nb-NO\",\"@id\":\"https:\/\/nordnesrepublikken.no\/#\/schema\/logo\/image\/\",\"url\":\"https:\/\/nordnesrepublikken.no\/wp-content\/uploads\/2025\/02\/cropped-nordnesrepublikken-2.png\",\"contentUrl\":\"https:\/\/nordnesrepublikken.no\/wp-content\/uploads\/2025\/02\/cropped-nordnesrepublikken-2.png\",\"width\":1248,\"height\":362,\"caption\":\"Nordnesrepublikken\"},\"image\":{\"@id\":\"https:\/\/nordnesrepublikken.no\/#\/schema\/logo\/image\/\"}},{\"@type\":\"Person\",\"@id\":\"https:\/\/nordnesrepublikken.no\/#\/schema\/person\/2e7e81935bab77882fffb79296240ff1\",\"name\":\"Ole Andersen\",\"image\":{\"@type\":\"ImageObject\",\"inLanguage\":\"nb-NO\",\"@id\":\"https:\/\/nordnesrepublikken.no\/#\/schema\/person\/image\/\",\"url\":\"https:\/\/nordnesrepublikken.no\/wp-content\/uploads\/2025\/02\/nordnesrepublikken-2-2-150x150.jpg\",\"contentUrl\":\"https:\/\/nordnesrepublikken.no\/wp-content\/uploads\/2025\/02\/nordnesrepublikken-2-2-150x150.jpg\",\"caption\":\"Ole Andersen\"},\"description\":\"Ettersom jeg vokste opp i Oslo, har jeg alltid v\u00e6rt fascinert av ordenes kraft og deres evne til \u00e5 skape endringer. Etter \u00e5 ha fullf\u00f8rt min utdannelse i kommunikasjon ved Universitetet i Bergen, fikk jeg muligheten til \u00e5 jobbe innen ulike medier, der jeg har s\u00f8kt \u00e5 belyse viktige samfunnssp\u00f8rsm\u00e5l. I dag, som redakt\u00f8r for Nordnesrepublikken, pr\u00f8ver jeg \u00e5 forene min kj\u00e6rlighet for journalistikk med min lidenskap for innovasjon og eventyr.\",\"sameAs\":[\"https:\/\/nordnesrepublikken.no\/\"]}]}<\/script>\n<!-- \/ Yoast SEO plugin. -->","yoast_head_json":{"title":"Hvem var mesteren i de ikoniske bronsesf\u00e6rene - Nordnesrepublikken","robots":{"index":"index","follow":"follow","max-snippet":"max-snippet:-1","max-image-preview":"max-image-preview:large","max-video-preview":"max-video-preview:-1"},"canonical":"https:\/\/nordnesrepublikken.no\/index.php\/2025\/06\/23\/hvem-var-mesteren-i-de-ikoniske-bronsesfaerene\/","og_locale":"nb_NO","og_type":"article","og_title":"Hvem var mesteren i de ikoniske bronsesf\u00e6rene - Nordnesrepublikken","og_description":"Han d\u00f8de 22. juni 2025 i sitt hjem i Milano, dagen f\u00f8r han fylte 99","og_url":"https:\/\/nordnesrepublikken.no\/index.php\/2025\/06\/23\/hvem-var-mesteren-i-de-ikoniske-bronsesfaerene\/","og_site_name":"Nordnesrepublikken","article_published_time":"2025-06-23T11:49:29+00:00","article_modified_time":"2025-06-23T11:49:30+00:00","og_image":[{"width":1022,"height":679,"url":"https:\/\/nordnesrepublikken.no\/wp-content\/uploads\/2025\/06\/1750679369_Hvem-var-mesteren-i-de-ikoniske-bronsesfaerene.jpg","type":"image\/jpeg"}],"author":"Ole Andersen","twitter_card":"summary_large_image","twitter_misc":{"Skrevet av":"Ole Andersen","Ansl. lesetid":"2 minutter"},"schema":{"@context":"https:\/\/schema.org","@graph":[{"@type":"Article","@id":"https:\/\/nordnesrepublikken.no\/index.php\/2025\/06\/23\/hvem-var-mesteren-i-de-ikoniske-bronsesfaerene\/#article","isPartOf":{"@id":"https:\/\/nordnesrepublikken.no\/index.php\/2025\/06\/23\/hvem-var-mesteren-i-de-ikoniske-bronsesfaerene\/"},"author":{"name":"Ole Andersen","@id":"https:\/\/nordnesrepublikken.no\/#\/schema\/person\/2e7e81935bab77882fffb79296240ff1"},"headline":"Hvem var mesteren i de ikoniske bronsesf\u00e6rene","datePublished":"2025-06-23T11:49:29+00:00","dateModified":"2025-06-23T11:49:30+00:00","mainEntityOfPage":{"@id":"https:\/\/nordnesrepublikken.no\/index.php\/2025\/06\/23\/hvem-var-mesteren-i-de-ikoniske-bronsesfaerene\/"},"wordCount":358,"publisher":{"@id":"https:\/\/nordnesrepublikken.no\/#organization"},"image":{"@id":"https:\/\/nordnesrepublikken.no\/index.php\/2025\/06\/23\/hvem-var-mesteren-i-de-ikoniske-bronsesfaerene\/#primaryimage"},"thumbnailUrl":"https:\/\/nordnesrepublikken.no\/wp-content\/uploads\/2025\/06\/1750679369_Hvem-var-mesteren-i-de-ikoniske-bronsesfaerene.jpg","keywords":["bronsesf\u00e6rene","Hvem","ikoniske","mesteren","var"],"articleSection":["Samfunn"],"inLanguage":"nb-NO"},{"@type":"WebPage","@id":"https:\/\/nordnesrepublikken.no\/index.php\/2025\/06\/23\/hvem-var-mesteren-i-de-ikoniske-bronsesfaerene\/","url":"https:\/\/nordnesrepublikken.no\/index.php\/2025\/06\/23\/hvem-var-mesteren-i-de-ikoniske-bronsesfaerene\/","name":"Hvem var mesteren i de ikoniske bronsesf\u00e6rene - Nordnesrepublikken","isPartOf":{"@id":"https:\/\/nordnesrepublikken.no\/#website"},"primaryImageOfPage":{"@id":"https:\/\/nordnesrepublikken.no\/index.php\/2025\/06\/23\/hvem-var-mesteren-i-de-ikoniske-bronsesfaerene\/#primaryimage"},"image":{"@id":"https:\/\/nordnesrepublikken.no\/index.php\/2025\/06\/23\/hvem-var-mesteren-i-de-ikoniske-bronsesfaerene\/#primaryimage"},"thumbnailUrl":"https:\/\/nordnesrepublikken.no\/wp-content\/uploads\/2025\/06\/1750679369_Hvem-var-mesteren-i-de-ikoniske-bronsesfaerene.jpg","datePublished":"2025-06-23T11:49:29+00:00","dateModified":"2025-06-23T11:49:30+00:00","breadcrumb":{"@id":"https:\/\/nordnesrepublikken.no\/index.php\/2025\/06\/23\/hvem-var-mesteren-i-de-ikoniske-bronsesfaerene\/#breadcrumb"},"inLanguage":"nb-NO","potentialAction":[{"@type":"ReadAction","target":["https:\/\/nordnesrepublikken.no\/index.php\/2025\/06\/23\/hvem-var-mesteren-i-de-ikoniske-bronsesfaerene\/"]}]},{"@type":"ImageObject","inLanguage":"nb-NO","@id":"https:\/\/nordnesrepublikken.no\/index.php\/2025\/06\/23\/hvem-var-mesteren-i-de-ikoniske-bronsesfaerene\/#primaryimage","url":"https:\/\/nordnesrepublikken.no\/wp-content\/uploads\/2025\/06\/1750679369_Hvem-var-mesteren-i-de-ikoniske-bronsesfaerene.jpg","contentUrl":"https:\/\/nordnesrepublikken.no\/wp-content\/uploads\/2025\/06\/1750679369_Hvem-var-mesteren-i-de-ikoniske-bronsesfaerene.jpg","width":1022,"height":679,"caption":"arnaldo pomodoro"},{"@type":"BreadcrumbList","@id":"https:\/\/nordnesrepublikken.no\/index.php\/2025\/06\/23\/hvem-var-mesteren-i-de-ikoniske-bronsesfaerene\/#breadcrumb","itemListElement":[{"@type":"ListItem","position":1,"name":"Home","item":"https:\/\/nordnesrepublikken.no\/"},{"@type":"ListItem","position":2,"name":"Hvem var mesteren i de ikoniske bronsesf\u00e6rene"}]},{"@type":"WebSite","@id":"https:\/\/nordnesrepublikken.no\/#website","url":"https:\/\/nordnesrepublikken.no\/","name":"Nordnesrepublikken","description":"Stemmer og Visjoner fra Republikkens Hjerte","publisher":{"@id":"https:\/\/nordnesrepublikken.no\/#organization"},"potentialAction":[{"@type":"SearchAction","target":{"@type":"EntryPoint","urlTemplate":"https:\/\/nordnesrepublikken.no\/?s={search_term_string}"},"query-input":{"@type":"PropertyValueSpecification","valueRequired":true,"valueName":"search_term_string"}}],"inLanguage":"nb-NO"},{"@type":"Organization","@id":"https:\/\/nordnesrepublikken.no\/#organization","name":"Nordnesrepublikken","url":"https:\/\/nordnesrepublikken.no\/","logo":{"@type":"ImageObject","inLanguage":"nb-NO","@id":"https:\/\/nordnesrepublikken.no\/#\/schema\/logo\/image\/","url":"https:\/\/nordnesrepublikken.no\/wp-content\/uploads\/2025\/02\/cropped-nordnesrepublikken-2.png","contentUrl":"https:\/\/nordnesrepublikken.no\/wp-content\/uploads\/2025\/02\/cropped-nordnesrepublikken-2.png","width":1248,"height":362,"caption":"Nordnesrepublikken"},"image":{"@id":"https:\/\/nordnesrepublikken.no\/#\/schema\/logo\/image\/"}},{"@type":"Person","@id":"https:\/\/nordnesrepublikken.no\/#\/schema\/person\/2e7e81935bab77882fffb79296240ff1","name":"Ole Andersen","image":{"@type":"ImageObject","inLanguage":"nb-NO","@id":"https:\/\/nordnesrepublikken.no\/#\/schema\/person\/image\/","url":"https:\/\/nordnesrepublikken.no\/wp-content\/uploads\/2025\/02\/nordnesrepublikken-2-2-150x150.jpg","contentUrl":"https:\/\/nordnesrepublikken.no\/wp-content\/uploads\/2025\/02\/nordnesrepublikken-2-2-150x150.jpg","caption":"Ole Andersen"},"description":"Ettersom jeg vokste opp i Oslo, har jeg alltid v\u00e6rt fascinert av ordenes kraft og deres evne til \u00e5 skape endringer. Etter \u00e5 ha fullf\u00f8rt min utdannelse i kommunikasjon ved Universitetet i Bergen, fikk jeg muligheten til \u00e5 jobbe innen ulike medier, der jeg har s\u00f8kt \u00e5 belyse viktige samfunnssp\u00f8rsm\u00e5l. I dag, som redakt\u00f8r for Nordnesrepublikken, pr\u00f8ver jeg \u00e5 forene min kj\u00e6rlighet for journalistikk med min lidenskap for innovasjon og eventyr.","sameAs":["https:\/\/nordnesrepublikken.no\/"]}]}},"_links":{"self":[{"href":"https:\/\/nordnesrepublikken.no\/index.php\/wp-json\/wp\/v2\/posts\/6135","targetHints":{"allow":["GET"]}}],"collection":[{"href":"https:\/\/nordnesrepublikken.no\/index.php\/wp-json\/wp\/v2\/posts"}],"about":[{"href":"https:\/\/nordnesrepublikken.no\/index.php\/wp-json\/wp\/v2\/types\/post"}],"author":[{"embeddable":true,"href":"https:\/\/nordnesrepublikken.no\/index.php\/wp-json\/wp\/v2\/users\/1"}],"replies":[{"embeddable":true,"href":"https:\/\/nordnesrepublikken.no\/index.php\/wp-json\/wp\/v2\/comments?post=6135"}],"version-history":[{"count":1,"href":"https:\/\/nordnesrepublikken.no\/index.php\/wp-json\/wp\/v2\/posts\/6135\/revisions"}],"predecessor-version":[{"id":6137,"href":"https:\/\/nordnesrepublikken.no\/index.php\/wp-json\/wp\/v2\/posts\/6135\/revisions\/6137"}],"wp:featuredmedia":[{"embeddable":true,"href":"https:\/\/nordnesrepublikken.no\/index.php\/wp-json\/wp\/v2\/media\/6136"}],"wp:attachment":[{"href":"https:\/\/nordnesrepublikken.no\/index.php\/wp-json\/wp\/v2\/media?parent=6135"}],"wp:term":[{"taxonomy":"category","embeddable":true,"href":"https:\/\/nordnesrepublikken.no\/index.php\/wp-json\/wp\/v2\/categories?post=6135"},{"taxonomy":"post_tag","embeddable":true,"href":"https:\/\/nordnesrepublikken.no\/index.php\/wp-json\/wp\/v2\/tags?post=6135"}],"curies":[{"name":"wp","href":"https:\/\/api.w.org\/{rel}","templated":true}]}}