{"id":6132,"date":"2025-06-23T12:49:54","date_gmt":"2025-06-23T10:49:54","guid":{"rendered":"https:\/\/nordnesrepublikken.no\/index.php\/2025\/06\/23\/miljovennlig-dieselbileiere-rasende-nar-spania-utvider-kjoreforbud-i-byer\/"},"modified":"2025-06-23T12:49:57","modified_gmt":"2025-06-23T10:49:57","slug":"miljovennlig-dieselbileiere-rasende-nar-spania-utvider-kjoreforbud-i-byer","status":"publish","type":"post","link":"https:\/\/nordnesrepublikken.no\/index.php\/2025\/06\/23\/miljovennlig-dieselbileiere-rasende-nar-spania-utvider-kjoreforbud-i-byer\/","title":{"rendered":"&#8216;Milj\u00f8vennlig&#8217; dieselbileiere rasende n\u00e5r Spania utvider kj\u00f8reforbud i byer"},"content":{"rendered":"<p><\/p>\n<div class=\"wordpress-content\">\n                    <!-- Article Start --><\/p>\n<p><strong><span data-preserver-spaces=\"true\">Spanias lave utslippssoner er n\u00e5 rettet mot til og med nye dieselbiler. Rasende eiere st\u00e5r overfor \u00e5 kj\u00f8re forbud til tross for at de kj\u00f8per &#8216;milj\u00f8vennlige&#8217; modeller med gr\u00f8nne etiketter.<\/span><\/strong><\/p>\n<p><span data-preserver-spaces=\"true\">De betalte tusenvis for de siste &#8216;rene diesel&#8217; -bilene &#8211; men n\u00e5 f\u00e5r de beskjed om \u00e5 parkere opp og v\u00e6re hjemme.<\/span><\/p>\n<p><span data-preserver-spaces=\"true\">Spanias krig mot diesel har tatt en sjokk ny vending &#8211; og denne gangen, til og med landets <\/span><span data-preserver-spaces=\"true\">nyeste<\/span><span data-preserver-spaces=\"true\">  Dieselsj\u00e5f\u00f8rer blir dratt inn i kaoset.<\/span><\/p>\n<div class=\"sra_unit\"><link rel=\"stylesheet\" id=\"block-sra\" href=\"https:\/\/euroweeklynews.com\/wp-content\/plugins\/snack-related-articles\/dist\/css\/snack-related.min.css?250312-193541\" type=\"text\/css\" media=\"all\">\n<\/div>\n<h2><span data-preserver-spaces=\"true\">Ren diesel? Ikke rent nok!<\/span><\/h2>\n<p><span data-preserver-spaces=\"true\">I \u00e5revis ble kj\u00f8pere fortalt at moderne dieselmotorer-de s\u00e5kalte <\/span><em><span data-preserver-spaces=\"true\">Euro 6 <\/span><span data-preserver-spaces=\"true\">diesel<\/span><\/em><span data-preserver-spaces=\"true\">  -Var det milj\u00f8vennlige valget. Disse bilene ble utstyrt med filtre, avanserte emisjonssystemer og stolt med Spanias gr\u00f8nne C-merkelapper, og ble markedsf\u00f8rt som et skyldfritt alternativ.<\/span><\/p>\n<p><span data-preserver-spaces=\"true\">Men<\/span><span data-preserver-spaces=\"true\">  Ettersom Spanias lave utslippssone (ZBE) utruller samles tempo, er disse sj\u00e5f\u00f8rene n\u00e5 <\/span><span data-preserver-spaces=\"true\">finne ut<\/span><span data-preserver-spaces=\"true\">  Deres &#8216;gr\u00f8nne&#8217; klistremerker vil ikke redde dem.<\/span><\/p>\n<blockquote>\n<\/blockquote>\n<h2><span data-preserver-spaces=\"true\">Nedbrytningen utvides<\/span><\/h2>\n<p><span data-preserver-spaces=\"true\">Madrid, Getafe og Huelva har allerede begynt \u00e5 begrense C-merket <\/span><span data-preserver-spaces=\"true\">diesel<\/span><span data-preserver-spaces=\"true\">  &#8211; p\u00e5virker tusenvis av sj\u00e5f\u00f8rer som kj\u00f8pte bilene sine for mindre enn ti \u00e5r siden.<\/span><\/p>\n<p><span data-preserver-spaces=\"true\">Og den listen vokser raskt:<\/span><\/p>\n<ul>\n<li><span data-preserver-spaces=\"true\">Getafe vil blokkere C-merk <\/span><span data-preserver-spaces=\"true\">diesel<\/span><span data-preserver-spaces=\"true\">  Fra januar 2026.<\/span><\/li>\n<li><span data-preserver-spaces=\"true\">Las Palmas og Estepona forbereder begrensninger for slutten av 2025 eller begynnelsen av 2026.<\/span><\/li>\n<li><span data-preserver-spaces=\"true\">Palma de Mallorca planlegger <\/span><span data-preserver-spaces=\"true\">forbud<\/span><span data-preserver-spaces=\"true\">  innen 2030.<\/span><\/li>\n<li><span data-preserver-spaces=\"true\">Til og med Cuenca (ja, Cuenca!) Vil bli med i dieselrensen innen 2038.<\/span><\/li>\n<\/ul>\n<blockquote>\n<p><span data-preserver-spaces=\"true\">&laquo;Meldingen er klar: Det spiller ingen rolle hvor ny diesel er &#8211; den er ikke lenger velkommen i Spanias byer,&raquo; sa bilanalytiker Jordi Moral i den spanske bilpublikasjonen <\/span><em><span data-preserver-spaces=\"true\">Autopista.<\/span><\/em><\/p>\n<\/blockquote>\n<h2><span data-preserver-spaces=\"true\">Over 50% av biler som er truet<\/span><\/h2>\n<p><span data-preserver-spaces=\"true\">Tallene er svimlende. I f\u00f8lge ANFAC er nesten 51% av alle biler i Spania fortsatt <\/span><span data-preserver-spaces=\"true\">diesel<\/span><span data-preserver-spaces=\"true\">  &#8211; Mange kj\u00f8pt i god tro av familier, fagpersoner og bedrifter de siste \u00e5rene.<\/span><\/p>\n<p><span data-preserver-spaces=\"true\">Er problemet at reglene fortsetter \u00e5 endre? Det som var lovlig for fem \u00e5r siden, blir n\u00e5 demonisert.<\/span><\/p>\n<h2><span data-preserver-spaces=\"true\">EU Ban v\u00e6ler p\u00e5 <\/span><span data-preserver-spaces=\"true\">horisont<\/span><\/h2>\n<p><span data-preserver-spaces=\"true\">Spanias nedbrytning er bare en del av en <\/span><span data-preserver-spaces=\"true\">bredere<\/span><span data-preserver-spaces=\"true\">  europeisk <\/span><span data-preserver-spaces=\"true\">krig mot<\/span><span data-preserver-spaces=\"true\">  diesel.<\/span><span data-preserver-spaces=\"true\">  I 2023 godkjente Brussel et totalt forbud mot salg av nye diesel-, bensin- og hybridbiler fra 2035 &#8211; og etterlot millioner av sj\u00e5f\u00f8rer en usikker fremtid.<\/span><\/p>\n<p><span data-preserver-spaces=\"true\">Og med mer enn 150 spanske kommuner som racer for \u00e5 implementere sine <\/span><span data-preserver-spaces=\"true\">egen<\/span><span data-preserver-spaces=\"true\">  Lokale forbud mot slutten av 2025, mange sj\u00e5f\u00f8rer st\u00e5r n\u00e5 overfor en dobbel whammy: biler de ikke kan selge &#8211; og snart f\u00e5r ikke lov til \u00e5 kj\u00f8re.<\/span><\/p>\n<h2><span data-preserver-spaces=\"true\">Sint, forvirret &#8211; og fanget i \u00e5 betale ned biler de ikke kan <\/span><span data-preserver-spaces=\"true\">bruk<\/span><\/h2>\n<p><span data-preserver-spaces=\"true\">For mange f\u00f8les situasjonen som et svik. Regjeringen presset dem til \u00e5 kj\u00f8pe nyere, &laquo;renere&raquo; modeller &#8211; men bare noen f\u00e5 \u00e5r senere blir de selve bilene svartelistet.<\/span><\/p>\n<blockquote>\n<p><span data-preserver-spaces=\"true\">&laquo;Hadde jeg visst dette, hadde jeg aldri kj\u00f8pt diesel,&raquo; sa Antonio Escobar &#8211; en annen frustrert kj\u00f8per &#8211; til oss. &laquo;N\u00e5 er jeg fast med en bil som ingen vil kj\u00f8pe, og snart kan jeg ikke kj\u00f8re den der jeg bor.&raquo;<\/span><\/p>\n<\/blockquote>\n<h2><span data-preserver-spaces=\"true\">Hovedpoenget<\/span><\/h2>\n<p><span data-preserver-spaces=\"true\">Spanias dieself\u00f8rere &#8211; gamle og nye &#8211; oppdager den harde m\u00e5ten at ingen diesel er trygg. Den gr\u00f8nne C-merkelappen lovet en gang frihet. I dag begynner det \u00e5 se ut som en tikkende tidsbombe.<\/span><\/p>\n<p><span data-preserver-spaces=\"true\">F\u00e5 mer <\/span><span data-preserver-spaces=\"true\">Spanske bilnyheter<\/span><span data-preserver-spaces=\"true\">. <\/span><\/p>\n<p><span data-preserver-spaces=\"true\">Flere nyheter om <\/span><span data-preserver-spaces=\"true\">bor i Spania<\/span><span data-preserver-spaces=\"true\">.<\/span><\/p>\n<p>                    <!-- Article End --><\/p><\/div>\n","protected":false},"excerpt":{"rendered":"<p>Spanias lave utslippssoner er n\u00e5 rettet mot til og med nye dieselbiler. Rasende eiere st\u00e5r<\/p>\n","protected":false},"author":1,"featured_media":6133,"comment_status":"closed","ping_status":"open","sticky":false,"template":"","format":"standard","meta":{"footnotes":""},"categories":[105],"tags":[3025,3851,3853,3850,16,3852,529,1613],"class_list":["post-6132","post","type-post","status-publish","format-standard","has-post-thumbnail","hentry","category-livsstil","tag-byer","tag-dieselbileiere","tag-kjoreforbud","tag-miljovennlig","tag-nar","tag-rasende","tag-spania","tag-utvider","generate-columns","tablet-grid-50","mobile-grid-100","grid-parent","grid-33","resize-featured-image"],"yoast_head":"<!-- This site is optimized with the Yoast SEO plugin v24.4 - https:\/\/yoast.com\/wordpress\/plugins\/seo\/ -->\n<title>&#039;Milj\u00f8vennlig&#039; dieselbileiere rasende n\u00e5r Spania utvider kj\u00f8reforbud i byer - Nordnesrepublikken<\/title>\n<meta name=\"robots\" content=\"index, follow, max-snippet:-1, max-image-preview:large, max-video-preview:-1\" \/>\n<link rel=\"canonical\" href=\"https:\/\/nordnesrepublikken.no\/index.php\/2025\/06\/23\/miljovennlig-dieselbileiere-rasende-nar-spania-utvider-kjoreforbud-i-byer\/\" \/>\n<meta property=\"og:locale\" content=\"nb_NO\" \/>\n<meta property=\"og:type\" content=\"article\" \/>\n<meta property=\"og:title\" content=\"&#039;Milj\u00f8vennlig&#039; dieselbileiere rasende n\u00e5r Spania utvider kj\u00f8reforbud i byer - Nordnesrepublikken\" \/>\n<meta property=\"og:description\" content=\"Spanias lave utslippssoner er n\u00e5 rettet mot til og med nye dieselbiler. Rasende eiere st\u00e5r\" \/>\n<meta property=\"og:url\" content=\"https:\/\/nordnesrepublikken.no\/index.php\/2025\/06\/23\/miljovennlig-dieselbileiere-rasende-nar-spania-utvider-kjoreforbud-i-byer\/\" \/>\n<meta property=\"og:site_name\" content=\"Nordnesrepublikken\" \/>\n<meta property=\"article:published_time\" content=\"2025-06-23T10:49:54+00:00\" \/>\n<meta property=\"article:modified_time\" content=\"2025-06-23T10:49:57+00:00\" \/>\n<meta property=\"og:image\" content=\"https:\/\/nordnesrepublikken.no\/wp-content\/uploads\/2025\/06\/1750675795_Miljovennlig-dieselbileiere-rasende-nar-Spania-utvider-kjoreforbud-i-byer.jpg\" \/>\n\t<meta property=\"og:image:width\" content=\"1200\" \/>\n\t<meta property=\"og:image:height\" content=\"857\" \/>\n\t<meta property=\"og:image:type\" content=\"image\/jpeg\" \/>\n<meta name=\"author\" content=\"Ole Andersen\" \/>\n<meta name=\"twitter:card\" content=\"summary_large_image\" \/>\n<meta name=\"twitter:label1\" content=\"Skrevet av\" \/>\n\t<meta name=\"twitter:data1\" content=\"Ole Andersen\" \/>\n\t<meta name=\"twitter:label2\" content=\"Ansl. lesetid\" \/>\n\t<meta name=\"twitter:data2\" content=\"3 minutter\" \/>\n<script type=\"application\/ld+json\" class=\"yoast-schema-graph\">{\"@context\":\"https:\/\/schema.org\",\"@graph\":[{\"@type\":\"Article\",\"@id\":\"https:\/\/nordnesrepublikken.no\/index.php\/2025\/06\/23\/miljovennlig-dieselbileiere-rasende-nar-spania-utvider-kjoreforbud-i-byer\/#article\",\"isPartOf\":{\"@id\":\"https:\/\/nordnesrepublikken.no\/index.php\/2025\/06\/23\/miljovennlig-dieselbileiere-rasende-nar-spania-utvider-kjoreforbud-i-byer\/\"},\"author\":{\"name\":\"Ole Andersen\",\"@id\":\"https:\/\/nordnesrepublikken.no\/#\/schema\/person\/2e7e81935bab77882fffb79296240ff1\"},\"headline\":\"&#8216;Milj\u00f8vennlig&#8217; dieselbileiere rasende n\u00e5r Spania utvider kj\u00f8reforbud i byer\",\"datePublished\":\"2025-06-23T10:49:54+00:00\",\"dateModified\":\"2025-06-23T10:49:57+00:00\",\"mainEntityOfPage\":{\"@id\":\"https:\/\/nordnesrepublikken.no\/index.php\/2025\/06\/23\/miljovennlig-dieselbileiere-rasende-nar-spania-utvider-kjoreforbud-i-byer\/\"},\"wordCount\":545,\"publisher\":{\"@id\":\"https:\/\/nordnesrepublikken.no\/#organization\"},\"image\":{\"@id\":\"https:\/\/nordnesrepublikken.no\/index.php\/2025\/06\/23\/miljovennlig-dieselbileiere-rasende-nar-spania-utvider-kjoreforbud-i-byer\/#primaryimage\"},\"thumbnailUrl\":\"https:\/\/nordnesrepublikken.no\/wp-content\/uploads\/2025\/06\/1750675795_Miljovennlig-dieselbileiere-rasende-nar-Spania-utvider-kjoreforbud-i-byer.jpg\",\"keywords\":[\"byer\",\"dieselbileiere\",\"kj\u00f8reforbud\",\"Milj\u00f8vennlig\",\"n\u00e5r\",\"rasende\",\"Spania\",\"utvider\"],\"articleSection\":[\"Livsstil\"],\"inLanguage\":\"nb-NO\"},{\"@type\":\"WebPage\",\"@id\":\"https:\/\/nordnesrepublikken.no\/index.php\/2025\/06\/23\/miljovennlig-dieselbileiere-rasende-nar-spania-utvider-kjoreforbud-i-byer\/\",\"url\":\"https:\/\/nordnesrepublikken.no\/index.php\/2025\/06\/23\/miljovennlig-dieselbileiere-rasende-nar-spania-utvider-kjoreforbud-i-byer\/\",\"name\":\"'Milj\u00f8vennlig' dieselbileiere rasende n\u00e5r Spania utvider kj\u00f8reforbud i byer - Nordnesrepublikken\",\"isPartOf\":{\"@id\":\"https:\/\/nordnesrepublikken.no\/#website\"},\"primaryImageOfPage\":{\"@id\":\"https:\/\/nordnesrepublikken.no\/index.php\/2025\/06\/23\/miljovennlig-dieselbileiere-rasende-nar-spania-utvider-kjoreforbud-i-byer\/#primaryimage\"},\"image\":{\"@id\":\"https:\/\/nordnesrepublikken.no\/index.php\/2025\/06\/23\/miljovennlig-dieselbileiere-rasende-nar-spania-utvider-kjoreforbud-i-byer\/#primaryimage\"},\"thumbnailUrl\":\"https:\/\/nordnesrepublikken.no\/wp-content\/uploads\/2025\/06\/1750675795_Miljovennlig-dieselbileiere-rasende-nar-Spania-utvider-kjoreforbud-i-byer.jpg\",\"datePublished\":\"2025-06-23T10:49:54+00:00\",\"dateModified\":\"2025-06-23T10:49:57+00:00\",\"breadcrumb\":{\"@id\":\"https:\/\/nordnesrepublikken.no\/index.php\/2025\/06\/23\/miljovennlig-dieselbileiere-rasende-nar-spania-utvider-kjoreforbud-i-byer\/#breadcrumb\"},\"inLanguage\":\"nb-NO\",\"potentialAction\":[{\"@type\":\"ReadAction\",\"target\":[\"https:\/\/nordnesrepublikken.no\/index.php\/2025\/06\/23\/miljovennlig-dieselbileiere-rasende-nar-spania-utvider-kjoreforbud-i-byer\/\"]}]},{\"@type\":\"ImageObject\",\"inLanguage\":\"nb-NO\",\"@id\":\"https:\/\/nordnesrepublikken.no\/index.php\/2025\/06\/23\/miljovennlig-dieselbileiere-rasende-nar-spania-utvider-kjoreforbud-i-byer\/#primaryimage\",\"url\":\"https:\/\/nordnesrepublikken.no\/wp-content\/uploads\/2025\/06\/1750675795_Miljovennlig-dieselbileiere-rasende-nar-Spania-utvider-kjoreforbud-i-byer.jpg\",\"contentUrl\":\"https:\/\/nordnesrepublikken.no\/wp-content\/uploads\/2025\/06\/1750675795_Miljovennlig-dieselbileiere-rasende-nar-Spania-utvider-kjoreforbud-i-byer.jpg\",\"width\":1200,\"height\":857,\"caption\":\"'Milj\u00f8vennlig' dieselbileiere rasende n\u00e5r Spania utvider kj\u00f8reforbud i byer\"},{\"@type\":\"BreadcrumbList\",\"@id\":\"https:\/\/nordnesrepublikken.no\/index.php\/2025\/06\/23\/miljovennlig-dieselbileiere-rasende-nar-spania-utvider-kjoreforbud-i-byer\/#breadcrumb\",\"itemListElement\":[{\"@type\":\"ListItem\",\"position\":1,\"name\":\"Home\",\"item\":\"https:\/\/nordnesrepublikken.no\/\"},{\"@type\":\"ListItem\",\"position\":2,\"name\":\"&#8216;Milj\u00f8vennlig&#8217; dieselbileiere rasende n\u00e5r Spania utvider kj\u00f8reforbud i byer\"}]},{\"@type\":\"WebSite\",\"@id\":\"https:\/\/nordnesrepublikken.no\/#website\",\"url\":\"https:\/\/nordnesrepublikken.no\/\",\"name\":\"Nordnesrepublikken\",\"description\":\"Stemmer og Visjoner fra Republikkens Hjerte\",\"publisher\":{\"@id\":\"https:\/\/nordnesrepublikken.no\/#organization\"},\"potentialAction\":[{\"@type\":\"SearchAction\",\"target\":{\"@type\":\"EntryPoint\",\"urlTemplate\":\"https:\/\/nordnesrepublikken.no\/?s={search_term_string}\"},\"query-input\":{\"@type\":\"PropertyValueSpecification\",\"valueRequired\":true,\"valueName\":\"search_term_string\"}}],\"inLanguage\":\"nb-NO\"},{\"@type\":\"Organization\",\"@id\":\"https:\/\/nordnesrepublikken.no\/#organization\",\"name\":\"Nordnesrepublikken\",\"url\":\"https:\/\/nordnesrepublikken.no\/\",\"logo\":{\"@type\":\"ImageObject\",\"inLanguage\":\"nb-NO\",\"@id\":\"https:\/\/nordnesrepublikken.no\/#\/schema\/logo\/image\/\",\"url\":\"https:\/\/nordnesrepublikken.no\/wp-content\/uploads\/2025\/02\/cropped-nordnesrepublikken-2.png\",\"contentUrl\":\"https:\/\/nordnesrepublikken.no\/wp-content\/uploads\/2025\/02\/cropped-nordnesrepublikken-2.png\",\"width\":1248,\"height\":362,\"caption\":\"Nordnesrepublikken\"},\"image\":{\"@id\":\"https:\/\/nordnesrepublikken.no\/#\/schema\/logo\/image\/\"}},{\"@type\":\"Person\",\"@id\":\"https:\/\/nordnesrepublikken.no\/#\/schema\/person\/2e7e81935bab77882fffb79296240ff1\",\"name\":\"Ole Andersen\",\"image\":{\"@type\":\"ImageObject\",\"inLanguage\":\"nb-NO\",\"@id\":\"https:\/\/nordnesrepublikken.no\/#\/schema\/person\/image\/\",\"url\":\"https:\/\/nordnesrepublikken.no\/wp-content\/uploads\/2025\/02\/nordnesrepublikken-2-2-150x150.jpg\",\"contentUrl\":\"https:\/\/nordnesrepublikken.no\/wp-content\/uploads\/2025\/02\/nordnesrepublikken-2-2-150x150.jpg\",\"caption\":\"Ole Andersen\"},\"description\":\"Ettersom jeg vokste opp i Oslo, har jeg alltid v\u00e6rt fascinert av ordenes kraft og deres evne til \u00e5 skape endringer. Etter \u00e5 ha fullf\u00f8rt min utdannelse i kommunikasjon ved Universitetet i Bergen, fikk jeg muligheten til \u00e5 jobbe innen ulike medier, der jeg har s\u00f8kt \u00e5 belyse viktige samfunnssp\u00f8rsm\u00e5l. I dag, som redakt\u00f8r for Nordnesrepublikken, pr\u00f8ver jeg \u00e5 forene min kj\u00e6rlighet for journalistikk med min lidenskap for innovasjon og eventyr.\",\"sameAs\":[\"https:\/\/nordnesrepublikken.no\/\"]}]}<\/script>\n<!-- \/ Yoast SEO plugin. -->","yoast_head_json":{"title":"'Milj\u00f8vennlig' dieselbileiere rasende n\u00e5r Spania utvider kj\u00f8reforbud i byer - Nordnesrepublikken","robots":{"index":"index","follow":"follow","max-snippet":"max-snippet:-1","max-image-preview":"max-image-preview:large","max-video-preview":"max-video-preview:-1"},"canonical":"https:\/\/nordnesrepublikken.no\/index.php\/2025\/06\/23\/miljovennlig-dieselbileiere-rasende-nar-spania-utvider-kjoreforbud-i-byer\/","og_locale":"nb_NO","og_type":"article","og_title":"'Milj\u00f8vennlig' dieselbileiere rasende n\u00e5r Spania utvider kj\u00f8reforbud i byer - Nordnesrepublikken","og_description":"Spanias lave utslippssoner er n\u00e5 rettet mot til og med nye dieselbiler. Rasende eiere st\u00e5r","og_url":"https:\/\/nordnesrepublikken.no\/index.php\/2025\/06\/23\/miljovennlig-dieselbileiere-rasende-nar-spania-utvider-kjoreforbud-i-byer\/","og_site_name":"Nordnesrepublikken","article_published_time":"2025-06-23T10:49:54+00:00","article_modified_time":"2025-06-23T10:49:57+00:00","og_image":[{"width":1200,"height":857,"url":"https:\/\/nordnesrepublikken.no\/wp-content\/uploads\/2025\/06\/1750675795_Miljovennlig-dieselbileiere-rasende-nar-Spania-utvider-kjoreforbud-i-byer.jpg","type":"image\/jpeg"}],"author":"Ole Andersen","twitter_card":"summary_large_image","twitter_misc":{"Skrevet av":"Ole Andersen","Ansl. lesetid":"3 minutter"},"schema":{"@context":"https:\/\/schema.org","@graph":[{"@type":"Article","@id":"https:\/\/nordnesrepublikken.no\/index.php\/2025\/06\/23\/miljovennlig-dieselbileiere-rasende-nar-spania-utvider-kjoreforbud-i-byer\/#article","isPartOf":{"@id":"https:\/\/nordnesrepublikken.no\/index.php\/2025\/06\/23\/miljovennlig-dieselbileiere-rasende-nar-spania-utvider-kjoreforbud-i-byer\/"},"author":{"name":"Ole Andersen","@id":"https:\/\/nordnesrepublikken.no\/#\/schema\/person\/2e7e81935bab77882fffb79296240ff1"},"headline":"&#8216;Milj\u00f8vennlig&#8217; dieselbileiere rasende n\u00e5r Spania utvider kj\u00f8reforbud i byer","datePublished":"2025-06-23T10:49:54+00:00","dateModified":"2025-06-23T10:49:57+00:00","mainEntityOfPage":{"@id":"https:\/\/nordnesrepublikken.no\/index.php\/2025\/06\/23\/miljovennlig-dieselbileiere-rasende-nar-spania-utvider-kjoreforbud-i-byer\/"},"wordCount":545,"publisher":{"@id":"https:\/\/nordnesrepublikken.no\/#organization"},"image":{"@id":"https:\/\/nordnesrepublikken.no\/index.php\/2025\/06\/23\/miljovennlig-dieselbileiere-rasende-nar-spania-utvider-kjoreforbud-i-byer\/#primaryimage"},"thumbnailUrl":"https:\/\/nordnesrepublikken.no\/wp-content\/uploads\/2025\/06\/1750675795_Miljovennlig-dieselbileiere-rasende-nar-Spania-utvider-kjoreforbud-i-byer.jpg","keywords":["byer","dieselbileiere","kj\u00f8reforbud","Milj\u00f8vennlig","n\u00e5r","rasende","Spania","utvider"],"articleSection":["Livsstil"],"inLanguage":"nb-NO"},{"@type":"WebPage","@id":"https:\/\/nordnesrepublikken.no\/index.php\/2025\/06\/23\/miljovennlig-dieselbileiere-rasende-nar-spania-utvider-kjoreforbud-i-byer\/","url":"https:\/\/nordnesrepublikken.no\/index.php\/2025\/06\/23\/miljovennlig-dieselbileiere-rasende-nar-spania-utvider-kjoreforbud-i-byer\/","name":"'Milj\u00f8vennlig' dieselbileiere rasende n\u00e5r Spania utvider kj\u00f8reforbud i byer - Nordnesrepublikken","isPartOf":{"@id":"https:\/\/nordnesrepublikken.no\/#website"},"primaryImageOfPage":{"@id":"https:\/\/nordnesrepublikken.no\/index.php\/2025\/06\/23\/miljovennlig-dieselbileiere-rasende-nar-spania-utvider-kjoreforbud-i-byer\/#primaryimage"},"image":{"@id":"https:\/\/nordnesrepublikken.no\/index.php\/2025\/06\/23\/miljovennlig-dieselbileiere-rasende-nar-spania-utvider-kjoreforbud-i-byer\/#primaryimage"},"thumbnailUrl":"https:\/\/nordnesrepublikken.no\/wp-content\/uploads\/2025\/06\/1750675795_Miljovennlig-dieselbileiere-rasende-nar-Spania-utvider-kjoreforbud-i-byer.jpg","datePublished":"2025-06-23T10:49:54+00:00","dateModified":"2025-06-23T10:49:57+00:00","breadcrumb":{"@id":"https:\/\/nordnesrepublikken.no\/index.php\/2025\/06\/23\/miljovennlig-dieselbileiere-rasende-nar-spania-utvider-kjoreforbud-i-byer\/#breadcrumb"},"inLanguage":"nb-NO","potentialAction":[{"@type":"ReadAction","target":["https:\/\/nordnesrepublikken.no\/index.php\/2025\/06\/23\/miljovennlig-dieselbileiere-rasende-nar-spania-utvider-kjoreforbud-i-byer\/"]}]},{"@type":"ImageObject","inLanguage":"nb-NO","@id":"https:\/\/nordnesrepublikken.no\/index.php\/2025\/06\/23\/miljovennlig-dieselbileiere-rasende-nar-spania-utvider-kjoreforbud-i-byer\/#primaryimage","url":"https:\/\/nordnesrepublikken.no\/wp-content\/uploads\/2025\/06\/1750675795_Miljovennlig-dieselbileiere-rasende-nar-Spania-utvider-kjoreforbud-i-byer.jpg","contentUrl":"https:\/\/nordnesrepublikken.no\/wp-content\/uploads\/2025\/06\/1750675795_Miljovennlig-dieselbileiere-rasende-nar-Spania-utvider-kjoreforbud-i-byer.jpg","width":1200,"height":857,"caption":"'Milj\u00f8vennlig' dieselbileiere rasende n\u00e5r Spania utvider kj\u00f8reforbud i byer"},{"@type":"BreadcrumbList","@id":"https:\/\/nordnesrepublikken.no\/index.php\/2025\/06\/23\/miljovennlig-dieselbileiere-rasende-nar-spania-utvider-kjoreforbud-i-byer\/#breadcrumb","itemListElement":[{"@type":"ListItem","position":1,"name":"Home","item":"https:\/\/nordnesrepublikken.no\/"},{"@type":"ListItem","position":2,"name":"&#8216;Milj\u00f8vennlig&#8217; dieselbileiere rasende n\u00e5r Spania utvider kj\u00f8reforbud i byer"}]},{"@type":"WebSite","@id":"https:\/\/nordnesrepublikken.no\/#website","url":"https:\/\/nordnesrepublikken.no\/","name":"Nordnesrepublikken","description":"Stemmer og Visjoner fra Republikkens Hjerte","publisher":{"@id":"https:\/\/nordnesrepublikken.no\/#organization"},"potentialAction":[{"@type":"SearchAction","target":{"@type":"EntryPoint","urlTemplate":"https:\/\/nordnesrepublikken.no\/?s={search_term_string}"},"query-input":{"@type":"PropertyValueSpecification","valueRequired":true,"valueName":"search_term_string"}}],"inLanguage":"nb-NO"},{"@type":"Organization","@id":"https:\/\/nordnesrepublikken.no\/#organization","name":"Nordnesrepublikken","url":"https:\/\/nordnesrepublikken.no\/","logo":{"@type":"ImageObject","inLanguage":"nb-NO","@id":"https:\/\/nordnesrepublikken.no\/#\/schema\/logo\/image\/","url":"https:\/\/nordnesrepublikken.no\/wp-content\/uploads\/2025\/02\/cropped-nordnesrepublikken-2.png","contentUrl":"https:\/\/nordnesrepublikken.no\/wp-content\/uploads\/2025\/02\/cropped-nordnesrepublikken-2.png","width":1248,"height":362,"caption":"Nordnesrepublikken"},"image":{"@id":"https:\/\/nordnesrepublikken.no\/#\/schema\/logo\/image\/"}},{"@type":"Person","@id":"https:\/\/nordnesrepublikken.no\/#\/schema\/person\/2e7e81935bab77882fffb79296240ff1","name":"Ole Andersen","image":{"@type":"ImageObject","inLanguage":"nb-NO","@id":"https:\/\/nordnesrepublikken.no\/#\/schema\/person\/image\/","url":"https:\/\/nordnesrepublikken.no\/wp-content\/uploads\/2025\/02\/nordnesrepublikken-2-2-150x150.jpg","contentUrl":"https:\/\/nordnesrepublikken.no\/wp-content\/uploads\/2025\/02\/nordnesrepublikken-2-2-150x150.jpg","caption":"Ole Andersen"},"description":"Ettersom jeg vokste opp i Oslo, har jeg alltid v\u00e6rt fascinert av ordenes kraft og deres evne til \u00e5 skape endringer. Etter \u00e5 ha fullf\u00f8rt min utdannelse i kommunikasjon ved Universitetet i Bergen, fikk jeg muligheten til \u00e5 jobbe innen ulike medier, der jeg har s\u00f8kt \u00e5 belyse viktige samfunnssp\u00f8rsm\u00e5l. I dag, som redakt\u00f8r for Nordnesrepublikken, pr\u00f8ver jeg \u00e5 forene min kj\u00e6rlighet for journalistikk med min lidenskap for innovasjon og eventyr.","sameAs":["https:\/\/nordnesrepublikken.no\/"]}]}},"_links":{"self":[{"href":"https:\/\/nordnesrepublikken.no\/index.php\/wp-json\/wp\/v2\/posts\/6132","targetHints":{"allow":["GET"]}}],"collection":[{"href":"https:\/\/nordnesrepublikken.no\/index.php\/wp-json\/wp\/v2\/posts"}],"about":[{"href":"https:\/\/nordnesrepublikken.no\/index.php\/wp-json\/wp\/v2\/types\/post"}],"author":[{"embeddable":true,"href":"https:\/\/nordnesrepublikken.no\/index.php\/wp-json\/wp\/v2\/users\/1"}],"replies":[{"embeddable":true,"href":"https:\/\/nordnesrepublikken.no\/index.php\/wp-json\/wp\/v2\/comments?post=6132"}],"version-history":[{"count":1,"href":"https:\/\/nordnesrepublikken.no\/index.php\/wp-json\/wp\/v2\/posts\/6132\/revisions"}],"predecessor-version":[{"id":6134,"href":"https:\/\/nordnesrepublikken.no\/index.php\/wp-json\/wp\/v2\/posts\/6132\/revisions\/6134"}],"wp:featuredmedia":[{"embeddable":true,"href":"https:\/\/nordnesrepublikken.no\/index.php\/wp-json\/wp\/v2\/media\/6133"}],"wp:attachment":[{"href":"https:\/\/nordnesrepublikken.no\/index.php\/wp-json\/wp\/v2\/media?parent=6132"}],"wp:term":[{"taxonomy":"category","embeddable":true,"href":"https:\/\/nordnesrepublikken.no\/index.php\/wp-json\/wp\/v2\/categories?post=6132"},{"taxonomy":"post_tag","embeddable":true,"href":"https:\/\/nordnesrepublikken.no\/index.php\/wp-json\/wp\/v2\/tags?post=6132"}],"curies":[{"name":"wp","href":"https:\/\/api.w.org\/{rel}","templated":true}]}}