{"id":6105,"date":"2025-06-22T16:49:41","date_gmt":"2025-06-22T14:49:41","guid":{"rendered":"https:\/\/nordnesrepublikken.no\/index.php\/2025\/06\/22\/farene-ved-nar-det-er-for-mange-mennesker-pa-en-konsert\/"},"modified":"2025-06-22T16:49:42","modified_gmt":"2025-06-22T14:49:42","slug":"farene-ved-nar-det-er-for-mange-mennesker-pa-en-konsert","status":"publish","type":"post","link":"https:\/\/nordnesrepublikken.no\/index.php\/2025\/06\/22\/farene-ved-nar-det-er-for-mange-mennesker-pa-en-konsert\/","title":{"rendered":"Farene ved n\u00e5r det er for mange mennesker p\u00e5 en konsert"},"content":{"rendered":"<div>\n<div class=\"cp_wrapper cp_wrapper--fw mb-30 mb-20@tablet\">\n<figure class=\"mm\"><picture class=\"img\" style=\"padding-top:56.25%\"><source  media=\"(min-width: 1024px)\"><source  media=\"(min-width: 768px)\"><\/source><\/source><\/picture><\/figure>\n<\/p><\/div>\n<p><strong>Konserter<\/strong> Og hendelser med store folkemengder kan noen ganger bli <strong>farlig,<\/strong> spesielt n\u00e5r konsentrasjonen av <strong>mengde<\/strong> blir <strong>overdreven,<\/strong> som skjedde i katastrofene til <strong>Mekka<\/strong> (2006), av <strong>LoveParade<\/strong> (2010) eller konserten av den amerikanske rapperen Travis Scott i Houston (2021). Dette er fordi n\u00e5r antallet mennesker er veldig h\u00f8yt i et begrenset rom, begynner publikum \u00e5 <strong>oppf\u00f8re<\/strong> som en <strong>v\u00e6ske<\/strong> Og dette betyr at bevegelsene til en del av mengden sterkt p\u00e5virker de av resten av folket, noe som f\u00f8rer til <strong>farlige situasjoner<\/strong>. La oss se hvordan denne konsentrasjonen kan beskrives med mengden av mengden, et tall som kan hjelpe oss n\u00e5r vi er midt i mange mennesker og hvordan vitenskapelige studier farlige samlinger gjennom matematikk i h\u00e5p, i fremtiden, for \u00e5 hjelpe oss med \u00e5 forhindre at visse katastrofer blir gjentatt.<\/p>\n<h2><b>Dynamikken i den vanvittige mengden: et tall som indikerer risikoen<\/b><\/h2>\n<p>I anledning store hendelser, eller andre veldig overfylte situasjoner, kan alvorlige ulykker skje, til og med d\u00f8delige, spesielt n\u00e5r <b>Tettheten av mengden <\/b>Det er for h\u00f8yt, det vil si hvis det er for mange mennesker for n\u00e6r hverandre. Der <b>tetthet<\/b> Det er et tall som indikerer hvor mange <strong>mennesker<\/strong> Det er i et begrenset sted. Som en referanse for \u00e5 beskrive tettheten, tar du vanligvis <strong>tall<\/strong> Av <strong>mennesker<\/strong> i en <strong>kvadratmeter.<\/strong><\/p>\n<div class=\"cp_wrapper cp_wrapper--fw mb-50\">\n<figure class=\"mm\"><picture class=\"img\" style=\"padding-top:56.25%\"><source  media=\"(min-width: 1024px)\"><source  media=\"(min-width: 768px)\"><img decoding=\"async\" loading=\"lazy\" src=\"https:\/\/nordnesrepublikken.no\/wp-content\/uploads\/2025\/06\/1750603781_674_Farene-ved-nar-det-er-for-mange-mennesker-pa-en.jpg\" alt=\"Bilde\" width=\"1600\" height=\"900\"><\/source><\/source><\/picture><\/figure>\n<\/p><\/div>\n<p>Hvis vi i en samling i gjennomsnitt kan telle de opp til<strong> 4 personer<\/strong> For hver kvadratmeter, s\u00e5 lykkes folk med <strong>flytte<\/strong> Nok <strong>fritt<\/strong> Og raskt i mengden. Men hvis <strong>tetthet<\/strong> Den n\u00e5r 5 personer per kvadratmeter, vi begynner \u00e5 advare kontakten fra mennesker fra alle sider, og forsamlingen kan bli farlig. Der <strong>mengde<\/strong> I disse tilfellene begynner han \u00e5 <strong>oppf\u00f8re<\/strong> som om det var en <strong>v\u00e6ske,<\/strong> Og sjekk bevegelsene til enkeltpersoner.<\/p>\n<p>I denne situasjonen, hvis en person faller, vil han ikke kunne reise seg og andre mennesker vil falle p\u00e5 henne, derfor snakker vi om <em><strong>Publikum kollaps<\/strong><\/em>. Hvis tettheten til mengden er st\u00f8rre, risikerer du ogs\u00e5 <em><b>Crowd Crash<\/b><\/em>: Folk er for tett n\u00e6r den andre, s\u00e5 mye at de ikke kan puste og risikere kvelning og\/eller knuse brystet.<\/p>\n<div class=\"cp_wrapper cp_wrapper--fw mb-50\">\n<figure class=\"mm\"><picture class=\"img\" style=\"padding-top:66.666666666667%\"><source  media=\"(min-width: 1024px)\"><source  media=\"(min-width: 768px)\"><img decoding=\"async\" loading=\"lazy\" src=\"https:\/\/nordnesrepublikken.no\/wp-content\/uploads\/2025\/06\/1750603781_698_Farene-ved-nar-det-er-for-mange-mennesker-pa-en.jpg\" alt=\"Dynamisk gal mengde\" width=\"4200\" height=\"2800\" class=\"js-seedtag-img\"><\/source><\/source><\/picture><\/figure>\n<\/p><\/div>\n<h2><b>For mange mennesker: katastrofen kj\u00e6rlighetsparade og la mekka<\/b><\/h2>\n<p>I en situasjon med h\u00f8y tetthet, for \u00e5 utl\u00f8se visse bevegelser av mengden som deretter kan f\u00f8re til <em><strong>Crowd Crash<\/strong><\/em>  eller <em><strong>Publikum kollaps<\/strong><\/em>er nok av de tilfeldige (eller ukontrollerte) bevegelsene til noen mennesker (kanskje redd), eller masseringen p\u00e5 en vei ut.<\/p>\n<p>Et tragisk eksempel p\u00e5 <strong>Crowd Crash<\/strong> Det er den <strong>24. juli 2010<\/strong> til <strong>Duisburg<\/strong> (Tyskland) i anledning <strong>LoveParade<\/strong>en dansemusikkfestival. Tilgangsveien til arrangementet fant sted gjennom en rampe som p\u00e5 et tidspunkt ble stengt av arrang\u00f8rene p\u00e5 grunn av <strong>overbefolkning<\/strong>. Dessverre var imidlertid rampen p\u00e5 slutten av en lang tunnel (240 m) som publikum fortsatte \u00e5 ta, og ignorerte merknadene, i retning av tilgang: p\u00e5 kort tid a <strong>overbefolkning<\/strong> Ved utgangen av tunnelen og en mengde som for\u00e5rsaket 510 skadde og 21 d\u00f8dsfall hovedsakelig for <strong>Knuse thorax saken<\/strong>.<\/p>\n<div class=\"cp_wrapper cp_wrapper--fw mb-50\">\n<figure class=\"mm\"><picture class=\"img\" style=\"padding-top:56.25%\"><source  media=\"(min-width: 1024px)\"><source  media=\"(min-width: 768px)\"><img decoding=\"async\" loading=\"lazy\" src=\"https:\/\/nordnesrepublikken.no\/wp-content\/uploads\/2025\/06\/1750603781_421_Farene-ved-nar-det-er-for-mange-mennesker-pa-en.jpg\" alt=\"Bilde\" width=\"1600\" height=\"900\"><\/source><\/source><\/picture><\/figure>\n<\/p><\/div>\n<p>En av de mest studerte tilfellene er katastrofen til katastrofen <strong>Mekka <\/strong>januar<strong> 2006<\/strong>der over 300 pilegrimer d\u00f8de ved Jamarat Bridge. Videobildene av tragedien var <strong>analysert<\/strong> med en <strong>algoritme<\/strong> som gjorde det mulig \u00e5 identifisere tre faser:<\/p>\n<ol>\n<li>Til \u00e5 begynne med, mens publikum n\u00e6rmet seg broen, er det en til en <strong>reduksjon <\/strong>fra <strong>fart<\/strong> og til en <strong>tykning<\/strong> fra <strong>mengde<\/strong>;<\/li>\n<li>Senere startet publikum en fase av <strong>gjentatte arrestasjoner og starter p\u00e5 nytt<\/strong> at de er <strong>forplantet<\/strong> som en<strong>b\u00f8lge<\/strong> i retning av str\u00f8mmen til mengden som fortsatte til <strong>tykne<\/strong> mot broen;<\/li>\n<li>Til slutt, kanskje p\u00e5 grunn av panikken, startet noen mennesker en <strong>bevege deg tilfeldig<\/strong> i alle retninger, og dette for\u00e5rsaket en &laquo;<strong>turbulens<\/strong>&laquo;I mengden der de fleste d\u00f8dsfall og alvorlige skader oppsto.<\/li>\n<\/ol>\n<h2>Hvordan vitenskapsstudier farlige forsamlinger<\/h2>\n<p>De <strong>studere<\/strong> av mengdenes dynamikk, ogs\u00e5 for \u00e5 forhindre katastrofer, er et fortsatt \u00e5pent forskningsfelt som hovedsakelig bruker:<\/p>\n<ul>\n<li>studie av <strong>Filmer<\/strong> av katastrofer som faktisk fant sted;<\/li>\n<li>Studie av filmer av <strong>fiktive situasjoner<\/strong> som reproduserer gal i forskjellige situasjoner;<\/li>\n<li><strong>Matematiske modeller<\/strong> med ligninger (til og med differensialer) som beskriver variablene som er involvert;<\/li>\n<li>Datasimuleringer.<\/li>\n<\/ul>\n<p>I 2023 ble en studie publisert, utf\u00f8rt ved University of Bath, som klarte \u00e5 identifisere noen <strong>Matematiske ordninger<\/strong> p\u00e5 den m\u00e5ten folk beveger seg i en samling ved \u00e5 lage noen <strong>bestilte filer, <\/strong>som kan variere aspekt basert p\u00e5 folks oppf\u00f8rsel. I tilfelle av <strong>Overfylte fotgjengeroverganger<\/strong>for eksempel opprettes spontant <strong>parallell fil<\/strong> I de to versene av kryssing, men hvis alle fotgjengere holder rett n\u00e5r de krysser en annen fotgjenger, er filene tilb\u00f8yelige.<\/p>\n<div class=\"cp_wrapper cp_wrapper--fw mb-50\">\n<figure class=\"mm\"><picture class=\"img\" style=\"padding-top:67.438867438867%\"><source  media=\"(min-width: 1024px)\"><source  media=\"(min-width: 768px)\"><img decoding=\"async\" loading=\"lazy\" src=\"https:\/\/nordnesrepublikken.no\/wp-content\/uploads\/2025\/06\/1750603781_593_Farene-ved-nar-det-er-for-mange-mennesker-pa-en.jpg\" alt=\"Et eksperiment p\u00e5 folkemengdene viser opprettelsen av parallelle linjer som er tilb\u00f8yelig til en fotgjenger n\u00e5r fotgjengere pr\u00f8ver \u00e5 holde rett ved \u00e5 krysse. Kreditt: K. Bacik. B. Bacik, T. Rogers.\" width=\"777\" height=\"524\" class=\"js-seedtag-img\"><\/source><\/source><\/picture><\/figure>\n<\/p><\/div>\n<p>Forskningen utviklet ved University of Bath har ikke stoppet, og teamet, ledet av T. Rogers, lurte p\u00e5 hva som skjer hvis fotgjengere vie litt fra kryssingsledelsen: fra den siste studien (publisert i mars 2025), har det blitt funnet at hvis den<strong>Avviksvinkelen overstiger 13 \u00b0<\/strong> S\u00e5 forsvinner de bestilte filene og <strong>bevegelse<\/strong> av mengden blir <strong>rotete<\/strong>.<\/p>\n<h2>N\u00e5r publikum tegner lignelser: Matematics of Movements<\/h2>\n<p>I mer komplekse situasjoner, for eksempel videoen nedenfor som simulerer en forbrytelse av folkemengder av King&#8217;s Cross Station i London, andre typer typer <strong>Matematiske kurver<\/strong>.<\/p>\n<p><a href=\"https:\/\/www.youtube.com\/watch?v=hdvute3-qo\">https:\/\/www.youtube.com\/watch?v=hdvute3-qo<\/a><\/p>\n<p>I dette tilfellet er det to <strong>gruppe<\/strong> Av <strong>mennesker,<\/strong> Den ene som krysser et rom i den ene retningen, den andre som krysser det i vinkelrett retning, men som sikter mot en mindre vei ut. Du kan se hvordan menneskene som tilh\u00f8rer de to forskjellige gruppene er ubevisst arrangert i henhold til formformet linjer <b>lignelse<\/b>.<\/p>\n<p>\u00c5rsaken til at disse studiene blir utf\u00f8rt er tydelig: H\u00e5pet er at katastrofale resultater kan unng\u00e5s.<\/p>\n<div class=\"cp_wrapper cp_wrapper--fw mb-50\">\n<figure class=\"mm\"><picture class=\"img\" style=\"padding-top:67.953667953668%\"><source  media=\"(min-width: 1024px)\"><source  media=\"(min-width: 768px)\"><img decoding=\"async\" loading=\"lazy\" src=\"https:\/\/nordnesrepublikken.no\/wp-content\/uploads\/2025\/06\/1750603781_541_Farene-ved-nar-det-er-for-mange-mennesker-pa-en.jpg\" alt=\"Et eksperiment p\u00e5 den vanvittige viser den spontane dannelsen av lignelser. Kreditt: K. Bacik. B. Bacik, T. Rogers via Scitechdaily\" width=\"777\" height=\"528\"><\/source><\/source><\/picture><\/figure>\n<\/p><\/div>\n<\/p><\/div>\n","protected":false},"excerpt":{"rendered":"<p>Konserter Og hendelser med store folkemengder kan noen ganger bli farlig, spesielt n\u00e5r konsentrasjonen av<\/p>\n","protected":false},"author":1,"featured_media":6106,"comment_status":"closed","ping_status":"open","sticky":false,"template":"","format":"standard","meta":{"footnotes":""},"categories":[104],"tags":[66,3819,3820,450,36,16,81,231],"class_list":["post-6105","post","type-post","status-publish","format-standard","has-post-thumbnail","hentry","category-samfunn","tag-det","tag-farene","tag-konsert","tag-mange","tag-mennesker","tag-nar","tag-pa","tag-ved","generate-columns","tablet-grid-50","mobile-grid-100","grid-parent","grid-33","resize-featured-image"],"yoast_head":"<!-- This site is optimized with the Yoast SEO plugin v24.4 - https:\/\/yoast.com\/wordpress\/plugins\/seo\/ -->\n<title>Farene ved n\u00e5r det er for mange mennesker p\u00e5 en konsert - Nordnesrepublikken<\/title>\n<meta name=\"robots\" content=\"index, follow, max-snippet:-1, max-image-preview:large, max-video-preview:-1\" \/>\n<link rel=\"canonical\" href=\"https:\/\/nordnesrepublikken.no\/index.php\/2025\/06\/22\/farene-ved-nar-det-er-for-mange-mennesker-pa-en-konsert\/\" \/>\n<meta property=\"og:locale\" content=\"nb_NO\" \/>\n<meta property=\"og:type\" content=\"article\" \/>\n<meta property=\"og:title\" content=\"Farene ved n\u00e5r det er for mange mennesker p\u00e5 en konsert - Nordnesrepublikken\" \/>\n<meta property=\"og:description\" content=\"Konserter Og hendelser med store folkemengder kan noen ganger bli farlig, spesielt n\u00e5r konsentrasjonen av\" \/>\n<meta property=\"og:url\" content=\"https:\/\/nordnesrepublikken.no\/index.php\/2025\/06\/22\/farene-ved-nar-det-er-for-mange-mennesker-pa-en-konsert\/\" \/>\n<meta property=\"og:site_name\" content=\"Nordnesrepublikken\" \/>\n<meta property=\"article:published_time\" content=\"2025-06-22T14:49:41+00:00\" \/>\n<meta property=\"article:modified_time\" content=\"2025-06-22T14:49:42+00:00\" \/>\n<meta property=\"og:image\" content=\"https:\/\/nordnesrepublikken.no\/wp-content\/uploads\/2025\/06\/1750603781_Farene-ved-nar-det-er-for-mange-mennesker-pa-en.jpg\" \/>\n\t<meta property=\"og:image:width\" content=\"1600\" \/>\n\t<meta property=\"og:image:height\" content=\"900\" \/>\n\t<meta property=\"og:image:type\" content=\"image\/jpeg\" \/>\n<meta name=\"author\" content=\"Ole Andersen\" \/>\n<meta name=\"twitter:card\" content=\"summary_large_image\" \/>\n<meta name=\"twitter:label1\" content=\"Skrevet av\" \/>\n\t<meta name=\"twitter:data1\" content=\"Ole Andersen\" \/>\n\t<meta name=\"twitter:label2\" content=\"Ansl. lesetid\" \/>\n\t<meta name=\"twitter:data2\" content=\"5 minutter\" \/>\n<script type=\"application\/ld+json\" class=\"yoast-schema-graph\">{\"@context\":\"https:\/\/schema.org\",\"@graph\":[{\"@type\":\"Article\",\"@id\":\"https:\/\/nordnesrepublikken.no\/index.php\/2025\/06\/22\/farene-ved-nar-det-er-for-mange-mennesker-pa-en-konsert\/#article\",\"isPartOf\":{\"@id\":\"https:\/\/nordnesrepublikken.no\/index.php\/2025\/06\/22\/farene-ved-nar-det-er-for-mange-mennesker-pa-en-konsert\/\"},\"author\":{\"name\":\"Ole Andersen\",\"@id\":\"https:\/\/nordnesrepublikken.no\/#\/schema\/person\/2e7e81935bab77882fffb79296240ff1\"},\"headline\":\"Farene ved n\u00e5r det er for mange mennesker p\u00e5 en konsert\",\"datePublished\":\"2025-06-22T14:49:41+00:00\",\"dateModified\":\"2025-06-22T14:49:42+00:00\",\"mainEntityOfPage\":{\"@id\":\"https:\/\/nordnesrepublikken.no\/index.php\/2025\/06\/22\/farene-ved-nar-det-er-for-mange-mennesker-pa-en-konsert\/\"},\"wordCount\":924,\"publisher\":{\"@id\":\"https:\/\/nordnesrepublikken.no\/#organization\"},\"image\":{\"@id\":\"https:\/\/nordnesrepublikken.no\/index.php\/2025\/06\/22\/farene-ved-nar-det-er-for-mange-mennesker-pa-en-konsert\/#primaryimage\"},\"thumbnailUrl\":\"https:\/\/nordnesrepublikken.no\/wp-content\/uploads\/2025\/06\/1750603781_Farene-ved-nar-det-er-for-mange-mennesker-pa-en.jpg\",\"keywords\":[\"Det\",\"Farene\",\"konsert\",\"mange\",\"mennesker\",\"n\u00e5r\",\"p\u00e5\",\"ved\"],\"articleSection\":[\"Samfunn\"],\"inLanguage\":\"nb-NO\"},{\"@type\":\"WebPage\",\"@id\":\"https:\/\/nordnesrepublikken.no\/index.php\/2025\/06\/22\/farene-ved-nar-det-er-for-mange-mennesker-pa-en-konsert\/\",\"url\":\"https:\/\/nordnesrepublikken.no\/index.php\/2025\/06\/22\/farene-ved-nar-det-er-for-mange-mennesker-pa-en-konsert\/\",\"name\":\"Farene ved n\u00e5r det er for mange mennesker p\u00e5 en konsert - Nordnesrepublikken\",\"isPartOf\":{\"@id\":\"https:\/\/nordnesrepublikken.no\/#website\"},\"primaryImageOfPage\":{\"@id\":\"https:\/\/nordnesrepublikken.no\/index.php\/2025\/06\/22\/farene-ved-nar-det-er-for-mange-mennesker-pa-en-konsert\/#primaryimage\"},\"image\":{\"@id\":\"https:\/\/nordnesrepublikken.no\/index.php\/2025\/06\/22\/farene-ved-nar-det-er-for-mange-mennesker-pa-en-konsert\/#primaryimage\"},\"thumbnailUrl\":\"https:\/\/nordnesrepublikken.no\/wp-content\/uploads\/2025\/06\/1750603781_Farene-ved-nar-det-er-for-mange-mennesker-pa-en.jpg\",\"datePublished\":\"2025-06-22T14:49:41+00:00\",\"dateModified\":\"2025-06-22T14:49:42+00:00\",\"breadcrumb\":{\"@id\":\"https:\/\/nordnesrepublikken.no\/index.php\/2025\/06\/22\/farene-ved-nar-det-er-for-mange-mennesker-pa-en-konsert\/#breadcrumb\"},\"inLanguage\":\"nb-NO\",\"potentialAction\":[{\"@type\":\"ReadAction\",\"target\":[\"https:\/\/nordnesrepublikken.no\/index.php\/2025\/06\/22\/farene-ved-nar-det-er-for-mange-mennesker-pa-en-konsert\/\"]}]},{\"@type\":\"ImageObject\",\"inLanguage\":\"nb-NO\",\"@id\":\"https:\/\/nordnesrepublikken.no\/index.php\/2025\/06\/22\/farene-ved-nar-det-er-for-mange-mennesker-pa-en-konsert\/#primaryimage\",\"url\":\"https:\/\/nordnesrepublikken.no\/wp-content\/uploads\/2025\/06\/1750603781_Farene-ved-nar-det-er-for-mange-mennesker-pa-en.jpg\",\"contentUrl\":\"https:\/\/nordnesrepublikken.no\/wp-content\/uploads\/2025\/06\/1750603781_Farene-ved-nar-det-er-for-mange-mennesker-pa-en.jpg\",\"width\":1600,\"height\":900,\"caption\":\"folla impazzita\"},{\"@type\":\"BreadcrumbList\",\"@id\":\"https:\/\/nordnesrepublikken.no\/index.php\/2025\/06\/22\/farene-ved-nar-det-er-for-mange-mennesker-pa-en-konsert\/#breadcrumb\",\"itemListElement\":[{\"@type\":\"ListItem\",\"position\":1,\"name\":\"Home\",\"item\":\"https:\/\/nordnesrepublikken.no\/\"},{\"@type\":\"ListItem\",\"position\":2,\"name\":\"Farene ved n\u00e5r det er for mange mennesker p\u00e5 en konsert\"}]},{\"@type\":\"WebSite\",\"@id\":\"https:\/\/nordnesrepublikken.no\/#website\",\"url\":\"https:\/\/nordnesrepublikken.no\/\",\"name\":\"Nordnesrepublikken\",\"description\":\"Stemmer og Visjoner fra Republikkens Hjerte\",\"publisher\":{\"@id\":\"https:\/\/nordnesrepublikken.no\/#organization\"},\"potentialAction\":[{\"@type\":\"SearchAction\",\"target\":{\"@type\":\"EntryPoint\",\"urlTemplate\":\"https:\/\/nordnesrepublikken.no\/?s={search_term_string}\"},\"query-input\":{\"@type\":\"PropertyValueSpecification\",\"valueRequired\":true,\"valueName\":\"search_term_string\"}}],\"inLanguage\":\"nb-NO\"},{\"@type\":\"Organization\",\"@id\":\"https:\/\/nordnesrepublikken.no\/#organization\",\"name\":\"Nordnesrepublikken\",\"url\":\"https:\/\/nordnesrepublikken.no\/\",\"logo\":{\"@type\":\"ImageObject\",\"inLanguage\":\"nb-NO\",\"@id\":\"https:\/\/nordnesrepublikken.no\/#\/schema\/logo\/image\/\",\"url\":\"https:\/\/nordnesrepublikken.no\/wp-content\/uploads\/2025\/02\/cropped-nordnesrepublikken-2.png\",\"contentUrl\":\"https:\/\/nordnesrepublikken.no\/wp-content\/uploads\/2025\/02\/cropped-nordnesrepublikken-2.png\",\"width\":1248,\"height\":362,\"caption\":\"Nordnesrepublikken\"},\"image\":{\"@id\":\"https:\/\/nordnesrepublikken.no\/#\/schema\/logo\/image\/\"}},{\"@type\":\"Person\",\"@id\":\"https:\/\/nordnesrepublikken.no\/#\/schema\/person\/2e7e81935bab77882fffb79296240ff1\",\"name\":\"Ole Andersen\",\"image\":{\"@type\":\"ImageObject\",\"inLanguage\":\"nb-NO\",\"@id\":\"https:\/\/nordnesrepublikken.no\/#\/schema\/person\/image\/\",\"url\":\"https:\/\/nordnesrepublikken.no\/wp-content\/uploads\/2025\/02\/nordnesrepublikken-2-2-150x150.jpg\",\"contentUrl\":\"https:\/\/nordnesrepublikken.no\/wp-content\/uploads\/2025\/02\/nordnesrepublikken-2-2-150x150.jpg\",\"caption\":\"Ole Andersen\"},\"description\":\"Ettersom jeg vokste opp i Oslo, har jeg alltid v\u00e6rt fascinert av ordenes kraft og deres evne til \u00e5 skape endringer. Etter \u00e5 ha fullf\u00f8rt min utdannelse i kommunikasjon ved Universitetet i Bergen, fikk jeg muligheten til \u00e5 jobbe innen ulike medier, der jeg har s\u00f8kt \u00e5 belyse viktige samfunnssp\u00f8rsm\u00e5l. I dag, som redakt\u00f8r for Nordnesrepublikken, pr\u00f8ver jeg \u00e5 forene min kj\u00e6rlighet for journalistikk med min lidenskap for innovasjon og eventyr.\",\"sameAs\":[\"https:\/\/nordnesrepublikken.no\/\"]}]}<\/script>\n<!-- \/ Yoast SEO plugin. -->","yoast_head_json":{"title":"Farene ved n\u00e5r det er for mange mennesker p\u00e5 en konsert - Nordnesrepublikken","robots":{"index":"index","follow":"follow","max-snippet":"max-snippet:-1","max-image-preview":"max-image-preview:large","max-video-preview":"max-video-preview:-1"},"canonical":"https:\/\/nordnesrepublikken.no\/index.php\/2025\/06\/22\/farene-ved-nar-det-er-for-mange-mennesker-pa-en-konsert\/","og_locale":"nb_NO","og_type":"article","og_title":"Farene ved n\u00e5r det er for mange mennesker p\u00e5 en konsert - Nordnesrepublikken","og_description":"Konserter Og hendelser med store folkemengder kan noen ganger bli farlig, spesielt n\u00e5r konsentrasjonen av","og_url":"https:\/\/nordnesrepublikken.no\/index.php\/2025\/06\/22\/farene-ved-nar-det-er-for-mange-mennesker-pa-en-konsert\/","og_site_name":"Nordnesrepublikken","article_published_time":"2025-06-22T14:49:41+00:00","article_modified_time":"2025-06-22T14:49:42+00:00","og_image":[{"width":1600,"height":900,"url":"https:\/\/nordnesrepublikken.no\/wp-content\/uploads\/2025\/06\/1750603781_Farene-ved-nar-det-er-for-mange-mennesker-pa-en.jpg","type":"image\/jpeg"}],"author":"Ole Andersen","twitter_card":"summary_large_image","twitter_misc":{"Skrevet av":"Ole Andersen","Ansl. lesetid":"5 minutter"},"schema":{"@context":"https:\/\/schema.org","@graph":[{"@type":"Article","@id":"https:\/\/nordnesrepublikken.no\/index.php\/2025\/06\/22\/farene-ved-nar-det-er-for-mange-mennesker-pa-en-konsert\/#article","isPartOf":{"@id":"https:\/\/nordnesrepublikken.no\/index.php\/2025\/06\/22\/farene-ved-nar-det-er-for-mange-mennesker-pa-en-konsert\/"},"author":{"name":"Ole Andersen","@id":"https:\/\/nordnesrepublikken.no\/#\/schema\/person\/2e7e81935bab77882fffb79296240ff1"},"headline":"Farene ved n\u00e5r det er for mange mennesker p\u00e5 en konsert","datePublished":"2025-06-22T14:49:41+00:00","dateModified":"2025-06-22T14:49:42+00:00","mainEntityOfPage":{"@id":"https:\/\/nordnesrepublikken.no\/index.php\/2025\/06\/22\/farene-ved-nar-det-er-for-mange-mennesker-pa-en-konsert\/"},"wordCount":924,"publisher":{"@id":"https:\/\/nordnesrepublikken.no\/#organization"},"image":{"@id":"https:\/\/nordnesrepublikken.no\/index.php\/2025\/06\/22\/farene-ved-nar-det-er-for-mange-mennesker-pa-en-konsert\/#primaryimage"},"thumbnailUrl":"https:\/\/nordnesrepublikken.no\/wp-content\/uploads\/2025\/06\/1750603781_Farene-ved-nar-det-er-for-mange-mennesker-pa-en.jpg","keywords":["Det","Farene","konsert","mange","mennesker","n\u00e5r","p\u00e5","ved"],"articleSection":["Samfunn"],"inLanguage":"nb-NO"},{"@type":"WebPage","@id":"https:\/\/nordnesrepublikken.no\/index.php\/2025\/06\/22\/farene-ved-nar-det-er-for-mange-mennesker-pa-en-konsert\/","url":"https:\/\/nordnesrepublikken.no\/index.php\/2025\/06\/22\/farene-ved-nar-det-er-for-mange-mennesker-pa-en-konsert\/","name":"Farene ved n\u00e5r det er for mange mennesker p\u00e5 en konsert - Nordnesrepublikken","isPartOf":{"@id":"https:\/\/nordnesrepublikken.no\/#website"},"primaryImageOfPage":{"@id":"https:\/\/nordnesrepublikken.no\/index.php\/2025\/06\/22\/farene-ved-nar-det-er-for-mange-mennesker-pa-en-konsert\/#primaryimage"},"image":{"@id":"https:\/\/nordnesrepublikken.no\/index.php\/2025\/06\/22\/farene-ved-nar-det-er-for-mange-mennesker-pa-en-konsert\/#primaryimage"},"thumbnailUrl":"https:\/\/nordnesrepublikken.no\/wp-content\/uploads\/2025\/06\/1750603781_Farene-ved-nar-det-er-for-mange-mennesker-pa-en.jpg","datePublished":"2025-06-22T14:49:41+00:00","dateModified":"2025-06-22T14:49:42+00:00","breadcrumb":{"@id":"https:\/\/nordnesrepublikken.no\/index.php\/2025\/06\/22\/farene-ved-nar-det-er-for-mange-mennesker-pa-en-konsert\/#breadcrumb"},"inLanguage":"nb-NO","potentialAction":[{"@type":"ReadAction","target":["https:\/\/nordnesrepublikken.no\/index.php\/2025\/06\/22\/farene-ved-nar-det-er-for-mange-mennesker-pa-en-konsert\/"]}]},{"@type":"ImageObject","inLanguage":"nb-NO","@id":"https:\/\/nordnesrepublikken.no\/index.php\/2025\/06\/22\/farene-ved-nar-det-er-for-mange-mennesker-pa-en-konsert\/#primaryimage","url":"https:\/\/nordnesrepublikken.no\/wp-content\/uploads\/2025\/06\/1750603781_Farene-ved-nar-det-er-for-mange-mennesker-pa-en.jpg","contentUrl":"https:\/\/nordnesrepublikken.no\/wp-content\/uploads\/2025\/06\/1750603781_Farene-ved-nar-det-er-for-mange-mennesker-pa-en.jpg","width":1600,"height":900,"caption":"folla impazzita"},{"@type":"BreadcrumbList","@id":"https:\/\/nordnesrepublikken.no\/index.php\/2025\/06\/22\/farene-ved-nar-det-er-for-mange-mennesker-pa-en-konsert\/#breadcrumb","itemListElement":[{"@type":"ListItem","position":1,"name":"Home","item":"https:\/\/nordnesrepublikken.no\/"},{"@type":"ListItem","position":2,"name":"Farene ved n\u00e5r det er for mange mennesker p\u00e5 en konsert"}]},{"@type":"WebSite","@id":"https:\/\/nordnesrepublikken.no\/#website","url":"https:\/\/nordnesrepublikken.no\/","name":"Nordnesrepublikken","description":"Stemmer og Visjoner fra Republikkens Hjerte","publisher":{"@id":"https:\/\/nordnesrepublikken.no\/#organization"},"potentialAction":[{"@type":"SearchAction","target":{"@type":"EntryPoint","urlTemplate":"https:\/\/nordnesrepublikken.no\/?s={search_term_string}"},"query-input":{"@type":"PropertyValueSpecification","valueRequired":true,"valueName":"search_term_string"}}],"inLanguage":"nb-NO"},{"@type":"Organization","@id":"https:\/\/nordnesrepublikken.no\/#organization","name":"Nordnesrepublikken","url":"https:\/\/nordnesrepublikken.no\/","logo":{"@type":"ImageObject","inLanguage":"nb-NO","@id":"https:\/\/nordnesrepublikken.no\/#\/schema\/logo\/image\/","url":"https:\/\/nordnesrepublikken.no\/wp-content\/uploads\/2025\/02\/cropped-nordnesrepublikken-2.png","contentUrl":"https:\/\/nordnesrepublikken.no\/wp-content\/uploads\/2025\/02\/cropped-nordnesrepublikken-2.png","width":1248,"height":362,"caption":"Nordnesrepublikken"},"image":{"@id":"https:\/\/nordnesrepublikken.no\/#\/schema\/logo\/image\/"}},{"@type":"Person","@id":"https:\/\/nordnesrepublikken.no\/#\/schema\/person\/2e7e81935bab77882fffb79296240ff1","name":"Ole Andersen","image":{"@type":"ImageObject","inLanguage":"nb-NO","@id":"https:\/\/nordnesrepublikken.no\/#\/schema\/person\/image\/","url":"https:\/\/nordnesrepublikken.no\/wp-content\/uploads\/2025\/02\/nordnesrepublikken-2-2-150x150.jpg","contentUrl":"https:\/\/nordnesrepublikken.no\/wp-content\/uploads\/2025\/02\/nordnesrepublikken-2-2-150x150.jpg","caption":"Ole Andersen"},"description":"Ettersom jeg vokste opp i Oslo, har jeg alltid v\u00e6rt fascinert av ordenes kraft og deres evne til \u00e5 skape endringer. Etter \u00e5 ha fullf\u00f8rt min utdannelse i kommunikasjon ved Universitetet i Bergen, fikk jeg muligheten til \u00e5 jobbe innen ulike medier, der jeg har s\u00f8kt \u00e5 belyse viktige samfunnssp\u00f8rsm\u00e5l. I dag, som redakt\u00f8r for Nordnesrepublikken, pr\u00f8ver jeg \u00e5 forene min kj\u00e6rlighet for journalistikk med min lidenskap for innovasjon og eventyr.","sameAs":["https:\/\/nordnesrepublikken.no\/"]}]}},"_links":{"self":[{"href":"https:\/\/nordnesrepublikken.no\/index.php\/wp-json\/wp\/v2\/posts\/6105","targetHints":{"allow":["GET"]}}],"collection":[{"href":"https:\/\/nordnesrepublikken.no\/index.php\/wp-json\/wp\/v2\/posts"}],"about":[{"href":"https:\/\/nordnesrepublikken.no\/index.php\/wp-json\/wp\/v2\/types\/post"}],"author":[{"embeddable":true,"href":"https:\/\/nordnesrepublikken.no\/index.php\/wp-json\/wp\/v2\/users\/1"}],"replies":[{"embeddable":true,"href":"https:\/\/nordnesrepublikken.no\/index.php\/wp-json\/wp\/v2\/comments?post=6105"}],"version-history":[{"count":1,"href":"https:\/\/nordnesrepublikken.no\/index.php\/wp-json\/wp\/v2\/posts\/6105\/revisions"}],"predecessor-version":[{"id":6107,"href":"https:\/\/nordnesrepublikken.no\/index.php\/wp-json\/wp\/v2\/posts\/6105\/revisions\/6107"}],"wp:featuredmedia":[{"embeddable":true,"href":"https:\/\/nordnesrepublikken.no\/index.php\/wp-json\/wp\/v2\/media\/6106"}],"wp:attachment":[{"href":"https:\/\/nordnesrepublikken.no\/index.php\/wp-json\/wp\/v2\/media?parent=6105"}],"wp:term":[{"taxonomy":"category","embeddable":true,"href":"https:\/\/nordnesrepublikken.no\/index.php\/wp-json\/wp\/v2\/categories?post=6105"},{"taxonomy":"post_tag","embeddable":true,"href":"https:\/\/nordnesrepublikken.no\/index.php\/wp-json\/wp\/v2\/tags?post=6105"}],"curies":[{"name":"wp","href":"https:\/\/api.w.org\/{rel}","templated":true}]}}