{"id":6087,"date":"2025-06-22T01:49:45","date_gmt":"2025-06-21T23:49:45","guid":{"rendered":"https:\/\/nordnesrepublikken.no\/index.php\/2025\/06\/22\/dgt-lanserer-nytt-ev-road-skilt\/"},"modified":"2025-06-22T01:49:46","modified_gmt":"2025-06-21T23:49:46","slug":"dgt-lanserer-nytt-ev-road-skilt","status":"publish","type":"post","link":"https:\/\/nordnesrepublikken.no\/index.php\/2025\/06\/22\/dgt-lanserer-nytt-ev-road-skilt\/","title":{"rendered":"DGT lanserer nytt EV Road -skilt"},"content":{"rendered":"<p><\/p>\n<div class=\"wordpress-content\">\n                    <!-- Article Start --><\/p>\n<p><strong>\u00c5 eie en elbil i Spania pleide \u00e5 bety en god del neglebitt p\u00e5 lengre reiser. &laquo;Vil jeg finne en lader f\u00f8r batteriet mitt gir opp?&raquo; Var et sp\u00f8rsm\u00e5l de fleste EV -sj\u00e5f\u00f8rer vet alt for godt. Men det er noen gode nyheter for de som er bak rattet p\u00e5 en plug-in: Spanias veiskilt ble bare litt smartere-og mye gr\u00f8nnere.<\/strong><\/p>\n<h2>Elektriske billadetegn i Spania: Hvordan DGTs nye symbol gj\u00f8r det enkelt \u00e5 finne en plugg<\/h2>\n<p>Hvis du har brukt tid p\u00e5 \u00e5 cruise Spanias veier, har du kanskje sett noe nytt &#8211; et lysegr\u00f8nt skilt med en plugg. Dette er ikke bare et tilfeldig symbol \u00e5 ignorere. Det er generaldirektoratet for trafikk (DGT) m\u00e5te \u00e5 fortelle deg at det er et ladepunkt i n\u00e6rheten, klar for at bilen din skal fylle ut batteriet.<\/p>\n<p>Borte er dagene med \u00e5 krysse fingrene og h\u00e5pe at den neste bensinstasjonen har en plugg sokkel gjemt rundt ryggen. N\u00e5, med bare et raskt blikk, vet du n\u00f8yaktig hvor du kan trekke inn, ta en kaffe og gj\u00f8re EV -en din klar til neste strekning.<\/p>\n<div class=\"sra_unit\"><link rel=\"stylesheet\" id=\"block-sra\" href=\"https:\/\/euroweeklynews.com\/wp-content\/plugins\/snack-related-articles\/dist\/css\/snack-related.min.css?250312-193541\" type=\"text\/css\" media=\"all\">\n<\/div>\n<h2>\u00c5 oppdage skiltene: Det handler ikke bare om elektrisk<\/h2>\n<p>Og det er litt mer enn bare gr\u00f8nne plugger. De nye skiltene er fargekodede, slik at du kan se p\u00e5 et \u00f8yeblikk hva som tilbys:<\/p>\n<ul>\n<li>Gr\u00f8nn plugg: Elektrisk lading tilgjengelig<\/li>\n<li>Svart pumpe: bensin og diesel<\/li>\n<li>Bl\u00e5 pumpe: LPG (flytende petroleumsgass) for de med en litt mer uvanlig oppsett<\/li>\n<\/ul>\n<p>Noen ganger vil du se bare den gr\u00f8nne pluggen, andre ganger kan du f\u00e5 hele regnbuen &#8211; Handy for bilturer med venner som kj\u00f8rer alle slags kj\u00f8ret\u00f8yer.<\/p>\n<h2>Hvorfor Spanias veier tilpasser seg elbiler n\u00e5<\/h2>\n<p>La oss v\u00e6re \u00e6rlige, elbiler dukker opp overalt. Enten du er i Madrid, M\u00e1laga eller et sted som er gjemt i \u00e5sene, plugger flere og flere seg. Men det har alltid v\u00e6rt det lette problemet: \u00e5 finne en lader, spesielt hvis du er et nytt sted. DGT ser ut til \u00e5 ha endelig kvistet at klarere tegn er svaret.<\/p>\n<p>S\u00e5 neste gang du ser det gr\u00f8nne plug -symbolet, vil du vite at hjelp er for h\u00e5nden &#8211; og angsten din kan ta en pause en stund.<\/p>\n<p>Spania stopper ikke ved bare et nytt tegn. Flere ladestasjoner blir lagt til hvert \u00e5r, og du vil sannsynligvis begynne \u00e5 oppdage disse gr\u00f8nne pluggikonene over hele landet. Det er en liten forandring, men for EV -sj\u00e5f\u00f8rer kan det gj\u00f8re en verden av forskjell &#8211; spesielt n\u00e5r du g\u00e5r lavt og Sat Nav ikke er nyttig.<\/p>\n<p>S\u00e5 hold \u00f8ynene skrellet. Fremtiden for \u00e5 kj\u00f8re i Spania ser renere ut, gr\u00f8nnere ut, og takket v\u00e6re et enkelt tegn, mye mindre stressende.<\/p>\n<p>                    <!-- Article End --><\/p><\/div>\n","protected":false},"excerpt":{"rendered":"<p>\u00c5 eie en elbil i Spania pleide \u00e5 bety en god del neglebitt p\u00e5 lengre<\/p>\n","protected":false},"author":1,"featured_media":6088,"comment_status":"closed","ping_status":"open","sticky":false,"template":"","format":"standard","meta":{"footnotes":""},"categories":[105],"tags":[1599,417,2174,3802,3803],"class_list":["post-6087","post","type-post","status-publish","format-standard","has-post-thumbnail","hentry","category-livsstil","tag-dgt","tag-lanserer","tag-nytt","tag-road","tag-skilt","generate-columns","tablet-grid-50","mobile-grid-100","grid-parent","grid-33","resize-featured-image"],"yoast_head":"<!-- This site is optimized with the Yoast SEO plugin v24.4 - https:\/\/yoast.com\/wordpress\/plugins\/seo\/ -->\n<title>DGT lanserer nytt EV Road -skilt - Nordnesrepublikken<\/title>\n<meta name=\"robots\" content=\"index, follow, max-snippet:-1, max-image-preview:large, max-video-preview:-1\" \/>\n<link rel=\"canonical\" href=\"https:\/\/nordnesrepublikken.no\/index.php\/2025\/06\/22\/dgt-lanserer-nytt-ev-road-skilt\/\" \/>\n<meta property=\"og:locale\" content=\"nb_NO\" \/>\n<meta property=\"og:type\" content=\"article\" \/>\n<meta property=\"og:title\" content=\"DGT lanserer nytt EV Road -skilt - Nordnesrepublikken\" \/>\n<meta property=\"og:description\" content=\"\u00c5 eie en elbil i Spania pleide \u00e5 bety en god del neglebitt p\u00e5 lengre\" \/>\n<meta property=\"og:url\" content=\"https:\/\/nordnesrepublikken.no\/index.php\/2025\/06\/22\/dgt-lanserer-nytt-ev-road-skilt\/\" \/>\n<meta property=\"og:site_name\" content=\"Nordnesrepublikken\" \/>\n<meta property=\"article:published_time\" content=\"2025-06-21T23:49:45+00:00\" \/>\n<meta property=\"article:modified_time\" content=\"2025-06-21T23:49:46+00:00\" \/>\n<meta property=\"og:image\" content=\"https:\/\/nordnesrepublikken.no\/wp-content\/uploads\/2025\/06\/1750549785_DGT-lanserer-nytt-EV-Road-skilt.jpg\" \/>\n\t<meta property=\"og:image:width\" content=\"1200\" \/>\n\t<meta property=\"og:image:height\" content=\"800\" \/>\n\t<meta property=\"og:image:type\" content=\"image\/jpeg\" \/>\n<meta name=\"author\" content=\"Ole Andersen\" \/>\n<meta name=\"twitter:card\" content=\"summary_large_image\" \/>\n<meta name=\"twitter:label1\" content=\"Skrevet av\" \/>\n\t<meta name=\"twitter:data1\" content=\"Ole Andersen\" \/>\n\t<meta name=\"twitter:label2\" content=\"Ansl. lesetid\" \/>\n\t<meta name=\"twitter:data2\" content=\"2 minutter\" \/>\n<script type=\"application\/ld+json\" class=\"yoast-schema-graph\">{\"@context\":\"https:\/\/schema.org\",\"@graph\":[{\"@type\":\"Article\",\"@id\":\"https:\/\/nordnesrepublikken.no\/index.php\/2025\/06\/22\/dgt-lanserer-nytt-ev-road-skilt\/#article\",\"isPartOf\":{\"@id\":\"https:\/\/nordnesrepublikken.no\/index.php\/2025\/06\/22\/dgt-lanserer-nytt-ev-road-skilt\/\"},\"author\":{\"name\":\"Ole Andersen\",\"@id\":\"https:\/\/nordnesrepublikken.no\/#\/schema\/person\/2e7e81935bab77882fffb79296240ff1\"},\"headline\":\"DGT lanserer nytt EV Road -skilt\",\"datePublished\":\"2025-06-21T23:49:45+00:00\",\"dateModified\":\"2025-06-21T23:49:46+00:00\",\"mainEntityOfPage\":{\"@id\":\"https:\/\/nordnesrepublikken.no\/index.php\/2025\/06\/22\/dgt-lanserer-nytt-ev-road-skilt\/\"},\"wordCount\":463,\"publisher\":{\"@id\":\"https:\/\/nordnesrepublikken.no\/#organization\"},\"image\":{\"@id\":\"https:\/\/nordnesrepublikken.no\/index.php\/2025\/06\/22\/dgt-lanserer-nytt-ev-road-skilt\/#primaryimage\"},\"thumbnailUrl\":\"https:\/\/nordnesrepublikken.no\/wp-content\/uploads\/2025\/06\/1750549785_DGT-lanserer-nytt-EV-Road-skilt.jpg\",\"keywords\":[\"DGT\",\"lanserer\",\"Nytt\",\"Road\",\"skilt\"],\"articleSection\":[\"Livsstil\"],\"inLanguage\":\"nb-NO\"},{\"@type\":\"WebPage\",\"@id\":\"https:\/\/nordnesrepublikken.no\/index.php\/2025\/06\/22\/dgt-lanserer-nytt-ev-road-skilt\/\",\"url\":\"https:\/\/nordnesrepublikken.no\/index.php\/2025\/06\/22\/dgt-lanserer-nytt-ev-road-skilt\/\",\"name\":\"DGT lanserer nytt EV Road -skilt - Nordnesrepublikken\",\"isPartOf\":{\"@id\":\"https:\/\/nordnesrepublikken.no\/#website\"},\"primaryImageOfPage\":{\"@id\":\"https:\/\/nordnesrepublikken.no\/index.php\/2025\/06\/22\/dgt-lanserer-nytt-ev-road-skilt\/#primaryimage\"},\"image\":{\"@id\":\"https:\/\/nordnesrepublikken.no\/index.php\/2025\/06\/22\/dgt-lanserer-nytt-ev-road-skilt\/#primaryimage\"},\"thumbnailUrl\":\"https:\/\/nordnesrepublikken.no\/wp-content\/uploads\/2025\/06\/1750549785_DGT-lanserer-nytt-EV-Road-skilt.jpg\",\"datePublished\":\"2025-06-21T23:49:45+00:00\",\"dateModified\":\"2025-06-21T23:49:46+00:00\",\"breadcrumb\":{\"@id\":\"https:\/\/nordnesrepublikken.no\/index.php\/2025\/06\/22\/dgt-lanserer-nytt-ev-road-skilt\/#breadcrumb\"},\"inLanguage\":\"nb-NO\",\"potentialAction\":[{\"@type\":\"ReadAction\",\"target\":[\"https:\/\/nordnesrepublikken.no\/index.php\/2025\/06\/22\/dgt-lanserer-nytt-ev-road-skilt\/\"]}]},{\"@type\":\"ImageObject\",\"inLanguage\":\"nb-NO\",\"@id\":\"https:\/\/nordnesrepublikken.no\/index.php\/2025\/06\/22\/dgt-lanserer-nytt-ev-road-skilt\/#primaryimage\",\"url\":\"https:\/\/nordnesrepublikken.no\/wp-content\/uploads\/2025\/06\/1750549785_DGT-lanserer-nytt-EV-Road-skilt.jpg\",\"contentUrl\":\"https:\/\/nordnesrepublikken.no\/wp-content\/uploads\/2025\/06\/1750549785_DGT-lanserer-nytt-EV-Road-skilt.jpg\",\"width\":1200,\"height\":800,\"caption\":\"DGT lanserer nytt EV Road -skilt\"},{\"@type\":\"BreadcrumbList\",\"@id\":\"https:\/\/nordnesrepublikken.no\/index.php\/2025\/06\/22\/dgt-lanserer-nytt-ev-road-skilt\/#breadcrumb\",\"itemListElement\":[{\"@type\":\"ListItem\",\"position\":1,\"name\":\"Home\",\"item\":\"https:\/\/nordnesrepublikken.no\/\"},{\"@type\":\"ListItem\",\"position\":2,\"name\":\"DGT lanserer nytt EV Road -skilt\"}]},{\"@type\":\"WebSite\",\"@id\":\"https:\/\/nordnesrepublikken.no\/#website\",\"url\":\"https:\/\/nordnesrepublikken.no\/\",\"name\":\"Nordnesrepublikken\",\"description\":\"Stemmer og Visjoner fra Republikkens Hjerte\",\"publisher\":{\"@id\":\"https:\/\/nordnesrepublikken.no\/#organization\"},\"potentialAction\":[{\"@type\":\"SearchAction\",\"target\":{\"@type\":\"EntryPoint\",\"urlTemplate\":\"https:\/\/nordnesrepublikken.no\/?s={search_term_string}\"},\"query-input\":{\"@type\":\"PropertyValueSpecification\",\"valueRequired\":true,\"valueName\":\"search_term_string\"}}],\"inLanguage\":\"nb-NO\"},{\"@type\":\"Organization\",\"@id\":\"https:\/\/nordnesrepublikken.no\/#organization\",\"name\":\"Nordnesrepublikken\",\"url\":\"https:\/\/nordnesrepublikken.no\/\",\"logo\":{\"@type\":\"ImageObject\",\"inLanguage\":\"nb-NO\",\"@id\":\"https:\/\/nordnesrepublikken.no\/#\/schema\/logo\/image\/\",\"url\":\"https:\/\/nordnesrepublikken.no\/wp-content\/uploads\/2025\/02\/cropped-nordnesrepublikken-2.png\",\"contentUrl\":\"https:\/\/nordnesrepublikken.no\/wp-content\/uploads\/2025\/02\/cropped-nordnesrepublikken-2.png\",\"width\":1248,\"height\":362,\"caption\":\"Nordnesrepublikken\"},\"image\":{\"@id\":\"https:\/\/nordnesrepublikken.no\/#\/schema\/logo\/image\/\"}},{\"@type\":\"Person\",\"@id\":\"https:\/\/nordnesrepublikken.no\/#\/schema\/person\/2e7e81935bab77882fffb79296240ff1\",\"name\":\"Ole Andersen\",\"image\":{\"@type\":\"ImageObject\",\"inLanguage\":\"nb-NO\",\"@id\":\"https:\/\/nordnesrepublikken.no\/#\/schema\/person\/image\/\",\"url\":\"https:\/\/nordnesrepublikken.no\/wp-content\/uploads\/2025\/02\/nordnesrepublikken-2-2-150x150.jpg\",\"contentUrl\":\"https:\/\/nordnesrepublikken.no\/wp-content\/uploads\/2025\/02\/nordnesrepublikken-2-2-150x150.jpg\",\"caption\":\"Ole Andersen\"},\"description\":\"Ettersom jeg vokste opp i Oslo, har jeg alltid v\u00e6rt fascinert av ordenes kraft og deres evne til \u00e5 skape endringer. Etter \u00e5 ha fullf\u00f8rt min utdannelse i kommunikasjon ved Universitetet i Bergen, fikk jeg muligheten til \u00e5 jobbe innen ulike medier, der jeg har s\u00f8kt \u00e5 belyse viktige samfunnssp\u00f8rsm\u00e5l. I dag, som redakt\u00f8r for Nordnesrepublikken, pr\u00f8ver jeg \u00e5 forene min kj\u00e6rlighet for journalistikk med min lidenskap for innovasjon og eventyr.\",\"sameAs\":[\"https:\/\/nordnesrepublikken.no\/\"]}]}<\/script>\n<!-- \/ Yoast SEO plugin. -->","yoast_head_json":{"title":"DGT lanserer nytt EV Road -skilt - Nordnesrepublikken","robots":{"index":"index","follow":"follow","max-snippet":"max-snippet:-1","max-image-preview":"max-image-preview:large","max-video-preview":"max-video-preview:-1"},"canonical":"https:\/\/nordnesrepublikken.no\/index.php\/2025\/06\/22\/dgt-lanserer-nytt-ev-road-skilt\/","og_locale":"nb_NO","og_type":"article","og_title":"DGT lanserer nytt EV Road -skilt - Nordnesrepublikken","og_description":"\u00c5 eie en elbil i Spania pleide \u00e5 bety en god del neglebitt p\u00e5 lengre","og_url":"https:\/\/nordnesrepublikken.no\/index.php\/2025\/06\/22\/dgt-lanserer-nytt-ev-road-skilt\/","og_site_name":"Nordnesrepublikken","article_published_time":"2025-06-21T23:49:45+00:00","article_modified_time":"2025-06-21T23:49:46+00:00","og_image":[{"width":1200,"height":800,"url":"https:\/\/nordnesrepublikken.no\/wp-content\/uploads\/2025\/06\/1750549785_DGT-lanserer-nytt-EV-Road-skilt.jpg","type":"image\/jpeg"}],"author":"Ole Andersen","twitter_card":"summary_large_image","twitter_misc":{"Skrevet av":"Ole Andersen","Ansl. lesetid":"2 minutter"},"schema":{"@context":"https:\/\/schema.org","@graph":[{"@type":"Article","@id":"https:\/\/nordnesrepublikken.no\/index.php\/2025\/06\/22\/dgt-lanserer-nytt-ev-road-skilt\/#article","isPartOf":{"@id":"https:\/\/nordnesrepublikken.no\/index.php\/2025\/06\/22\/dgt-lanserer-nytt-ev-road-skilt\/"},"author":{"name":"Ole Andersen","@id":"https:\/\/nordnesrepublikken.no\/#\/schema\/person\/2e7e81935bab77882fffb79296240ff1"},"headline":"DGT lanserer nytt EV Road -skilt","datePublished":"2025-06-21T23:49:45+00:00","dateModified":"2025-06-21T23:49:46+00:00","mainEntityOfPage":{"@id":"https:\/\/nordnesrepublikken.no\/index.php\/2025\/06\/22\/dgt-lanserer-nytt-ev-road-skilt\/"},"wordCount":463,"publisher":{"@id":"https:\/\/nordnesrepublikken.no\/#organization"},"image":{"@id":"https:\/\/nordnesrepublikken.no\/index.php\/2025\/06\/22\/dgt-lanserer-nytt-ev-road-skilt\/#primaryimage"},"thumbnailUrl":"https:\/\/nordnesrepublikken.no\/wp-content\/uploads\/2025\/06\/1750549785_DGT-lanserer-nytt-EV-Road-skilt.jpg","keywords":["DGT","lanserer","Nytt","Road","skilt"],"articleSection":["Livsstil"],"inLanguage":"nb-NO"},{"@type":"WebPage","@id":"https:\/\/nordnesrepublikken.no\/index.php\/2025\/06\/22\/dgt-lanserer-nytt-ev-road-skilt\/","url":"https:\/\/nordnesrepublikken.no\/index.php\/2025\/06\/22\/dgt-lanserer-nytt-ev-road-skilt\/","name":"DGT lanserer nytt EV Road -skilt - Nordnesrepublikken","isPartOf":{"@id":"https:\/\/nordnesrepublikken.no\/#website"},"primaryImageOfPage":{"@id":"https:\/\/nordnesrepublikken.no\/index.php\/2025\/06\/22\/dgt-lanserer-nytt-ev-road-skilt\/#primaryimage"},"image":{"@id":"https:\/\/nordnesrepublikken.no\/index.php\/2025\/06\/22\/dgt-lanserer-nytt-ev-road-skilt\/#primaryimage"},"thumbnailUrl":"https:\/\/nordnesrepublikken.no\/wp-content\/uploads\/2025\/06\/1750549785_DGT-lanserer-nytt-EV-Road-skilt.jpg","datePublished":"2025-06-21T23:49:45+00:00","dateModified":"2025-06-21T23:49:46+00:00","breadcrumb":{"@id":"https:\/\/nordnesrepublikken.no\/index.php\/2025\/06\/22\/dgt-lanserer-nytt-ev-road-skilt\/#breadcrumb"},"inLanguage":"nb-NO","potentialAction":[{"@type":"ReadAction","target":["https:\/\/nordnesrepublikken.no\/index.php\/2025\/06\/22\/dgt-lanserer-nytt-ev-road-skilt\/"]}]},{"@type":"ImageObject","inLanguage":"nb-NO","@id":"https:\/\/nordnesrepublikken.no\/index.php\/2025\/06\/22\/dgt-lanserer-nytt-ev-road-skilt\/#primaryimage","url":"https:\/\/nordnesrepublikken.no\/wp-content\/uploads\/2025\/06\/1750549785_DGT-lanserer-nytt-EV-Road-skilt.jpg","contentUrl":"https:\/\/nordnesrepublikken.no\/wp-content\/uploads\/2025\/06\/1750549785_DGT-lanserer-nytt-EV-Road-skilt.jpg","width":1200,"height":800,"caption":"DGT lanserer nytt EV Road -skilt"},{"@type":"BreadcrumbList","@id":"https:\/\/nordnesrepublikken.no\/index.php\/2025\/06\/22\/dgt-lanserer-nytt-ev-road-skilt\/#breadcrumb","itemListElement":[{"@type":"ListItem","position":1,"name":"Home","item":"https:\/\/nordnesrepublikken.no\/"},{"@type":"ListItem","position":2,"name":"DGT lanserer nytt EV Road -skilt"}]},{"@type":"WebSite","@id":"https:\/\/nordnesrepublikken.no\/#website","url":"https:\/\/nordnesrepublikken.no\/","name":"Nordnesrepublikken","description":"Stemmer og Visjoner fra Republikkens Hjerte","publisher":{"@id":"https:\/\/nordnesrepublikken.no\/#organization"},"potentialAction":[{"@type":"SearchAction","target":{"@type":"EntryPoint","urlTemplate":"https:\/\/nordnesrepublikken.no\/?s={search_term_string}"},"query-input":{"@type":"PropertyValueSpecification","valueRequired":true,"valueName":"search_term_string"}}],"inLanguage":"nb-NO"},{"@type":"Organization","@id":"https:\/\/nordnesrepublikken.no\/#organization","name":"Nordnesrepublikken","url":"https:\/\/nordnesrepublikken.no\/","logo":{"@type":"ImageObject","inLanguage":"nb-NO","@id":"https:\/\/nordnesrepublikken.no\/#\/schema\/logo\/image\/","url":"https:\/\/nordnesrepublikken.no\/wp-content\/uploads\/2025\/02\/cropped-nordnesrepublikken-2.png","contentUrl":"https:\/\/nordnesrepublikken.no\/wp-content\/uploads\/2025\/02\/cropped-nordnesrepublikken-2.png","width":1248,"height":362,"caption":"Nordnesrepublikken"},"image":{"@id":"https:\/\/nordnesrepublikken.no\/#\/schema\/logo\/image\/"}},{"@type":"Person","@id":"https:\/\/nordnesrepublikken.no\/#\/schema\/person\/2e7e81935bab77882fffb79296240ff1","name":"Ole Andersen","image":{"@type":"ImageObject","inLanguage":"nb-NO","@id":"https:\/\/nordnesrepublikken.no\/#\/schema\/person\/image\/","url":"https:\/\/nordnesrepublikken.no\/wp-content\/uploads\/2025\/02\/nordnesrepublikken-2-2-150x150.jpg","contentUrl":"https:\/\/nordnesrepublikken.no\/wp-content\/uploads\/2025\/02\/nordnesrepublikken-2-2-150x150.jpg","caption":"Ole Andersen"},"description":"Ettersom jeg vokste opp i Oslo, har jeg alltid v\u00e6rt fascinert av ordenes kraft og deres evne til \u00e5 skape endringer. Etter \u00e5 ha fullf\u00f8rt min utdannelse i kommunikasjon ved Universitetet i Bergen, fikk jeg muligheten til \u00e5 jobbe innen ulike medier, der jeg har s\u00f8kt \u00e5 belyse viktige samfunnssp\u00f8rsm\u00e5l. I dag, som redakt\u00f8r for Nordnesrepublikken, pr\u00f8ver jeg \u00e5 forene min kj\u00e6rlighet for journalistikk med min lidenskap for innovasjon og eventyr.","sameAs":["https:\/\/nordnesrepublikken.no\/"]}]}},"_links":{"self":[{"href":"https:\/\/nordnesrepublikken.no\/index.php\/wp-json\/wp\/v2\/posts\/6087","targetHints":{"allow":["GET"]}}],"collection":[{"href":"https:\/\/nordnesrepublikken.no\/index.php\/wp-json\/wp\/v2\/posts"}],"about":[{"href":"https:\/\/nordnesrepublikken.no\/index.php\/wp-json\/wp\/v2\/types\/post"}],"author":[{"embeddable":true,"href":"https:\/\/nordnesrepublikken.no\/index.php\/wp-json\/wp\/v2\/users\/1"}],"replies":[{"embeddable":true,"href":"https:\/\/nordnesrepublikken.no\/index.php\/wp-json\/wp\/v2\/comments?post=6087"}],"version-history":[{"count":1,"href":"https:\/\/nordnesrepublikken.no\/index.php\/wp-json\/wp\/v2\/posts\/6087\/revisions"}],"predecessor-version":[{"id":6089,"href":"https:\/\/nordnesrepublikken.no\/index.php\/wp-json\/wp\/v2\/posts\/6087\/revisions\/6089"}],"wp:featuredmedia":[{"embeddable":true,"href":"https:\/\/nordnesrepublikken.no\/index.php\/wp-json\/wp\/v2\/media\/6088"}],"wp:attachment":[{"href":"https:\/\/nordnesrepublikken.no\/index.php\/wp-json\/wp\/v2\/media?parent=6087"}],"wp:term":[{"taxonomy":"category","embeddable":true,"href":"https:\/\/nordnesrepublikken.no\/index.php\/wp-json\/wp\/v2\/categories?post=6087"},{"taxonomy":"post_tag","embeddable":true,"href":"https:\/\/nordnesrepublikken.no\/index.php\/wp-json\/wp\/v2\/tags?post=6087"}],"curies":[{"name":"wp","href":"https:\/\/api.w.org\/{rel}","templated":true}]}}