{"id":5632,"date":"2025-06-11T06:49:32","date_gmt":"2025-06-11T04:49:32","guid":{"rendered":"https:\/\/nordnesrepublikken.no\/index.php\/2025\/06\/11\/russiske-vapen-administrerende-direktor-eier-5-villaer-i-mallorca\/"},"modified":"2025-06-11T06:49:33","modified_gmt":"2025-06-11T04:49:33","slug":"russiske-vapen-administrerende-direktor-eier-5-villaer-i-mallorca","status":"publish","type":"post","link":"https:\/\/nordnesrepublikken.no\/index.php\/2025\/06\/11\/russiske-vapen-administrerende-direktor-eier-5-villaer-i-mallorca\/","title":{"rendered":"Russiske v\u00e5pen administrerende direkt\u00f8r eier 5 villaer i Mallorca"},"content":{"rendered":"<p><\/p>\n<div class=\"wordpress-content\">\n                    <!-- Article Start --><\/p>\n<p><strong>En ny etterforskning fra Anti-Corruption Foundation, en ideell russisk opposisjonsorganisasjon, har avsl\u00f8rt at en v\u00e5penprodusent med forbindelser til Vladimir Putin, Nikolai Kolesov, eier fem luksuri\u00f8se villaer i Mallorca. Organisasjonen avsl\u00f8rte at v\u00e5pensmogulen registrerte villaene under familiemedlemmers navn, for \u00e5 omg\u00e5 strenge EU -embargo -begrensninger.<\/strong><\/p>\n<p><span style=\"font-weight: 400\">Kolesov er administrerende direkt\u00f8r for russiske helikoptre og er hovedleverand\u00f8ren av helikoptre til den russiske h\u00e6ren. P\u00e5 grunn av dette er han direkte involvert i faste sanksjoner som er satt p\u00e5 plass av EU p\u00e5 grunn av Russlands krig mot Ukraina.<\/span><\/p>\n<p><span style=\"font-weight: 400\">Den eksplosive rapporten, en nesten 56-minutters YouTube-video med tittelen <\/span><i><span style=\"font-weight: 400\">Hvem tjener milliarder av krigen &#8211; og hvordan? Det st\u00f8rste tyveriet i Russlands forsvarsindustri.<\/span><\/i><span style=\"font-weight: 400\">  ble laget av Maria Pevchikh, forskningssjef ved stiftelsen, sammen med journalisten Georgy Alburov. I den tilskriver de eierskapet til de fem forskjellige villaene til magnaten ved \u00e5 unders\u00f8ke tilkoblinger, analysere bilder og videoer og sammenligne tidslinjer.<\/span><\/p>\n<div class=\"sra_unit\"><link rel=\"stylesheet\" id=\"block-sra\" href=\"https:\/\/euroweeklynews.com\/wp-content\/plugins\/snack-related-articles\/dist\/css\/snack-related.min.css?250312-193541\" type=\"text\/css\" media=\"all\">\n<\/div>\n<p><span style=\"font-weight: 400\">Den f\u00f8rste eiendommen de fant p\u00e5 tidslinjen ble registrert i mai 2022 i Kolesovs datters navn, som var fire \u00e5r gammel den gangen. Den andre eiendommen, som ligger i samme nabolag, er halvparten s\u00e5 stor som den f\u00f8rste og er verdsatt til omtrent \u20ac 3 millioner. Det tilh\u00f8rte et selskap som senere overf\u00f8rte eierskapet til Kolesovs s\u00f8ster. Til slutt oppdaget reporterne de tre siste egenskapene ved \u00e5 analysere hundrevis av bilder og videoer lagt ut av Kolesovs ekskone. Hjemmene, som faktisk er alle som grenser til hverandre, ble anskaffet av Kolesovs s\u00f8nn i 2024 og er rundt 750 meter kvadrat hver.<\/span><\/p>\n<p>                    <!-- Article End --><\/p><\/div>\n","protected":false},"excerpt":{"rendered":"<p>En ny etterforskning fra Anti-Corruption Foundation, en ideell russisk opposisjonsorganisasjon, har avsl\u00f8rt at en v\u00e5penprodusent<\/p>\n","protected":false},"author":1,"featured_media":5633,"comment_status":"closed","ping_status":"open","sticky":false,"template":"","format":"standard","meta":{"footnotes":""},"categories":[105],"tags":[1918,3428,605,2964,692,3427,3429],"class_list":["post-5632","post","type-post","status-publish","format-standard","has-post-thumbnail","hentry","category-livsstil","tag-administrerende","tag-direktor","tag-eier","tag-mallorca","tag-russiske","tag-vapen","tag-villaer","generate-columns","tablet-grid-50","mobile-grid-100","grid-parent","grid-33","resize-featured-image"],"yoast_head":"<!-- This site is optimized with the Yoast SEO plugin v24.4 - https:\/\/yoast.com\/wordpress\/plugins\/seo\/ -->\n<title>Russiske v\u00e5pen administrerende direkt\u00f8r eier 5 villaer i Mallorca - Nordnesrepublikken<\/title>\n<meta name=\"robots\" content=\"index, follow, max-snippet:-1, max-image-preview:large, max-video-preview:-1\" \/>\n<link rel=\"canonical\" href=\"https:\/\/nordnesrepublikken.no\/index.php\/2025\/06\/11\/russiske-vapen-administrerende-direktor-eier-5-villaer-i-mallorca\/\" \/>\n<meta property=\"og:locale\" content=\"nb_NO\" \/>\n<meta property=\"og:type\" content=\"article\" \/>\n<meta property=\"og:title\" content=\"Russiske v\u00e5pen administrerende direkt\u00f8r eier 5 villaer i Mallorca - Nordnesrepublikken\" \/>\n<meta property=\"og:description\" content=\"En ny etterforskning fra Anti-Corruption Foundation, en ideell russisk opposisjonsorganisasjon, har avsl\u00f8rt at en v\u00e5penprodusent\" \/>\n<meta property=\"og:url\" content=\"https:\/\/nordnesrepublikken.no\/index.php\/2025\/06\/11\/russiske-vapen-administrerende-direktor-eier-5-villaer-i-mallorca\/\" \/>\n<meta property=\"og:site_name\" content=\"Nordnesrepublikken\" \/>\n<meta property=\"article:published_time\" content=\"2025-06-11T04:49:32+00:00\" \/>\n<meta property=\"article:modified_time\" content=\"2025-06-11T04:49:33+00:00\" \/>\n<meta property=\"og:image\" content=\"https:\/\/nordnesrepublikken.no\/wp-content\/uploads\/2025\/06\/1749617373_Russiske-vapen-administrerende-direktor-eier-5-villaer-i-Mallorca.jpg\" \/>\n\t<meta property=\"og:image:width\" content=\"1200\" \/>\n\t<meta property=\"og:image:height\" content=\"799\" \/>\n\t<meta property=\"og:image:type\" content=\"image\/jpeg\" \/>\n<meta name=\"author\" content=\"Ole Andersen\" \/>\n<meta name=\"twitter:card\" content=\"summary_large_image\" \/>\n<meta name=\"twitter:label1\" content=\"Skrevet av\" \/>\n\t<meta name=\"twitter:data1\" content=\"Ole Andersen\" \/>\n\t<meta name=\"twitter:label2\" content=\"Ansl. lesetid\" \/>\n\t<meta name=\"twitter:data2\" content=\"1 minutt\" \/>\n<script type=\"application\/ld+json\" class=\"yoast-schema-graph\">{\"@context\":\"https:\/\/schema.org\",\"@graph\":[{\"@type\":\"Article\",\"@id\":\"https:\/\/nordnesrepublikken.no\/index.php\/2025\/06\/11\/russiske-vapen-administrerende-direktor-eier-5-villaer-i-mallorca\/#article\",\"isPartOf\":{\"@id\":\"https:\/\/nordnesrepublikken.no\/index.php\/2025\/06\/11\/russiske-vapen-administrerende-direktor-eier-5-villaer-i-mallorca\/\"},\"author\":{\"name\":\"Ole Andersen\",\"@id\":\"https:\/\/nordnesrepublikken.no\/#\/schema\/person\/2e7e81935bab77882fffb79296240ff1\"},\"headline\":\"Russiske v\u00e5pen administrerende direkt\u00f8r eier 5 villaer i Mallorca\",\"datePublished\":\"2025-06-11T04:49:32+00:00\",\"dateModified\":\"2025-06-11T04:49:33+00:00\",\"mainEntityOfPage\":{\"@id\":\"https:\/\/nordnesrepublikken.no\/index.php\/2025\/06\/11\/russiske-vapen-administrerende-direktor-eier-5-villaer-i-mallorca\/\"},\"wordCount\":263,\"publisher\":{\"@id\":\"https:\/\/nordnesrepublikken.no\/#organization\"},\"image\":{\"@id\":\"https:\/\/nordnesrepublikken.no\/index.php\/2025\/06\/11\/russiske-vapen-administrerende-direktor-eier-5-villaer-i-mallorca\/#primaryimage\"},\"thumbnailUrl\":\"https:\/\/nordnesrepublikken.no\/wp-content\/uploads\/2025\/06\/1749617373_Russiske-vapen-administrerende-direktor-eier-5-villaer-i-Mallorca.jpg\",\"keywords\":[\"administrerende\",\"direkt\u00f8r\",\"eier\",\"Mallorca\",\"russiske\",\"v\u00e5pen\",\"villaer\"],\"articleSection\":[\"Livsstil\"],\"inLanguage\":\"nb-NO\"},{\"@type\":\"WebPage\",\"@id\":\"https:\/\/nordnesrepublikken.no\/index.php\/2025\/06\/11\/russiske-vapen-administrerende-direktor-eier-5-villaer-i-mallorca\/\",\"url\":\"https:\/\/nordnesrepublikken.no\/index.php\/2025\/06\/11\/russiske-vapen-administrerende-direktor-eier-5-villaer-i-mallorca\/\",\"name\":\"Russiske v\u00e5pen administrerende direkt\u00f8r eier 5 villaer i Mallorca - Nordnesrepublikken\",\"isPartOf\":{\"@id\":\"https:\/\/nordnesrepublikken.no\/#website\"},\"primaryImageOfPage\":{\"@id\":\"https:\/\/nordnesrepublikken.no\/index.php\/2025\/06\/11\/russiske-vapen-administrerende-direktor-eier-5-villaer-i-mallorca\/#primaryimage\"},\"image\":{\"@id\":\"https:\/\/nordnesrepublikken.no\/index.php\/2025\/06\/11\/russiske-vapen-administrerende-direktor-eier-5-villaer-i-mallorca\/#primaryimage\"},\"thumbnailUrl\":\"https:\/\/nordnesrepublikken.no\/wp-content\/uploads\/2025\/06\/1749617373_Russiske-vapen-administrerende-direktor-eier-5-villaer-i-Mallorca.jpg\",\"datePublished\":\"2025-06-11T04:49:32+00:00\",\"dateModified\":\"2025-06-11T04:49:33+00:00\",\"breadcrumb\":{\"@id\":\"https:\/\/nordnesrepublikken.no\/index.php\/2025\/06\/11\/russiske-vapen-administrerende-direktor-eier-5-villaer-i-mallorca\/#breadcrumb\"},\"inLanguage\":\"nb-NO\",\"potentialAction\":[{\"@type\":\"ReadAction\",\"target\":[\"https:\/\/nordnesrepublikken.no\/index.php\/2025\/06\/11\/russiske-vapen-administrerende-direktor-eier-5-villaer-i-mallorca\/\"]}]},{\"@type\":\"ImageObject\",\"inLanguage\":\"nb-NO\",\"@id\":\"https:\/\/nordnesrepublikken.no\/index.php\/2025\/06\/11\/russiske-vapen-administrerende-direktor-eier-5-villaer-i-mallorca\/#primaryimage\",\"url\":\"https:\/\/nordnesrepublikken.no\/wp-content\/uploads\/2025\/06\/1749617373_Russiske-vapen-administrerende-direktor-eier-5-villaer-i-Mallorca.jpg\",\"contentUrl\":\"https:\/\/nordnesrepublikken.no\/wp-content\/uploads\/2025\/06\/1749617373_Russiske-vapen-administrerende-direktor-eier-5-villaer-i-Mallorca.jpg\",\"width\":1200,\"height\":799,\"caption\":\"Russiske v\u00e5pen administrerende direkt\u00f8r eier 5 villaer i Mallorca\"},{\"@type\":\"BreadcrumbList\",\"@id\":\"https:\/\/nordnesrepublikken.no\/index.php\/2025\/06\/11\/russiske-vapen-administrerende-direktor-eier-5-villaer-i-mallorca\/#breadcrumb\",\"itemListElement\":[{\"@type\":\"ListItem\",\"position\":1,\"name\":\"Home\",\"item\":\"https:\/\/nordnesrepublikken.no\/\"},{\"@type\":\"ListItem\",\"position\":2,\"name\":\"Russiske v\u00e5pen administrerende direkt\u00f8r eier 5 villaer i Mallorca\"}]},{\"@type\":\"WebSite\",\"@id\":\"https:\/\/nordnesrepublikken.no\/#website\",\"url\":\"https:\/\/nordnesrepublikken.no\/\",\"name\":\"Nordnesrepublikken\",\"description\":\"Stemmer og Visjoner fra Republikkens Hjerte\",\"publisher\":{\"@id\":\"https:\/\/nordnesrepublikken.no\/#organization\"},\"potentialAction\":[{\"@type\":\"SearchAction\",\"target\":{\"@type\":\"EntryPoint\",\"urlTemplate\":\"https:\/\/nordnesrepublikken.no\/?s={search_term_string}\"},\"query-input\":{\"@type\":\"PropertyValueSpecification\",\"valueRequired\":true,\"valueName\":\"search_term_string\"}}],\"inLanguage\":\"nb-NO\"},{\"@type\":\"Organization\",\"@id\":\"https:\/\/nordnesrepublikken.no\/#organization\",\"name\":\"Nordnesrepublikken\",\"url\":\"https:\/\/nordnesrepublikken.no\/\",\"logo\":{\"@type\":\"ImageObject\",\"inLanguage\":\"nb-NO\",\"@id\":\"https:\/\/nordnesrepublikken.no\/#\/schema\/logo\/image\/\",\"url\":\"https:\/\/nordnesrepublikken.no\/wp-content\/uploads\/2025\/02\/cropped-nordnesrepublikken-2.png\",\"contentUrl\":\"https:\/\/nordnesrepublikken.no\/wp-content\/uploads\/2025\/02\/cropped-nordnesrepublikken-2.png\",\"width\":1248,\"height\":362,\"caption\":\"Nordnesrepublikken\"},\"image\":{\"@id\":\"https:\/\/nordnesrepublikken.no\/#\/schema\/logo\/image\/\"}},{\"@type\":\"Person\",\"@id\":\"https:\/\/nordnesrepublikken.no\/#\/schema\/person\/2e7e81935bab77882fffb79296240ff1\",\"name\":\"Ole Andersen\",\"image\":{\"@type\":\"ImageObject\",\"inLanguage\":\"nb-NO\",\"@id\":\"https:\/\/nordnesrepublikken.no\/#\/schema\/person\/image\/\",\"url\":\"https:\/\/nordnesrepublikken.no\/wp-content\/uploads\/2025\/02\/nordnesrepublikken-2-2-150x150.jpg\",\"contentUrl\":\"https:\/\/nordnesrepublikken.no\/wp-content\/uploads\/2025\/02\/nordnesrepublikken-2-2-150x150.jpg\",\"caption\":\"Ole Andersen\"},\"description\":\"Ettersom jeg vokste opp i Oslo, har jeg alltid v\u00e6rt fascinert av ordenes kraft og deres evne til \u00e5 skape endringer. Etter \u00e5 ha fullf\u00f8rt min utdannelse i kommunikasjon ved Universitetet i Bergen, fikk jeg muligheten til \u00e5 jobbe innen ulike medier, der jeg har s\u00f8kt \u00e5 belyse viktige samfunnssp\u00f8rsm\u00e5l. I dag, som redakt\u00f8r for Nordnesrepublikken, pr\u00f8ver jeg \u00e5 forene min kj\u00e6rlighet for journalistikk med min lidenskap for innovasjon og eventyr.\",\"sameAs\":[\"https:\/\/nordnesrepublikken.no\/\"]}]}<\/script>\n<!-- \/ Yoast SEO plugin. -->","yoast_head_json":{"title":"Russiske v\u00e5pen administrerende direkt\u00f8r eier 5 villaer i Mallorca - Nordnesrepublikken","robots":{"index":"index","follow":"follow","max-snippet":"max-snippet:-1","max-image-preview":"max-image-preview:large","max-video-preview":"max-video-preview:-1"},"canonical":"https:\/\/nordnesrepublikken.no\/index.php\/2025\/06\/11\/russiske-vapen-administrerende-direktor-eier-5-villaer-i-mallorca\/","og_locale":"nb_NO","og_type":"article","og_title":"Russiske v\u00e5pen administrerende direkt\u00f8r eier 5 villaer i Mallorca - Nordnesrepublikken","og_description":"En ny etterforskning fra Anti-Corruption Foundation, en ideell russisk opposisjonsorganisasjon, har avsl\u00f8rt at en v\u00e5penprodusent","og_url":"https:\/\/nordnesrepublikken.no\/index.php\/2025\/06\/11\/russiske-vapen-administrerende-direktor-eier-5-villaer-i-mallorca\/","og_site_name":"Nordnesrepublikken","article_published_time":"2025-06-11T04:49:32+00:00","article_modified_time":"2025-06-11T04:49:33+00:00","og_image":[{"width":1200,"height":799,"url":"https:\/\/nordnesrepublikken.no\/wp-content\/uploads\/2025\/06\/1749617373_Russiske-vapen-administrerende-direktor-eier-5-villaer-i-Mallorca.jpg","type":"image\/jpeg"}],"author":"Ole Andersen","twitter_card":"summary_large_image","twitter_misc":{"Skrevet av":"Ole Andersen","Ansl. lesetid":"1 minutt"},"schema":{"@context":"https:\/\/schema.org","@graph":[{"@type":"Article","@id":"https:\/\/nordnesrepublikken.no\/index.php\/2025\/06\/11\/russiske-vapen-administrerende-direktor-eier-5-villaer-i-mallorca\/#article","isPartOf":{"@id":"https:\/\/nordnesrepublikken.no\/index.php\/2025\/06\/11\/russiske-vapen-administrerende-direktor-eier-5-villaer-i-mallorca\/"},"author":{"name":"Ole Andersen","@id":"https:\/\/nordnesrepublikken.no\/#\/schema\/person\/2e7e81935bab77882fffb79296240ff1"},"headline":"Russiske v\u00e5pen administrerende direkt\u00f8r eier 5 villaer i Mallorca","datePublished":"2025-06-11T04:49:32+00:00","dateModified":"2025-06-11T04:49:33+00:00","mainEntityOfPage":{"@id":"https:\/\/nordnesrepublikken.no\/index.php\/2025\/06\/11\/russiske-vapen-administrerende-direktor-eier-5-villaer-i-mallorca\/"},"wordCount":263,"publisher":{"@id":"https:\/\/nordnesrepublikken.no\/#organization"},"image":{"@id":"https:\/\/nordnesrepublikken.no\/index.php\/2025\/06\/11\/russiske-vapen-administrerende-direktor-eier-5-villaer-i-mallorca\/#primaryimage"},"thumbnailUrl":"https:\/\/nordnesrepublikken.no\/wp-content\/uploads\/2025\/06\/1749617373_Russiske-vapen-administrerende-direktor-eier-5-villaer-i-Mallorca.jpg","keywords":["administrerende","direkt\u00f8r","eier","Mallorca","russiske","v\u00e5pen","villaer"],"articleSection":["Livsstil"],"inLanguage":"nb-NO"},{"@type":"WebPage","@id":"https:\/\/nordnesrepublikken.no\/index.php\/2025\/06\/11\/russiske-vapen-administrerende-direktor-eier-5-villaer-i-mallorca\/","url":"https:\/\/nordnesrepublikken.no\/index.php\/2025\/06\/11\/russiske-vapen-administrerende-direktor-eier-5-villaer-i-mallorca\/","name":"Russiske v\u00e5pen administrerende direkt\u00f8r eier 5 villaer i Mallorca - Nordnesrepublikken","isPartOf":{"@id":"https:\/\/nordnesrepublikken.no\/#website"},"primaryImageOfPage":{"@id":"https:\/\/nordnesrepublikken.no\/index.php\/2025\/06\/11\/russiske-vapen-administrerende-direktor-eier-5-villaer-i-mallorca\/#primaryimage"},"image":{"@id":"https:\/\/nordnesrepublikken.no\/index.php\/2025\/06\/11\/russiske-vapen-administrerende-direktor-eier-5-villaer-i-mallorca\/#primaryimage"},"thumbnailUrl":"https:\/\/nordnesrepublikken.no\/wp-content\/uploads\/2025\/06\/1749617373_Russiske-vapen-administrerende-direktor-eier-5-villaer-i-Mallorca.jpg","datePublished":"2025-06-11T04:49:32+00:00","dateModified":"2025-06-11T04:49:33+00:00","breadcrumb":{"@id":"https:\/\/nordnesrepublikken.no\/index.php\/2025\/06\/11\/russiske-vapen-administrerende-direktor-eier-5-villaer-i-mallorca\/#breadcrumb"},"inLanguage":"nb-NO","potentialAction":[{"@type":"ReadAction","target":["https:\/\/nordnesrepublikken.no\/index.php\/2025\/06\/11\/russiske-vapen-administrerende-direktor-eier-5-villaer-i-mallorca\/"]}]},{"@type":"ImageObject","inLanguage":"nb-NO","@id":"https:\/\/nordnesrepublikken.no\/index.php\/2025\/06\/11\/russiske-vapen-administrerende-direktor-eier-5-villaer-i-mallorca\/#primaryimage","url":"https:\/\/nordnesrepublikken.no\/wp-content\/uploads\/2025\/06\/1749617373_Russiske-vapen-administrerende-direktor-eier-5-villaer-i-Mallorca.jpg","contentUrl":"https:\/\/nordnesrepublikken.no\/wp-content\/uploads\/2025\/06\/1749617373_Russiske-vapen-administrerende-direktor-eier-5-villaer-i-Mallorca.jpg","width":1200,"height":799,"caption":"Russiske v\u00e5pen administrerende direkt\u00f8r eier 5 villaer i Mallorca"},{"@type":"BreadcrumbList","@id":"https:\/\/nordnesrepublikken.no\/index.php\/2025\/06\/11\/russiske-vapen-administrerende-direktor-eier-5-villaer-i-mallorca\/#breadcrumb","itemListElement":[{"@type":"ListItem","position":1,"name":"Home","item":"https:\/\/nordnesrepublikken.no\/"},{"@type":"ListItem","position":2,"name":"Russiske v\u00e5pen administrerende direkt\u00f8r eier 5 villaer i Mallorca"}]},{"@type":"WebSite","@id":"https:\/\/nordnesrepublikken.no\/#website","url":"https:\/\/nordnesrepublikken.no\/","name":"Nordnesrepublikken","description":"Stemmer og Visjoner fra Republikkens Hjerte","publisher":{"@id":"https:\/\/nordnesrepublikken.no\/#organization"},"potentialAction":[{"@type":"SearchAction","target":{"@type":"EntryPoint","urlTemplate":"https:\/\/nordnesrepublikken.no\/?s={search_term_string}"},"query-input":{"@type":"PropertyValueSpecification","valueRequired":true,"valueName":"search_term_string"}}],"inLanguage":"nb-NO"},{"@type":"Organization","@id":"https:\/\/nordnesrepublikken.no\/#organization","name":"Nordnesrepublikken","url":"https:\/\/nordnesrepublikken.no\/","logo":{"@type":"ImageObject","inLanguage":"nb-NO","@id":"https:\/\/nordnesrepublikken.no\/#\/schema\/logo\/image\/","url":"https:\/\/nordnesrepublikken.no\/wp-content\/uploads\/2025\/02\/cropped-nordnesrepublikken-2.png","contentUrl":"https:\/\/nordnesrepublikken.no\/wp-content\/uploads\/2025\/02\/cropped-nordnesrepublikken-2.png","width":1248,"height":362,"caption":"Nordnesrepublikken"},"image":{"@id":"https:\/\/nordnesrepublikken.no\/#\/schema\/logo\/image\/"}},{"@type":"Person","@id":"https:\/\/nordnesrepublikken.no\/#\/schema\/person\/2e7e81935bab77882fffb79296240ff1","name":"Ole Andersen","image":{"@type":"ImageObject","inLanguage":"nb-NO","@id":"https:\/\/nordnesrepublikken.no\/#\/schema\/person\/image\/","url":"https:\/\/nordnesrepublikken.no\/wp-content\/uploads\/2025\/02\/nordnesrepublikken-2-2-150x150.jpg","contentUrl":"https:\/\/nordnesrepublikken.no\/wp-content\/uploads\/2025\/02\/nordnesrepublikken-2-2-150x150.jpg","caption":"Ole Andersen"},"description":"Ettersom jeg vokste opp i Oslo, har jeg alltid v\u00e6rt fascinert av ordenes kraft og deres evne til \u00e5 skape endringer. Etter \u00e5 ha fullf\u00f8rt min utdannelse i kommunikasjon ved Universitetet i Bergen, fikk jeg muligheten til \u00e5 jobbe innen ulike medier, der jeg har s\u00f8kt \u00e5 belyse viktige samfunnssp\u00f8rsm\u00e5l. I dag, som redakt\u00f8r for Nordnesrepublikken, pr\u00f8ver jeg \u00e5 forene min kj\u00e6rlighet for journalistikk med min lidenskap for innovasjon og eventyr.","sameAs":["https:\/\/nordnesrepublikken.no\/"]}]}},"_links":{"self":[{"href":"https:\/\/nordnesrepublikken.no\/index.php\/wp-json\/wp\/v2\/posts\/5632","targetHints":{"allow":["GET"]}}],"collection":[{"href":"https:\/\/nordnesrepublikken.no\/index.php\/wp-json\/wp\/v2\/posts"}],"about":[{"href":"https:\/\/nordnesrepublikken.no\/index.php\/wp-json\/wp\/v2\/types\/post"}],"author":[{"embeddable":true,"href":"https:\/\/nordnesrepublikken.no\/index.php\/wp-json\/wp\/v2\/users\/1"}],"replies":[{"embeddable":true,"href":"https:\/\/nordnesrepublikken.no\/index.php\/wp-json\/wp\/v2\/comments?post=5632"}],"version-history":[{"count":1,"href":"https:\/\/nordnesrepublikken.no\/index.php\/wp-json\/wp\/v2\/posts\/5632\/revisions"}],"predecessor-version":[{"id":5634,"href":"https:\/\/nordnesrepublikken.no\/index.php\/wp-json\/wp\/v2\/posts\/5632\/revisions\/5634"}],"wp:featuredmedia":[{"embeddable":true,"href":"https:\/\/nordnesrepublikken.no\/index.php\/wp-json\/wp\/v2\/media\/5633"}],"wp:attachment":[{"href":"https:\/\/nordnesrepublikken.no\/index.php\/wp-json\/wp\/v2\/media?parent=5632"}],"wp:term":[{"taxonomy":"category","embeddable":true,"href":"https:\/\/nordnesrepublikken.no\/index.php\/wp-json\/wp\/v2\/categories?post=5632"},{"taxonomy":"post_tag","embeddable":true,"href":"https:\/\/nordnesrepublikken.no\/index.php\/wp-json\/wp\/v2\/tags?post=5632"}],"curies":[{"name":"wp","href":"https:\/\/api.w.org\/{rel}","templated":true}]}}