{"id":5575,"date":"2025-06-09T19:50:09","date_gmt":"2025-06-09T17:50:09","guid":{"rendered":"https:\/\/nordnesrepublikken.no\/index.php\/2025\/06\/09\/luksus-living-by-the-sea-ny-boligutvikling-i-javea\/"},"modified":"2025-06-09T19:50:11","modified_gmt":"2025-06-09T17:50:11","slug":"luksus-living-by-the-sea-ny-boligutvikling-i-javea","status":"publish","type":"post","link":"https:\/\/nordnesrepublikken.no\/index.php\/2025\/06\/09\/luksus-living-by-the-sea-ny-boligutvikling-i-javea\/","title":{"rendered":"Luksus Living by the Sea: Ny boligutvikling i Javea"},"content":{"rendered":"<p><\/p>\n<div class=\"wordpress-content\">\n                    <!-- Article Start --><\/p>\n<p><strong>Bygging er allerede i gang <em>J\u00e1vea Beach<\/em>Alibuildings siste luksuri\u00f8se boligprosjekt-og det f\u00f8rste i denne etterspurte byen p\u00e5 Costa Blanca. Utviklingen markedsf\u00f8res utelukkende av Rimontg\u00f3, og er bare en kort spasertur fra Arenal Beach og har allerede solgt 50 prosent av sine 27 high-end leiligheter.<\/strong><\/p>\n<p>St\u00f8ttet av en investering p\u00e5 \u20ac 14 millioner, <em>J\u00e1vea Beach<\/em> er en del av Alibuildings strategiske ekspansjon til det premium kysteiendomsmarkedet. Utviklingen omfatter to- og tre-roms hjem, alle med store terrasser med utsikt over en anlagt felles hage, et sv\u00f8mmebasseng p\u00e5 158 m\u00b2 med hydroterapi-funksjoner og et utpekt barns lekeomr\u00e5de. Komplekset sitter p\u00e5 en tomt p\u00e5 3500 m\u00b2 p\u00e5 Avenida Estrasburgo, i n\u00e6rheten av lokale butikker, restauranter og andre fasiliteter.<\/p>\n<p>Leilighetene er designet med b\u00e5de estetikk og komfort i tankene, og tilbyr \u00e5pne planer som lever med topp moderne finish. Interi\u00f8rene har jevn, matt-finish porselensgulv-ideell for gulvvarme-og energieffektiv dobbeltvindu. Kj\u00f8kkenet er fullt utstyrt med avanserte apparater, selvlukkende skap og kvarts sammensatte benkeplater fra ledende merker som Silestone eller Compac. Badene inkluderer harpiksdusjbrett, suspenderte forfengelighetsenheter og veggmonterte toaletter med innebygde sisterner.<\/p>\n<div class=\"sra_unit\"><link rel=\"stylesheet\" id=\"block-sra\" href=\"https:\/\/euroweeklynews.com\/wp-content\/plugins\/snack-related-articles\/dist\/css\/snack-related.min.css?250312-193541\" type=\"text\/css\" media=\"all\">\n<\/div>\n<p>Hver eiendom inkluderer underjordisk parkering og et lagerrom, samt f\u00f8rinstallasjon for lading av elektrisk kj\u00f8ret\u00f8y. Hjem har ogs\u00e5 fordel av et avansert klimakontrollsystem, med kanalisert varmkold klimaanlegg, gulvvarme og luftfartsteknologi for varmt vann.<\/p>\n<p><strong>Forskjellige delte rom<\/strong><\/p>\n<p>Energieffektivitet har v\u00e6rt et sentralt fokus gjennom hele designet. I tillegg til termisk og akustisk isolasjon, f\u00f8rte utviklingsfunksjonene LED -belysning i fellesomr\u00e5der og motoriserte persienner i soverom og salonger. Det inngjerdede komplekset gir to fotgjengerinnganger &#8211; en p\u00e5 Avenida Estrasburgo og en annen via Calle Amsterdam &#8211; koblet med brede, tilgjengelige veier.<\/p>\n<p>Beboere vil ogs\u00e5 glede seg over en rekke delte omr\u00e5der, inkludert anlagte hager med et vanningsanlegg, lekeplasser med barn med sikkerhetsgulv og et stilig voksnes basseng med belysning og et innebygd sitteplass for jacuzzi-stil. Alle solarier, tilgjengelige i utvalgte enheter, tilbyr privat tilgang, valgfrie utend\u00f8rs boblebad og fasiliteter som belysning, vannutsalg og str\u00f8mpunkter.<\/p>\n<p>Utviklingen er designet for \u00e5 im\u00f8tekomme behovene til moderne livsstil og samtidig opprettholde et sterkt engasjement for b\u00e6rekraft og tilgjengelighet. Med en energivurdering av &#8216;B&#8217; og en fremtidsrettet tiln\u00e6rming til komfort og bekvemmelighet, <em>J\u00e1vea Beach<\/em> er satt til \u00e5 bli en av de mest \u00f8nskelige nye adressene p\u00e5 Costa Blanca.<\/p>\n<article class=\"text-token-text-primary w-full\" dir=\"auto\" data-testid=\"conversation-turn-2\" data-scroll-anchor=\"true\">\n<div class=\"text-base my-auto mx-auto py-5 (--thread-content-margin:--spacing(4)) @(37rem):(--thread-content-margin:--spacing(6)) @(72rem):(--thread-content-margin:--spacing(16)) px-(--thread-content-margin)\">\n<div class=\"(--thread-content-max-width:32rem) @(34rem):(--thread-content-max-width:40rem) @(64rem):(--thread-content-max-width:48rem) mx-auto flex max-w-(--thread-content-max-width) flex-1 text-base gap-4 md:gap-5 lg:gap-6 group\/turn-messages focus-visible:outline-hidden\">\n<div class=\"group\/conversation-turn relative flex w-full min-w-0 flex-col agent-turn\">\n<div class=\"relative flex-col gap-1 md:gap-3\">\n<div class=\"flex max-w-full flex-col grow\">\n<div class=\"min-h-8 text-message relative flex w-full flex-col items-end gap-2 text-start break-words whitespace-normal (.text-message+&amp;):mt-5\" dir=\"auto\" data-message-author-role=\"assistant\" data-message-id=\"cf700808-b160-43d0-a974-3455ba876dbf\" data-message-model-slug=\"gpt-4o\">\n<div class=\"flex w-full flex-col gap-1 empty:hidden first:pt-(3px)\">\n<div class=\"markdown prose dark:prose-invert w-full break-words light\">\n<\/div>\n<\/div>\n<\/div>\n<\/div>\n<\/div>\n<\/div>\n<\/div>\n<\/div>\n<\/article>\n<p>                    <!-- Article End --><\/p><\/div>\n","protected":false},"excerpt":{"rendered":"<p>Bygging er allerede i gang J\u00e1vea BeachAlibuildings siste luksuri\u00f8se boligprosjekt-og det f\u00f8rste i denne etterspurte<\/p>\n","protected":false},"author":1,"featured_media":5576,"comment_status":"closed","ping_status":"open","sticky":false,"template":"","format":"standard","meta":{"footnotes":""},"categories":[105],"tags":[3367,3368,3365,3364,3366],"class_list":["post-5575","post","type-post","status-publish","format-standard","has-post-thumbnail","hentry","category-livsstil","tag-boligutvikling","tag-javea","tag-living","tag-luksus","tag-sea","generate-columns","tablet-grid-50","mobile-grid-100","grid-parent","grid-33"],"yoast_head":"<!-- This site is optimized with the Yoast SEO plugin v24.4 - https:\/\/yoast.com\/wordpress\/plugins\/seo\/ -->\n<title>Luksus Living by the Sea: Ny boligutvikling i Javea - Nordnesrepublikken<\/title>\n<meta name=\"robots\" content=\"index, follow, max-snippet:-1, max-image-preview:large, max-video-preview:-1\" \/>\n<link rel=\"canonical\" href=\"https:\/\/nordnesrepublikken.no\/index.php\/2025\/06\/09\/luksus-living-by-the-sea-ny-boligutvikling-i-javea\/\" \/>\n<meta property=\"og:locale\" content=\"nb_NO\" \/>\n<meta property=\"og:type\" content=\"article\" \/>\n<meta property=\"og:title\" content=\"Luksus Living by the Sea: Ny boligutvikling i Javea - Nordnesrepublikken\" \/>\n<meta property=\"og:description\" content=\"Bygging er allerede i gang J\u00e1vea BeachAlibuildings siste luksuri\u00f8se boligprosjekt-og det f\u00f8rste i denne etterspurte\" \/>\n<meta property=\"og:url\" content=\"https:\/\/nordnesrepublikken.no\/index.php\/2025\/06\/09\/luksus-living-by-the-sea-ny-boligutvikling-i-javea\/\" \/>\n<meta property=\"og:site_name\" content=\"Nordnesrepublikken\" \/>\n<meta property=\"article:published_time\" content=\"2025-06-09T17:50:09+00:00\" \/>\n<meta property=\"article:modified_time\" content=\"2025-06-09T17:50:11+00:00\" \/>\n<meta property=\"og:image\" content=\"https:\/\/nordnesrepublikken.no\/wp-content\/uploads\/2025\/06\/1749491410_Luksus-Living-by-the-Sea-Ny-boligutvikling-i-Javea.jpg\" \/>\n\t<meta property=\"og:image:width\" content=\"1200\" \/>\n\t<meta property=\"og:image:height\" content=\"750\" \/>\n\t<meta property=\"og:image:type\" content=\"image\/jpeg\" \/>\n<meta name=\"author\" content=\"Ole Andersen\" \/>\n<meta name=\"twitter:card\" content=\"summary_large_image\" \/>\n<meta name=\"twitter:label1\" content=\"Skrevet av\" \/>\n\t<meta name=\"twitter:data1\" content=\"Ole Andersen\" \/>\n\t<meta name=\"twitter:label2\" content=\"Ansl. lesetid\" \/>\n\t<meta name=\"twitter:data2\" content=\"2 minutter\" \/>\n<script type=\"application\/ld+json\" class=\"yoast-schema-graph\">{\"@context\":\"https:\/\/schema.org\",\"@graph\":[{\"@type\":\"Article\",\"@id\":\"https:\/\/nordnesrepublikken.no\/index.php\/2025\/06\/09\/luksus-living-by-the-sea-ny-boligutvikling-i-javea\/#article\",\"isPartOf\":{\"@id\":\"https:\/\/nordnesrepublikken.no\/index.php\/2025\/06\/09\/luksus-living-by-the-sea-ny-boligutvikling-i-javea\/\"},\"author\":{\"name\":\"Ole Andersen\",\"@id\":\"https:\/\/nordnesrepublikken.no\/#\/schema\/person\/2e7e81935bab77882fffb79296240ff1\"},\"headline\":\"Luksus Living by the Sea: Ny boligutvikling i Javea\",\"datePublished\":\"2025-06-09T17:50:09+00:00\",\"dateModified\":\"2025-06-09T17:50:11+00:00\",\"mainEntityOfPage\":{\"@id\":\"https:\/\/nordnesrepublikken.no\/index.php\/2025\/06\/09\/luksus-living-by-the-sea-ny-boligutvikling-i-javea\/\"},\"wordCount\":391,\"publisher\":{\"@id\":\"https:\/\/nordnesrepublikken.no\/#organization\"},\"image\":{\"@id\":\"https:\/\/nordnesrepublikken.no\/index.php\/2025\/06\/09\/luksus-living-by-the-sea-ny-boligutvikling-i-javea\/#primaryimage\"},\"thumbnailUrl\":\"https:\/\/nordnesrepublikken.no\/wp-content\/uploads\/2025\/06\/1749491410_Luksus-Living-by-the-Sea-Ny-boligutvikling-i-Javea.jpg\",\"keywords\":[\"boligutvikling\",\"Javea\",\"Living\",\"Luksus\",\"Sea\"],\"articleSection\":[\"Livsstil\"],\"inLanguage\":\"nb-NO\"},{\"@type\":\"WebPage\",\"@id\":\"https:\/\/nordnesrepublikken.no\/index.php\/2025\/06\/09\/luksus-living-by-the-sea-ny-boligutvikling-i-javea\/\",\"url\":\"https:\/\/nordnesrepublikken.no\/index.php\/2025\/06\/09\/luksus-living-by-the-sea-ny-boligutvikling-i-javea\/\",\"name\":\"Luksus Living by the Sea: Ny boligutvikling i Javea - Nordnesrepublikken\",\"isPartOf\":{\"@id\":\"https:\/\/nordnesrepublikken.no\/#website\"},\"primaryImageOfPage\":{\"@id\":\"https:\/\/nordnesrepublikken.no\/index.php\/2025\/06\/09\/luksus-living-by-the-sea-ny-boligutvikling-i-javea\/#primaryimage\"},\"image\":{\"@id\":\"https:\/\/nordnesrepublikken.no\/index.php\/2025\/06\/09\/luksus-living-by-the-sea-ny-boligutvikling-i-javea\/#primaryimage\"},\"thumbnailUrl\":\"https:\/\/nordnesrepublikken.no\/wp-content\/uploads\/2025\/06\/1749491410_Luksus-Living-by-the-Sea-Ny-boligutvikling-i-Javea.jpg\",\"datePublished\":\"2025-06-09T17:50:09+00:00\",\"dateModified\":\"2025-06-09T17:50:11+00:00\",\"breadcrumb\":{\"@id\":\"https:\/\/nordnesrepublikken.no\/index.php\/2025\/06\/09\/luksus-living-by-the-sea-ny-boligutvikling-i-javea\/#breadcrumb\"},\"inLanguage\":\"nb-NO\",\"potentialAction\":[{\"@type\":\"ReadAction\",\"target\":[\"https:\/\/nordnesrepublikken.no\/index.php\/2025\/06\/09\/luksus-living-by-the-sea-ny-boligutvikling-i-javea\/\"]}]},{\"@type\":\"ImageObject\",\"inLanguage\":\"nb-NO\",\"@id\":\"https:\/\/nordnesrepublikken.no\/index.php\/2025\/06\/09\/luksus-living-by-the-sea-ny-boligutvikling-i-javea\/#primaryimage\",\"url\":\"https:\/\/nordnesrepublikken.no\/wp-content\/uploads\/2025\/06\/1749491410_Luksus-Living-by-the-Sea-Ny-boligutvikling-i-Javea.jpg\",\"contentUrl\":\"https:\/\/nordnesrepublikken.no\/wp-content\/uploads\/2025\/06\/1749491410_Luksus-Living-by-the-Sea-Ny-boligutvikling-i-Javea.jpg\",\"width\":1200,\"height\":750,\"caption\":\"Luksus Living by the Sea: Ny boligutvikling i Javea\"},{\"@type\":\"BreadcrumbList\",\"@id\":\"https:\/\/nordnesrepublikken.no\/index.php\/2025\/06\/09\/luksus-living-by-the-sea-ny-boligutvikling-i-javea\/#breadcrumb\",\"itemListElement\":[{\"@type\":\"ListItem\",\"position\":1,\"name\":\"Home\",\"item\":\"https:\/\/nordnesrepublikken.no\/\"},{\"@type\":\"ListItem\",\"position\":2,\"name\":\"Luksus Living by the Sea: Ny boligutvikling i Javea\"}]},{\"@type\":\"WebSite\",\"@id\":\"https:\/\/nordnesrepublikken.no\/#website\",\"url\":\"https:\/\/nordnesrepublikken.no\/\",\"name\":\"Nordnesrepublikken\",\"description\":\"Stemmer og Visjoner fra Republikkens Hjerte\",\"publisher\":{\"@id\":\"https:\/\/nordnesrepublikken.no\/#organization\"},\"potentialAction\":[{\"@type\":\"SearchAction\",\"target\":{\"@type\":\"EntryPoint\",\"urlTemplate\":\"https:\/\/nordnesrepublikken.no\/?s={search_term_string}\"},\"query-input\":{\"@type\":\"PropertyValueSpecification\",\"valueRequired\":true,\"valueName\":\"search_term_string\"}}],\"inLanguage\":\"nb-NO\"},{\"@type\":\"Organization\",\"@id\":\"https:\/\/nordnesrepublikken.no\/#organization\",\"name\":\"Nordnesrepublikken\",\"url\":\"https:\/\/nordnesrepublikken.no\/\",\"logo\":{\"@type\":\"ImageObject\",\"inLanguage\":\"nb-NO\",\"@id\":\"https:\/\/nordnesrepublikken.no\/#\/schema\/logo\/image\/\",\"url\":\"https:\/\/nordnesrepublikken.no\/wp-content\/uploads\/2025\/02\/cropped-nordnesrepublikken-2.png\",\"contentUrl\":\"https:\/\/nordnesrepublikken.no\/wp-content\/uploads\/2025\/02\/cropped-nordnesrepublikken-2.png\",\"width\":1248,\"height\":362,\"caption\":\"Nordnesrepublikken\"},\"image\":{\"@id\":\"https:\/\/nordnesrepublikken.no\/#\/schema\/logo\/image\/\"}},{\"@type\":\"Person\",\"@id\":\"https:\/\/nordnesrepublikken.no\/#\/schema\/person\/2e7e81935bab77882fffb79296240ff1\",\"name\":\"Ole Andersen\",\"image\":{\"@type\":\"ImageObject\",\"inLanguage\":\"nb-NO\",\"@id\":\"https:\/\/nordnesrepublikken.no\/#\/schema\/person\/image\/\",\"url\":\"https:\/\/nordnesrepublikken.no\/wp-content\/uploads\/2025\/02\/nordnesrepublikken-2-2-150x150.jpg\",\"contentUrl\":\"https:\/\/nordnesrepublikken.no\/wp-content\/uploads\/2025\/02\/nordnesrepublikken-2-2-150x150.jpg\",\"caption\":\"Ole Andersen\"},\"description\":\"Ettersom jeg vokste opp i Oslo, har jeg alltid v\u00e6rt fascinert av ordenes kraft og deres evne til \u00e5 skape endringer. Etter \u00e5 ha fullf\u00f8rt min utdannelse i kommunikasjon ved Universitetet i Bergen, fikk jeg muligheten til \u00e5 jobbe innen ulike medier, der jeg har s\u00f8kt \u00e5 belyse viktige samfunnssp\u00f8rsm\u00e5l. I dag, som redakt\u00f8r for Nordnesrepublikken, pr\u00f8ver jeg \u00e5 forene min kj\u00e6rlighet for journalistikk med min lidenskap for innovasjon og eventyr.\",\"sameAs\":[\"https:\/\/nordnesrepublikken.no\/\"]}]}<\/script>\n<!-- \/ Yoast SEO plugin. -->","yoast_head_json":{"title":"Luksus Living by the Sea: Ny boligutvikling i Javea - Nordnesrepublikken","robots":{"index":"index","follow":"follow","max-snippet":"max-snippet:-1","max-image-preview":"max-image-preview:large","max-video-preview":"max-video-preview:-1"},"canonical":"https:\/\/nordnesrepublikken.no\/index.php\/2025\/06\/09\/luksus-living-by-the-sea-ny-boligutvikling-i-javea\/","og_locale":"nb_NO","og_type":"article","og_title":"Luksus Living by the Sea: Ny boligutvikling i Javea - Nordnesrepublikken","og_description":"Bygging er allerede i gang J\u00e1vea BeachAlibuildings siste luksuri\u00f8se boligprosjekt-og det f\u00f8rste i denne etterspurte","og_url":"https:\/\/nordnesrepublikken.no\/index.php\/2025\/06\/09\/luksus-living-by-the-sea-ny-boligutvikling-i-javea\/","og_site_name":"Nordnesrepublikken","article_published_time":"2025-06-09T17:50:09+00:00","article_modified_time":"2025-06-09T17:50:11+00:00","og_image":[{"width":1200,"height":750,"url":"https:\/\/nordnesrepublikken.no\/wp-content\/uploads\/2025\/06\/1749491410_Luksus-Living-by-the-Sea-Ny-boligutvikling-i-Javea.jpg","type":"image\/jpeg"}],"author":"Ole Andersen","twitter_card":"summary_large_image","twitter_misc":{"Skrevet av":"Ole Andersen","Ansl. lesetid":"2 minutter"},"schema":{"@context":"https:\/\/schema.org","@graph":[{"@type":"Article","@id":"https:\/\/nordnesrepublikken.no\/index.php\/2025\/06\/09\/luksus-living-by-the-sea-ny-boligutvikling-i-javea\/#article","isPartOf":{"@id":"https:\/\/nordnesrepublikken.no\/index.php\/2025\/06\/09\/luksus-living-by-the-sea-ny-boligutvikling-i-javea\/"},"author":{"name":"Ole Andersen","@id":"https:\/\/nordnesrepublikken.no\/#\/schema\/person\/2e7e81935bab77882fffb79296240ff1"},"headline":"Luksus Living by the Sea: Ny boligutvikling i Javea","datePublished":"2025-06-09T17:50:09+00:00","dateModified":"2025-06-09T17:50:11+00:00","mainEntityOfPage":{"@id":"https:\/\/nordnesrepublikken.no\/index.php\/2025\/06\/09\/luksus-living-by-the-sea-ny-boligutvikling-i-javea\/"},"wordCount":391,"publisher":{"@id":"https:\/\/nordnesrepublikken.no\/#organization"},"image":{"@id":"https:\/\/nordnesrepublikken.no\/index.php\/2025\/06\/09\/luksus-living-by-the-sea-ny-boligutvikling-i-javea\/#primaryimage"},"thumbnailUrl":"https:\/\/nordnesrepublikken.no\/wp-content\/uploads\/2025\/06\/1749491410_Luksus-Living-by-the-Sea-Ny-boligutvikling-i-Javea.jpg","keywords":["boligutvikling","Javea","Living","Luksus","Sea"],"articleSection":["Livsstil"],"inLanguage":"nb-NO"},{"@type":"WebPage","@id":"https:\/\/nordnesrepublikken.no\/index.php\/2025\/06\/09\/luksus-living-by-the-sea-ny-boligutvikling-i-javea\/","url":"https:\/\/nordnesrepublikken.no\/index.php\/2025\/06\/09\/luksus-living-by-the-sea-ny-boligutvikling-i-javea\/","name":"Luksus Living by the Sea: Ny boligutvikling i Javea - Nordnesrepublikken","isPartOf":{"@id":"https:\/\/nordnesrepublikken.no\/#website"},"primaryImageOfPage":{"@id":"https:\/\/nordnesrepublikken.no\/index.php\/2025\/06\/09\/luksus-living-by-the-sea-ny-boligutvikling-i-javea\/#primaryimage"},"image":{"@id":"https:\/\/nordnesrepublikken.no\/index.php\/2025\/06\/09\/luksus-living-by-the-sea-ny-boligutvikling-i-javea\/#primaryimage"},"thumbnailUrl":"https:\/\/nordnesrepublikken.no\/wp-content\/uploads\/2025\/06\/1749491410_Luksus-Living-by-the-Sea-Ny-boligutvikling-i-Javea.jpg","datePublished":"2025-06-09T17:50:09+00:00","dateModified":"2025-06-09T17:50:11+00:00","breadcrumb":{"@id":"https:\/\/nordnesrepublikken.no\/index.php\/2025\/06\/09\/luksus-living-by-the-sea-ny-boligutvikling-i-javea\/#breadcrumb"},"inLanguage":"nb-NO","potentialAction":[{"@type":"ReadAction","target":["https:\/\/nordnesrepublikken.no\/index.php\/2025\/06\/09\/luksus-living-by-the-sea-ny-boligutvikling-i-javea\/"]}]},{"@type":"ImageObject","inLanguage":"nb-NO","@id":"https:\/\/nordnesrepublikken.no\/index.php\/2025\/06\/09\/luksus-living-by-the-sea-ny-boligutvikling-i-javea\/#primaryimage","url":"https:\/\/nordnesrepublikken.no\/wp-content\/uploads\/2025\/06\/1749491410_Luksus-Living-by-the-Sea-Ny-boligutvikling-i-Javea.jpg","contentUrl":"https:\/\/nordnesrepublikken.no\/wp-content\/uploads\/2025\/06\/1749491410_Luksus-Living-by-the-Sea-Ny-boligutvikling-i-Javea.jpg","width":1200,"height":750,"caption":"Luksus Living by the Sea: Ny boligutvikling i Javea"},{"@type":"BreadcrumbList","@id":"https:\/\/nordnesrepublikken.no\/index.php\/2025\/06\/09\/luksus-living-by-the-sea-ny-boligutvikling-i-javea\/#breadcrumb","itemListElement":[{"@type":"ListItem","position":1,"name":"Home","item":"https:\/\/nordnesrepublikken.no\/"},{"@type":"ListItem","position":2,"name":"Luksus Living by the Sea: Ny boligutvikling i Javea"}]},{"@type":"WebSite","@id":"https:\/\/nordnesrepublikken.no\/#website","url":"https:\/\/nordnesrepublikken.no\/","name":"Nordnesrepublikken","description":"Stemmer og Visjoner fra Republikkens Hjerte","publisher":{"@id":"https:\/\/nordnesrepublikken.no\/#organization"},"potentialAction":[{"@type":"SearchAction","target":{"@type":"EntryPoint","urlTemplate":"https:\/\/nordnesrepublikken.no\/?s={search_term_string}"},"query-input":{"@type":"PropertyValueSpecification","valueRequired":true,"valueName":"search_term_string"}}],"inLanguage":"nb-NO"},{"@type":"Organization","@id":"https:\/\/nordnesrepublikken.no\/#organization","name":"Nordnesrepublikken","url":"https:\/\/nordnesrepublikken.no\/","logo":{"@type":"ImageObject","inLanguage":"nb-NO","@id":"https:\/\/nordnesrepublikken.no\/#\/schema\/logo\/image\/","url":"https:\/\/nordnesrepublikken.no\/wp-content\/uploads\/2025\/02\/cropped-nordnesrepublikken-2.png","contentUrl":"https:\/\/nordnesrepublikken.no\/wp-content\/uploads\/2025\/02\/cropped-nordnesrepublikken-2.png","width":1248,"height":362,"caption":"Nordnesrepublikken"},"image":{"@id":"https:\/\/nordnesrepublikken.no\/#\/schema\/logo\/image\/"}},{"@type":"Person","@id":"https:\/\/nordnesrepublikken.no\/#\/schema\/person\/2e7e81935bab77882fffb79296240ff1","name":"Ole Andersen","image":{"@type":"ImageObject","inLanguage":"nb-NO","@id":"https:\/\/nordnesrepublikken.no\/#\/schema\/person\/image\/","url":"https:\/\/nordnesrepublikken.no\/wp-content\/uploads\/2025\/02\/nordnesrepublikken-2-2-150x150.jpg","contentUrl":"https:\/\/nordnesrepublikken.no\/wp-content\/uploads\/2025\/02\/nordnesrepublikken-2-2-150x150.jpg","caption":"Ole Andersen"},"description":"Ettersom jeg vokste opp i Oslo, har jeg alltid v\u00e6rt fascinert av ordenes kraft og deres evne til \u00e5 skape endringer. Etter \u00e5 ha fullf\u00f8rt min utdannelse i kommunikasjon ved Universitetet i Bergen, fikk jeg muligheten til \u00e5 jobbe innen ulike medier, der jeg har s\u00f8kt \u00e5 belyse viktige samfunnssp\u00f8rsm\u00e5l. I dag, som redakt\u00f8r for Nordnesrepublikken, pr\u00f8ver jeg \u00e5 forene min kj\u00e6rlighet for journalistikk med min lidenskap for innovasjon og eventyr.","sameAs":["https:\/\/nordnesrepublikken.no\/"]}]}},"_links":{"self":[{"href":"https:\/\/nordnesrepublikken.no\/index.php\/wp-json\/wp\/v2\/posts\/5575","targetHints":{"allow":["GET"]}}],"collection":[{"href":"https:\/\/nordnesrepublikken.no\/index.php\/wp-json\/wp\/v2\/posts"}],"about":[{"href":"https:\/\/nordnesrepublikken.no\/index.php\/wp-json\/wp\/v2\/types\/post"}],"author":[{"embeddable":true,"href":"https:\/\/nordnesrepublikken.no\/index.php\/wp-json\/wp\/v2\/users\/1"}],"replies":[{"embeddable":true,"href":"https:\/\/nordnesrepublikken.no\/index.php\/wp-json\/wp\/v2\/comments?post=5575"}],"version-history":[{"count":1,"href":"https:\/\/nordnesrepublikken.no\/index.php\/wp-json\/wp\/v2\/posts\/5575\/revisions"}],"predecessor-version":[{"id":5577,"href":"https:\/\/nordnesrepublikken.no\/index.php\/wp-json\/wp\/v2\/posts\/5575\/revisions\/5577"}],"wp:featuredmedia":[{"embeddable":true,"href":"https:\/\/nordnesrepublikken.no\/index.php\/wp-json\/wp\/v2\/media\/5576"}],"wp:attachment":[{"href":"https:\/\/nordnesrepublikken.no\/index.php\/wp-json\/wp\/v2\/media?parent=5575"}],"wp:term":[{"taxonomy":"category","embeddable":true,"href":"https:\/\/nordnesrepublikken.no\/index.php\/wp-json\/wp\/v2\/categories?post=5575"},{"taxonomy":"post_tag","embeddable":true,"href":"https:\/\/nordnesrepublikken.no\/index.php\/wp-json\/wp\/v2\/tags?post=5575"}],"curies":[{"name":"wp","href":"https:\/\/api.w.org\/{rel}","templated":true}]}}