{"id":5572,"date":"2025-06-09T16:49:52","date_gmt":"2025-06-09T14:49:52","guid":{"rendered":"https:\/\/nordnesrepublikken.no\/index.php\/2025\/06\/09\/som-ble-designet-av-gaudi-og-hva-som-er-inni\/"},"modified":"2025-06-09T16:49:59","modified_gmt":"2025-06-09T14:49:59","slug":"som-ble-designet-av-gaudi-og-hva-som-er-inni","status":"publish","type":"post","link":"https:\/\/nordnesrepublikken.no\/index.php\/2025\/06\/09\/som-ble-designet-av-gaudi-og-hva-som-er-inni\/","title":{"rendered":"som ble designet av Gaud\u00ec og hva som er inni"},"content":{"rendered":"<div>\n<div class=\"cp_wrapper cp_wrapper--fw mb-30 mb-20@tablet\">\n<figure class=\"mm\"><picture class=\"img\" style=\"padding-top:56.25%\"><source  media=\"(min-width: 1024px)\"><source  media=\"(min-width: 768px)\"><\/source><\/source><\/picture><\/figure>\n<\/p><\/div>\n<p>Ubestridt symbol p\u00e5 <strong>Katalansk modernisme<\/strong>, <strong>Batll\u00f3 hus<\/strong> Det er en av de mest ikoniske bygningene i Barcelona og et av de mest kjente verkene til <strong>Antoni Gaud\u00ed<\/strong>. Ligger p\u00e5 nummer 43 av Passeig de Gr\u00e0cia, i hjertet av Eixample -distriktet, ble det bygget mellom 1904 og 1906 som en renovering av en eksisterende bygning p\u00e5 vegne av Josep Batll\u00f3, en industriell eier av forskjellige tekstilfabrikker og en viktig gr\u00fcnder. Universelt kjent for sine organiske og eventyrlige former, de livlige fargene og den ekstraordin\u00e6re symbolske rikdommen som kjennetegner alle arkitektoniske detaljer, ble Casa Batll\u00f3 anerkjent i 2005 <strong>UNESCOs verdensarv<\/strong>. Eid av Bernat -familien siden 90 -tallet og n\u00e5 \u00e5pent for publikum som et husmuseum, med oppslukende installasjoner og et bes\u00f8k i de indre milj\u00f8ene som forteller Gaud\u00eds kreative geni, representerer et essensielt stopp for de som bes\u00f8ker Barcelona.<\/p>\n<h2>Fasaden til bygningen, det ikoniske taket og balkongene<\/h2>\n<p>Gaud\u00ed forvandlet fasaden til Batll\u00f3 -huset til et reelt skulpturelt arbeid, fullt av <strong>Symbolismer<\/strong> Det er \u00e5pent for flere tolkninger. Basen har sinu\u00f8se s\u00f8yler som husker <strong>menneskelige bein<\/strong>mens rekkverkene p\u00e5 balkongene, laget med et enkelt stykke smeltet jern, tar p\u00e5 seg utseendet til <strong>Karnevalmasker eller stiliserte hodeskaller<\/strong>. \u00c5 dominere helheten, den <strong>buet tak<\/strong> dekket med farget keramikk husker <strong>skalaer av en drage<\/strong>i referanse &#8211; i henhold til noen teorier &#8211; til legenden om San Giorgio som stikker gjennom skapningen med et spyd, representert av korset som st\u00e5r p\u00e5 toppen av bygningen.<\/p>\n<div class=\"cp_wrapper cp_wrapper--fw mb-50\">\n<figure class=\"mm\"><picture class=\"img\" style=\"padding-top:66.657689200108%\"><source  media=\"(min-width: 1024px)\"><source  media=\"(min-width: 768px)\"><img decoding=\"async\" loading=\"lazy\" src=\"https:\/\/nordnesrepublikken.no\/wp-content\/uploads\/2025\/06\/1749480592_319_som-ble-designet-av-Gaudi-og-hva-som-er-inni.jpg\" alt=\"Bilde\" width=\"3713\" height=\"2475\"><\/source><\/source><\/picture><\/figure>\n<\/p><\/div>\n<p>Et annet rom av stor betydning er <strong>Terrasse p\u00e5 taket<\/strong>som f\u00f8lger strukturen i bygningen som danner et stort rektangel p\u00e5 rundt 300 kvadratmeter avbrutt i midten av takvinduet som lyser opp den indre g\u00e5rdsplassen. \u00c5 gi form til <strong>Plastelementer<\/strong> som animerer dette rommet &#8211; skorsteiner, luftinntak, skalaer &#8211; Gaud\u00ed utbedret <strong>&laquo;Wall Volta&raquo; -teknikk<\/strong>et konstruksjonssystem som er arvet fra gotisk arkitektur som tillot \u00e5 oppn\u00e5 buede (hvelv) volum veldig motstandsdyktig ved hjelp av enkle murstein arrangerte &laquo;kniv&raquo; og formet, rad etter rad, til den n\u00e5r \u00f8nsket form. N\u00e5r strukturen er bygget, ble dette pusset med kalkm\u00f8rtel og dekket med det typiske <strong><em>Trencad\u00eds<\/em><\/strong>tradisjonell prydp\u00e5f\u00f8ring som bruker fargede keramiske fragmenter.<\/p>\n<h2>Organiseringen av interi\u00f8ret: mellom farge og b\u00e6rekraft<\/h2>\n<p>Gaud\u00ed organiserte f\u00f8rste etasje i Batll\u00f3 -huset ved \u00e5 dele det inn i tre forskjellige omr\u00e5der, hver med sin egen uavhengige tilgang: inngangen til huset, butikken og put tilbake; Atrium fungerte som et ledd for skalaen og heisen til vanlig bruk. For \u00e5 forbedre belysningen og naturlig ventilasjon av alle rommene i huset, utvidet arkitekten overflaten til <strong>Intern g\u00e5rdsplass<\/strong> Og han forvandlet det til et funksjonelt og scenografisk element: han installerte store takvinduer p\u00e5 veggene og vinduene p\u00e5 plantene, \u00e5pnet de indre terrassene til de lavere niv\u00e5ene og hadde veggene i <strong>emaljerte keramiske fliser i fem bl\u00e5tt nyanser<\/strong>. Arrangert i graderingen fra det m\u00f8rkere til det klareste n\u00e5r du g\u00e5r ned, reflekterer kortene og forsterker lyset homogent, naturlig regulerer <strong>temperatur<\/strong>.<\/p>\n<div class=\"cp_wrapper cp_wrapper--fw mb-50\">\n<figure class=\"mm\"><picture class=\"img\" style=\"padding-top:66.666666666667%\"><source  media=\"(min-width: 1024px)\"><source  media=\"(min-width: 768px)\"><img decoding=\"async\" loading=\"lazy\" src=\"https:\/\/nordnesrepublikken.no\/wp-content\/uploads\/2025\/06\/1749480592_18_som-ble-designet-av-Gaudi-og-hva-som-er-inni.jpg\" alt=\"Bilde\" width=\"3000\" height=\"2000\" class=\"js-seedtag-img\"><\/source><\/source><\/picture><\/figure>\n<\/p><\/div>\n<p>Hver detalj eller overflate av Battl\u00f3 -huset er designet for \u00e5 stimulere sansene og undringen, men ogs\u00e5 unnfanget i perspektivet av &laquo;b\u00e6rekraft&raquo;: l\u00f8sningene for naturlig belysning, passiv kj\u00f8ling og termisk isolasjon forventer sentrale problemer, og bekrefter den <strong>banebrytende visjon<\/strong> av arkitekten. La Mansarda, serviceomr\u00e5de preget av en rekke <strong>parabolske buer <\/strong>Bygget i murstein og dekket med gips, er det kanskje emblemet. Denne strukturen, som allerede ble eksperimentert av Gaud\u00ed i Teresiane, gjorde det mulig \u00e5 st\u00f8tte takets vekt uten behov for \u00e5 sette inn tunge partisjonsvegger; P\u00e5 denne m\u00e5ten plassen, fri og kontinuerlig, servert av <strong>Termoreguleringskammer <\/strong>beskytte bygningen mot termiske endringer.<\/p>\n<div class=\"cp_wrapper cp_wrapper--fw mb-50\">\n<figure class=\"mm\"><picture class=\"img\" style=\"padding-top:101.41666666667%\"><source  media=\"(min-width: 1024px)\"><source  media=\"(min-width: 768px)\"><img decoding=\"async\" loading=\"lazy\" src=\"https:\/\/nordnesrepublikken.no\/wp-content\/uploads\/2025\/06\/1749480592_406_som-ble-designet-av-Gaudi-og-hva-som-er-inni.jpg\" alt=\"Bilde\" width=\"2400\" height=\"2434\"><\/source><\/source><\/picture><\/figure>\n<\/p><\/div>\n<h2>Historien til Casa Batll\u00f2<\/h2>\n<p>I 1903 Tekstilindustrien <strong>Josep Batll\u00f3<\/strong> Han kj\u00f8pte en bygning p\u00e5 Passeig de Gr\u00e0cia, en prestisjetunge aveny av det nye Eixample -distriktet i Barcelona, \u200b\u200bp\u00e5 den tiden som ble ettertraktet av det \u00f8vre borgerskapet. Eiendommen, designet tjue \u00e5r tidligere av Emili Salas I Cort\u00e8s &#8211; som ogs\u00e5 var mester i Antoni Gaud\u00ed &#8211; men han virket for edru og konvensjonell sammenlignet med den sprudlende estetikken til de omkringliggende boligene. I 1904, fast bestemt p\u00e5 \u00e5 radikalt transformere bygningen, selv p\u00e5 bekostning av \u00e5 redusere den og rekonstruere den fra bunnen av, snudde Batll\u00f3 til <strong>Gaud\u00ed<\/strong>. Arkitekten, allerede ber\u00f8mt og midt i sin kreative modenhet, overbeviste den velst\u00e5ende klienten om \u00e5 velge en <strong>Full renovering<\/strong> Det opprettholdt den eksisterende strukturen, men revolusjonerte bildet fullstendig.<\/p>\n<p>Inngrepet, som s\u00f8rget for tilsetning av et plan og et loft, i tillegg til renovering av fasaden, var den indre g\u00e5rdsplassen, f\u00f8rste etasje og hovedetasjen, derfor for Gaud\u00ed den ideelle muligheten til \u00e5 n\u00e5 en syntese mellom <strong>Arkitektonisk funksjonalitet og formell modighet<\/strong>alltid under veiledning av kunnskapen om naturlovene, men n\u00e5 fri fra de historiske p\u00e5virkningene som hadde markert hans tidligere verk. DE&#8217;<strong>oppmerksomhet p\u00e5 lys<\/strong>til strukturer og v\u00e6skesekvens av rommene, er det derfor kombinert med en <strong>Ekspressiv forskning<\/strong> Enest\u00e5ende, laget av organiske kurver, skiftende farger, symbolismer og innovative materialer. Resultatet er en dynamisk og veldig original bygning, nesten <strong>eventyr<\/strong> <strong>P\u00e5 grunn av taket hans i Declivio<\/strong>dekket med elementer som de fleste forestilte seg \u00e5 v\u00e6re flakene til en primordial reptil eller en fargerik drage.<\/p>\n<div class=\"cp_wrapper cp_wrapper--fw mb-50\">\n<figure class=\"mm\"><picture class=\"img\" style=\"padding-top:100%\"><source  media=\"(min-width: 1024px)\"><source  media=\"(min-width: 768px)\"><img decoding=\"async\" loading=\"lazy\" src=\"https:\/\/nordnesrepublikken.no\/wp-content\/uploads\/2025\/06\/1749480592_503_som-ble-designet-av-Gaudi-og-hva-som-er-inni.jpg\" alt=\"Bilde\" width=\"3155\" height=\"3155\" class=\"js-seedtag-img\"><\/source><\/source><\/picture><\/figure>\n<\/p><\/div>\n<h2>Museet og oppsettet av Kengo Kuma<\/h2>\n<p>Siden 2005 har Casa Batll\u00f3 v\u00e6rt <strong>UNESCOs verdensarvsted<\/strong> Og det er \u00e5pent for publikum som et husmuseum. Utstillingsreiseruten, i tillegg til utforskningen av de forskjellige milj\u00f8ene (atrium og concierge, hovedplan, privat bosted for Batll\u00f3, loftet og terrassen) har blitt beriket over tid <strong>multimedia og oppslukende installasjoner<\/strong> som hjelper til med \u00e5 forst\u00e5 arbeidet til Anton\u00ec Gaud\u00ec og dets kreative univers. Spesielt suggererende er<strong>permanent innstilling<\/strong> Redigert av den japanske arkitekten <strong>Kengo Kuma<\/strong>som tolker omr\u00e5dene med en hyllest til arkitektens f\u00f8lsomhet i bruk av lys gjennom gardiner laget med <strong>aluminiumskjeder<\/strong>. Disse kaskadegardinene er opplyst av Mario Nanni, og pryder atrium og pakker inn en ny trapp som kobler f\u00f8rste etasje til de ekstra kvadratmeter med utstillingsplasser oppn\u00e5dd i en tidligere kullbunker i kjelleren, samt en annen trapp som strekker seg for alle \u00e5tte etasjer i bygningen.<\/p>\n<\/p><\/div>\n","protected":false},"excerpt":{"rendered":"<p>Ubestridt symbol p\u00e5 Katalansk modernisme, Batll\u00f3 hus Det er en av de mest ikoniske bygningene<\/p>\n","protected":false},"author":1,"featured_media":5573,"comment_status":"closed","ping_status":"open","sticky":false,"template":"","format":"standard","meta":{"footnotes":""},"categories":[24],"tags":[373,1461,3363,144,1133,31],"class_list":["post-5572","post","type-post","status-publish","format-standard","has-post-thumbnail","hentry","category-vitenskap","tag-ble","tag-designet","tag-gaudi","tag-hva","tag-inni","tag-som","generate-columns","tablet-grid-50","mobile-grid-100","grid-parent","grid-33","resize-featured-image"],"yoast_head":"<!-- This site is optimized with the Yoast SEO plugin v24.4 - https:\/\/yoast.com\/wordpress\/plugins\/seo\/ -->\n<title>som ble designet av Gaud\u00ec og hva som er inni - Nordnesrepublikken<\/title>\n<meta name=\"robots\" content=\"index, follow, max-snippet:-1, max-image-preview:large, max-video-preview:-1\" \/>\n<link rel=\"canonical\" href=\"https:\/\/nordnesrepublikken.no\/index.php\/2025\/06\/09\/som-ble-designet-av-gaudi-og-hva-som-er-inni\/\" \/>\n<meta property=\"og:locale\" content=\"nb_NO\" \/>\n<meta property=\"og:type\" content=\"article\" \/>\n<meta property=\"og:title\" content=\"som ble designet av Gaud\u00ec og hva som er inni - Nordnesrepublikken\" \/>\n<meta property=\"og:description\" content=\"Ubestridt symbol p\u00e5 Katalansk modernisme, Batll\u00f3 hus Det er en av de mest ikoniske bygningene\" \/>\n<meta property=\"og:url\" content=\"https:\/\/nordnesrepublikken.no\/index.php\/2025\/06\/09\/som-ble-designet-av-gaudi-og-hva-som-er-inni\/\" \/>\n<meta property=\"og:site_name\" content=\"Nordnesrepublikken\" \/>\n<meta property=\"article:published_time\" content=\"2025-06-09T14:49:52+00:00\" \/>\n<meta property=\"article:modified_time\" content=\"2025-06-09T14:49:59+00:00\" \/>\n<meta property=\"og:image\" content=\"https:\/\/nordnesrepublikken.no\/wp-content\/uploads\/2025\/06\/1749480593_som-ble-designet-av-Gaudi-og-hva-som-er-inni.jpg\" \/>\n\t<meta property=\"og:image:width\" content=\"2549\" \/>\n\t<meta property=\"og:image:height\" content=\"1491\" \/>\n\t<meta property=\"og:image:type\" content=\"image\/jpeg\" \/>\n<meta name=\"author\" content=\"Ole Andersen\" \/>\n<meta name=\"twitter:card\" content=\"summary_large_image\" \/>\n<meta name=\"twitter:label1\" content=\"Skrevet av\" \/>\n\t<meta name=\"twitter:data1\" content=\"Ole Andersen\" \/>\n\t<meta name=\"twitter:label2\" content=\"Ansl. lesetid\" \/>\n\t<meta name=\"twitter:data2\" content=\"5 minutter\" \/>\n<script type=\"application\/ld+json\" class=\"yoast-schema-graph\">{\"@context\":\"https:\/\/schema.org\",\"@graph\":[{\"@type\":\"Article\",\"@id\":\"https:\/\/nordnesrepublikken.no\/index.php\/2025\/06\/09\/som-ble-designet-av-gaudi-og-hva-som-er-inni\/#article\",\"isPartOf\":{\"@id\":\"https:\/\/nordnesrepublikken.no\/index.php\/2025\/06\/09\/som-ble-designet-av-gaudi-og-hva-som-er-inni\/\"},\"author\":{\"name\":\"Ole Andersen\",\"@id\":\"https:\/\/nordnesrepublikken.no\/#\/schema\/person\/2e7e81935bab77882fffb79296240ff1\"},\"headline\":\"som ble designet av Gaud\u00ec og hva som er inni\",\"datePublished\":\"2025-06-09T14:49:52+00:00\",\"dateModified\":\"2025-06-09T14:49:59+00:00\",\"mainEntityOfPage\":{\"@id\":\"https:\/\/nordnesrepublikken.no\/index.php\/2025\/06\/09\/som-ble-designet-av-gaudi-og-hva-som-er-inni\/\"},\"wordCount\":1001,\"publisher\":{\"@id\":\"https:\/\/nordnesrepublikken.no\/#organization\"},\"image\":{\"@id\":\"https:\/\/nordnesrepublikken.no\/index.php\/2025\/06\/09\/som-ble-designet-av-gaudi-og-hva-som-er-inni\/#primaryimage\"},\"thumbnailUrl\":\"https:\/\/nordnesrepublikken.no\/wp-content\/uploads\/2025\/06\/1749480593_som-ble-designet-av-Gaudi-og-hva-som-er-inni.jpg\",\"keywords\":[\"ble\",\"designet\",\"Gaud\u00ec\",\"Hva\",\"inni\",\"som\"],\"articleSection\":[\"Vitenskap\"],\"inLanguage\":\"nb-NO\"},{\"@type\":\"WebPage\",\"@id\":\"https:\/\/nordnesrepublikken.no\/index.php\/2025\/06\/09\/som-ble-designet-av-gaudi-og-hva-som-er-inni\/\",\"url\":\"https:\/\/nordnesrepublikken.no\/index.php\/2025\/06\/09\/som-ble-designet-av-gaudi-og-hva-som-er-inni\/\",\"name\":\"som ble designet av Gaud\u00ec og hva som er inni - Nordnesrepublikken\",\"isPartOf\":{\"@id\":\"https:\/\/nordnesrepublikken.no\/#website\"},\"primaryImageOfPage\":{\"@id\":\"https:\/\/nordnesrepublikken.no\/index.php\/2025\/06\/09\/som-ble-designet-av-gaudi-og-hva-som-er-inni\/#primaryimage\"},\"image\":{\"@id\":\"https:\/\/nordnesrepublikken.no\/index.php\/2025\/06\/09\/som-ble-designet-av-gaudi-og-hva-som-er-inni\/#primaryimage\"},\"thumbnailUrl\":\"https:\/\/nordnesrepublikken.no\/wp-content\/uploads\/2025\/06\/1749480593_som-ble-designet-av-Gaudi-og-hva-som-er-inni.jpg\",\"datePublished\":\"2025-06-09T14:49:52+00:00\",\"dateModified\":\"2025-06-09T14:49:59+00:00\",\"breadcrumb\":{\"@id\":\"https:\/\/nordnesrepublikken.no\/index.php\/2025\/06\/09\/som-ble-designet-av-gaudi-og-hva-som-er-inni\/#breadcrumb\"},\"inLanguage\":\"nb-NO\",\"potentialAction\":[{\"@type\":\"ReadAction\",\"target\":[\"https:\/\/nordnesrepublikken.no\/index.php\/2025\/06\/09\/som-ble-designet-av-gaudi-og-hva-som-er-inni\/\"]}]},{\"@type\":\"ImageObject\",\"inLanguage\":\"nb-NO\",\"@id\":\"https:\/\/nordnesrepublikken.no\/index.php\/2025\/06\/09\/som-ble-designet-av-gaudi-og-hva-som-er-inni\/#primaryimage\",\"url\":\"https:\/\/nordnesrepublikken.no\/wp-content\/uploads\/2025\/06\/1749480593_som-ble-designet-av-Gaudi-og-hva-som-er-inni.jpg\",\"contentUrl\":\"https:\/\/nordnesrepublikken.no\/wp-content\/uploads\/2025\/06\/1749480593_som-ble-designet-av-Gaudi-og-hva-som-er-inni.jpg\",\"width\":2549,\"height\":1491,\"caption\":\"Immagine\"},{\"@type\":\"BreadcrumbList\",\"@id\":\"https:\/\/nordnesrepublikken.no\/index.php\/2025\/06\/09\/som-ble-designet-av-gaudi-og-hva-som-er-inni\/#breadcrumb\",\"itemListElement\":[{\"@type\":\"ListItem\",\"position\":1,\"name\":\"Home\",\"item\":\"https:\/\/nordnesrepublikken.no\/\"},{\"@type\":\"ListItem\",\"position\":2,\"name\":\"som ble designet av Gaud\u00ec og hva som er inni\"}]},{\"@type\":\"WebSite\",\"@id\":\"https:\/\/nordnesrepublikken.no\/#website\",\"url\":\"https:\/\/nordnesrepublikken.no\/\",\"name\":\"Nordnesrepublikken\",\"description\":\"Stemmer og Visjoner fra Republikkens Hjerte\",\"publisher\":{\"@id\":\"https:\/\/nordnesrepublikken.no\/#organization\"},\"potentialAction\":[{\"@type\":\"SearchAction\",\"target\":{\"@type\":\"EntryPoint\",\"urlTemplate\":\"https:\/\/nordnesrepublikken.no\/?s={search_term_string}\"},\"query-input\":{\"@type\":\"PropertyValueSpecification\",\"valueRequired\":true,\"valueName\":\"search_term_string\"}}],\"inLanguage\":\"nb-NO\"},{\"@type\":\"Organization\",\"@id\":\"https:\/\/nordnesrepublikken.no\/#organization\",\"name\":\"Nordnesrepublikken\",\"url\":\"https:\/\/nordnesrepublikken.no\/\",\"logo\":{\"@type\":\"ImageObject\",\"inLanguage\":\"nb-NO\",\"@id\":\"https:\/\/nordnesrepublikken.no\/#\/schema\/logo\/image\/\",\"url\":\"https:\/\/nordnesrepublikken.no\/wp-content\/uploads\/2025\/02\/cropped-nordnesrepublikken-2.png\",\"contentUrl\":\"https:\/\/nordnesrepublikken.no\/wp-content\/uploads\/2025\/02\/cropped-nordnesrepublikken-2.png\",\"width\":1248,\"height\":362,\"caption\":\"Nordnesrepublikken\"},\"image\":{\"@id\":\"https:\/\/nordnesrepublikken.no\/#\/schema\/logo\/image\/\"}},{\"@type\":\"Person\",\"@id\":\"https:\/\/nordnesrepublikken.no\/#\/schema\/person\/2e7e81935bab77882fffb79296240ff1\",\"name\":\"Ole Andersen\",\"image\":{\"@type\":\"ImageObject\",\"inLanguage\":\"nb-NO\",\"@id\":\"https:\/\/nordnesrepublikken.no\/#\/schema\/person\/image\/\",\"url\":\"https:\/\/nordnesrepublikken.no\/wp-content\/uploads\/2025\/02\/nordnesrepublikken-2-2-150x150.jpg\",\"contentUrl\":\"https:\/\/nordnesrepublikken.no\/wp-content\/uploads\/2025\/02\/nordnesrepublikken-2-2-150x150.jpg\",\"caption\":\"Ole Andersen\"},\"description\":\"Ettersom jeg vokste opp i Oslo, har jeg alltid v\u00e6rt fascinert av ordenes kraft og deres evne til \u00e5 skape endringer. Etter \u00e5 ha fullf\u00f8rt min utdannelse i kommunikasjon ved Universitetet i Bergen, fikk jeg muligheten til \u00e5 jobbe innen ulike medier, der jeg har s\u00f8kt \u00e5 belyse viktige samfunnssp\u00f8rsm\u00e5l. I dag, som redakt\u00f8r for Nordnesrepublikken, pr\u00f8ver jeg \u00e5 forene min kj\u00e6rlighet for journalistikk med min lidenskap for innovasjon og eventyr.\",\"sameAs\":[\"https:\/\/nordnesrepublikken.no\/\"]}]}<\/script>\n<!-- \/ Yoast SEO plugin. -->","yoast_head_json":{"title":"som ble designet av Gaud\u00ec og hva som er inni - Nordnesrepublikken","robots":{"index":"index","follow":"follow","max-snippet":"max-snippet:-1","max-image-preview":"max-image-preview:large","max-video-preview":"max-video-preview:-1"},"canonical":"https:\/\/nordnesrepublikken.no\/index.php\/2025\/06\/09\/som-ble-designet-av-gaudi-og-hva-som-er-inni\/","og_locale":"nb_NO","og_type":"article","og_title":"som ble designet av Gaud\u00ec og hva som er inni - Nordnesrepublikken","og_description":"Ubestridt symbol p\u00e5 Katalansk modernisme, Batll\u00f3 hus Det er en av de mest ikoniske bygningene","og_url":"https:\/\/nordnesrepublikken.no\/index.php\/2025\/06\/09\/som-ble-designet-av-gaudi-og-hva-som-er-inni\/","og_site_name":"Nordnesrepublikken","article_published_time":"2025-06-09T14:49:52+00:00","article_modified_time":"2025-06-09T14:49:59+00:00","og_image":[{"width":2549,"height":1491,"url":"https:\/\/nordnesrepublikken.no\/wp-content\/uploads\/2025\/06\/1749480593_som-ble-designet-av-Gaudi-og-hva-som-er-inni.jpg","type":"image\/jpeg"}],"author":"Ole Andersen","twitter_card":"summary_large_image","twitter_misc":{"Skrevet av":"Ole Andersen","Ansl. lesetid":"5 minutter"},"schema":{"@context":"https:\/\/schema.org","@graph":[{"@type":"Article","@id":"https:\/\/nordnesrepublikken.no\/index.php\/2025\/06\/09\/som-ble-designet-av-gaudi-og-hva-som-er-inni\/#article","isPartOf":{"@id":"https:\/\/nordnesrepublikken.no\/index.php\/2025\/06\/09\/som-ble-designet-av-gaudi-og-hva-som-er-inni\/"},"author":{"name":"Ole Andersen","@id":"https:\/\/nordnesrepublikken.no\/#\/schema\/person\/2e7e81935bab77882fffb79296240ff1"},"headline":"som ble designet av Gaud\u00ec og hva som er inni","datePublished":"2025-06-09T14:49:52+00:00","dateModified":"2025-06-09T14:49:59+00:00","mainEntityOfPage":{"@id":"https:\/\/nordnesrepublikken.no\/index.php\/2025\/06\/09\/som-ble-designet-av-gaudi-og-hva-som-er-inni\/"},"wordCount":1001,"publisher":{"@id":"https:\/\/nordnesrepublikken.no\/#organization"},"image":{"@id":"https:\/\/nordnesrepublikken.no\/index.php\/2025\/06\/09\/som-ble-designet-av-gaudi-og-hva-som-er-inni\/#primaryimage"},"thumbnailUrl":"https:\/\/nordnesrepublikken.no\/wp-content\/uploads\/2025\/06\/1749480593_som-ble-designet-av-Gaudi-og-hva-som-er-inni.jpg","keywords":["ble","designet","Gaud\u00ec","Hva","inni","som"],"articleSection":["Vitenskap"],"inLanguage":"nb-NO"},{"@type":"WebPage","@id":"https:\/\/nordnesrepublikken.no\/index.php\/2025\/06\/09\/som-ble-designet-av-gaudi-og-hva-som-er-inni\/","url":"https:\/\/nordnesrepublikken.no\/index.php\/2025\/06\/09\/som-ble-designet-av-gaudi-og-hva-som-er-inni\/","name":"som ble designet av Gaud\u00ec og hva som er inni - Nordnesrepublikken","isPartOf":{"@id":"https:\/\/nordnesrepublikken.no\/#website"},"primaryImageOfPage":{"@id":"https:\/\/nordnesrepublikken.no\/index.php\/2025\/06\/09\/som-ble-designet-av-gaudi-og-hva-som-er-inni\/#primaryimage"},"image":{"@id":"https:\/\/nordnesrepublikken.no\/index.php\/2025\/06\/09\/som-ble-designet-av-gaudi-og-hva-som-er-inni\/#primaryimage"},"thumbnailUrl":"https:\/\/nordnesrepublikken.no\/wp-content\/uploads\/2025\/06\/1749480593_som-ble-designet-av-Gaudi-og-hva-som-er-inni.jpg","datePublished":"2025-06-09T14:49:52+00:00","dateModified":"2025-06-09T14:49:59+00:00","breadcrumb":{"@id":"https:\/\/nordnesrepublikken.no\/index.php\/2025\/06\/09\/som-ble-designet-av-gaudi-og-hva-som-er-inni\/#breadcrumb"},"inLanguage":"nb-NO","potentialAction":[{"@type":"ReadAction","target":["https:\/\/nordnesrepublikken.no\/index.php\/2025\/06\/09\/som-ble-designet-av-gaudi-og-hva-som-er-inni\/"]}]},{"@type":"ImageObject","inLanguage":"nb-NO","@id":"https:\/\/nordnesrepublikken.no\/index.php\/2025\/06\/09\/som-ble-designet-av-gaudi-og-hva-som-er-inni\/#primaryimage","url":"https:\/\/nordnesrepublikken.no\/wp-content\/uploads\/2025\/06\/1749480593_som-ble-designet-av-Gaudi-og-hva-som-er-inni.jpg","contentUrl":"https:\/\/nordnesrepublikken.no\/wp-content\/uploads\/2025\/06\/1749480593_som-ble-designet-av-Gaudi-og-hva-som-er-inni.jpg","width":2549,"height":1491,"caption":"Immagine"},{"@type":"BreadcrumbList","@id":"https:\/\/nordnesrepublikken.no\/index.php\/2025\/06\/09\/som-ble-designet-av-gaudi-og-hva-som-er-inni\/#breadcrumb","itemListElement":[{"@type":"ListItem","position":1,"name":"Home","item":"https:\/\/nordnesrepublikken.no\/"},{"@type":"ListItem","position":2,"name":"som ble designet av Gaud\u00ec og hva som er inni"}]},{"@type":"WebSite","@id":"https:\/\/nordnesrepublikken.no\/#website","url":"https:\/\/nordnesrepublikken.no\/","name":"Nordnesrepublikken","description":"Stemmer og Visjoner fra Republikkens Hjerte","publisher":{"@id":"https:\/\/nordnesrepublikken.no\/#organization"},"potentialAction":[{"@type":"SearchAction","target":{"@type":"EntryPoint","urlTemplate":"https:\/\/nordnesrepublikken.no\/?s={search_term_string}"},"query-input":{"@type":"PropertyValueSpecification","valueRequired":true,"valueName":"search_term_string"}}],"inLanguage":"nb-NO"},{"@type":"Organization","@id":"https:\/\/nordnesrepublikken.no\/#organization","name":"Nordnesrepublikken","url":"https:\/\/nordnesrepublikken.no\/","logo":{"@type":"ImageObject","inLanguage":"nb-NO","@id":"https:\/\/nordnesrepublikken.no\/#\/schema\/logo\/image\/","url":"https:\/\/nordnesrepublikken.no\/wp-content\/uploads\/2025\/02\/cropped-nordnesrepublikken-2.png","contentUrl":"https:\/\/nordnesrepublikken.no\/wp-content\/uploads\/2025\/02\/cropped-nordnesrepublikken-2.png","width":1248,"height":362,"caption":"Nordnesrepublikken"},"image":{"@id":"https:\/\/nordnesrepublikken.no\/#\/schema\/logo\/image\/"}},{"@type":"Person","@id":"https:\/\/nordnesrepublikken.no\/#\/schema\/person\/2e7e81935bab77882fffb79296240ff1","name":"Ole Andersen","image":{"@type":"ImageObject","inLanguage":"nb-NO","@id":"https:\/\/nordnesrepublikken.no\/#\/schema\/person\/image\/","url":"https:\/\/nordnesrepublikken.no\/wp-content\/uploads\/2025\/02\/nordnesrepublikken-2-2-150x150.jpg","contentUrl":"https:\/\/nordnesrepublikken.no\/wp-content\/uploads\/2025\/02\/nordnesrepublikken-2-2-150x150.jpg","caption":"Ole Andersen"},"description":"Ettersom jeg vokste opp i Oslo, har jeg alltid v\u00e6rt fascinert av ordenes kraft og deres evne til \u00e5 skape endringer. Etter \u00e5 ha fullf\u00f8rt min utdannelse i kommunikasjon ved Universitetet i Bergen, fikk jeg muligheten til \u00e5 jobbe innen ulike medier, der jeg har s\u00f8kt \u00e5 belyse viktige samfunnssp\u00f8rsm\u00e5l. I dag, som redakt\u00f8r for Nordnesrepublikken, pr\u00f8ver jeg \u00e5 forene min kj\u00e6rlighet for journalistikk med min lidenskap for innovasjon og eventyr.","sameAs":["https:\/\/nordnesrepublikken.no\/"]}]}},"_links":{"self":[{"href":"https:\/\/nordnesrepublikken.no\/index.php\/wp-json\/wp\/v2\/posts\/5572","targetHints":{"allow":["GET"]}}],"collection":[{"href":"https:\/\/nordnesrepublikken.no\/index.php\/wp-json\/wp\/v2\/posts"}],"about":[{"href":"https:\/\/nordnesrepublikken.no\/index.php\/wp-json\/wp\/v2\/types\/post"}],"author":[{"embeddable":true,"href":"https:\/\/nordnesrepublikken.no\/index.php\/wp-json\/wp\/v2\/users\/1"}],"replies":[{"embeddable":true,"href":"https:\/\/nordnesrepublikken.no\/index.php\/wp-json\/wp\/v2\/comments?post=5572"}],"version-history":[{"count":1,"href":"https:\/\/nordnesrepublikken.no\/index.php\/wp-json\/wp\/v2\/posts\/5572\/revisions"}],"predecessor-version":[{"id":5574,"href":"https:\/\/nordnesrepublikken.no\/index.php\/wp-json\/wp\/v2\/posts\/5572\/revisions\/5574"}],"wp:featuredmedia":[{"embeddable":true,"href":"https:\/\/nordnesrepublikken.no\/index.php\/wp-json\/wp\/v2\/media\/5573"}],"wp:attachment":[{"href":"https:\/\/nordnesrepublikken.no\/index.php\/wp-json\/wp\/v2\/media?parent=5572"}],"wp:term":[{"taxonomy":"category","embeddable":true,"href":"https:\/\/nordnesrepublikken.no\/index.php\/wp-json\/wp\/v2\/categories?post=5572"},{"taxonomy":"post_tag","embeddable":true,"href":"https:\/\/nordnesrepublikken.no\/index.php\/wp-json\/wp\/v2\/tags?post=5572"}],"curies":[{"name":"wp","href":"https:\/\/api.w.org\/{rel}","templated":true}]}}