{"id":5569,"date":"2025-06-09T15:50:03","date_gmt":"2025-06-09T13:50:03","guid":{"rendered":"https:\/\/nordnesrepublikken.no\/index.php\/2025\/06\/09\/hva-sier-fns-konvensjon-pa-havets-rett\/"},"modified":"2025-06-09T15:50:05","modified_gmt":"2025-06-09T13:50:05","slug":"hva-sier-fns-konvensjon-pa-havets-rett","status":"publish","type":"post","link":"https:\/\/nordnesrepublikken.no\/index.php\/2025\/06\/09\/hva-sier-fns-konvensjon-pa-havets-rett\/","title":{"rendered":"Hva sier FNs konvensjon p\u00e5 havets rett"},"content":{"rendered":"<div>\n<div class=\"cp_wrapper cp_wrapper--fw mb-30 mb-20@tablet\">\n<figure class=\"mm\"><picture class=\"img\" style=\"padding-top:56.25%\"><source  media=\"(min-width: 1024px)\"><source  media=\"(min-width: 768px)\"><\/source><\/source><\/picture><\/figure>\n<\/p><\/div>\n<p>Den israelske marinen avskj\u00e6rte og angrep skipet <strong>Madleen<\/strong>en b\u00e5t administrert av organisasjonen <strong>Freedom Flotilla Coalition<\/strong> Og startet 1. juni fra havnen i Catania til Gazastripen med sikte p\u00e5 \u00e5 levere den palestinske befolkningen av mat og andre viktige varer.<\/p>\n<p>Om natten mellom s\u00f8ndag og mandag var faktisk skipet <strong>blokkert og kapret<\/strong> fra israelske milit\u00e6re styrker til havnen i <strong>Ashdod<\/strong>en israelsk kystby: I f\u00f8lge det som er rapportert av Freedom Flotilla Coalition, grenser Israels grenser til internasjonale farvann, i et punkt nord for den egyptiske kysten.<\/p>\n<p>Skipet pr\u00f8vde \u00e5 bryte marineblokken p\u00e5lagt av Israel p\u00e5 Gazastripen i kraft fra <strong>9. oktober 2023<\/strong>to dager etter angrepene 7. oktober gjort av Hamas: om bord er b\u00e5ten til stede <strong>12 aktivister totalt<\/strong>inkludert svensk <strong>Greta Thunberg<\/strong> Og <strong>Rim Hassan<\/strong>et fransk europamesterskap av palestinsk opprinnelse.<\/p>\n<p>I f\u00f8lge det som ble rapportert av FFC, grep &laquo;den israelske h\u00e6ren skipet, med mannskapet som ble kidnappet av israelske styrker&raquo;. Det israelske utenriksdepartementet har i stedet publisert en video der det viser aktivister mens de er utstyrt med sm\u00f8rbr\u00f8d og vann, og venter p\u00e5 \u00e5 lande p\u00e5 de israelske kystene og deretter bli repatriert mot sine opprinnelsesland. Myndighetene spesifiserte da at tilgangen til det maritime omr\u00e5det i Costa di Gaza er forbudt p\u00e5 grunn av marineblokken: b\u00e5ten var imidlertid ikke i det omr\u00e5det, men var fremdeles i internasjonalt farvann.<\/p>\n<p>Men er det internasjonale avtaler som regulerer havets rett? Ja. I dette tilfellet er den internasjonale traktaten som kan brukes <strong>FNs havkonvensjon om loven<\/strong>ogs\u00e5 kjent som <strong>Montego Bay Convention<\/strong>.<\/p>\n<blockquote>\n<p><strong>Oppmerksomhet:<\/strong> Det israelsk-palestinske sp\u00f8rsm\u00e5let er ekstremt sammensatt og delikat, og vi er klar over at alle typer synteserisikoer utelater informasjon; Derfor m\u00e5 denne artikkelen sees i settet med innhold som vi har foresl\u00e5tt, og som vi snart vil foresl\u00e5. Vi inviterer deg derfor til ikke \u00e5 miste dem: du kan finne alt i kategorien Israel-Palestine krig p\u00e5 nettstedet v\u00e5rt. Vet at v\u00e5rt form\u00e5l er \u00e5 f\u00e5 den geopolitiske situasjonen til \u00e5 forst\u00e5 med den st\u00f8rste n\u00f8ytralitet og stimulere interessen for ytterligere innsikt.<\/p>\n<\/blockquote>\n<h2>Angrepet p\u00e5 frihetsflotilla av Israel: Hva skjedde<\/h2>\n<p>VEVENE av Freedom Flotilla -koalisjonen, 18 meter lang, seilte 1. juni fra havnen i Catania med Gazastripen: skipet fraktet beskjedne mengder av <strong>mat og essensielle varer beregnet p\u00e5 den palestinske befolkningen<\/strong>som har lidd av en alvorlig matkrise i flere m\u00e5neder. Mellom mars og mai blokkerte faktisk Israel inngangene til mat, medisiner eller drivstoff i Gazastripen. For \u00f8yeblikket har noen leveranser delvis deltatt, men i helt utilstrekkelige mengder for befolkningen og under den eksklusive styringen av Gaza Humanitarian Foundation (GHF), en organisasjon opprettet av Israel og nettopp av denne grunn beskyldte han for \u00e5 v\u00e6re et annet verkt\u00f8y i hendene p\u00e5 den israelske staten.<\/p>\n<p>De israelske myndighetene anklaget aktivister for \u00e5 ha utnyttet en dramatisk situasjon utelukkende for \u00e5 annonsere: den israelske forsvarsministeren <strong>Israel Katz, <\/strong>blant annet bestilte han <strong>Idf<\/strong> (De israelske forsvarsstyrkene) for \u00e5 overf\u00f8re videoen av angrepene p\u00e5 skipet 7. oktober. &laquo;Det er riktig at den anti -semittiske Greta Thunberg og hans st\u00f8ttende venner av Hamas ser n\u00f8yaktig hva Hamas -terrororganisasjonen er, den som kom til \u00e5 st\u00f8tte og p\u00e5 vegne som de handler, og grusomhetene som han begikk mot kvinner, eldre og barn, og mot Israel kjemper for \u00e5 forsvare seg,&raquo; sa Katz.<\/p>\n<p>Freedom Flotilla -koalisjonen bestred i stedet den israelske versjonen og anklaget myndighetene for <strong>&laquo;Kidnapping&raquo;<\/strong> Etter kommunikasjonen med Madleen -skipet gikk tapt. Organisasjonen sa at skipet ble angrepet <strong>&laquo;I internasjonalt farvann&raquo;<\/strong>med de israelske styrkene som ville bruke flere droner til \u00e5 spraye a <strong>&laquo;Hvit irriterende stoff&raquo;<\/strong> f\u00f8r du klatrer om bord. I det \u00f8yeblikket fant aktiveringen av alarmer og utarbeidelse av redningsjakkene sted.<\/p>\n<p>Blant annet er det ikke f\u00f8rste gang Freedom Flotilla Coalition pr\u00f8ver \u00e5 n\u00e5 Gaza for humanit\u00e6re form\u00e5l: allerede <strong>I mai i fjor var det et f\u00f8rste fors\u00f8k<\/strong>Men skipet hadde blitt angrepet av Malta av en drone, hvis opprinnelse ikke ble formelt konstatert. Ogs\u00e5 i dette tilfellet var b\u00e5ten i internasjonale farvann, med dronene som hadde for\u00e5rsaket brann og alvorlig skade p\u00e5 skipets skrog.<\/p>\n<h2><strong>International Sea Law: Freedom on the High Seas and Passage <\/strong>harml\u00f8s<\/h2>\n<p>Men hva sier folkeretten i denne forbindelse? I <strong>1982<\/strong> Det internasjonale samfunnet har skapt en avtale som regulerer statens oppf\u00f8rsel i havet: det er <strong>Un Convention on Sea Law (UNCLOS)<\/strong>ogs\u00e5 kjent som Montego Bay Convention.<\/p>\n<p>Spesifikt skiller denne traktaten mellom territoriale farvann, som strekker seg opp til <strong>12 miles fra kysten<\/strong> og utsatt for suvereniteten til en stat (og derfor betraktet som en del av dets territorium), og det h\u00f8ye havet, dvs. internasjonale farvann, som ingen stat har eksklusiv kompetanse, men det er et samarbeid og samarbeid mellom statene.<\/p>\n<p>Noen av de grunnleggende prinsippene som regulerer det h\u00f8ye havet er inneholdt i artiklene 87, 88 og 89:<\/p>\n<blockquote>\n<p><strong>Artikkel 87<\/strong>: H\u00f8yt hav er \u00e5pent for alle stater, b\u00e5de kyst og kyst. Friheten til \u00f8vre hav ut\u00f8ves i henhold til forholdene som er sanksjonert av denne konvensjonen og av andre folkerettsregler. (&#8230;)<\/p>\n<\/blockquote>\n<blockquote>\n<p><strong>Artikkel 88<\/strong>: Det h\u00f8ye havet m\u00e5 brukes utelukkende til fredelige form\u00e5l.<\/p>\n<\/blockquote>\n<blockquote>\n<p><strong>Artikkel 89: <\/strong>Ingen stat kan legitimt hevde \u00e5 underlegge noen del av det h\u00f8ye havet for dets suverenitet.<\/p>\n<\/blockquote>\n<p>N\u00e5r det gjelder Israels angrep p\u00e5 FFC -skipet, m\u00e5 det spesifiseres at Madleen ikke er en milit\u00e6rb\u00e5t, men tvert imot har den en <strong>rent humanit\u00e6rt form\u00e5l<\/strong>. I praksis er derfor hans tiln\u00e6rming til Gazastripen <strong>Det innebar ingen fare for Israels sikkerhet eller sikkerhet<\/strong>ikke \u00e5 v\u00e6re til stede ombord v\u00e5pen og etter \u00e5 ha blitt spesifisert av aktivister om at det eneste m\u00e5let var \u00e5 bringe mat og eiendeler til den h\u00f8yeste n\u00f8dvendigheten til den palestinske befolkningen.<\/p>\n<p>Skipet ble da til og med funnet i internasjonale farvann, som Israel derfor ikke kunne kreve noen form for suverenitet.<\/p>\n<p>Montego Bay -stevnet anerkjenner blant annet til og med &laquo;retten til ufarlig passasje&raquo; i det territoriale vannet i en stat av et utenlandsk skip:<\/p>\n<blockquote>\n<p><strong>Artikkel 17<\/strong>: Under betingelsene for dette stevnet, kan skipene til alle stater, kyst eller uten kyst nyte retten til ufarlig passasje gjennom det territoriale havet.<\/p>\n<\/blockquote>\n<blockquote>\n<p><strong>Artikkel 19<\/strong>: Passasjen er ufarlig s\u00e5 lenge den ikke for\u00e5rsaker fordommer til fred, god orden og sikkerhet i kyststaten. (&#8230;).<\/p>\n<\/blockquote>\n<p>Nett av marineblokken opprettet av Israel, derfor kunne Madleen -skipet ha n\u00e5dd Gazastripen uten \u00e5 krenke den folkeretten av havet: \u00e5 v\u00e6re uten v\u00e5pen, milit\u00e6re form\u00e5l av noe slag og ikke ha til hensikt \u00e5 undergrave eksistensen og sikkerheten til staten Israel, dens passasje kunne ha blitt katalogisert som en en <strong>skadelig passasje<\/strong>.<\/p>\n<p>I alle fall var FFC -b\u00e5ten verken innenfor det territoriale vannet, <strong>Og han krenket enn\u00e5 ikke marineblokken<\/strong> P\u00e5lagt Gazastripen, som faktisk formidler inngangen eller utkj\u00f8rselen til ethvert skip fra havnen som er involvert i blokaden.<\/p>\n<p>Men i m\u00f8te med angrepet av israelske styrker, hvem er kompetent til \u00e5 gripe inn? La Madleen <strong>Jeg er britisk flagg<\/strong>: Dette betyr at b\u00e5ten regnes som en del av det britiske territoriet. Med andre ord, et mulig angrep p\u00e5 et britisk skip kan betraktes som et direkte angrep p\u00e5 Storbritannias territorium. Ombord p\u00e5 skipet er det borgere av forskjellige deler av verden: I dette tilfellet ville opprinnelseslandene ogs\u00e5 v\u00e6re kompetente til \u00e5 gripe inn og v\u00e6re borgere under deres jurisdiksjon.<\/p>\n<p>Generelt sett, siden det er et potensielt brudd p\u00e5 folkeretten, ville den viktigste organisasjonen som har ansvar for \u00e5 gripe inn v\u00e6re FN.<\/p>\n<p>Hovedproblemet med FN ligger i dets sammensetning: det eneste organet som kan gripe inn med et bindende (og derfor obligatorisk) tiltak for \u00e5 stoppe Israel er <strong>Sikkerhetsr\u00e5d<\/strong>sammensatt av 5 faste medlemmer (USA, Storbritannia, Frankrike, Kina og Russland) som nyter vetoens rett, som de kan blokkere enhver type oppl\u00f8sning. Som allerede skjedde ved tidligere anledninger, er det mulig at i tilfelle av et inngrep fra sikkerhetsr\u00e5det, p\u00e5legger USA deres veto for \u00e5 forhindre FN -sanksjonene fra den israelske regjeringen.<\/p>\n<\/p><\/div>\n","protected":false},"excerpt":{"rendered":"<p>Den israelske marinen avskj\u00e6rte og angrep skipet Madleenen b\u00e5t administrert av organisasjonen Freedom Flotilla Coalition<\/p>\n","protected":false},"author":1,"featured_media":5570,"comment_status":"closed","ping_status":"open","sticky":false,"template":"","format":"standard","meta":{"footnotes":""},"categories":[23],"tags":[3359,3361,144,3360,81,3362,752],"class_list":["post-5569","post","type-post","status-publish","format-standard","has-post-thumbnail","hentry","category-politikk","tag-fns","tag-havets","tag-hva","tag-konvensjon","tag-pa","tag-rett","tag-sier","generate-columns","tablet-grid-50","mobile-grid-100","grid-parent","grid-33","resize-featured-image"],"yoast_head":"<!-- This site is optimized with the Yoast SEO plugin v24.4 - https:\/\/yoast.com\/wordpress\/plugins\/seo\/ -->\n<title>Hva sier FNs konvensjon p\u00e5 havets rett - Nordnesrepublikken<\/title>\n<meta name=\"robots\" content=\"index, follow, max-snippet:-1, max-image-preview:large, max-video-preview:-1\" \/>\n<link rel=\"canonical\" href=\"https:\/\/nordnesrepublikken.no\/index.php\/2025\/06\/09\/hva-sier-fns-konvensjon-pa-havets-rett\/\" \/>\n<meta property=\"og:locale\" content=\"nb_NO\" \/>\n<meta property=\"og:type\" content=\"article\" \/>\n<meta property=\"og:title\" content=\"Hva sier FNs konvensjon p\u00e5 havets rett - Nordnesrepublikken\" \/>\n<meta property=\"og:description\" content=\"Den israelske marinen avskj\u00e6rte og angrep skipet Madleenen b\u00e5t administrert av organisasjonen Freedom Flotilla Coalition\" \/>\n<meta property=\"og:url\" content=\"https:\/\/nordnesrepublikken.no\/index.php\/2025\/06\/09\/hva-sier-fns-konvensjon-pa-havets-rett\/\" \/>\n<meta property=\"og:site_name\" content=\"Nordnesrepublikken\" \/>\n<meta property=\"article:published_time\" content=\"2025-06-09T13:50:03+00:00\" \/>\n<meta property=\"article:modified_time\" content=\"2025-06-09T13:50:05+00:00\" \/>\n<meta property=\"og:image\" content=\"https:\/\/nordnesrepublikken.no\/wp-content\/uploads\/2025\/06\/1749477004_Hva-sier-FNs-konvensjon-pa-havets-rett.jpg\" \/>\n\t<meta property=\"og:image:width\" content=\"1812\" \/>\n\t<meta property=\"og:image:height\" content=\"1020\" \/>\n\t<meta property=\"og:image:type\" content=\"image\/jpeg\" \/>\n<meta name=\"author\" content=\"Ole Andersen\" \/>\n<meta name=\"twitter:card\" content=\"summary_large_image\" \/>\n<meta name=\"twitter:label1\" content=\"Skrevet av\" \/>\n\t<meta name=\"twitter:data1\" content=\"Ole Andersen\" \/>\n\t<meta name=\"twitter:label2\" content=\"Ansl. lesetid\" \/>\n\t<meta name=\"twitter:data2\" content=\"7 minutter\" \/>\n<script type=\"application\/ld+json\" class=\"yoast-schema-graph\">{\"@context\":\"https:\/\/schema.org\",\"@graph\":[{\"@type\":\"Article\",\"@id\":\"https:\/\/nordnesrepublikken.no\/index.php\/2025\/06\/09\/hva-sier-fns-konvensjon-pa-havets-rett\/#article\",\"isPartOf\":{\"@id\":\"https:\/\/nordnesrepublikken.no\/index.php\/2025\/06\/09\/hva-sier-fns-konvensjon-pa-havets-rett\/\"},\"author\":{\"name\":\"Ole Andersen\",\"@id\":\"https:\/\/nordnesrepublikken.no\/#\/schema\/person\/2e7e81935bab77882fffb79296240ff1\"},\"headline\":\"Hva sier FNs konvensjon p\u00e5 havets rett\",\"datePublished\":\"2025-06-09T13:50:03+00:00\",\"dateModified\":\"2025-06-09T13:50:05+00:00\",\"mainEntityOfPage\":{\"@id\":\"https:\/\/nordnesrepublikken.no\/index.php\/2025\/06\/09\/hva-sier-fns-konvensjon-pa-havets-rett\/\"},\"wordCount\":1313,\"publisher\":{\"@id\":\"https:\/\/nordnesrepublikken.no\/#organization\"},\"image\":{\"@id\":\"https:\/\/nordnesrepublikken.no\/index.php\/2025\/06\/09\/hva-sier-fns-konvensjon-pa-havets-rett\/#primaryimage\"},\"thumbnailUrl\":\"https:\/\/nordnesrepublikken.no\/wp-content\/uploads\/2025\/06\/1749477004_Hva-sier-FNs-konvensjon-pa-havets-rett.jpg\",\"keywords\":[\"FNs\",\"havets\",\"Hva\",\"konvensjon\",\"p\u00e5\",\"rett\",\"sier\"],\"articleSection\":[\"Politikk\"],\"inLanguage\":\"nb-NO\"},{\"@type\":\"WebPage\",\"@id\":\"https:\/\/nordnesrepublikken.no\/index.php\/2025\/06\/09\/hva-sier-fns-konvensjon-pa-havets-rett\/\",\"url\":\"https:\/\/nordnesrepublikken.no\/index.php\/2025\/06\/09\/hva-sier-fns-konvensjon-pa-havets-rett\/\",\"name\":\"Hva sier FNs konvensjon p\u00e5 havets rett - Nordnesrepublikken\",\"isPartOf\":{\"@id\":\"https:\/\/nordnesrepublikken.no\/#website\"},\"primaryImageOfPage\":{\"@id\":\"https:\/\/nordnesrepublikken.no\/index.php\/2025\/06\/09\/hva-sier-fns-konvensjon-pa-havets-rett\/#primaryimage\"},\"image\":{\"@id\":\"https:\/\/nordnesrepublikken.no\/index.php\/2025\/06\/09\/hva-sier-fns-konvensjon-pa-havets-rett\/#primaryimage\"},\"thumbnailUrl\":\"https:\/\/nordnesrepublikken.no\/wp-content\/uploads\/2025\/06\/1749477004_Hva-sier-FNs-konvensjon-pa-havets-rett.jpg\",\"datePublished\":\"2025-06-09T13:50:03+00:00\",\"dateModified\":\"2025-06-09T13:50:05+00:00\",\"breadcrumb\":{\"@id\":\"https:\/\/nordnesrepublikken.no\/index.php\/2025\/06\/09\/hva-sier-fns-konvensjon-pa-havets-rett\/#breadcrumb\"},\"inLanguage\":\"nb-NO\",\"potentialAction\":[{\"@type\":\"ReadAction\",\"target\":[\"https:\/\/nordnesrepublikken.no\/index.php\/2025\/06\/09\/hva-sier-fns-konvensjon-pa-havets-rett\/\"]}]},{\"@type\":\"ImageObject\",\"inLanguage\":\"nb-NO\",\"@id\":\"https:\/\/nordnesrepublikken.no\/index.php\/2025\/06\/09\/hva-sier-fns-konvensjon-pa-havets-rett\/#primaryimage\",\"url\":\"https:\/\/nordnesrepublikken.no\/wp-content\/uploads\/2025\/06\/1749477004_Hva-sier-FNs-konvensjon-pa-havets-rett.jpg\",\"contentUrl\":\"https:\/\/nordnesrepublikken.no\/wp-content\/uploads\/2025\/06\/1749477004_Hva-sier-FNs-konvensjon-pa-havets-rett.jpg\",\"width\":1812,\"height\":1020,\"caption\":\"freedom flotilla coalition\"},{\"@type\":\"BreadcrumbList\",\"@id\":\"https:\/\/nordnesrepublikken.no\/index.php\/2025\/06\/09\/hva-sier-fns-konvensjon-pa-havets-rett\/#breadcrumb\",\"itemListElement\":[{\"@type\":\"ListItem\",\"position\":1,\"name\":\"Home\",\"item\":\"https:\/\/nordnesrepublikken.no\/\"},{\"@type\":\"ListItem\",\"position\":2,\"name\":\"Hva sier FNs konvensjon p\u00e5 havets rett\"}]},{\"@type\":\"WebSite\",\"@id\":\"https:\/\/nordnesrepublikken.no\/#website\",\"url\":\"https:\/\/nordnesrepublikken.no\/\",\"name\":\"Nordnesrepublikken\",\"description\":\"Stemmer og Visjoner fra Republikkens Hjerte\",\"publisher\":{\"@id\":\"https:\/\/nordnesrepublikken.no\/#organization\"},\"potentialAction\":[{\"@type\":\"SearchAction\",\"target\":{\"@type\":\"EntryPoint\",\"urlTemplate\":\"https:\/\/nordnesrepublikken.no\/?s={search_term_string}\"},\"query-input\":{\"@type\":\"PropertyValueSpecification\",\"valueRequired\":true,\"valueName\":\"search_term_string\"}}],\"inLanguage\":\"nb-NO\"},{\"@type\":\"Organization\",\"@id\":\"https:\/\/nordnesrepublikken.no\/#organization\",\"name\":\"Nordnesrepublikken\",\"url\":\"https:\/\/nordnesrepublikken.no\/\",\"logo\":{\"@type\":\"ImageObject\",\"inLanguage\":\"nb-NO\",\"@id\":\"https:\/\/nordnesrepublikken.no\/#\/schema\/logo\/image\/\",\"url\":\"https:\/\/nordnesrepublikken.no\/wp-content\/uploads\/2025\/02\/cropped-nordnesrepublikken-2.png\",\"contentUrl\":\"https:\/\/nordnesrepublikken.no\/wp-content\/uploads\/2025\/02\/cropped-nordnesrepublikken-2.png\",\"width\":1248,\"height\":362,\"caption\":\"Nordnesrepublikken\"},\"image\":{\"@id\":\"https:\/\/nordnesrepublikken.no\/#\/schema\/logo\/image\/\"}},{\"@type\":\"Person\",\"@id\":\"https:\/\/nordnesrepublikken.no\/#\/schema\/person\/2e7e81935bab77882fffb79296240ff1\",\"name\":\"Ole Andersen\",\"image\":{\"@type\":\"ImageObject\",\"inLanguage\":\"nb-NO\",\"@id\":\"https:\/\/nordnesrepublikken.no\/#\/schema\/person\/image\/\",\"url\":\"https:\/\/nordnesrepublikken.no\/wp-content\/uploads\/2025\/02\/nordnesrepublikken-2-2-150x150.jpg\",\"contentUrl\":\"https:\/\/nordnesrepublikken.no\/wp-content\/uploads\/2025\/02\/nordnesrepublikken-2-2-150x150.jpg\",\"caption\":\"Ole Andersen\"},\"description\":\"Ettersom jeg vokste opp i Oslo, har jeg alltid v\u00e6rt fascinert av ordenes kraft og deres evne til \u00e5 skape endringer. Etter \u00e5 ha fullf\u00f8rt min utdannelse i kommunikasjon ved Universitetet i Bergen, fikk jeg muligheten til \u00e5 jobbe innen ulike medier, der jeg har s\u00f8kt \u00e5 belyse viktige samfunnssp\u00f8rsm\u00e5l. I dag, som redakt\u00f8r for Nordnesrepublikken, pr\u00f8ver jeg \u00e5 forene min kj\u00e6rlighet for journalistikk med min lidenskap for innovasjon og eventyr.\",\"sameAs\":[\"https:\/\/nordnesrepublikken.no\/\"]}]}<\/script>\n<!-- \/ Yoast SEO plugin. -->","yoast_head_json":{"title":"Hva sier FNs konvensjon p\u00e5 havets rett - Nordnesrepublikken","robots":{"index":"index","follow":"follow","max-snippet":"max-snippet:-1","max-image-preview":"max-image-preview:large","max-video-preview":"max-video-preview:-1"},"canonical":"https:\/\/nordnesrepublikken.no\/index.php\/2025\/06\/09\/hva-sier-fns-konvensjon-pa-havets-rett\/","og_locale":"nb_NO","og_type":"article","og_title":"Hva sier FNs konvensjon p\u00e5 havets rett - Nordnesrepublikken","og_description":"Den israelske marinen avskj\u00e6rte og angrep skipet Madleenen b\u00e5t administrert av organisasjonen Freedom Flotilla Coalition","og_url":"https:\/\/nordnesrepublikken.no\/index.php\/2025\/06\/09\/hva-sier-fns-konvensjon-pa-havets-rett\/","og_site_name":"Nordnesrepublikken","article_published_time":"2025-06-09T13:50:03+00:00","article_modified_time":"2025-06-09T13:50:05+00:00","og_image":[{"width":1812,"height":1020,"url":"https:\/\/nordnesrepublikken.no\/wp-content\/uploads\/2025\/06\/1749477004_Hva-sier-FNs-konvensjon-pa-havets-rett.jpg","type":"image\/jpeg"}],"author":"Ole Andersen","twitter_card":"summary_large_image","twitter_misc":{"Skrevet av":"Ole Andersen","Ansl. lesetid":"7 minutter"},"schema":{"@context":"https:\/\/schema.org","@graph":[{"@type":"Article","@id":"https:\/\/nordnesrepublikken.no\/index.php\/2025\/06\/09\/hva-sier-fns-konvensjon-pa-havets-rett\/#article","isPartOf":{"@id":"https:\/\/nordnesrepublikken.no\/index.php\/2025\/06\/09\/hva-sier-fns-konvensjon-pa-havets-rett\/"},"author":{"name":"Ole Andersen","@id":"https:\/\/nordnesrepublikken.no\/#\/schema\/person\/2e7e81935bab77882fffb79296240ff1"},"headline":"Hva sier FNs konvensjon p\u00e5 havets rett","datePublished":"2025-06-09T13:50:03+00:00","dateModified":"2025-06-09T13:50:05+00:00","mainEntityOfPage":{"@id":"https:\/\/nordnesrepublikken.no\/index.php\/2025\/06\/09\/hva-sier-fns-konvensjon-pa-havets-rett\/"},"wordCount":1313,"publisher":{"@id":"https:\/\/nordnesrepublikken.no\/#organization"},"image":{"@id":"https:\/\/nordnesrepublikken.no\/index.php\/2025\/06\/09\/hva-sier-fns-konvensjon-pa-havets-rett\/#primaryimage"},"thumbnailUrl":"https:\/\/nordnesrepublikken.no\/wp-content\/uploads\/2025\/06\/1749477004_Hva-sier-FNs-konvensjon-pa-havets-rett.jpg","keywords":["FNs","havets","Hva","konvensjon","p\u00e5","rett","sier"],"articleSection":["Politikk"],"inLanguage":"nb-NO"},{"@type":"WebPage","@id":"https:\/\/nordnesrepublikken.no\/index.php\/2025\/06\/09\/hva-sier-fns-konvensjon-pa-havets-rett\/","url":"https:\/\/nordnesrepublikken.no\/index.php\/2025\/06\/09\/hva-sier-fns-konvensjon-pa-havets-rett\/","name":"Hva sier FNs konvensjon p\u00e5 havets rett - Nordnesrepublikken","isPartOf":{"@id":"https:\/\/nordnesrepublikken.no\/#website"},"primaryImageOfPage":{"@id":"https:\/\/nordnesrepublikken.no\/index.php\/2025\/06\/09\/hva-sier-fns-konvensjon-pa-havets-rett\/#primaryimage"},"image":{"@id":"https:\/\/nordnesrepublikken.no\/index.php\/2025\/06\/09\/hva-sier-fns-konvensjon-pa-havets-rett\/#primaryimage"},"thumbnailUrl":"https:\/\/nordnesrepublikken.no\/wp-content\/uploads\/2025\/06\/1749477004_Hva-sier-FNs-konvensjon-pa-havets-rett.jpg","datePublished":"2025-06-09T13:50:03+00:00","dateModified":"2025-06-09T13:50:05+00:00","breadcrumb":{"@id":"https:\/\/nordnesrepublikken.no\/index.php\/2025\/06\/09\/hva-sier-fns-konvensjon-pa-havets-rett\/#breadcrumb"},"inLanguage":"nb-NO","potentialAction":[{"@type":"ReadAction","target":["https:\/\/nordnesrepublikken.no\/index.php\/2025\/06\/09\/hva-sier-fns-konvensjon-pa-havets-rett\/"]}]},{"@type":"ImageObject","inLanguage":"nb-NO","@id":"https:\/\/nordnesrepublikken.no\/index.php\/2025\/06\/09\/hva-sier-fns-konvensjon-pa-havets-rett\/#primaryimage","url":"https:\/\/nordnesrepublikken.no\/wp-content\/uploads\/2025\/06\/1749477004_Hva-sier-FNs-konvensjon-pa-havets-rett.jpg","contentUrl":"https:\/\/nordnesrepublikken.no\/wp-content\/uploads\/2025\/06\/1749477004_Hva-sier-FNs-konvensjon-pa-havets-rett.jpg","width":1812,"height":1020,"caption":"freedom flotilla coalition"},{"@type":"BreadcrumbList","@id":"https:\/\/nordnesrepublikken.no\/index.php\/2025\/06\/09\/hva-sier-fns-konvensjon-pa-havets-rett\/#breadcrumb","itemListElement":[{"@type":"ListItem","position":1,"name":"Home","item":"https:\/\/nordnesrepublikken.no\/"},{"@type":"ListItem","position":2,"name":"Hva sier FNs konvensjon p\u00e5 havets rett"}]},{"@type":"WebSite","@id":"https:\/\/nordnesrepublikken.no\/#website","url":"https:\/\/nordnesrepublikken.no\/","name":"Nordnesrepublikken","description":"Stemmer og Visjoner fra Republikkens Hjerte","publisher":{"@id":"https:\/\/nordnesrepublikken.no\/#organization"},"potentialAction":[{"@type":"SearchAction","target":{"@type":"EntryPoint","urlTemplate":"https:\/\/nordnesrepublikken.no\/?s={search_term_string}"},"query-input":{"@type":"PropertyValueSpecification","valueRequired":true,"valueName":"search_term_string"}}],"inLanguage":"nb-NO"},{"@type":"Organization","@id":"https:\/\/nordnesrepublikken.no\/#organization","name":"Nordnesrepublikken","url":"https:\/\/nordnesrepublikken.no\/","logo":{"@type":"ImageObject","inLanguage":"nb-NO","@id":"https:\/\/nordnesrepublikken.no\/#\/schema\/logo\/image\/","url":"https:\/\/nordnesrepublikken.no\/wp-content\/uploads\/2025\/02\/cropped-nordnesrepublikken-2.png","contentUrl":"https:\/\/nordnesrepublikken.no\/wp-content\/uploads\/2025\/02\/cropped-nordnesrepublikken-2.png","width":1248,"height":362,"caption":"Nordnesrepublikken"},"image":{"@id":"https:\/\/nordnesrepublikken.no\/#\/schema\/logo\/image\/"}},{"@type":"Person","@id":"https:\/\/nordnesrepublikken.no\/#\/schema\/person\/2e7e81935bab77882fffb79296240ff1","name":"Ole Andersen","image":{"@type":"ImageObject","inLanguage":"nb-NO","@id":"https:\/\/nordnesrepublikken.no\/#\/schema\/person\/image\/","url":"https:\/\/nordnesrepublikken.no\/wp-content\/uploads\/2025\/02\/nordnesrepublikken-2-2-150x150.jpg","contentUrl":"https:\/\/nordnesrepublikken.no\/wp-content\/uploads\/2025\/02\/nordnesrepublikken-2-2-150x150.jpg","caption":"Ole Andersen"},"description":"Ettersom jeg vokste opp i Oslo, har jeg alltid v\u00e6rt fascinert av ordenes kraft og deres evne til \u00e5 skape endringer. Etter \u00e5 ha fullf\u00f8rt min utdannelse i kommunikasjon ved Universitetet i Bergen, fikk jeg muligheten til \u00e5 jobbe innen ulike medier, der jeg har s\u00f8kt \u00e5 belyse viktige samfunnssp\u00f8rsm\u00e5l. I dag, som redakt\u00f8r for Nordnesrepublikken, pr\u00f8ver jeg \u00e5 forene min kj\u00e6rlighet for journalistikk med min lidenskap for innovasjon og eventyr.","sameAs":["https:\/\/nordnesrepublikken.no\/"]}]}},"_links":{"self":[{"href":"https:\/\/nordnesrepublikken.no\/index.php\/wp-json\/wp\/v2\/posts\/5569","targetHints":{"allow":["GET"]}}],"collection":[{"href":"https:\/\/nordnesrepublikken.no\/index.php\/wp-json\/wp\/v2\/posts"}],"about":[{"href":"https:\/\/nordnesrepublikken.no\/index.php\/wp-json\/wp\/v2\/types\/post"}],"author":[{"embeddable":true,"href":"https:\/\/nordnesrepublikken.no\/index.php\/wp-json\/wp\/v2\/users\/1"}],"replies":[{"embeddable":true,"href":"https:\/\/nordnesrepublikken.no\/index.php\/wp-json\/wp\/v2\/comments?post=5569"}],"version-history":[{"count":1,"href":"https:\/\/nordnesrepublikken.no\/index.php\/wp-json\/wp\/v2\/posts\/5569\/revisions"}],"predecessor-version":[{"id":5571,"href":"https:\/\/nordnesrepublikken.no\/index.php\/wp-json\/wp\/v2\/posts\/5569\/revisions\/5571"}],"wp:featuredmedia":[{"embeddable":true,"href":"https:\/\/nordnesrepublikken.no\/index.php\/wp-json\/wp\/v2\/media\/5570"}],"wp:attachment":[{"href":"https:\/\/nordnesrepublikken.no\/index.php\/wp-json\/wp\/v2\/media?parent=5569"}],"wp:term":[{"taxonomy":"category","embeddable":true,"href":"https:\/\/nordnesrepublikken.no\/index.php\/wp-json\/wp\/v2\/categories?post=5569"},{"taxonomy":"post_tag","embeddable":true,"href":"https:\/\/nordnesrepublikken.no\/index.php\/wp-json\/wp\/v2\/tags?post=5569"}],"curies":[{"name":"wp","href":"https:\/\/api.w.org\/{rel}","templated":true}]}}