{"id":5566,"date":"2025-06-09T13:50:04","date_gmt":"2025-06-09T11:50:04","guid":{"rendered":"https:\/\/nordnesrepublikken.no\/index.php\/2025\/06\/09\/hvordan-de-er-laget-og-hvor-palitelige-de-er\/"},"modified":"2025-06-09T13:50:05","modified_gmt":"2025-06-09T11:50:05","slug":"hvordan-de-er-laget-og-hvor-palitelige-de-er","status":"publish","type":"post","link":"https:\/\/nordnesrepublikken.no\/index.php\/2025\/06\/09\/hvordan-de-er-laget-og-hvor-palitelige-de-er\/","title":{"rendered":"hvordan de er laget og hvor p\u00e5litelige de er"},"content":{"rendered":"<div>\n<div class=\"cp_wrapper cp_wrapper--fw mb-30 mb-20@tablet\">\n<figure class=\"mm\"><picture class=\"img\" style=\"padding-top:56.25%\"><source  media=\"(min-width: 1024px)\"><source  media=\"(min-width: 768px)\"><\/source><\/source><\/picture><\/figure>\n<\/p><\/div>\n<p>Hver gang i Italia blir vi kalt til <strong>stemme<\/strong>vi begynner \u00e5 snakke om <strong>Avslutt avstemning<\/strong> og av <strong>Prognose p\u00e5 den endelige avstemningen <\/strong>Umiddelbart etter nedleggelsen av meningsm\u00e5lingene. Dette vil ogs\u00e5 v\u00e6re tilfelle i tilfelle folkeavstemningen 8. og 9. juni, som for 13 italienske kommuner ogs\u00e5 sammenfaller med det administrative valget. Men hva n\u00f8yaktig disse prognosene er, og fremfor alt, hvordan blir de laget?<\/p>\n<p>Dette er unders\u00f8kelser utf\u00f8rt med sikte p\u00e5 \u00e5 forutse<strong>Endelig utfall<\/strong> av et valg eller en folkeavstemning, og analyserer avstemningens trend ogs\u00e5 basert p\u00e5 forskjellige <strong>Sosiale grupper<\/strong> (Menn og kvinner, unge og gamle). I Italia etablerer imidlertid loven <strong>forbud mot \u00e5 publisere<\/strong> Disse prognosene <strong>F\u00f8r<\/strong> fra <strong>Lukking av avstemningene<\/strong>for \u00e5 forhindre at estimater p\u00e5virker de som enn\u00e5 ikke har uttrykt sin stemme.<\/p>\n<p>Den vanligste og brukte typen unders\u00f8kelser er exit -avstemningen, som er laget direkte <strong>ut av valglokalet<\/strong> P\u00e5 et representativt utvalg av den stemmeberettigede befolkningen: Folk er utstyrt med en faksimile av valgkortet, hvor de m\u00e5 rapportere, <strong>Helt anonymt<\/strong>avstemningen de uttrykte tidligere.<\/p>\n<p>P\u00e5 niv\u00e5et av p\u00e5litelighet, men hvis de er godt strukturert, har avgangsm\u00e5lingene en tendens til \u00e5 ha det samme <strong>grad av usikkerhet<\/strong> av en normal unders\u00f8kelse: feilmarginen handler derfor om <strong>2%<\/strong>. Velgerne en del av utvalget kan imidlertid bestemme seg for \u00e5 ligge p\u00e5 den uttrykte avstemningen, en faktor som kan f\u00f8re til \u00e5 generere feil estimater.<\/p>\n<h2>Typene av meningsm\u00e5lingene: Avstemning, \u00f8yeblikkelig avstemning og intensjonsavstemning<\/h2>\n<p>Det er derfor forskjellige typer unders\u00f8kelser som kan gj\u00f8res for \u00e5 pr\u00f8ve \u00e5 forutse resultatet av et valg eller en folkeavstemning: spesifikt, vi snakker om <strong>Avslutt avstemning<\/strong>, <strong>\u00d8yeblikkelig avstemning<\/strong> Og <strong>Intensjonsunders\u00f8kelse<\/strong>.<\/p>\n<ul>\n<li>De <strong>Avslutt avstemning<\/strong> De er en type unders\u00f8kelser gjort p\u00e5 et utvalg av velgerne s\u00e5 snart de kommer ut av <strong>Pollingstasjon<\/strong> (Fra engelsk <em>G\u00e5<\/em>Avslutt, e <em>avstemning<\/em>sete eller unders\u00f8kelse).<\/li>\n<li>De <strong>\u00d8yeblikkelig avstemning<\/strong> er guder <strong>Telefonunders\u00f8kelser<\/strong> laget p\u00e5 stemmedagen.<\/li>\n<li>De <strong>Intensjonsunders\u00f8kelse<\/strong> De er unders\u00f8kelser gjort p\u00e5 telefon eller lever og noen gjennomf\u00f8rt <strong>dager f\u00f8r avstemningen<\/strong>.<\/li>\n<\/ul>\n<p>Ofte etter et valg h\u00f8rer vi ogs\u00e5 om <strong>Stemmeprognoser<\/strong> som imidlertid er forskjellig fra unders\u00f8kelsene: det handler alltid om <strong>estimater<\/strong> p\u00e5 <strong>Endelig resultat<\/strong> av valget eller folkeavstemningen, men i dette tilfellet er analysene bygget p\u00e5 grunnlag av <strong>Ekte data<\/strong> som kommer direkte fra setene etter at det startet det <strong>bare av stemmene.<\/strong><\/p>\n<p>Italiensk lov etablerer imidlertid <strong>forbud<\/strong> for \u00e5 avsl\u00f8re resultatet av unders\u00f8kelser eller stemmeprognoser f\u00f8r <strong>Lukking av meningsm\u00e5lingene,<\/strong> Bare for \u00e5 forhindre estimater p\u00e5 avstemningen om \u00e5 p\u00e5virke de som enn\u00e5 ikke har uttrykt sine egne.<\/p>\n<p>Generelt sett den typen unders\u00f8kelser <strong>mer utbredt<\/strong> Og brukt er av meningsm\u00e5lingene: F\u00f8r valget blir noen seter identifisert, utenfor som a <strong>Eksempel av velgere <\/strong>representant for totalen av de med stemmerettigheter.<\/p>\n<p>Hvis velgeren <strong>aksepterer \u00e5 delta<\/strong> Ved unders\u00f8kelsen forblir hans stemme likevel <strong>anonym<\/strong>: Utvalget er faktisk gitt dokumentasjon som skal fullf\u00f8res, inkludert en <strong>faksimile<\/strong> av valgkortet, hvor <strong>gjenskape din stemme,<\/strong> og en serie sp\u00f8rreskjemaer knyttet til personopplysninger, inkludert <strong>kj\u00f8nn<\/strong> Og <strong>alder<\/strong>. Det er nettopp denne informasjonen som lar eksperter utf\u00f8re analyse p\u00e5 flere avstemning av flere <strong>kategorier<\/strong> av innbyggere, fra menn til kvinner, fra unge mennesker til de mest modne samfunnsbandene.<\/p>\n<p>Oppgaven med \u00e5 lage disse meningsm\u00e5lingene er derimot betrodd<strong> Demoskopiske institutter<\/strong>som omhandler \u00e5 gjennomf\u00f8re statistiske unders\u00f8kelser om opinionen. Etter \u00e5 ha identifisert setene dekket av<strong>etterforskning<\/strong>Sender institusjonene noen av sine egne <strong>teknikere<\/strong> For \u00e5 intervjue pr\u00f8ven: utenfor setene kommer de da <strong>Velgerne valgt<\/strong> \u00c5 bli intervjuet, med sikte p\u00e5 \u00e5 bygge et utvalg s\u00e5 representativt som mulig for den stemmeberettigede befolkningen.<\/p>\n<p>Blant annet, 8. og 9. juni 2025, i tillegg til folkeavstemningen, arrangeres stemmeseddelen for<strong> Administrative valg<\/strong> i <strong>13 kommuner<\/strong> Italienere (inkludert Matera og Taranto): Ogs\u00e5 i dette tilfellet vil avkj\u00f8ringsm\u00e5lingene bli publisert umiddelbart etter nedleggelsen av meningsm\u00e5lingene, med prognosene til kandidatene favorisert til seier.<\/p>\n<h2>P\u00e5liteligheten til meningsm\u00e5lingene: Hvis den er godt strukturert, er feilmarginen 2%<\/h2>\n<p>Men hvor mye de er <strong>p\u00e5litelig<\/strong> Disse unders\u00f8kelsene som ble publisert f\u00f8r de totale bare av stemmene? Det m\u00e5 sies at til tross for at til tross for at de er gjennomf\u00f8rt av <strong>Prestige institutter<\/strong>stemteprognosene blir ikke alltid avsl\u00f8rt for \u00e5 v\u00e6re helt riktige. Flere faktorer kan eksistere<strong> negativt<\/strong> Analysen: Det er mulig at velgeren velger \u00e5 ligge p\u00e5 avstemningen han uttrykte, eller at han ganske enkelt bestemmer seg for ikke \u00e5 gi noen informasjon om hvem eller hva han stemte. Tross alt, i avkj\u00f8ringsm\u00e5lingene er de velgerne som gj\u00f8r det <strong>CAR-CANDIDAN<\/strong> Som pr\u00f8ver, og de kan derfor nekte \u00e5 delta i unders\u00f8kelsen. Spesielt i fortiden viste faktisk velgerne som tilh\u00f8rer noen partier \u00e5 v\u00e6re <strong>mer tilbakeholden<\/strong> Ved \u00e5 erkl\u00e6re deres stemmeberettigede preferanser, og dermed p\u00e5virke indirekte, om resultatene av unders\u00f8kelsene.<\/p>\n<p>Kort sagt, nytten av meningsm\u00e5linger og valgprognoser er fremdeles i sentrum av en <strong>Stor debatt<\/strong>spesielt i forhold til deres presisjon: Imidlertid m\u00e5 det vurderes at valgprognoser og avkj\u00f8ringsm\u00e5linger er en av <strong>F\u00e5 tilfeller<\/strong> der en pr\u00f8veanalyse f\u00e5r en nesten \u00f8yeblikkelig respons, med <strong>Endelige resultater<\/strong> som blir avsl\u00f8rt etter kort tid. I andre typer unders\u00f8kelser, for eksempel de som brukes til \u00e5 m\u00e5le lyttingen til et program, bekymrer publikum seg generelt ikke for \u00e5 sjekke <strong>den faktiske korrektheten<\/strong> av estimater. Generelt sett, hvis meningsm\u00e5linger har en tendens til \u00e5 ha det samme hvis de er godt strukturert <strong>grad av usikkerhet<\/strong> av en normal unders\u00f8kelse: feilmarginen handler derfor om <strong>2%. <\/strong><\/p>\n<p>Disse prognosene er da spesielt nyttige i tilfelle av<strong> Store valg<\/strong>slik som de politiske for fornyelse av parlamentets medlemmer (som i Italia arrangeres hvert 5. \u00e5r), som tar flere timer for <strong>full bar<\/strong> stemmer og derfor \u00e5 kunngj\u00f8re de endelige resultatene.<\/p>\n<p>I tilfelle av de siste politiske valgene av <strong>2022<\/strong>For eksempel har avstemningsm\u00e5linger vist en <strong>God korrespondanse<\/strong> Til de endelige resultatene, med estimatene som bare har gjennomg\u00e5tt noen svingninger inneholdt og derfor klarte \u00e5 gi en prognose <strong>Ganske n\u00f8yaktig<\/strong> av avstemningen.<\/p>\n<p>Det er klart, meningsm\u00e5ling og stemmeberettigede prognoser eksisterer ikke bare i <strong>Italia<\/strong>men det er m\u00e5linger som blir gjort over hele verden for \u00e5 pr\u00f8ve \u00e5 forutse valget av et valg eller studere avstemningen. De siste \u00e5rene har to unders\u00f8kelser p\u00e5 avstemningen spesielt diskutert internasjonalt, etter \u00e5 ha forventet en <strong>resultat<\/strong> som da viste seg \u00e5 v\u00e6re <strong>helt motsatt<\/strong>: Dette er tilfelle av <strong>Brexit folkeavstemning<\/strong> av 2016 (da unders\u00f8kelsene indikerte seieren av &laquo;forblir&raquo; \u00e5 forbli i EU, mens p\u00e5 slutten av bare av stemmene ble seieren til &laquo;permisjonen&raquo; erkl\u00e6rt) og <strong>USAs presidentvalg<\/strong> av 2016, som de ga for vinner <strong>Hillary Clinton<\/strong>som i stedet kom ut av det fra <strong>Donald Trump.<\/strong><\/p>\n<\/p><\/div>\n","protected":false},"excerpt":{"rendered":"<p>Hver gang i Italia blir vi kalt til stemmevi begynner \u00e5 snakke om Avslutt avstemning<\/p>\n","protected":false},"author":1,"featured_media":5567,"comment_status":"closed","ping_status":"open","sticky":false,"template":"","format":"standard","meta":{"footnotes":""},"categories":[104],"tags":[449,112,1015,3358],"class_list":["post-5566","post","type-post","status-publish","format-standard","has-post-thumbnail","hentry","category-samfunn","tag-hvor","tag-hvordan","tag-laget","tag-palitelige","generate-columns","tablet-grid-50","mobile-grid-100","grid-parent","grid-33","resize-featured-image"],"yoast_head":"<!-- This site is optimized with the Yoast SEO plugin v24.4 - https:\/\/yoast.com\/wordpress\/plugins\/seo\/ -->\n<title>hvordan de er laget og hvor p\u00e5litelige de er - Nordnesrepublikken<\/title>\n<meta name=\"robots\" content=\"index, follow, max-snippet:-1, max-image-preview:large, max-video-preview:-1\" \/>\n<link rel=\"canonical\" href=\"https:\/\/nordnesrepublikken.no\/index.php\/2025\/06\/09\/hvordan-de-er-laget-og-hvor-palitelige-de-er\/\" \/>\n<meta property=\"og:locale\" content=\"nb_NO\" \/>\n<meta property=\"og:type\" content=\"article\" \/>\n<meta property=\"og:title\" content=\"hvordan de er laget og hvor p\u00e5litelige de er - Nordnesrepublikken\" \/>\n<meta property=\"og:description\" content=\"Hver gang i Italia blir vi kalt til stemmevi begynner \u00e5 snakke om Avslutt avstemning\" \/>\n<meta property=\"og:url\" content=\"https:\/\/nordnesrepublikken.no\/index.php\/2025\/06\/09\/hvordan-de-er-laget-og-hvor-palitelige-de-er\/\" \/>\n<meta property=\"og:site_name\" content=\"Nordnesrepublikken\" \/>\n<meta property=\"article:published_time\" content=\"2025-06-09T11:50:04+00:00\" \/>\n<meta property=\"article:modified_time\" content=\"2025-06-09T11:50:05+00:00\" \/>\n<meta property=\"og:image\" content=\"https:\/\/nordnesrepublikken.no\/wp-content\/uploads\/2025\/06\/1749469804_hvordan-de-er-laget-og-hvor-palitelige-de-er.jpg\" \/>\n\t<meta property=\"og:image:width\" content=\"1274\" \/>\n\t<meta property=\"og:image:height\" content=\"824\" \/>\n\t<meta property=\"og:image:type\" content=\"image\/jpeg\" \/>\n<meta name=\"author\" content=\"Ole Andersen\" \/>\n<meta name=\"twitter:card\" content=\"summary_large_image\" \/>\n<meta name=\"twitter:label1\" content=\"Skrevet av\" \/>\n\t<meta name=\"twitter:data1\" content=\"Ole Andersen\" \/>\n\t<meta name=\"twitter:label2\" content=\"Ansl. lesetid\" \/>\n\t<meta name=\"twitter:data2\" content=\"5 minutter\" \/>\n<script type=\"application\/ld+json\" class=\"yoast-schema-graph\">{\"@context\":\"https:\/\/schema.org\",\"@graph\":[{\"@type\":\"Article\",\"@id\":\"https:\/\/nordnesrepublikken.no\/index.php\/2025\/06\/09\/hvordan-de-er-laget-og-hvor-palitelige-de-er\/#article\",\"isPartOf\":{\"@id\":\"https:\/\/nordnesrepublikken.no\/index.php\/2025\/06\/09\/hvordan-de-er-laget-og-hvor-palitelige-de-er\/\"},\"author\":{\"name\":\"Ole Andersen\",\"@id\":\"https:\/\/nordnesrepublikken.no\/#\/schema\/person\/2e7e81935bab77882fffb79296240ff1\"},\"headline\":\"hvordan de er laget og hvor p\u00e5litelige de er\",\"datePublished\":\"2025-06-09T11:50:04+00:00\",\"dateModified\":\"2025-06-09T11:50:05+00:00\",\"mainEntityOfPage\":{\"@id\":\"https:\/\/nordnesrepublikken.no\/index.php\/2025\/06\/09\/hvordan-de-er-laget-og-hvor-palitelige-de-er\/\"},\"wordCount\":1095,\"publisher\":{\"@id\":\"https:\/\/nordnesrepublikken.no\/#organization\"},\"image\":{\"@id\":\"https:\/\/nordnesrepublikken.no\/index.php\/2025\/06\/09\/hvordan-de-er-laget-og-hvor-palitelige-de-er\/#primaryimage\"},\"thumbnailUrl\":\"https:\/\/nordnesrepublikken.no\/wp-content\/uploads\/2025\/06\/1749469804_hvordan-de-er-laget-og-hvor-palitelige-de-er.jpg\",\"keywords\":[\"hvor\",\"Hvordan\",\"laget\",\"p\u00e5litelige\"],\"articleSection\":[\"Samfunn\"],\"inLanguage\":\"nb-NO\"},{\"@type\":\"WebPage\",\"@id\":\"https:\/\/nordnesrepublikken.no\/index.php\/2025\/06\/09\/hvordan-de-er-laget-og-hvor-palitelige-de-er\/\",\"url\":\"https:\/\/nordnesrepublikken.no\/index.php\/2025\/06\/09\/hvordan-de-er-laget-og-hvor-palitelige-de-er\/\",\"name\":\"hvordan de er laget og hvor p\u00e5litelige de er - Nordnesrepublikken\",\"isPartOf\":{\"@id\":\"https:\/\/nordnesrepublikken.no\/#website\"},\"primaryImageOfPage\":{\"@id\":\"https:\/\/nordnesrepublikken.no\/index.php\/2025\/06\/09\/hvordan-de-er-laget-og-hvor-palitelige-de-er\/#primaryimage\"},\"image\":{\"@id\":\"https:\/\/nordnesrepublikken.no\/index.php\/2025\/06\/09\/hvordan-de-er-laget-og-hvor-palitelige-de-er\/#primaryimage\"},\"thumbnailUrl\":\"https:\/\/nordnesrepublikken.no\/wp-content\/uploads\/2025\/06\/1749469804_hvordan-de-er-laget-og-hvor-palitelige-de-er.jpg\",\"datePublished\":\"2025-06-09T11:50:04+00:00\",\"dateModified\":\"2025-06-09T11:50:05+00:00\",\"breadcrumb\":{\"@id\":\"https:\/\/nordnesrepublikken.no\/index.php\/2025\/06\/09\/hvordan-de-er-laget-og-hvor-palitelige-de-er\/#breadcrumb\"},\"inLanguage\":\"nb-NO\",\"potentialAction\":[{\"@type\":\"ReadAction\",\"target\":[\"https:\/\/nordnesrepublikken.no\/index.php\/2025\/06\/09\/hvordan-de-er-laget-og-hvor-palitelige-de-er\/\"]}]},{\"@type\":\"ImageObject\",\"inLanguage\":\"nb-NO\",\"@id\":\"https:\/\/nordnesrepublikken.no\/index.php\/2025\/06\/09\/hvordan-de-er-laget-og-hvor-palitelige-de-er\/#primaryimage\",\"url\":\"https:\/\/nordnesrepublikken.no\/wp-content\/uploads\/2025\/06\/1749469804_hvordan-de-er-laget-og-hvor-palitelige-de-er.jpg\",\"contentUrl\":\"https:\/\/nordnesrepublikken.no\/wp-content\/uploads\/2025\/06\/1749469804_hvordan-de-er-laget-og-hvor-palitelige-de-er.jpg\",\"width\":1274,\"height\":824,\"caption\":\"exit poll\"},{\"@type\":\"BreadcrumbList\",\"@id\":\"https:\/\/nordnesrepublikken.no\/index.php\/2025\/06\/09\/hvordan-de-er-laget-og-hvor-palitelige-de-er\/#breadcrumb\",\"itemListElement\":[{\"@type\":\"ListItem\",\"position\":1,\"name\":\"Home\",\"item\":\"https:\/\/nordnesrepublikken.no\/\"},{\"@type\":\"ListItem\",\"position\":2,\"name\":\"hvordan de er laget og hvor p\u00e5litelige de er\"}]},{\"@type\":\"WebSite\",\"@id\":\"https:\/\/nordnesrepublikken.no\/#website\",\"url\":\"https:\/\/nordnesrepublikken.no\/\",\"name\":\"Nordnesrepublikken\",\"description\":\"Stemmer og Visjoner fra Republikkens Hjerte\",\"publisher\":{\"@id\":\"https:\/\/nordnesrepublikken.no\/#organization\"},\"potentialAction\":[{\"@type\":\"SearchAction\",\"target\":{\"@type\":\"EntryPoint\",\"urlTemplate\":\"https:\/\/nordnesrepublikken.no\/?s={search_term_string}\"},\"query-input\":{\"@type\":\"PropertyValueSpecification\",\"valueRequired\":true,\"valueName\":\"search_term_string\"}}],\"inLanguage\":\"nb-NO\"},{\"@type\":\"Organization\",\"@id\":\"https:\/\/nordnesrepublikken.no\/#organization\",\"name\":\"Nordnesrepublikken\",\"url\":\"https:\/\/nordnesrepublikken.no\/\",\"logo\":{\"@type\":\"ImageObject\",\"inLanguage\":\"nb-NO\",\"@id\":\"https:\/\/nordnesrepublikken.no\/#\/schema\/logo\/image\/\",\"url\":\"https:\/\/nordnesrepublikken.no\/wp-content\/uploads\/2025\/02\/cropped-nordnesrepublikken-2.png\",\"contentUrl\":\"https:\/\/nordnesrepublikken.no\/wp-content\/uploads\/2025\/02\/cropped-nordnesrepublikken-2.png\",\"width\":1248,\"height\":362,\"caption\":\"Nordnesrepublikken\"},\"image\":{\"@id\":\"https:\/\/nordnesrepublikken.no\/#\/schema\/logo\/image\/\"}},{\"@type\":\"Person\",\"@id\":\"https:\/\/nordnesrepublikken.no\/#\/schema\/person\/2e7e81935bab77882fffb79296240ff1\",\"name\":\"Ole Andersen\",\"image\":{\"@type\":\"ImageObject\",\"inLanguage\":\"nb-NO\",\"@id\":\"https:\/\/nordnesrepublikken.no\/#\/schema\/person\/image\/\",\"url\":\"https:\/\/nordnesrepublikken.no\/wp-content\/uploads\/2025\/02\/nordnesrepublikken-2-2-150x150.jpg\",\"contentUrl\":\"https:\/\/nordnesrepublikken.no\/wp-content\/uploads\/2025\/02\/nordnesrepublikken-2-2-150x150.jpg\",\"caption\":\"Ole Andersen\"},\"description\":\"Ettersom jeg vokste opp i Oslo, har jeg alltid v\u00e6rt fascinert av ordenes kraft og deres evne til \u00e5 skape endringer. Etter \u00e5 ha fullf\u00f8rt min utdannelse i kommunikasjon ved Universitetet i Bergen, fikk jeg muligheten til \u00e5 jobbe innen ulike medier, der jeg har s\u00f8kt \u00e5 belyse viktige samfunnssp\u00f8rsm\u00e5l. I dag, som redakt\u00f8r for Nordnesrepublikken, pr\u00f8ver jeg \u00e5 forene min kj\u00e6rlighet for journalistikk med min lidenskap for innovasjon og eventyr.\",\"sameAs\":[\"https:\/\/nordnesrepublikken.no\/\"]}]}<\/script>\n<!-- \/ Yoast SEO plugin. -->","yoast_head_json":{"title":"hvordan de er laget og hvor p\u00e5litelige de er - Nordnesrepublikken","robots":{"index":"index","follow":"follow","max-snippet":"max-snippet:-1","max-image-preview":"max-image-preview:large","max-video-preview":"max-video-preview:-1"},"canonical":"https:\/\/nordnesrepublikken.no\/index.php\/2025\/06\/09\/hvordan-de-er-laget-og-hvor-palitelige-de-er\/","og_locale":"nb_NO","og_type":"article","og_title":"hvordan de er laget og hvor p\u00e5litelige de er - Nordnesrepublikken","og_description":"Hver gang i Italia blir vi kalt til stemmevi begynner \u00e5 snakke om Avslutt avstemning","og_url":"https:\/\/nordnesrepublikken.no\/index.php\/2025\/06\/09\/hvordan-de-er-laget-og-hvor-palitelige-de-er\/","og_site_name":"Nordnesrepublikken","article_published_time":"2025-06-09T11:50:04+00:00","article_modified_time":"2025-06-09T11:50:05+00:00","og_image":[{"width":1274,"height":824,"url":"https:\/\/nordnesrepublikken.no\/wp-content\/uploads\/2025\/06\/1749469804_hvordan-de-er-laget-og-hvor-palitelige-de-er.jpg","type":"image\/jpeg"}],"author":"Ole Andersen","twitter_card":"summary_large_image","twitter_misc":{"Skrevet av":"Ole Andersen","Ansl. lesetid":"5 minutter"},"schema":{"@context":"https:\/\/schema.org","@graph":[{"@type":"Article","@id":"https:\/\/nordnesrepublikken.no\/index.php\/2025\/06\/09\/hvordan-de-er-laget-og-hvor-palitelige-de-er\/#article","isPartOf":{"@id":"https:\/\/nordnesrepublikken.no\/index.php\/2025\/06\/09\/hvordan-de-er-laget-og-hvor-palitelige-de-er\/"},"author":{"name":"Ole Andersen","@id":"https:\/\/nordnesrepublikken.no\/#\/schema\/person\/2e7e81935bab77882fffb79296240ff1"},"headline":"hvordan de er laget og hvor p\u00e5litelige de er","datePublished":"2025-06-09T11:50:04+00:00","dateModified":"2025-06-09T11:50:05+00:00","mainEntityOfPage":{"@id":"https:\/\/nordnesrepublikken.no\/index.php\/2025\/06\/09\/hvordan-de-er-laget-og-hvor-palitelige-de-er\/"},"wordCount":1095,"publisher":{"@id":"https:\/\/nordnesrepublikken.no\/#organization"},"image":{"@id":"https:\/\/nordnesrepublikken.no\/index.php\/2025\/06\/09\/hvordan-de-er-laget-og-hvor-palitelige-de-er\/#primaryimage"},"thumbnailUrl":"https:\/\/nordnesrepublikken.no\/wp-content\/uploads\/2025\/06\/1749469804_hvordan-de-er-laget-og-hvor-palitelige-de-er.jpg","keywords":["hvor","Hvordan","laget","p\u00e5litelige"],"articleSection":["Samfunn"],"inLanguage":"nb-NO"},{"@type":"WebPage","@id":"https:\/\/nordnesrepublikken.no\/index.php\/2025\/06\/09\/hvordan-de-er-laget-og-hvor-palitelige-de-er\/","url":"https:\/\/nordnesrepublikken.no\/index.php\/2025\/06\/09\/hvordan-de-er-laget-og-hvor-palitelige-de-er\/","name":"hvordan de er laget og hvor p\u00e5litelige de er - Nordnesrepublikken","isPartOf":{"@id":"https:\/\/nordnesrepublikken.no\/#website"},"primaryImageOfPage":{"@id":"https:\/\/nordnesrepublikken.no\/index.php\/2025\/06\/09\/hvordan-de-er-laget-og-hvor-palitelige-de-er\/#primaryimage"},"image":{"@id":"https:\/\/nordnesrepublikken.no\/index.php\/2025\/06\/09\/hvordan-de-er-laget-og-hvor-palitelige-de-er\/#primaryimage"},"thumbnailUrl":"https:\/\/nordnesrepublikken.no\/wp-content\/uploads\/2025\/06\/1749469804_hvordan-de-er-laget-og-hvor-palitelige-de-er.jpg","datePublished":"2025-06-09T11:50:04+00:00","dateModified":"2025-06-09T11:50:05+00:00","breadcrumb":{"@id":"https:\/\/nordnesrepublikken.no\/index.php\/2025\/06\/09\/hvordan-de-er-laget-og-hvor-palitelige-de-er\/#breadcrumb"},"inLanguage":"nb-NO","potentialAction":[{"@type":"ReadAction","target":["https:\/\/nordnesrepublikken.no\/index.php\/2025\/06\/09\/hvordan-de-er-laget-og-hvor-palitelige-de-er\/"]}]},{"@type":"ImageObject","inLanguage":"nb-NO","@id":"https:\/\/nordnesrepublikken.no\/index.php\/2025\/06\/09\/hvordan-de-er-laget-og-hvor-palitelige-de-er\/#primaryimage","url":"https:\/\/nordnesrepublikken.no\/wp-content\/uploads\/2025\/06\/1749469804_hvordan-de-er-laget-og-hvor-palitelige-de-er.jpg","contentUrl":"https:\/\/nordnesrepublikken.no\/wp-content\/uploads\/2025\/06\/1749469804_hvordan-de-er-laget-og-hvor-palitelige-de-er.jpg","width":1274,"height":824,"caption":"exit poll"},{"@type":"BreadcrumbList","@id":"https:\/\/nordnesrepublikken.no\/index.php\/2025\/06\/09\/hvordan-de-er-laget-og-hvor-palitelige-de-er\/#breadcrumb","itemListElement":[{"@type":"ListItem","position":1,"name":"Home","item":"https:\/\/nordnesrepublikken.no\/"},{"@type":"ListItem","position":2,"name":"hvordan de er laget og hvor p\u00e5litelige de er"}]},{"@type":"WebSite","@id":"https:\/\/nordnesrepublikken.no\/#website","url":"https:\/\/nordnesrepublikken.no\/","name":"Nordnesrepublikken","description":"Stemmer og Visjoner fra Republikkens Hjerte","publisher":{"@id":"https:\/\/nordnesrepublikken.no\/#organization"},"potentialAction":[{"@type":"SearchAction","target":{"@type":"EntryPoint","urlTemplate":"https:\/\/nordnesrepublikken.no\/?s={search_term_string}"},"query-input":{"@type":"PropertyValueSpecification","valueRequired":true,"valueName":"search_term_string"}}],"inLanguage":"nb-NO"},{"@type":"Organization","@id":"https:\/\/nordnesrepublikken.no\/#organization","name":"Nordnesrepublikken","url":"https:\/\/nordnesrepublikken.no\/","logo":{"@type":"ImageObject","inLanguage":"nb-NO","@id":"https:\/\/nordnesrepublikken.no\/#\/schema\/logo\/image\/","url":"https:\/\/nordnesrepublikken.no\/wp-content\/uploads\/2025\/02\/cropped-nordnesrepublikken-2.png","contentUrl":"https:\/\/nordnesrepublikken.no\/wp-content\/uploads\/2025\/02\/cropped-nordnesrepublikken-2.png","width":1248,"height":362,"caption":"Nordnesrepublikken"},"image":{"@id":"https:\/\/nordnesrepublikken.no\/#\/schema\/logo\/image\/"}},{"@type":"Person","@id":"https:\/\/nordnesrepublikken.no\/#\/schema\/person\/2e7e81935bab77882fffb79296240ff1","name":"Ole Andersen","image":{"@type":"ImageObject","inLanguage":"nb-NO","@id":"https:\/\/nordnesrepublikken.no\/#\/schema\/person\/image\/","url":"https:\/\/nordnesrepublikken.no\/wp-content\/uploads\/2025\/02\/nordnesrepublikken-2-2-150x150.jpg","contentUrl":"https:\/\/nordnesrepublikken.no\/wp-content\/uploads\/2025\/02\/nordnesrepublikken-2-2-150x150.jpg","caption":"Ole Andersen"},"description":"Ettersom jeg vokste opp i Oslo, har jeg alltid v\u00e6rt fascinert av ordenes kraft og deres evne til \u00e5 skape endringer. Etter \u00e5 ha fullf\u00f8rt min utdannelse i kommunikasjon ved Universitetet i Bergen, fikk jeg muligheten til \u00e5 jobbe innen ulike medier, der jeg har s\u00f8kt \u00e5 belyse viktige samfunnssp\u00f8rsm\u00e5l. I dag, som redakt\u00f8r for Nordnesrepublikken, pr\u00f8ver jeg \u00e5 forene min kj\u00e6rlighet for journalistikk med min lidenskap for innovasjon og eventyr.","sameAs":["https:\/\/nordnesrepublikken.no\/"]}]}},"_links":{"self":[{"href":"https:\/\/nordnesrepublikken.no\/index.php\/wp-json\/wp\/v2\/posts\/5566","targetHints":{"allow":["GET"]}}],"collection":[{"href":"https:\/\/nordnesrepublikken.no\/index.php\/wp-json\/wp\/v2\/posts"}],"about":[{"href":"https:\/\/nordnesrepublikken.no\/index.php\/wp-json\/wp\/v2\/types\/post"}],"author":[{"embeddable":true,"href":"https:\/\/nordnesrepublikken.no\/index.php\/wp-json\/wp\/v2\/users\/1"}],"replies":[{"embeddable":true,"href":"https:\/\/nordnesrepublikken.no\/index.php\/wp-json\/wp\/v2\/comments?post=5566"}],"version-history":[{"count":1,"href":"https:\/\/nordnesrepublikken.no\/index.php\/wp-json\/wp\/v2\/posts\/5566\/revisions"}],"predecessor-version":[{"id":5568,"href":"https:\/\/nordnesrepublikken.no\/index.php\/wp-json\/wp\/v2\/posts\/5566\/revisions\/5568"}],"wp:featuredmedia":[{"embeddable":true,"href":"https:\/\/nordnesrepublikken.no\/index.php\/wp-json\/wp\/v2\/media\/5567"}],"wp:attachment":[{"href":"https:\/\/nordnesrepublikken.no\/index.php\/wp-json\/wp\/v2\/media?parent=5566"}],"wp:term":[{"taxonomy":"category","embeddable":true,"href":"https:\/\/nordnesrepublikken.no\/index.php\/wp-json\/wp\/v2\/categories?post=5566"},{"taxonomy":"post_tag","embeddable":true,"href":"https:\/\/nordnesrepublikken.no\/index.php\/wp-json\/wp\/v2\/tags?post=5566"}],"curies":[{"name":"wp","href":"https:\/\/api.w.org\/{rel}","templated":true}]}}