{"id":5560,"date":"2025-06-09T09:49:46","date_gmt":"2025-06-09T07:49:46","guid":{"rendered":"https:\/\/nordnesrepublikken.no\/index.php\/2025\/06\/09\/det-sterkeste-jordskjelvet-i-storrelsesorden-3-1\/"},"modified":"2025-06-09T09:49:47","modified_gmt":"2025-06-09T07:49:47","slug":"det-sterkeste-jordskjelvet-i-storrelsesorden-3-1","status":"publish","type":"post","link":"https:\/\/nordnesrepublikken.no\/index.php\/2025\/06\/09\/det-sterkeste-jordskjelvet-i-storrelsesorden-3-1\/","title":{"rendered":"Det sterkeste jordskjelvet i st\u00f8rrelsesorden 3.1"},"content":{"rendered":"<div>\n<div class=\"cp_wrapper cp_wrapper--fw mb-30 mb-20@tablet\">\n<figure class=\"mm\"><picture class=\"img\" style=\"padding-top:56.25%\"><source  media=\"(min-width: 1024px)\"><source  media=\"(min-width: 768px)\"><\/source><\/source><\/picture><\/figure>\n<\/p><\/div>\n<p>I g\u00e5r kveld <strong>Mellom 3:37 og 4:11<\/strong> En seismisk sverm har skjedd en <strong>Berceto,<\/strong> i provinsen av <strong>Parma,<\/strong> med 11 sjokk registrert av INGV som <strong>st\u00f8rrelse st\u00f8rre enn 2,0<\/strong>. Den sterkeste av disse fant sted kl. 04:05 og registrerte en verdi av <strong>3.1<\/strong>fulgt 2 minutter senere av et jordskjelv p\u00e5 3,0, begge med en dybde p\u00e5 10 km. Heldigvis er det for \u00f8yeblikket ingen spesiell skade eller ulempe for befolkningen, selv om jordskjelvene har blitt f\u00f8lt tydelig i hele omr\u00e5det, og vekker borgere midt p\u00e5 natten.<\/p>\n<p>Fra et geologisk synspunkt var det ganske overfladiske sjokk, hvis <strong>dybde<\/strong> &#8211; i henhold til dataene til<em>National Institute of Geophysics and Volcanology<\/em> &#8211; har svingt <strong>mellom 9 og 14 km<\/strong>.<\/p>\n<\/p><\/div>\n","protected":false},"excerpt":{"rendered":"<p>I g\u00e5r kveld Mellom 3:37 og 4:11 En seismisk sverm har skjedd en Berceto, i<\/p>\n","protected":false},"author":1,"featured_media":5561,"comment_status":"closed","ping_status":"open","sticky":false,"template":"","format":"standard","meta":{"footnotes":""},"categories":[24],"tags":[66,623,2943,140],"class_list":["post-5560","post","type-post","status-publish","format-standard","has-post-thumbnail","hentry","category-vitenskap","tag-det","tag-jordskjelvet","tag-sterkeste","tag-storrelsesorden","generate-columns","tablet-grid-50","mobile-grid-100","grid-parent","grid-33","resize-featured-image"],"yoast_head":"<!-- This site is optimized with the Yoast SEO plugin v24.4 - https:\/\/yoast.com\/wordpress\/plugins\/seo\/ -->\n<title>Det sterkeste jordskjelvet i st\u00f8rrelsesorden 3.1 - Nordnesrepublikken<\/title>\n<meta name=\"robots\" content=\"index, follow, max-snippet:-1, max-image-preview:large, max-video-preview:-1\" \/>\n<link rel=\"canonical\" href=\"https:\/\/nordnesrepublikken.no\/index.php\/2025\/06\/09\/det-sterkeste-jordskjelvet-i-storrelsesorden-3-1\/\" \/>\n<meta property=\"og:locale\" content=\"nb_NO\" \/>\n<meta property=\"og:type\" content=\"article\" \/>\n<meta property=\"og:title\" content=\"Det sterkeste jordskjelvet i st\u00f8rrelsesorden 3.1 - Nordnesrepublikken\" \/>\n<meta property=\"og:description\" content=\"I g\u00e5r kveld Mellom 3:37 og 4:11 En seismisk sverm har skjedd en Berceto, i\" \/>\n<meta property=\"og:url\" content=\"https:\/\/nordnesrepublikken.no\/index.php\/2025\/06\/09\/det-sterkeste-jordskjelvet-i-storrelsesorden-3-1\/\" \/>\n<meta property=\"og:site_name\" content=\"Nordnesrepublikken\" \/>\n<meta property=\"article:published_time\" content=\"2025-06-09T07:49:46+00:00\" \/>\n<meta property=\"article:modified_time\" content=\"2025-06-09T07:49:47+00:00\" \/>\n<meta property=\"og:image\" content=\"https:\/\/nordnesrepublikken.no\/wp-content\/uploads\/2025\/06\/1749455386_Det-sterkeste-jordskjelvet-i-storrelsesorden-31.jpg\" \/>\n\t<meta property=\"og:image:width\" content=\"1280\" \/>\n\t<meta property=\"og:image:height\" content=\"720\" \/>\n\t<meta property=\"og:image:type\" content=\"image\/jpeg\" \/>\n<meta name=\"author\" content=\"Ole Andersen\" \/>\n<meta name=\"twitter:card\" content=\"summary_large_image\" \/>\n<meta name=\"twitter:label1\" content=\"Skrevet av\" \/>\n\t<meta name=\"twitter:data1\" content=\"Ole Andersen\" \/>\n\t<meta name=\"twitter:label2\" content=\"Ansl. lesetid\" \/>\n\t<meta name=\"twitter:data2\" content=\"1 minutt\" \/>\n<script type=\"application\/ld+json\" class=\"yoast-schema-graph\">{\"@context\":\"https:\/\/schema.org\",\"@graph\":[{\"@type\":\"Article\",\"@id\":\"https:\/\/nordnesrepublikken.no\/index.php\/2025\/06\/09\/det-sterkeste-jordskjelvet-i-storrelsesorden-3-1\/#article\",\"isPartOf\":{\"@id\":\"https:\/\/nordnesrepublikken.no\/index.php\/2025\/06\/09\/det-sterkeste-jordskjelvet-i-storrelsesorden-3-1\/\"},\"author\":{\"name\":\"Ole Andersen\",\"@id\":\"https:\/\/nordnesrepublikken.no\/#\/schema\/person\/2e7e81935bab77882fffb79296240ff1\"},\"headline\":\"Det sterkeste jordskjelvet i st\u00f8rrelsesorden 3.1\",\"datePublished\":\"2025-06-09T07:49:46+00:00\",\"dateModified\":\"2025-06-09T07:49:47+00:00\",\"mainEntityOfPage\":{\"@id\":\"https:\/\/nordnesrepublikken.no\/index.php\/2025\/06\/09\/det-sterkeste-jordskjelvet-i-storrelsesorden-3-1\/\"},\"wordCount\":117,\"publisher\":{\"@id\":\"https:\/\/nordnesrepublikken.no\/#organization\"},\"image\":{\"@id\":\"https:\/\/nordnesrepublikken.no\/index.php\/2025\/06\/09\/det-sterkeste-jordskjelvet-i-storrelsesorden-3-1\/#primaryimage\"},\"thumbnailUrl\":\"https:\/\/nordnesrepublikken.no\/wp-content\/uploads\/2025\/06\/1749455386_Det-sterkeste-jordskjelvet-i-storrelsesorden-31.jpg\",\"keywords\":[\"Det\",\"Jordskjelvet\",\"sterkeste\",\"st\u00f8rrelsesorden\"],\"articleSection\":[\"Vitenskap\"],\"inLanguage\":\"nb-NO\"},{\"@type\":\"WebPage\",\"@id\":\"https:\/\/nordnesrepublikken.no\/index.php\/2025\/06\/09\/det-sterkeste-jordskjelvet-i-storrelsesorden-3-1\/\",\"url\":\"https:\/\/nordnesrepublikken.no\/index.php\/2025\/06\/09\/det-sterkeste-jordskjelvet-i-storrelsesorden-3-1\/\",\"name\":\"Det sterkeste jordskjelvet i st\u00f8rrelsesorden 3.1 - Nordnesrepublikken\",\"isPartOf\":{\"@id\":\"https:\/\/nordnesrepublikken.no\/#website\"},\"primaryImageOfPage\":{\"@id\":\"https:\/\/nordnesrepublikken.no\/index.php\/2025\/06\/09\/det-sterkeste-jordskjelvet-i-storrelsesorden-3-1\/#primaryimage\"},\"image\":{\"@id\":\"https:\/\/nordnesrepublikken.no\/index.php\/2025\/06\/09\/det-sterkeste-jordskjelvet-i-storrelsesorden-3-1\/#primaryimage\"},\"thumbnailUrl\":\"https:\/\/nordnesrepublikken.no\/wp-content\/uploads\/2025\/06\/1749455386_Det-sterkeste-jordskjelvet-i-storrelsesorden-31.jpg\",\"datePublished\":\"2025-06-09T07:49:46+00:00\",\"dateModified\":\"2025-06-09T07:49:47+00:00\",\"breadcrumb\":{\"@id\":\"https:\/\/nordnesrepublikken.no\/index.php\/2025\/06\/09\/det-sterkeste-jordskjelvet-i-storrelsesorden-3-1\/#breadcrumb\"},\"inLanguage\":\"nb-NO\",\"potentialAction\":[{\"@type\":\"ReadAction\",\"target\":[\"https:\/\/nordnesrepublikken.no\/index.php\/2025\/06\/09\/det-sterkeste-jordskjelvet-i-storrelsesorden-3-1\/\"]}]},{\"@type\":\"ImageObject\",\"inLanguage\":\"nb-NO\",\"@id\":\"https:\/\/nordnesrepublikken.no\/index.php\/2025\/06\/09\/det-sterkeste-jordskjelvet-i-storrelsesorden-3-1\/#primaryimage\",\"url\":\"https:\/\/nordnesrepublikken.no\/wp-content\/uploads\/2025\/06\/1749455386_Det-sterkeste-jordskjelvet-i-storrelsesorden-31.jpg\",\"contentUrl\":\"https:\/\/nordnesrepublikken.no\/wp-content\/uploads\/2025\/06\/1749455386_Det-sterkeste-jordskjelvet-i-storrelsesorden-31.jpg\",\"width\":1280,\"height\":720,\"caption\":\"Immagine\"},{\"@type\":\"BreadcrumbList\",\"@id\":\"https:\/\/nordnesrepublikken.no\/index.php\/2025\/06\/09\/det-sterkeste-jordskjelvet-i-storrelsesorden-3-1\/#breadcrumb\",\"itemListElement\":[{\"@type\":\"ListItem\",\"position\":1,\"name\":\"Home\",\"item\":\"https:\/\/nordnesrepublikken.no\/\"},{\"@type\":\"ListItem\",\"position\":2,\"name\":\"Det sterkeste jordskjelvet i st\u00f8rrelsesorden 3.1\"}]},{\"@type\":\"WebSite\",\"@id\":\"https:\/\/nordnesrepublikken.no\/#website\",\"url\":\"https:\/\/nordnesrepublikken.no\/\",\"name\":\"Nordnesrepublikken\",\"description\":\"Stemmer og Visjoner fra Republikkens Hjerte\",\"publisher\":{\"@id\":\"https:\/\/nordnesrepublikken.no\/#organization\"},\"potentialAction\":[{\"@type\":\"SearchAction\",\"target\":{\"@type\":\"EntryPoint\",\"urlTemplate\":\"https:\/\/nordnesrepublikken.no\/?s={search_term_string}\"},\"query-input\":{\"@type\":\"PropertyValueSpecification\",\"valueRequired\":true,\"valueName\":\"search_term_string\"}}],\"inLanguage\":\"nb-NO\"},{\"@type\":\"Organization\",\"@id\":\"https:\/\/nordnesrepublikken.no\/#organization\",\"name\":\"Nordnesrepublikken\",\"url\":\"https:\/\/nordnesrepublikken.no\/\",\"logo\":{\"@type\":\"ImageObject\",\"inLanguage\":\"nb-NO\",\"@id\":\"https:\/\/nordnesrepublikken.no\/#\/schema\/logo\/image\/\",\"url\":\"https:\/\/nordnesrepublikken.no\/wp-content\/uploads\/2025\/02\/cropped-nordnesrepublikken-2.png\",\"contentUrl\":\"https:\/\/nordnesrepublikken.no\/wp-content\/uploads\/2025\/02\/cropped-nordnesrepublikken-2.png\",\"width\":1248,\"height\":362,\"caption\":\"Nordnesrepublikken\"},\"image\":{\"@id\":\"https:\/\/nordnesrepublikken.no\/#\/schema\/logo\/image\/\"}},{\"@type\":\"Person\",\"@id\":\"https:\/\/nordnesrepublikken.no\/#\/schema\/person\/2e7e81935bab77882fffb79296240ff1\",\"name\":\"Ole Andersen\",\"image\":{\"@type\":\"ImageObject\",\"inLanguage\":\"nb-NO\",\"@id\":\"https:\/\/nordnesrepublikken.no\/#\/schema\/person\/image\/\",\"url\":\"https:\/\/nordnesrepublikken.no\/wp-content\/uploads\/2025\/02\/nordnesrepublikken-2-2-150x150.jpg\",\"contentUrl\":\"https:\/\/nordnesrepublikken.no\/wp-content\/uploads\/2025\/02\/nordnesrepublikken-2-2-150x150.jpg\",\"caption\":\"Ole Andersen\"},\"description\":\"Ettersom jeg vokste opp i Oslo, har jeg alltid v\u00e6rt fascinert av ordenes kraft og deres evne til \u00e5 skape endringer. Etter \u00e5 ha fullf\u00f8rt min utdannelse i kommunikasjon ved Universitetet i Bergen, fikk jeg muligheten til \u00e5 jobbe innen ulike medier, der jeg har s\u00f8kt \u00e5 belyse viktige samfunnssp\u00f8rsm\u00e5l. I dag, som redakt\u00f8r for Nordnesrepublikken, pr\u00f8ver jeg \u00e5 forene min kj\u00e6rlighet for journalistikk med min lidenskap for innovasjon og eventyr.\",\"sameAs\":[\"https:\/\/nordnesrepublikken.no\/\"]}]}<\/script>\n<!-- \/ Yoast SEO plugin. -->","yoast_head_json":{"title":"Det sterkeste jordskjelvet i st\u00f8rrelsesorden 3.1 - Nordnesrepublikken","robots":{"index":"index","follow":"follow","max-snippet":"max-snippet:-1","max-image-preview":"max-image-preview:large","max-video-preview":"max-video-preview:-1"},"canonical":"https:\/\/nordnesrepublikken.no\/index.php\/2025\/06\/09\/det-sterkeste-jordskjelvet-i-storrelsesorden-3-1\/","og_locale":"nb_NO","og_type":"article","og_title":"Det sterkeste jordskjelvet i st\u00f8rrelsesorden 3.1 - Nordnesrepublikken","og_description":"I g\u00e5r kveld Mellom 3:37 og 4:11 En seismisk sverm har skjedd en Berceto, i","og_url":"https:\/\/nordnesrepublikken.no\/index.php\/2025\/06\/09\/det-sterkeste-jordskjelvet-i-storrelsesorden-3-1\/","og_site_name":"Nordnesrepublikken","article_published_time":"2025-06-09T07:49:46+00:00","article_modified_time":"2025-06-09T07:49:47+00:00","og_image":[{"width":1280,"height":720,"url":"https:\/\/nordnesrepublikken.no\/wp-content\/uploads\/2025\/06\/1749455386_Det-sterkeste-jordskjelvet-i-storrelsesorden-31.jpg","type":"image\/jpeg"}],"author":"Ole Andersen","twitter_card":"summary_large_image","twitter_misc":{"Skrevet av":"Ole Andersen","Ansl. lesetid":"1 minutt"},"schema":{"@context":"https:\/\/schema.org","@graph":[{"@type":"Article","@id":"https:\/\/nordnesrepublikken.no\/index.php\/2025\/06\/09\/det-sterkeste-jordskjelvet-i-storrelsesorden-3-1\/#article","isPartOf":{"@id":"https:\/\/nordnesrepublikken.no\/index.php\/2025\/06\/09\/det-sterkeste-jordskjelvet-i-storrelsesorden-3-1\/"},"author":{"name":"Ole Andersen","@id":"https:\/\/nordnesrepublikken.no\/#\/schema\/person\/2e7e81935bab77882fffb79296240ff1"},"headline":"Det sterkeste jordskjelvet i st\u00f8rrelsesorden 3.1","datePublished":"2025-06-09T07:49:46+00:00","dateModified":"2025-06-09T07:49:47+00:00","mainEntityOfPage":{"@id":"https:\/\/nordnesrepublikken.no\/index.php\/2025\/06\/09\/det-sterkeste-jordskjelvet-i-storrelsesorden-3-1\/"},"wordCount":117,"publisher":{"@id":"https:\/\/nordnesrepublikken.no\/#organization"},"image":{"@id":"https:\/\/nordnesrepublikken.no\/index.php\/2025\/06\/09\/det-sterkeste-jordskjelvet-i-storrelsesorden-3-1\/#primaryimage"},"thumbnailUrl":"https:\/\/nordnesrepublikken.no\/wp-content\/uploads\/2025\/06\/1749455386_Det-sterkeste-jordskjelvet-i-storrelsesorden-31.jpg","keywords":["Det","Jordskjelvet","sterkeste","st\u00f8rrelsesorden"],"articleSection":["Vitenskap"],"inLanguage":"nb-NO"},{"@type":"WebPage","@id":"https:\/\/nordnesrepublikken.no\/index.php\/2025\/06\/09\/det-sterkeste-jordskjelvet-i-storrelsesorden-3-1\/","url":"https:\/\/nordnesrepublikken.no\/index.php\/2025\/06\/09\/det-sterkeste-jordskjelvet-i-storrelsesorden-3-1\/","name":"Det sterkeste jordskjelvet i st\u00f8rrelsesorden 3.1 - Nordnesrepublikken","isPartOf":{"@id":"https:\/\/nordnesrepublikken.no\/#website"},"primaryImageOfPage":{"@id":"https:\/\/nordnesrepublikken.no\/index.php\/2025\/06\/09\/det-sterkeste-jordskjelvet-i-storrelsesorden-3-1\/#primaryimage"},"image":{"@id":"https:\/\/nordnesrepublikken.no\/index.php\/2025\/06\/09\/det-sterkeste-jordskjelvet-i-storrelsesorden-3-1\/#primaryimage"},"thumbnailUrl":"https:\/\/nordnesrepublikken.no\/wp-content\/uploads\/2025\/06\/1749455386_Det-sterkeste-jordskjelvet-i-storrelsesorden-31.jpg","datePublished":"2025-06-09T07:49:46+00:00","dateModified":"2025-06-09T07:49:47+00:00","breadcrumb":{"@id":"https:\/\/nordnesrepublikken.no\/index.php\/2025\/06\/09\/det-sterkeste-jordskjelvet-i-storrelsesorden-3-1\/#breadcrumb"},"inLanguage":"nb-NO","potentialAction":[{"@type":"ReadAction","target":["https:\/\/nordnesrepublikken.no\/index.php\/2025\/06\/09\/det-sterkeste-jordskjelvet-i-storrelsesorden-3-1\/"]}]},{"@type":"ImageObject","inLanguage":"nb-NO","@id":"https:\/\/nordnesrepublikken.no\/index.php\/2025\/06\/09\/det-sterkeste-jordskjelvet-i-storrelsesorden-3-1\/#primaryimage","url":"https:\/\/nordnesrepublikken.no\/wp-content\/uploads\/2025\/06\/1749455386_Det-sterkeste-jordskjelvet-i-storrelsesorden-31.jpg","contentUrl":"https:\/\/nordnesrepublikken.no\/wp-content\/uploads\/2025\/06\/1749455386_Det-sterkeste-jordskjelvet-i-storrelsesorden-31.jpg","width":1280,"height":720,"caption":"Immagine"},{"@type":"BreadcrumbList","@id":"https:\/\/nordnesrepublikken.no\/index.php\/2025\/06\/09\/det-sterkeste-jordskjelvet-i-storrelsesorden-3-1\/#breadcrumb","itemListElement":[{"@type":"ListItem","position":1,"name":"Home","item":"https:\/\/nordnesrepublikken.no\/"},{"@type":"ListItem","position":2,"name":"Det sterkeste jordskjelvet i st\u00f8rrelsesorden 3.1"}]},{"@type":"WebSite","@id":"https:\/\/nordnesrepublikken.no\/#website","url":"https:\/\/nordnesrepublikken.no\/","name":"Nordnesrepublikken","description":"Stemmer og Visjoner fra Republikkens Hjerte","publisher":{"@id":"https:\/\/nordnesrepublikken.no\/#organization"},"potentialAction":[{"@type":"SearchAction","target":{"@type":"EntryPoint","urlTemplate":"https:\/\/nordnesrepublikken.no\/?s={search_term_string}"},"query-input":{"@type":"PropertyValueSpecification","valueRequired":true,"valueName":"search_term_string"}}],"inLanguage":"nb-NO"},{"@type":"Organization","@id":"https:\/\/nordnesrepublikken.no\/#organization","name":"Nordnesrepublikken","url":"https:\/\/nordnesrepublikken.no\/","logo":{"@type":"ImageObject","inLanguage":"nb-NO","@id":"https:\/\/nordnesrepublikken.no\/#\/schema\/logo\/image\/","url":"https:\/\/nordnesrepublikken.no\/wp-content\/uploads\/2025\/02\/cropped-nordnesrepublikken-2.png","contentUrl":"https:\/\/nordnesrepublikken.no\/wp-content\/uploads\/2025\/02\/cropped-nordnesrepublikken-2.png","width":1248,"height":362,"caption":"Nordnesrepublikken"},"image":{"@id":"https:\/\/nordnesrepublikken.no\/#\/schema\/logo\/image\/"}},{"@type":"Person","@id":"https:\/\/nordnesrepublikken.no\/#\/schema\/person\/2e7e81935bab77882fffb79296240ff1","name":"Ole Andersen","image":{"@type":"ImageObject","inLanguage":"nb-NO","@id":"https:\/\/nordnesrepublikken.no\/#\/schema\/person\/image\/","url":"https:\/\/nordnesrepublikken.no\/wp-content\/uploads\/2025\/02\/nordnesrepublikken-2-2-150x150.jpg","contentUrl":"https:\/\/nordnesrepublikken.no\/wp-content\/uploads\/2025\/02\/nordnesrepublikken-2-2-150x150.jpg","caption":"Ole Andersen"},"description":"Ettersom jeg vokste opp i Oslo, har jeg alltid v\u00e6rt fascinert av ordenes kraft og deres evne til \u00e5 skape endringer. Etter \u00e5 ha fullf\u00f8rt min utdannelse i kommunikasjon ved Universitetet i Bergen, fikk jeg muligheten til \u00e5 jobbe innen ulike medier, der jeg har s\u00f8kt \u00e5 belyse viktige samfunnssp\u00f8rsm\u00e5l. I dag, som redakt\u00f8r for Nordnesrepublikken, pr\u00f8ver jeg \u00e5 forene min kj\u00e6rlighet for journalistikk med min lidenskap for innovasjon og eventyr.","sameAs":["https:\/\/nordnesrepublikken.no\/"]}]}},"_links":{"self":[{"href":"https:\/\/nordnesrepublikken.no\/index.php\/wp-json\/wp\/v2\/posts\/5560","targetHints":{"allow":["GET"]}}],"collection":[{"href":"https:\/\/nordnesrepublikken.no\/index.php\/wp-json\/wp\/v2\/posts"}],"about":[{"href":"https:\/\/nordnesrepublikken.no\/index.php\/wp-json\/wp\/v2\/types\/post"}],"author":[{"embeddable":true,"href":"https:\/\/nordnesrepublikken.no\/index.php\/wp-json\/wp\/v2\/users\/1"}],"replies":[{"embeddable":true,"href":"https:\/\/nordnesrepublikken.no\/index.php\/wp-json\/wp\/v2\/comments?post=5560"}],"version-history":[{"count":1,"href":"https:\/\/nordnesrepublikken.no\/index.php\/wp-json\/wp\/v2\/posts\/5560\/revisions"}],"predecessor-version":[{"id":5562,"href":"https:\/\/nordnesrepublikken.no\/index.php\/wp-json\/wp\/v2\/posts\/5560\/revisions\/5562"}],"wp:featuredmedia":[{"embeddable":true,"href":"https:\/\/nordnesrepublikken.no\/index.php\/wp-json\/wp\/v2\/media\/5561"}],"wp:attachment":[{"href":"https:\/\/nordnesrepublikken.no\/index.php\/wp-json\/wp\/v2\/media?parent=5560"}],"wp:term":[{"taxonomy":"category","embeddable":true,"href":"https:\/\/nordnesrepublikken.no\/index.php\/wp-json\/wp\/v2\/categories?post=5560"},{"taxonomy":"post_tag","embeddable":true,"href":"https:\/\/nordnesrepublikken.no\/index.php\/wp-json\/wp\/v2\/tags?post=5560"}],"curies":[{"name":"wp","href":"https:\/\/api.w.org\/{rel}","templated":true}]}}