{"id":5557,"date":"2025-06-09T06:49:34","date_gmt":"2025-06-09T04:49:34","guid":{"rendered":"https:\/\/nordnesrepublikken.no\/index.php\/2025\/06\/09\/historie-og-tradisjon-for-kilt-det-mest-beromte-plagget-i-skottland\/"},"modified":"2025-06-09T06:49:46","modified_gmt":"2025-06-09T04:49:46","slug":"historie-og-tradisjon-for-kilt-det-mest-beromte-plagget-i-skottland","status":"publish","type":"post","link":"https:\/\/nordnesrepublikken.no\/index.php\/2025\/06\/09\/historie-og-tradisjon-for-kilt-det-mest-beromte-plagget-i-skottland\/","title":{"rendered":"Historie og tradisjon for Kilt, det mest ber\u00f8mte plagget i Skottland"},"content":{"rendered":"<div>\n<div class=\"cp_wrapper cp_wrapper--fw mb-30 mb-20@tablet\">\n<figure class=\"mm\"><picture class=\"img\" style=\"padding-top:56.25%\"><source  media=\"(min-width: 1024px)\"><source  media=\"(min-width: 768px)\"><\/source><\/source><\/picture><\/figure>\n<\/p><\/div>\n<p>De <strong>Kilt<\/strong> Det er et mannlig plagg av stoff som omslutter og sl\u00e5r seg inn i livet, typisk for den skotske tradisjonen som <strong>ble f\u00f8dt p\u00e5 det attende \u00e5rhundre<\/strong>. I en f\u00f8rste versjon inkluderte den ogs\u00e5 en h\u00f8yere del som stirret bak og tilb\u00f8d en bredere en <strong>beskyttelse<\/strong> Fra kulde, vind og regn. Den engelske gr\u00fcnderen <strong>Thomas Rawlinson<\/strong>Imidlertid opprettet han en mer str\u00f8mlinjeformet versjon, den vi kjenner i dag, for \u00e5 gj\u00f8re arbeidet til sine arbeidere enklere; Kilt i dag er ikke bare et tradisjonelt mannlig plagg, faktisk, men en ekte <strong>Symbol p\u00e5 kultur<\/strong> Og <strong>av den nasjonale identiteten til Skottland<\/strong>som med hans <strong>umiskjennelig<\/strong> <strong>form<\/strong> &laquo;Med brettet skj\u00f8rt&raquo; (men v\u00e6r forsiktig s\u00e5 du ikke kaller det et skj\u00f8rt p\u00e5 ekte) og det fargerike <strong>grunner<\/strong> <strong>tartan<\/strong>forteller en \u00e5rhundrer -gammel historie.<\/p>\n<h2>Da den skotske kilt ble f\u00f8dt<\/h2>\n<p>De <strong>Kilt<\/strong> Som vi kjenner det i dag, s\u00e5 \u00e5 si det vi er vant til \u00e5 se i tradisjonelle skotske feiringer, mellom gir, danser og h\u00f8ytidelige rammer, <strong>Det oppst\u00e5r bare i begynnelsen av<\/strong> <strong>Xviii \u00e5rhundre<\/strong>. F\u00f8r dette \u00f8yeblikket, <strong>Det hadde allerede eksistert i omtrent to \u00e5rhundrer<\/strong> Hva p\u00e5 den skotske g\u00e6liske ble definert <em>Feiladh Mor<\/em>eller <em>Stor Kilt<\/em> (flott kilt) eller <em>Beltet pledd<\/em> (Plaid med belte), p\u00e5 engelsk. La oss snakke om en <strong>Langt stoff i r\u00e5 ull<\/strong> (Virkelig lang, siden det ogs\u00e5 kunne m\u00e5le 5 meter) som ble pakket rundt kroppen og fikset med et belte. Den nedre delen dekket delvis bena, mens den \u00f8vre kunne trekkes opp over skulderen og brukes som en kappe, og dermed ga en behagelig beskyttelse mot kulde, vind og regn.<\/p>\n<p>Stoffet ble laget i <strong>tartan <\/strong>(som vi ogs\u00e5 finner i den &laquo;moderne&raquo; versjonen), nemlig det ber\u00f8mte designet a <strong>linjer<\/strong> <strong>vinkelrett<\/strong> som gir opphav til en grunn <strong>sjekket<\/strong> med forskjellige farger. Over tid, <strong>Alt er bra<\/strong> <strong>klan<\/strong> Skotsk skilte sin egen tartan, med godt definerte farger og motiver for \u00e5 identifisere p\u00e5 denne m\u00e5ten en presis som tilh\u00f8rer samfunnet. I alle fall, if\u00f8rt et s\u00e5 langt stoff, og ofte var det absolutt ikke et lett selskap: det var n\u00f8dvendig \u00e5 spre det p\u00e5 bakken, samle det i bretter i henhold til en presis sekvens og dekk over for \u00e5 pakke den til kroppen og til slutt fikse den, i en riktig posisjon med en <strong>Pin<\/strong> <strong>pryd<\/strong> (<em>Brosje<\/em>).<\/p>\n<h2>Den moderne kilt<\/h2>\n<p>Som vi kjenner kilt, ble kilt bare f\u00f8dt p\u00e5 1700 -tallet, det er derfor ikke en arv fra den forhistoriske fortiden til nasjonen, men &laquo;en oppfinnelse&raquo;, laget ved bordet for <strong>sp\u00f8rsm\u00e5l spesielt praksis<\/strong>. Den forrige <em>Feiladh Mor<\/em> Det ble faktisk tilpasset av en gr\u00fcnder av engelsk opprinnelse, <strong>Thomas<\/strong> <strong>Rawlinson<\/strong>at ved \u00e5 observere sine arbeidere til \u00e5 bevege seg med de klumpete kl\u00e6rne tenkte han \u00e5 lage en versjon <strong>flere<\/strong> <strong>lys<\/strong> Og det favoriserte en <strong>st\u00f8rre<\/strong> <strong>mobilitet<\/strong> Under manuelt arbeid, b\u00e5de utend\u00f8rs og i ovnene. If\u00f8lge noen historikere var imidlertid overgangen til &laquo;slanker&raquo; -versjonen i en viss forstand forpliktet av passasjen til <strong>rammer<\/strong> <strong>horisontal<\/strong>som forhindret realisering av for brede stoffer.<br \/>De <em>Feiladh Mor<\/em> Han mistet da sin h\u00f8yere forlengelse, og forvandlet seg selv til <em>F\u00e8ileadh Beag<\/em>eller <em>Liten kilt<\/em> (Piccolo Kilt), p\u00e5 engelsk, opprettholder imidlertid alltid den typiske grunnen til tartanen.<\/p>\n<p>I en viss periode ble Kilt og andre former for tartanstoff forbudt av den britiske regjeringen med <em><strong>Kjole Act<\/strong><\/em>utstedt etter nederlaget til de skotske klanene i <strong>Slaget ved Culloden<\/strong> (1746). Med <em>Kjole Act<\/em>britene hadde til hensikt \u00e5 eliminere hvert element som kunne styrke enheten til klanene og deres kulturelle identitet, ans\u00e5 som en trussel mot den engelske autoriteten. De <em>Kjole Act<\/em> Han ble avskaffet i 1782, etter 36 \u00e5r. Siden den gang, <strong>Kilt og tartanen kom tilbake til \u00e5 bli slitt fritt<\/strong> blir over tid ekte ekte <strong>Symboler p\u00e5 skotsk nasjonal stolthet<\/strong>ogs\u00e5 takk til <strong>romanse<\/strong> og til den kulturelle gjenoppdagelsen av 1800 -tallet.<\/p>\n<p>Kilt er fremdeles en<strong> Symbol p\u00e5 den sterke skotske nasjonale identiteten<\/strong>sannsynligvis den mest kjente, og er fremdeles slitt ved bestemte anledninger, for eksempel i bryllup, under nasjonale feiringer eller tradisjonelle merkedager.<\/p>\n<\/p><\/div>\n","protected":false},"excerpt":{"rendered":"<p>De Kilt Det er et mannlig plagg av stoff som omslutter og sl\u00e5r seg inn<\/p>\n","protected":false},"author":1,"featured_media":5558,"comment_status":"closed","ping_status":"open","sticky":false,"template":"","format":"standard","meta":{"footnotes":""},"categories":[104],"tags":[1633,66,331,3349,167,3350,3351,3348],"class_list":["post-5557","post","type-post","status-publish","format-standard","has-post-thumbnail","hentry","category-samfunn","tag-beromte","tag-det","tag-historie","tag-kilt","tag-mest","tag-plagget","tag-skottland","tag-tradisjon","generate-columns","tablet-grid-50","mobile-grid-100","grid-parent","grid-33","resize-featured-image"],"yoast_head":"<!-- This site is optimized with the Yoast SEO plugin v24.4 - https:\/\/yoast.com\/wordpress\/plugins\/seo\/ -->\n<title>Historie og tradisjon for Kilt, det mest ber\u00f8mte plagget i Skottland - Nordnesrepublikken<\/title>\n<meta name=\"robots\" content=\"index, follow, max-snippet:-1, max-image-preview:large, max-video-preview:-1\" \/>\n<link rel=\"canonical\" href=\"https:\/\/nordnesrepublikken.no\/index.php\/2025\/06\/09\/historie-og-tradisjon-for-kilt-det-mest-beromte-plagget-i-skottland\/\" \/>\n<meta property=\"og:locale\" content=\"nb_NO\" \/>\n<meta property=\"og:type\" content=\"article\" \/>\n<meta property=\"og:title\" content=\"Historie og tradisjon for Kilt, det mest ber\u00f8mte plagget i Skottland - Nordnesrepublikken\" \/>\n<meta property=\"og:description\" content=\"De Kilt Det er et mannlig plagg av stoff som omslutter og sl\u00e5r seg inn\" \/>\n<meta property=\"og:url\" content=\"https:\/\/nordnesrepublikken.no\/index.php\/2025\/06\/09\/historie-og-tradisjon-for-kilt-det-mest-beromte-plagget-i-skottland\/\" \/>\n<meta property=\"og:site_name\" content=\"Nordnesrepublikken\" \/>\n<meta property=\"article:published_time\" content=\"2025-06-09T04:49:34+00:00\" \/>\n<meta property=\"article:modified_time\" content=\"2025-06-09T04:49:46+00:00\" \/>\n<meta property=\"og:image\" content=\"https:\/\/nordnesrepublikken.no\/wp-content\/uploads\/2025\/06\/1749444574_Historie-og-tradisjon-for-Kilt-det-mest-beromte-plagget-i-scaled.jpg\" \/>\n\t<meta property=\"og:image:width\" content=\"2560\" \/>\n\t<meta property=\"og:image:height\" content=\"1713\" \/>\n\t<meta property=\"og:image:type\" content=\"image\/jpeg\" \/>\n<meta name=\"author\" content=\"Ole Andersen\" \/>\n<meta name=\"twitter:card\" content=\"summary_large_image\" \/>\n<meta name=\"twitter:label1\" content=\"Skrevet av\" \/>\n\t<meta name=\"twitter:data1\" content=\"Ole Andersen\" \/>\n\t<meta name=\"twitter:label2\" content=\"Ansl. lesetid\" \/>\n\t<meta name=\"twitter:data2\" content=\"3 minutter\" \/>\n<script type=\"application\/ld+json\" class=\"yoast-schema-graph\">{\"@context\":\"https:\/\/schema.org\",\"@graph\":[{\"@type\":\"Article\",\"@id\":\"https:\/\/nordnesrepublikken.no\/index.php\/2025\/06\/09\/historie-og-tradisjon-for-kilt-det-mest-beromte-plagget-i-skottland\/#article\",\"isPartOf\":{\"@id\":\"https:\/\/nordnesrepublikken.no\/index.php\/2025\/06\/09\/historie-og-tradisjon-for-kilt-det-mest-beromte-plagget-i-skottland\/\"},\"author\":{\"name\":\"Ole Andersen\",\"@id\":\"https:\/\/nordnesrepublikken.no\/#\/schema\/person\/2e7e81935bab77882fffb79296240ff1\"},\"headline\":\"Historie og tradisjon for Kilt, det mest ber\u00f8mte plagget i Skottland\",\"datePublished\":\"2025-06-09T04:49:34+00:00\",\"dateModified\":\"2025-06-09T04:49:46+00:00\",\"mainEntityOfPage\":{\"@id\":\"https:\/\/nordnesrepublikken.no\/index.php\/2025\/06\/09\/historie-og-tradisjon-for-kilt-det-mest-beromte-plagget-i-skottland\/\"},\"wordCount\":683,\"publisher\":{\"@id\":\"https:\/\/nordnesrepublikken.no\/#organization\"},\"image\":{\"@id\":\"https:\/\/nordnesrepublikken.no\/index.php\/2025\/06\/09\/historie-og-tradisjon-for-kilt-det-mest-beromte-plagget-i-skottland\/#primaryimage\"},\"thumbnailUrl\":\"https:\/\/nordnesrepublikken.no\/wp-content\/uploads\/2025\/06\/1749444574_Historie-og-tradisjon-for-Kilt-det-mest-beromte-plagget-i-scaled.jpg\",\"keywords\":[\"ber\u00f8mte\",\"Det\",\"historie\",\"Kilt\",\"mest\",\"plagget\",\"Skottland\",\"tradisjon\"],\"articleSection\":[\"Samfunn\"],\"inLanguage\":\"nb-NO\"},{\"@type\":\"WebPage\",\"@id\":\"https:\/\/nordnesrepublikken.no\/index.php\/2025\/06\/09\/historie-og-tradisjon-for-kilt-det-mest-beromte-plagget-i-skottland\/\",\"url\":\"https:\/\/nordnesrepublikken.no\/index.php\/2025\/06\/09\/historie-og-tradisjon-for-kilt-det-mest-beromte-plagget-i-skottland\/\",\"name\":\"Historie og tradisjon for Kilt, det mest ber\u00f8mte plagget i Skottland - Nordnesrepublikken\",\"isPartOf\":{\"@id\":\"https:\/\/nordnesrepublikken.no\/#website\"},\"primaryImageOfPage\":{\"@id\":\"https:\/\/nordnesrepublikken.no\/index.php\/2025\/06\/09\/historie-og-tradisjon-for-kilt-det-mest-beromte-plagget-i-skottland\/#primaryimage\"},\"image\":{\"@id\":\"https:\/\/nordnesrepublikken.no\/index.php\/2025\/06\/09\/historie-og-tradisjon-for-kilt-det-mest-beromte-plagget-i-skottland\/#primaryimage\"},\"thumbnailUrl\":\"https:\/\/nordnesrepublikken.no\/wp-content\/uploads\/2025\/06\/1749444574_Historie-og-tradisjon-for-Kilt-det-mest-beromte-plagget-i-scaled.jpg\",\"datePublished\":\"2025-06-09T04:49:34+00:00\",\"dateModified\":\"2025-06-09T04:49:46+00:00\",\"breadcrumb\":{\"@id\":\"https:\/\/nordnesrepublikken.no\/index.php\/2025\/06\/09\/historie-og-tradisjon-for-kilt-det-mest-beromte-plagget-i-skottland\/#breadcrumb\"},\"inLanguage\":\"nb-NO\",\"potentialAction\":[{\"@type\":\"ReadAction\",\"target\":[\"https:\/\/nordnesrepublikken.no\/index.php\/2025\/06\/09\/historie-og-tradisjon-for-kilt-det-mest-beromte-plagget-i-skottland\/\"]}]},{\"@type\":\"ImageObject\",\"inLanguage\":\"nb-NO\",\"@id\":\"https:\/\/nordnesrepublikken.no\/index.php\/2025\/06\/09\/historie-og-tradisjon-for-kilt-det-mest-beromte-plagget-i-skottland\/#primaryimage\",\"url\":\"https:\/\/nordnesrepublikken.no\/wp-content\/uploads\/2025\/06\/1749444574_Historie-og-tradisjon-for-Kilt-det-mest-beromte-plagget-i-scaled.jpg\",\"contentUrl\":\"https:\/\/nordnesrepublikken.no\/wp-content\/uploads\/2025\/06\/1749444574_Historie-og-tradisjon-for-Kilt-det-mest-beromte-plagget-i-scaled.jpg\",\"width\":2560,\"height\":1713,\"caption\":\"kilt\"},{\"@type\":\"BreadcrumbList\",\"@id\":\"https:\/\/nordnesrepublikken.no\/index.php\/2025\/06\/09\/historie-og-tradisjon-for-kilt-det-mest-beromte-plagget-i-skottland\/#breadcrumb\",\"itemListElement\":[{\"@type\":\"ListItem\",\"position\":1,\"name\":\"Home\",\"item\":\"https:\/\/nordnesrepublikken.no\/\"},{\"@type\":\"ListItem\",\"position\":2,\"name\":\"Historie og tradisjon for Kilt, det mest ber\u00f8mte plagget i Skottland\"}]},{\"@type\":\"WebSite\",\"@id\":\"https:\/\/nordnesrepublikken.no\/#website\",\"url\":\"https:\/\/nordnesrepublikken.no\/\",\"name\":\"Nordnesrepublikken\",\"description\":\"Stemmer og Visjoner fra Republikkens Hjerte\",\"publisher\":{\"@id\":\"https:\/\/nordnesrepublikken.no\/#organization\"},\"potentialAction\":[{\"@type\":\"SearchAction\",\"target\":{\"@type\":\"EntryPoint\",\"urlTemplate\":\"https:\/\/nordnesrepublikken.no\/?s={search_term_string}\"},\"query-input\":{\"@type\":\"PropertyValueSpecification\",\"valueRequired\":true,\"valueName\":\"search_term_string\"}}],\"inLanguage\":\"nb-NO\"},{\"@type\":\"Organization\",\"@id\":\"https:\/\/nordnesrepublikken.no\/#organization\",\"name\":\"Nordnesrepublikken\",\"url\":\"https:\/\/nordnesrepublikken.no\/\",\"logo\":{\"@type\":\"ImageObject\",\"inLanguage\":\"nb-NO\",\"@id\":\"https:\/\/nordnesrepublikken.no\/#\/schema\/logo\/image\/\",\"url\":\"https:\/\/nordnesrepublikken.no\/wp-content\/uploads\/2025\/02\/cropped-nordnesrepublikken-2.png\",\"contentUrl\":\"https:\/\/nordnesrepublikken.no\/wp-content\/uploads\/2025\/02\/cropped-nordnesrepublikken-2.png\",\"width\":1248,\"height\":362,\"caption\":\"Nordnesrepublikken\"},\"image\":{\"@id\":\"https:\/\/nordnesrepublikken.no\/#\/schema\/logo\/image\/\"}},{\"@type\":\"Person\",\"@id\":\"https:\/\/nordnesrepublikken.no\/#\/schema\/person\/2e7e81935bab77882fffb79296240ff1\",\"name\":\"Ole Andersen\",\"image\":{\"@type\":\"ImageObject\",\"inLanguage\":\"nb-NO\",\"@id\":\"https:\/\/nordnesrepublikken.no\/#\/schema\/person\/image\/\",\"url\":\"https:\/\/nordnesrepublikken.no\/wp-content\/uploads\/2025\/02\/nordnesrepublikken-2-2-150x150.jpg\",\"contentUrl\":\"https:\/\/nordnesrepublikken.no\/wp-content\/uploads\/2025\/02\/nordnesrepublikken-2-2-150x150.jpg\",\"caption\":\"Ole Andersen\"},\"description\":\"Ettersom jeg vokste opp i Oslo, har jeg alltid v\u00e6rt fascinert av ordenes kraft og deres evne til \u00e5 skape endringer. Etter \u00e5 ha fullf\u00f8rt min utdannelse i kommunikasjon ved Universitetet i Bergen, fikk jeg muligheten til \u00e5 jobbe innen ulike medier, der jeg har s\u00f8kt \u00e5 belyse viktige samfunnssp\u00f8rsm\u00e5l. I dag, som redakt\u00f8r for Nordnesrepublikken, pr\u00f8ver jeg \u00e5 forene min kj\u00e6rlighet for journalistikk med min lidenskap for innovasjon og eventyr.\",\"sameAs\":[\"https:\/\/nordnesrepublikken.no\/\"]}]}<\/script>\n<!-- \/ Yoast SEO plugin. -->","yoast_head_json":{"title":"Historie og tradisjon for Kilt, det mest ber\u00f8mte plagget i Skottland - Nordnesrepublikken","robots":{"index":"index","follow":"follow","max-snippet":"max-snippet:-1","max-image-preview":"max-image-preview:large","max-video-preview":"max-video-preview:-1"},"canonical":"https:\/\/nordnesrepublikken.no\/index.php\/2025\/06\/09\/historie-og-tradisjon-for-kilt-det-mest-beromte-plagget-i-skottland\/","og_locale":"nb_NO","og_type":"article","og_title":"Historie og tradisjon for Kilt, det mest ber\u00f8mte plagget i Skottland - Nordnesrepublikken","og_description":"De Kilt Det er et mannlig plagg av stoff som omslutter og sl\u00e5r seg inn","og_url":"https:\/\/nordnesrepublikken.no\/index.php\/2025\/06\/09\/historie-og-tradisjon-for-kilt-det-mest-beromte-plagget-i-skottland\/","og_site_name":"Nordnesrepublikken","article_published_time":"2025-06-09T04:49:34+00:00","article_modified_time":"2025-06-09T04:49:46+00:00","og_image":[{"width":2560,"height":1713,"url":"https:\/\/nordnesrepublikken.no\/wp-content\/uploads\/2025\/06\/1749444574_Historie-og-tradisjon-for-Kilt-det-mest-beromte-plagget-i-scaled.jpg","type":"image\/jpeg"}],"author":"Ole Andersen","twitter_card":"summary_large_image","twitter_misc":{"Skrevet av":"Ole Andersen","Ansl. lesetid":"3 minutter"},"schema":{"@context":"https:\/\/schema.org","@graph":[{"@type":"Article","@id":"https:\/\/nordnesrepublikken.no\/index.php\/2025\/06\/09\/historie-og-tradisjon-for-kilt-det-mest-beromte-plagget-i-skottland\/#article","isPartOf":{"@id":"https:\/\/nordnesrepublikken.no\/index.php\/2025\/06\/09\/historie-og-tradisjon-for-kilt-det-mest-beromte-plagget-i-skottland\/"},"author":{"name":"Ole Andersen","@id":"https:\/\/nordnesrepublikken.no\/#\/schema\/person\/2e7e81935bab77882fffb79296240ff1"},"headline":"Historie og tradisjon for Kilt, det mest ber\u00f8mte plagget i Skottland","datePublished":"2025-06-09T04:49:34+00:00","dateModified":"2025-06-09T04:49:46+00:00","mainEntityOfPage":{"@id":"https:\/\/nordnesrepublikken.no\/index.php\/2025\/06\/09\/historie-og-tradisjon-for-kilt-det-mest-beromte-plagget-i-skottland\/"},"wordCount":683,"publisher":{"@id":"https:\/\/nordnesrepublikken.no\/#organization"},"image":{"@id":"https:\/\/nordnesrepublikken.no\/index.php\/2025\/06\/09\/historie-og-tradisjon-for-kilt-det-mest-beromte-plagget-i-skottland\/#primaryimage"},"thumbnailUrl":"https:\/\/nordnesrepublikken.no\/wp-content\/uploads\/2025\/06\/1749444574_Historie-og-tradisjon-for-Kilt-det-mest-beromte-plagget-i-scaled.jpg","keywords":["ber\u00f8mte","Det","historie","Kilt","mest","plagget","Skottland","tradisjon"],"articleSection":["Samfunn"],"inLanguage":"nb-NO"},{"@type":"WebPage","@id":"https:\/\/nordnesrepublikken.no\/index.php\/2025\/06\/09\/historie-og-tradisjon-for-kilt-det-mest-beromte-plagget-i-skottland\/","url":"https:\/\/nordnesrepublikken.no\/index.php\/2025\/06\/09\/historie-og-tradisjon-for-kilt-det-mest-beromte-plagget-i-skottland\/","name":"Historie og tradisjon for Kilt, det mest ber\u00f8mte plagget i Skottland - Nordnesrepublikken","isPartOf":{"@id":"https:\/\/nordnesrepublikken.no\/#website"},"primaryImageOfPage":{"@id":"https:\/\/nordnesrepublikken.no\/index.php\/2025\/06\/09\/historie-og-tradisjon-for-kilt-det-mest-beromte-plagget-i-skottland\/#primaryimage"},"image":{"@id":"https:\/\/nordnesrepublikken.no\/index.php\/2025\/06\/09\/historie-og-tradisjon-for-kilt-det-mest-beromte-plagget-i-skottland\/#primaryimage"},"thumbnailUrl":"https:\/\/nordnesrepublikken.no\/wp-content\/uploads\/2025\/06\/1749444574_Historie-og-tradisjon-for-Kilt-det-mest-beromte-plagget-i-scaled.jpg","datePublished":"2025-06-09T04:49:34+00:00","dateModified":"2025-06-09T04:49:46+00:00","breadcrumb":{"@id":"https:\/\/nordnesrepublikken.no\/index.php\/2025\/06\/09\/historie-og-tradisjon-for-kilt-det-mest-beromte-plagget-i-skottland\/#breadcrumb"},"inLanguage":"nb-NO","potentialAction":[{"@type":"ReadAction","target":["https:\/\/nordnesrepublikken.no\/index.php\/2025\/06\/09\/historie-og-tradisjon-for-kilt-det-mest-beromte-plagget-i-skottland\/"]}]},{"@type":"ImageObject","inLanguage":"nb-NO","@id":"https:\/\/nordnesrepublikken.no\/index.php\/2025\/06\/09\/historie-og-tradisjon-for-kilt-det-mest-beromte-plagget-i-skottland\/#primaryimage","url":"https:\/\/nordnesrepublikken.no\/wp-content\/uploads\/2025\/06\/1749444574_Historie-og-tradisjon-for-Kilt-det-mest-beromte-plagget-i-scaled.jpg","contentUrl":"https:\/\/nordnesrepublikken.no\/wp-content\/uploads\/2025\/06\/1749444574_Historie-og-tradisjon-for-Kilt-det-mest-beromte-plagget-i-scaled.jpg","width":2560,"height":1713,"caption":"kilt"},{"@type":"BreadcrumbList","@id":"https:\/\/nordnesrepublikken.no\/index.php\/2025\/06\/09\/historie-og-tradisjon-for-kilt-det-mest-beromte-plagget-i-skottland\/#breadcrumb","itemListElement":[{"@type":"ListItem","position":1,"name":"Home","item":"https:\/\/nordnesrepublikken.no\/"},{"@type":"ListItem","position":2,"name":"Historie og tradisjon for Kilt, det mest ber\u00f8mte plagget i Skottland"}]},{"@type":"WebSite","@id":"https:\/\/nordnesrepublikken.no\/#website","url":"https:\/\/nordnesrepublikken.no\/","name":"Nordnesrepublikken","description":"Stemmer og Visjoner fra Republikkens Hjerte","publisher":{"@id":"https:\/\/nordnesrepublikken.no\/#organization"},"potentialAction":[{"@type":"SearchAction","target":{"@type":"EntryPoint","urlTemplate":"https:\/\/nordnesrepublikken.no\/?s={search_term_string}"},"query-input":{"@type":"PropertyValueSpecification","valueRequired":true,"valueName":"search_term_string"}}],"inLanguage":"nb-NO"},{"@type":"Organization","@id":"https:\/\/nordnesrepublikken.no\/#organization","name":"Nordnesrepublikken","url":"https:\/\/nordnesrepublikken.no\/","logo":{"@type":"ImageObject","inLanguage":"nb-NO","@id":"https:\/\/nordnesrepublikken.no\/#\/schema\/logo\/image\/","url":"https:\/\/nordnesrepublikken.no\/wp-content\/uploads\/2025\/02\/cropped-nordnesrepublikken-2.png","contentUrl":"https:\/\/nordnesrepublikken.no\/wp-content\/uploads\/2025\/02\/cropped-nordnesrepublikken-2.png","width":1248,"height":362,"caption":"Nordnesrepublikken"},"image":{"@id":"https:\/\/nordnesrepublikken.no\/#\/schema\/logo\/image\/"}},{"@type":"Person","@id":"https:\/\/nordnesrepublikken.no\/#\/schema\/person\/2e7e81935bab77882fffb79296240ff1","name":"Ole Andersen","image":{"@type":"ImageObject","inLanguage":"nb-NO","@id":"https:\/\/nordnesrepublikken.no\/#\/schema\/person\/image\/","url":"https:\/\/nordnesrepublikken.no\/wp-content\/uploads\/2025\/02\/nordnesrepublikken-2-2-150x150.jpg","contentUrl":"https:\/\/nordnesrepublikken.no\/wp-content\/uploads\/2025\/02\/nordnesrepublikken-2-2-150x150.jpg","caption":"Ole Andersen"},"description":"Ettersom jeg vokste opp i Oslo, har jeg alltid v\u00e6rt fascinert av ordenes kraft og deres evne til \u00e5 skape endringer. Etter \u00e5 ha fullf\u00f8rt min utdannelse i kommunikasjon ved Universitetet i Bergen, fikk jeg muligheten til \u00e5 jobbe innen ulike medier, der jeg har s\u00f8kt \u00e5 belyse viktige samfunnssp\u00f8rsm\u00e5l. I dag, som redakt\u00f8r for Nordnesrepublikken, pr\u00f8ver jeg \u00e5 forene min kj\u00e6rlighet for journalistikk med min lidenskap for innovasjon og eventyr.","sameAs":["https:\/\/nordnesrepublikken.no\/"]}]}},"_links":{"self":[{"href":"https:\/\/nordnesrepublikken.no\/index.php\/wp-json\/wp\/v2\/posts\/5557","targetHints":{"allow":["GET"]}}],"collection":[{"href":"https:\/\/nordnesrepublikken.no\/index.php\/wp-json\/wp\/v2\/posts"}],"about":[{"href":"https:\/\/nordnesrepublikken.no\/index.php\/wp-json\/wp\/v2\/types\/post"}],"author":[{"embeddable":true,"href":"https:\/\/nordnesrepublikken.no\/index.php\/wp-json\/wp\/v2\/users\/1"}],"replies":[{"embeddable":true,"href":"https:\/\/nordnesrepublikken.no\/index.php\/wp-json\/wp\/v2\/comments?post=5557"}],"version-history":[{"count":1,"href":"https:\/\/nordnesrepublikken.no\/index.php\/wp-json\/wp\/v2\/posts\/5557\/revisions"}],"predecessor-version":[{"id":5559,"href":"https:\/\/nordnesrepublikken.no\/index.php\/wp-json\/wp\/v2\/posts\/5557\/revisions\/5559"}],"wp:featuredmedia":[{"embeddable":true,"href":"https:\/\/nordnesrepublikken.no\/index.php\/wp-json\/wp\/v2\/media\/5558"}],"wp:attachment":[{"href":"https:\/\/nordnesrepublikken.no\/index.php\/wp-json\/wp\/v2\/media?parent=5557"}],"wp:term":[{"taxonomy":"category","embeddable":true,"href":"https:\/\/nordnesrepublikken.no\/index.php\/wp-json\/wp\/v2\/categories?post=5557"},{"taxonomy":"post_tag","embeddable":true,"href":"https:\/\/nordnesrepublikken.no\/index.php\/wp-json\/wp\/v2\/tags?post=5557"}],"curies":[{"name":"wp","href":"https:\/\/api.w.org\/{rel}","templated":true}]}}