{"id":5554,"date":"2025-06-09T05:49:32","date_gmt":"2025-06-09T03:49:32","guid":{"rendered":"https:\/\/nordnesrepublikken.no\/index.php\/2025\/06\/09\/blackout-frykter-som-strompriser-bolge\/"},"modified":"2025-06-09T05:49:33","modified_gmt":"2025-06-09T03:49:33","slug":"blackout-frykter-som-strompriser-bolge","status":"publish","type":"post","link":"https:\/\/nordnesrepublikken.no\/index.php\/2025\/06\/09\/blackout-frykter-som-strompriser-bolge\/","title":{"rendered":"Blackout frykter som str\u00f8mpriser b\u00f8lge"},"content":{"rendered":"<p><\/p>\n<div class=\"wordpress-content\">\n                    <!-- Article Start --><\/p>\n<p class=\"p1\"><b>Husholdninger og bedrifter over hele Spania v\u00e5kner opp til en kraftig \u00f8kning i str\u00f8mprisene i dag, ettersom engrosmarkedsprisene skyrocket med mer enn 62%, noe som gir bekymring for overkommelighet, energipolitikk og risikoen for blackouts i l\u00f8pet av sommeren.<\/b><\/p>\n<p class=\"p1\">National Electricity Market (OMIE) har rapportert at gjennomsnittsprisen p\u00e5 str\u00f8m for mandag 9. juni, er \u20ac 61,51 per megawatt-time (MWh). Imidlertid, ved visse topp ettersp\u00f8rselstimer, pigger prisene til svimlende \u20ac 260\/MWh, niv\u00e5er som ikke er sett siden fjor\u00e5rets vinterkrise.<\/p>\n<p class=\"p1\">B\u00f8lgen kommer p\u00e5 et spesielt f\u00f8lsomt tidspunkt: Skoler forbereder seg p\u00e5 slutt p\u00e5 slutten, bedrifter er p\u00e5 vei inn i h\u00f8ysesongen, og husholdninger over hele landet begynner \u00e5 stole sterkt p\u00e5 klimaanlegg for \u00e5 takle stigende temperaturer.<\/p>\n<div class=\"sra_unit\"><link rel=\"stylesheet\" id=\"block-sra\" href=\"https:\/\/euroweeklynews.com\/wp-content\/plugins\/snack-related-articles\/dist\/css\/snack-related.min.css?250312-193541\" type=\"text\/css\" media=\"all\">\n<\/div>\n<h2 class=\"p3\"><b>Hva driver piggen?<\/b><\/h2>\n<p class=\"p1\">Flere viktige faktorer bidrar til den n\u00e5v\u00e6rende \u00f8kningen:<\/p>\n<ol class=\"ol1\">\n<li class=\"li1\"><b>Varmeb\u00f8lgdrevet ettersp\u00f8rsel<\/b>: En varmeb\u00f8lge i begynnelsen av juni f\u00f8rer til at str\u00f8mbruken svever, spesielt i bysentre som Madrid, Sevilla og Valencia. Med dagtemperaturer som overstiger 35 \u00baC i mange regioner, er rutenettet under enormt trykk fra kj\u00f8lesystemer, vifter og kj\u00f8ling.<\/li>\n<li class=\"li1\"><b>Gassprisvolatilitet<\/b>: Naturgass, fremdeles en hj\u00f8rnestein i Spanias elektrisitetsproduksjon, forblir ustabil i globale markeder. Nyere forsyningsproblemer fra Algerie, Spanias nest st\u00f8rste gassleverand\u00f8r, har lagt til det oppadg\u00e5ende presset.<\/li>\n<li class=\"li1\"><b>Slipp i fornybar produksjon<\/b>: Lavere enn forventet vindproduksjon og solcelleproduksjon under gjennomsnittet i noen omr\u00e5der har redusert bufferen som vanligvis er gitt av fornybar energi, og tvunget systemet til \u00e5 stole mer p\u00e5 dyre gassfyrte kraftverk.<\/li>\n<li class=\"li1\"><b>Slutten p\u00e5 statlige subsidier<\/b>: Nyere skatteendringer treffer ogs\u00e5 forbrukernes lommer. Moms p\u00e5 elektrisitet har kommet tilbake til 21% etter \u00e5 ha blitt senket midlertidig under energikrisen, og systemtilgangsavgiftene har \u00f8kt med 33%, noe som sammensetter prissjokk.<\/li>\n<\/ol>\n<h2 class=\"p3\"><b>Rullende blackouts kunngjort<\/b><\/h2>\n<p class=\"p1\">I et trekk som har skremt innbyggere, har Iberdrola, et av Spanias st\u00f8rste bruksselskaper, kunngjort planlagte str\u00f8mbrudd p\u00e5 tvers av deler av Madrid og 29 andre kommuner mellom 9 og 13. juni.<\/p>\n<p class=\"p1\">Bruddene er ment som et forebyggende tiltak for \u00e5 beskytte nettstabiliteten og unng\u00e5 en total kollaps i h\u00f8ye ettersp\u00f8rselsperioder.<\/p>\n<p class=\"p1\">&laquo;Vi tar avgj\u00f8rende tiltak for \u00e5 forhindre ukontrollerte feil,&raquo; sa en talsperson for Iberdrola. &laquo;Vi ber om innbyggernes samarbeid i l\u00f8pet av denne kritiske tiden og oppfordrer dem til \u00e5 redusere forbruket mellom 14:00 og 18:00 daglig.&raquo;<\/p>\n<p class=\"p1\">Noen av de ber\u00f8rte byene har allerede rapportert periodiske str\u00f8mbrudd, med innbyggerne som klager p\u00e5 manglende varsel og forstyrrelser i ordninger fra hjemmet og eldreomsorgssystemer.<\/p>\n<h2 class=\"p3\"><b>En \u00f8kende belastning for husholdninger<\/b><\/h2>\n<p class=\"p1\">For mange spanske familier er den siste \u00f8kningen mer enn bare tall &#8211; det er en \u00f8konomisk hit de ikke har r\u00e5d til. I f\u00f8lge Energy Consultancy Selectra, kunne et gjennomsnittlig hjem under en regulert tariff se den m\u00e5nedlige regningen \u00f8ke med \u20ac 10\u2013 \u20ac 15, og legge opp til over \u20ac 150 mer per \u00e5r.<\/p>\n<p class=\"p1\">&laquo;Vi har nettopp kommet seg etter vinterprisstigningen, og n\u00e5 dette,&raquo; sa Luc\u00eda Herrera, en enslig mor fra Sevilla. &laquo;Jeg m\u00e5 velge mellom \u00e5 kj\u00f8re klimaanlegg for barna mine eller kutte ned p\u00e5 dagligvarer.&raquo;<\/p>\n<p class=\"p1\">Eiere av sm\u00e5 bedrifter, spesielt innen gjestfrihet og detaljhandel, uttrykker ogs\u00e5 frustrasjon, ettersom kj\u00f8lesystemer er avgj\u00f8rende for sommerdriften.<\/p>\n<h2 class=\"p3\"><b>Politisk press monteres<\/b><\/h2>\n<p class=\"p1\">Regjeringen st\u00e5r n\u00e5 overfor fornyede samtaler for \u00e5 gripe inn. Forbrukerrettighetsorganisasjoner som FACUA og OCU har oppfordret den ut\u00f8vende ut\u00f8velsen til \u00e5 gjeninnf\u00f8re energiavgift, gjeninnf\u00f8re prishetter p\u00e5 gass for elektrisitetsproduksjon og styrke beskyttelsen for utsatte brukere.<\/p>\n<p class=\"p1\">Opposisjonsledere fra Partido Popular og Vox krever at parlamentariske sesjoner for n\u00f8dstilfeller for \u00e5 diskutere krisen og foresl\u00e5r langsiktige reformer til Spanias energiprisesystem.<\/p>\n<p class=\"p1\">&laquo;Energimarkedet er brutt,&raquo; sa PP -leder Alberto N\u00fa\u00f1ez Feij\u00f3o i et s\u00f8ndagsintervju. &laquo;Vi trenger \u00e5penhet, rettferdighet og isolasjon fra spekulativ priser.&raquo;<\/p>\n<p class=\"p1\">Ministeren for den \u00f8kologiske overgangen, Teresa Ribera, erkjente piggen som &laquo;bekymringsfull&raquo;, men insisterte p\u00e5 at regjeringen &laquo;overv\u00e5ker situasjonen n\u00f8ye&raquo; og gjennomg\u00e5r intervensjonsverkt\u00f8y &laquo;i tr\u00e5d med EU -forskriftene.&raquo;<\/p>\n<h2 class=\"p3\"><b>Er solen veien ut?<\/b><\/h2>\n<p class=\"p1\">Med gjentatte prisst\u00f8t de siste to \u00e5rene, vender mange spanske huseiere seg til solcellepaneler for \u00e5 kutte langsiktige kostnader. Tilskudd til solcelleanlegg for boliger er fortsatt tilgjengelige i mange regioner, og interessen har steget.<\/p>\n<p class=\"p1\">&laquo;Vi installerte Solar og et hjemmebatteri i mars,&raquo; sa Diego Sanz, huseier i Murcia. &laquo;Vi har nesten halvert regningene v\u00e5re og f\u00f8ler oss mye mer i kontroll.&raquo;<\/p>\n<p class=\"p1\">Kritikere hevder imidlertid at solenergi fremdeles er utilgjengelig for leietakere, boligboere og husholdninger med lav inntekt, og fremhever behovet for bredere energikapitiltak.<\/p>\n<h2 class=\"p3\"><b>Utsikter: Mer volatilitet fremover<\/b><\/h2>\n<p class=\"p1\">Meteorologiske prognoser forutsier fortsatt h\u00f8ye temperaturer over den iberiske halv\u00f8ya gjennom den kommende uken, noe som betyr at ettersp\u00f8rselen neppe vil lette. Analytikere advarer om at med mindre fornybar produksjon \u00f8ker eller ettersp\u00f8rselen synker betydelig, h\u00f8ye priser &#8211; og nettstamme &#8211; kan vedvare i hele juni.<\/p>\n<p class=\"p1\">Energi\u00f8konomer oppfordrer til strukturelle endringer: avkobling av str\u00f8m- og gasspriser, utvide batterilagringsinfrastruktur og akselerere investeringene i smarte nett og fornybar offshore fornybar energi.<\/p>\n<p class=\"p1\">&laquo;Krise etter krise viser at v\u00e5rt n\u00e5v\u00e6rende system er for utsatt,&raquo; sa energianalytiker Paula Monteiro. &laquo;Vi trenger langsiktig motstandskraft, ikke bare reaktive tiltak.&raquo;<\/p>\n<h2 class=\"p3\"><b>Hva forbrukere kan gj\u00f8re<\/b><\/h2>\n<ul class=\"ul1\">\n<li class=\"li1\">Planlegg apparater med h\u00f8y bruk (vaskeri, oppvaskmaskiner) til h\u00f8ye timer.<\/li>\n<li class=\"li1\">Bruk fans over klimaanlegg, der det er mulig.<\/li>\n<li class=\"li1\">Ta kontakt med leverand\u00f8ren din for oppdaterte takster eller alternativer for fast rente.<\/li>\n<li class=\"li1\">Overv\u00e5k daglige priser via det r\u00f8de El\u00e9ctrica de Espa\u00f1a -nettstedet eller dedikerte apper.<\/li>\n<\/ul>\n<p class=\"p1\">Mens Spania svinger, har kostnadene for \u00e5 holde seg kule aldri f\u00f8lt seg s\u00e5 h\u00f8ye. Med politiske spenninger som stiger og ridd motstandskraften under mikroskopet, kan dagens str\u00f8mpike v\u00e6re mer enn en glipp &#8211; det kan v\u00e6re en katalysator for varig energireform.<\/p>\n<p>                    <!-- Article End --><\/p><\/div>\n","protected":false},"excerpt":{"rendered":"<p>Husholdninger og bedrifter over hele Spania v\u00e5kner opp til en kraftig \u00f8kning i str\u00f8mprisene i<\/p>\n","protected":false},"author":1,"featured_media":5555,"comment_status":"closed","ping_status":"open","sticky":false,"template":"","format":"standard","meta":{"footnotes":""},"categories":[105],"tags":[1788,3347,3345,31,3346],"class_list":["post-5554","post","type-post","status-publish","format-standard","has-post-thumbnail","hentry","category-livsstil","tag-blackout","tag-bolge","tag-frykter","tag-som","tag-strompriser","generate-columns","tablet-grid-50","mobile-grid-100","grid-parent","grid-33","resize-featured-image"],"yoast_head":"<!-- This site is optimized with the Yoast SEO plugin v24.4 - https:\/\/yoast.com\/wordpress\/plugins\/seo\/ -->\n<title>Blackout frykter som str\u00f8mpriser b\u00f8lge - Nordnesrepublikken<\/title>\n<meta name=\"robots\" content=\"index, follow, max-snippet:-1, max-image-preview:large, max-video-preview:-1\" \/>\n<link rel=\"canonical\" href=\"https:\/\/nordnesrepublikken.no\/index.php\/2025\/06\/09\/blackout-frykter-som-strompriser-bolge\/\" \/>\n<meta property=\"og:locale\" content=\"nb_NO\" \/>\n<meta property=\"og:type\" content=\"article\" \/>\n<meta property=\"og:title\" content=\"Blackout frykter som str\u00f8mpriser b\u00f8lge - Nordnesrepublikken\" \/>\n<meta property=\"og:description\" content=\"Husholdninger og bedrifter over hele Spania v\u00e5kner opp til en kraftig \u00f8kning i str\u00f8mprisene i\" \/>\n<meta property=\"og:url\" content=\"https:\/\/nordnesrepublikken.no\/index.php\/2025\/06\/09\/blackout-frykter-som-strompriser-bolge\/\" \/>\n<meta property=\"og:site_name\" content=\"Nordnesrepublikken\" \/>\n<meta property=\"article:published_time\" content=\"2025-06-09T03:49:32+00:00\" \/>\n<meta property=\"article:modified_time\" content=\"2025-06-09T03:49:33+00:00\" \/>\n<meta property=\"og:image\" content=\"https:\/\/nordnesrepublikken.no\/wp-content\/uploads\/2025\/06\/1749440972_Blackout-frykter-som-strompriser-bolge.jpg\" \/>\n\t<meta property=\"og:image:width\" content=\"1200\" \/>\n\t<meta property=\"og:image:height\" content=\"764\" \/>\n\t<meta property=\"og:image:type\" content=\"image\/jpeg\" \/>\n<meta name=\"author\" content=\"Ole Andersen\" \/>\n<meta name=\"twitter:card\" content=\"summary_large_image\" \/>\n<meta name=\"twitter:label1\" content=\"Skrevet av\" \/>\n\t<meta name=\"twitter:data1\" content=\"Ole Andersen\" \/>\n\t<meta name=\"twitter:label2\" content=\"Ansl. lesetid\" \/>\n\t<meta name=\"twitter:data2\" content=\"5 minutter\" \/>\n<script type=\"application\/ld+json\" class=\"yoast-schema-graph\">{\"@context\":\"https:\/\/schema.org\",\"@graph\":[{\"@type\":\"Article\",\"@id\":\"https:\/\/nordnesrepublikken.no\/index.php\/2025\/06\/09\/blackout-frykter-som-strompriser-bolge\/#article\",\"isPartOf\":{\"@id\":\"https:\/\/nordnesrepublikken.no\/index.php\/2025\/06\/09\/blackout-frykter-som-strompriser-bolge\/\"},\"author\":{\"name\":\"Ole Andersen\",\"@id\":\"https:\/\/nordnesrepublikken.no\/#\/schema\/person\/2e7e81935bab77882fffb79296240ff1\"},\"headline\":\"Blackout frykter som str\u00f8mpriser b\u00f8lge\",\"datePublished\":\"2025-06-09T03:49:32+00:00\",\"dateModified\":\"2025-06-09T03:49:33+00:00\",\"mainEntityOfPage\":{\"@id\":\"https:\/\/nordnesrepublikken.no\/index.php\/2025\/06\/09\/blackout-frykter-som-strompriser-bolge\/\"},\"wordCount\":930,\"publisher\":{\"@id\":\"https:\/\/nordnesrepublikken.no\/#organization\"},\"image\":{\"@id\":\"https:\/\/nordnesrepublikken.no\/index.php\/2025\/06\/09\/blackout-frykter-som-strompriser-bolge\/#primaryimage\"},\"thumbnailUrl\":\"https:\/\/nordnesrepublikken.no\/wp-content\/uploads\/2025\/06\/1749440972_Blackout-frykter-som-strompriser-bolge.jpg\",\"keywords\":[\"Blackout\",\"b\u00f8lge\",\"frykter\",\"som\",\"str\u00f8mpriser\"],\"articleSection\":[\"Livsstil\"],\"inLanguage\":\"nb-NO\"},{\"@type\":\"WebPage\",\"@id\":\"https:\/\/nordnesrepublikken.no\/index.php\/2025\/06\/09\/blackout-frykter-som-strompriser-bolge\/\",\"url\":\"https:\/\/nordnesrepublikken.no\/index.php\/2025\/06\/09\/blackout-frykter-som-strompriser-bolge\/\",\"name\":\"Blackout frykter som str\u00f8mpriser b\u00f8lge - Nordnesrepublikken\",\"isPartOf\":{\"@id\":\"https:\/\/nordnesrepublikken.no\/#website\"},\"primaryImageOfPage\":{\"@id\":\"https:\/\/nordnesrepublikken.no\/index.php\/2025\/06\/09\/blackout-frykter-som-strompriser-bolge\/#primaryimage\"},\"image\":{\"@id\":\"https:\/\/nordnesrepublikken.no\/index.php\/2025\/06\/09\/blackout-frykter-som-strompriser-bolge\/#primaryimage\"},\"thumbnailUrl\":\"https:\/\/nordnesrepublikken.no\/wp-content\/uploads\/2025\/06\/1749440972_Blackout-frykter-som-strompriser-bolge.jpg\",\"datePublished\":\"2025-06-09T03:49:32+00:00\",\"dateModified\":\"2025-06-09T03:49:33+00:00\",\"breadcrumb\":{\"@id\":\"https:\/\/nordnesrepublikken.no\/index.php\/2025\/06\/09\/blackout-frykter-som-strompriser-bolge\/#breadcrumb\"},\"inLanguage\":\"nb-NO\",\"potentialAction\":[{\"@type\":\"ReadAction\",\"target\":[\"https:\/\/nordnesrepublikken.no\/index.php\/2025\/06\/09\/blackout-frykter-som-strompriser-bolge\/\"]}]},{\"@type\":\"ImageObject\",\"inLanguage\":\"nb-NO\",\"@id\":\"https:\/\/nordnesrepublikken.no\/index.php\/2025\/06\/09\/blackout-frykter-som-strompriser-bolge\/#primaryimage\",\"url\":\"https:\/\/nordnesrepublikken.no\/wp-content\/uploads\/2025\/06\/1749440972_Blackout-frykter-som-strompriser-bolge.jpg\",\"contentUrl\":\"https:\/\/nordnesrepublikken.no\/wp-content\/uploads\/2025\/06\/1749440972_Blackout-frykter-som-strompriser-bolge.jpg\",\"width\":1200,\"height\":764,\"caption\":\"Blackout frykter som str\u00f8mpriser b\u00f8lge\"},{\"@type\":\"BreadcrumbList\",\"@id\":\"https:\/\/nordnesrepublikken.no\/index.php\/2025\/06\/09\/blackout-frykter-som-strompriser-bolge\/#breadcrumb\",\"itemListElement\":[{\"@type\":\"ListItem\",\"position\":1,\"name\":\"Home\",\"item\":\"https:\/\/nordnesrepublikken.no\/\"},{\"@type\":\"ListItem\",\"position\":2,\"name\":\"Blackout frykter som str\u00f8mpriser b\u00f8lge\"}]},{\"@type\":\"WebSite\",\"@id\":\"https:\/\/nordnesrepublikken.no\/#website\",\"url\":\"https:\/\/nordnesrepublikken.no\/\",\"name\":\"Nordnesrepublikken\",\"description\":\"Stemmer og Visjoner fra Republikkens Hjerte\",\"publisher\":{\"@id\":\"https:\/\/nordnesrepublikken.no\/#organization\"},\"potentialAction\":[{\"@type\":\"SearchAction\",\"target\":{\"@type\":\"EntryPoint\",\"urlTemplate\":\"https:\/\/nordnesrepublikken.no\/?s={search_term_string}\"},\"query-input\":{\"@type\":\"PropertyValueSpecification\",\"valueRequired\":true,\"valueName\":\"search_term_string\"}}],\"inLanguage\":\"nb-NO\"},{\"@type\":\"Organization\",\"@id\":\"https:\/\/nordnesrepublikken.no\/#organization\",\"name\":\"Nordnesrepublikken\",\"url\":\"https:\/\/nordnesrepublikken.no\/\",\"logo\":{\"@type\":\"ImageObject\",\"inLanguage\":\"nb-NO\",\"@id\":\"https:\/\/nordnesrepublikken.no\/#\/schema\/logo\/image\/\",\"url\":\"https:\/\/nordnesrepublikken.no\/wp-content\/uploads\/2025\/02\/cropped-nordnesrepublikken-2.png\",\"contentUrl\":\"https:\/\/nordnesrepublikken.no\/wp-content\/uploads\/2025\/02\/cropped-nordnesrepublikken-2.png\",\"width\":1248,\"height\":362,\"caption\":\"Nordnesrepublikken\"},\"image\":{\"@id\":\"https:\/\/nordnesrepublikken.no\/#\/schema\/logo\/image\/\"}},{\"@type\":\"Person\",\"@id\":\"https:\/\/nordnesrepublikken.no\/#\/schema\/person\/2e7e81935bab77882fffb79296240ff1\",\"name\":\"Ole Andersen\",\"image\":{\"@type\":\"ImageObject\",\"inLanguage\":\"nb-NO\",\"@id\":\"https:\/\/nordnesrepublikken.no\/#\/schema\/person\/image\/\",\"url\":\"https:\/\/nordnesrepublikken.no\/wp-content\/uploads\/2025\/02\/nordnesrepublikken-2-2-150x150.jpg\",\"contentUrl\":\"https:\/\/nordnesrepublikken.no\/wp-content\/uploads\/2025\/02\/nordnesrepublikken-2-2-150x150.jpg\",\"caption\":\"Ole Andersen\"},\"description\":\"Ettersom jeg vokste opp i Oslo, har jeg alltid v\u00e6rt fascinert av ordenes kraft og deres evne til \u00e5 skape endringer. Etter \u00e5 ha fullf\u00f8rt min utdannelse i kommunikasjon ved Universitetet i Bergen, fikk jeg muligheten til \u00e5 jobbe innen ulike medier, der jeg har s\u00f8kt \u00e5 belyse viktige samfunnssp\u00f8rsm\u00e5l. I dag, som redakt\u00f8r for Nordnesrepublikken, pr\u00f8ver jeg \u00e5 forene min kj\u00e6rlighet for journalistikk med min lidenskap for innovasjon og eventyr.\",\"sameAs\":[\"https:\/\/nordnesrepublikken.no\/\"]}]}<\/script>\n<!-- \/ Yoast SEO plugin. -->","yoast_head_json":{"title":"Blackout frykter som str\u00f8mpriser b\u00f8lge - Nordnesrepublikken","robots":{"index":"index","follow":"follow","max-snippet":"max-snippet:-1","max-image-preview":"max-image-preview:large","max-video-preview":"max-video-preview:-1"},"canonical":"https:\/\/nordnesrepublikken.no\/index.php\/2025\/06\/09\/blackout-frykter-som-strompriser-bolge\/","og_locale":"nb_NO","og_type":"article","og_title":"Blackout frykter som str\u00f8mpriser b\u00f8lge - Nordnesrepublikken","og_description":"Husholdninger og bedrifter over hele Spania v\u00e5kner opp til en kraftig \u00f8kning i str\u00f8mprisene i","og_url":"https:\/\/nordnesrepublikken.no\/index.php\/2025\/06\/09\/blackout-frykter-som-strompriser-bolge\/","og_site_name":"Nordnesrepublikken","article_published_time":"2025-06-09T03:49:32+00:00","article_modified_time":"2025-06-09T03:49:33+00:00","og_image":[{"width":1200,"height":764,"url":"https:\/\/nordnesrepublikken.no\/wp-content\/uploads\/2025\/06\/1749440972_Blackout-frykter-som-strompriser-bolge.jpg","type":"image\/jpeg"}],"author":"Ole Andersen","twitter_card":"summary_large_image","twitter_misc":{"Skrevet av":"Ole Andersen","Ansl. lesetid":"5 minutter"},"schema":{"@context":"https:\/\/schema.org","@graph":[{"@type":"Article","@id":"https:\/\/nordnesrepublikken.no\/index.php\/2025\/06\/09\/blackout-frykter-som-strompriser-bolge\/#article","isPartOf":{"@id":"https:\/\/nordnesrepublikken.no\/index.php\/2025\/06\/09\/blackout-frykter-som-strompriser-bolge\/"},"author":{"name":"Ole Andersen","@id":"https:\/\/nordnesrepublikken.no\/#\/schema\/person\/2e7e81935bab77882fffb79296240ff1"},"headline":"Blackout frykter som str\u00f8mpriser b\u00f8lge","datePublished":"2025-06-09T03:49:32+00:00","dateModified":"2025-06-09T03:49:33+00:00","mainEntityOfPage":{"@id":"https:\/\/nordnesrepublikken.no\/index.php\/2025\/06\/09\/blackout-frykter-som-strompriser-bolge\/"},"wordCount":930,"publisher":{"@id":"https:\/\/nordnesrepublikken.no\/#organization"},"image":{"@id":"https:\/\/nordnesrepublikken.no\/index.php\/2025\/06\/09\/blackout-frykter-som-strompriser-bolge\/#primaryimage"},"thumbnailUrl":"https:\/\/nordnesrepublikken.no\/wp-content\/uploads\/2025\/06\/1749440972_Blackout-frykter-som-strompriser-bolge.jpg","keywords":["Blackout","b\u00f8lge","frykter","som","str\u00f8mpriser"],"articleSection":["Livsstil"],"inLanguage":"nb-NO"},{"@type":"WebPage","@id":"https:\/\/nordnesrepublikken.no\/index.php\/2025\/06\/09\/blackout-frykter-som-strompriser-bolge\/","url":"https:\/\/nordnesrepublikken.no\/index.php\/2025\/06\/09\/blackout-frykter-som-strompriser-bolge\/","name":"Blackout frykter som str\u00f8mpriser b\u00f8lge - Nordnesrepublikken","isPartOf":{"@id":"https:\/\/nordnesrepublikken.no\/#website"},"primaryImageOfPage":{"@id":"https:\/\/nordnesrepublikken.no\/index.php\/2025\/06\/09\/blackout-frykter-som-strompriser-bolge\/#primaryimage"},"image":{"@id":"https:\/\/nordnesrepublikken.no\/index.php\/2025\/06\/09\/blackout-frykter-som-strompriser-bolge\/#primaryimage"},"thumbnailUrl":"https:\/\/nordnesrepublikken.no\/wp-content\/uploads\/2025\/06\/1749440972_Blackout-frykter-som-strompriser-bolge.jpg","datePublished":"2025-06-09T03:49:32+00:00","dateModified":"2025-06-09T03:49:33+00:00","breadcrumb":{"@id":"https:\/\/nordnesrepublikken.no\/index.php\/2025\/06\/09\/blackout-frykter-som-strompriser-bolge\/#breadcrumb"},"inLanguage":"nb-NO","potentialAction":[{"@type":"ReadAction","target":["https:\/\/nordnesrepublikken.no\/index.php\/2025\/06\/09\/blackout-frykter-som-strompriser-bolge\/"]}]},{"@type":"ImageObject","inLanguage":"nb-NO","@id":"https:\/\/nordnesrepublikken.no\/index.php\/2025\/06\/09\/blackout-frykter-som-strompriser-bolge\/#primaryimage","url":"https:\/\/nordnesrepublikken.no\/wp-content\/uploads\/2025\/06\/1749440972_Blackout-frykter-som-strompriser-bolge.jpg","contentUrl":"https:\/\/nordnesrepublikken.no\/wp-content\/uploads\/2025\/06\/1749440972_Blackout-frykter-som-strompriser-bolge.jpg","width":1200,"height":764,"caption":"Blackout frykter som str\u00f8mpriser b\u00f8lge"},{"@type":"BreadcrumbList","@id":"https:\/\/nordnesrepublikken.no\/index.php\/2025\/06\/09\/blackout-frykter-som-strompriser-bolge\/#breadcrumb","itemListElement":[{"@type":"ListItem","position":1,"name":"Home","item":"https:\/\/nordnesrepublikken.no\/"},{"@type":"ListItem","position":2,"name":"Blackout frykter som str\u00f8mpriser b\u00f8lge"}]},{"@type":"WebSite","@id":"https:\/\/nordnesrepublikken.no\/#website","url":"https:\/\/nordnesrepublikken.no\/","name":"Nordnesrepublikken","description":"Stemmer og Visjoner fra Republikkens Hjerte","publisher":{"@id":"https:\/\/nordnesrepublikken.no\/#organization"},"potentialAction":[{"@type":"SearchAction","target":{"@type":"EntryPoint","urlTemplate":"https:\/\/nordnesrepublikken.no\/?s={search_term_string}"},"query-input":{"@type":"PropertyValueSpecification","valueRequired":true,"valueName":"search_term_string"}}],"inLanguage":"nb-NO"},{"@type":"Organization","@id":"https:\/\/nordnesrepublikken.no\/#organization","name":"Nordnesrepublikken","url":"https:\/\/nordnesrepublikken.no\/","logo":{"@type":"ImageObject","inLanguage":"nb-NO","@id":"https:\/\/nordnesrepublikken.no\/#\/schema\/logo\/image\/","url":"https:\/\/nordnesrepublikken.no\/wp-content\/uploads\/2025\/02\/cropped-nordnesrepublikken-2.png","contentUrl":"https:\/\/nordnesrepublikken.no\/wp-content\/uploads\/2025\/02\/cropped-nordnesrepublikken-2.png","width":1248,"height":362,"caption":"Nordnesrepublikken"},"image":{"@id":"https:\/\/nordnesrepublikken.no\/#\/schema\/logo\/image\/"}},{"@type":"Person","@id":"https:\/\/nordnesrepublikken.no\/#\/schema\/person\/2e7e81935bab77882fffb79296240ff1","name":"Ole Andersen","image":{"@type":"ImageObject","inLanguage":"nb-NO","@id":"https:\/\/nordnesrepublikken.no\/#\/schema\/person\/image\/","url":"https:\/\/nordnesrepublikken.no\/wp-content\/uploads\/2025\/02\/nordnesrepublikken-2-2-150x150.jpg","contentUrl":"https:\/\/nordnesrepublikken.no\/wp-content\/uploads\/2025\/02\/nordnesrepublikken-2-2-150x150.jpg","caption":"Ole Andersen"},"description":"Ettersom jeg vokste opp i Oslo, har jeg alltid v\u00e6rt fascinert av ordenes kraft og deres evne til \u00e5 skape endringer. Etter \u00e5 ha fullf\u00f8rt min utdannelse i kommunikasjon ved Universitetet i Bergen, fikk jeg muligheten til \u00e5 jobbe innen ulike medier, der jeg har s\u00f8kt \u00e5 belyse viktige samfunnssp\u00f8rsm\u00e5l. I dag, som redakt\u00f8r for Nordnesrepublikken, pr\u00f8ver jeg \u00e5 forene min kj\u00e6rlighet for journalistikk med min lidenskap for innovasjon og eventyr.","sameAs":["https:\/\/nordnesrepublikken.no\/"]}]}},"_links":{"self":[{"href":"https:\/\/nordnesrepublikken.no\/index.php\/wp-json\/wp\/v2\/posts\/5554","targetHints":{"allow":["GET"]}}],"collection":[{"href":"https:\/\/nordnesrepublikken.no\/index.php\/wp-json\/wp\/v2\/posts"}],"about":[{"href":"https:\/\/nordnesrepublikken.no\/index.php\/wp-json\/wp\/v2\/types\/post"}],"author":[{"embeddable":true,"href":"https:\/\/nordnesrepublikken.no\/index.php\/wp-json\/wp\/v2\/users\/1"}],"replies":[{"embeddable":true,"href":"https:\/\/nordnesrepublikken.no\/index.php\/wp-json\/wp\/v2\/comments?post=5554"}],"version-history":[{"count":1,"href":"https:\/\/nordnesrepublikken.no\/index.php\/wp-json\/wp\/v2\/posts\/5554\/revisions"}],"predecessor-version":[{"id":5556,"href":"https:\/\/nordnesrepublikken.no\/index.php\/wp-json\/wp\/v2\/posts\/5554\/revisions\/5556"}],"wp:featuredmedia":[{"embeddable":true,"href":"https:\/\/nordnesrepublikken.no\/index.php\/wp-json\/wp\/v2\/media\/5555"}],"wp:attachment":[{"href":"https:\/\/nordnesrepublikken.no\/index.php\/wp-json\/wp\/v2\/media?parent=5554"}],"wp:term":[{"taxonomy":"category","embeddable":true,"href":"https:\/\/nordnesrepublikken.no\/index.php\/wp-json\/wp\/v2\/categories?post=5554"},{"taxonomy":"post_tag","embeddable":true,"href":"https:\/\/nordnesrepublikken.no\/index.php\/wp-json\/wp\/v2\/tags?post=5554"}],"curies":[{"name":"wp","href":"https:\/\/api.w.org\/{rel}","templated":true}]}}