{"id":5275,"date":"2025-06-01T11:49:41","date_gmt":"2025-06-01T09:49:41","guid":{"rendered":"https:\/\/nordnesrepublikken.no\/index.php\/2025\/06\/01\/hvorfor-kaller-uffizi-galleriene-det-historien-om-et-av-de-viktigste-italienske-museene\/"},"modified":"2025-06-01T11:49:50","modified_gmt":"2025-06-01T09:49:50","slug":"hvorfor-kaller-uffizi-galleriene-det-historien-om-et-av-de-viktigste-italienske-museene","status":"publish","type":"post","link":"https:\/\/nordnesrepublikken.no\/index.php\/2025\/06\/01\/hvorfor-kaller-uffizi-galleriene-det-historien-om-et-av-de-viktigste-italienske-museene\/","title":{"rendered":"Hvorfor kaller Uffizi -galleriene det? Historien om et av de viktigste italienske museene"},"content":{"rendered":"<div>\n<div class=\"cp_wrapper cp_wrapper--fw mb-30 mb-20@tablet\">\n<figure class=\"mm\"><picture class=\"img\" style=\"padding-top:56.25%\"><source  media=\"(min-width: 1024px)\"><source  media=\"(min-width: 768px)\"><\/source><\/source><\/picture><\/figure>\n<\/p><\/div>\n<p>Til tross for at de er de mest verdsatte museene i Italia og verden, er det monumentale<strong> Uffizi Galleries of Florence<\/strong> De er ikke f\u00f8dt som et museum, men som et byr\u00e5kratisk sted, og navnet antyder deres opprinnelige destinasjon. Uffizi -historien begynner i <strong>1560<\/strong>n\u00e5r<strong> Den f\u00f8rste Grand Duke of Toscana Cosimo I de &#8216;Medici<\/strong> reist en bygning i sentrum for \u00e5 im\u00f8tekomme &laquo;uffizi&raquo;, det vil si <strong>De administrative og rettslige kontorene i Firenze<\/strong>et sted \u00e5 sentralisere legenes kraft (som n\u00e5 hadde full kontroll over det florentinske territoriet).<\/p>\n<h2>Prosjektet til Giorgio Vasari Uffizi Gallery<\/h2>\n<p>Prosjektet ble tildelt den medisinske p\u00e5litelige kunstneren, den store <strong>Giorgio<\/strong> <strong>Vasari<\/strong>som gikk ned i historien som den f\u00f8rste kunsthistorikeren i den moderne tid. Det var han som designet dette <strong>Stor bygning med &laquo;U&raquo; -form<\/strong> med portikoen med doriske s\u00f8yler og det elegante og alvorlige stedets utseende &laquo;<em>i elven og nesten i luften<\/em>&laquo;, Og det var alltid han som tegnet korridoren at han tar navnet sitt (og som nylig endelig har \u00e5pnet igjen) at gjennom Uffizi forener Palazzo Vecchio ved Palazzo Pitti, og passerte Ponte Vecchio og krysser Santa Felicita -kirken f\u00f8r du fremmet i Boboli -hagen.<\/p>\n<p>\u00c5 gi plass til uffizi, opprinnelig kjent som &laquo;rettsvesenets bygning&raquo;,<strong> Mange konstruksjoner ble revet<\/strong> som var p\u00e5 h\u00f8yre bredd av Arno der, siden den romerske tiden, <strong>Det var et havneomr\u00e5de p\u00e5 elven<\/strong> Sa &laquo;La Taverna di Baldracca&raquo;, oppkalt etter et feil sted. P\u00e5 siden av Piazza Signoria ble imidlertid den eldgamle romanske kirken San Pier Scheggio innlemmet i det nye vasariske murverket.<\/p>\n<p>Det monumentale arbeidet ble fullf\u00f8rt f\u00f8rst etter b\u00e5de Vasari og Cosimo I av en annen stor arkitekt, av en annen stor arkitekt, <strong>Bernardo Buontalenti<\/strong>hvis verk ble regissert av en annen Grand Duke, den kultiverte og raffinerte <strong>Francesco i de &#8216;Medici<\/strong>: Det er nettopp for ham at opprettelsen av galleriet, som ble satt opp i 1581 i andre etasje i bygningen, m\u00e5 opprettes, hvis hjerte var det \u00e5ttekantede rommet til tribunen, skattekisten til de mest dyrebare verkene som ble bevart her.<\/p>\n<h2>De viktigste verkene i Uffizi -galleriene<\/h2>\n<p>Arbeidene som er bevart i Uffizi er mange, og dekker en omfattende periode, fra den romerske tiden til full samtidighet, selv om hjertet i samlingen er den som bevarer de beste verkene i prosjektet til Giorgio Vasari Uffizi -galleriet. Av grandiose portretter, for eksempel hertugene til Urbino Federico da Montefeltro og Battista Sforza av <strong>Piero della Francesca<\/strong>fra midten av fitteende \u00e5rhundre, ankommer vi gode verk som &laquo;Battle of San Romano&raquo;, et mesterverk av<strong> Paolo Bird<\/strong>. S\u00e5 er det flere verk av <strong>Leonardo da Vinci<\/strong> som &laquo;tilbedelse av magien&raquo; og &laquo;kunngj\u00f8ringen&raquo; og de mest kjente verkene til<strong> Sandro Botticelli<\/strong>&laquo;The Birth of Venus&raquo; og &laquo;La Spring&raquo;, alle laget de siste ti\u00e5rene av det femtende \u00e5rhundre.<\/p>\n<div class=\"cp_wrapper cp_wrapper--fw mb-50\">\n<figure class=\"mm\"><picture class=\"img\" style=\"padding-top:64.55078125%\"><source  media=\"(min-width: 1024px)\"><source  media=\"(min-width: 768px)\"><img decoding=\"async\" loading=\"lazy\" src=\"https:\/\/nordnesrepublikken.no\/wp-content\/uploads\/2025\/06\/1748771381_631_Hvorfor-kaller-Uffizi-galleriene-det-Historien-om-et-av-de.jpg\" alt=\"Venus Botticelli\" width=\"2048\" height=\"1322\"><\/source><\/source><\/picture><\/figure>\n<\/p><\/div>\n<p>Den &laquo;hellige familie&raquo; er ogs\u00e5 unmissable, ogs\u00e5 kalt &laquo;tondo doni&raquo;, av <strong>Michelangelo Buonarroti<\/strong> og &laquo;Madonna and Child og San Giovannino&raquo; kalt &laquo;Madonna del Cardellino&raquo; av <strong>Raffaello<\/strong>begge det tidlige sekstende \u00e5rhundre (s\u00e5 vel som det ber\u00f8mte &laquo;selv -porretet&raquo;, alltid av Raffaello); Og s\u00e5 igjen &laquo;middagen i Emmaus&raquo; av <strong>Pontormo<\/strong>fra midten av sekstenende \u00e5rhundre, ble ogs\u00e5 perioden &laquo;Venus of Urbino&raquo; og &laquo;Portrait of Francesco Maria della Rovere&raquo; ogs\u00e5 laget <strong>Titian<\/strong>alltid i de samme rommene; Lite senere er det ogs\u00e5 &laquo;bacchus&raquo; av <strong>Caravaggio<\/strong>av de siste \u00e5rene av det sekstende \u00e5rhundre.<\/p>\n<p>Men listen over verk \u00e5 se ville v\u00e6re veldig lang: det er uvurderlige stykker Giotto og Cimabue, Lorenzo Lotto, Giorgione, Rosso Fiorentino, fra Verrocchio, og deretter Artemisia Gentileschi -His er den store &laquo;Giuditta og Olanta, Corne&raquo; -and Luci, Domenico Ghirlandaio, Piero del Pollaiolo, Giovanni Bellini, Germigianino, Bernardino, Bernardino, Bernardino Luini, Annibale Carracci, Federico Barocci, Guido Reni og Giorgio Vasari selv (hans store Portraits av Doctors.<\/p>\n<p>Det er ogs\u00e5 moderne og moderne verk av store kunstnere som <strong>Renato Guttuso, Alberto Burri, Carla Accardi, Bill Viola, Vanessa Beecroft og Jenny Holzer. <\/strong>I tillegg til de gamle og moderne kunstverkene, og selve arkitekturen i selve palasset, kommer mange ogs\u00e5 p\u00e5 dette stedet for \u00e5 observere perler, v\u00e5pen og vitenskapelige verkt\u00f8y, inkludert de som tilh\u00f8rer <strong>Galileo Galilei<\/strong> (hvorav det er, i kunstgalleriet, ogs\u00e5 det ber\u00f8mte &laquo;Portrait of Suttermans&raquo;) bevart i Camerino Delle Mathematics.<\/p>\n<h2>Redningen av Uffizi og dens oppkj\u00f8p i den italienske staten<\/h2>\n<p>Da legenes viktigste gren ble utd\u00f8dd, ble den siste etterkommeren Anna Maria Luisa de &#8216;Medici p\u00e5lagt den nye Grand Duke p\u00e5lagt av de europeiske maktene som ble kalt<strong> Familiepakt<\/strong>som i 1737 <strong>knyttet Medici -arven til Firenze<\/strong> &laquo;For statens ornament, for allmennheten til publikum og for \u00e5 tiltrekke seg nysgjerrigheten til utlendinger&raquo;. Omtrent femti \u00e5r senere,<strong> I 1789 var galleriet \u00e5pent for publikum <\/strong>Fra Grand Duke <strong>Pietro Leopoldo<\/strong>opplyst medlem av <strong>\u00d8sterrikske hus i Habsburg-Lorena, <\/strong>Dynasti til t\u00f8ylene til Grand Duchy of Toscana frem til foreningen av Italia.<\/p>\n<p>Fra 1769 ble galleriet omorganisert i henhold til<strong> Opplysningskatalogiseringskriterier<\/strong> Og samlingene ble delt etter type og beregnet p\u00e5 bestemte steder: for vitenskapelige som det nye Museum of Physics and Natural Sciences ble opprettet, kjent som <strong>Spektuler<\/strong>og i l\u00f8pet av det nittende \u00e5rhundre ble mange verk av renessanseskulptur flyttet til <strong>Museum<\/strong> <strong>National of Bargello<\/strong> Og noen etruskiske stykker gikk til <strong>Arkeologiske museum<\/strong>. Til slutt, i det tjuende \u00e5rhundre, ble Pinacoteca beriket med mange arbeider fra eiendelene til kirker og kloster, samt av donasjoner og kj\u00f8p.<\/p>\n<p>P\u00e5 slutten av 90 -tallet ble et ambisi\u00f8st prosjekt godkjent for <strong>Den nye avkj\u00f8rselen til galleriet<\/strong>av den store arkitekten <strong>Arata Isozaki<\/strong>som imidlertid definitivt ble kansellert for et par \u00e5r siden; samtidig <strong>Working Works of the Gallery<\/strong> med anskaffelse av rommene i f\u00f8rste etasje.<\/p>\n<\/p><\/div>\n","protected":false},"excerpt":{"rendered":"<p>Til tross for at de er de mest verdsatte museene i Italia og verden, er<\/p>\n","protected":false},"author":1,"featured_media":5276,"comment_status":"closed","ping_status":"open","sticky":false,"template":"","format":"standard","meta":{"footnotes":""},"categories":[104],"tags":[66,3095,521,101,782,709,2611,3094,1572],"class_list":["post-5275","post","type-post","status-publish","format-standard","has-post-thumbnail","hentry","category-samfunn","tag-det","tag-galleriene","tag-historien","tag-hvorfor","tag-italienske","tag-kaller","tag-museene","tag-uffizi","tag-viktigste","generate-columns","tablet-grid-50","mobile-grid-100","grid-parent","grid-33","resize-featured-image"],"yoast_head":"<!-- This site is optimized with the Yoast SEO plugin v24.4 - https:\/\/yoast.com\/wordpress\/plugins\/seo\/ -->\n<title>Hvorfor kaller Uffizi -galleriene det? Historien om et av de viktigste italienske museene - Nordnesrepublikken<\/title>\n<meta name=\"robots\" content=\"index, follow, max-snippet:-1, max-image-preview:large, max-video-preview:-1\" \/>\n<link rel=\"canonical\" href=\"https:\/\/nordnesrepublikken.no\/index.php\/2025\/06\/01\/hvorfor-kaller-uffizi-galleriene-det-historien-om-et-av-de-viktigste-italienske-museene\/\" \/>\n<meta property=\"og:locale\" content=\"nb_NO\" \/>\n<meta property=\"og:type\" content=\"article\" \/>\n<meta property=\"og:title\" content=\"Hvorfor kaller Uffizi -galleriene det? Historien om et av de viktigste italienske museene - Nordnesrepublikken\" \/>\n<meta property=\"og:description\" content=\"Til tross for at de er de mest verdsatte museene i Italia og verden, er\" \/>\n<meta property=\"og:url\" content=\"https:\/\/nordnesrepublikken.no\/index.php\/2025\/06\/01\/hvorfor-kaller-uffizi-galleriene-det-historien-om-et-av-de-viktigste-italienske-museene\/\" \/>\n<meta property=\"og:site_name\" content=\"Nordnesrepublikken\" \/>\n<meta property=\"article:published_time\" content=\"2025-06-01T09:49:41+00:00\" \/>\n<meta property=\"article:modified_time\" content=\"2025-06-01T09:49:50+00:00\" \/>\n<meta property=\"og:image\" content=\"https:\/\/nordnesrepublikken.no\/wp-content\/uploads\/2025\/06\/1748771382_Hvorfor-kaller-Uffizi-galleriene-det-Historien-om-et-av-de-scaled.jpg\" \/>\n\t<meta property=\"og:image:width\" content=\"2560\" \/>\n\t<meta property=\"og:image:height\" content=\"1707\" \/>\n\t<meta property=\"og:image:type\" content=\"image\/jpeg\" \/>\n<meta name=\"author\" content=\"Ole Andersen\" \/>\n<meta name=\"twitter:card\" content=\"summary_large_image\" \/>\n<meta name=\"twitter:label1\" content=\"Skrevet av\" \/>\n\t<meta name=\"twitter:data1\" content=\"Ole Andersen\" \/>\n\t<meta name=\"twitter:label2\" content=\"Ansl. lesetid\" \/>\n\t<meta name=\"twitter:data2\" content=\"5 minutter\" \/>\n<script type=\"application\/ld+json\" class=\"yoast-schema-graph\">{\"@context\":\"https:\/\/schema.org\",\"@graph\":[{\"@type\":\"Article\",\"@id\":\"https:\/\/nordnesrepublikken.no\/index.php\/2025\/06\/01\/hvorfor-kaller-uffizi-galleriene-det-historien-om-et-av-de-viktigste-italienske-museene\/#article\",\"isPartOf\":{\"@id\":\"https:\/\/nordnesrepublikken.no\/index.php\/2025\/06\/01\/hvorfor-kaller-uffizi-galleriene-det-historien-om-et-av-de-viktigste-italienske-museene\/\"},\"author\":{\"name\":\"Ole Andersen\",\"@id\":\"https:\/\/nordnesrepublikken.no\/#\/schema\/person\/2e7e81935bab77882fffb79296240ff1\"},\"headline\":\"Hvorfor kaller Uffizi -galleriene det? Historien om et av de viktigste italienske museene\",\"datePublished\":\"2025-06-01T09:49:41+00:00\",\"dateModified\":\"2025-06-01T09:49:50+00:00\",\"mainEntityOfPage\":{\"@id\":\"https:\/\/nordnesrepublikken.no\/index.php\/2025\/06\/01\/hvorfor-kaller-uffizi-galleriene-det-historien-om-et-av-de-viktigste-italienske-museene\/\"},\"wordCount\":934,\"publisher\":{\"@id\":\"https:\/\/nordnesrepublikken.no\/#organization\"},\"image\":{\"@id\":\"https:\/\/nordnesrepublikken.no\/index.php\/2025\/06\/01\/hvorfor-kaller-uffizi-galleriene-det-historien-om-et-av-de-viktigste-italienske-museene\/#primaryimage\"},\"thumbnailUrl\":\"https:\/\/nordnesrepublikken.no\/wp-content\/uploads\/2025\/06\/1748771382_Hvorfor-kaller-Uffizi-galleriene-det-Historien-om-et-av-de-scaled.jpg\",\"keywords\":[\"Det\",\"galleriene\",\"Historien\",\"hvorfor\",\"italienske\",\"kaller\",\"museene\",\"Uffizi\",\"viktigste\"],\"articleSection\":[\"Samfunn\"],\"inLanguage\":\"nb-NO\"},{\"@type\":\"WebPage\",\"@id\":\"https:\/\/nordnesrepublikken.no\/index.php\/2025\/06\/01\/hvorfor-kaller-uffizi-galleriene-det-historien-om-et-av-de-viktigste-italienske-museene\/\",\"url\":\"https:\/\/nordnesrepublikken.no\/index.php\/2025\/06\/01\/hvorfor-kaller-uffizi-galleriene-det-historien-om-et-av-de-viktigste-italienske-museene\/\",\"name\":\"Hvorfor kaller Uffizi -galleriene det? Historien om et av de viktigste italienske museene - Nordnesrepublikken\",\"isPartOf\":{\"@id\":\"https:\/\/nordnesrepublikken.no\/#website\"},\"primaryImageOfPage\":{\"@id\":\"https:\/\/nordnesrepublikken.no\/index.php\/2025\/06\/01\/hvorfor-kaller-uffizi-galleriene-det-historien-om-et-av-de-viktigste-italienske-museene\/#primaryimage\"},\"image\":{\"@id\":\"https:\/\/nordnesrepublikken.no\/index.php\/2025\/06\/01\/hvorfor-kaller-uffizi-galleriene-det-historien-om-et-av-de-viktigste-italienske-museene\/#primaryimage\"},\"thumbnailUrl\":\"https:\/\/nordnesrepublikken.no\/wp-content\/uploads\/2025\/06\/1748771382_Hvorfor-kaller-Uffizi-galleriene-det-Historien-om-et-av-de-scaled.jpg\",\"datePublished\":\"2025-06-01T09:49:41+00:00\",\"dateModified\":\"2025-06-01T09:49:50+00:00\",\"breadcrumb\":{\"@id\":\"https:\/\/nordnesrepublikken.no\/index.php\/2025\/06\/01\/hvorfor-kaller-uffizi-galleriene-det-historien-om-et-av-de-viktigste-italienske-museene\/#breadcrumb\"},\"inLanguage\":\"nb-NO\",\"potentialAction\":[{\"@type\":\"ReadAction\",\"target\":[\"https:\/\/nordnesrepublikken.no\/index.php\/2025\/06\/01\/hvorfor-kaller-uffizi-galleriene-det-historien-om-et-av-de-viktigste-italienske-museene\/\"]}]},{\"@type\":\"ImageObject\",\"inLanguage\":\"nb-NO\",\"@id\":\"https:\/\/nordnesrepublikken.no\/index.php\/2025\/06\/01\/hvorfor-kaller-uffizi-galleriene-det-historien-om-et-av-de-viktigste-italienske-museene\/#primaryimage\",\"url\":\"https:\/\/nordnesrepublikken.no\/wp-content\/uploads\/2025\/06\/1748771382_Hvorfor-kaller-Uffizi-galleriene-det-Historien-om-et-av-de-scaled.jpg\",\"contentUrl\":\"https:\/\/nordnesrepublikken.no\/wp-content\/uploads\/2025\/06\/1748771382_Hvorfor-kaller-Uffizi-galleriene-det-Historien-om-et-av-de-scaled.jpg\",\"width\":2560,\"height\":1707,\"caption\":\"galleria uffizi firenze\"},{\"@type\":\"BreadcrumbList\",\"@id\":\"https:\/\/nordnesrepublikken.no\/index.php\/2025\/06\/01\/hvorfor-kaller-uffizi-galleriene-det-historien-om-et-av-de-viktigste-italienske-museene\/#breadcrumb\",\"itemListElement\":[{\"@type\":\"ListItem\",\"position\":1,\"name\":\"Home\",\"item\":\"https:\/\/nordnesrepublikken.no\/\"},{\"@type\":\"ListItem\",\"position\":2,\"name\":\"Hvorfor kaller Uffizi -galleriene det? Historien om et av de viktigste italienske museene\"}]},{\"@type\":\"WebSite\",\"@id\":\"https:\/\/nordnesrepublikken.no\/#website\",\"url\":\"https:\/\/nordnesrepublikken.no\/\",\"name\":\"Nordnesrepublikken\",\"description\":\"Stemmer og Visjoner fra Republikkens Hjerte\",\"publisher\":{\"@id\":\"https:\/\/nordnesrepublikken.no\/#organization\"},\"potentialAction\":[{\"@type\":\"SearchAction\",\"target\":{\"@type\":\"EntryPoint\",\"urlTemplate\":\"https:\/\/nordnesrepublikken.no\/?s={search_term_string}\"},\"query-input\":{\"@type\":\"PropertyValueSpecification\",\"valueRequired\":true,\"valueName\":\"search_term_string\"}}],\"inLanguage\":\"nb-NO\"},{\"@type\":\"Organization\",\"@id\":\"https:\/\/nordnesrepublikken.no\/#organization\",\"name\":\"Nordnesrepublikken\",\"url\":\"https:\/\/nordnesrepublikken.no\/\",\"logo\":{\"@type\":\"ImageObject\",\"inLanguage\":\"nb-NO\",\"@id\":\"https:\/\/nordnesrepublikken.no\/#\/schema\/logo\/image\/\",\"url\":\"https:\/\/nordnesrepublikken.no\/wp-content\/uploads\/2025\/02\/cropped-nordnesrepublikken-2.png\",\"contentUrl\":\"https:\/\/nordnesrepublikken.no\/wp-content\/uploads\/2025\/02\/cropped-nordnesrepublikken-2.png\",\"width\":1248,\"height\":362,\"caption\":\"Nordnesrepublikken\"},\"image\":{\"@id\":\"https:\/\/nordnesrepublikken.no\/#\/schema\/logo\/image\/\"}},{\"@type\":\"Person\",\"@id\":\"https:\/\/nordnesrepublikken.no\/#\/schema\/person\/2e7e81935bab77882fffb79296240ff1\",\"name\":\"Ole Andersen\",\"image\":{\"@type\":\"ImageObject\",\"inLanguage\":\"nb-NO\",\"@id\":\"https:\/\/nordnesrepublikken.no\/#\/schema\/person\/image\/\",\"url\":\"https:\/\/nordnesrepublikken.no\/wp-content\/uploads\/2025\/02\/nordnesrepublikken-2-2-150x150.jpg\",\"contentUrl\":\"https:\/\/nordnesrepublikken.no\/wp-content\/uploads\/2025\/02\/nordnesrepublikken-2-2-150x150.jpg\",\"caption\":\"Ole Andersen\"},\"description\":\"Ettersom jeg vokste opp i Oslo, har jeg alltid v\u00e6rt fascinert av ordenes kraft og deres evne til \u00e5 skape endringer. Etter \u00e5 ha fullf\u00f8rt min utdannelse i kommunikasjon ved Universitetet i Bergen, fikk jeg muligheten til \u00e5 jobbe innen ulike medier, der jeg har s\u00f8kt \u00e5 belyse viktige samfunnssp\u00f8rsm\u00e5l. I dag, som redakt\u00f8r for Nordnesrepublikken, pr\u00f8ver jeg \u00e5 forene min kj\u00e6rlighet for journalistikk med min lidenskap for innovasjon og eventyr.\",\"sameAs\":[\"https:\/\/nordnesrepublikken.no\/\"]}]}<\/script>\n<!-- \/ Yoast SEO plugin. -->","yoast_head_json":{"title":"Hvorfor kaller Uffizi -galleriene det? Historien om et av de viktigste italienske museene - Nordnesrepublikken","robots":{"index":"index","follow":"follow","max-snippet":"max-snippet:-1","max-image-preview":"max-image-preview:large","max-video-preview":"max-video-preview:-1"},"canonical":"https:\/\/nordnesrepublikken.no\/index.php\/2025\/06\/01\/hvorfor-kaller-uffizi-galleriene-det-historien-om-et-av-de-viktigste-italienske-museene\/","og_locale":"nb_NO","og_type":"article","og_title":"Hvorfor kaller Uffizi -galleriene det? Historien om et av de viktigste italienske museene - Nordnesrepublikken","og_description":"Til tross for at de er de mest verdsatte museene i Italia og verden, er","og_url":"https:\/\/nordnesrepublikken.no\/index.php\/2025\/06\/01\/hvorfor-kaller-uffizi-galleriene-det-historien-om-et-av-de-viktigste-italienske-museene\/","og_site_name":"Nordnesrepublikken","article_published_time":"2025-06-01T09:49:41+00:00","article_modified_time":"2025-06-01T09:49:50+00:00","og_image":[{"width":2560,"height":1707,"url":"https:\/\/nordnesrepublikken.no\/wp-content\/uploads\/2025\/06\/1748771382_Hvorfor-kaller-Uffizi-galleriene-det-Historien-om-et-av-de-scaled.jpg","type":"image\/jpeg"}],"author":"Ole Andersen","twitter_card":"summary_large_image","twitter_misc":{"Skrevet av":"Ole Andersen","Ansl. lesetid":"5 minutter"},"schema":{"@context":"https:\/\/schema.org","@graph":[{"@type":"Article","@id":"https:\/\/nordnesrepublikken.no\/index.php\/2025\/06\/01\/hvorfor-kaller-uffizi-galleriene-det-historien-om-et-av-de-viktigste-italienske-museene\/#article","isPartOf":{"@id":"https:\/\/nordnesrepublikken.no\/index.php\/2025\/06\/01\/hvorfor-kaller-uffizi-galleriene-det-historien-om-et-av-de-viktigste-italienske-museene\/"},"author":{"name":"Ole Andersen","@id":"https:\/\/nordnesrepublikken.no\/#\/schema\/person\/2e7e81935bab77882fffb79296240ff1"},"headline":"Hvorfor kaller Uffizi -galleriene det? Historien om et av de viktigste italienske museene","datePublished":"2025-06-01T09:49:41+00:00","dateModified":"2025-06-01T09:49:50+00:00","mainEntityOfPage":{"@id":"https:\/\/nordnesrepublikken.no\/index.php\/2025\/06\/01\/hvorfor-kaller-uffizi-galleriene-det-historien-om-et-av-de-viktigste-italienske-museene\/"},"wordCount":934,"publisher":{"@id":"https:\/\/nordnesrepublikken.no\/#organization"},"image":{"@id":"https:\/\/nordnesrepublikken.no\/index.php\/2025\/06\/01\/hvorfor-kaller-uffizi-galleriene-det-historien-om-et-av-de-viktigste-italienske-museene\/#primaryimage"},"thumbnailUrl":"https:\/\/nordnesrepublikken.no\/wp-content\/uploads\/2025\/06\/1748771382_Hvorfor-kaller-Uffizi-galleriene-det-Historien-om-et-av-de-scaled.jpg","keywords":["Det","galleriene","Historien","hvorfor","italienske","kaller","museene","Uffizi","viktigste"],"articleSection":["Samfunn"],"inLanguage":"nb-NO"},{"@type":"WebPage","@id":"https:\/\/nordnesrepublikken.no\/index.php\/2025\/06\/01\/hvorfor-kaller-uffizi-galleriene-det-historien-om-et-av-de-viktigste-italienske-museene\/","url":"https:\/\/nordnesrepublikken.no\/index.php\/2025\/06\/01\/hvorfor-kaller-uffizi-galleriene-det-historien-om-et-av-de-viktigste-italienske-museene\/","name":"Hvorfor kaller Uffizi -galleriene det? Historien om et av de viktigste italienske museene - Nordnesrepublikken","isPartOf":{"@id":"https:\/\/nordnesrepublikken.no\/#website"},"primaryImageOfPage":{"@id":"https:\/\/nordnesrepublikken.no\/index.php\/2025\/06\/01\/hvorfor-kaller-uffizi-galleriene-det-historien-om-et-av-de-viktigste-italienske-museene\/#primaryimage"},"image":{"@id":"https:\/\/nordnesrepublikken.no\/index.php\/2025\/06\/01\/hvorfor-kaller-uffizi-galleriene-det-historien-om-et-av-de-viktigste-italienske-museene\/#primaryimage"},"thumbnailUrl":"https:\/\/nordnesrepublikken.no\/wp-content\/uploads\/2025\/06\/1748771382_Hvorfor-kaller-Uffizi-galleriene-det-Historien-om-et-av-de-scaled.jpg","datePublished":"2025-06-01T09:49:41+00:00","dateModified":"2025-06-01T09:49:50+00:00","breadcrumb":{"@id":"https:\/\/nordnesrepublikken.no\/index.php\/2025\/06\/01\/hvorfor-kaller-uffizi-galleriene-det-historien-om-et-av-de-viktigste-italienske-museene\/#breadcrumb"},"inLanguage":"nb-NO","potentialAction":[{"@type":"ReadAction","target":["https:\/\/nordnesrepublikken.no\/index.php\/2025\/06\/01\/hvorfor-kaller-uffizi-galleriene-det-historien-om-et-av-de-viktigste-italienske-museene\/"]}]},{"@type":"ImageObject","inLanguage":"nb-NO","@id":"https:\/\/nordnesrepublikken.no\/index.php\/2025\/06\/01\/hvorfor-kaller-uffizi-galleriene-det-historien-om-et-av-de-viktigste-italienske-museene\/#primaryimage","url":"https:\/\/nordnesrepublikken.no\/wp-content\/uploads\/2025\/06\/1748771382_Hvorfor-kaller-Uffizi-galleriene-det-Historien-om-et-av-de-scaled.jpg","contentUrl":"https:\/\/nordnesrepublikken.no\/wp-content\/uploads\/2025\/06\/1748771382_Hvorfor-kaller-Uffizi-galleriene-det-Historien-om-et-av-de-scaled.jpg","width":2560,"height":1707,"caption":"galleria uffizi firenze"},{"@type":"BreadcrumbList","@id":"https:\/\/nordnesrepublikken.no\/index.php\/2025\/06\/01\/hvorfor-kaller-uffizi-galleriene-det-historien-om-et-av-de-viktigste-italienske-museene\/#breadcrumb","itemListElement":[{"@type":"ListItem","position":1,"name":"Home","item":"https:\/\/nordnesrepublikken.no\/"},{"@type":"ListItem","position":2,"name":"Hvorfor kaller Uffizi -galleriene det? Historien om et av de viktigste italienske museene"}]},{"@type":"WebSite","@id":"https:\/\/nordnesrepublikken.no\/#website","url":"https:\/\/nordnesrepublikken.no\/","name":"Nordnesrepublikken","description":"Stemmer og Visjoner fra Republikkens Hjerte","publisher":{"@id":"https:\/\/nordnesrepublikken.no\/#organization"},"potentialAction":[{"@type":"SearchAction","target":{"@type":"EntryPoint","urlTemplate":"https:\/\/nordnesrepublikken.no\/?s={search_term_string}"},"query-input":{"@type":"PropertyValueSpecification","valueRequired":true,"valueName":"search_term_string"}}],"inLanguage":"nb-NO"},{"@type":"Organization","@id":"https:\/\/nordnesrepublikken.no\/#organization","name":"Nordnesrepublikken","url":"https:\/\/nordnesrepublikken.no\/","logo":{"@type":"ImageObject","inLanguage":"nb-NO","@id":"https:\/\/nordnesrepublikken.no\/#\/schema\/logo\/image\/","url":"https:\/\/nordnesrepublikken.no\/wp-content\/uploads\/2025\/02\/cropped-nordnesrepublikken-2.png","contentUrl":"https:\/\/nordnesrepublikken.no\/wp-content\/uploads\/2025\/02\/cropped-nordnesrepublikken-2.png","width":1248,"height":362,"caption":"Nordnesrepublikken"},"image":{"@id":"https:\/\/nordnesrepublikken.no\/#\/schema\/logo\/image\/"}},{"@type":"Person","@id":"https:\/\/nordnesrepublikken.no\/#\/schema\/person\/2e7e81935bab77882fffb79296240ff1","name":"Ole Andersen","image":{"@type":"ImageObject","inLanguage":"nb-NO","@id":"https:\/\/nordnesrepublikken.no\/#\/schema\/person\/image\/","url":"https:\/\/nordnesrepublikken.no\/wp-content\/uploads\/2025\/02\/nordnesrepublikken-2-2-150x150.jpg","contentUrl":"https:\/\/nordnesrepublikken.no\/wp-content\/uploads\/2025\/02\/nordnesrepublikken-2-2-150x150.jpg","caption":"Ole Andersen"},"description":"Ettersom jeg vokste opp i Oslo, har jeg alltid v\u00e6rt fascinert av ordenes kraft og deres evne til \u00e5 skape endringer. Etter \u00e5 ha fullf\u00f8rt min utdannelse i kommunikasjon ved Universitetet i Bergen, fikk jeg muligheten til \u00e5 jobbe innen ulike medier, der jeg har s\u00f8kt \u00e5 belyse viktige samfunnssp\u00f8rsm\u00e5l. I dag, som redakt\u00f8r for Nordnesrepublikken, pr\u00f8ver jeg \u00e5 forene min kj\u00e6rlighet for journalistikk med min lidenskap for innovasjon og eventyr.","sameAs":["https:\/\/nordnesrepublikken.no\/"]}]}},"_links":{"self":[{"href":"https:\/\/nordnesrepublikken.no\/index.php\/wp-json\/wp\/v2\/posts\/5275","targetHints":{"allow":["GET"]}}],"collection":[{"href":"https:\/\/nordnesrepublikken.no\/index.php\/wp-json\/wp\/v2\/posts"}],"about":[{"href":"https:\/\/nordnesrepublikken.no\/index.php\/wp-json\/wp\/v2\/types\/post"}],"author":[{"embeddable":true,"href":"https:\/\/nordnesrepublikken.no\/index.php\/wp-json\/wp\/v2\/users\/1"}],"replies":[{"embeddable":true,"href":"https:\/\/nordnesrepublikken.no\/index.php\/wp-json\/wp\/v2\/comments?post=5275"}],"version-history":[{"count":1,"href":"https:\/\/nordnesrepublikken.no\/index.php\/wp-json\/wp\/v2\/posts\/5275\/revisions"}],"predecessor-version":[{"id":5277,"href":"https:\/\/nordnesrepublikken.no\/index.php\/wp-json\/wp\/v2\/posts\/5275\/revisions\/5277"}],"wp:featuredmedia":[{"embeddable":true,"href":"https:\/\/nordnesrepublikken.no\/index.php\/wp-json\/wp\/v2\/media\/5276"}],"wp:attachment":[{"href":"https:\/\/nordnesrepublikken.no\/index.php\/wp-json\/wp\/v2\/media?parent=5275"}],"wp:term":[{"taxonomy":"category","embeddable":true,"href":"https:\/\/nordnesrepublikken.no\/index.php\/wp-json\/wp\/v2\/categories?post=5275"},{"taxonomy":"post_tag","embeddable":true,"href":"https:\/\/nordnesrepublikken.no\/index.php\/wp-json\/wp\/v2\/tags?post=5275"}],"curies":[{"name":"wp","href":"https:\/\/api.w.org\/{rel}","templated":true}]}}