{"id":5257,"date":"2025-05-31T21:49:37","date_gmt":"2025-05-31T19:49:37","guid":{"rendered":"https:\/\/nordnesrepublikken.no\/index.php\/2025\/05\/31\/opprinnelsen-for-de-som-brukte-og-hvor-det-var-utbredt\/"},"modified":"2025-05-31T21:49:39","modified_gmt":"2025-05-31T19:49:39","slug":"opprinnelsen-for-de-som-brukte-og-hvor-det-var-utbredt","status":"publish","type":"post","link":"https:\/\/nordnesrepublikken.no\/index.php\/2025\/05\/31\/opprinnelsen-for-de-som-brukte-og-hvor-det-var-utbredt\/","title":{"rendered":"Opprinnelsen, for de som brukte og hvor det var utbredt"},"content":{"rendered":"<div>\n<div class=\"cp_wrapper cp_wrapper--fw mb-30 mb-20@tablet\">\n<figure class=\"mm\"><picture class=\"img\" style=\"padding-top:56.25%\"><source  media=\"(min-width: 1024px)\"><source  media=\"(min-width: 768px)\"><\/source><\/source><\/picture><\/figure>\n<\/p><\/div>\n<p>Begrepet &laquo;<strong>kannibal<\/strong>&laquo;I dag er forankret i v\u00e5rt ordforr\u00e5d for \u00e5 beskrive hensynsl\u00f8se eller grusomme individer og dypt forankret i v\u00e5r fantasi det kan virke like eldgammelt som menneskeheten i seg selv. Likevel har den en <strong>presis f\u00f8dselsdato <\/strong>Og fremfor alt en mystisk historie, laget av spr\u00e5klige misforst\u00e5elser, ideologiske manipulasjoner og politiske begrunnelser. Til tross for dens tilsynelatende objektivitet, begrepet av <strong>kannibal<\/strong>eller &laquo;den som spiser menneskelig kj\u00f8tt&raquo;, er s\u00f8nn av en presis historisk situasjon: den <strong>oppdagelse<\/strong> <strong>og<\/strong> <strong>erobring<\/strong> <strong>av Amerika<\/strong> av EM.<\/p>\n<h2>Opprinnelsen til begrepet &laquo;kannibal&raquo;: Colombo og &laquo;Dogiba&raquo;<\/h2>\n<p>N\u00e5r <strong>Cristoforo Colombo<\/strong> land i <strong>Karibia<\/strong> I <strong>1492<\/strong>blir m\u00f8tt med befolkninger med spr\u00e5k, skikker og tro helt annerledes enn de europeiske. Dagb\u00f8kene hans er fulle av <strong>Observasjoner filtrert av undring og forundring<\/strong>men ogs\u00e5 fra en <strong>konstant behov for \u00e5 klassifisere<\/strong>katalogisere og tolke det ukjente i henhold til familieordninger. I en av historiene hans rapporterer Colombo at de innf\u00f8dte av<strong>Hispaniola Island<\/strong> (Den n\u00e5v\u00e6rende Haiti og Dominikanske republikk) snakker med frykt for en kriger som ringte <em>Karib <\/em>Det sies \u00e5 bo p\u00e5 andre \u00f8yer og praktiserte kannibalisme.<\/p>\n<p>Men det er her den f\u00f8rste kortslutningen finner sted: <strong>Columbus<\/strong> Registrer det navnet som <strong>Dogiba eller Dogibal<\/strong>en <strong>kr\u00f8pling<\/strong> som ser ut til \u00e5 blande navnet p\u00e5 <em>Arawak<\/em> eller guder <em>Karib<\/em> med ordet <em>Khan<\/em>tittelen p\u00e5 de mongolske suverene som i Europa fremkalte bilder av grusomhet og erobring. Fra dette m\u00f8tet mellom fjerne spr\u00e5k og forestillinger, <strong>Ordet &laquo;kannibal&raquo; er f\u00f8dt<\/strong>. Ikke som observasjon, men liker <strong>transkripsjon<\/strong> Eller mer sannsynlig, som <strong>instrumental konstruksjon<\/strong>.<\/p>\n<div class=\"cp_wrapper cp_wrapper--fw mb-50\">\n<figure class=\"mm\"><picture class=\"img\" style=\"padding-top:96.787709497207%\"><source  media=\"(min-width: 1024px)\"><source  media=\"(min-width: 768px)\"><img decoding=\"async\" loading=\"lazy\" src=\"https:\/\/nordnesrepublikken.no\/wp-content\/uploads\/2025\/05\/Opprinnelsen-for-de-som-brukte-og-hvor-det-var-utbredt.jpg\" alt=\"Bilde\" width=\"716\" height=\"693\"><\/source><\/source><\/picture><\/figure>\n<\/p><\/div>\n<p>Men var &laquo;kannibalene&raquo; ekte? Eksisterte de faktisk antropofagi -praksis? Noen arkeologiske vitnesbyrd bekrefter at rituelle, religi\u00f8se og krigsformer for forbruk av menneskelig kj\u00f8tt har eksistert <strong>I forskjellige kulturer<\/strong>inkludert noen populasjoner av<strong>Amazon<\/strong>fra <strong>Ny -Guinea<\/strong> og av<strong>Sentral -Afrika<\/strong>. Imidlertid, i de fleste tilfeller, spesielt i sammenheng med <strong>Amerika<\/strong>beskyldningene om kannibalisme ble bygget kunstig: brukt som <strong>Moralsk og juridisk begrunnelse<\/strong> for erobringen av europeerne.<\/p>\n<h2>Fiendens oppfinnelse<\/h2>\n<p>Trinnet fra en <strong>Spr\u00e5klig misforst\u00e5else<\/strong> til en <strong>Politisk fortelling<\/strong> Det er kort. I sammenheng med de f\u00f8rste koloniale forsendelsene, for \u00e5 definere en befolkning som &laquo;kannibal&raquo; var ikke bare en skremmende etikett: det var en beskyldning som hadde med seg dens dype juridiske og moralske implikasjoner. Hvis en gruppe ble ansett som dedikert til kannibalisme, kunne den ikke bare bli angrepet og <strong>underdanig<\/strong>men det kan ogs\u00e5 v\u00e6re <strong>redusert til slaveri<\/strong>i henhold til datidens lov og teologi.<\/p>\n<p>Denne mekanismen viste seg \u00e5 v\u00e6re ekstremt nyttig for <strong>Spansk krone<\/strong>: &laquo;Meek -indianerne&raquo; kunne evangeliseres, mens de som anses som &laquo;barbariske og voldsomme&raquo;, som de s\u00e5 -kallede kannibalene, kan bli deportert eller utryddet. Kannibalisme blir dermed en <strong>Infamy Brand<\/strong>en m\u00e5te \u00e5 <strong>nekte menneskeheten til den andre<\/strong> Og <strong>rettferdiggj\u00f8re kolonial vold<\/strong>. I denne forstand beskrev ikke ordet &laquo;kannibal&raquo; s\u00e5 mye reell oppf\u00f8rsel som en ideologisk funksjon: <strong>Bygge en fiende. <\/strong><\/p>\n<h2>Kannibalisme som et ritual<\/h2>\n<p>Over tid <strong>Figuren av kannibalen<\/strong> har antatt konturer mer og mer <strong>Grotesk og karikatural.<\/strong> Europeisk litteratur og ikonografi fra <strong>500<\/strong> P\u00e5 da vrimler de av bilder av nakne villmenn som steker menneske p\u00e5 store grillspyd, av hytter utsmykket med menneskelige bein, stammelitualer lest som praksis for vold og umenneskelig. Likevel, allerede p\u00e5 1700 -tallet, begynte noen reisende \u00e5 sette inn <strong>tvil<\/strong> Sannheten i disse fortellingene.<\/p>\n<div class=\"cp_wrapper cp_wrapper--fw mb-50\">\n<figure class=\"mm\"><picture class=\"img\" style=\"padding-top:72.047244094488%\"><source  media=\"(min-width: 1024px)\"><source  media=\"(min-width: 768px)\"><img decoding=\"async\" loading=\"lazy\" src=\"https:\/\/nordnesrepublikken.no\/wp-content\/uploads\/2025\/05\/1748720977_176_Opprinnelsen-for-de-som-brukte-og-hvor-det-var-utbredt.jpg\" alt=\"Bilde\" width=\"1270\" height=\"915\" class=\"js-seedtag-img\"><\/source><\/source><\/picture><\/figure>\n<\/p><\/div>\n<p>I det tjuende \u00e5rhundre, antropologen<strong> William Arens<\/strong> Han ga stemme til disse forvirringene med boken sin <em>&laquo;Den mannspisende myten&raquo;<\/em> (1979), der han hevdet at mange av kannibalismehistoriene som ble rapportert i koloniale dokumenter var overdrivelser eller til og med oppfinnelser. I f\u00f8lge Arens manglet historiske kilder ofte betongtester. Kannibalisme dukket da opp mer som en <strong>Funksjonell myte til kolonimakt<\/strong> Det som et virkelig utbredt kulturelt faktum.<\/p>\n<h2>Kannibalens figur for \u00e5 rettferdiggj\u00f8re volden<\/h2>\n<p>Konstruksjonen av &laquo;<strong>Wild Eater of Men<\/strong>&laquo;Det tjente til \u00e5 definere derimot vestlig identitet som<strong> sivil, rasjonell og kristen.  <\/strong>Det er den evige mekanismen til den andre som et deformerende speil, nyttig for \u00e5 berolige seg selv. Og s\u00e5, mens andre folk ble beskyldt for \u00e5 ha praktisert kannibalisme,<strong>Europa<\/strong> det var midt i <strong>Religion Wars<\/strong>fra <strong>Heksejakt<\/strong>fra <strong>Offentlige henrettelser<\/strong> Og <strong>tortur<\/strong> institusjonalisert.<\/p>\n<p>Tallet til kannibalen rettferdiggjorde da ikke bare vold, men det var en <strong>projeksjonsskjema<\/strong>: Skrekken ble outsourcet, tilskrevet den andre. Men n\u00e5r alt kommer til alt, som L\u00e9vi-Strauss la merke til, var det virkelige tabuet ikke menneskelig kj\u00f8tt, men erkjennelsen av at alle folkeslag, p\u00e5 forskjellige m\u00e5ter, sameksisterer med <strong>Ulike former for vold<\/strong>.<\/p>\n<h2>Kannibal og sivil: Hvem er de virkelige barbarene<\/h2>\n<p>Figuren av<strong> kannibal<\/strong>bygget p\u00e5 en misforst\u00e5else, overlevde i dag. I media, i filmer, i popul\u00e6rkultur, er kannibalen fortsatt et symbol p\u00e5 <strong>Primitiv terror<\/strong>men bak dette bildet er det en lang historie med rasisme, vold og umenneskelig. \u00c5 stille sp\u00f8rsm\u00e5l ved betydningen av begrepet &laquo;kannibal&raquo; ville ikke bare v\u00e6re en spr\u00e5klig eller akademisk \u00f8velse, men en<strong> Politisk handling<\/strong>. Det vil bety \u00e5 avvise en fast fortelling, \u00e5pne omr\u00e5der for andre stemmer og sannheter, og erkjenne at for ofte, den <strong>vold<\/strong> Det kom ikke fra hvem som ble kalt &laquo;kannibal&raquo;, men fra <strong>som oppfant det ordet. <\/strong><\/p>\n<div class=\"cp_wrapper  mb-50\">\n<div class=\"cbx\">\n<div class=\"cbx__collection\">\n<p>Kilder<\/p>\n<div class=\"cbx__sources\">\n<p>Colombo C. (1982) &laquo;The Diary of the First Trip&raquo;<\/p>\n<p>Bartolom\u00e9 de Las Casas (1992) &laquo;Veldig kort rapport om \u00f8deleggelsen av India&raquo;<\/p>\n<p>Arens W. (1979) &laquo;The Man-Esping Myth&raquo;<\/p>\n<\/p><\/div>\n<\/p><\/div>\n<\/p><\/div>\n<\/p><\/div>\n<\/p><\/div>\n","protected":false},"excerpt":{"rendered":"<p>Begrepet &laquo;kannibal&laquo;I dag er forankret i v\u00e5rt ordforr\u00e5d for \u00e5 beskrive hensynsl\u00f8se eller grusomme individer<\/p>\n","protected":false},"author":1,"featured_media":5258,"comment_status":"closed","ping_status":"open","sticky":false,"template":"","format":"standard","meta":{"footnotes":""},"categories":[104],"tags":[3079,66,449,2162,31,3080,100],"class_list":["post-5257","post","type-post","status-publish","format-standard","has-post-thumbnail","hentry","category-samfunn","tag-brukte","tag-det","tag-hvor","tag-opprinnelsen","tag-som","tag-utbredt","tag-var","generate-columns","tablet-grid-50","mobile-grid-100","grid-parent","grid-33","resize-featured-image"],"yoast_head":"<!-- This site is optimized with the Yoast SEO plugin v24.4 - https:\/\/yoast.com\/wordpress\/plugins\/seo\/ -->\n<title>Opprinnelsen, for de som brukte og hvor det var utbredt - Nordnesrepublikken<\/title>\n<meta name=\"robots\" content=\"index, follow, max-snippet:-1, max-image-preview:large, max-video-preview:-1\" \/>\n<link rel=\"canonical\" href=\"https:\/\/nordnesrepublikken.no\/index.php\/2025\/05\/31\/opprinnelsen-for-de-som-brukte-og-hvor-det-var-utbredt\/\" \/>\n<meta property=\"og:locale\" content=\"nb_NO\" \/>\n<meta property=\"og:type\" content=\"article\" \/>\n<meta property=\"og:title\" content=\"Opprinnelsen, for de som brukte og hvor det var utbredt - Nordnesrepublikken\" \/>\n<meta property=\"og:description\" content=\"Begrepet &laquo;kannibal&laquo;I dag er forankret i v\u00e5rt ordforr\u00e5d for \u00e5 beskrive hensynsl\u00f8se eller grusomme individer\" \/>\n<meta property=\"og:url\" content=\"https:\/\/nordnesrepublikken.no\/index.php\/2025\/05\/31\/opprinnelsen-for-de-som-brukte-og-hvor-det-var-utbredt\/\" \/>\n<meta property=\"og:site_name\" content=\"Nordnesrepublikken\" \/>\n<meta property=\"article:published_time\" content=\"2025-05-31T19:49:37+00:00\" \/>\n<meta property=\"article:modified_time\" content=\"2025-05-31T19:49:39+00:00\" \/>\n<meta property=\"og:image\" content=\"https:\/\/nordnesrepublikken.no\/wp-content\/uploads\/2025\/05\/1748720977_Opprinnelsen-for-de-som-brukte-og-hvor-det-var-utbredt.jpeg\" \/>\n\t<meta property=\"og:image:width\" content=\"1600\" \/>\n\t<meta property=\"og:image:height\" content=\"804\" \/>\n\t<meta property=\"og:image:type\" content=\"image\/jpeg\" \/>\n<meta name=\"author\" content=\"Ole Andersen\" \/>\n<meta name=\"twitter:card\" content=\"summary_large_image\" \/>\n<meta name=\"twitter:label1\" content=\"Skrevet av\" \/>\n\t<meta name=\"twitter:data1\" content=\"Ole Andersen\" \/>\n\t<meta name=\"twitter:label2\" content=\"Ansl. lesetid\" \/>\n\t<meta name=\"twitter:data2\" content=\"4 minutter\" \/>\n<script type=\"application\/ld+json\" class=\"yoast-schema-graph\">{\"@context\":\"https:\/\/schema.org\",\"@graph\":[{\"@type\":\"Article\",\"@id\":\"https:\/\/nordnesrepublikken.no\/index.php\/2025\/05\/31\/opprinnelsen-for-de-som-brukte-og-hvor-det-var-utbredt\/#article\",\"isPartOf\":{\"@id\":\"https:\/\/nordnesrepublikken.no\/index.php\/2025\/05\/31\/opprinnelsen-for-de-som-brukte-og-hvor-det-var-utbredt\/\"},\"author\":{\"name\":\"Ole Andersen\",\"@id\":\"https:\/\/nordnesrepublikken.no\/#\/schema\/person\/2e7e81935bab77882fffb79296240ff1\"},\"headline\":\"Opprinnelsen, for de som brukte og hvor det var utbredt\",\"datePublished\":\"2025-05-31T19:49:37+00:00\",\"dateModified\":\"2025-05-31T19:49:39+00:00\",\"mainEntityOfPage\":{\"@id\":\"https:\/\/nordnesrepublikken.no\/index.php\/2025\/05\/31\/opprinnelsen-for-de-som-brukte-og-hvor-det-var-utbredt\/\"},\"wordCount\":870,\"publisher\":{\"@id\":\"https:\/\/nordnesrepublikken.no\/#organization\"},\"image\":{\"@id\":\"https:\/\/nordnesrepublikken.no\/index.php\/2025\/05\/31\/opprinnelsen-for-de-som-brukte-og-hvor-det-var-utbredt\/#primaryimage\"},\"thumbnailUrl\":\"https:\/\/nordnesrepublikken.no\/wp-content\/uploads\/2025\/05\/1748720977_Opprinnelsen-for-de-som-brukte-og-hvor-det-var-utbredt.jpeg\",\"keywords\":[\"brukte\",\"Det\",\"hvor\",\"Opprinnelsen\",\"som\",\"utbredt\",\"var\"],\"articleSection\":[\"Samfunn\"],\"inLanguage\":\"nb-NO\"},{\"@type\":\"WebPage\",\"@id\":\"https:\/\/nordnesrepublikken.no\/index.php\/2025\/05\/31\/opprinnelsen-for-de-som-brukte-og-hvor-det-var-utbredt\/\",\"url\":\"https:\/\/nordnesrepublikken.no\/index.php\/2025\/05\/31\/opprinnelsen-for-de-som-brukte-og-hvor-det-var-utbredt\/\",\"name\":\"Opprinnelsen, for de som brukte og hvor det var utbredt - Nordnesrepublikken\",\"isPartOf\":{\"@id\":\"https:\/\/nordnesrepublikken.no\/#website\"},\"primaryImageOfPage\":{\"@id\":\"https:\/\/nordnesrepublikken.no\/index.php\/2025\/05\/31\/opprinnelsen-for-de-som-brukte-og-hvor-det-var-utbredt\/#primaryimage\"},\"image\":{\"@id\":\"https:\/\/nordnesrepublikken.no\/index.php\/2025\/05\/31\/opprinnelsen-for-de-som-brukte-og-hvor-det-var-utbredt\/#primaryimage\"},\"thumbnailUrl\":\"https:\/\/nordnesrepublikken.no\/wp-content\/uploads\/2025\/05\/1748720977_Opprinnelsen-for-de-som-brukte-og-hvor-det-var-utbredt.jpeg\",\"datePublished\":\"2025-05-31T19:49:37+00:00\",\"dateModified\":\"2025-05-31T19:49:39+00:00\",\"breadcrumb\":{\"@id\":\"https:\/\/nordnesrepublikken.no\/index.php\/2025\/05\/31\/opprinnelsen-for-de-som-brukte-og-hvor-det-var-utbredt\/#breadcrumb\"},\"inLanguage\":\"nb-NO\",\"potentialAction\":[{\"@type\":\"ReadAction\",\"target\":[\"https:\/\/nordnesrepublikken.no\/index.php\/2025\/05\/31\/opprinnelsen-for-de-som-brukte-og-hvor-det-var-utbredt\/\"]}]},{\"@type\":\"ImageObject\",\"inLanguage\":\"nb-NO\",\"@id\":\"https:\/\/nordnesrepublikken.no\/index.php\/2025\/05\/31\/opprinnelsen-for-de-som-brukte-og-hvor-det-var-utbredt\/#primaryimage\",\"url\":\"https:\/\/nordnesrepublikken.no\/wp-content\/uploads\/2025\/05\/1748720977_Opprinnelsen-for-de-som-brukte-og-hvor-det-var-utbredt.jpeg\",\"contentUrl\":\"https:\/\/nordnesrepublikken.no\/wp-content\/uploads\/2025\/05\/1748720977_Opprinnelsen-for-de-som-brukte-og-hvor-det-var-utbredt.jpeg\",\"width\":1600,\"height\":804,\"caption\":\"Immagine\"},{\"@type\":\"BreadcrumbList\",\"@id\":\"https:\/\/nordnesrepublikken.no\/index.php\/2025\/05\/31\/opprinnelsen-for-de-som-brukte-og-hvor-det-var-utbredt\/#breadcrumb\",\"itemListElement\":[{\"@type\":\"ListItem\",\"position\":1,\"name\":\"Home\",\"item\":\"https:\/\/nordnesrepublikken.no\/\"},{\"@type\":\"ListItem\",\"position\":2,\"name\":\"Opprinnelsen, for de som brukte og hvor det var utbredt\"}]},{\"@type\":\"WebSite\",\"@id\":\"https:\/\/nordnesrepublikken.no\/#website\",\"url\":\"https:\/\/nordnesrepublikken.no\/\",\"name\":\"Nordnesrepublikken\",\"description\":\"Stemmer og Visjoner fra Republikkens Hjerte\",\"publisher\":{\"@id\":\"https:\/\/nordnesrepublikken.no\/#organization\"},\"potentialAction\":[{\"@type\":\"SearchAction\",\"target\":{\"@type\":\"EntryPoint\",\"urlTemplate\":\"https:\/\/nordnesrepublikken.no\/?s={search_term_string}\"},\"query-input\":{\"@type\":\"PropertyValueSpecification\",\"valueRequired\":true,\"valueName\":\"search_term_string\"}}],\"inLanguage\":\"nb-NO\"},{\"@type\":\"Organization\",\"@id\":\"https:\/\/nordnesrepublikken.no\/#organization\",\"name\":\"Nordnesrepublikken\",\"url\":\"https:\/\/nordnesrepublikken.no\/\",\"logo\":{\"@type\":\"ImageObject\",\"inLanguage\":\"nb-NO\",\"@id\":\"https:\/\/nordnesrepublikken.no\/#\/schema\/logo\/image\/\",\"url\":\"https:\/\/nordnesrepublikken.no\/wp-content\/uploads\/2025\/02\/cropped-nordnesrepublikken-2.png\",\"contentUrl\":\"https:\/\/nordnesrepublikken.no\/wp-content\/uploads\/2025\/02\/cropped-nordnesrepublikken-2.png\",\"width\":1248,\"height\":362,\"caption\":\"Nordnesrepublikken\"},\"image\":{\"@id\":\"https:\/\/nordnesrepublikken.no\/#\/schema\/logo\/image\/\"}},{\"@type\":\"Person\",\"@id\":\"https:\/\/nordnesrepublikken.no\/#\/schema\/person\/2e7e81935bab77882fffb79296240ff1\",\"name\":\"Ole Andersen\",\"image\":{\"@type\":\"ImageObject\",\"inLanguage\":\"nb-NO\",\"@id\":\"https:\/\/nordnesrepublikken.no\/#\/schema\/person\/image\/\",\"url\":\"https:\/\/nordnesrepublikken.no\/wp-content\/uploads\/2025\/02\/nordnesrepublikken-2-2-150x150.jpg\",\"contentUrl\":\"https:\/\/nordnesrepublikken.no\/wp-content\/uploads\/2025\/02\/nordnesrepublikken-2-2-150x150.jpg\",\"caption\":\"Ole Andersen\"},\"description\":\"Ettersom jeg vokste opp i Oslo, har jeg alltid v\u00e6rt fascinert av ordenes kraft og deres evne til \u00e5 skape endringer. Etter \u00e5 ha fullf\u00f8rt min utdannelse i kommunikasjon ved Universitetet i Bergen, fikk jeg muligheten til \u00e5 jobbe innen ulike medier, der jeg har s\u00f8kt \u00e5 belyse viktige samfunnssp\u00f8rsm\u00e5l. I dag, som redakt\u00f8r for Nordnesrepublikken, pr\u00f8ver jeg \u00e5 forene min kj\u00e6rlighet for journalistikk med min lidenskap for innovasjon og eventyr.\",\"sameAs\":[\"https:\/\/nordnesrepublikken.no\/\"]}]}<\/script>\n<!-- \/ Yoast SEO plugin. -->","yoast_head_json":{"title":"Opprinnelsen, for de som brukte og hvor det var utbredt - Nordnesrepublikken","robots":{"index":"index","follow":"follow","max-snippet":"max-snippet:-1","max-image-preview":"max-image-preview:large","max-video-preview":"max-video-preview:-1"},"canonical":"https:\/\/nordnesrepublikken.no\/index.php\/2025\/05\/31\/opprinnelsen-for-de-som-brukte-og-hvor-det-var-utbredt\/","og_locale":"nb_NO","og_type":"article","og_title":"Opprinnelsen, for de som brukte og hvor det var utbredt - Nordnesrepublikken","og_description":"Begrepet &laquo;kannibal&laquo;I dag er forankret i v\u00e5rt ordforr\u00e5d for \u00e5 beskrive hensynsl\u00f8se eller grusomme individer","og_url":"https:\/\/nordnesrepublikken.no\/index.php\/2025\/05\/31\/opprinnelsen-for-de-som-brukte-og-hvor-det-var-utbredt\/","og_site_name":"Nordnesrepublikken","article_published_time":"2025-05-31T19:49:37+00:00","article_modified_time":"2025-05-31T19:49:39+00:00","og_image":[{"width":1600,"height":804,"url":"https:\/\/nordnesrepublikken.no\/wp-content\/uploads\/2025\/05\/1748720977_Opprinnelsen-for-de-som-brukte-og-hvor-det-var-utbredt.jpeg","type":"image\/jpeg"}],"author":"Ole Andersen","twitter_card":"summary_large_image","twitter_misc":{"Skrevet av":"Ole Andersen","Ansl. lesetid":"4 minutter"},"schema":{"@context":"https:\/\/schema.org","@graph":[{"@type":"Article","@id":"https:\/\/nordnesrepublikken.no\/index.php\/2025\/05\/31\/opprinnelsen-for-de-som-brukte-og-hvor-det-var-utbredt\/#article","isPartOf":{"@id":"https:\/\/nordnesrepublikken.no\/index.php\/2025\/05\/31\/opprinnelsen-for-de-som-brukte-og-hvor-det-var-utbredt\/"},"author":{"name":"Ole Andersen","@id":"https:\/\/nordnesrepublikken.no\/#\/schema\/person\/2e7e81935bab77882fffb79296240ff1"},"headline":"Opprinnelsen, for de som brukte og hvor det var utbredt","datePublished":"2025-05-31T19:49:37+00:00","dateModified":"2025-05-31T19:49:39+00:00","mainEntityOfPage":{"@id":"https:\/\/nordnesrepublikken.no\/index.php\/2025\/05\/31\/opprinnelsen-for-de-som-brukte-og-hvor-det-var-utbredt\/"},"wordCount":870,"publisher":{"@id":"https:\/\/nordnesrepublikken.no\/#organization"},"image":{"@id":"https:\/\/nordnesrepublikken.no\/index.php\/2025\/05\/31\/opprinnelsen-for-de-som-brukte-og-hvor-det-var-utbredt\/#primaryimage"},"thumbnailUrl":"https:\/\/nordnesrepublikken.no\/wp-content\/uploads\/2025\/05\/1748720977_Opprinnelsen-for-de-som-brukte-og-hvor-det-var-utbredt.jpeg","keywords":["brukte","Det","hvor","Opprinnelsen","som","utbredt","var"],"articleSection":["Samfunn"],"inLanguage":"nb-NO"},{"@type":"WebPage","@id":"https:\/\/nordnesrepublikken.no\/index.php\/2025\/05\/31\/opprinnelsen-for-de-som-brukte-og-hvor-det-var-utbredt\/","url":"https:\/\/nordnesrepublikken.no\/index.php\/2025\/05\/31\/opprinnelsen-for-de-som-brukte-og-hvor-det-var-utbredt\/","name":"Opprinnelsen, for de som brukte og hvor det var utbredt - Nordnesrepublikken","isPartOf":{"@id":"https:\/\/nordnesrepublikken.no\/#website"},"primaryImageOfPage":{"@id":"https:\/\/nordnesrepublikken.no\/index.php\/2025\/05\/31\/opprinnelsen-for-de-som-brukte-og-hvor-det-var-utbredt\/#primaryimage"},"image":{"@id":"https:\/\/nordnesrepublikken.no\/index.php\/2025\/05\/31\/opprinnelsen-for-de-som-brukte-og-hvor-det-var-utbredt\/#primaryimage"},"thumbnailUrl":"https:\/\/nordnesrepublikken.no\/wp-content\/uploads\/2025\/05\/1748720977_Opprinnelsen-for-de-som-brukte-og-hvor-det-var-utbredt.jpeg","datePublished":"2025-05-31T19:49:37+00:00","dateModified":"2025-05-31T19:49:39+00:00","breadcrumb":{"@id":"https:\/\/nordnesrepublikken.no\/index.php\/2025\/05\/31\/opprinnelsen-for-de-som-brukte-og-hvor-det-var-utbredt\/#breadcrumb"},"inLanguage":"nb-NO","potentialAction":[{"@type":"ReadAction","target":["https:\/\/nordnesrepublikken.no\/index.php\/2025\/05\/31\/opprinnelsen-for-de-som-brukte-og-hvor-det-var-utbredt\/"]}]},{"@type":"ImageObject","inLanguage":"nb-NO","@id":"https:\/\/nordnesrepublikken.no\/index.php\/2025\/05\/31\/opprinnelsen-for-de-som-brukte-og-hvor-det-var-utbredt\/#primaryimage","url":"https:\/\/nordnesrepublikken.no\/wp-content\/uploads\/2025\/05\/1748720977_Opprinnelsen-for-de-som-brukte-og-hvor-det-var-utbredt.jpeg","contentUrl":"https:\/\/nordnesrepublikken.no\/wp-content\/uploads\/2025\/05\/1748720977_Opprinnelsen-for-de-som-brukte-og-hvor-det-var-utbredt.jpeg","width":1600,"height":804,"caption":"Immagine"},{"@type":"BreadcrumbList","@id":"https:\/\/nordnesrepublikken.no\/index.php\/2025\/05\/31\/opprinnelsen-for-de-som-brukte-og-hvor-det-var-utbredt\/#breadcrumb","itemListElement":[{"@type":"ListItem","position":1,"name":"Home","item":"https:\/\/nordnesrepublikken.no\/"},{"@type":"ListItem","position":2,"name":"Opprinnelsen, for de som brukte og hvor det var utbredt"}]},{"@type":"WebSite","@id":"https:\/\/nordnesrepublikken.no\/#website","url":"https:\/\/nordnesrepublikken.no\/","name":"Nordnesrepublikken","description":"Stemmer og Visjoner fra Republikkens Hjerte","publisher":{"@id":"https:\/\/nordnesrepublikken.no\/#organization"},"potentialAction":[{"@type":"SearchAction","target":{"@type":"EntryPoint","urlTemplate":"https:\/\/nordnesrepublikken.no\/?s={search_term_string}"},"query-input":{"@type":"PropertyValueSpecification","valueRequired":true,"valueName":"search_term_string"}}],"inLanguage":"nb-NO"},{"@type":"Organization","@id":"https:\/\/nordnesrepublikken.no\/#organization","name":"Nordnesrepublikken","url":"https:\/\/nordnesrepublikken.no\/","logo":{"@type":"ImageObject","inLanguage":"nb-NO","@id":"https:\/\/nordnesrepublikken.no\/#\/schema\/logo\/image\/","url":"https:\/\/nordnesrepublikken.no\/wp-content\/uploads\/2025\/02\/cropped-nordnesrepublikken-2.png","contentUrl":"https:\/\/nordnesrepublikken.no\/wp-content\/uploads\/2025\/02\/cropped-nordnesrepublikken-2.png","width":1248,"height":362,"caption":"Nordnesrepublikken"},"image":{"@id":"https:\/\/nordnesrepublikken.no\/#\/schema\/logo\/image\/"}},{"@type":"Person","@id":"https:\/\/nordnesrepublikken.no\/#\/schema\/person\/2e7e81935bab77882fffb79296240ff1","name":"Ole Andersen","image":{"@type":"ImageObject","inLanguage":"nb-NO","@id":"https:\/\/nordnesrepublikken.no\/#\/schema\/person\/image\/","url":"https:\/\/nordnesrepublikken.no\/wp-content\/uploads\/2025\/02\/nordnesrepublikken-2-2-150x150.jpg","contentUrl":"https:\/\/nordnesrepublikken.no\/wp-content\/uploads\/2025\/02\/nordnesrepublikken-2-2-150x150.jpg","caption":"Ole Andersen"},"description":"Ettersom jeg vokste opp i Oslo, har jeg alltid v\u00e6rt fascinert av ordenes kraft og deres evne til \u00e5 skape endringer. Etter \u00e5 ha fullf\u00f8rt min utdannelse i kommunikasjon ved Universitetet i Bergen, fikk jeg muligheten til \u00e5 jobbe innen ulike medier, der jeg har s\u00f8kt \u00e5 belyse viktige samfunnssp\u00f8rsm\u00e5l. I dag, som redakt\u00f8r for Nordnesrepublikken, pr\u00f8ver jeg \u00e5 forene min kj\u00e6rlighet for journalistikk med min lidenskap for innovasjon og eventyr.","sameAs":["https:\/\/nordnesrepublikken.no\/"]}]}},"_links":{"self":[{"href":"https:\/\/nordnesrepublikken.no\/index.php\/wp-json\/wp\/v2\/posts\/5257","targetHints":{"allow":["GET"]}}],"collection":[{"href":"https:\/\/nordnesrepublikken.no\/index.php\/wp-json\/wp\/v2\/posts"}],"about":[{"href":"https:\/\/nordnesrepublikken.no\/index.php\/wp-json\/wp\/v2\/types\/post"}],"author":[{"embeddable":true,"href":"https:\/\/nordnesrepublikken.no\/index.php\/wp-json\/wp\/v2\/users\/1"}],"replies":[{"embeddable":true,"href":"https:\/\/nordnesrepublikken.no\/index.php\/wp-json\/wp\/v2\/comments?post=5257"}],"version-history":[{"count":1,"href":"https:\/\/nordnesrepublikken.no\/index.php\/wp-json\/wp\/v2\/posts\/5257\/revisions"}],"predecessor-version":[{"id":5259,"href":"https:\/\/nordnesrepublikken.no\/index.php\/wp-json\/wp\/v2\/posts\/5257\/revisions\/5259"}],"wp:featuredmedia":[{"embeddable":true,"href":"https:\/\/nordnesrepublikken.no\/index.php\/wp-json\/wp\/v2\/media\/5258"}],"wp:attachment":[{"href":"https:\/\/nordnesrepublikken.no\/index.php\/wp-json\/wp\/v2\/media?parent=5257"}],"wp:term":[{"taxonomy":"category","embeddable":true,"href":"https:\/\/nordnesrepublikken.no\/index.php\/wp-json\/wp\/v2\/categories?post=5257"},{"taxonomy":"post_tag","embeddable":true,"href":"https:\/\/nordnesrepublikken.no\/index.php\/wp-json\/wp\/v2\/tags?post=5257"}],"curies":[{"name":"wp","href":"https:\/\/api.w.org\/{rel}","templated":true}]}}