{"id":5150,"date":"2025-05-29T02:49:29","date_gmt":"2025-05-29T00:49:29","guid":{"rendered":"https:\/\/nordnesrepublikken.no\/index.php\/2025\/05\/29\/hvor-de-er-og-hvorfor-de-kalles-det\/"},"modified":"2025-05-29T02:49:41","modified_gmt":"2025-05-29T00:49:41","slug":"hvor-de-er-og-hvorfor-de-kalles-det","status":"publish","type":"post","link":"https:\/\/nordnesrepublikken.no\/index.php\/2025\/05\/29\/hvor-de-er-og-hvorfor-de-kalles-det\/","title":{"rendered":"hvor de er og hvorfor de kalles det"},"content":{"rendered":"<div>\n<div class=\"cp_wrapper cp_wrapper--fw mb-30 mb-20@tablet\">\n<figure class=\"mm\"><picture class=\"img\" style=\"padding-top:56.25%\"><source  media=\"(min-width: 1024px)\"><source  media=\"(min-width: 768px)\"><\/source><\/source><\/picture><\/figure>\n<\/p><\/div>\n<p>Se for deg stoffer som, n\u00e5r de er frigjort i milj\u00f8et, aldri g\u00e5r: De \u00f8delegger, akkumulerer, infiltrerer n\u00e6ringskjeden og n\u00e5r oss. Disse eksisterer og har et navn: <strong>PFAS <\/strong>&#8211; <strong>Stoffer for og polypluoroalchiliche<\/strong>. De er kjemiske forbindelser som har blitt hovedpersoner, de siste \u00e5rene, av en opphetet vitenskapelig og politisk debatt. Disse fluo -forbindelsene er motstandsdyktige mot de naturlige nedbrytningsprosessene, og av denne grunn har de f\u00e5tt kallenavnet &laquo;<em><strong>For alltid kjemikalier<\/strong><\/em>&laquo;, Det er&raquo; evige kjemikalier &laquo;.<\/p>\n<p>I dag har noen typer PFAs (som PFOA og PFOS v\u00e6rt <strong>forbudt av EU<\/strong>nettopp p\u00e5 grunn av deres utholdenhet, noe som genererer akkumulering av disse stoffene i <strong>Milj\u00f8matriser<\/strong> (vann, jord) og i <strong>n\u00e6ringskjede<\/strong>. N\u00e5r du ankommer, gitt deres h\u00f8ye mobilitet, kan de ha <strong>giftige effekter<\/strong> P\u00e5 leveren, nyrene, immunforsvaret og ogs\u00e5 i hjerneniv\u00e5. P\u00e5 den annen side er det ikke nok vitenskapelige bevis til \u00e5 ford\u00f8mme svarte plastverkt\u00f8y, der PFA ikke har blitt funnet og som i noen tid har v\u00e6rt ofre for desinformasjon.<\/p>\n<h2>Hva er PFAS og hvorfor de aldri \u00f8delegger<\/h2>\n<p>DE <strong>PFAS<\/strong> De hadde aldri eksistert i naturen f\u00f8r mannen skapte dem siden 1940 -tallet. Dette begrepet betyr ikke bare ett stoff, men en <strong>veldig stort av forbindelser <\/strong>brukt i industrielle prosesser. Molekylene som er identifisert som PFAS til dags dato er offisielt <strong>4 700<\/strong>men USAs milj\u00f8vernbyr\u00e5 (<strong>EPA<\/strong>) snakker om et estimat p\u00e5 mer enn <strong>12 000<\/strong> forskjellige stoffer.<\/p>\n<p>Deres kjemiske struktur er basert p\u00e5 en av <strong>sterkeste kjemiske b\u00e5nd kjent<\/strong>det vil si den mellom kjeder, mer eller mindre lange, av atomer av<strong> karbon<\/strong> knyttet til atomer av <strong>Fluor<\/strong>. Det er nettopp dette b\u00e5ndet s\u00e5 motstandsdyktig at det gj\u00f8r dem praktisk talt <strong>uforgjengelig i naturen<\/strong>: Faktisk klarer ingen bakterier og ingen milj\u00f8messig kjemisk reaksjon for \u00e5 demontere dem. Av denne grunn vedvarer deres tilstedev\u00e6relse og ja <strong>akkumulering<\/strong> Overalt, for eksempel i jordsmonn, i vann, i fisk, i avlinger og ogs\u00e5 i blodet v\u00e5rt. Selv om noen PFA -er har v\u00e6rt <strong>forbudt<\/strong>de har faktisk v\u00e6rt ofte <strong>erstattet av lignende molekyler<\/strong>ogs\u00e5 mistenkelig eller <strong>giftig<\/strong>som vokser lydl\u00f8st i milj\u00f8et.<\/p>\n<p>Selv om en PFAS ikke var giftig, vil faktisk hovedproblemet forbli dens utholdenhet. Et stoff som <strong>forsvinner aldri<\/strong>Det <strong>Det samler seg i \u00f8kosystemer og levende kropper<\/strong>er iboende problematisk. Dette er grunnen til at mange eksperter ber om \u00e5 behandle PFAS som en enkelt flott kategori fra <strong>regulering av raskt<\/strong>\u00e5 unng\u00e5 at erstatning av en PFAS med en annen, kanskje mindre studert, blir en &laquo;u\u00f8nsket erstatning&raquo;.<\/p>\n<h2>Hvor PFAS er lokalisert og hvordan de sprer seg i milj\u00f8et til oss<\/h2>\n<p><strong>PFAS er praktisk talt overalt<\/strong> Og de kom inn i hvert hj\u00f8rne av v\u00e5rt daglige liv. Det er ingen industrisektor eller forbrukerprodukt som ikke har benyttet seg av disse stoffene, direkte eller indirekte, og dette har betydd at de samler seg i milj\u00f8et: vi finner dem i <strong>Ikke -pinne belegg av pannene<\/strong>i <strong>Industrielle sm\u00f8remidler<\/strong>i <strong>vanntette kl\u00e6r,<\/strong> i <strong>Stagchia tepper<\/strong>i <strong>medisinsk utstyr<\/strong>in <strong>Brannslukningsapparater<\/strong>i <strong>Vannbestandig kosmetikk<\/strong>i <strong>Matbeholdere<\/strong> (ogs\u00e5 komposterbar), IN <strong>maling<\/strong>i <strong>plantevernmidler<\/strong>.<\/p>\n<div class=\"cp_wrapper cp_wrapper--fw mb-50\">\n<figure class=\"mm\"><picture class=\"img\" style=\"padding-top:100%\"><source  media=\"(min-width: 1024px)\"><source  media=\"(min-width: 768px)\"><img decoding=\"async\" loading=\"lazy\" src=\"https:\/\/nordnesrepublikken.no\/wp-content\/uploads\/2025\/05\/1748479769_598_hvor-de-er-og-hvorfor-de-kalles-det.jpg\" alt=\"PFAS i milj\u00f8et\" width=\"5888\" height=\"5888\"><\/source><\/source><\/picture><\/figure>\n<\/p><\/div>\n<p>Disse forbindelsene kan defineres som en <strong>&laquo;Planetarisk forurensning&raquo;<\/strong> som har blitt utbredt og vedvarende. For \u00e5 f\u00e5 en ide, ble de funnet i bekymringsfulle mengder <strong>Selv i regnet,<\/strong> i honning, i den indre luften, alpine innsj\u00f8er og i de mest avsidesliggende regionene p\u00e5 planeten, for eksempel<strong>Antarktis<\/strong> og<strong>Himalaya<\/strong>.<\/p>\n<p>PFA -ene frigj\u00f8res i milj\u00f8et gjennom industrielle eksos, avl\u00f8psvann, forbrenningsmenn som ikke er effektive nok, deponier og til og med gjennom luft. En gang i milj\u00f8et beveger disse forbindelsene seg lett fordi PFAS a <strong>Kortkjede<\/strong> De er sv\u00e6rt mobile og passerer raskt i bakken og i akviferne. De a <strong>Langkjede<\/strong>I stedet har de en tendens til \u00e5 samle seg i dyrevev. I alle fall ender begge opp, f\u00f8r eller siden, i n\u00e6ringskjeden og n\u00e5r oss.<\/p>\n<h2>Fordi de er skadelige og hvilke effekter de har p\u00e5 helse<\/h2>\n<p>I f\u00f8lge European Food Safety Authority (<strong>Efsa<\/strong>), Kan PFAS ha giftige effekter p\u00e5 leveren, nyrene, skjoldbruskkjertelen og ogs\u00e5 p\u00e5 immunforsvaret. Noen studier viser en <strong>Korrelasjon mellom h\u00f8ye niv\u00e5er av PFA -er i blodet og en senking av antistoffresponsen til vaksiner hos barn<\/strong>: I en studie utf\u00f8rt p\u00e5 F\u00e6r\u00f8yene p\u00e5 431 barn har h\u00f8ye niv\u00e5er av PFA i blodet v\u00e6rt relatert til <strong>Lavere konsentrasjoner av antistoffer mot difteri og stivkrampe<\/strong>. Barn med h\u00f8ye niv\u00e5er av PFA -er hadde ogs\u00e5 opptil 50% mindre antistoffrespons etter vaksinasjon. I en studie utf\u00f8rt i Norge har imidlertid 99 mor-barn par blitt analysert. Det ble funnet at<strong>Prenatal eksponering<\/strong> En PFAS var assosiert med en <strong>Redusert produksjon av 3 \u00e5rs vaksinasjonsantistoffer<\/strong>samt en potensiell \u00f8kning i risikoen for infeksjoner og allergier.<\/p>\n<div class=\"cp_wrapper cp_wrapper--fw mb-50\">\n<figure class=\"mm\"><picture class=\"img\" style=\"padding-top:79.988662131519%\"><source  media=\"(min-width: 1024px)\"><source  media=\"(min-width: 768px)\"><img decoding=\"async\" loading=\"lazy\" src=\"https:\/\/nordnesrepublikken.no\/wp-content\/uploads\/2025\/05\/1748479769_835_hvor-de-er-og-hvorfor-de-kalles-det.jpg\" alt=\"PFAS -akkumulering\" width=\"3528\" height=\"2822\" class=\"js-seedtag-img\"><\/source><\/source><\/picture><\/figure>\n<\/p><\/div>\n<p>Bare fra disse dataene avledet EFSA en ekstremt lav ukentlig terskel for PFAS: bare <strong>4,4 nanogram per kilo kroppsvekt.<\/strong> PFAS var ogs\u00e5 assosiert med reduksjon av f\u00f8dselsvekt, <strong>hormonelle endringer,<\/strong> \u00d8kning i kolesterol, infertilitet, nevrotoksisitet og mistenkelige kreftfremkallende effekter (som nyresvulster og testikler). De ser ogs\u00e5 ut til \u00e5 v\u00e6re assosiert med endringer av hjerneutvikling, reduksjon i den intellektuelle kvotienten, st\u00f8rre forekomst av ADHD hos barn og til og med \u00f8kt risiko for Alzheimers. Dette skjer fordi noen av disse stoffene <strong>De krysser lett blod-hjerne-barrieren<\/strong> Og de forblir i hjernen i \u00e5revis.<\/p>\n<h2>Inneholder svarte kj\u00f8kkenutstyr PFAS?<\/h2>\n<p>En nysgjerrighet som dukket opp nylig ang\u00e5r sorte plastkj\u00f8kkenutstyr. En studie publisert p\u00e5 <em>Kjemosf\u00e6re<\/em> analyserte 203 svarte plastgjenstander, og oppdaget det utover<strong>80%<\/strong> Den inneholdt flammeforsinkelser, hvorav noen er forbudt. Men, men <strong>PFAS ble ikke oppdaget i disse objektene<\/strong>. Studien fremhevet andre bekymringsfulle stoffer, men ikke &laquo;<em>For alltid kjemikalier<\/em>\u201dVi snakket om, og inneholdt ogs\u00e5 noen <strong>Beregningsfeil<\/strong> relatert til menneskelig eksponering, og korriger deretter at leserne opprinnelig hadde skremt. Selv om PFA -er ikke er funnet i disse verkt\u00f8yene, vekker tilstedev\u00e6relsen av andre giftige forbindelser som stammer fra resirkulering av elektronisk avfall bekymring for sikkerheten til disse produktene.<\/p>\n<div class=\"cp_wrapper cp_wrapper--fw mb-50\">\n<figure class=\"mm\"><picture class=\"img\" style=\"padding-top:66.666666666667%\"><source  media=\"(min-width: 1024px)\"><source  media=\"(min-width: 768px)\"><img decoding=\"async\" loading=\"lazy\" src=\"https:\/\/nordnesrepublikken.no\/wp-content\/uploads\/2025\/05\/1748479769_492_hvor-de-er-og-hvorfor-de-kalles-det.jpg\" alt=\"Svart plast PFA -er\" width=\"3864\" height=\"2576\"><\/source><\/source><\/picture><\/figure>\n<\/p><\/div>\n<p>I Italia har Altroconsumo testet forskjellige svarte plastverkt\u00f8y som selges i v\u00e5re butikker e <strong>har ikke funnet betydelige forurensninger<\/strong>. S\u00e5 selv om forsiktighet alltid er nyttig, <strong>Det er ingen solide bevis for at bruk av svarte skjeer for \u00e5 vri pastaen utsetter oss for PFAs<\/strong>.<\/p>\n<p>PFA -ene er overalt, men ikke uovervinnelig. Eksistere <strong>Fluorfrie alternativer<\/strong> For mange av applikasjonene deres, fra vanntette stoffer til emballasjematerialer. Imidlertid er det fremdeles et systemisk, politisk, industrielt og kulturelt skyvekraft, for \u00e5 virkelig redusere diffusjonen. En mer alvorlig europeisk forskrift kommer, men i mellomtiden kan vi ta mer bevisste valg: foretrekker produkter uten PFA -er, reduserer bruken av engangsbeholdere, sp\u00f8r, ber om \u00e5penhet fra produsentene. Fordi til og med et &laquo;evig&raquo; stoff kan ha en slutt, hvis vi virkelig vil ha det.<\/p>\n<\/p><\/div>\n","protected":false},"excerpt":{"rendered":"<p>Se for deg stoffer som, n\u00e5r de er frigjort i milj\u00f8et, aldri g\u00e5r: De \u00f8delegger,<\/p>\n","protected":false},"author":1,"featured_media":5151,"comment_status":"closed","ping_status":"open","sticky":false,"template":"","format":"standard","meta":{"footnotes":""},"categories":[24],"tags":[66,449,101,2140],"class_list":["post-5150","post","type-post","status-publish","format-standard","has-post-thumbnail","hentry","category-vitenskap","tag-det","tag-hvor","tag-hvorfor","tag-kalles","generate-columns","tablet-grid-50","mobile-grid-100","grid-parent","grid-33","resize-featured-image"],"yoast_head":"<!-- This site is optimized with the Yoast SEO plugin v24.4 - https:\/\/yoast.com\/wordpress\/plugins\/seo\/ -->\n<title>hvor de er og hvorfor de kalles det - Nordnesrepublikken<\/title>\n<meta name=\"robots\" content=\"index, follow, max-snippet:-1, max-image-preview:large, max-video-preview:-1\" \/>\n<link rel=\"canonical\" href=\"https:\/\/nordnesrepublikken.no\/index.php\/2025\/05\/29\/hvor-de-er-og-hvorfor-de-kalles-det\/\" \/>\n<meta property=\"og:locale\" content=\"nb_NO\" \/>\n<meta property=\"og:type\" content=\"article\" \/>\n<meta property=\"og:title\" content=\"hvor de er og hvorfor de kalles det - Nordnesrepublikken\" \/>\n<meta property=\"og:description\" content=\"Se for deg stoffer som, n\u00e5r de er frigjort i milj\u00f8et, aldri g\u00e5r: De \u00f8delegger,\" \/>\n<meta property=\"og:url\" content=\"https:\/\/nordnesrepublikken.no\/index.php\/2025\/05\/29\/hvor-de-er-og-hvorfor-de-kalles-det\/\" \/>\n<meta property=\"og:site_name\" content=\"Nordnesrepublikken\" \/>\n<meta property=\"article:published_time\" content=\"2025-05-29T00:49:29+00:00\" \/>\n<meta property=\"article:modified_time\" content=\"2025-05-29T00:49:41+00:00\" \/>\n<meta property=\"og:image\" content=\"https:\/\/nordnesrepublikken.no\/wp-content\/uploads\/2025\/05\/1748479770_hvor-de-er-og-hvorfor-de-kalles-det-scaled.jpg\" \/>\n\t<meta property=\"og:image:width\" content=\"2560\" \/>\n\t<meta property=\"og:image:height\" content=\"1706\" \/>\n\t<meta property=\"og:image:type\" content=\"image\/jpeg\" \/>\n<meta name=\"author\" content=\"Ole Andersen\" \/>\n<meta name=\"twitter:card\" content=\"summary_large_image\" \/>\n<meta name=\"twitter:label1\" content=\"Skrevet av\" \/>\n\t<meta name=\"twitter:data1\" content=\"Ole Andersen\" \/>\n\t<meta name=\"twitter:label2\" content=\"Ansl. lesetid\" \/>\n\t<meta name=\"twitter:data2\" content=\"6 minutter\" \/>\n<script type=\"application\/ld+json\" class=\"yoast-schema-graph\">{\"@context\":\"https:\/\/schema.org\",\"@graph\":[{\"@type\":\"Article\",\"@id\":\"https:\/\/nordnesrepublikken.no\/index.php\/2025\/05\/29\/hvor-de-er-og-hvorfor-de-kalles-det\/#article\",\"isPartOf\":{\"@id\":\"https:\/\/nordnesrepublikken.no\/index.php\/2025\/05\/29\/hvor-de-er-og-hvorfor-de-kalles-det\/\"},\"author\":{\"name\":\"Ole Andersen\",\"@id\":\"https:\/\/nordnesrepublikken.no\/#\/schema\/person\/2e7e81935bab77882fffb79296240ff1\"},\"headline\":\"hvor de er og hvorfor de kalles det\",\"datePublished\":\"2025-05-29T00:49:29+00:00\",\"dateModified\":\"2025-05-29T00:49:41+00:00\",\"mainEntityOfPage\":{\"@id\":\"https:\/\/nordnesrepublikken.no\/index.php\/2025\/05\/29\/hvor-de-er-og-hvorfor-de-kalles-det\/\"},\"wordCount\":1113,\"publisher\":{\"@id\":\"https:\/\/nordnesrepublikken.no\/#organization\"},\"image\":{\"@id\":\"https:\/\/nordnesrepublikken.no\/index.php\/2025\/05\/29\/hvor-de-er-og-hvorfor-de-kalles-det\/#primaryimage\"},\"thumbnailUrl\":\"https:\/\/nordnesrepublikken.no\/wp-content\/uploads\/2025\/05\/1748479770_hvor-de-er-og-hvorfor-de-kalles-det-scaled.jpg\",\"keywords\":[\"Det\",\"hvor\",\"hvorfor\",\"kalles\"],\"articleSection\":[\"Vitenskap\"],\"inLanguage\":\"nb-NO\"},{\"@type\":\"WebPage\",\"@id\":\"https:\/\/nordnesrepublikken.no\/index.php\/2025\/05\/29\/hvor-de-er-og-hvorfor-de-kalles-det\/\",\"url\":\"https:\/\/nordnesrepublikken.no\/index.php\/2025\/05\/29\/hvor-de-er-og-hvorfor-de-kalles-det\/\",\"name\":\"hvor de er og hvorfor de kalles det - Nordnesrepublikken\",\"isPartOf\":{\"@id\":\"https:\/\/nordnesrepublikken.no\/#website\"},\"primaryImageOfPage\":{\"@id\":\"https:\/\/nordnesrepublikken.no\/index.php\/2025\/05\/29\/hvor-de-er-og-hvorfor-de-kalles-det\/#primaryimage\"},\"image\":{\"@id\":\"https:\/\/nordnesrepublikken.no\/index.php\/2025\/05\/29\/hvor-de-er-og-hvorfor-de-kalles-det\/#primaryimage\"},\"thumbnailUrl\":\"https:\/\/nordnesrepublikken.no\/wp-content\/uploads\/2025\/05\/1748479770_hvor-de-er-og-hvorfor-de-kalles-det-scaled.jpg\",\"datePublished\":\"2025-05-29T00:49:29+00:00\",\"dateModified\":\"2025-05-29T00:49:41+00:00\",\"breadcrumb\":{\"@id\":\"https:\/\/nordnesrepublikken.no\/index.php\/2025\/05\/29\/hvor-de-er-og-hvorfor-de-kalles-det\/#breadcrumb\"},\"inLanguage\":\"nb-NO\",\"potentialAction\":[{\"@type\":\"ReadAction\",\"target\":[\"https:\/\/nordnesrepublikken.no\/index.php\/2025\/05\/29\/hvor-de-er-og-hvorfor-de-kalles-det\/\"]}]},{\"@type\":\"ImageObject\",\"inLanguage\":\"nb-NO\",\"@id\":\"https:\/\/nordnesrepublikken.no\/index.php\/2025\/05\/29\/hvor-de-er-og-hvorfor-de-kalles-det\/#primaryimage\",\"url\":\"https:\/\/nordnesrepublikken.no\/wp-content\/uploads\/2025\/05\/1748479770_hvor-de-er-og-hvorfor-de-kalles-det-scaled.jpg\",\"contentUrl\":\"https:\/\/nordnesrepublikken.no\/wp-content\/uploads\/2025\/05\/1748479770_hvor-de-er-og-hvorfor-de-kalles-det-scaled.jpg\",\"width\":2560,\"height\":1706,\"caption\":\"pfas utensili plastica nera\"},{\"@type\":\"BreadcrumbList\",\"@id\":\"https:\/\/nordnesrepublikken.no\/index.php\/2025\/05\/29\/hvor-de-er-og-hvorfor-de-kalles-det\/#breadcrumb\",\"itemListElement\":[{\"@type\":\"ListItem\",\"position\":1,\"name\":\"Home\",\"item\":\"https:\/\/nordnesrepublikken.no\/\"},{\"@type\":\"ListItem\",\"position\":2,\"name\":\"hvor de er og hvorfor de kalles det\"}]},{\"@type\":\"WebSite\",\"@id\":\"https:\/\/nordnesrepublikken.no\/#website\",\"url\":\"https:\/\/nordnesrepublikken.no\/\",\"name\":\"Nordnesrepublikken\",\"description\":\"Stemmer og Visjoner fra Republikkens Hjerte\",\"publisher\":{\"@id\":\"https:\/\/nordnesrepublikken.no\/#organization\"},\"potentialAction\":[{\"@type\":\"SearchAction\",\"target\":{\"@type\":\"EntryPoint\",\"urlTemplate\":\"https:\/\/nordnesrepublikken.no\/?s={search_term_string}\"},\"query-input\":{\"@type\":\"PropertyValueSpecification\",\"valueRequired\":true,\"valueName\":\"search_term_string\"}}],\"inLanguage\":\"nb-NO\"},{\"@type\":\"Organization\",\"@id\":\"https:\/\/nordnesrepublikken.no\/#organization\",\"name\":\"Nordnesrepublikken\",\"url\":\"https:\/\/nordnesrepublikken.no\/\",\"logo\":{\"@type\":\"ImageObject\",\"inLanguage\":\"nb-NO\",\"@id\":\"https:\/\/nordnesrepublikken.no\/#\/schema\/logo\/image\/\",\"url\":\"https:\/\/nordnesrepublikken.no\/wp-content\/uploads\/2025\/02\/cropped-nordnesrepublikken-2.png\",\"contentUrl\":\"https:\/\/nordnesrepublikken.no\/wp-content\/uploads\/2025\/02\/cropped-nordnesrepublikken-2.png\",\"width\":1248,\"height\":362,\"caption\":\"Nordnesrepublikken\"},\"image\":{\"@id\":\"https:\/\/nordnesrepublikken.no\/#\/schema\/logo\/image\/\"}},{\"@type\":\"Person\",\"@id\":\"https:\/\/nordnesrepublikken.no\/#\/schema\/person\/2e7e81935bab77882fffb79296240ff1\",\"name\":\"Ole Andersen\",\"image\":{\"@type\":\"ImageObject\",\"inLanguage\":\"nb-NO\",\"@id\":\"https:\/\/nordnesrepublikken.no\/#\/schema\/person\/image\/\",\"url\":\"https:\/\/nordnesrepublikken.no\/wp-content\/uploads\/2025\/02\/nordnesrepublikken-2-2-150x150.jpg\",\"contentUrl\":\"https:\/\/nordnesrepublikken.no\/wp-content\/uploads\/2025\/02\/nordnesrepublikken-2-2-150x150.jpg\",\"caption\":\"Ole Andersen\"},\"description\":\"Ettersom jeg vokste opp i Oslo, har jeg alltid v\u00e6rt fascinert av ordenes kraft og deres evne til \u00e5 skape endringer. Etter \u00e5 ha fullf\u00f8rt min utdannelse i kommunikasjon ved Universitetet i Bergen, fikk jeg muligheten til \u00e5 jobbe innen ulike medier, der jeg har s\u00f8kt \u00e5 belyse viktige samfunnssp\u00f8rsm\u00e5l. I dag, som redakt\u00f8r for Nordnesrepublikken, pr\u00f8ver jeg \u00e5 forene min kj\u00e6rlighet for journalistikk med min lidenskap for innovasjon og eventyr.\",\"sameAs\":[\"https:\/\/nordnesrepublikken.no\/\"]}]}<\/script>\n<!-- \/ Yoast SEO plugin. -->","yoast_head_json":{"title":"hvor de er og hvorfor de kalles det - Nordnesrepublikken","robots":{"index":"index","follow":"follow","max-snippet":"max-snippet:-1","max-image-preview":"max-image-preview:large","max-video-preview":"max-video-preview:-1"},"canonical":"https:\/\/nordnesrepublikken.no\/index.php\/2025\/05\/29\/hvor-de-er-og-hvorfor-de-kalles-det\/","og_locale":"nb_NO","og_type":"article","og_title":"hvor de er og hvorfor de kalles det - Nordnesrepublikken","og_description":"Se for deg stoffer som, n\u00e5r de er frigjort i milj\u00f8et, aldri g\u00e5r: De \u00f8delegger,","og_url":"https:\/\/nordnesrepublikken.no\/index.php\/2025\/05\/29\/hvor-de-er-og-hvorfor-de-kalles-det\/","og_site_name":"Nordnesrepublikken","article_published_time":"2025-05-29T00:49:29+00:00","article_modified_time":"2025-05-29T00:49:41+00:00","og_image":[{"width":2560,"height":1706,"url":"https:\/\/nordnesrepublikken.no\/wp-content\/uploads\/2025\/05\/1748479770_hvor-de-er-og-hvorfor-de-kalles-det-scaled.jpg","type":"image\/jpeg"}],"author":"Ole Andersen","twitter_card":"summary_large_image","twitter_misc":{"Skrevet av":"Ole Andersen","Ansl. lesetid":"6 minutter"},"schema":{"@context":"https:\/\/schema.org","@graph":[{"@type":"Article","@id":"https:\/\/nordnesrepublikken.no\/index.php\/2025\/05\/29\/hvor-de-er-og-hvorfor-de-kalles-det\/#article","isPartOf":{"@id":"https:\/\/nordnesrepublikken.no\/index.php\/2025\/05\/29\/hvor-de-er-og-hvorfor-de-kalles-det\/"},"author":{"name":"Ole Andersen","@id":"https:\/\/nordnesrepublikken.no\/#\/schema\/person\/2e7e81935bab77882fffb79296240ff1"},"headline":"hvor de er og hvorfor de kalles det","datePublished":"2025-05-29T00:49:29+00:00","dateModified":"2025-05-29T00:49:41+00:00","mainEntityOfPage":{"@id":"https:\/\/nordnesrepublikken.no\/index.php\/2025\/05\/29\/hvor-de-er-og-hvorfor-de-kalles-det\/"},"wordCount":1113,"publisher":{"@id":"https:\/\/nordnesrepublikken.no\/#organization"},"image":{"@id":"https:\/\/nordnesrepublikken.no\/index.php\/2025\/05\/29\/hvor-de-er-og-hvorfor-de-kalles-det\/#primaryimage"},"thumbnailUrl":"https:\/\/nordnesrepublikken.no\/wp-content\/uploads\/2025\/05\/1748479770_hvor-de-er-og-hvorfor-de-kalles-det-scaled.jpg","keywords":["Det","hvor","hvorfor","kalles"],"articleSection":["Vitenskap"],"inLanguage":"nb-NO"},{"@type":"WebPage","@id":"https:\/\/nordnesrepublikken.no\/index.php\/2025\/05\/29\/hvor-de-er-og-hvorfor-de-kalles-det\/","url":"https:\/\/nordnesrepublikken.no\/index.php\/2025\/05\/29\/hvor-de-er-og-hvorfor-de-kalles-det\/","name":"hvor de er og hvorfor de kalles det - Nordnesrepublikken","isPartOf":{"@id":"https:\/\/nordnesrepublikken.no\/#website"},"primaryImageOfPage":{"@id":"https:\/\/nordnesrepublikken.no\/index.php\/2025\/05\/29\/hvor-de-er-og-hvorfor-de-kalles-det\/#primaryimage"},"image":{"@id":"https:\/\/nordnesrepublikken.no\/index.php\/2025\/05\/29\/hvor-de-er-og-hvorfor-de-kalles-det\/#primaryimage"},"thumbnailUrl":"https:\/\/nordnesrepublikken.no\/wp-content\/uploads\/2025\/05\/1748479770_hvor-de-er-og-hvorfor-de-kalles-det-scaled.jpg","datePublished":"2025-05-29T00:49:29+00:00","dateModified":"2025-05-29T00:49:41+00:00","breadcrumb":{"@id":"https:\/\/nordnesrepublikken.no\/index.php\/2025\/05\/29\/hvor-de-er-og-hvorfor-de-kalles-det\/#breadcrumb"},"inLanguage":"nb-NO","potentialAction":[{"@type":"ReadAction","target":["https:\/\/nordnesrepublikken.no\/index.php\/2025\/05\/29\/hvor-de-er-og-hvorfor-de-kalles-det\/"]}]},{"@type":"ImageObject","inLanguage":"nb-NO","@id":"https:\/\/nordnesrepublikken.no\/index.php\/2025\/05\/29\/hvor-de-er-og-hvorfor-de-kalles-det\/#primaryimage","url":"https:\/\/nordnesrepublikken.no\/wp-content\/uploads\/2025\/05\/1748479770_hvor-de-er-og-hvorfor-de-kalles-det-scaled.jpg","contentUrl":"https:\/\/nordnesrepublikken.no\/wp-content\/uploads\/2025\/05\/1748479770_hvor-de-er-og-hvorfor-de-kalles-det-scaled.jpg","width":2560,"height":1706,"caption":"pfas utensili plastica nera"},{"@type":"BreadcrumbList","@id":"https:\/\/nordnesrepublikken.no\/index.php\/2025\/05\/29\/hvor-de-er-og-hvorfor-de-kalles-det\/#breadcrumb","itemListElement":[{"@type":"ListItem","position":1,"name":"Home","item":"https:\/\/nordnesrepublikken.no\/"},{"@type":"ListItem","position":2,"name":"hvor de er og hvorfor de kalles det"}]},{"@type":"WebSite","@id":"https:\/\/nordnesrepublikken.no\/#website","url":"https:\/\/nordnesrepublikken.no\/","name":"Nordnesrepublikken","description":"Stemmer og Visjoner fra Republikkens Hjerte","publisher":{"@id":"https:\/\/nordnesrepublikken.no\/#organization"},"potentialAction":[{"@type":"SearchAction","target":{"@type":"EntryPoint","urlTemplate":"https:\/\/nordnesrepublikken.no\/?s={search_term_string}"},"query-input":{"@type":"PropertyValueSpecification","valueRequired":true,"valueName":"search_term_string"}}],"inLanguage":"nb-NO"},{"@type":"Organization","@id":"https:\/\/nordnesrepublikken.no\/#organization","name":"Nordnesrepublikken","url":"https:\/\/nordnesrepublikken.no\/","logo":{"@type":"ImageObject","inLanguage":"nb-NO","@id":"https:\/\/nordnesrepublikken.no\/#\/schema\/logo\/image\/","url":"https:\/\/nordnesrepublikken.no\/wp-content\/uploads\/2025\/02\/cropped-nordnesrepublikken-2.png","contentUrl":"https:\/\/nordnesrepublikken.no\/wp-content\/uploads\/2025\/02\/cropped-nordnesrepublikken-2.png","width":1248,"height":362,"caption":"Nordnesrepublikken"},"image":{"@id":"https:\/\/nordnesrepublikken.no\/#\/schema\/logo\/image\/"}},{"@type":"Person","@id":"https:\/\/nordnesrepublikken.no\/#\/schema\/person\/2e7e81935bab77882fffb79296240ff1","name":"Ole Andersen","image":{"@type":"ImageObject","inLanguage":"nb-NO","@id":"https:\/\/nordnesrepublikken.no\/#\/schema\/person\/image\/","url":"https:\/\/nordnesrepublikken.no\/wp-content\/uploads\/2025\/02\/nordnesrepublikken-2-2-150x150.jpg","contentUrl":"https:\/\/nordnesrepublikken.no\/wp-content\/uploads\/2025\/02\/nordnesrepublikken-2-2-150x150.jpg","caption":"Ole Andersen"},"description":"Ettersom jeg vokste opp i Oslo, har jeg alltid v\u00e6rt fascinert av ordenes kraft og deres evne til \u00e5 skape endringer. Etter \u00e5 ha fullf\u00f8rt min utdannelse i kommunikasjon ved Universitetet i Bergen, fikk jeg muligheten til \u00e5 jobbe innen ulike medier, der jeg har s\u00f8kt \u00e5 belyse viktige samfunnssp\u00f8rsm\u00e5l. I dag, som redakt\u00f8r for Nordnesrepublikken, pr\u00f8ver jeg \u00e5 forene min kj\u00e6rlighet for journalistikk med min lidenskap for innovasjon og eventyr.","sameAs":["https:\/\/nordnesrepublikken.no\/"]}]}},"_links":{"self":[{"href":"https:\/\/nordnesrepublikken.no\/index.php\/wp-json\/wp\/v2\/posts\/5150","targetHints":{"allow":["GET"]}}],"collection":[{"href":"https:\/\/nordnesrepublikken.no\/index.php\/wp-json\/wp\/v2\/posts"}],"about":[{"href":"https:\/\/nordnesrepublikken.no\/index.php\/wp-json\/wp\/v2\/types\/post"}],"author":[{"embeddable":true,"href":"https:\/\/nordnesrepublikken.no\/index.php\/wp-json\/wp\/v2\/users\/1"}],"replies":[{"embeddable":true,"href":"https:\/\/nordnesrepublikken.no\/index.php\/wp-json\/wp\/v2\/comments?post=5150"}],"version-history":[{"count":1,"href":"https:\/\/nordnesrepublikken.no\/index.php\/wp-json\/wp\/v2\/posts\/5150\/revisions"}],"predecessor-version":[{"id":5152,"href":"https:\/\/nordnesrepublikken.no\/index.php\/wp-json\/wp\/v2\/posts\/5150\/revisions\/5152"}],"wp:featuredmedia":[{"embeddable":true,"href":"https:\/\/nordnesrepublikken.no\/index.php\/wp-json\/wp\/v2\/media\/5151"}],"wp:attachment":[{"href":"https:\/\/nordnesrepublikken.no\/index.php\/wp-json\/wp\/v2\/media?parent=5150"}],"wp:term":[{"taxonomy":"category","embeddable":true,"href":"https:\/\/nordnesrepublikken.no\/index.php\/wp-json\/wp\/v2\/categories?post=5150"},{"taxonomy":"post_tag","embeddable":true,"href":"https:\/\/nordnesrepublikken.no\/index.php\/wp-json\/wp\/v2\/tags?post=5150"}],"curies":[{"name":"wp","href":"https:\/\/api.w.org\/{rel}","templated":true}]}}