{"id":4599,"date":"2025-05-15T06:49:56","date_gmt":"2025-05-15T04:49:56","guid":{"rendered":"https:\/\/nordnesrepublikken.no\/index.php\/2025\/05\/15\/stemmer-det-at-indianere-sa-augh\/"},"modified":"2025-05-15T06:50:05","modified_gmt":"2025-05-15T04:50:05","slug":"stemmer-det-at-indianere-sa-augh","status":"publish","type":"post","link":"https:\/\/nordnesrepublikken.no\/index.php\/2025\/05\/15\/stemmer-det-at-indianere-sa-augh\/","title":{"rendered":"Stemmer det at indianere sa &laquo;augh&raquo;?"},"content":{"rendered":"<div>\n<div class=\"cp_wrapper cp_wrapper--fw mb-30 mb-20@tablet\">\n<figure class=\"mm\"><picture class=\"img\" style=\"padding-top:56.25%\"><source  media=\"(min-width: 1024px)\"><source  media=\"(min-width: 768px)\"><\/source><\/source><\/picture><\/figure>\n<\/p><\/div>\n<p>I hver vestlige film du h\u00f8rer jeg <strong>Innf\u00f8dte amerikanere<\/strong> utbryter &laquo;<strong>Augh!<\/strong>&laquo;Imidlertid, <strong>Dette uttrykket ble egentlig ikke brukt<\/strong>. I virkeligheten er det en oppfinnelse av forfattere og regiss\u00f8rer, snarere enn en historisk tradisjon. For \u00e5 skape denne falske myten (eller rettere sagt, spredte de den) var europeiske og amerikanske forfattere og regiss\u00f8rer p\u00e5 19. og 1900 -tallet. Den f\u00f8rste til \u00e5 bruke den er sannsynligvis <b>James Fenimore Cooper<\/b>forfatter av <em><strong>Den siste av mohicaniene<\/strong><\/em>  (1826), som kjennetegner hans <strong>urfolk med en guttural lyd<\/strong>&laquo;Ugh&raquo; type, for \u00e5 gi en<strong> &laquo;Eksotisk&raquo; ber\u00f8ring<\/strong>ofte ledsaget av en gest med <strong>hevet h\u00e5nd<\/strong> og <strong>Palm vendt fremover<\/strong>.<\/p>\n<p><b>Hollywood<\/b> har forsterket alt: i den vestlige p\u00e5 1930 -tallet -60, jeg &laquo;<strong>Rembersa<\/strong>&laquo;(Ogs\u00e5 n\u00e5 overskredet og ikke helt riktig) av de viktigste stammene som Haida, Navajo, Kwakiutl, Tlingit, Tsimshian og Chinook <strong>De kommuniserte til &laquo;ugh&raquo; slag, de snakket lite og alle virket de samme<\/strong>. Et stort <b>forenkling<\/b>som var med p\u00e5 \u00e5 skape <strong>stereotyper<\/strong> Fortsatt vanskelig \u00e5 d\u00f8, siden de virkelige vanene til de innf\u00f8dte var forskjellige: i virkeligheten brukte de ordet &laquo;<strong>hog<\/strong>&laquo;For \u00e5 hilse p\u00e5, at den britiske transkriberingen med&raquo; haug &laquo;og italienerne uttaler (og skriver)&raquo; augh &laquo;, galt. Gjerne p\u00e5 noen virkelige morsm\u00e5l er det ogs\u00e5 guttural lyder eller korte uttrykk: for eksempel p\u00e5 spr\u00e5ket <b>Lakota<\/b> (en av de viktigste Sioux -folkene), det er en hilsen &laquo;<b>H\u00e1u<\/b>&laquo;, Tradisjonelt brukt av voksne menn for \u00e5 hilse p\u00e5 andre menn, og det er sannsynligvis et spr\u00e5klig l\u00e5n. Det er derfor ikke \u00e5 bli ekskludert at en ekte hilsen (&raquo; H\u00e1u &laquo;) har blitt forvandlet, ved forenkling, til en generisk mugugno.<\/p>\n<p>Hvorfor er det viktig \u00e5 snakke om det? Det virker litt nysgjerrighet, men i virkeligheten <b>Disse stereotypiene har gjort <\/b><b>stor <\/b><b>skader<\/b>. \u00c5 redusere komplekse kulturer til en monosyllabisk lyd ga ideen om at indianeren var &laquo;enkel&raquo;, &laquo;primitiv&raquo;, det samme. La oss i stedet snakke om <b>Hundrevis av forskjellige mennesker<\/b>med <b>Hundrevis av spr\u00e5k og tradisjoner<\/b>. \u00c5 bruke en feil hilsen kan virke triviell, men bidrar til \u00e5 lage gale bilder som drar seg selv i \u00e5rhundrer.<\/p>\n<\/p><\/div>\n","protected":false},"excerpt":{"rendered":"<p>I hver vestlige film du h\u00f8rer jeg Innf\u00f8dte amerikanere utbryter &laquo;Augh!&laquo;Imidlertid, Dette uttrykket ble egentlig<\/p>\n","protected":false},"author":1,"featured_media":4600,"comment_status":"closed","ping_status":"open","sticky":false,"template":"","format":"standard","meta":{"footnotes":""},"categories":[104],"tags":[2482,66,1505,714],"class_list":["post-4599","post","type-post","status-publish","format-standard","has-post-thumbnail","hentry","category-samfunn","tag-augh","tag-det","tag-indianere","tag-stemmer","generate-columns","tablet-grid-50","mobile-grid-100","grid-parent","grid-33","resize-featured-image"],"yoast_head":"<!-- This site is optimized with the Yoast SEO plugin v24.4 - https:\/\/yoast.com\/wordpress\/plugins\/seo\/ -->\n<title>Stemmer det at indianere sa &quot;augh&quot;? - Nordnesrepublikken<\/title>\n<meta name=\"robots\" content=\"index, follow, max-snippet:-1, max-image-preview:large, max-video-preview:-1\" \/>\n<link rel=\"canonical\" href=\"https:\/\/nordnesrepublikken.no\/index.php\/2025\/05\/15\/stemmer-det-at-indianere-sa-augh\/\" \/>\n<meta property=\"og:locale\" content=\"nb_NO\" \/>\n<meta property=\"og:type\" content=\"article\" \/>\n<meta property=\"og:title\" content=\"Stemmer det at indianere sa &quot;augh&quot;? - Nordnesrepublikken\" \/>\n<meta property=\"og:description\" content=\"I hver vestlige film du h\u00f8rer jeg Innf\u00f8dte amerikanere utbryter &laquo;Augh!&laquo;Imidlertid, Dette uttrykket ble egentlig\" \/>\n<meta property=\"og:url\" content=\"https:\/\/nordnesrepublikken.no\/index.php\/2025\/05\/15\/stemmer-det-at-indianere-sa-augh\/\" \/>\n<meta property=\"og:site_name\" content=\"Nordnesrepublikken\" \/>\n<meta property=\"article:published_time\" content=\"2025-05-15T04:49:56+00:00\" \/>\n<meta property=\"article:modified_time\" content=\"2025-05-15T04:50:05+00:00\" \/>\n<meta property=\"og:image\" content=\"https:\/\/nordnesrepublikken.no\/wp-content\/uploads\/2025\/05\/1747284597_Stemmer-det-at-indianere-sa-augh-scaled.jpg\" \/>\n\t<meta property=\"og:image:width\" content=\"2560\" \/>\n\t<meta property=\"og:image:height\" content=\"1692\" \/>\n\t<meta property=\"og:image:type\" content=\"image\/jpeg\" \/>\n<meta name=\"author\" content=\"Ole Andersen\" \/>\n<meta name=\"twitter:card\" content=\"summary_large_image\" \/>\n<meta name=\"twitter:label1\" content=\"Skrevet av\" \/>\n\t<meta name=\"twitter:data1\" content=\"Ole Andersen\" \/>\n\t<meta name=\"twitter:label2\" content=\"Ansl. lesetid\" \/>\n\t<meta name=\"twitter:data2\" content=\"2 minutter\" \/>\n<script type=\"application\/ld+json\" class=\"yoast-schema-graph\">{\"@context\":\"https:\/\/schema.org\",\"@graph\":[{\"@type\":\"Article\",\"@id\":\"https:\/\/nordnesrepublikken.no\/index.php\/2025\/05\/15\/stemmer-det-at-indianere-sa-augh\/#article\",\"isPartOf\":{\"@id\":\"https:\/\/nordnesrepublikken.no\/index.php\/2025\/05\/15\/stemmer-det-at-indianere-sa-augh\/\"},\"author\":{\"name\":\"Ole Andersen\",\"@id\":\"https:\/\/nordnesrepublikken.no\/#\/schema\/person\/2e7e81935bab77882fffb79296240ff1\"},\"headline\":\"Stemmer det at indianere sa &laquo;augh&raquo;?\",\"datePublished\":\"2025-05-15T04:49:56+00:00\",\"dateModified\":\"2025-05-15T04:50:05+00:00\",\"mainEntityOfPage\":{\"@id\":\"https:\/\/nordnesrepublikken.no\/index.php\/2025\/05\/15\/stemmer-det-at-indianere-sa-augh\/\"},\"wordCount\":339,\"publisher\":{\"@id\":\"https:\/\/nordnesrepublikken.no\/#organization\"},\"image\":{\"@id\":\"https:\/\/nordnesrepublikken.no\/index.php\/2025\/05\/15\/stemmer-det-at-indianere-sa-augh\/#primaryimage\"},\"thumbnailUrl\":\"https:\/\/nordnesrepublikken.no\/wp-content\/uploads\/2025\/05\/1747284597_Stemmer-det-at-indianere-sa-augh-scaled.jpg\",\"keywords\":[\"augh\",\"Det\",\"indianere\",\"Stemmer\"],\"articleSection\":[\"Samfunn\"],\"inLanguage\":\"nb-NO\"},{\"@type\":\"WebPage\",\"@id\":\"https:\/\/nordnesrepublikken.no\/index.php\/2025\/05\/15\/stemmer-det-at-indianere-sa-augh\/\",\"url\":\"https:\/\/nordnesrepublikken.no\/index.php\/2025\/05\/15\/stemmer-det-at-indianere-sa-augh\/\",\"name\":\"Stemmer det at indianere sa \\\"augh\\\"? - Nordnesrepublikken\",\"isPartOf\":{\"@id\":\"https:\/\/nordnesrepublikken.no\/#website\"},\"primaryImageOfPage\":{\"@id\":\"https:\/\/nordnesrepublikken.no\/index.php\/2025\/05\/15\/stemmer-det-at-indianere-sa-augh\/#primaryimage\"},\"image\":{\"@id\":\"https:\/\/nordnesrepublikken.no\/index.php\/2025\/05\/15\/stemmer-det-at-indianere-sa-augh\/#primaryimage\"},\"thumbnailUrl\":\"https:\/\/nordnesrepublikken.no\/wp-content\/uploads\/2025\/05\/1747284597_Stemmer-det-at-indianere-sa-augh-scaled.jpg\",\"datePublished\":\"2025-05-15T04:49:56+00:00\",\"dateModified\":\"2025-05-15T04:50:05+00:00\",\"breadcrumb\":{\"@id\":\"https:\/\/nordnesrepublikken.no\/index.php\/2025\/05\/15\/stemmer-det-at-indianere-sa-augh\/#breadcrumb\"},\"inLanguage\":\"nb-NO\",\"potentialAction\":[{\"@type\":\"ReadAction\",\"target\":[\"https:\/\/nordnesrepublikken.no\/index.php\/2025\/05\/15\/stemmer-det-at-indianere-sa-augh\/\"]}]},{\"@type\":\"ImageObject\",\"inLanguage\":\"nb-NO\",\"@id\":\"https:\/\/nordnesrepublikken.no\/index.php\/2025\/05\/15\/stemmer-det-at-indianere-sa-augh\/#primaryimage\",\"url\":\"https:\/\/nordnesrepublikken.no\/wp-content\/uploads\/2025\/05\/1747284597_Stemmer-det-at-indianere-sa-augh-scaled.jpg\",\"contentUrl\":\"https:\/\/nordnesrepublikken.no\/wp-content\/uploads\/2025\/05\/1747284597_Stemmer-det-at-indianere-sa-augh-scaled.jpg\",\"width\":2560,\"height\":1692,\"caption\":\"nativi americani\"},{\"@type\":\"BreadcrumbList\",\"@id\":\"https:\/\/nordnesrepublikken.no\/index.php\/2025\/05\/15\/stemmer-det-at-indianere-sa-augh\/#breadcrumb\",\"itemListElement\":[{\"@type\":\"ListItem\",\"position\":1,\"name\":\"Home\",\"item\":\"https:\/\/nordnesrepublikken.no\/\"},{\"@type\":\"ListItem\",\"position\":2,\"name\":\"Stemmer det at indianere sa &laquo;augh&raquo;?\"}]},{\"@type\":\"WebSite\",\"@id\":\"https:\/\/nordnesrepublikken.no\/#website\",\"url\":\"https:\/\/nordnesrepublikken.no\/\",\"name\":\"Nordnesrepublikken\",\"description\":\"Stemmer og Visjoner fra Republikkens Hjerte\",\"publisher\":{\"@id\":\"https:\/\/nordnesrepublikken.no\/#organization\"},\"potentialAction\":[{\"@type\":\"SearchAction\",\"target\":{\"@type\":\"EntryPoint\",\"urlTemplate\":\"https:\/\/nordnesrepublikken.no\/?s={search_term_string}\"},\"query-input\":{\"@type\":\"PropertyValueSpecification\",\"valueRequired\":true,\"valueName\":\"search_term_string\"}}],\"inLanguage\":\"nb-NO\"},{\"@type\":\"Organization\",\"@id\":\"https:\/\/nordnesrepublikken.no\/#organization\",\"name\":\"Nordnesrepublikken\",\"url\":\"https:\/\/nordnesrepublikken.no\/\",\"logo\":{\"@type\":\"ImageObject\",\"inLanguage\":\"nb-NO\",\"@id\":\"https:\/\/nordnesrepublikken.no\/#\/schema\/logo\/image\/\",\"url\":\"https:\/\/nordnesrepublikken.no\/wp-content\/uploads\/2025\/02\/cropped-nordnesrepublikken-2.png\",\"contentUrl\":\"https:\/\/nordnesrepublikken.no\/wp-content\/uploads\/2025\/02\/cropped-nordnesrepublikken-2.png\",\"width\":1248,\"height\":362,\"caption\":\"Nordnesrepublikken\"},\"image\":{\"@id\":\"https:\/\/nordnesrepublikken.no\/#\/schema\/logo\/image\/\"}},{\"@type\":\"Person\",\"@id\":\"https:\/\/nordnesrepublikken.no\/#\/schema\/person\/2e7e81935bab77882fffb79296240ff1\",\"name\":\"Ole Andersen\",\"image\":{\"@type\":\"ImageObject\",\"inLanguage\":\"nb-NO\",\"@id\":\"https:\/\/nordnesrepublikken.no\/#\/schema\/person\/image\/\",\"url\":\"https:\/\/nordnesrepublikken.no\/wp-content\/uploads\/2025\/02\/nordnesrepublikken-2-2-150x150.jpg\",\"contentUrl\":\"https:\/\/nordnesrepublikken.no\/wp-content\/uploads\/2025\/02\/nordnesrepublikken-2-2-150x150.jpg\",\"caption\":\"Ole Andersen\"},\"description\":\"Ettersom jeg vokste opp i Oslo, har jeg alltid v\u00e6rt fascinert av ordenes kraft og deres evne til \u00e5 skape endringer. Etter \u00e5 ha fullf\u00f8rt min utdannelse i kommunikasjon ved Universitetet i Bergen, fikk jeg muligheten til \u00e5 jobbe innen ulike medier, der jeg har s\u00f8kt \u00e5 belyse viktige samfunnssp\u00f8rsm\u00e5l. I dag, som redakt\u00f8r for Nordnesrepublikken, pr\u00f8ver jeg \u00e5 forene min kj\u00e6rlighet for journalistikk med min lidenskap for innovasjon og eventyr.\",\"sameAs\":[\"https:\/\/nordnesrepublikken.no\/\"]}]}<\/script>\n<!-- \/ Yoast SEO plugin. -->","yoast_head_json":{"title":"Stemmer det at indianere sa \"augh\"? - Nordnesrepublikken","robots":{"index":"index","follow":"follow","max-snippet":"max-snippet:-1","max-image-preview":"max-image-preview:large","max-video-preview":"max-video-preview:-1"},"canonical":"https:\/\/nordnesrepublikken.no\/index.php\/2025\/05\/15\/stemmer-det-at-indianere-sa-augh\/","og_locale":"nb_NO","og_type":"article","og_title":"Stemmer det at indianere sa \"augh\"? - Nordnesrepublikken","og_description":"I hver vestlige film du h\u00f8rer jeg Innf\u00f8dte amerikanere utbryter &laquo;Augh!&laquo;Imidlertid, Dette uttrykket ble egentlig","og_url":"https:\/\/nordnesrepublikken.no\/index.php\/2025\/05\/15\/stemmer-det-at-indianere-sa-augh\/","og_site_name":"Nordnesrepublikken","article_published_time":"2025-05-15T04:49:56+00:00","article_modified_time":"2025-05-15T04:50:05+00:00","og_image":[{"width":2560,"height":1692,"url":"https:\/\/nordnesrepublikken.no\/wp-content\/uploads\/2025\/05\/1747284597_Stemmer-det-at-indianere-sa-augh-scaled.jpg","type":"image\/jpeg"}],"author":"Ole Andersen","twitter_card":"summary_large_image","twitter_misc":{"Skrevet av":"Ole Andersen","Ansl. lesetid":"2 minutter"},"schema":{"@context":"https:\/\/schema.org","@graph":[{"@type":"Article","@id":"https:\/\/nordnesrepublikken.no\/index.php\/2025\/05\/15\/stemmer-det-at-indianere-sa-augh\/#article","isPartOf":{"@id":"https:\/\/nordnesrepublikken.no\/index.php\/2025\/05\/15\/stemmer-det-at-indianere-sa-augh\/"},"author":{"name":"Ole Andersen","@id":"https:\/\/nordnesrepublikken.no\/#\/schema\/person\/2e7e81935bab77882fffb79296240ff1"},"headline":"Stemmer det at indianere sa &laquo;augh&raquo;?","datePublished":"2025-05-15T04:49:56+00:00","dateModified":"2025-05-15T04:50:05+00:00","mainEntityOfPage":{"@id":"https:\/\/nordnesrepublikken.no\/index.php\/2025\/05\/15\/stemmer-det-at-indianere-sa-augh\/"},"wordCount":339,"publisher":{"@id":"https:\/\/nordnesrepublikken.no\/#organization"},"image":{"@id":"https:\/\/nordnesrepublikken.no\/index.php\/2025\/05\/15\/stemmer-det-at-indianere-sa-augh\/#primaryimage"},"thumbnailUrl":"https:\/\/nordnesrepublikken.no\/wp-content\/uploads\/2025\/05\/1747284597_Stemmer-det-at-indianere-sa-augh-scaled.jpg","keywords":["augh","Det","indianere","Stemmer"],"articleSection":["Samfunn"],"inLanguage":"nb-NO"},{"@type":"WebPage","@id":"https:\/\/nordnesrepublikken.no\/index.php\/2025\/05\/15\/stemmer-det-at-indianere-sa-augh\/","url":"https:\/\/nordnesrepublikken.no\/index.php\/2025\/05\/15\/stemmer-det-at-indianere-sa-augh\/","name":"Stemmer det at indianere sa \"augh\"? - Nordnesrepublikken","isPartOf":{"@id":"https:\/\/nordnesrepublikken.no\/#website"},"primaryImageOfPage":{"@id":"https:\/\/nordnesrepublikken.no\/index.php\/2025\/05\/15\/stemmer-det-at-indianere-sa-augh\/#primaryimage"},"image":{"@id":"https:\/\/nordnesrepublikken.no\/index.php\/2025\/05\/15\/stemmer-det-at-indianere-sa-augh\/#primaryimage"},"thumbnailUrl":"https:\/\/nordnesrepublikken.no\/wp-content\/uploads\/2025\/05\/1747284597_Stemmer-det-at-indianere-sa-augh-scaled.jpg","datePublished":"2025-05-15T04:49:56+00:00","dateModified":"2025-05-15T04:50:05+00:00","breadcrumb":{"@id":"https:\/\/nordnesrepublikken.no\/index.php\/2025\/05\/15\/stemmer-det-at-indianere-sa-augh\/#breadcrumb"},"inLanguage":"nb-NO","potentialAction":[{"@type":"ReadAction","target":["https:\/\/nordnesrepublikken.no\/index.php\/2025\/05\/15\/stemmer-det-at-indianere-sa-augh\/"]}]},{"@type":"ImageObject","inLanguage":"nb-NO","@id":"https:\/\/nordnesrepublikken.no\/index.php\/2025\/05\/15\/stemmer-det-at-indianere-sa-augh\/#primaryimage","url":"https:\/\/nordnesrepublikken.no\/wp-content\/uploads\/2025\/05\/1747284597_Stemmer-det-at-indianere-sa-augh-scaled.jpg","contentUrl":"https:\/\/nordnesrepublikken.no\/wp-content\/uploads\/2025\/05\/1747284597_Stemmer-det-at-indianere-sa-augh-scaled.jpg","width":2560,"height":1692,"caption":"nativi americani"},{"@type":"BreadcrumbList","@id":"https:\/\/nordnesrepublikken.no\/index.php\/2025\/05\/15\/stemmer-det-at-indianere-sa-augh\/#breadcrumb","itemListElement":[{"@type":"ListItem","position":1,"name":"Home","item":"https:\/\/nordnesrepublikken.no\/"},{"@type":"ListItem","position":2,"name":"Stemmer det at indianere sa &laquo;augh&raquo;?"}]},{"@type":"WebSite","@id":"https:\/\/nordnesrepublikken.no\/#website","url":"https:\/\/nordnesrepublikken.no\/","name":"Nordnesrepublikken","description":"Stemmer og Visjoner fra Republikkens Hjerte","publisher":{"@id":"https:\/\/nordnesrepublikken.no\/#organization"},"potentialAction":[{"@type":"SearchAction","target":{"@type":"EntryPoint","urlTemplate":"https:\/\/nordnesrepublikken.no\/?s={search_term_string}"},"query-input":{"@type":"PropertyValueSpecification","valueRequired":true,"valueName":"search_term_string"}}],"inLanguage":"nb-NO"},{"@type":"Organization","@id":"https:\/\/nordnesrepublikken.no\/#organization","name":"Nordnesrepublikken","url":"https:\/\/nordnesrepublikken.no\/","logo":{"@type":"ImageObject","inLanguage":"nb-NO","@id":"https:\/\/nordnesrepublikken.no\/#\/schema\/logo\/image\/","url":"https:\/\/nordnesrepublikken.no\/wp-content\/uploads\/2025\/02\/cropped-nordnesrepublikken-2.png","contentUrl":"https:\/\/nordnesrepublikken.no\/wp-content\/uploads\/2025\/02\/cropped-nordnesrepublikken-2.png","width":1248,"height":362,"caption":"Nordnesrepublikken"},"image":{"@id":"https:\/\/nordnesrepublikken.no\/#\/schema\/logo\/image\/"}},{"@type":"Person","@id":"https:\/\/nordnesrepublikken.no\/#\/schema\/person\/2e7e81935bab77882fffb79296240ff1","name":"Ole Andersen","image":{"@type":"ImageObject","inLanguage":"nb-NO","@id":"https:\/\/nordnesrepublikken.no\/#\/schema\/person\/image\/","url":"https:\/\/nordnesrepublikken.no\/wp-content\/uploads\/2025\/02\/nordnesrepublikken-2-2-150x150.jpg","contentUrl":"https:\/\/nordnesrepublikken.no\/wp-content\/uploads\/2025\/02\/nordnesrepublikken-2-2-150x150.jpg","caption":"Ole Andersen"},"description":"Ettersom jeg vokste opp i Oslo, har jeg alltid v\u00e6rt fascinert av ordenes kraft og deres evne til \u00e5 skape endringer. Etter \u00e5 ha fullf\u00f8rt min utdannelse i kommunikasjon ved Universitetet i Bergen, fikk jeg muligheten til \u00e5 jobbe innen ulike medier, der jeg har s\u00f8kt \u00e5 belyse viktige samfunnssp\u00f8rsm\u00e5l. I dag, som redakt\u00f8r for Nordnesrepublikken, pr\u00f8ver jeg \u00e5 forene min kj\u00e6rlighet for journalistikk med min lidenskap for innovasjon og eventyr.","sameAs":["https:\/\/nordnesrepublikken.no\/"]}]}},"_links":{"self":[{"href":"https:\/\/nordnesrepublikken.no\/index.php\/wp-json\/wp\/v2\/posts\/4599","targetHints":{"allow":["GET"]}}],"collection":[{"href":"https:\/\/nordnesrepublikken.no\/index.php\/wp-json\/wp\/v2\/posts"}],"about":[{"href":"https:\/\/nordnesrepublikken.no\/index.php\/wp-json\/wp\/v2\/types\/post"}],"author":[{"embeddable":true,"href":"https:\/\/nordnesrepublikken.no\/index.php\/wp-json\/wp\/v2\/users\/1"}],"replies":[{"embeddable":true,"href":"https:\/\/nordnesrepublikken.no\/index.php\/wp-json\/wp\/v2\/comments?post=4599"}],"version-history":[{"count":1,"href":"https:\/\/nordnesrepublikken.no\/index.php\/wp-json\/wp\/v2\/posts\/4599\/revisions"}],"predecessor-version":[{"id":4601,"href":"https:\/\/nordnesrepublikken.no\/index.php\/wp-json\/wp\/v2\/posts\/4599\/revisions\/4601"}],"wp:featuredmedia":[{"embeddable":true,"href":"https:\/\/nordnesrepublikken.no\/index.php\/wp-json\/wp\/v2\/media\/4600"}],"wp:attachment":[{"href":"https:\/\/nordnesrepublikken.no\/index.php\/wp-json\/wp\/v2\/media?parent=4599"}],"wp:term":[{"taxonomy":"category","embeddable":true,"href":"https:\/\/nordnesrepublikken.no\/index.php\/wp-json\/wp\/v2\/categories?post=4599"},{"taxonomy":"post_tag","embeddable":true,"href":"https:\/\/nordnesrepublikken.no\/index.php\/wp-json\/wp\/v2\/tags?post=4599"}],"curies":[{"name":"wp","href":"https:\/\/api.w.org\/{rel}","templated":true}]}}