{"id":4555,"date":"2025-05-14T06:49:36","date_gmt":"2025-05-14T04:49:36","guid":{"rendered":"https:\/\/nordnesrepublikken.no\/index.php\/2025\/05\/14\/hvorfor-kalles-basilicata-ogsa-lucania\/"},"modified":"2025-05-14T06:49:36","modified_gmt":"2025-05-14T04:49:36","slug":"hvorfor-kalles-basilicata-ogsa-lucania","status":"publish","type":"post","link":"https:\/\/nordnesrepublikken.no\/index.php\/2025\/05\/14\/hvorfor-kalles-basilicata-ogsa-lucania\/","title":{"rendered":"Hvorfor kalles Basilicata ogs\u00e5 Lucania?"},"content":{"rendered":"<div>\n<div class=\"cp_wrapper cp_wrapper--fw mb-30 mb-20@tablet\">\n<figure class=\"mm\"><picture class=\"img\" style=\"padding-top:56.25%\"><source  media=\"(min-width: 1024px)\"><source  media=\"(min-width: 768px)\"><\/source><\/source><\/picture><\/figure>\n<\/p><\/div>\n<p>Der <strong>Basilicata<\/strong> Det er en liten region av<strong>S\u00f8r -Italia<\/strong>kjent for sin doble kystutsikt, mot begge vest, p\u00e5 <strong>Tyrrhenian hav<\/strong>begge mot \u00f8st, p\u00e5 <strong>Jonisk hav<\/strong>men ogs\u00e5 for det fantastiske innlandet, der vi finner <strong>Dolomitter<\/strong> <strong>Lucanian<\/strong>en del av naturen <strong>Pollino nasjonalpark<\/strong> og den velkjente byen av <strong>Matera,<\/strong> I den suggererende innstillingen av <strong>Murgia<\/strong> <strong>Matera<\/strong>. Men Basilicata brakte navnet i fortiden <strong>Lucania<\/strong>fremdeles i bruk i dag selv om ikke offisielt, som stammer fra navnet til menneskene som bodde dette territoriet, jeg <strong>Lucanian<\/strong>: Dette navnet kan stamme <em>lux<\/em>Som betyr hva <strong>lys<\/strong>for \u00e5 indikere \u00f8st som Lucanianerne ville ankomme fra, eller fra <em>Lykos<\/em>Som betyr hva <strong>ulv<\/strong>for \u00e5 indikere territoriets ville natur.<\/p>\n<h2>Folket til Lucanianerne i de n\u00e5v\u00e6rende basilicata<\/h2>\n<p>Som alle regioner i s\u00f8r, er Basilicata ogs\u00e5 landet til <strong>eldgamle<\/strong> <strong>befolkning<\/strong>: Lucania er faktisk \u00e5 v\u00e6re presis <strong>region<\/strong> <strong>historisk<\/strong> som inkluderte hele territoriet til dagens <strong>Basilicata<\/strong>men ogs\u00e5 en del av <strong>Campania<\/strong> <strong>\u00d8stlig<\/strong>fra <strong>Puglia<\/strong> <strong>s\u00f8r-<\/strong> og av <strong>Calabria<\/strong> <strong>nordlig<\/strong>.<br \/>Hele omr\u00e5det var passering og utveksling mellom folk og kulturer, takket v\u00e6re morfologien til dets territorium. DE <strong>Fem viktige elver<\/strong> som krysset den (og som fremdeles krysser den i dag), Basento, Bradano, Agri, Sinni og Cavone, tillot en behagelig m\u00e5te \u00e5 kommunisere mellom kysten og interi\u00f8ret, og fremmet befolkningen og utviklingen av regionen.<\/p>\n<p>Her, fra <strong>Vento BC<\/strong>., Befolkningen av samnittisk opprinnelse til <strong>Lucanian<\/strong>. Disse menneskene av <strong>hyrder<\/strong> Og <strong>b\u00f8nder<\/strong> Det ble opprinnelig delt inn i uavhengige landsbyer som bare samlet seg i krigstid og hadde forhold, ikke veldig turbulente, med naboene.<br \/>Sammenst\u00f8t med i <strong>nybyggere av Magna Hellas<\/strong> mot s\u00f8r og med de andre <strong>Kursiv befolkning og romerne<\/strong> Mot nord\u00f8st og vest mistet Lucanianerne sakte uavhengigheten med den progressive romaniseringen av halv\u00f8ya, for \u00e5 bli definitivt absorbert i det sosiopolitiske stoffet til den romerske sivilisasjonen i <strong>273 f.Kr.<\/strong>mens han opprettholder sin egen kultur og institusjoner i en viss periode. Det er ikke mange kilder som gir oss informasjon om dette folket, men vi vet for eksempel at de gjennom kontakter med de greske nybyggerne i s\u00f8r, absorberte en del av <strong>Gresk kultur<\/strong> vedtar ogs\u00e5 alfabetet.<\/p>\n<div class=\"cp_wrapper cp_wrapper--fw mb-50\">\n<figure class=\"mm\"><picture class=\"img\" style=\"padding-top:65.714285714286%\"><source  media=\"(min-width: 1024px)\"><source  media=\"(min-width: 768px)\"><img decoding=\"async\" loading=\"lazy\" src=\"https:\/\/nordnesrepublikken.no\/wp-content\/uploads\/2025\/05\/1747198176_418_Hvorfor-kalles-Basilicata-ogsa-Lucania.jpg\" alt=\"Lucania Map\" width=\"910\" height=\"598\"><\/source><\/source><\/picture><\/figure>\n<\/p><\/div>\n<h2>Opprinnelsen til navnet Lucania (og navnet Basilicata)<\/h2>\n<p>Som ofte skjer med folkene som bodde p\u00e5 den italienske halv\u00f8ya i f\u00f8r -Roman -tiden, g\u00e5r opprinnelsen til Lucanianerne tapt i tidens t\u00e5ke, og det har enn\u00e5 ikke v\u00e6rt mulig \u00e5 spore en viss etymologi.<br \/>De mest akkrediterte teoriene forbinder toponymer med det lucaniske navnet <em>Luca<\/em> (<strong>Lucca<\/strong>) Og <em>Lighter<\/em> (<strong>Lys<\/strong>) eller andre vilk\u00e5r for latin og gresk opprinnelse, for eksempel <em>lux<\/em> Og <em>\u03bb\u03b5\u03c5\u03ba\u03cc\u03c2<\/em> (<em>Leuk\u00f3s<\/em>), Som betyr hva <strong>lys<\/strong>, <strong>lys<\/strong> eller <strong>hvit<\/strong>for \u00e5 indikere \u00f8st, som Lucanianerne ville ankomme.<br \/>Andre tolkninger forbinder begrepet til det latinske ordet <em>Lucus<\/em>Som betyr hva <strong>skog<\/strong>eller til det greske ordet <em>Lykos<\/em>Som betyr hva <strong>ulv<\/strong>begge med henvisning til <strong>natur<\/strong> <strong>vill<\/strong> av territoriet som denne befolkningen bodde i.<\/p>\n<p>Navnet Lucania ble brukt til \u00e5 navngi regionen opp til <strong>Xii \u00e5rhundre<\/strong> \u00e5 da erstattes av <strong>Basilicata<\/strong>antagelig referert til <em>Basilik\u00f3s<\/em>Gresk betegnelse som <strong>tjenestemenn<\/strong> <strong>Bysantin<\/strong> som administrerte de italienske territoriene innlemmet i<strong>Roman Eastern Empire<\/strong>. Da kom det offisielle navnet p\u00e5 regionen tilbake <strong>ERA<\/strong> <strong>fascist<\/strong> (fra 1932) og forble slik til promulgasjonen av <strong>Konstitusjon<\/strong> <strong>Italiensk<\/strong> I den umiddelbare post -krigsperioden.<\/p>\n<\/p><\/div>\n","protected":false},"excerpt":{"rendered":"<p>Der Basilicata Det er en liten region avS\u00f8r -Italiakjent for sin doble kystutsikt, mot begge<\/p>\n","protected":false},"author":1,"featured_media":4556,"comment_status":"closed","ping_status":"open","sticky":false,"template":"","format":"standard","meta":{"footnotes":""},"categories":[26],"tags":[2437,101,2140,2438,753],"class_list":["post-4555","post","type-post","status-publish","format-standard","has-post-thumbnail","hentry","category-miljo","tag-basilicata","tag-hvorfor","tag-kalles","tag-lucania","tag-ogsa","generate-columns","tablet-grid-50","mobile-grid-100","grid-parent","grid-33","resize-featured-image"],"yoast_head":"<!-- This site is optimized with the Yoast SEO plugin v24.4 - https:\/\/yoast.com\/wordpress\/plugins\/seo\/ -->\n<title>Hvorfor kalles Basilicata ogs\u00e5 Lucania? - Nordnesrepublikken<\/title>\n<meta name=\"robots\" content=\"index, follow, max-snippet:-1, max-image-preview:large, max-video-preview:-1\" \/>\n<link rel=\"canonical\" href=\"https:\/\/nordnesrepublikken.no\/index.php\/2025\/05\/14\/hvorfor-kalles-basilicata-ogsa-lucania\/\" \/>\n<meta property=\"og:locale\" content=\"nb_NO\" \/>\n<meta property=\"og:type\" content=\"article\" \/>\n<meta property=\"og:title\" content=\"Hvorfor kalles Basilicata ogs\u00e5 Lucania? - Nordnesrepublikken\" \/>\n<meta property=\"og:description\" content=\"Der Basilicata Det er en liten region avS\u00f8r -Italiakjent for sin doble kystutsikt, mot begge\" \/>\n<meta property=\"og:url\" content=\"https:\/\/nordnesrepublikken.no\/index.php\/2025\/05\/14\/hvorfor-kalles-basilicata-ogsa-lucania\/\" \/>\n<meta property=\"og:site_name\" content=\"Nordnesrepublikken\" \/>\n<meta property=\"article:published_time\" content=\"2025-05-14T04:49:36+00:00\" \/>\n<meta property=\"og:image\" content=\"https:\/\/nordnesrepublikken.no\/wp-content\/uploads\/2025\/05\/1747198176_Hvorfor-kalles-Basilicata-ogsa-Lucania.jpg\" \/>\n\t<meta property=\"og:image:width\" content=\"1253\" \/>\n\t<meta property=\"og:image:height\" content=\"836\" \/>\n\t<meta property=\"og:image:type\" content=\"image\/jpeg\" \/>\n<meta name=\"author\" content=\"Ole Andersen\" \/>\n<meta name=\"twitter:card\" content=\"summary_large_image\" \/>\n<meta name=\"twitter:label1\" content=\"Skrevet av\" \/>\n\t<meta name=\"twitter:data1\" content=\"Ole Andersen\" \/>\n\t<meta name=\"twitter:label2\" content=\"Ansl. lesetid\" \/>\n\t<meta name=\"twitter:data2\" content=\"3 minutter\" \/>\n<script type=\"application\/ld+json\" class=\"yoast-schema-graph\">{\"@context\":\"https:\/\/schema.org\",\"@graph\":[{\"@type\":\"Article\",\"@id\":\"https:\/\/nordnesrepublikken.no\/index.php\/2025\/05\/14\/hvorfor-kalles-basilicata-ogsa-lucania\/#article\",\"isPartOf\":{\"@id\":\"https:\/\/nordnesrepublikken.no\/index.php\/2025\/05\/14\/hvorfor-kalles-basilicata-ogsa-lucania\/\"},\"author\":{\"name\":\"Ole Andersen\",\"@id\":\"https:\/\/nordnesrepublikken.no\/#\/schema\/person\/2e7e81935bab77882fffb79296240ff1\"},\"headline\":\"Hvorfor kalles Basilicata ogs\u00e5 Lucania?\",\"datePublished\":\"2025-05-14T04:49:36+00:00\",\"mainEntityOfPage\":{\"@id\":\"https:\/\/nordnesrepublikken.no\/index.php\/2025\/05\/14\/hvorfor-kalles-basilicata-ogsa-lucania\/\"},\"wordCount\":531,\"publisher\":{\"@id\":\"https:\/\/nordnesrepublikken.no\/#organization\"},\"image\":{\"@id\":\"https:\/\/nordnesrepublikken.no\/index.php\/2025\/05\/14\/hvorfor-kalles-basilicata-ogsa-lucania\/#primaryimage\"},\"thumbnailUrl\":\"https:\/\/nordnesrepublikken.no\/wp-content\/uploads\/2025\/05\/1747198176_Hvorfor-kalles-Basilicata-ogsa-Lucania.jpg\",\"keywords\":[\"Basilicata\",\"hvorfor\",\"kalles\",\"Lucania\",\"ogs\u00e5\"],\"articleSection\":[\"Milj\u00f8\"],\"inLanguage\":\"nb-NO\"},{\"@type\":\"WebPage\",\"@id\":\"https:\/\/nordnesrepublikken.no\/index.php\/2025\/05\/14\/hvorfor-kalles-basilicata-ogsa-lucania\/\",\"url\":\"https:\/\/nordnesrepublikken.no\/index.php\/2025\/05\/14\/hvorfor-kalles-basilicata-ogsa-lucania\/\",\"name\":\"Hvorfor kalles Basilicata ogs\u00e5 Lucania? - Nordnesrepublikken\",\"isPartOf\":{\"@id\":\"https:\/\/nordnesrepublikken.no\/#website\"},\"primaryImageOfPage\":{\"@id\":\"https:\/\/nordnesrepublikken.no\/index.php\/2025\/05\/14\/hvorfor-kalles-basilicata-ogsa-lucania\/#primaryimage\"},\"image\":{\"@id\":\"https:\/\/nordnesrepublikken.no\/index.php\/2025\/05\/14\/hvorfor-kalles-basilicata-ogsa-lucania\/#primaryimage\"},\"thumbnailUrl\":\"https:\/\/nordnesrepublikken.no\/wp-content\/uploads\/2025\/05\/1747198176_Hvorfor-kalles-Basilicata-ogsa-Lucania.jpg\",\"datePublished\":\"2025-05-14T04:49:36+00:00\",\"breadcrumb\":{\"@id\":\"https:\/\/nordnesrepublikken.no\/index.php\/2025\/05\/14\/hvorfor-kalles-basilicata-ogsa-lucania\/#breadcrumb\"},\"inLanguage\":\"nb-NO\",\"potentialAction\":[{\"@type\":\"ReadAction\",\"target\":[\"https:\/\/nordnesrepublikken.no\/index.php\/2025\/05\/14\/hvorfor-kalles-basilicata-ogsa-lucania\/\"]}]},{\"@type\":\"ImageObject\",\"inLanguage\":\"nb-NO\",\"@id\":\"https:\/\/nordnesrepublikken.no\/index.php\/2025\/05\/14\/hvorfor-kalles-basilicata-ogsa-lucania\/#primaryimage\",\"url\":\"https:\/\/nordnesrepublikken.no\/wp-content\/uploads\/2025\/05\/1747198176_Hvorfor-kalles-Basilicata-ogsa-Lucania.jpg\",\"contentUrl\":\"https:\/\/nordnesrepublikken.no\/wp-content\/uploads\/2025\/05\/1747198176_Hvorfor-kalles-Basilicata-ogsa-Lucania.jpg\",\"width\":1253,\"height\":836,\"caption\":\"basilicata lucania\"},{\"@type\":\"BreadcrumbList\",\"@id\":\"https:\/\/nordnesrepublikken.no\/index.php\/2025\/05\/14\/hvorfor-kalles-basilicata-ogsa-lucania\/#breadcrumb\",\"itemListElement\":[{\"@type\":\"ListItem\",\"position\":1,\"name\":\"Home\",\"item\":\"https:\/\/nordnesrepublikken.no\/\"},{\"@type\":\"ListItem\",\"position\":2,\"name\":\"Hvorfor kalles Basilicata ogs\u00e5 Lucania?\"}]},{\"@type\":\"WebSite\",\"@id\":\"https:\/\/nordnesrepublikken.no\/#website\",\"url\":\"https:\/\/nordnesrepublikken.no\/\",\"name\":\"Nordnesrepublikken\",\"description\":\"Stemmer og Visjoner fra Republikkens Hjerte\",\"publisher\":{\"@id\":\"https:\/\/nordnesrepublikken.no\/#organization\"},\"potentialAction\":[{\"@type\":\"SearchAction\",\"target\":{\"@type\":\"EntryPoint\",\"urlTemplate\":\"https:\/\/nordnesrepublikken.no\/?s={search_term_string}\"},\"query-input\":{\"@type\":\"PropertyValueSpecification\",\"valueRequired\":true,\"valueName\":\"search_term_string\"}}],\"inLanguage\":\"nb-NO\"},{\"@type\":\"Organization\",\"@id\":\"https:\/\/nordnesrepublikken.no\/#organization\",\"name\":\"Nordnesrepublikken\",\"url\":\"https:\/\/nordnesrepublikken.no\/\",\"logo\":{\"@type\":\"ImageObject\",\"inLanguage\":\"nb-NO\",\"@id\":\"https:\/\/nordnesrepublikken.no\/#\/schema\/logo\/image\/\",\"url\":\"https:\/\/nordnesrepublikken.no\/wp-content\/uploads\/2025\/02\/cropped-nordnesrepublikken-2.png\",\"contentUrl\":\"https:\/\/nordnesrepublikken.no\/wp-content\/uploads\/2025\/02\/cropped-nordnesrepublikken-2.png\",\"width\":1248,\"height\":362,\"caption\":\"Nordnesrepublikken\"},\"image\":{\"@id\":\"https:\/\/nordnesrepublikken.no\/#\/schema\/logo\/image\/\"}},{\"@type\":\"Person\",\"@id\":\"https:\/\/nordnesrepublikken.no\/#\/schema\/person\/2e7e81935bab77882fffb79296240ff1\",\"name\":\"Ole Andersen\",\"image\":{\"@type\":\"ImageObject\",\"inLanguage\":\"nb-NO\",\"@id\":\"https:\/\/nordnesrepublikken.no\/#\/schema\/person\/image\/\",\"url\":\"https:\/\/nordnesrepublikken.no\/wp-content\/uploads\/2025\/02\/nordnesrepublikken-2-2-150x150.jpg\",\"contentUrl\":\"https:\/\/nordnesrepublikken.no\/wp-content\/uploads\/2025\/02\/nordnesrepublikken-2-2-150x150.jpg\",\"caption\":\"Ole Andersen\"},\"description\":\"Ettersom jeg vokste opp i Oslo, har jeg alltid v\u00e6rt fascinert av ordenes kraft og deres evne til \u00e5 skape endringer. Etter \u00e5 ha fullf\u00f8rt min utdannelse i kommunikasjon ved Universitetet i Bergen, fikk jeg muligheten til \u00e5 jobbe innen ulike medier, der jeg har s\u00f8kt \u00e5 belyse viktige samfunnssp\u00f8rsm\u00e5l. I dag, som redakt\u00f8r for Nordnesrepublikken, pr\u00f8ver jeg \u00e5 forene min kj\u00e6rlighet for journalistikk med min lidenskap for innovasjon og eventyr.\",\"sameAs\":[\"https:\/\/nordnesrepublikken.no\/\"]}]}<\/script>\n<!-- \/ Yoast SEO plugin. -->","yoast_head_json":{"title":"Hvorfor kalles Basilicata ogs\u00e5 Lucania? - Nordnesrepublikken","robots":{"index":"index","follow":"follow","max-snippet":"max-snippet:-1","max-image-preview":"max-image-preview:large","max-video-preview":"max-video-preview:-1"},"canonical":"https:\/\/nordnesrepublikken.no\/index.php\/2025\/05\/14\/hvorfor-kalles-basilicata-ogsa-lucania\/","og_locale":"nb_NO","og_type":"article","og_title":"Hvorfor kalles Basilicata ogs\u00e5 Lucania? - Nordnesrepublikken","og_description":"Der Basilicata Det er en liten region avS\u00f8r -Italiakjent for sin doble kystutsikt, mot begge","og_url":"https:\/\/nordnesrepublikken.no\/index.php\/2025\/05\/14\/hvorfor-kalles-basilicata-ogsa-lucania\/","og_site_name":"Nordnesrepublikken","article_published_time":"2025-05-14T04:49:36+00:00","og_image":[{"width":1253,"height":836,"url":"https:\/\/nordnesrepublikken.no\/wp-content\/uploads\/2025\/05\/1747198176_Hvorfor-kalles-Basilicata-ogsa-Lucania.jpg","type":"image\/jpeg"}],"author":"Ole Andersen","twitter_card":"summary_large_image","twitter_misc":{"Skrevet av":"Ole Andersen","Ansl. lesetid":"3 minutter"},"schema":{"@context":"https:\/\/schema.org","@graph":[{"@type":"Article","@id":"https:\/\/nordnesrepublikken.no\/index.php\/2025\/05\/14\/hvorfor-kalles-basilicata-ogsa-lucania\/#article","isPartOf":{"@id":"https:\/\/nordnesrepublikken.no\/index.php\/2025\/05\/14\/hvorfor-kalles-basilicata-ogsa-lucania\/"},"author":{"name":"Ole Andersen","@id":"https:\/\/nordnesrepublikken.no\/#\/schema\/person\/2e7e81935bab77882fffb79296240ff1"},"headline":"Hvorfor kalles Basilicata ogs\u00e5 Lucania?","datePublished":"2025-05-14T04:49:36+00:00","mainEntityOfPage":{"@id":"https:\/\/nordnesrepublikken.no\/index.php\/2025\/05\/14\/hvorfor-kalles-basilicata-ogsa-lucania\/"},"wordCount":531,"publisher":{"@id":"https:\/\/nordnesrepublikken.no\/#organization"},"image":{"@id":"https:\/\/nordnesrepublikken.no\/index.php\/2025\/05\/14\/hvorfor-kalles-basilicata-ogsa-lucania\/#primaryimage"},"thumbnailUrl":"https:\/\/nordnesrepublikken.no\/wp-content\/uploads\/2025\/05\/1747198176_Hvorfor-kalles-Basilicata-ogsa-Lucania.jpg","keywords":["Basilicata","hvorfor","kalles","Lucania","ogs\u00e5"],"articleSection":["Milj\u00f8"],"inLanguage":"nb-NO"},{"@type":"WebPage","@id":"https:\/\/nordnesrepublikken.no\/index.php\/2025\/05\/14\/hvorfor-kalles-basilicata-ogsa-lucania\/","url":"https:\/\/nordnesrepublikken.no\/index.php\/2025\/05\/14\/hvorfor-kalles-basilicata-ogsa-lucania\/","name":"Hvorfor kalles Basilicata ogs\u00e5 Lucania? - Nordnesrepublikken","isPartOf":{"@id":"https:\/\/nordnesrepublikken.no\/#website"},"primaryImageOfPage":{"@id":"https:\/\/nordnesrepublikken.no\/index.php\/2025\/05\/14\/hvorfor-kalles-basilicata-ogsa-lucania\/#primaryimage"},"image":{"@id":"https:\/\/nordnesrepublikken.no\/index.php\/2025\/05\/14\/hvorfor-kalles-basilicata-ogsa-lucania\/#primaryimage"},"thumbnailUrl":"https:\/\/nordnesrepublikken.no\/wp-content\/uploads\/2025\/05\/1747198176_Hvorfor-kalles-Basilicata-ogsa-Lucania.jpg","datePublished":"2025-05-14T04:49:36+00:00","breadcrumb":{"@id":"https:\/\/nordnesrepublikken.no\/index.php\/2025\/05\/14\/hvorfor-kalles-basilicata-ogsa-lucania\/#breadcrumb"},"inLanguage":"nb-NO","potentialAction":[{"@type":"ReadAction","target":["https:\/\/nordnesrepublikken.no\/index.php\/2025\/05\/14\/hvorfor-kalles-basilicata-ogsa-lucania\/"]}]},{"@type":"ImageObject","inLanguage":"nb-NO","@id":"https:\/\/nordnesrepublikken.no\/index.php\/2025\/05\/14\/hvorfor-kalles-basilicata-ogsa-lucania\/#primaryimage","url":"https:\/\/nordnesrepublikken.no\/wp-content\/uploads\/2025\/05\/1747198176_Hvorfor-kalles-Basilicata-ogsa-Lucania.jpg","contentUrl":"https:\/\/nordnesrepublikken.no\/wp-content\/uploads\/2025\/05\/1747198176_Hvorfor-kalles-Basilicata-ogsa-Lucania.jpg","width":1253,"height":836,"caption":"basilicata lucania"},{"@type":"BreadcrumbList","@id":"https:\/\/nordnesrepublikken.no\/index.php\/2025\/05\/14\/hvorfor-kalles-basilicata-ogsa-lucania\/#breadcrumb","itemListElement":[{"@type":"ListItem","position":1,"name":"Home","item":"https:\/\/nordnesrepublikken.no\/"},{"@type":"ListItem","position":2,"name":"Hvorfor kalles Basilicata ogs\u00e5 Lucania?"}]},{"@type":"WebSite","@id":"https:\/\/nordnesrepublikken.no\/#website","url":"https:\/\/nordnesrepublikken.no\/","name":"Nordnesrepublikken","description":"Stemmer og Visjoner fra Republikkens Hjerte","publisher":{"@id":"https:\/\/nordnesrepublikken.no\/#organization"},"potentialAction":[{"@type":"SearchAction","target":{"@type":"EntryPoint","urlTemplate":"https:\/\/nordnesrepublikken.no\/?s={search_term_string}"},"query-input":{"@type":"PropertyValueSpecification","valueRequired":true,"valueName":"search_term_string"}}],"inLanguage":"nb-NO"},{"@type":"Organization","@id":"https:\/\/nordnesrepublikken.no\/#organization","name":"Nordnesrepublikken","url":"https:\/\/nordnesrepublikken.no\/","logo":{"@type":"ImageObject","inLanguage":"nb-NO","@id":"https:\/\/nordnesrepublikken.no\/#\/schema\/logo\/image\/","url":"https:\/\/nordnesrepublikken.no\/wp-content\/uploads\/2025\/02\/cropped-nordnesrepublikken-2.png","contentUrl":"https:\/\/nordnesrepublikken.no\/wp-content\/uploads\/2025\/02\/cropped-nordnesrepublikken-2.png","width":1248,"height":362,"caption":"Nordnesrepublikken"},"image":{"@id":"https:\/\/nordnesrepublikken.no\/#\/schema\/logo\/image\/"}},{"@type":"Person","@id":"https:\/\/nordnesrepublikken.no\/#\/schema\/person\/2e7e81935bab77882fffb79296240ff1","name":"Ole Andersen","image":{"@type":"ImageObject","inLanguage":"nb-NO","@id":"https:\/\/nordnesrepublikken.no\/#\/schema\/person\/image\/","url":"https:\/\/nordnesrepublikken.no\/wp-content\/uploads\/2025\/02\/nordnesrepublikken-2-2-150x150.jpg","contentUrl":"https:\/\/nordnesrepublikken.no\/wp-content\/uploads\/2025\/02\/nordnesrepublikken-2-2-150x150.jpg","caption":"Ole Andersen"},"description":"Ettersom jeg vokste opp i Oslo, har jeg alltid v\u00e6rt fascinert av ordenes kraft og deres evne til \u00e5 skape endringer. Etter \u00e5 ha fullf\u00f8rt min utdannelse i kommunikasjon ved Universitetet i Bergen, fikk jeg muligheten til \u00e5 jobbe innen ulike medier, der jeg har s\u00f8kt \u00e5 belyse viktige samfunnssp\u00f8rsm\u00e5l. I dag, som redakt\u00f8r for Nordnesrepublikken, pr\u00f8ver jeg \u00e5 forene min kj\u00e6rlighet for journalistikk med min lidenskap for innovasjon og eventyr.","sameAs":["https:\/\/nordnesrepublikken.no\/"]}]}},"_links":{"self":[{"href":"https:\/\/nordnesrepublikken.no\/index.php\/wp-json\/wp\/v2\/posts\/4555","targetHints":{"allow":["GET"]}}],"collection":[{"href":"https:\/\/nordnesrepublikken.no\/index.php\/wp-json\/wp\/v2\/posts"}],"about":[{"href":"https:\/\/nordnesrepublikken.no\/index.php\/wp-json\/wp\/v2\/types\/post"}],"author":[{"embeddable":true,"href":"https:\/\/nordnesrepublikken.no\/index.php\/wp-json\/wp\/v2\/users\/1"}],"replies":[{"embeddable":true,"href":"https:\/\/nordnesrepublikken.no\/index.php\/wp-json\/wp\/v2\/comments?post=4555"}],"version-history":[{"count":1,"href":"https:\/\/nordnesrepublikken.no\/index.php\/wp-json\/wp\/v2\/posts\/4555\/revisions"}],"predecessor-version":[{"id":4557,"href":"https:\/\/nordnesrepublikken.no\/index.php\/wp-json\/wp\/v2\/posts\/4555\/revisions\/4557"}],"wp:featuredmedia":[{"embeddable":true,"href":"https:\/\/nordnesrepublikken.no\/index.php\/wp-json\/wp\/v2\/media\/4556"}],"wp:attachment":[{"href":"https:\/\/nordnesrepublikken.no\/index.php\/wp-json\/wp\/v2\/media?parent=4555"}],"wp:term":[{"taxonomy":"category","embeddable":true,"href":"https:\/\/nordnesrepublikken.no\/index.php\/wp-json\/wp\/v2\/categories?post=4555"},{"taxonomy":"post_tag","embeddable":true,"href":"https:\/\/nordnesrepublikken.no\/index.php\/wp-json\/wp\/v2\/tags?post=4555"}],"curies":[{"name":"wp","href":"https:\/\/api.w.org\/{rel}","templated":true}]}}