{"id":4552,"date":"2025-05-14T05:49:29","date_gmt":"2025-05-14T03:49:29","guid":{"rendered":"https:\/\/nordnesrepublikken.no\/index.php\/2025\/05\/14\/caded-videoen-av-den-bevegelige-feilen-i-myanmar-under-jordskjelvet-forklaringen\/"},"modified":"2025-05-14T05:49:31","modified_gmt":"2025-05-14T03:49:31","slug":"caded-videoen-av-den-bevegelige-feilen-i-myanmar-under-jordskjelvet-forklaringen","status":"publish","type":"post","link":"https:\/\/nordnesrepublikken.no\/index.php\/2025\/05\/14\/caded-videoen-av-den-bevegelige-feilen-i-myanmar-under-jordskjelvet-forklaringen\/","title":{"rendered":"Caded videoen av den bevegelige feilen i Myanmar under jordskjelvet: forklaringen"},"content":{"rendered":"<div>\n<div class=\"cp_wrapper cp_wrapper--fw mb-30 mb-20@tablet\">\n<figure class=\"mm\"><picture class=\"img\" style=\"padding-top:56.25%\"><source  media=\"(min-width: 1024px)\"><source  media=\"(min-width: 768px)\"><\/source><\/source><\/picture><\/figure>\n<\/p><\/div>\n<p>Et overv\u00e5kningskamera av den store energien til Thazi, i Myanmar, fanget en video av bevegelsen av <strong>Sagaing Fault<\/strong> Ansvarlig for det voldelige jordskjelvet i st\u00f8rrelsesorden 7.7 som rammer <strong>Myanmar <\/strong>28. mars, for\u00e5rsaket totalt <strong>3.354 ofre<\/strong> Og <strong>4.508 skadet<\/strong>og f\u00f8lte seg tydelig ogs\u00e5 for <strong>Bangkok<\/strong>i Thailand, over 1000 km unna, hvor en skyskraper under bygging har kollapset.<\/p>\n<p>Fra et geologisk synspunkt er sagaingfeilen en s\u00e5 kalt feil <strong>brukt riktig,<\/strong> det vil si preget av en <strong>H\u00f8yre sidebevegelse<\/strong> mellom de to blokkene som er involvert. For \u00e5 forst\u00e5 om en utgifter er h\u00f8yre eller venstre, er det tilstrekkelig \u00e5 forestille seg \u00e5 plassere deg selv p\u00e5 en av de to blokkene og se p\u00e5 den andre: Hvis dette beveger seg til h\u00f8yre, er passingen riktig. Ellers kan vi definere det igjen. Feilen til <strong>Sagaing <\/strong>Totalt sett handler det om <strong>1200 km<\/strong> og skiller platen til <strong>Sonde<\/strong> Og det av <strong>Burma<\/strong>. Jordskjelvet p\u00e5virket imidlertid ikke alle 1200 km, men &laquo;bare&raquo; omtrent en lang strekning <strong>400 km<\/strong>.<\/p>\n<p>Analyse etter jordskjelvet har gjort det mulig \u00e5 g\u00e5 lenger og estimere en bruddhastighet p\u00e5 <strong>4,4 km\/s<\/strong>: Det er en mer enn dobbel verdi enn hva man kan forvente for denne typen feil. Forklaringen er koblet til den type feil i seg selv som er definert som <strong><em>Supershear<\/em><\/strong>: Dette betyr at en p\u00e5virkningsb\u00f8lge genereres i retning av bruddet, og at noen omr\u00e5der vil bli p\u00e5virket samtidig av en serie overlappende S -b\u00f8lger, og vil generere forsterket risting.<\/p>\n<\/p><\/div>\n","protected":false},"excerpt":{"rendered":"<p>Et overv\u00e5kningskamera av den store energien til Thazi, i Myanmar, fanget en video av bevegelsen<\/p>\n","protected":false},"author":1,"featured_media":4553,"comment_status":"closed","ping_status":"open","sticky":false,"template":"","format":"standard","meta":{"footnotes":""},"categories":[24],"tags":[2434,2432,74,2435,1292,623,2436,2433],"class_list":["post-4552","post","type-post","status-publish","format-standard","has-post-thumbnail","hentry","category-vitenskap","tag-bevegelige","tag-caded","tag-den","tag-feilen","tag-forklaringen","tag-jordskjelvet","tag-myanmar","tag-videoen","generate-columns","tablet-grid-50","mobile-grid-100","grid-parent","grid-33","resize-featured-image"],"yoast_head":"<!-- This site is optimized with the Yoast SEO plugin v24.4 - https:\/\/yoast.com\/wordpress\/plugins\/seo\/ -->\n<title>Caded videoen av den bevegelige feilen i Myanmar under jordskjelvet: forklaringen - Nordnesrepublikken<\/title>\n<meta name=\"robots\" content=\"index, follow, max-snippet:-1, max-image-preview:large, max-video-preview:-1\" \/>\n<link rel=\"canonical\" href=\"https:\/\/nordnesrepublikken.no\/index.php\/2025\/05\/14\/caded-videoen-av-den-bevegelige-feilen-i-myanmar-under-jordskjelvet-forklaringen\/\" \/>\n<meta property=\"og:locale\" content=\"nb_NO\" \/>\n<meta property=\"og:type\" content=\"article\" \/>\n<meta property=\"og:title\" content=\"Caded videoen av den bevegelige feilen i Myanmar under jordskjelvet: forklaringen - Nordnesrepublikken\" \/>\n<meta property=\"og:description\" content=\"Et overv\u00e5kningskamera av den store energien til Thazi, i Myanmar, fanget en video av bevegelsen\" \/>\n<meta property=\"og:url\" content=\"https:\/\/nordnesrepublikken.no\/index.php\/2025\/05\/14\/caded-videoen-av-den-bevegelige-feilen-i-myanmar-under-jordskjelvet-forklaringen\/\" \/>\n<meta property=\"og:site_name\" content=\"Nordnesrepublikken\" \/>\n<meta property=\"article:published_time\" content=\"2025-05-14T03:49:29+00:00\" \/>\n<meta property=\"article:modified_time\" content=\"2025-05-14T03:49:31+00:00\" \/>\n<meta property=\"og:image\" content=\"https:\/\/nordnesrepublikken.no\/wp-content\/uploads\/2025\/05\/1747194569_Caded-videoen-av-den-bevegelige-feilen-i-Myanmar-under-jordskjelvet.jpg\" \/>\n\t<meta property=\"og:image:width\" content=\"2549\" \/>\n\t<meta property=\"og:image:height\" content=\"1491\" \/>\n\t<meta property=\"og:image:type\" content=\"image\/jpeg\" \/>\n<meta name=\"author\" content=\"Ole Andersen\" \/>\n<meta name=\"twitter:card\" content=\"summary_large_image\" \/>\n<meta name=\"twitter:label1\" content=\"Skrevet av\" \/>\n\t<meta name=\"twitter:data1\" content=\"Ole Andersen\" \/>\n\t<meta name=\"twitter:label2\" content=\"Ansl. lesetid\" \/>\n\t<meta name=\"twitter:data2\" content=\"1 minutt\" \/>\n<script type=\"application\/ld+json\" class=\"yoast-schema-graph\">{\"@context\":\"https:\/\/schema.org\",\"@graph\":[{\"@type\":\"Article\",\"@id\":\"https:\/\/nordnesrepublikken.no\/index.php\/2025\/05\/14\/caded-videoen-av-den-bevegelige-feilen-i-myanmar-under-jordskjelvet-forklaringen\/#article\",\"isPartOf\":{\"@id\":\"https:\/\/nordnesrepublikken.no\/index.php\/2025\/05\/14\/caded-videoen-av-den-bevegelige-feilen-i-myanmar-under-jordskjelvet-forklaringen\/\"},\"author\":{\"name\":\"Ole Andersen\",\"@id\":\"https:\/\/nordnesrepublikken.no\/#\/schema\/person\/2e7e81935bab77882fffb79296240ff1\"},\"headline\":\"Caded videoen av den bevegelige feilen i Myanmar under jordskjelvet: forklaringen\",\"datePublished\":\"2025-05-14T03:49:29+00:00\",\"dateModified\":\"2025-05-14T03:49:31+00:00\",\"mainEntityOfPage\":{\"@id\":\"https:\/\/nordnesrepublikken.no\/index.php\/2025\/05\/14\/caded-videoen-av-den-bevegelige-feilen-i-myanmar-under-jordskjelvet-forklaringen\/\"},\"wordCount\":252,\"publisher\":{\"@id\":\"https:\/\/nordnesrepublikken.no\/#organization\"},\"image\":{\"@id\":\"https:\/\/nordnesrepublikken.no\/index.php\/2025\/05\/14\/caded-videoen-av-den-bevegelige-feilen-i-myanmar-under-jordskjelvet-forklaringen\/#primaryimage\"},\"thumbnailUrl\":\"https:\/\/nordnesrepublikken.no\/wp-content\/uploads\/2025\/05\/1747194569_Caded-videoen-av-den-bevegelige-feilen-i-Myanmar-under-jordskjelvet.jpg\",\"keywords\":[\"bevegelige\",\"Caded\",\"den\",\"feilen\",\"forklaringen\",\"Jordskjelvet\",\"Myanmar\",\"videoen\"],\"articleSection\":[\"Vitenskap\"],\"inLanguage\":\"nb-NO\"},{\"@type\":\"WebPage\",\"@id\":\"https:\/\/nordnesrepublikken.no\/index.php\/2025\/05\/14\/caded-videoen-av-den-bevegelige-feilen-i-myanmar-under-jordskjelvet-forklaringen\/\",\"url\":\"https:\/\/nordnesrepublikken.no\/index.php\/2025\/05\/14\/caded-videoen-av-den-bevegelige-feilen-i-myanmar-under-jordskjelvet-forklaringen\/\",\"name\":\"Caded videoen av den bevegelige feilen i Myanmar under jordskjelvet: forklaringen - Nordnesrepublikken\",\"isPartOf\":{\"@id\":\"https:\/\/nordnesrepublikken.no\/#website\"},\"primaryImageOfPage\":{\"@id\":\"https:\/\/nordnesrepublikken.no\/index.php\/2025\/05\/14\/caded-videoen-av-den-bevegelige-feilen-i-myanmar-under-jordskjelvet-forklaringen\/#primaryimage\"},\"image\":{\"@id\":\"https:\/\/nordnesrepublikken.no\/index.php\/2025\/05\/14\/caded-videoen-av-den-bevegelige-feilen-i-myanmar-under-jordskjelvet-forklaringen\/#primaryimage\"},\"thumbnailUrl\":\"https:\/\/nordnesrepublikken.no\/wp-content\/uploads\/2025\/05\/1747194569_Caded-videoen-av-den-bevegelige-feilen-i-Myanmar-under-jordskjelvet.jpg\",\"datePublished\":\"2025-05-14T03:49:29+00:00\",\"dateModified\":\"2025-05-14T03:49:31+00:00\",\"breadcrumb\":{\"@id\":\"https:\/\/nordnesrepublikken.no\/index.php\/2025\/05\/14\/caded-videoen-av-den-bevegelige-feilen-i-myanmar-under-jordskjelvet-forklaringen\/#breadcrumb\"},\"inLanguage\":\"nb-NO\",\"potentialAction\":[{\"@type\":\"ReadAction\",\"target\":[\"https:\/\/nordnesrepublikken.no\/index.php\/2025\/05\/14\/caded-videoen-av-den-bevegelige-feilen-i-myanmar-under-jordskjelvet-forklaringen\/\"]}]},{\"@type\":\"ImageObject\",\"inLanguage\":\"nb-NO\",\"@id\":\"https:\/\/nordnesrepublikken.no\/index.php\/2025\/05\/14\/caded-videoen-av-den-bevegelige-feilen-i-myanmar-under-jordskjelvet-forklaringen\/#primaryimage\",\"url\":\"https:\/\/nordnesrepublikken.no\/wp-content\/uploads\/2025\/05\/1747194569_Caded-videoen-av-den-bevegelige-feilen-i-Myanmar-under-jordskjelvet.jpg\",\"contentUrl\":\"https:\/\/nordnesrepublikken.no\/wp-content\/uploads\/2025\/05\/1747194569_Caded-videoen-av-den-bevegelige-feilen-i-Myanmar-under-jordskjelvet.jpg\",\"width\":2549,\"height\":1491,\"caption\":\"Immagine\"},{\"@type\":\"BreadcrumbList\",\"@id\":\"https:\/\/nordnesrepublikken.no\/index.php\/2025\/05\/14\/caded-videoen-av-den-bevegelige-feilen-i-myanmar-under-jordskjelvet-forklaringen\/#breadcrumb\",\"itemListElement\":[{\"@type\":\"ListItem\",\"position\":1,\"name\":\"Home\",\"item\":\"https:\/\/nordnesrepublikken.no\/\"},{\"@type\":\"ListItem\",\"position\":2,\"name\":\"Caded videoen av den bevegelige feilen i Myanmar under jordskjelvet: forklaringen\"}]},{\"@type\":\"WebSite\",\"@id\":\"https:\/\/nordnesrepublikken.no\/#website\",\"url\":\"https:\/\/nordnesrepublikken.no\/\",\"name\":\"Nordnesrepublikken\",\"description\":\"Stemmer og Visjoner fra Republikkens Hjerte\",\"publisher\":{\"@id\":\"https:\/\/nordnesrepublikken.no\/#organization\"},\"potentialAction\":[{\"@type\":\"SearchAction\",\"target\":{\"@type\":\"EntryPoint\",\"urlTemplate\":\"https:\/\/nordnesrepublikken.no\/?s={search_term_string}\"},\"query-input\":{\"@type\":\"PropertyValueSpecification\",\"valueRequired\":true,\"valueName\":\"search_term_string\"}}],\"inLanguage\":\"nb-NO\"},{\"@type\":\"Organization\",\"@id\":\"https:\/\/nordnesrepublikken.no\/#organization\",\"name\":\"Nordnesrepublikken\",\"url\":\"https:\/\/nordnesrepublikken.no\/\",\"logo\":{\"@type\":\"ImageObject\",\"inLanguage\":\"nb-NO\",\"@id\":\"https:\/\/nordnesrepublikken.no\/#\/schema\/logo\/image\/\",\"url\":\"https:\/\/nordnesrepublikken.no\/wp-content\/uploads\/2025\/02\/cropped-nordnesrepublikken-2.png\",\"contentUrl\":\"https:\/\/nordnesrepublikken.no\/wp-content\/uploads\/2025\/02\/cropped-nordnesrepublikken-2.png\",\"width\":1248,\"height\":362,\"caption\":\"Nordnesrepublikken\"},\"image\":{\"@id\":\"https:\/\/nordnesrepublikken.no\/#\/schema\/logo\/image\/\"}},{\"@type\":\"Person\",\"@id\":\"https:\/\/nordnesrepublikken.no\/#\/schema\/person\/2e7e81935bab77882fffb79296240ff1\",\"name\":\"Ole Andersen\",\"image\":{\"@type\":\"ImageObject\",\"inLanguage\":\"nb-NO\",\"@id\":\"https:\/\/nordnesrepublikken.no\/#\/schema\/person\/image\/\",\"url\":\"https:\/\/nordnesrepublikken.no\/wp-content\/uploads\/2025\/02\/nordnesrepublikken-2-2-150x150.jpg\",\"contentUrl\":\"https:\/\/nordnesrepublikken.no\/wp-content\/uploads\/2025\/02\/nordnesrepublikken-2-2-150x150.jpg\",\"caption\":\"Ole Andersen\"},\"description\":\"Ettersom jeg vokste opp i Oslo, har jeg alltid v\u00e6rt fascinert av ordenes kraft og deres evne til \u00e5 skape endringer. Etter \u00e5 ha fullf\u00f8rt min utdannelse i kommunikasjon ved Universitetet i Bergen, fikk jeg muligheten til \u00e5 jobbe innen ulike medier, der jeg har s\u00f8kt \u00e5 belyse viktige samfunnssp\u00f8rsm\u00e5l. I dag, som redakt\u00f8r for Nordnesrepublikken, pr\u00f8ver jeg \u00e5 forene min kj\u00e6rlighet for journalistikk med min lidenskap for innovasjon og eventyr.\",\"sameAs\":[\"https:\/\/nordnesrepublikken.no\/\"]}]}<\/script>\n<!-- \/ Yoast SEO plugin. -->","yoast_head_json":{"title":"Caded videoen av den bevegelige feilen i Myanmar under jordskjelvet: forklaringen - Nordnesrepublikken","robots":{"index":"index","follow":"follow","max-snippet":"max-snippet:-1","max-image-preview":"max-image-preview:large","max-video-preview":"max-video-preview:-1"},"canonical":"https:\/\/nordnesrepublikken.no\/index.php\/2025\/05\/14\/caded-videoen-av-den-bevegelige-feilen-i-myanmar-under-jordskjelvet-forklaringen\/","og_locale":"nb_NO","og_type":"article","og_title":"Caded videoen av den bevegelige feilen i Myanmar under jordskjelvet: forklaringen - Nordnesrepublikken","og_description":"Et overv\u00e5kningskamera av den store energien til Thazi, i Myanmar, fanget en video av bevegelsen","og_url":"https:\/\/nordnesrepublikken.no\/index.php\/2025\/05\/14\/caded-videoen-av-den-bevegelige-feilen-i-myanmar-under-jordskjelvet-forklaringen\/","og_site_name":"Nordnesrepublikken","article_published_time":"2025-05-14T03:49:29+00:00","article_modified_time":"2025-05-14T03:49:31+00:00","og_image":[{"width":2549,"height":1491,"url":"https:\/\/nordnesrepublikken.no\/wp-content\/uploads\/2025\/05\/1747194569_Caded-videoen-av-den-bevegelige-feilen-i-Myanmar-under-jordskjelvet.jpg","type":"image\/jpeg"}],"author":"Ole Andersen","twitter_card":"summary_large_image","twitter_misc":{"Skrevet av":"Ole Andersen","Ansl. lesetid":"1 minutt"},"schema":{"@context":"https:\/\/schema.org","@graph":[{"@type":"Article","@id":"https:\/\/nordnesrepublikken.no\/index.php\/2025\/05\/14\/caded-videoen-av-den-bevegelige-feilen-i-myanmar-under-jordskjelvet-forklaringen\/#article","isPartOf":{"@id":"https:\/\/nordnesrepublikken.no\/index.php\/2025\/05\/14\/caded-videoen-av-den-bevegelige-feilen-i-myanmar-under-jordskjelvet-forklaringen\/"},"author":{"name":"Ole Andersen","@id":"https:\/\/nordnesrepublikken.no\/#\/schema\/person\/2e7e81935bab77882fffb79296240ff1"},"headline":"Caded videoen av den bevegelige feilen i Myanmar under jordskjelvet: forklaringen","datePublished":"2025-05-14T03:49:29+00:00","dateModified":"2025-05-14T03:49:31+00:00","mainEntityOfPage":{"@id":"https:\/\/nordnesrepublikken.no\/index.php\/2025\/05\/14\/caded-videoen-av-den-bevegelige-feilen-i-myanmar-under-jordskjelvet-forklaringen\/"},"wordCount":252,"publisher":{"@id":"https:\/\/nordnesrepublikken.no\/#organization"},"image":{"@id":"https:\/\/nordnesrepublikken.no\/index.php\/2025\/05\/14\/caded-videoen-av-den-bevegelige-feilen-i-myanmar-under-jordskjelvet-forklaringen\/#primaryimage"},"thumbnailUrl":"https:\/\/nordnesrepublikken.no\/wp-content\/uploads\/2025\/05\/1747194569_Caded-videoen-av-den-bevegelige-feilen-i-Myanmar-under-jordskjelvet.jpg","keywords":["bevegelige","Caded","den","feilen","forklaringen","Jordskjelvet","Myanmar","videoen"],"articleSection":["Vitenskap"],"inLanguage":"nb-NO"},{"@type":"WebPage","@id":"https:\/\/nordnesrepublikken.no\/index.php\/2025\/05\/14\/caded-videoen-av-den-bevegelige-feilen-i-myanmar-under-jordskjelvet-forklaringen\/","url":"https:\/\/nordnesrepublikken.no\/index.php\/2025\/05\/14\/caded-videoen-av-den-bevegelige-feilen-i-myanmar-under-jordskjelvet-forklaringen\/","name":"Caded videoen av den bevegelige feilen i Myanmar under jordskjelvet: forklaringen - Nordnesrepublikken","isPartOf":{"@id":"https:\/\/nordnesrepublikken.no\/#website"},"primaryImageOfPage":{"@id":"https:\/\/nordnesrepublikken.no\/index.php\/2025\/05\/14\/caded-videoen-av-den-bevegelige-feilen-i-myanmar-under-jordskjelvet-forklaringen\/#primaryimage"},"image":{"@id":"https:\/\/nordnesrepublikken.no\/index.php\/2025\/05\/14\/caded-videoen-av-den-bevegelige-feilen-i-myanmar-under-jordskjelvet-forklaringen\/#primaryimage"},"thumbnailUrl":"https:\/\/nordnesrepublikken.no\/wp-content\/uploads\/2025\/05\/1747194569_Caded-videoen-av-den-bevegelige-feilen-i-Myanmar-under-jordskjelvet.jpg","datePublished":"2025-05-14T03:49:29+00:00","dateModified":"2025-05-14T03:49:31+00:00","breadcrumb":{"@id":"https:\/\/nordnesrepublikken.no\/index.php\/2025\/05\/14\/caded-videoen-av-den-bevegelige-feilen-i-myanmar-under-jordskjelvet-forklaringen\/#breadcrumb"},"inLanguage":"nb-NO","potentialAction":[{"@type":"ReadAction","target":["https:\/\/nordnesrepublikken.no\/index.php\/2025\/05\/14\/caded-videoen-av-den-bevegelige-feilen-i-myanmar-under-jordskjelvet-forklaringen\/"]}]},{"@type":"ImageObject","inLanguage":"nb-NO","@id":"https:\/\/nordnesrepublikken.no\/index.php\/2025\/05\/14\/caded-videoen-av-den-bevegelige-feilen-i-myanmar-under-jordskjelvet-forklaringen\/#primaryimage","url":"https:\/\/nordnesrepublikken.no\/wp-content\/uploads\/2025\/05\/1747194569_Caded-videoen-av-den-bevegelige-feilen-i-Myanmar-under-jordskjelvet.jpg","contentUrl":"https:\/\/nordnesrepublikken.no\/wp-content\/uploads\/2025\/05\/1747194569_Caded-videoen-av-den-bevegelige-feilen-i-Myanmar-under-jordskjelvet.jpg","width":2549,"height":1491,"caption":"Immagine"},{"@type":"BreadcrumbList","@id":"https:\/\/nordnesrepublikken.no\/index.php\/2025\/05\/14\/caded-videoen-av-den-bevegelige-feilen-i-myanmar-under-jordskjelvet-forklaringen\/#breadcrumb","itemListElement":[{"@type":"ListItem","position":1,"name":"Home","item":"https:\/\/nordnesrepublikken.no\/"},{"@type":"ListItem","position":2,"name":"Caded videoen av den bevegelige feilen i Myanmar under jordskjelvet: forklaringen"}]},{"@type":"WebSite","@id":"https:\/\/nordnesrepublikken.no\/#website","url":"https:\/\/nordnesrepublikken.no\/","name":"Nordnesrepublikken","description":"Stemmer og Visjoner fra Republikkens Hjerte","publisher":{"@id":"https:\/\/nordnesrepublikken.no\/#organization"},"potentialAction":[{"@type":"SearchAction","target":{"@type":"EntryPoint","urlTemplate":"https:\/\/nordnesrepublikken.no\/?s={search_term_string}"},"query-input":{"@type":"PropertyValueSpecification","valueRequired":true,"valueName":"search_term_string"}}],"inLanguage":"nb-NO"},{"@type":"Organization","@id":"https:\/\/nordnesrepublikken.no\/#organization","name":"Nordnesrepublikken","url":"https:\/\/nordnesrepublikken.no\/","logo":{"@type":"ImageObject","inLanguage":"nb-NO","@id":"https:\/\/nordnesrepublikken.no\/#\/schema\/logo\/image\/","url":"https:\/\/nordnesrepublikken.no\/wp-content\/uploads\/2025\/02\/cropped-nordnesrepublikken-2.png","contentUrl":"https:\/\/nordnesrepublikken.no\/wp-content\/uploads\/2025\/02\/cropped-nordnesrepublikken-2.png","width":1248,"height":362,"caption":"Nordnesrepublikken"},"image":{"@id":"https:\/\/nordnesrepublikken.no\/#\/schema\/logo\/image\/"}},{"@type":"Person","@id":"https:\/\/nordnesrepublikken.no\/#\/schema\/person\/2e7e81935bab77882fffb79296240ff1","name":"Ole Andersen","image":{"@type":"ImageObject","inLanguage":"nb-NO","@id":"https:\/\/nordnesrepublikken.no\/#\/schema\/person\/image\/","url":"https:\/\/nordnesrepublikken.no\/wp-content\/uploads\/2025\/02\/nordnesrepublikken-2-2-150x150.jpg","contentUrl":"https:\/\/nordnesrepublikken.no\/wp-content\/uploads\/2025\/02\/nordnesrepublikken-2-2-150x150.jpg","caption":"Ole Andersen"},"description":"Ettersom jeg vokste opp i Oslo, har jeg alltid v\u00e6rt fascinert av ordenes kraft og deres evne til \u00e5 skape endringer. Etter \u00e5 ha fullf\u00f8rt min utdannelse i kommunikasjon ved Universitetet i Bergen, fikk jeg muligheten til \u00e5 jobbe innen ulike medier, der jeg har s\u00f8kt \u00e5 belyse viktige samfunnssp\u00f8rsm\u00e5l. I dag, som redakt\u00f8r for Nordnesrepublikken, pr\u00f8ver jeg \u00e5 forene min kj\u00e6rlighet for journalistikk med min lidenskap for innovasjon og eventyr.","sameAs":["https:\/\/nordnesrepublikken.no\/"]}]}},"_links":{"self":[{"href":"https:\/\/nordnesrepublikken.no\/index.php\/wp-json\/wp\/v2\/posts\/4552","targetHints":{"allow":["GET"]}}],"collection":[{"href":"https:\/\/nordnesrepublikken.no\/index.php\/wp-json\/wp\/v2\/posts"}],"about":[{"href":"https:\/\/nordnesrepublikken.no\/index.php\/wp-json\/wp\/v2\/types\/post"}],"author":[{"embeddable":true,"href":"https:\/\/nordnesrepublikken.no\/index.php\/wp-json\/wp\/v2\/users\/1"}],"replies":[{"embeddable":true,"href":"https:\/\/nordnesrepublikken.no\/index.php\/wp-json\/wp\/v2\/comments?post=4552"}],"version-history":[{"count":1,"href":"https:\/\/nordnesrepublikken.no\/index.php\/wp-json\/wp\/v2\/posts\/4552\/revisions"}],"predecessor-version":[{"id":4554,"href":"https:\/\/nordnesrepublikken.no\/index.php\/wp-json\/wp\/v2\/posts\/4552\/revisions\/4554"}],"wp:featuredmedia":[{"embeddable":true,"href":"https:\/\/nordnesrepublikken.no\/index.php\/wp-json\/wp\/v2\/media\/4553"}],"wp:attachment":[{"href":"https:\/\/nordnesrepublikken.no\/index.php\/wp-json\/wp\/v2\/media?parent=4552"}],"wp:term":[{"taxonomy":"category","embeddable":true,"href":"https:\/\/nordnesrepublikken.no\/index.php\/wp-json\/wp\/v2\/categories?post=4552"},{"taxonomy":"post_tag","embeddable":true,"href":"https:\/\/nordnesrepublikken.no\/index.php\/wp-json\/wp\/v2\/tags?post=4552"}],"curies":[{"name":"wp","href":"https:\/\/api.w.org\/{rel}","templated":true}]}}