{"id":4546,"date":"2025-05-14T01:49:33","date_gmt":"2025-05-13T23:49:33","guid":{"rendered":"https:\/\/nordnesrepublikken.no\/index.php\/2025\/05\/14\/apples-hjernekontrollteknologi-kommer-kul-skummel-eller-begge-deler\/"},"modified":"2025-05-14T01:49:35","modified_gmt":"2025-05-13T23:49:35","slug":"apples-hjernekontrollteknologi-kommer-kul-skummel-eller-begge-deler","status":"publish","type":"post","link":"https:\/\/nordnesrepublikken.no\/index.php\/2025\/05\/14\/apples-hjernekontrollteknologi-kommer-kul-skummel-eller-begge-deler\/","title":{"rendered":"Apples hjernekontrollteknologi kommer-kul, skummel eller begge deler?"},"content":{"rendered":"<p><\/p>\n<div class=\"wordpress-content\">\n                    <!-- Article Start --><\/p>\n<p><strong>Ja, du leser riktig, Apple vil at du skal kontrollere iPhone med tankene dine. Senere i \u00e5r planlegger tech -giganten \u00e5 rulle ut en funksjon som lar brukerne betjene iPhones, iPads og andre enheter via hjernesignaler. Jeg er seri\u00f8s &#8211; ingen ber\u00f8ring, sveipe eller til og med \u00e5 skrive. Wall Street Journal uttaler at dette tankeb\u00f8yende grensesnittet ikke lenger er science fiction, men en raskt tiln\u00e6rmet virkelighet. S\u00e5 hva skjer n\u00f8yaktig, hvordan fungerer det, og skal vi v\u00e6re glade eller litt skumle ut?<\/strong><\/p>\n<h2><b>Hvordan vil det til og med fungere? <\/b><\/h2>\n<p><span style=\"font-weight: 400\">Systemet vil angivelig bruke sensorer, som enten er b\u00e6rbare eller integrert i enheter, for \u00e5 plukke opp nevrale signaler knyttet til brukerens intensjon. Apples versjon er s\u00f8ml\u00f8s, ekstern og polert teknologi som hjelper brukere med \u00e5 navigere i apper, skrive inn meldinger og bla Tiktok ved \u00e5 bruke annet enn tankene deres. Dette er en del av Apples p\u00e5g\u00e5ende tilgjengelighetspush, og n\u00e5r det f\u00f8rst er tilgjengelig, vil det endre hvordan alle bruker teknologi. <\/span><\/p>\n<p><span style=\"font-weight: 400\">Det n\u00e5v\u00e6rende l\u00f8pet til Brain-Computer-grensesnittet (BCI) er mer utbredt innen stor teknologi i dag. Apple har jobbet med disse tilgjengelighetsfokuserte verkt\u00f8yene i mange \u00e5r, inkludert \u00f8yesporing, stemmekontroll og bevegelsesdeteksjon. S\u00e5 denne nye funksjonen bygger p\u00e5 forgjengerne og tilbyr et h\u00e5ndfritt alternativ som kan komme mennesker med motorisk svekkelser og midlertidige skader, teknologiske mennesker som vil leve i fremtiden, og mennesker som er for late til \u00e5 hente telefonene sine. <\/span><\/p>\n<div class=\"sra_unit\"><link rel=\"stylesheet\" id=\"block-sra\" href=\"https:\/\/euroweeklynews.com\/wp-content\/plugins\/snack-related-articles\/dist\/css\/snack-related.min.css?250312-193541\" type=\"text\/css\" media=\"all\">\n<\/div>\n<h2><b>Det kule, skumle og bekymringene <\/b><\/h2>\n<ul>\n<li style=\"font-weight: 400\"><b>De kule aspektene<\/b><span style=\"font-weight: 400\">  ville v\u00e6re tilgjengelighet, n\u00e5r nye h\u00f8yder, som kan redusere tiden du bruker p\u00e5 skjermer og gj\u00f8re interaksjonene mer forsettlige. Det vil \u00e5pne d\u00f8rer for h\u00e5ndfri navigasjon i VR- og AR-milj\u00f8er, Hello, Apple Vision Pro.<\/span><\/li>\n<li style=\"font-weight: 400\"><b>Den skumle siden <\/b><span style=\"font-weight: 400\">Er det at hjernen din vil bli et passord, tanker som innspill, personvern blir et mareritt, og hva skjer n\u00e5r telefonen din misforst\u00e5r en bortkommen tanke? <\/span><\/li>\n<li style=\"font-weight: 400\"><b>Den ekte bekymringen<\/b><span style=\"font-weight: 400\">  er i Europa, der det er strenge data om personvern. Hjernedata vil falle inn i et nytt lovlig gr\u00e5tt omr\u00e5de, s\u00e5 Apple m\u00e5 tr\u00e5 n\u00f8ye. <\/span><\/li>\n<\/ul>\n<p><span style=\"font-weight: 400\">Spania og EU oppdaterer aktivt lovene sine rundt digital og AI. Hvis denne teknologien g\u00e5r mainstream, bortsett fra at Brussel vil heve \u00f8yenbrynene og muligens vil nye forskrifter bli lagt til deretter.  <\/span><span style=\"font-weight: 400\">Vil du faktisk bruke den? La oss v\u00e6re \u00e6rlige. Hvis det fungerer, kan det v\u00e6re en revolusjon innen tilgjengelighets- og grensesnittfunksjonene, men hvis det kommer tilbake, vil det v\u00e6re en annen skummel teknologihistorie ved siden av smarte kj\u00f8leskap som spionerer p\u00e5 deg. <\/span><\/p>\n<p><span style=\"font-weight: 400\">S\u00e5 Apples hjernekontrollvisjon vil starte, men det vil begynne som en tilgjengelighetsfunksjon, og utvides sakte til hvor kroppene, \u00f8ynene og til og med hjerner blir grensesnittet. S\u00e5 med alle s\u00f8ksm\u00e5l og p\u00e5g\u00e5ende unders\u00f8kelser st\u00e5r det overfor problemer i Europa. Kan Apple produsere en jevn, skinnende og litt kostbar innovativ teknologi som er dystopisk nok til \u00e5 holde oss alle se p\u00e5? <\/span><\/p>\n<p>                    <!-- Article End --><\/p><\/div>\n","protected":false},"excerpt":{"rendered":"<p>Ja, du leser riktig, Apple vil at du skal kontrollere iPhone med tankene dine. Senere<\/p>\n","protected":false},"author":1,"featured_media":4547,"comment_status":"closed","ping_status":"open","sticky":false,"template":"","format":"standard","meta":{"footnotes":""},"categories":[105],"tags":[2422,2426,2427,1156,2423,2424,2425],"class_list":["post-4546","post","type-post","status-publish","format-standard","has-post-thumbnail","hentry","category-livsstil","tag-apples","tag-begge","tag-deler","tag-eller","tag-hjernekontrollteknologi","tag-kommerkul","tag-skummel","generate-columns","tablet-grid-50","mobile-grid-100","grid-parent","grid-33","resize-featured-image"],"yoast_head":"<!-- This site is optimized with the Yoast SEO plugin v24.4 - https:\/\/yoast.com\/wordpress\/plugins\/seo\/ -->\n<title>Apples hjernekontrollteknologi kommer-kul, skummel eller begge deler? - Nordnesrepublikken<\/title>\n<meta name=\"robots\" content=\"index, follow, max-snippet:-1, max-image-preview:large, max-video-preview:-1\" \/>\n<link rel=\"canonical\" href=\"https:\/\/nordnesrepublikken.no\/index.php\/2025\/05\/14\/apples-hjernekontrollteknologi-kommer-kul-skummel-eller-begge-deler\/\" \/>\n<meta property=\"og:locale\" content=\"nb_NO\" \/>\n<meta property=\"og:type\" content=\"article\" \/>\n<meta property=\"og:title\" content=\"Apples hjernekontrollteknologi kommer-kul, skummel eller begge deler? - Nordnesrepublikken\" \/>\n<meta property=\"og:description\" content=\"Ja, du leser riktig, Apple vil at du skal kontrollere iPhone med tankene dine. Senere\" \/>\n<meta property=\"og:url\" content=\"https:\/\/nordnesrepublikken.no\/index.php\/2025\/05\/14\/apples-hjernekontrollteknologi-kommer-kul-skummel-eller-begge-deler\/\" \/>\n<meta property=\"og:site_name\" content=\"Nordnesrepublikken\" \/>\n<meta property=\"article:published_time\" content=\"2025-05-13T23:49:33+00:00\" \/>\n<meta property=\"article:modified_time\" content=\"2025-05-13T23:49:35+00:00\" \/>\n<meta property=\"og:image\" content=\"https:\/\/nordnesrepublikken.no\/wp-content\/uploads\/2025\/05\/1747180173_Apples-hjernekontrollteknologi-kommer-kul-skummel-eller-begge-deler.png\" \/>\n\t<meta property=\"og:image:width\" content=\"1200\" \/>\n\t<meta property=\"og:image:height\" content=\"800\" \/>\n\t<meta property=\"og:image:type\" content=\"image\/png\" \/>\n<meta name=\"author\" content=\"Ole Andersen\" \/>\n<meta name=\"twitter:card\" content=\"summary_large_image\" \/>\n<meta name=\"twitter:label1\" content=\"Skrevet av\" \/>\n\t<meta name=\"twitter:data1\" content=\"Ole Andersen\" \/>\n\t<meta name=\"twitter:label2\" content=\"Ansl. lesetid\" \/>\n\t<meta name=\"twitter:data2\" content=\"3 minutter\" \/>\n<script type=\"application\/ld+json\" class=\"yoast-schema-graph\">{\"@context\":\"https:\/\/schema.org\",\"@graph\":[{\"@type\":\"Article\",\"@id\":\"https:\/\/nordnesrepublikken.no\/index.php\/2025\/05\/14\/apples-hjernekontrollteknologi-kommer-kul-skummel-eller-begge-deler\/#article\",\"isPartOf\":{\"@id\":\"https:\/\/nordnesrepublikken.no\/index.php\/2025\/05\/14\/apples-hjernekontrollteknologi-kommer-kul-skummel-eller-begge-deler\/\"},\"author\":{\"name\":\"Ole Andersen\",\"@id\":\"https:\/\/nordnesrepublikken.no\/#\/schema\/person\/2e7e81935bab77882fffb79296240ff1\"},\"headline\":\"Apples hjernekontrollteknologi kommer-kul, skummel eller begge deler?\",\"datePublished\":\"2025-05-13T23:49:33+00:00\",\"dateModified\":\"2025-05-13T23:49:35+00:00\",\"mainEntityOfPage\":{\"@id\":\"https:\/\/nordnesrepublikken.no\/index.php\/2025\/05\/14\/apples-hjernekontrollteknologi-kommer-kul-skummel-eller-begge-deler\/\"},\"wordCount\":507,\"publisher\":{\"@id\":\"https:\/\/nordnesrepublikken.no\/#organization\"},\"image\":{\"@id\":\"https:\/\/nordnesrepublikken.no\/index.php\/2025\/05\/14\/apples-hjernekontrollteknologi-kommer-kul-skummel-eller-begge-deler\/#primaryimage\"},\"thumbnailUrl\":\"https:\/\/nordnesrepublikken.no\/wp-content\/uploads\/2025\/05\/1747180173_Apples-hjernekontrollteknologi-kommer-kul-skummel-eller-begge-deler.png\",\"keywords\":[\"Apples\",\"begge\",\"deler\",\"eller\",\"hjernekontrollteknologi\",\"kommerkul\",\"skummel\"],\"articleSection\":[\"Livsstil\"],\"inLanguage\":\"nb-NO\"},{\"@type\":\"WebPage\",\"@id\":\"https:\/\/nordnesrepublikken.no\/index.php\/2025\/05\/14\/apples-hjernekontrollteknologi-kommer-kul-skummel-eller-begge-deler\/\",\"url\":\"https:\/\/nordnesrepublikken.no\/index.php\/2025\/05\/14\/apples-hjernekontrollteknologi-kommer-kul-skummel-eller-begge-deler\/\",\"name\":\"Apples hjernekontrollteknologi kommer-kul, skummel eller begge deler? - Nordnesrepublikken\",\"isPartOf\":{\"@id\":\"https:\/\/nordnesrepublikken.no\/#website\"},\"primaryImageOfPage\":{\"@id\":\"https:\/\/nordnesrepublikken.no\/index.php\/2025\/05\/14\/apples-hjernekontrollteknologi-kommer-kul-skummel-eller-begge-deler\/#primaryimage\"},\"image\":{\"@id\":\"https:\/\/nordnesrepublikken.no\/index.php\/2025\/05\/14\/apples-hjernekontrollteknologi-kommer-kul-skummel-eller-begge-deler\/#primaryimage\"},\"thumbnailUrl\":\"https:\/\/nordnesrepublikken.no\/wp-content\/uploads\/2025\/05\/1747180173_Apples-hjernekontrollteknologi-kommer-kul-skummel-eller-begge-deler.png\",\"datePublished\":\"2025-05-13T23:49:33+00:00\",\"dateModified\":\"2025-05-13T23:49:35+00:00\",\"breadcrumb\":{\"@id\":\"https:\/\/nordnesrepublikken.no\/index.php\/2025\/05\/14\/apples-hjernekontrollteknologi-kommer-kul-skummel-eller-begge-deler\/#breadcrumb\"},\"inLanguage\":\"nb-NO\",\"potentialAction\":[{\"@type\":\"ReadAction\",\"target\":[\"https:\/\/nordnesrepublikken.no\/index.php\/2025\/05\/14\/apples-hjernekontrollteknologi-kommer-kul-skummel-eller-begge-deler\/\"]}]},{\"@type\":\"ImageObject\",\"inLanguage\":\"nb-NO\",\"@id\":\"https:\/\/nordnesrepublikken.no\/index.php\/2025\/05\/14\/apples-hjernekontrollteknologi-kommer-kul-skummel-eller-begge-deler\/#primaryimage\",\"url\":\"https:\/\/nordnesrepublikken.no\/wp-content\/uploads\/2025\/05\/1747180173_Apples-hjernekontrollteknologi-kommer-kul-skummel-eller-begge-deler.png\",\"contentUrl\":\"https:\/\/nordnesrepublikken.no\/wp-content\/uploads\/2025\/05\/1747180173_Apples-hjernekontrollteknologi-kommer-kul-skummel-eller-begge-deler.png\",\"width\":1200,\"height\":800,\"caption\":\"Apples hjernekontrollteknologi kommer-kul, skummel eller begge deler?\"},{\"@type\":\"BreadcrumbList\",\"@id\":\"https:\/\/nordnesrepublikken.no\/index.php\/2025\/05\/14\/apples-hjernekontrollteknologi-kommer-kul-skummel-eller-begge-deler\/#breadcrumb\",\"itemListElement\":[{\"@type\":\"ListItem\",\"position\":1,\"name\":\"Home\",\"item\":\"https:\/\/nordnesrepublikken.no\/\"},{\"@type\":\"ListItem\",\"position\":2,\"name\":\"Apples hjernekontrollteknologi kommer-kul, skummel eller begge deler?\"}]},{\"@type\":\"WebSite\",\"@id\":\"https:\/\/nordnesrepublikken.no\/#website\",\"url\":\"https:\/\/nordnesrepublikken.no\/\",\"name\":\"Nordnesrepublikken\",\"description\":\"Stemmer og Visjoner fra Republikkens Hjerte\",\"publisher\":{\"@id\":\"https:\/\/nordnesrepublikken.no\/#organization\"},\"potentialAction\":[{\"@type\":\"SearchAction\",\"target\":{\"@type\":\"EntryPoint\",\"urlTemplate\":\"https:\/\/nordnesrepublikken.no\/?s={search_term_string}\"},\"query-input\":{\"@type\":\"PropertyValueSpecification\",\"valueRequired\":true,\"valueName\":\"search_term_string\"}}],\"inLanguage\":\"nb-NO\"},{\"@type\":\"Organization\",\"@id\":\"https:\/\/nordnesrepublikken.no\/#organization\",\"name\":\"Nordnesrepublikken\",\"url\":\"https:\/\/nordnesrepublikken.no\/\",\"logo\":{\"@type\":\"ImageObject\",\"inLanguage\":\"nb-NO\",\"@id\":\"https:\/\/nordnesrepublikken.no\/#\/schema\/logo\/image\/\",\"url\":\"https:\/\/nordnesrepublikken.no\/wp-content\/uploads\/2025\/02\/cropped-nordnesrepublikken-2.png\",\"contentUrl\":\"https:\/\/nordnesrepublikken.no\/wp-content\/uploads\/2025\/02\/cropped-nordnesrepublikken-2.png\",\"width\":1248,\"height\":362,\"caption\":\"Nordnesrepublikken\"},\"image\":{\"@id\":\"https:\/\/nordnesrepublikken.no\/#\/schema\/logo\/image\/\"}},{\"@type\":\"Person\",\"@id\":\"https:\/\/nordnesrepublikken.no\/#\/schema\/person\/2e7e81935bab77882fffb79296240ff1\",\"name\":\"Ole Andersen\",\"image\":{\"@type\":\"ImageObject\",\"inLanguage\":\"nb-NO\",\"@id\":\"https:\/\/nordnesrepublikken.no\/#\/schema\/person\/image\/\",\"url\":\"https:\/\/nordnesrepublikken.no\/wp-content\/uploads\/2025\/02\/nordnesrepublikken-2-2-150x150.jpg\",\"contentUrl\":\"https:\/\/nordnesrepublikken.no\/wp-content\/uploads\/2025\/02\/nordnesrepublikken-2-2-150x150.jpg\",\"caption\":\"Ole Andersen\"},\"description\":\"Ettersom jeg vokste opp i Oslo, har jeg alltid v\u00e6rt fascinert av ordenes kraft og deres evne til \u00e5 skape endringer. Etter \u00e5 ha fullf\u00f8rt min utdannelse i kommunikasjon ved Universitetet i Bergen, fikk jeg muligheten til \u00e5 jobbe innen ulike medier, der jeg har s\u00f8kt \u00e5 belyse viktige samfunnssp\u00f8rsm\u00e5l. I dag, som redakt\u00f8r for Nordnesrepublikken, pr\u00f8ver jeg \u00e5 forene min kj\u00e6rlighet for journalistikk med min lidenskap for innovasjon og eventyr.\",\"sameAs\":[\"https:\/\/nordnesrepublikken.no\/\"]}]}<\/script>\n<!-- \/ Yoast SEO plugin. -->","yoast_head_json":{"title":"Apples hjernekontrollteknologi kommer-kul, skummel eller begge deler? - Nordnesrepublikken","robots":{"index":"index","follow":"follow","max-snippet":"max-snippet:-1","max-image-preview":"max-image-preview:large","max-video-preview":"max-video-preview:-1"},"canonical":"https:\/\/nordnesrepublikken.no\/index.php\/2025\/05\/14\/apples-hjernekontrollteknologi-kommer-kul-skummel-eller-begge-deler\/","og_locale":"nb_NO","og_type":"article","og_title":"Apples hjernekontrollteknologi kommer-kul, skummel eller begge deler? - Nordnesrepublikken","og_description":"Ja, du leser riktig, Apple vil at du skal kontrollere iPhone med tankene dine. Senere","og_url":"https:\/\/nordnesrepublikken.no\/index.php\/2025\/05\/14\/apples-hjernekontrollteknologi-kommer-kul-skummel-eller-begge-deler\/","og_site_name":"Nordnesrepublikken","article_published_time":"2025-05-13T23:49:33+00:00","article_modified_time":"2025-05-13T23:49:35+00:00","og_image":[{"width":1200,"height":800,"url":"https:\/\/nordnesrepublikken.no\/wp-content\/uploads\/2025\/05\/1747180173_Apples-hjernekontrollteknologi-kommer-kul-skummel-eller-begge-deler.png","type":"image\/png"}],"author":"Ole Andersen","twitter_card":"summary_large_image","twitter_misc":{"Skrevet av":"Ole Andersen","Ansl. lesetid":"3 minutter"},"schema":{"@context":"https:\/\/schema.org","@graph":[{"@type":"Article","@id":"https:\/\/nordnesrepublikken.no\/index.php\/2025\/05\/14\/apples-hjernekontrollteknologi-kommer-kul-skummel-eller-begge-deler\/#article","isPartOf":{"@id":"https:\/\/nordnesrepublikken.no\/index.php\/2025\/05\/14\/apples-hjernekontrollteknologi-kommer-kul-skummel-eller-begge-deler\/"},"author":{"name":"Ole Andersen","@id":"https:\/\/nordnesrepublikken.no\/#\/schema\/person\/2e7e81935bab77882fffb79296240ff1"},"headline":"Apples hjernekontrollteknologi kommer-kul, skummel eller begge deler?","datePublished":"2025-05-13T23:49:33+00:00","dateModified":"2025-05-13T23:49:35+00:00","mainEntityOfPage":{"@id":"https:\/\/nordnesrepublikken.no\/index.php\/2025\/05\/14\/apples-hjernekontrollteknologi-kommer-kul-skummel-eller-begge-deler\/"},"wordCount":507,"publisher":{"@id":"https:\/\/nordnesrepublikken.no\/#organization"},"image":{"@id":"https:\/\/nordnesrepublikken.no\/index.php\/2025\/05\/14\/apples-hjernekontrollteknologi-kommer-kul-skummel-eller-begge-deler\/#primaryimage"},"thumbnailUrl":"https:\/\/nordnesrepublikken.no\/wp-content\/uploads\/2025\/05\/1747180173_Apples-hjernekontrollteknologi-kommer-kul-skummel-eller-begge-deler.png","keywords":["Apples","begge","deler","eller","hjernekontrollteknologi","kommerkul","skummel"],"articleSection":["Livsstil"],"inLanguage":"nb-NO"},{"@type":"WebPage","@id":"https:\/\/nordnesrepublikken.no\/index.php\/2025\/05\/14\/apples-hjernekontrollteknologi-kommer-kul-skummel-eller-begge-deler\/","url":"https:\/\/nordnesrepublikken.no\/index.php\/2025\/05\/14\/apples-hjernekontrollteknologi-kommer-kul-skummel-eller-begge-deler\/","name":"Apples hjernekontrollteknologi kommer-kul, skummel eller begge deler? - Nordnesrepublikken","isPartOf":{"@id":"https:\/\/nordnesrepublikken.no\/#website"},"primaryImageOfPage":{"@id":"https:\/\/nordnesrepublikken.no\/index.php\/2025\/05\/14\/apples-hjernekontrollteknologi-kommer-kul-skummel-eller-begge-deler\/#primaryimage"},"image":{"@id":"https:\/\/nordnesrepublikken.no\/index.php\/2025\/05\/14\/apples-hjernekontrollteknologi-kommer-kul-skummel-eller-begge-deler\/#primaryimage"},"thumbnailUrl":"https:\/\/nordnesrepublikken.no\/wp-content\/uploads\/2025\/05\/1747180173_Apples-hjernekontrollteknologi-kommer-kul-skummel-eller-begge-deler.png","datePublished":"2025-05-13T23:49:33+00:00","dateModified":"2025-05-13T23:49:35+00:00","breadcrumb":{"@id":"https:\/\/nordnesrepublikken.no\/index.php\/2025\/05\/14\/apples-hjernekontrollteknologi-kommer-kul-skummel-eller-begge-deler\/#breadcrumb"},"inLanguage":"nb-NO","potentialAction":[{"@type":"ReadAction","target":["https:\/\/nordnesrepublikken.no\/index.php\/2025\/05\/14\/apples-hjernekontrollteknologi-kommer-kul-skummel-eller-begge-deler\/"]}]},{"@type":"ImageObject","inLanguage":"nb-NO","@id":"https:\/\/nordnesrepublikken.no\/index.php\/2025\/05\/14\/apples-hjernekontrollteknologi-kommer-kul-skummel-eller-begge-deler\/#primaryimage","url":"https:\/\/nordnesrepublikken.no\/wp-content\/uploads\/2025\/05\/1747180173_Apples-hjernekontrollteknologi-kommer-kul-skummel-eller-begge-deler.png","contentUrl":"https:\/\/nordnesrepublikken.no\/wp-content\/uploads\/2025\/05\/1747180173_Apples-hjernekontrollteknologi-kommer-kul-skummel-eller-begge-deler.png","width":1200,"height":800,"caption":"Apples hjernekontrollteknologi kommer-kul, skummel eller begge deler?"},{"@type":"BreadcrumbList","@id":"https:\/\/nordnesrepublikken.no\/index.php\/2025\/05\/14\/apples-hjernekontrollteknologi-kommer-kul-skummel-eller-begge-deler\/#breadcrumb","itemListElement":[{"@type":"ListItem","position":1,"name":"Home","item":"https:\/\/nordnesrepublikken.no\/"},{"@type":"ListItem","position":2,"name":"Apples hjernekontrollteknologi kommer-kul, skummel eller begge deler?"}]},{"@type":"WebSite","@id":"https:\/\/nordnesrepublikken.no\/#website","url":"https:\/\/nordnesrepublikken.no\/","name":"Nordnesrepublikken","description":"Stemmer og Visjoner fra Republikkens Hjerte","publisher":{"@id":"https:\/\/nordnesrepublikken.no\/#organization"},"potentialAction":[{"@type":"SearchAction","target":{"@type":"EntryPoint","urlTemplate":"https:\/\/nordnesrepublikken.no\/?s={search_term_string}"},"query-input":{"@type":"PropertyValueSpecification","valueRequired":true,"valueName":"search_term_string"}}],"inLanguage":"nb-NO"},{"@type":"Organization","@id":"https:\/\/nordnesrepublikken.no\/#organization","name":"Nordnesrepublikken","url":"https:\/\/nordnesrepublikken.no\/","logo":{"@type":"ImageObject","inLanguage":"nb-NO","@id":"https:\/\/nordnesrepublikken.no\/#\/schema\/logo\/image\/","url":"https:\/\/nordnesrepublikken.no\/wp-content\/uploads\/2025\/02\/cropped-nordnesrepublikken-2.png","contentUrl":"https:\/\/nordnesrepublikken.no\/wp-content\/uploads\/2025\/02\/cropped-nordnesrepublikken-2.png","width":1248,"height":362,"caption":"Nordnesrepublikken"},"image":{"@id":"https:\/\/nordnesrepublikken.no\/#\/schema\/logo\/image\/"}},{"@type":"Person","@id":"https:\/\/nordnesrepublikken.no\/#\/schema\/person\/2e7e81935bab77882fffb79296240ff1","name":"Ole Andersen","image":{"@type":"ImageObject","inLanguage":"nb-NO","@id":"https:\/\/nordnesrepublikken.no\/#\/schema\/person\/image\/","url":"https:\/\/nordnesrepublikken.no\/wp-content\/uploads\/2025\/02\/nordnesrepublikken-2-2-150x150.jpg","contentUrl":"https:\/\/nordnesrepublikken.no\/wp-content\/uploads\/2025\/02\/nordnesrepublikken-2-2-150x150.jpg","caption":"Ole Andersen"},"description":"Ettersom jeg vokste opp i Oslo, har jeg alltid v\u00e6rt fascinert av ordenes kraft og deres evne til \u00e5 skape endringer. Etter \u00e5 ha fullf\u00f8rt min utdannelse i kommunikasjon ved Universitetet i Bergen, fikk jeg muligheten til \u00e5 jobbe innen ulike medier, der jeg har s\u00f8kt \u00e5 belyse viktige samfunnssp\u00f8rsm\u00e5l. I dag, som redakt\u00f8r for Nordnesrepublikken, pr\u00f8ver jeg \u00e5 forene min kj\u00e6rlighet for journalistikk med min lidenskap for innovasjon og eventyr.","sameAs":["https:\/\/nordnesrepublikken.no\/"]}]}},"_links":{"self":[{"href":"https:\/\/nordnesrepublikken.no\/index.php\/wp-json\/wp\/v2\/posts\/4546","targetHints":{"allow":["GET"]}}],"collection":[{"href":"https:\/\/nordnesrepublikken.no\/index.php\/wp-json\/wp\/v2\/posts"}],"about":[{"href":"https:\/\/nordnesrepublikken.no\/index.php\/wp-json\/wp\/v2\/types\/post"}],"author":[{"embeddable":true,"href":"https:\/\/nordnesrepublikken.no\/index.php\/wp-json\/wp\/v2\/users\/1"}],"replies":[{"embeddable":true,"href":"https:\/\/nordnesrepublikken.no\/index.php\/wp-json\/wp\/v2\/comments?post=4546"}],"version-history":[{"count":1,"href":"https:\/\/nordnesrepublikken.no\/index.php\/wp-json\/wp\/v2\/posts\/4546\/revisions"}],"predecessor-version":[{"id":4548,"href":"https:\/\/nordnesrepublikken.no\/index.php\/wp-json\/wp\/v2\/posts\/4546\/revisions\/4548"}],"wp:featuredmedia":[{"embeddable":true,"href":"https:\/\/nordnesrepublikken.no\/index.php\/wp-json\/wp\/v2\/media\/4547"}],"wp:attachment":[{"href":"https:\/\/nordnesrepublikken.no\/index.php\/wp-json\/wp\/v2\/media?parent=4546"}],"wp:term":[{"taxonomy":"category","embeddable":true,"href":"https:\/\/nordnesrepublikken.no\/index.php\/wp-json\/wp\/v2\/categories?post=4546"},{"taxonomy":"post_tag","embeddable":true,"href":"https:\/\/nordnesrepublikken.no\/index.php\/wp-json\/wp\/v2\/tags?post=4546"}],"curies":[{"name":"wp","href":"https:\/\/api.w.org\/{rel}","templated":true}]}}