{"id":4515,"date":"2025-05-14T08:00:00","date_gmt":"2025-05-14T06:00:00","guid":{"rendered":"https:\/\/nordnesrepublikken.no\/?p=4515"},"modified":"2025-05-13T09:35:19","modified_gmt":"2025-05-13T07:35:19","slug":"elon-musk-har-planer-om-a-bygge-sin-egen-by-i-texas","status":"publish","type":"post","link":"https:\/\/nordnesrepublikken.no\/index.php\/2025\/05\/14\/elon-musk-har-planer-om-a-bygge-sin-egen-by-i-texas\/","title":{"rendered":"Elon Musk har planer om \u00e5 bygge sin egen by i Texas"},"content":{"rendered":"\n<p><strong><em>Elon Musk har nylig kunngjort at han har planer om \u00e5 bygge en by rundt SpaceX sitt industrielle kompleks i S\u00f8r-USA. Dette prosjektet har allerede f\u00e5tt oppmerksomhet, og snart skal omtrent 300 personer, hovedsakelig SpaceX-ansatte, stemme for eller imot \u00e5 gj\u00f8re Starbase-komplekset om til en fullverdig by. Stedet ligger p\u00e5 et 4 km\u00b2 stort kystomr\u00e5de n\u00e6r grensen til Mexico.<\/em><\/strong><\/p>\n\n\n\n<!--more-->\n\n\n\n<h2 class=\"wp-block-heading\">Musk\u2019s nye ambisi\u00f8se prosjekt<\/h2>\n\n\n\n<p>Det er ikke f\u00f8rste gang<strong> <a href=\"https:\/\/nordnesrepublikken.no\/index.php\/2025\/04\/22\/elon-musks-ai-assistent-trosser-ham-og-overrasker-alle\/\">Elon Musk<\/a><\/strong> setter sine ambisjoner h\u00f8yt, og denne gangen er det et helt nytt prosjekt som har fanget alles oppmerksomhet. Han \u00f8nsker \u00e5 skape et nytt samfunn rundt SpaceX-komplekset, et omr\u00e5de som har v\u00e6rt viktig for selskapets rakettutskytninger og fremtidige planer. Den 4. mai skal de stemme om hvorvidt dette omr\u00e5det, som n\u00e5 heter Starbase, skal omgj\u00f8res til en by. Blant de som skal stemme finner vi Musk selv, som er en del av de 300 stemmeberettigede i dette omr\u00e5det.<\/p>\n\n\n\n<h2 class=\"wp-block-heading\">Hva betyr dette for SpaceX og Tesla?<\/h2>\n\n\n\n<p>Mens Musk har hatt utfordringer med sitt bilselskap Tesla de siste ukene, kan en slik byutvikling vise seg \u00e5 v\u00e6re et betydelig <strong>suksessprosjekt<\/strong>. Det kan ogs\u00e5 v\u00e6re et tegn p\u00e5 at han er villig til \u00e5 satse p\u00e5 langsiktige l\u00f8sninger som kan styrke hans rykte som en innovativ leder. SpaceX har allerede hatt stor suksess med sine rakettoppskytninger, og et vellykket byprosjekt kan bidra til \u00e5 <strong>forsterke Musks posisjon<\/strong> som en av de mest innflytelsesrike teknologiske pionerene i verden.<\/p>\n\n\n\n<h2 class=\"wp-block-heading\">Milj\u00f8messige bekymringer<\/h2>\n\n\n\n<p>Prosjektet har ikke v\u00e6rt uten kritikk. Bekah Hinojosa, medstifter av en lokal milj\u00f8organisasjon, advarer mot de potensielle <strong>milj\u00f8messige konsekvensene<\/strong> av \u00e5 utvikle omr\u00e5det til en by. Hinojosa hevder at dette vil f\u00f8re til mer <strong>\u00f8deleggelser av <a href=\"https:\/\/nordnesrepublikken.no\/index.php\/2025\/04\/19\/bli-kreativ-med-naturen-den-allsidige-verdenen-til-kokedama\/\">naturen<\/a><\/strong>, blant annet gjennom \u00f8kte <strong>ulovlige deponeringer<\/strong>, intensivering av rakettoperasjoner og en \u00f8kning i seismisk aktivitet som kan p\u00e5virke nabolagene.<\/p>\n\n\n\n<p>SpaceX har p\u00e5 sin side fors\u00f8kt \u00e5 dempe bekymringene ved \u00e5 forsikre om at utviklingen av byen ikke vil hindre deres m\u00e5l om \u00e5 redusere <strong>milj\u00f8p\u00e5virkningen<\/strong>. Tidligere har SpaceX f\u00e5tt kritikk fra milj\u00f8myndigheter, som i fjor ilegget selskapet en bot for ulovlige utslipp i Texas\u2019 vassdrag.<\/p>\n\n\n\n<h2 class=\"wp-block-heading\">Et fremtidig samfunn i st\u00f8peskjeen<\/h2>\n\n\n\n<p>Musk har ambisjoner om \u00e5 skape et <strong>selvforsynt samfunn<\/strong>, og et slikt prosjekt kan potensielt sette en ny standard for hvordan teknologi og b\u00e6rekraft kan kombineres i fremtidige byer. Med SpaceX som drivkraft, er det mulig at en slik by vil bringe nye muligheter for innovasjon og arbeid. Selv om milj\u00f8utfordringene kan v\u00e6re betydelige, er dette likevel et prosjekt som kan endre hvordan vi ser p\u00e5 byutvikling i fremtiden.<\/p>\n\n\n\n<h2 class=\"wp-block-heading\">Oppsummering<\/h2>\n\n\n\n<p>Musk sine planer om \u00e5 bygge en by i Texas er et spennende og kontroversielt prosjekt som kan ha b\u00e5de positive og negative konsekvenser. Mens det kan bli et nytt <strong>teknologisk knutepunkt<\/strong>, er det viktig at prosjektet vurderes n\u00f8ye, spesielt med tanke p\u00e5 <strong>milj\u00f8p\u00e5virkningen<\/strong>. Det blir interessant \u00e5 se hvordan dette utvikler seg, og om Musk kan balansere <strong>innovasjon<\/strong> og <strong>b\u00e6rekraft<\/strong> p\u00e5 en m\u00e5te som gj\u00f8r dette til en vellykket fremtidig modell for byutvikling.<\/p>\n","protected":false},"excerpt":{"rendered":"<p>Elon Musk har nylig kunngjort at han har planer om \u00e5 bygge en by rundt<\/p>\n","protected":false},"author":3,"featured_media":4516,"comment_status":"closed","ping_status":"open","sticky":false,"template":"","format":"standard","meta":{"footnotes":""},"categories":[1287],"tags":[],"class_list":["post-4515","post","type-post","status-publish","format-standard","has-post-thumbnail","hentry","category-nyheter","generate-columns","tablet-grid-50","mobile-grid-100","grid-parent","grid-33","resize-featured-image"],"yoast_head":"<!-- This site is optimized with the Yoast SEO plugin v24.4 - https:\/\/yoast.com\/wordpress\/plugins\/seo\/ -->\n<title>Elon Musk har planer om \u00e5 bygge sin egen by i Texas - Nordnesrepublikken<\/title>\n<meta name=\"robots\" content=\"index, follow, max-snippet:-1, max-image-preview:large, max-video-preview:-1\" \/>\n<link rel=\"canonical\" href=\"https:\/\/nordnesrepublikken.no\/index.php\/2025\/05\/14\/elon-musk-har-planer-om-a-bygge-sin-egen-by-i-texas\/\" \/>\n<meta property=\"og:locale\" content=\"nb_NO\" \/>\n<meta property=\"og:type\" content=\"article\" \/>\n<meta property=\"og:title\" content=\"Elon Musk har planer om \u00e5 bygge sin egen by i Texas - Nordnesrepublikken\" \/>\n<meta property=\"og:description\" content=\"Elon Musk har nylig kunngjort at han har planer om \u00e5 bygge en by rundt\" \/>\n<meta property=\"og:url\" content=\"https:\/\/nordnesrepublikken.no\/index.php\/2025\/05\/14\/elon-musk-har-planer-om-a-bygge-sin-egen-by-i-texas\/\" \/>\n<meta property=\"og:site_name\" content=\"Nordnesrepublikken\" \/>\n<meta property=\"article:published_time\" content=\"2025-05-14T06:00:00+00:00\" \/>\n<meta property=\"og:image\" content=\"https:\/\/nordnesrepublikken.no\/wp-content\/uploads\/2025\/05\/28.jpg\" \/>\n\t<meta property=\"og:image:width\" content=\"1200\" \/>\n\t<meta property=\"og:image:height\" content=\"800\" \/>\n\t<meta property=\"og:image:type\" content=\"image\/jpeg\" \/>\n<meta name=\"author\" content=\"Veronika Andersen\" \/>\n<meta name=\"twitter:card\" content=\"summary_large_image\" \/>\n<meta name=\"twitter:label1\" content=\"Skrevet av\" \/>\n\t<meta name=\"twitter:data1\" content=\"Veronika Andersen\" \/>\n\t<meta name=\"twitter:label2\" content=\"Ansl. lesetid\" \/>\n\t<meta name=\"twitter:data2\" content=\"3 minutter\" \/>\n<script type=\"application\/ld+json\" class=\"yoast-schema-graph\">{\"@context\":\"https:\/\/schema.org\",\"@graph\":[{\"@type\":\"Article\",\"@id\":\"https:\/\/nordnesrepublikken.no\/index.php\/2025\/05\/14\/elon-musk-har-planer-om-a-bygge-sin-egen-by-i-texas\/#article\",\"isPartOf\":{\"@id\":\"https:\/\/nordnesrepublikken.no\/index.php\/2025\/05\/14\/elon-musk-har-planer-om-a-bygge-sin-egen-by-i-texas\/\"},\"author\":{\"name\":\"Veronika Andersen\",\"@id\":\"https:\/\/nordnesrepublikken.no\/#\/schema\/person\/abc03aa5515ba36093b3017e37d518c8\"},\"headline\":\"Elon Musk har planer om \u00e5 bygge sin egen by i Texas\",\"datePublished\":\"2025-05-14T06:00:00+00:00\",\"mainEntityOfPage\":{\"@id\":\"https:\/\/nordnesrepublikken.no\/index.php\/2025\/05\/14\/elon-musk-har-planer-om-a-bygge-sin-egen-by-i-texas\/\"},\"wordCount\":522,\"publisher\":{\"@id\":\"https:\/\/nordnesrepublikken.no\/#organization\"},\"image\":{\"@id\":\"https:\/\/nordnesrepublikken.no\/index.php\/2025\/05\/14\/elon-musk-har-planer-om-a-bygge-sin-egen-by-i-texas\/#primaryimage\"},\"thumbnailUrl\":\"https:\/\/nordnesrepublikken.no\/wp-content\/uploads\/2025\/05\/28.jpg\",\"articleSection\":[\"Nyheter\"],\"inLanguage\":\"nb-NO\"},{\"@type\":\"WebPage\",\"@id\":\"https:\/\/nordnesrepublikken.no\/index.php\/2025\/05\/14\/elon-musk-har-planer-om-a-bygge-sin-egen-by-i-texas\/\",\"url\":\"https:\/\/nordnesrepublikken.no\/index.php\/2025\/05\/14\/elon-musk-har-planer-om-a-bygge-sin-egen-by-i-texas\/\",\"name\":\"Elon Musk har planer om \u00e5 bygge sin egen by i Texas - Nordnesrepublikken\",\"isPartOf\":{\"@id\":\"https:\/\/nordnesrepublikken.no\/#website\"},\"primaryImageOfPage\":{\"@id\":\"https:\/\/nordnesrepublikken.no\/index.php\/2025\/05\/14\/elon-musk-har-planer-om-a-bygge-sin-egen-by-i-texas\/#primaryimage\"},\"image\":{\"@id\":\"https:\/\/nordnesrepublikken.no\/index.php\/2025\/05\/14\/elon-musk-har-planer-om-a-bygge-sin-egen-by-i-texas\/#primaryimage\"},\"thumbnailUrl\":\"https:\/\/nordnesrepublikken.no\/wp-content\/uploads\/2025\/05\/28.jpg\",\"datePublished\":\"2025-05-14T06:00:00+00:00\",\"breadcrumb\":{\"@id\":\"https:\/\/nordnesrepublikken.no\/index.php\/2025\/05\/14\/elon-musk-har-planer-om-a-bygge-sin-egen-by-i-texas\/#breadcrumb\"},\"inLanguage\":\"nb-NO\",\"potentialAction\":[{\"@type\":\"ReadAction\",\"target\":[\"https:\/\/nordnesrepublikken.no\/index.php\/2025\/05\/14\/elon-musk-har-planer-om-a-bygge-sin-egen-by-i-texas\/\"]}]},{\"@type\":\"ImageObject\",\"inLanguage\":\"nb-NO\",\"@id\":\"https:\/\/nordnesrepublikken.no\/index.php\/2025\/05\/14\/elon-musk-har-planer-om-a-bygge-sin-egen-by-i-texas\/#primaryimage\",\"url\":\"https:\/\/nordnesrepublikken.no\/wp-content\/uploads\/2025\/05\/28.jpg\",\"contentUrl\":\"https:\/\/nordnesrepublikken.no\/wp-content\/uploads\/2025\/05\/28.jpg\",\"width\":1200,\"height\":800,\"caption\":\"Elon Musk har planer om \u00e5 bygge sin egen by i Texas\"},{\"@type\":\"BreadcrumbList\",\"@id\":\"https:\/\/nordnesrepublikken.no\/index.php\/2025\/05\/14\/elon-musk-har-planer-om-a-bygge-sin-egen-by-i-texas\/#breadcrumb\",\"itemListElement\":[{\"@type\":\"ListItem\",\"position\":1,\"name\":\"Home\",\"item\":\"https:\/\/nordnesrepublikken.no\/\"},{\"@type\":\"ListItem\",\"position\":2,\"name\":\"Elon Musk har planer om \u00e5 bygge sin egen by i Texas\"}]},{\"@type\":\"WebSite\",\"@id\":\"https:\/\/nordnesrepublikken.no\/#website\",\"url\":\"https:\/\/nordnesrepublikken.no\/\",\"name\":\"Nordnesrepublikken\",\"description\":\"Stemmer og Visjoner fra Republikkens Hjerte\",\"publisher\":{\"@id\":\"https:\/\/nordnesrepublikken.no\/#organization\"},\"potentialAction\":[{\"@type\":\"SearchAction\",\"target\":{\"@type\":\"EntryPoint\",\"urlTemplate\":\"https:\/\/nordnesrepublikken.no\/?s={search_term_string}\"},\"query-input\":{\"@type\":\"PropertyValueSpecification\",\"valueRequired\":true,\"valueName\":\"search_term_string\"}}],\"inLanguage\":\"nb-NO\"},{\"@type\":\"Organization\",\"@id\":\"https:\/\/nordnesrepublikken.no\/#organization\",\"name\":\"Nordnesrepublikken\",\"url\":\"https:\/\/nordnesrepublikken.no\/\",\"logo\":{\"@type\":\"ImageObject\",\"inLanguage\":\"nb-NO\",\"@id\":\"https:\/\/nordnesrepublikken.no\/#\/schema\/logo\/image\/\",\"url\":\"https:\/\/nordnesrepublikken.no\/wp-content\/uploads\/2025\/02\/cropped-nordnesrepublikken-2.png\",\"contentUrl\":\"https:\/\/nordnesrepublikken.no\/wp-content\/uploads\/2025\/02\/cropped-nordnesrepublikken-2.png\",\"width\":1248,\"height\":362,\"caption\":\"Nordnesrepublikken\"},\"image\":{\"@id\":\"https:\/\/nordnesrepublikken.no\/#\/schema\/logo\/image\/\"}},{\"@type\":\"Person\",\"@id\":\"https:\/\/nordnesrepublikken.no\/#\/schema\/person\/abc03aa5515ba36093b3017e37d518c8\",\"name\":\"Veronika Andersen\",\"image\":{\"@type\":\"ImageObject\",\"inLanguage\":\"nb-NO\",\"@id\":\"https:\/\/nordnesrepublikken.no\/#\/schema\/person\/image\/\",\"url\":\"https:\/\/secure.gravatar.com\/avatar\/d1f3c7e776e49a5853ff59ce440b9546c800cd0512bce7cc678bde63dec47a39?s=96&d=mm&r=g\",\"contentUrl\":\"https:\/\/secure.gravatar.com\/avatar\/d1f3c7e776e49a5853ff59ce440b9546c800cd0512bce7cc678bde63dec47a39?s=96&d=mm&r=g\",\"caption\":\"Veronika Andersen\"},\"sameAs\":[\"https:\/\/nordnesrepublikken.no\/\"]}]}<\/script>\n<!-- \/ Yoast SEO plugin. -->","yoast_head_json":{"title":"Elon Musk har planer om \u00e5 bygge sin egen by i Texas - Nordnesrepublikken","robots":{"index":"index","follow":"follow","max-snippet":"max-snippet:-1","max-image-preview":"max-image-preview:large","max-video-preview":"max-video-preview:-1"},"canonical":"https:\/\/nordnesrepublikken.no\/index.php\/2025\/05\/14\/elon-musk-har-planer-om-a-bygge-sin-egen-by-i-texas\/","og_locale":"nb_NO","og_type":"article","og_title":"Elon Musk har planer om \u00e5 bygge sin egen by i Texas - Nordnesrepublikken","og_description":"Elon Musk har nylig kunngjort at han har planer om \u00e5 bygge en by rundt","og_url":"https:\/\/nordnesrepublikken.no\/index.php\/2025\/05\/14\/elon-musk-har-planer-om-a-bygge-sin-egen-by-i-texas\/","og_site_name":"Nordnesrepublikken","article_published_time":"2025-05-14T06:00:00+00:00","og_image":[{"width":1200,"height":800,"url":"https:\/\/nordnesrepublikken.no\/wp-content\/uploads\/2025\/05\/28.jpg","type":"image\/jpeg"}],"author":"Veronika Andersen","twitter_card":"summary_large_image","twitter_misc":{"Skrevet av":"Veronika Andersen","Ansl. lesetid":"3 minutter"},"schema":{"@context":"https:\/\/schema.org","@graph":[{"@type":"Article","@id":"https:\/\/nordnesrepublikken.no\/index.php\/2025\/05\/14\/elon-musk-har-planer-om-a-bygge-sin-egen-by-i-texas\/#article","isPartOf":{"@id":"https:\/\/nordnesrepublikken.no\/index.php\/2025\/05\/14\/elon-musk-har-planer-om-a-bygge-sin-egen-by-i-texas\/"},"author":{"name":"Veronika Andersen","@id":"https:\/\/nordnesrepublikken.no\/#\/schema\/person\/abc03aa5515ba36093b3017e37d518c8"},"headline":"Elon Musk har planer om \u00e5 bygge sin egen by i Texas","datePublished":"2025-05-14T06:00:00+00:00","mainEntityOfPage":{"@id":"https:\/\/nordnesrepublikken.no\/index.php\/2025\/05\/14\/elon-musk-har-planer-om-a-bygge-sin-egen-by-i-texas\/"},"wordCount":522,"publisher":{"@id":"https:\/\/nordnesrepublikken.no\/#organization"},"image":{"@id":"https:\/\/nordnesrepublikken.no\/index.php\/2025\/05\/14\/elon-musk-har-planer-om-a-bygge-sin-egen-by-i-texas\/#primaryimage"},"thumbnailUrl":"https:\/\/nordnesrepublikken.no\/wp-content\/uploads\/2025\/05\/28.jpg","articleSection":["Nyheter"],"inLanguage":"nb-NO"},{"@type":"WebPage","@id":"https:\/\/nordnesrepublikken.no\/index.php\/2025\/05\/14\/elon-musk-har-planer-om-a-bygge-sin-egen-by-i-texas\/","url":"https:\/\/nordnesrepublikken.no\/index.php\/2025\/05\/14\/elon-musk-har-planer-om-a-bygge-sin-egen-by-i-texas\/","name":"Elon Musk har planer om \u00e5 bygge sin egen by i Texas - Nordnesrepublikken","isPartOf":{"@id":"https:\/\/nordnesrepublikken.no\/#website"},"primaryImageOfPage":{"@id":"https:\/\/nordnesrepublikken.no\/index.php\/2025\/05\/14\/elon-musk-har-planer-om-a-bygge-sin-egen-by-i-texas\/#primaryimage"},"image":{"@id":"https:\/\/nordnesrepublikken.no\/index.php\/2025\/05\/14\/elon-musk-har-planer-om-a-bygge-sin-egen-by-i-texas\/#primaryimage"},"thumbnailUrl":"https:\/\/nordnesrepublikken.no\/wp-content\/uploads\/2025\/05\/28.jpg","datePublished":"2025-05-14T06:00:00+00:00","breadcrumb":{"@id":"https:\/\/nordnesrepublikken.no\/index.php\/2025\/05\/14\/elon-musk-har-planer-om-a-bygge-sin-egen-by-i-texas\/#breadcrumb"},"inLanguage":"nb-NO","potentialAction":[{"@type":"ReadAction","target":["https:\/\/nordnesrepublikken.no\/index.php\/2025\/05\/14\/elon-musk-har-planer-om-a-bygge-sin-egen-by-i-texas\/"]}]},{"@type":"ImageObject","inLanguage":"nb-NO","@id":"https:\/\/nordnesrepublikken.no\/index.php\/2025\/05\/14\/elon-musk-har-planer-om-a-bygge-sin-egen-by-i-texas\/#primaryimage","url":"https:\/\/nordnesrepublikken.no\/wp-content\/uploads\/2025\/05\/28.jpg","contentUrl":"https:\/\/nordnesrepublikken.no\/wp-content\/uploads\/2025\/05\/28.jpg","width":1200,"height":800,"caption":"Elon Musk har planer om \u00e5 bygge sin egen by i Texas"},{"@type":"BreadcrumbList","@id":"https:\/\/nordnesrepublikken.no\/index.php\/2025\/05\/14\/elon-musk-har-planer-om-a-bygge-sin-egen-by-i-texas\/#breadcrumb","itemListElement":[{"@type":"ListItem","position":1,"name":"Home","item":"https:\/\/nordnesrepublikken.no\/"},{"@type":"ListItem","position":2,"name":"Elon Musk har planer om \u00e5 bygge sin egen by i Texas"}]},{"@type":"WebSite","@id":"https:\/\/nordnesrepublikken.no\/#website","url":"https:\/\/nordnesrepublikken.no\/","name":"Nordnesrepublikken","description":"Stemmer og Visjoner fra Republikkens Hjerte","publisher":{"@id":"https:\/\/nordnesrepublikken.no\/#organization"},"potentialAction":[{"@type":"SearchAction","target":{"@type":"EntryPoint","urlTemplate":"https:\/\/nordnesrepublikken.no\/?s={search_term_string}"},"query-input":{"@type":"PropertyValueSpecification","valueRequired":true,"valueName":"search_term_string"}}],"inLanguage":"nb-NO"},{"@type":"Organization","@id":"https:\/\/nordnesrepublikken.no\/#organization","name":"Nordnesrepublikken","url":"https:\/\/nordnesrepublikken.no\/","logo":{"@type":"ImageObject","inLanguage":"nb-NO","@id":"https:\/\/nordnesrepublikken.no\/#\/schema\/logo\/image\/","url":"https:\/\/nordnesrepublikken.no\/wp-content\/uploads\/2025\/02\/cropped-nordnesrepublikken-2.png","contentUrl":"https:\/\/nordnesrepublikken.no\/wp-content\/uploads\/2025\/02\/cropped-nordnesrepublikken-2.png","width":1248,"height":362,"caption":"Nordnesrepublikken"},"image":{"@id":"https:\/\/nordnesrepublikken.no\/#\/schema\/logo\/image\/"}},{"@type":"Person","@id":"https:\/\/nordnesrepublikken.no\/#\/schema\/person\/abc03aa5515ba36093b3017e37d518c8","name":"Veronika Andersen","image":{"@type":"ImageObject","inLanguage":"nb-NO","@id":"https:\/\/nordnesrepublikken.no\/#\/schema\/person\/image\/","url":"https:\/\/secure.gravatar.com\/avatar\/d1f3c7e776e49a5853ff59ce440b9546c800cd0512bce7cc678bde63dec47a39?s=96&d=mm&r=g","contentUrl":"https:\/\/secure.gravatar.com\/avatar\/d1f3c7e776e49a5853ff59ce440b9546c800cd0512bce7cc678bde63dec47a39?s=96&d=mm&r=g","caption":"Veronika Andersen"},"sameAs":["https:\/\/nordnesrepublikken.no\/"]}]}},"_links":{"self":[{"href":"https:\/\/nordnesrepublikken.no\/index.php\/wp-json\/wp\/v2\/posts\/4515","targetHints":{"allow":["GET"]}}],"collection":[{"href":"https:\/\/nordnesrepublikken.no\/index.php\/wp-json\/wp\/v2\/posts"}],"about":[{"href":"https:\/\/nordnesrepublikken.no\/index.php\/wp-json\/wp\/v2\/types\/post"}],"author":[{"embeddable":true,"href":"https:\/\/nordnesrepublikken.no\/index.php\/wp-json\/wp\/v2\/users\/3"}],"replies":[{"embeddable":true,"href":"https:\/\/nordnesrepublikken.no\/index.php\/wp-json\/wp\/v2\/comments?post=4515"}],"version-history":[{"count":1,"href":"https:\/\/nordnesrepublikken.no\/index.php\/wp-json\/wp\/v2\/posts\/4515\/revisions"}],"predecessor-version":[{"id":4517,"href":"https:\/\/nordnesrepublikken.no\/index.php\/wp-json\/wp\/v2\/posts\/4515\/revisions\/4517"}],"wp:featuredmedia":[{"embeddable":true,"href":"https:\/\/nordnesrepublikken.no\/index.php\/wp-json\/wp\/v2\/media\/4516"}],"wp:attachment":[{"href":"https:\/\/nordnesrepublikken.no\/index.php\/wp-json\/wp\/v2\/media?parent=4515"}],"wp:term":[{"taxonomy":"category","embeddable":true,"href":"https:\/\/nordnesrepublikken.no\/index.php\/wp-json\/wp\/v2\/categories?post=4515"},{"taxonomy":"post_tag","embeddable":true,"href":"https:\/\/nordnesrepublikken.no\/index.php\/wp-json\/wp\/v2\/tags?post=4515"}],"curies":[{"name":"wp","href":"https:\/\/api.w.org\/{rel}","templated":true}]}}