{"id":4508,"date":"2025-05-13T05:49:51","date_gmt":"2025-05-13T03:49:51","guid":{"rendered":"https:\/\/nordnesrepublikken.no\/index.php\/2025\/05\/13\/for-i-italia-feires-det-ikke-lenger-8-mai\/"},"modified":"2025-05-13T05:50:00","modified_gmt":"2025-05-13T03:50:00","slug":"for-i-italia-feires-det-ikke-lenger-8-mai","status":"publish","type":"post","link":"https:\/\/nordnesrepublikken.no\/index.php\/2025\/05\/13\/for-i-italia-feires-det-ikke-lenger-8-mai\/","title":{"rendered":"For i Italia feires det ikke lenger 8. mai"},"content":{"rendered":"<div>\n<div class=\"cp_wrapper cp_wrapper--fw mb-30 mb-20@tablet\">\n<figure class=\"mm\"><picture class=\"img\" style=\"padding-top:56.25%\"><source  media=\"(min-width: 1024px)\"><source  media=\"(min-width: 768px)\"><\/source><\/source><\/picture><\/figure>\n<\/p><\/div>\n<p>Forslaget om \u00e5 offisielt feire mors figur med &laquo;<strong>Morsdag<\/strong>&laquo;, allerede feiret av eldgamle tider fra <strong>Gresk <\/strong>Og<strong> Romere<\/strong>stammer offisielt tilbake til <strong>Midt -1800 -tallet<\/strong>n\u00e5r den amerikanske pasifisten <strong>Ann Reeves Jarvis<\/strong> Han pr\u00f8vde \u00e5 samle nordistene og s\u00f8rhistoriske m\u00f8dre etter borgerkrigen, og organiserte for deres muligheter for \u00e5 m\u00f8te. Datteren hans, p\u00e5 begynnelsen av 1900 -tallet, gjorde festen til en skikk til <strong>President Thomas Woodrow Wilson<\/strong> ikke offisielle det for <strong>Andre s\u00f8ndag i mai<\/strong>. I Italia er fortjenesten med introduksjonen av dette partiet av skolesjefen<strong> Emma Lubian Missiaia<\/strong> som i 1956, i Brescia, bestemte seg for \u00e5 bringe partiet til instituttet. \u00c5ret etter <strong>Don Otello Miglosi<\/strong> Han foreslo \u00e5 observere partiet ogs\u00e5 fra et religi\u00f8st synspunkt: i noen tid var datoen valgt<strong>8. mai<\/strong> Og s\u00e5, <strong>I 2001<\/strong>det ble offisielt fikset av tilpasset <strong>Andre s\u00f8ndag i m\u00e5neden<\/strong>faller dette \u00e5ret 11. mai.<\/p>\n<h2>Morsdag, unnfanget i Amerika p\u00e5 midten av 1900 -tallet<\/h2>\n<p>Morsdag har <b>Ancient Origins<\/b>: Allerede jeg <b>Gresk <\/b>Han er <b>Romere<\/b> De feiret moder jorden med<b> Ritualer og feiringer<\/b>. Grekerne dedikert til morens figur en dag i \u00e5ret, i anledning feiringen av <b>Goddess Rea<\/b>mor til alle guder. Romerne fikk i stedet feiringen sammenfaller med ritualene for <b>Cybele<\/b>symbol p\u00e5 natur og mor til mennesker og guder. Begge disse feiringene fant sted i <b>v\u00e5r<\/b>n\u00e5r naturen v\u00e5kner og gjenf\u00f8dt, som for \u00e5 uttrykke livets opprinnelse.<\/p>\n<p>Der <b>Morsdag<\/b> Som vi kjenner det i dag, har det sin opprinnelse i Amerika, i l\u00f8pet av 60 -tallet av<b>800<\/b>umiddelbart etter <strong>L\u00f8srivelse krig<\/strong><b> <\/b>(1861-1865): I denne perioden er barned\u00f8deligheten, spesielt p\u00e5 landsbygda, veldig h\u00f8y, p\u00e5 grunn av de prek\u00e6re forholdene vi bodde i krig og melkeforurensning. Nettopp i denne sammenhengen, pasifisten <strong>Ann Reeves Jarvis<\/strong><b> <\/b>Han bestemmer seg for \u00e5 organisere muligheter for m\u00f8te som piknik og feiringer mellom m\u00f8dre som under krigen mellom Nordist og Southerners hadde v\u00e6rt av forskjellige fraksjoner.<\/p>\n<p>Der<b> kvinnelig figur<\/b>og spesielt det <b>mors<\/b>i disse \u00e5rene blir han ansett som av stor betydning i pacification -prosessen, s\u00e5 mye at i 1870, <strong>Julia Ward Howe<\/strong>  &#8211; aktivist og poet &#8211; skriver traktaten <em>&laquo;&raquo;<b>Morsdags proklamasjon<\/b>&laquo;&raquo;<\/em>som oppfordrer kvinner, og spesielt m\u00f8dre, til \u00e5 ta en aktiv rolle. Ann Reeves Jarvis d\u00f8r <b>9. mai 1905<\/b> Og bevisstheten -Registrer handlinger som de har sl\u00e5tt, bringer sine egne <b>datteren Anna<\/b> \u00e5 foresl\u00e5, i 1908, <b>Et ekte parti<\/b>som er satt 10. mai, n\u00e6r dagen for Ann Reeves Jarvis.<\/p>\n<p>Fra det \u00f8yeblikket begynner feiringen \u00e5 ta tak med betydelig suksess, til <b>President Woodrow Wilson<\/b> \u00e5 formalisere festen i <b>1914<\/b>. Datoen er etablert, etter tilpasset, <b>Andre s\u00f8ndag i mai<\/b>for \u00e5 huske den f\u00f8rste promot\u00f8ren av dette initiativet. Anna vil kjempe i lang tid for <b>Unng\u00e5 kommersiell utnyttelse <\/b>fra <b>Morsdag<\/b>husket hvorfor moren hans \u00f8nsket \u00e5 f\u00e5 oppmerksomhet til mors figur i sin rolle som <b>harmonisering<\/b>evne til <b>forst\u00e5else og tiln\u00e6rming <\/b>Selv i \u00f8yeblikk av vanskeligheter.<\/p>\n<h2>Morsdag i Italia<\/h2>\n<p><b>Emma Lubian Missiaia<\/b>direkt\u00f8ren for<b> Civic School &laquo;Angela Contini<\/b>&laquo;Av Brescia bestemte han seg i 1952 \u00e5 ogs\u00e5 introdusere partiet som er s\u00e5 vellykket i Amerika i Italia for Italia <b>Feir og forbedrer morsrollen<\/b>. Emma er av tysk opprinnelse og i Tyskland, <b>Festen har blitt feiret siden 1923<\/b>: Lederen innser den dype fordelen som potensielt kan f\u00e5 oppmerksomhet til mors figur, <b>Spesielt etter krigen<\/b>periode hvor vi takler en dyp gjenoppbygging av det italienske sosiale og kulturelle stoffet. Opprinnelig finner han rundt seg flere motstand, spesielt fra kolleger og kolleger, men klarer deretter \u00e5 hevde seg: ordf\u00f8reren i Brescia godkjenner partiet, og st\u00f8tter Missiaia med kommunenes bidrag. Den f\u00f8rste feiringen er riktig for<strong>8. mai<\/strong>: M\u00f8drene til Contini Institute f\u00e5r en <strong>r\u00f8d rose<\/strong> sammen med en liten gave fra studentene. Emma mottar<b> dusinvis av entusiastiske bokstaver<\/b> Fra m\u00f8dre og skole og skole, som nylig ble funnet.<\/p>\n<div class=\"cp_wrapper cp_wrapper--fw mb-50\">\n<figure class=\"mm\"><picture class=\"img\" style=\"padding-top:132.07762557078%\"><source  media=\"(min-width: 1024px)\"><source  media=\"(min-width: 768px)\"><img decoding=\"async\" loading=\"lazy\" src=\"https:\/\/nordnesrepublikken.no\/wp-content\/uploads\/2025\/05\/For-i-Italia-feires-det-ikke-lenger-8-mai.jpeg\" alt=\"Morsdagsbrev\" width=\"876\" height=\"1157\"><\/source><\/source><\/picture><\/figure>\n<\/p><\/div>\n<h2>Morsdagsdatoer: 8. mai eller andre s\u00f8ndag i m\u00e5neden<\/h2>\n<p>I <strong>1957<\/strong> <strong>Don Otello Miglosi<\/strong>sokneprest i Assisi -omr\u00e5det, foresl\u00e5r \u00e5 feire mor ikke bare som en grunnleggende skikkelse i familien og i samfunnet, men ogs\u00e5 for hans <strong>religi\u00f8s verdi og av sterk \u00e5ndelig og interkonfeksjonell verdi<\/strong>. Mai er ogs\u00e5 <strong>Marian m\u00e5ned<\/strong>som ser <strong>Madonna<\/strong> som en mors skikkelse par excellence.<\/p>\n<p>Datoen, <strong>Opprinnelig satt til 8. mai<\/strong> &#8211; B\u00e5de for den f\u00f8rste feiringen i Brescia, og for den religi\u00f8se samtiden med feiringen <strong>Rosario di Pompeii<\/strong> &#8211; I 2001 ble det en h\u00f8ytid offisielt av tilpasset <strong>Andre s\u00f8ndag i m\u00e5neden<\/strong>.<\/p>\n<p>I 1958 ble festivalen ogs\u00e5 et sivil jubileum <strong>Senator Raul Zaccari<\/strong>da ordf\u00f8rer i Bordighera, i Liguria: Zaccari, i tillegg til \u00e5 bringe feiringen til byen hans, presenterer en regning for <strong>institusjonalisere partiet<\/strong>. Forslaget er ikke akseptert: Bare i fjor, i 2024, ble tegningen dukket opp igjen b\u00e5de for <strong>Morsdag det for faren<\/strong>.<\/p>\n<\/p><\/div>\n","protected":false},"excerpt":{"rendered":"<p>Forslaget om \u00e5 offisielt feire mors figur med &laquo;Morsdag&laquo;, allerede feiret av eldgamle tider fra<\/p>\n","protected":false},"author":1,"featured_media":4509,"comment_status":"closed","ping_status":"open","sticky":false,"template":"","format":"standard","meta":{"footnotes":""},"categories":[104],"tags":[66,102,187,437,1909,2397],"class_list":["post-4508","post","type-post","status-publish","format-standard","has-post-thumbnail","hentry","category-samfunn","tag-det","tag-feires","tag-ikke","tag-italia","tag-lenger","tag-mai","generate-columns","tablet-grid-50","mobile-grid-100","grid-parent","grid-33","resize-featured-image"],"yoast_head":"<!-- This site is optimized with the Yoast SEO plugin v24.4 - https:\/\/yoast.com\/wordpress\/plugins\/seo\/ -->\n<title>For i Italia feires det ikke lenger 8. mai - Nordnesrepublikken<\/title>\n<meta name=\"robots\" content=\"index, follow, max-snippet:-1, max-image-preview:large, max-video-preview:-1\" \/>\n<link rel=\"canonical\" href=\"https:\/\/nordnesrepublikken.no\/index.php\/2025\/05\/13\/for-i-italia-feires-det-ikke-lenger-8-mai\/\" \/>\n<meta property=\"og:locale\" content=\"nb_NO\" \/>\n<meta property=\"og:type\" content=\"article\" \/>\n<meta property=\"og:title\" content=\"For i Italia feires det ikke lenger 8. mai - Nordnesrepublikken\" \/>\n<meta property=\"og:description\" content=\"Forslaget om \u00e5 offisielt feire mors figur med &laquo;Morsdag&laquo;, allerede feiret av eldgamle tider fra\" \/>\n<meta property=\"og:url\" content=\"https:\/\/nordnesrepublikken.no\/index.php\/2025\/05\/13\/for-i-italia-feires-det-ikke-lenger-8-mai\/\" \/>\n<meta property=\"og:site_name\" content=\"Nordnesrepublikken\" \/>\n<meta property=\"article:published_time\" content=\"2025-05-13T03:49:51+00:00\" \/>\n<meta property=\"article:modified_time\" content=\"2025-05-13T03:50:00+00:00\" \/>\n<meta property=\"og:image\" content=\"https:\/\/nordnesrepublikken.no\/wp-content\/uploads\/2025\/05\/1747108193_For-i-Italia-feires-det-ikke-lenger-8-mai-scaled.jpg\" \/>\n\t<meta property=\"og:image:width\" content=\"2560\" \/>\n\t<meta property=\"og:image:height\" content=\"1707\" \/>\n\t<meta property=\"og:image:type\" content=\"image\/jpeg\" \/>\n<meta name=\"author\" content=\"Ole Andersen\" \/>\n<meta name=\"twitter:card\" content=\"summary_large_image\" \/>\n<meta name=\"twitter:label1\" content=\"Skrevet av\" \/>\n\t<meta name=\"twitter:data1\" content=\"Ole Andersen\" \/>\n\t<meta name=\"twitter:label2\" content=\"Ansl. lesetid\" \/>\n\t<meta name=\"twitter:data2\" content=\"4 minutter\" \/>\n<script type=\"application\/ld+json\" class=\"yoast-schema-graph\">{\"@context\":\"https:\/\/schema.org\",\"@graph\":[{\"@type\":\"Article\",\"@id\":\"https:\/\/nordnesrepublikken.no\/index.php\/2025\/05\/13\/for-i-italia-feires-det-ikke-lenger-8-mai\/#article\",\"isPartOf\":{\"@id\":\"https:\/\/nordnesrepublikken.no\/index.php\/2025\/05\/13\/for-i-italia-feires-det-ikke-lenger-8-mai\/\"},\"author\":{\"name\":\"Ole Andersen\",\"@id\":\"https:\/\/nordnesrepublikken.no\/#\/schema\/person\/2e7e81935bab77882fffb79296240ff1\"},\"headline\":\"For i Italia feires det ikke lenger 8. mai\",\"datePublished\":\"2025-05-13T03:49:51+00:00\",\"dateModified\":\"2025-05-13T03:50:00+00:00\",\"mainEntityOfPage\":{\"@id\":\"https:\/\/nordnesrepublikken.no\/index.php\/2025\/05\/13\/for-i-italia-feires-det-ikke-lenger-8-mai\/\"},\"wordCount\":775,\"publisher\":{\"@id\":\"https:\/\/nordnesrepublikken.no\/#organization\"},\"image\":{\"@id\":\"https:\/\/nordnesrepublikken.no\/index.php\/2025\/05\/13\/for-i-italia-feires-det-ikke-lenger-8-mai\/#primaryimage\"},\"thumbnailUrl\":\"https:\/\/nordnesrepublikken.no\/wp-content\/uploads\/2025\/05\/1747108193_For-i-Italia-feires-det-ikke-lenger-8-mai-scaled.jpg\",\"keywords\":[\"Det\",\"feires\",\"ikke\",\"Italia\",\"lenger\",\"mai\"],\"articleSection\":[\"Samfunn\"],\"inLanguage\":\"nb-NO\"},{\"@type\":\"WebPage\",\"@id\":\"https:\/\/nordnesrepublikken.no\/index.php\/2025\/05\/13\/for-i-italia-feires-det-ikke-lenger-8-mai\/\",\"url\":\"https:\/\/nordnesrepublikken.no\/index.php\/2025\/05\/13\/for-i-italia-feires-det-ikke-lenger-8-mai\/\",\"name\":\"For i Italia feires det ikke lenger 8. mai - Nordnesrepublikken\",\"isPartOf\":{\"@id\":\"https:\/\/nordnesrepublikken.no\/#website\"},\"primaryImageOfPage\":{\"@id\":\"https:\/\/nordnesrepublikken.no\/index.php\/2025\/05\/13\/for-i-italia-feires-det-ikke-lenger-8-mai\/#primaryimage\"},\"image\":{\"@id\":\"https:\/\/nordnesrepublikken.no\/index.php\/2025\/05\/13\/for-i-italia-feires-det-ikke-lenger-8-mai\/#primaryimage\"},\"thumbnailUrl\":\"https:\/\/nordnesrepublikken.no\/wp-content\/uploads\/2025\/05\/1747108193_For-i-Italia-feires-det-ikke-lenger-8-mai-scaled.jpg\",\"datePublished\":\"2025-05-13T03:49:51+00:00\",\"dateModified\":\"2025-05-13T03:50:00+00:00\",\"breadcrumb\":{\"@id\":\"https:\/\/nordnesrepublikken.no\/index.php\/2025\/05\/13\/for-i-italia-feires-det-ikke-lenger-8-mai\/#breadcrumb\"},\"inLanguage\":\"nb-NO\",\"potentialAction\":[{\"@type\":\"ReadAction\",\"target\":[\"https:\/\/nordnesrepublikken.no\/index.php\/2025\/05\/13\/for-i-italia-feires-det-ikke-lenger-8-mai\/\"]}]},{\"@type\":\"ImageObject\",\"inLanguage\":\"nb-NO\",\"@id\":\"https:\/\/nordnesrepublikken.no\/index.php\/2025\/05\/13\/for-i-italia-feires-det-ikke-lenger-8-mai\/#primaryimage\",\"url\":\"https:\/\/nordnesrepublikken.no\/wp-content\/uploads\/2025\/05\/1747108193_For-i-Italia-feires-det-ikke-lenger-8-mai-scaled.jpg\",\"contentUrl\":\"https:\/\/nordnesrepublikken.no\/wp-content\/uploads\/2025\/05\/1747108193_For-i-Italia-feires-det-ikke-lenger-8-mai-scaled.jpg\",\"width\":2560,\"height\":1707,\"caption\":\"festa della mamma\"},{\"@type\":\"BreadcrumbList\",\"@id\":\"https:\/\/nordnesrepublikken.no\/index.php\/2025\/05\/13\/for-i-italia-feires-det-ikke-lenger-8-mai\/#breadcrumb\",\"itemListElement\":[{\"@type\":\"ListItem\",\"position\":1,\"name\":\"Home\",\"item\":\"https:\/\/nordnesrepublikken.no\/\"},{\"@type\":\"ListItem\",\"position\":2,\"name\":\"For i Italia feires det ikke lenger 8. mai\"}]},{\"@type\":\"WebSite\",\"@id\":\"https:\/\/nordnesrepublikken.no\/#website\",\"url\":\"https:\/\/nordnesrepublikken.no\/\",\"name\":\"Nordnesrepublikken\",\"description\":\"Stemmer og Visjoner fra Republikkens Hjerte\",\"publisher\":{\"@id\":\"https:\/\/nordnesrepublikken.no\/#organization\"},\"potentialAction\":[{\"@type\":\"SearchAction\",\"target\":{\"@type\":\"EntryPoint\",\"urlTemplate\":\"https:\/\/nordnesrepublikken.no\/?s={search_term_string}\"},\"query-input\":{\"@type\":\"PropertyValueSpecification\",\"valueRequired\":true,\"valueName\":\"search_term_string\"}}],\"inLanguage\":\"nb-NO\"},{\"@type\":\"Organization\",\"@id\":\"https:\/\/nordnesrepublikken.no\/#organization\",\"name\":\"Nordnesrepublikken\",\"url\":\"https:\/\/nordnesrepublikken.no\/\",\"logo\":{\"@type\":\"ImageObject\",\"inLanguage\":\"nb-NO\",\"@id\":\"https:\/\/nordnesrepublikken.no\/#\/schema\/logo\/image\/\",\"url\":\"https:\/\/nordnesrepublikken.no\/wp-content\/uploads\/2025\/02\/cropped-nordnesrepublikken-2.png\",\"contentUrl\":\"https:\/\/nordnesrepublikken.no\/wp-content\/uploads\/2025\/02\/cropped-nordnesrepublikken-2.png\",\"width\":1248,\"height\":362,\"caption\":\"Nordnesrepublikken\"},\"image\":{\"@id\":\"https:\/\/nordnesrepublikken.no\/#\/schema\/logo\/image\/\"}},{\"@type\":\"Person\",\"@id\":\"https:\/\/nordnesrepublikken.no\/#\/schema\/person\/2e7e81935bab77882fffb79296240ff1\",\"name\":\"Ole Andersen\",\"image\":{\"@type\":\"ImageObject\",\"inLanguage\":\"nb-NO\",\"@id\":\"https:\/\/nordnesrepublikken.no\/#\/schema\/person\/image\/\",\"url\":\"https:\/\/nordnesrepublikken.no\/wp-content\/uploads\/2025\/02\/nordnesrepublikken-2-2-150x150.jpg\",\"contentUrl\":\"https:\/\/nordnesrepublikken.no\/wp-content\/uploads\/2025\/02\/nordnesrepublikken-2-2-150x150.jpg\",\"caption\":\"Ole Andersen\"},\"description\":\"Ettersom jeg vokste opp i Oslo, har jeg alltid v\u00e6rt fascinert av ordenes kraft og deres evne til \u00e5 skape endringer. Etter \u00e5 ha fullf\u00f8rt min utdannelse i kommunikasjon ved Universitetet i Bergen, fikk jeg muligheten til \u00e5 jobbe innen ulike medier, der jeg har s\u00f8kt \u00e5 belyse viktige samfunnssp\u00f8rsm\u00e5l. I dag, som redakt\u00f8r for Nordnesrepublikken, pr\u00f8ver jeg \u00e5 forene min kj\u00e6rlighet for journalistikk med min lidenskap for innovasjon og eventyr.\",\"sameAs\":[\"https:\/\/nordnesrepublikken.no\/\"]}]}<\/script>\n<!-- \/ Yoast SEO plugin. -->","yoast_head_json":{"title":"For i Italia feires det ikke lenger 8. mai - Nordnesrepublikken","robots":{"index":"index","follow":"follow","max-snippet":"max-snippet:-1","max-image-preview":"max-image-preview:large","max-video-preview":"max-video-preview:-1"},"canonical":"https:\/\/nordnesrepublikken.no\/index.php\/2025\/05\/13\/for-i-italia-feires-det-ikke-lenger-8-mai\/","og_locale":"nb_NO","og_type":"article","og_title":"For i Italia feires det ikke lenger 8. mai - Nordnesrepublikken","og_description":"Forslaget om \u00e5 offisielt feire mors figur med &laquo;Morsdag&laquo;, allerede feiret av eldgamle tider fra","og_url":"https:\/\/nordnesrepublikken.no\/index.php\/2025\/05\/13\/for-i-italia-feires-det-ikke-lenger-8-mai\/","og_site_name":"Nordnesrepublikken","article_published_time":"2025-05-13T03:49:51+00:00","article_modified_time":"2025-05-13T03:50:00+00:00","og_image":[{"width":2560,"height":1707,"url":"https:\/\/nordnesrepublikken.no\/wp-content\/uploads\/2025\/05\/1747108193_For-i-Italia-feires-det-ikke-lenger-8-mai-scaled.jpg","type":"image\/jpeg"}],"author":"Ole Andersen","twitter_card":"summary_large_image","twitter_misc":{"Skrevet av":"Ole Andersen","Ansl. lesetid":"4 minutter"},"schema":{"@context":"https:\/\/schema.org","@graph":[{"@type":"Article","@id":"https:\/\/nordnesrepublikken.no\/index.php\/2025\/05\/13\/for-i-italia-feires-det-ikke-lenger-8-mai\/#article","isPartOf":{"@id":"https:\/\/nordnesrepublikken.no\/index.php\/2025\/05\/13\/for-i-italia-feires-det-ikke-lenger-8-mai\/"},"author":{"name":"Ole Andersen","@id":"https:\/\/nordnesrepublikken.no\/#\/schema\/person\/2e7e81935bab77882fffb79296240ff1"},"headline":"For i Italia feires det ikke lenger 8. mai","datePublished":"2025-05-13T03:49:51+00:00","dateModified":"2025-05-13T03:50:00+00:00","mainEntityOfPage":{"@id":"https:\/\/nordnesrepublikken.no\/index.php\/2025\/05\/13\/for-i-italia-feires-det-ikke-lenger-8-mai\/"},"wordCount":775,"publisher":{"@id":"https:\/\/nordnesrepublikken.no\/#organization"},"image":{"@id":"https:\/\/nordnesrepublikken.no\/index.php\/2025\/05\/13\/for-i-italia-feires-det-ikke-lenger-8-mai\/#primaryimage"},"thumbnailUrl":"https:\/\/nordnesrepublikken.no\/wp-content\/uploads\/2025\/05\/1747108193_For-i-Italia-feires-det-ikke-lenger-8-mai-scaled.jpg","keywords":["Det","feires","ikke","Italia","lenger","mai"],"articleSection":["Samfunn"],"inLanguage":"nb-NO"},{"@type":"WebPage","@id":"https:\/\/nordnesrepublikken.no\/index.php\/2025\/05\/13\/for-i-italia-feires-det-ikke-lenger-8-mai\/","url":"https:\/\/nordnesrepublikken.no\/index.php\/2025\/05\/13\/for-i-italia-feires-det-ikke-lenger-8-mai\/","name":"For i Italia feires det ikke lenger 8. mai - Nordnesrepublikken","isPartOf":{"@id":"https:\/\/nordnesrepublikken.no\/#website"},"primaryImageOfPage":{"@id":"https:\/\/nordnesrepublikken.no\/index.php\/2025\/05\/13\/for-i-italia-feires-det-ikke-lenger-8-mai\/#primaryimage"},"image":{"@id":"https:\/\/nordnesrepublikken.no\/index.php\/2025\/05\/13\/for-i-italia-feires-det-ikke-lenger-8-mai\/#primaryimage"},"thumbnailUrl":"https:\/\/nordnesrepublikken.no\/wp-content\/uploads\/2025\/05\/1747108193_For-i-Italia-feires-det-ikke-lenger-8-mai-scaled.jpg","datePublished":"2025-05-13T03:49:51+00:00","dateModified":"2025-05-13T03:50:00+00:00","breadcrumb":{"@id":"https:\/\/nordnesrepublikken.no\/index.php\/2025\/05\/13\/for-i-italia-feires-det-ikke-lenger-8-mai\/#breadcrumb"},"inLanguage":"nb-NO","potentialAction":[{"@type":"ReadAction","target":["https:\/\/nordnesrepublikken.no\/index.php\/2025\/05\/13\/for-i-italia-feires-det-ikke-lenger-8-mai\/"]}]},{"@type":"ImageObject","inLanguage":"nb-NO","@id":"https:\/\/nordnesrepublikken.no\/index.php\/2025\/05\/13\/for-i-italia-feires-det-ikke-lenger-8-mai\/#primaryimage","url":"https:\/\/nordnesrepublikken.no\/wp-content\/uploads\/2025\/05\/1747108193_For-i-Italia-feires-det-ikke-lenger-8-mai-scaled.jpg","contentUrl":"https:\/\/nordnesrepublikken.no\/wp-content\/uploads\/2025\/05\/1747108193_For-i-Italia-feires-det-ikke-lenger-8-mai-scaled.jpg","width":2560,"height":1707,"caption":"festa della mamma"},{"@type":"BreadcrumbList","@id":"https:\/\/nordnesrepublikken.no\/index.php\/2025\/05\/13\/for-i-italia-feires-det-ikke-lenger-8-mai\/#breadcrumb","itemListElement":[{"@type":"ListItem","position":1,"name":"Home","item":"https:\/\/nordnesrepublikken.no\/"},{"@type":"ListItem","position":2,"name":"For i Italia feires det ikke lenger 8. mai"}]},{"@type":"WebSite","@id":"https:\/\/nordnesrepublikken.no\/#website","url":"https:\/\/nordnesrepublikken.no\/","name":"Nordnesrepublikken","description":"Stemmer og Visjoner fra Republikkens Hjerte","publisher":{"@id":"https:\/\/nordnesrepublikken.no\/#organization"},"potentialAction":[{"@type":"SearchAction","target":{"@type":"EntryPoint","urlTemplate":"https:\/\/nordnesrepublikken.no\/?s={search_term_string}"},"query-input":{"@type":"PropertyValueSpecification","valueRequired":true,"valueName":"search_term_string"}}],"inLanguage":"nb-NO"},{"@type":"Organization","@id":"https:\/\/nordnesrepublikken.no\/#organization","name":"Nordnesrepublikken","url":"https:\/\/nordnesrepublikken.no\/","logo":{"@type":"ImageObject","inLanguage":"nb-NO","@id":"https:\/\/nordnesrepublikken.no\/#\/schema\/logo\/image\/","url":"https:\/\/nordnesrepublikken.no\/wp-content\/uploads\/2025\/02\/cropped-nordnesrepublikken-2.png","contentUrl":"https:\/\/nordnesrepublikken.no\/wp-content\/uploads\/2025\/02\/cropped-nordnesrepublikken-2.png","width":1248,"height":362,"caption":"Nordnesrepublikken"},"image":{"@id":"https:\/\/nordnesrepublikken.no\/#\/schema\/logo\/image\/"}},{"@type":"Person","@id":"https:\/\/nordnesrepublikken.no\/#\/schema\/person\/2e7e81935bab77882fffb79296240ff1","name":"Ole Andersen","image":{"@type":"ImageObject","inLanguage":"nb-NO","@id":"https:\/\/nordnesrepublikken.no\/#\/schema\/person\/image\/","url":"https:\/\/nordnesrepublikken.no\/wp-content\/uploads\/2025\/02\/nordnesrepublikken-2-2-150x150.jpg","contentUrl":"https:\/\/nordnesrepublikken.no\/wp-content\/uploads\/2025\/02\/nordnesrepublikken-2-2-150x150.jpg","caption":"Ole Andersen"},"description":"Ettersom jeg vokste opp i Oslo, har jeg alltid v\u00e6rt fascinert av ordenes kraft og deres evne til \u00e5 skape endringer. Etter \u00e5 ha fullf\u00f8rt min utdannelse i kommunikasjon ved Universitetet i Bergen, fikk jeg muligheten til \u00e5 jobbe innen ulike medier, der jeg har s\u00f8kt \u00e5 belyse viktige samfunnssp\u00f8rsm\u00e5l. I dag, som redakt\u00f8r for Nordnesrepublikken, pr\u00f8ver jeg \u00e5 forene min kj\u00e6rlighet for journalistikk med min lidenskap for innovasjon og eventyr.","sameAs":["https:\/\/nordnesrepublikken.no\/"]}]}},"_links":{"self":[{"href":"https:\/\/nordnesrepublikken.no\/index.php\/wp-json\/wp\/v2\/posts\/4508","targetHints":{"allow":["GET"]}}],"collection":[{"href":"https:\/\/nordnesrepublikken.no\/index.php\/wp-json\/wp\/v2\/posts"}],"about":[{"href":"https:\/\/nordnesrepublikken.no\/index.php\/wp-json\/wp\/v2\/types\/post"}],"author":[{"embeddable":true,"href":"https:\/\/nordnesrepublikken.no\/index.php\/wp-json\/wp\/v2\/users\/1"}],"replies":[{"embeddable":true,"href":"https:\/\/nordnesrepublikken.no\/index.php\/wp-json\/wp\/v2\/comments?post=4508"}],"version-history":[{"count":1,"href":"https:\/\/nordnesrepublikken.no\/index.php\/wp-json\/wp\/v2\/posts\/4508\/revisions"}],"predecessor-version":[{"id":4510,"href":"https:\/\/nordnesrepublikken.no\/index.php\/wp-json\/wp\/v2\/posts\/4508\/revisions\/4510"}],"wp:featuredmedia":[{"embeddable":true,"href":"https:\/\/nordnesrepublikken.no\/index.php\/wp-json\/wp\/v2\/media\/4509"}],"wp:attachment":[{"href":"https:\/\/nordnesrepublikken.no\/index.php\/wp-json\/wp\/v2\/media?parent=4508"}],"wp:term":[{"taxonomy":"category","embeddable":true,"href":"https:\/\/nordnesrepublikken.no\/index.php\/wp-json\/wp\/v2\/categories?post=4508"},{"taxonomy":"post_tag","embeddable":true,"href":"https:\/\/nordnesrepublikken.no\/index.php\/wp-json\/wp\/v2\/tags?post=4508"}],"curies":[{"name":"wp","href":"https:\/\/api.w.org\/{rel}","templated":true}]}}