{"id":4493,"date":"2025-05-12T21:50:01","date_gmt":"2025-05-12T19:50:01","guid":{"rendered":"https:\/\/nordnesrepublikken.no\/index.php\/2025\/05\/12\/forbudt-eu-og-oss-bare-forbudt-denne-hverdagslige-dingsen-fra-kofferten-og-grunnen-vil-sjokkere-deg\/"},"modified":"2025-05-12T21:50:02","modified_gmt":"2025-05-12T19:50:02","slug":"forbudt-eu-og-oss-bare-forbudt-denne-hverdagslige-dingsen-fra-kofferten-og-grunnen-vil-sjokkere-deg","status":"publish","type":"post","link":"https:\/\/nordnesrepublikken.no\/index.php\/2025\/05\/12\/forbudt-eu-og-oss-bare-forbudt-denne-hverdagslige-dingsen-fra-kofferten-og-grunnen-vil-sjokkere-deg\/","title":{"rendered":"Forbudt! EU og oss bare forbudt denne hverdagslige dingsen fra kofferten &#8211; og grunnen vil sjokkere deg"},"content":{"rendered":"<p><\/p>\n<div class=\"wordpress-content\">\n                    <!-- Article Start --><\/p>\n<p><strong>Feriegjester, forretningsflytere og digitale nomader, m\u00e5 du v\u00e6re oppmerksom p\u00e5: F\u00f8r du g\u00e5r av fra Manchester, Gatwick eller Heathrow, dobbeltkontroll det du har fylt i kofferten-fordi str\u00f8mbanker offisielt har v\u00e6rt jordet. B\u00e5de EU og USA har smalt overhead -s\u00f8pla p\u00e5 en av de vanligste reisetekniske n\u00f8dvendighetene: litiumbatteriladere, ogs\u00e5 kjent som Power Banks.<\/strong><\/p>\n<h2><strong><span data-preserver-spaces=\"true\">Eksplosiv sannhet bak forbudet<\/span><\/strong><\/h2>\n<p><span data-preserver-spaces=\"true\">Dette er ikke noe byr\u00e5kratisk belte-stramming. Det er en fullverdig sikkerhetsinngrep. EU Aviation Safety Agency (EASA) og US Transportation Security Administration (TSA) har bekreftet at litiumbaserte b\u00e6rbare ladere n\u00e5 er strengt utestengt fra alle innsjekkede bagasje. Med andre ord, hvis batteripakken er i holdet, spiller du med ild &#8211; bokstavelig talt.<\/span><\/p>\n<p><span data-preserver-spaces=\"true\">Hvorfor dramaet? Litiumbatterier, spesielt de som finnes i kraftbanker, har en stygg vane \u00e5 overopphetes og sprekke i flammer hvis de er skadet, overladet eller kortsluttet. Og hvis det skjer under dekk, kan ikke mannskapet akkurat komme ned med en brannslukningsapparat midt p\u00e5 flyet. En useri\u00f8s gnist i lastholdet kan bety tragedie.<\/span><\/p>\n<div class=\"sra_unit\"><link rel=\"stylesheet\" id=\"block-sra\" href=\"https:\/\/euroweeklynews.com\/wp-content\/plugins\/snack-related-articles\/dist\/css\/snack-related.min.css?250312-193541\" type=\"text\/css\" media=\"all\">\n<\/div>\n<h2><strong><span data-preserver-spaces=\"true\">Hyttefeber: Det eneste stedet som er igjen til laderen din<\/span><\/strong><\/h2>\n<p><span data-preserver-spaces=\"true\">Fra n\u00e5 av m\u00e5 str\u00f8mbanken din sykle opp i din gjennomf\u00f8ring. Aldri begravet under badet\u00f8yet og reserve sokkene. Og det slutter ikke der. Disse mini -energi -mursteinene m\u00e5 ogs\u00e5 beskyttes individuelt mot kortslutning (det betyr \u00e5 tape opp terminaler eller holde dem i originalemballasjen), og du er begrenset til to ekstra batterier per passasjer.<\/span><\/p>\n<p><span data-preserver-spaces=\"true\">Lade dem i luften? Glem det. Flyselskaper vil ikke at passasjerer tilfeldig saftet opp under turbulens. Easa gj\u00f8r det krystallklart: ingen lading om bord lenger.<\/span><\/p>\n<h3><strong><span data-preserver-spaces=\"true\">Oss synger det samme <\/span><span data-preserver-spaces=\"true\">melodi<\/span><\/strong><\/h3>\n<p><span data-preserver-spaces=\"true\">USA er ikke langt etter. TSA har gjentatt den samme advarselen, og erkl\u00e6rt litium-ion power banker persona non grata i sjekket poser. Meldingen fra begge sider av Atlanterhavet er h\u00f8yt og tydelig: Hold kraften din der du kan se den &#8211; eller ikke ta den i det hele tatt.<\/span><\/p>\n<h3><strong><span data-preserver-spaces=\"true\">Kan Storbritannia f\u00f8lge etter?<\/span><\/strong><\/h3>\n<p><span data-preserver-spaces=\"true\">Mens Storbritannia enn\u00e5 ikke har gitt ut et identisk landsdekkende forbud, b\u00f8r ikke britiske flygeblad bli for komfortable. De fleste britiske baserte flyselskaper speiler allerede disse begrensningene bak kulissene. Store transport\u00f8rer som British Airways, EasyJet og Ryanair r\u00e5der passasjerer \u00e5 pakke kraftbanker i h\u00e5ndbagasje &#8211; og det er ikke bare vennlige r\u00e5d, det blir h\u00e5ndhevet ved porten.<\/span><\/p>\n<p><span data-preserver-spaces=\"true\">Luftfartsinnsidere sier at Civil Aviation Authority (CAA) sannsynligvis vil stramme reglene ytterligere hvis et formelt britisk politikkskifte f\u00f8lger i kj\u00f8lvannet av EU og USAs press. Og la oss v\u00e6re \u00e6rlige &#8211; n\u00e5r Brussel og Washington er enige om <\/span><em><span data-preserver-spaces=\"true\">noe<\/span><\/em><span data-preserver-spaces=\"true\">er det vanligvis bare et sp\u00f8rsm\u00e5l om tid f\u00f8r London hopper om bord.<\/span><\/p>\n<h3><strong><span data-preserver-spaces=\"true\">Asia leder <\/span><span data-preserver-spaces=\"true\">lade<\/span><\/strong><\/h3>\n<p><span data-preserver-spaces=\"true\">Dette er ikke bare en vestlig bekymring. Land over hele Asia har zappet litiumbatterisiko lenge f\u00f8r Brussel eller Washington tok grep. Filippinene flat-out forbyr kraftbanker over 160 wattimer-selv i hytta. S\u00f8r -Korea klemte seg ned etter at det br\u00f8t ut en brann p\u00e5 en flyvningsfly, og introduserte strammere kontroller p\u00e5 hvilke batterier som kan fly og hvor mange per passasjer.<\/span><\/p>\n<p><span data-preserver-spaces=\"true\">Asiatiske transport\u00f8rer som Ana, Cathay Pacific og Singapore Airlines h\u00e5ndhever allerede lignende regler &#8211; ingen maktbanker i holdet, noensinne. S\u00e5 hvis du flyr \u00f8stover, vil du trippelkontroll teknologien din.<\/span><\/p>\n<h2><strong><span data-preserver-spaces=\"true\">Flyr med en kraftbank? Her er hva du trenger \u00e5 vite:<\/span><\/strong><\/h2>\n<ul>\n<li><span data-preserver-spaces=\"true\">Kraftbanker m\u00e5 pakkes i h\u00e5ndbagasjen eller personlig vare<\/span><\/li>\n<li><span data-preserver-spaces=\"true\">De m\u00e5 v\u00e6re under 100 wattimer (sjekk etiketten)<\/span><\/li>\n<li><span data-preserver-spaces=\"true\">Du kan ikke ta med deg mer enn to ekstra batterier<\/span><\/li>\n<li><span data-preserver-spaces=\"true\">\u00c5 lade dem under flyturen er n\u00e5 forbudt<\/span><\/li>\n<li><span data-preserver-spaces=\"true\">Terminaler m\u00e5 dekkes eller batterier som er lagret i sikker emballasje<\/span><\/li>\n<\/ul>\n<h2><strong><span data-preserver-spaces=\"true\">Endelig boardinganrop <\/span><\/strong><\/h2>\n<p><span data-preserver-spaces=\"true\">S\u00e5 neste gang du pakker for Palma eller forbereder Praha, la litiumkj\u00e6rligheten v\u00e6re i ryggsekken, ikke bagasjen. Ellers kan laderen din m\u00f8te en enveisbillett til s\u00f8pla-og du kan sitte fast med en d\u00f8d telefon, ingen Netflix og ingenting annet enn naboens snorking for underholdning.<\/span><\/p>\n<p><span data-preserver-spaces=\"true\">Som Ursula von der Leyen, president i EU -kommisjonen, sa om flyttingen (via AP): &#8216;Det handler om sikkerhet, og sikkerhet kommer alltid f\u00f8rst.&#8217; Ingen argumenter der.<\/span><\/p>\n<p><span data-preserver-spaces=\"true\">F\u00f8lg med for mer <\/span><span data-preserver-spaces=\"true\">Storbritannias nyheter<\/span><span data-preserver-spaces=\"true\">. <\/span><\/p>\n<p><span data-preserver-spaces=\"true\">F\u00e5 mer <\/span><span data-preserver-spaces=\"true\">Oss nyheter<\/span><span data-preserver-spaces=\"true\">  skrevet <\/span><em><span data-preserver-spaces=\"true\">ved<\/span><\/em><span data-preserver-spaces=\"true\">  folket <\/span><em><span data-preserver-spaces=\"true\">til<\/span><\/em><span data-preserver-spaces=\"true\">  folket.  <\/span><\/p>\n<p>                    <!-- Article End --><\/p><\/div>\n","protected":false},"excerpt":{"rendered":"<p>Feriegjester, forretningsflytere og digitale nomader, m\u00e5 du v\u00e6re oppmerksom p\u00e5: F\u00f8r du g\u00e5r av fra<\/p>\n","protected":false},"author":1,"featured_media":4494,"comment_status":"closed","ping_status":"open","sticky":false,"template":"","format":"standard","meta":{"footnotes":""},"categories":[105],"tags":[1930,586,1717,2377,617,125,1369,2376,2378,657,2379,149],"class_list":["post-4493","post","type-post","status-publish","format-standard","has-post-thumbnail","hentry","category-livsstil","tag-bare","tag-deg","tag-denne","tag-dingsen","tag-forbudt","tag-fra","tag-grunnen","tag-hverdagslige","tag-kofferten","tag-oss","tag-sjokkere","tag-vil","generate-columns","tablet-grid-50","mobile-grid-100","grid-parent","grid-33","resize-featured-image"],"yoast_head":"<!-- This site is optimized with the Yoast SEO plugin v24.4 - https:\/\/yoast.com\/wordpress\/plugins\/seo\/ -->\n<title>Forbudt! EU og oss bare forbudt denne hverdagslige dingsen fra kofferten - og grunnen vil sjokkere deg - Nordnesrepublikken<\/title>\n<meta name=\"robots\" content=\"index, follow, max-snippet:-1, max-image-preview:large, max-video-preview:-1\" \/>\n<link rel=\"canonical\" href=\"https:\/\/nordnesrepublikken.no\/index.php\/2025\/05\/12\/forbudt-eu-og-oss-bare-forbudt-denne-hverdagslige-dingsen-fra-kofferten-og-grunnen-vil-sjokkere-deg\/\" \/>\n<meta property=\"og:locale\" content=\"nb_NO\" \/>\n<meta property=\"og:type\" content=\"article\" \/>\n<meta property=\"og:title\" content=\"Forbudt! EU og oss bare forbudt denne hverdagslige dingsen fra kofferten - og grunnen vil sjokkere deg - Nordnesrepublikken\" \/>\n<meta property=\"og:description\" content=\"Feriegjester, forretningsflytere og digitale nomader, m\u00e5 du v\u00e6re oppmerksom p\u00e5: F\u00f8r du g\u00e5r av fra\" \/>\n<meta property=\"og:url\" content=\"https:\/\/nordnesrepublikken.no\/index.php\/2025\/05\/12\/forbudt-eu-og-oss-bare-forbudt-denne-hverdagslige-dingsen-fra-kofferten-og-grunnen-vil-sjokkere-deg\/\" \/>\n<meta property=\"og:site_name\" content=\"Nordnesrepublikken\" \/>\n<meta property=\"article:published_time\" content=\"2025-05-12T19:50:01+00:00\" \/>\n<meta property=\"article:modified_time\" content=\"2025-05-12T19:50:02+00:00\" \/>\n<meta property=\"og:image\" content=\"https:\/\/nordnesrepublikken.no\/wp-content\/uploads\/2025\/05\/1747079401_Forbudt-EU-og-oss-bare-forbudt-denne-hverdagslige-dingsen-fra.jpg\" \/>\n\t<meta property=\"og:image:width\" content=\"1000\" \/>\n\t<meta property=\"og:image:height\" content=\"667\" \/>\n\t<meta property=\"og:image:type\" content=\"image\/jpeg\" \/>\n<meta name=\"author\" content=\"Ole Andersen\" \/>\n<meta name=\"twitter:card\" content=\"summary_large_image\" \/>\n<meta name=\"twitter:label1\" content=\"Skrevet av\" \/>\n\t<meta name=\"twitter:data1\" content=\"Ole Andersen\" \/>\n\t<meta name=\"twitter:label2\" content=\"Ansl. lesetid\" \/>\n\t<meta name=\"twitter:data2\" content=\"3 minutter\" \/>\n<script type=\"application\/ld+json\" class=\"yoast-schema-graph\">{\"@context\":\"https:\/\/schema.org\",\"@graph\":[{\"@type\":\"Article\",\"@id\":\"https:\/\/nordnesrepublikken.no\/index.php\/2025\/05\/12\/forbudt-eu-og-oss-bare-forbudt-denne-hverdagslige-dingsen-fra-kofferten-og-grunnen-vil-sjokkere-deg\/#article\",\"isPartOf\":{\"@id\":\"https:\/\/nordnesrepublikken.no\/index.php\/2025\/05\/12\/forbudt-eu-og-oss-bare-forbudt-denne-hverdagslige-dingsen-fra-kofferten-og-grunnen-vil-sjokkere-deg\/\"},\"author\":{\"name\":\"Ole Andersen\",\"@id\":\"https:\/\/nordnesrepublikken.no\/#\/schema\/person\/2e7e81935bab77882fffb79296240ff1\"},\"headline\":\"Forbudt! EU og oss bare forbudt denne hverdagslige dingsen fra kofferten &#8211; og grunnen vil sjokkere deg\",\"datePublished\":\"2025-05-12T19:50:01+00:00\",\"dateModified\":\"2025-05-12T19:50:02+00:00\",\"mainEntityOfPage\":{\"@id\":\"https:\/\/nordnesrepublikken.no\/index.php\/2025\/05\/12\/forbudt-eu-og-oss-bare-forbudt-denne-hverdagslige-dingsen-fra-kofferten-og-grunnen-vil-sjokkere-deg\/\"},\"wordCount\":706,\"publisher\":{\"@id\":\"https:\/\/nordnesrepublikken.no\/#organization\"},\"image\":{\"@id\":\"https:\/\/nordnesrepublikken.no\/index.php\/2025\/05\/12\/forbudt-eu-og-oss-bare-forbudt-denne-hverdagslige-dingsen-fra-kofferten-og-grunnen-vil-sjokkere-deg\/#primaryimage\"},\"thumbnailUrl\":\"https:\/\/nordnesrepublikken.no\/wp-content\/uploads\/2025\/05\/1747079401_Forbudt-EU-og-oss-bare-forbudt-denne-hverdagslige-dingsen-fra.jpg\",\"keywords\":[\"bare\",\"deg\",\"denne\",\"dingsen\",\"forbudt\",\"fra\",\"grunnen\",\"hverdagslige\",\"kofferten\",\"oss\",\"sjokkere\",\"vil\"],\"articleSection\":[\"Livsstil\"],\"inLanguage\":\"nb-NO\"},{\"@type\":\"WebPage\",\"@id\":\"https:\/\/nordnesrepublikken.no\/index.php\/2025\/05\/12\/forbudt-eu-og-oss-bare-forbudt-denne-hverdagslige-dingsen-fra-kofferten-og-grunnen-vil-sjokkere-deg\/\",\"url\":\"https:\/\/nordnesrepublikken.no\/index.php\/2025\/05\/12\/forbudt-eu-og-oss-bare-forbudt-denne-hverdagslige-dingsen-fra-kofferten-og-grunnen-vil-sjokkere-deg\/\",\"name\":\"Forbudt! EU og oss bare forbudt denne hverdagslige dingsen fra kofferten - og grunnen vil sjokkere deg - Nordnesrepublikken\",\"isPartOf\":{\"@id\":\"https:\/\/nordnesrepublikken.no\/#website\"},\"primaryImageOfPage\":{\"@id\":\"https:\/\/nordnesrepublikken.no\/index.php\/2025\/05\/12\/forbudt-eu-og-oss-bare-forbudt-denne-hverdagslige-dingsen-fra-kofferten-og-grunnen-vil-sjokkere-deg\/#primaryimage\"},\"image\":{\"@id\":\"https:\/\/nordnesrepublikken.no\/index.php\/2025\/05\/12\/forbudt-eu-og-oss-bare-forbudt-denne-hverdagslige-dingsen-fra-kofferten-og-grunnen-vil-sjokkere-deg\/#primaryimage\"},\"thumbnailUrl\":\"https:\/\/nordnesrepublikken.no\/wp-content\/uploads\/2025\/05\/1747079401_Forbudt-EU-og-oss-bare-forbudt-denne-hverdagslige-dingsen-fra.jpg\",\"datePublished\":\"2025-05-12T19:50:01+00:00\",\"dateModified\":\"2025-05-12T19:50:02+00:00\",\"breadcrumb\":{\"@id\":\"https:\/\/nordnesrepublikken.no\/index.php\/2025\/05\/12\/forbudt-eu-og-oss-bare-forbudt-denne-hverdagslige-dingsen-fra-kofferten-og-grunnen-vil-sjokkere-deg\/#breadcrumb\"},\"inLanguage\":\"nb-NO\",\"potentialAction\":[{\"@type\":\"ReadAction\",\"target\":[\"https:\/\/nordnesrepublikken.no\/index.php\/2025\/05\/12\/forbudt-eu-og-oss-bare-forbudt-denne-hverdagslige-dingsen-fra-kofferten-og-grunnen-vil-sjokkere-deg\/\"]}]},{\"@type\":\"ImageObject\",\"inLanguage\":\"nb-NO\",\"@id\":\"https:\/\/nordnesrepublikken.no\/index.php\/2025\/05\/12\/forbudt-eu-og-oss-bare-forbudt-denne-hverdagslige-dingsen-fra-kofferten-og-grunnen-vil-sjokkere-deg\/#primaryimage\",\"url\":\"https:\/\/nordnesrepublikken.no\/wp-content\/uploads\/2025\/05\/1747079401_Forbudt-EU-og-oss-bare-forbudt-denne-hverdagslige-dingsen-fra.jpg\",\"contentUrl\":\"https:\/\/nordnesrepublikken.no\/wp-content\/uploads\/2025\/05\/1747079401_Forbudt-EU-og-oss-bare-forbudt-denne-hverdagslige-dingsen-fra.jpg\",\"width\":1000,\"height\":667,\"caption\":\"Forbudt! EU og oss bare forbudt denne hverdagslige dingsen fra kofferten - og grunnen vil sjokkere deg\"},{\"@type\":\"BreadcrumbList\",\"@id\":\"https:\/\/nordnesrepublikken.no\/index.php\/2025\/05\/12\/forbudt-eu-og-oss-bare-forbudt-denne-hverdagslige-dingsen-fra-kofferten-og-grunnen-vil-sjokkere-deg\/#breadcrumb\",\"itemListElement\":[{\"@type\":\"ListItem\",\"position\":1,\"name\":\"Home\",\"item\":\"https:\/\/nordnesrepublikken.no\/\"},{\"@type\":\"ListItem\",\"position\":2,\"name\":\"Forbudt! EU og oss bare forbudt denne hverdagslige dingsen fra kofferten &#8211; og grunnen vil sjokkere deg\"}]},{\"@type\":\"WebSite\",\"@id\":\"https:\/\/nordnesrepublikken.no\/#website\",\"url\":\"https:\/\/nordnesrepublikken.no\/\",\"name\":\"Nordnesrepublikken\",\"description\":\"Stemmer og Visjoner fra Republikkens Hjerte\",\"publisher\":{\"@id\":\"https:\/\/nordnesrepublikken.no\/#organization\"},\"potentialAction\":[{\"@type\":\"SearchAction\",\"target\":{\"@type\":\"EntryPoint\",\"urlTemplate\":\"https:\/\/nordnesrepublikken.no\/?s={search_term_string}\"},\"query-input\":{\"@type\":\"PropertyValueSpecification\",\"valueRequired\":true,\"valueName\":\"search_term_string\"}}],\"inLanguage\":\"nb-NO\"},{\"@type\":\"Organization\",\"@id\":\"https:\/\/nordnesrepublikken.no\/#organization\",\"name\":\"Nordnesrepublikken\",\"url\":\"https:\/\/nordnesrepublikken.no\/\",\"logo\":{\"@type\":\"ImageObject\",\"inLanguage\":\"nb-NO\",\"@id\":\"https:\/\/nordnesrepublikken.no\/#\/schema\/logo\/image\/\",\"url\":\"https:\/\/nordnesrepublikken.no\/wp-content\/uploads\/2025\/02\/cropped-nordnesrepublikken-2.png\",\"contentUrl\":\"https:\/\/nordnesrepublikken.no\/wp-content\/uploads\/2025\/02\/cropped-nordnesrepublikken-2.png\",\"width\":1248,\"height\":362,\"caption\":\"Nordnesrepublikken\"},\"image\":{\"@id\":\"https:\/\/nordnesrepublikken.no\/#\/schema\/logo\/image\/\"}},{\"@type\":\"Person\",\"@id\":\"https:\/\/nordnesrepublikken.no\/#\/schema\/person\/2e7e81935bab77882fffb79296240ff1\",\"name\":\"Ole Andersen\",\"image\":{\"@type\":\"ImageObject\",\"inLanguage\":\"nb-NO\",\"@id\":\"https:\/\/nordnesrepublikken.no\/#\/schema\/person\/image\/\",\"url\":\"https:\/\/nordnesrepublikken.no\/wp-content\/uploads\/2025\/02\/nordnesrepublikken-2-2-150x150.jpg\",\"contentUrl\":\"https:\/\/nordnesrepublikken.no\/wp-content\/uploads\/2025\/02\/nordnesrepublikken-2-2-150x150.jpg\",\"caption\":\"Ole Andersen\"},\"description\":\"Ettersom jeg vokste opp i Oslo, har jeg alltid v\u00e6rt fascinert av ordenes kraft og deres evne til \u00e5 skape endringer. Etter \u00e5 ha fullf\u00f8rt min utdannelse i kommunikasjon ved Universitetet i Bergen, fikk jeg muligheten til \u00e5 jobbe innen ulike medier, der jeg har s\u00f8kt \u00e5 belyse viktige samfunnssp\u00f8rsm\u00e5l. I dag, som redakt\u00f8r for Nordnesrepublikken, pr\u00f8ver jeg \u00e5 forene min kj\u00e6rlighet for journalistikk med min lidenskap for innovasjon og eventyr.\",\"sameAs\":[\"https:\/\/nordnesrepublikken.no\/\"]}]}<\/script>\n<!-- \/ Yoast SEO plugin. -->","yoast_head_json":{"title":"Forbudt! EU og oss bare forbudt denne hverdagslige dingsen fra kofferten - og grunnen vil sjokkere deg - Nordnesrepublikken","robots":{"index":"index","follow":"follow","max-snippet":"max-snippet:-1","max-image-preview":"max-image-preview:large","max-video-preview":"max-video-preview:-1"},"canonical":"https:\/\/nordnesrepublikken.no\/index.php\/2025\/05\/12\/forbudt-eu-og-oss-bare-forbudt-denne-hverdagslige-dingsen-fra-kofferten-og-grunnen-vil-sjokkere-deg\/","og_locale":"nb_NO","og_type":"article","og_title":"Forbudt! EU og oss bare forbudt denne hverdagslige dingsen fra kofferten - og grunnen vil sjokkere deg - Nordnesrepublikken","og_description":"Feriegjester, forretningsflytere og digitale nomader, m\u00e5 du v\u00e6re oppmerksom p\u00e5: F\u00f8r du g\u00e5r av fra","og_url":"https:\/\/nordnesrepublikken.no\/index.php\/2025\/05\/12\/forbudt-eu-og-oss-bare-forbudt-denne-hverdagslige-dingsen-fra-kofferten-og-grunnen-vil-sjokkere-deg\/","og_site_name":"Nordnesrepublikken","article_published_time":"2025-05-12T19:50:01+00:00","article_modified_time":"2025-05-12T19:50:02+00:00","og_image":[{"width":1000,"height":667,"url":"https:\/\/nordnesrepublikken.no\/wp-content\/uploads\/2025\/05\/1747079401_Forbudt-EU-og-oss-bare-forbudt-denne-hverdagslige-dingsen-fra.jpg","type":"image\/jpeg"}],"author":"Ole Andersen","twitter_card":"summary_large_image","twitter_misc":{"Skrevet av":"Ole Andersen","Ansl. lesetid":"3 minutter"},"schema":{"@context":"https:\/\/schema.org","@graph":[{"@type":"Article","@id":"https:\/\/nordnesrepublikken.no\/index.php\/2025\/05\/12\/forbudt-eu-og-oss-bare-forbudt-denne-hverdagslige-dingsen-fra-kofferten-og-grunnen-vil-sjokkere-deg\/#article","isPartOf":{"@id":"https:\/\/nordnesrepublikken.no\/index.php\/2025\/05\/12\/forbudt-eu-og-oss-bare-forbudt-denne-hverdagslige-dingsen-fra-kofferten-og-grunnen-vil-sjokkere-deg\/"},"author":{"name":"Ole Andersen","@id":"https:\/\/nordnesrepublikken.no\/#\/schema\/person\/2e7e81935bab77882fffb79296240ff1"},"headline":"Forbudt! EU og oss bare forbudt denne hverdagslige dingsen fra kofferten &#8211; og grunnen vil sjokkere deg","datePublished":"2025-05-12T19:50:01+00:00","dateModified":"2025-05-12T19:50:02+00:00","mainEntityOfPage":{"@id":"https:\/\/nordnesrepublikken.no\/index.php\/2025\/05\/12\/forbudt-eu-og-oss-bare-forbudt-denne-hverdagslige-dingsen-fra-kofferten-og-grunnen-vil-sjokkere-deg\/"},"wordCount":706,"publisher":{"@id":"https:\/\/nordnesrepublikken.no\/#organization"},"image":{"@id":"https:\/\/nordnesrepublikken.no\/index.php\/2025\/05\/12\/forbudt-eu-og-oss-bare-forbudt-denne-hverdagslige-dingsen-fra-kofferten-og-grunnen-vil-sjokkere-deg\/#primaryimage"},"thumbnailUrl":"https:\/\/nordnesrepublikken.no\/wp-content\/uploads\/2025\/05\/1747079401_Forbudt-EU-og-oss-bare-forbudt-denne-hverdagslige-dingsen-fra.jpg","keywords":["bare","deg","denne","dingsen","forbudt","fra","grunnen","hverdagslige","kofferten","oss","sjokkere","vil"],"articleSection":["Livsstil"],"inLanguage":"nb-NO"},{"@type":"WebPage","@id":"https:\/\/nordnesrepublikken.no\/index.php\/2025\/05\/12\/forbudt-eu-og-oss-bare-forbudt-denne-hverdagslige-dingsen-fra-kofferten-og-grunnen-vil-sjokkere-deg\/","url":"https:\/\/nordnesrepublikken.no\/index.php\/2025\/05\/12\/forbudt-eu-og-oss-bare-forbudt-denne-hverdagslige-dingsen-fra-kofferten-og-grunnen-vil-sjokkere-deg\/","name":"Forbudt! EU og oss bare forbudt denne hverdagslige dingsen fra kofferten - og grunnen vil sjokkere deg - Nordnesrepublikken","isPartOf":{"@id":"https:\/\/nordnesrepublikken.no\/#website"},"primaryImageOfPage":{"@id":"https:\/\/nordnesrepublikken.no\/index.php\/2025\/05\/12\/forbudt-eu-og-oss-bare-forbudt-denne-hverdagslige-dingsen-fra-kofferten-og-grunnen-vil-sjokkere-deg\/#primaryimage"},"image":{"@id":"https:\/\/nordnesrepublikken.no\/index.php\/2025\/05\/12\/forbudt-eu-og-oss-bare-forbudt-denne-hverdagslige-dingsen-fra-kofferten-og-grunnen-vil-sjokkere-deg\/#primaryimage"},"thumbnailUrl":"https:\/\/nordnesrepublikken.no\/wp-content\/uploads\/2025\/05\/1747079401_Forbudt-EU-og-oss-bare-forbudt-denne-hverdagslige-dingsen-fra.jpg","datePublished":"2025-05-12T19:50:01+00:00","dateModified":"2025-05-12T19:50:02+00:00","breadcrumb":{"@id":"https:\/\/nordnesrepublikken.no\/index.php\/2025\/05\/12\/forbudt-eu-og-oss-bare-forbudt-denne-hverdagslige-dingsen-fra-kofferten-og-grunnen-vil-sjokkere-deg\/#breadcrumb"},"inLanguage":"nb-NO","potentialAction":[{"@type":"ReadAction","target":["https:\/\/nordnesrepublikken.no\/index.php\/2025\/05\/12\/forbudt-eu-og-oss-bare-forbudt-denne-hverdagslige-dingsen-fra-kofferten-og-grunnen-vil-sjokkere-deg\/"]}]},{"@type":"ImageObject","inLanguage":"nb-NO","@id":"https:\/\/nordnesrepublikken.no\/index.php\/2025\/05\/12\/forbudt-eu-og-oss-bare-forbudt-denne-hverdagslige-dingsen-fra-kofferten-og-grunnen-vil-sjokkere-deg\/#primaryimage","url":"https:\/\/nordnesrepublikken.no\/wp-content\/uploads\/2025\/05\/1747079401_Forbudt-EU-og-oss-bare-forbudt-denne-hverdagslige-dingsen-fra.jpg","contentUrl":"https:\/\/nordnesrepublikken.no\/wp-content\/uploads\/2025\/05\/1747079401_Forbudt-EU-og-oss-bare-forbudt-denne-hverdagslige-dingsen-fra.jpg","width":1000,"height":667,"caption":"Forbudt! EU og oss bare forbudt denne hverdagslige dingsen fra kofferten - og grunnen vil sjokkere deg"},{"@type":"BreadcrumbList","@id":"https:\/\/nordnesrepublikken.no\/index.php\/2025\/05\/12\/forbudt-eu-og-oss-bare-forbudt-denne-hverdagslige-dingsen-fra-kofferten-og-grunnen-vil-sjokkere-deg\/#breadcrumb","itemListElement":[{"@type":"ListItem","position":1,"name":"Home","item":"https:\/\/nordnesrepublikken.no\/"},{"@type":"ListItem","position":2,"name":"Forbudt! EU og oss bare forbudt denne hverdagslige dingsen fra kofferten &#8211; og grunnen vil sjokkere deg"}]},{"@type":"WebSite","@id":"https:\/\/nordnesrepublikken.no\/#website","url":"https:\/\/nordnesrepublikken.no\/","name":"Nordnesrepublikken","description":"Stemmer og Visjoner fra Republikkens Hjerte","publisher":{"@id":"https:\/\/nordnesrepublikken.no\/#organization"},"potentialAction":[{"@type":"SearchAction","target":{"@type":"EntryPoint","urlTemplate":"https:\/\/nordnesrepublikken.no\/?s={search_term_string}"},"query-input":{"@type":"PropertyValueSpecification","valueRequired":true,"valueName":"search_term_string"}}],"inLanguage":"nb-NO"},{"@type":"Organization","@id":"https:\/\/nordnesrepublikken.no\/#organization","name":"Nordnesrepublikken","url":"https:\/\/nordnesrepublikken.no\/","logo":{"@type":"ImageObject","inLanguage":"nb-NO","@id":"https:\/\/nordnesrepublikken.no\/#\/schema\/logo\/image\/","url":"https:\/\/nordnesrepublikken.no\/wp-content\/uploads\/2025\/02\/cropped-nordnesrepublikken-2.png","contentUrl":"https:\/\/nordnesrepublikken.no\/wp-content\/uploads\/2025\/02\/cropped-nordnesrepublikken-2.png","width":1248,"height":362,"caption":"Nordnesrepublikken"},"image":{"@id":"https:\/\/nordnesrepublikken.no\/#\/schema\/logo\/image\/"}},{"@type":"Person","@id":"https:\/\/nordnesrepublikken.no\/#\/schema\/person\/2e7e81935bab77882fffb79296240ff1","name":"Ole Andersen","image":{"@type":"ImageObject","inLanguage":"nb-NO","@id":"https:\/\/nordnesrepublikken.no\/#\/schema\/person\/image\/","url":"https:\/\/nordnesrepublikken.no\/wp-content\/uploads\/2025\/02\/nordnesrepublikken-2-2-150x150.jpg","contentUrl":"https:\/\/nordnesrepublikken.no\/wp-content\/uploads\/2025\/02\/nordnesrepublikken-2-2-150x150.jpg","caption":"Ole Andersen"},"description":"Ettersom jeg vokste opp i Oslo, har jeg alltid v\u00e6rt fascinert av ordenes kraft og deres evne til \u00e5 skape endringer. Etter \u00e5 ha fullf\u00f8rt min utdannelse i kommunikasjon ved Universitetet i Bergen, fikk jeg muligheten til \u00e5 jobbe innen ulike medier, der jeg har s\u00f8kt \u00e5 belyse viktige samfunnssp\u00f8rsm\u00e5l. I dag, som redakt\u00f8r for Nordnesrepublikken, pr\u00f8ver jeg \u00e5 forene min kj\u00e6rlighet for journalistikk med min lidenskap for innovasjon og eventyr.","sameAs":["https:\/\/nordnesrepublikken.no\/"]}]}},"_links":{"self":[{"href":"https:\/\/nordnesrepublikken.no\/index.php\/wp-json\/wp\/v2\/posts\/4493","targetHints":{"allow":["GET"]}}],"collection":[{"href":"https:\/\/nordnesrepublikken.no\/index.php\/wp-json\/wp\/v2\/posts"}],"about":[{"href":"https:\/\/nordnesrepublikken.no\/index.php\/wp-json\/wp\/v2\/types\/post"}],"author":[{"embeddable":true,"href":"https:\/\/nordnesrepublikken.no\/index.php\/wp-json\/wp\/v2\/users\/1"}],"replies":[{"embeddable":true,"href":"https:\/\/nordnesrepublikken.no\/index.php\/wp-json\/wp\/v2\/comments?post=4493"}],"version-history":[{"count":1,"href":"https:\/\/nordnesrepublikken.no\/index.php\/wp-json\/wp\/v2\/posts\/4493\/revisions"}],"predecessor-version":[{"id":4495,"href":"https:\/\/nordnesrepublikken.no\/index.php\/wp-json\/wp\/v2\/posts\/4493\/revisions\/4495"}],"wp:featuredmedia":[{"embeddable":true,"href":"https:\/\/nordnesrepublikken.no\/index.php\/wp-json\/wp\/v2\/media\/4494"}],"wp:attachment":[{"href":"https:\/\/nordnesrepublikken.no\/index.php\/wp-json\/wp\/v2\/media?parent=4493"}],"wp:term":[{"taxonomy":"category","embeddable":true,"href":"https:\/\/nordnesrepublikken.no\/index.php\/wp-json\/wp\/v2\/categories?post=4493"},{"taxonomy":"post_tag","embeddable":true,"href":"https:\/\/nordnesrepublikken.no\/index.php\/wp-json\/wp\/v2\/tags?post=4493"}],"curies":[{"name":"wp","href":"https:\/\/api.w.org\/{rel}","templated":true}]}}