{"id":4484,"date":"2025-05-12T17:49:39","date_gmt":"2025-05-12T15:49:39","guid":{"rendered":"https:\/\/nordnesrepublikken.no\/index.php\/2025\/05\/12\/fordi-den-kurdiske-pkk-smeltet-og-kunngjorde-slutten-av-den-vaepnede-kampen-i-turkiye-dens-historie\/"},"modified":"2025-05-12T17:49:39","modified_gmt":"2025-05-12T15:49:39","slug":"fordi-den-kurdiske-pkk-smeltet-og-kunngjorde-slutten-av-den-vaepnede-kampen-i-turkiye-dens-historie","status":"publish","type":"post","link":"https:\/\/nordnesrepublikken.no\/index.php\/2025\/05\/12\/fordi-den-kurdiske-pkk-smeltet-og-kunngjorde-slutten-av-den-vaepnede-kampen-i-turkiye-dens-historie\/","title":{"rendered":"Fordi den kurdiske PKK smeltet og kunngjorde slutten av den v\u00e6pnede kampen i T\u00fcrkiye: dens historie"},"content":{"rendered":"<div>\n<div class=\"cp_wrapper cp_wrapper--fw mb-30 mb-20@tablet\">\n<figure class=\"mm\"><picture class=\"img\" style=\"padding-top:56.25%\"><source  media=\"(min-width: 1024px)\"><source  media=\"(min-width: 768px)\"><\/source><\/source><\/picture><\/figure>\n<\/p><\/div>\n<p>I dag 12. mai 2025, etter mer enn 40 \u00e5rs v\u00e6pnet kamp, \u200b\u200blederkomiteen til <strong>PKK<\/strong> (Party of Kurdistan -arbeidere) kunngjorde det<strong> Gruppen vil bli oppl\u00f8st<\/strong>. Den historiske avgj\u00f8relsen kom etter et brev datert 27. februar av den historiske lederen av gruppen og grunnleggeren <strong>Abdullah \u00d6calan<\/strong>som har sonet livsvarig fengsel siden 1999 p\u00e5 \u00f8ya Imrali og hadde bedt om slutten av den v\u00e6pnede kampen. Kunngj\u00f8ringen avslutter en blodig konflikt med lav intensitet mellom den tyrkiske staten og en del av det kurdiske mindretallet i landet. Men hva PKK representerer for historien til <strong>T\u00fcrkiye<\/strong> og guder <strong>Kurd<\/strong>?<\/p>\n<h2>Hva er den kurdiske PKK: den ideologiske omgivelsen<\/h2>\n<p>PKK ble f\u00f8dt med en sterk <strong>Marxist-leninistisk ideologisk setting<\/strong>som fremkommer fra galaksen av venstre radikale bevegelser som mellom 1970- og \u00e5ttitallet var imot den tyrkiske regjeringen. I sine trenings\u00e5r posisjonerte PKK derfor seg som en del av den bredere globale kommunistiske revolusjonen, med fokus p\u00e5 \u00e5 fremme rettighetene og autonomien til det kurdiske folket. Det var i de \u00e5rene figuren av <strong>Abdullah \u00d6calan<\/strong> Han p\u00e5f\u00f8rte seg selv hvordan <strong>Bevegelsesleder<\/strong>. Den virkelige forsterkningskonflikten med den tyrkiske staten begynte <strong>15. august 1984<\/strong>da PKK lanserte sin <strong>F\u00f8rste angrep mot tyrkiske sikkerhetsstyrker i Eruh og Semdinli<\/strong>. Det forsterkede partiet ble snart inkludert p\u00e5 listen over terrororganisasjoner i T\u00fcrkiye, USA og EU.<\/p>\n<h2>Begynnelsen p\u00e5 den v\u00e6pnede kampen i T\u00fcrkiye<\/h2>\n<p>Etter de f\u00f8rste handlingene omorganiserte PKK sin interne struktur og <strong>I 1985 dannet han den kurdiske nasjonale frigj\u00f8ringsfronten <\/strong>(Ernk), som ga et mer sammenhengende bilde for sine milit\u00e6re operasjoner. Deretter<strong>Popul\u00e6r frigj\u00f8ringsh\u00e6r av Kurdistan<\/strong> (Stank) <strong>ansatt milit\u00e6re operasjoner fra Ernk<\/strong>. Innenfor tredjepartskongressen i oktober 1986 hadde artikkelen konsolidert sin rolle som den viktigste milit\u00e6re fl\u00f8yen til PKK. PKKs ferdigheter ble ytterligere forbedret i 1988, da regjeringen i<strong>Iran favoriserte opprettelsen av PKK -treningsfelt n\u00e6r den tyrkiske grensen<\/strong>. St\u00f8tten fra eksterne akt\u00f8rer, inkludert organisasjonen for frigj\u00f8ring av Palestina (OLP), spilte ogs\u00e5 en viktig rolle i den milit\u00e6re kapasiteten og innflytelsen fra PKK. Til tross for intensiveringen av sammenst\u00f8tene mellom PKK -militante og tyrkiske sikkerhetsstyrker i l\u00f8pet av <strong>Nittitallet<\/strong>var det nettopp i det ti\u00e5ret at <strong>F\u00f8rste forhandlinger mellom de to delene<\/strong>.<\/p>\n<div class=\"cp_wrapper cp_wrapper--fw mb-50\">\n<figure class=\"mm\"><picture class=\"img\" style=\"padding-top:81.625%\"><source  media=\"(min-width: 1024px)\"><source  media=\"(min-width: 768px)\"><img decoding=\"async\" loading=\"lazy\" src=\"https:\/\/nordnesrepublikken.no\/wp-content\/uploads\/2025\/05\/1747064978_928_Fordi-den-kurdiske-PKK-smeltet-og-kunngjorde-slutten-av-den.jpg\" alt=\"Bilde\" width=\"800\" height=\"653\"><\/source><\/source><\/picture><\/figure>\n<\/p><\/div>\n<h2>Abdullahs fangst <strong>\u00d6calan<\/strong>lederen for PKK<\/h2>\n<p>Ogs\u00e5 i denne fasen av dialogen p\u00e5la han seg selv <strong>Abdullah \u00d6calan<\/strong>men hans <strong>Fanget 15. februar 1999 av de tyrkiske hemmelige tjenestene<\/strong> &#8211; Under overf\u00f8ringen fra hovedkvarteret for den greske diplomatiske representasjonen til Kenya til flyplassen til Nairobi Embakasi &#8211; kriser han forhandlingene. Som p\u00e5pekt av flere analytikere, kunne den tyrkiske regjeringen ikke anerkjenne det kurdiske sp\u00f8rsm\u00e5let av historiske og politiske \u00e5rsaker og en mulig st\u00f8rre autonomi av dets mindretall, mens disse forhandlingene for det meste av PKK -ledelsen bare var hensiktsmessige for \u00e5 midlertidig og gjenvinne styrkene med tanke p\u00e5 den p\u00e5f\u00f8lgende fasen av milit\u00e6r sammenst\u00f8t med regjeringen i Ankara.<\/p>\n<h2>Det nye kurset med &laquo;demokratisk modernitet&raquo;<\/h2>\n<p>Etter fangsten av \u00d6calan og begynnelsen av hans internering (som fortsatt fortsetter i dag), <strong>Murat Karay\u0131lanch overtok ledelsen for PKK frem til 2013<\/strong>. Dette ti\u00e5ret var preget av interne maktkamp, \u200b\u200bs\u00e6rlig mellom reformistiske og tradisjonalistiske fraksjoner. Mellom 2003 og 2004 dukket det opp et brudd mellom en reformistisk fl\u00f8y som tok til orde for nedrustningen og en tradisjonalistisk vinge som favoriserte en retur til den v\u00e6pnede oppstanden. Den tradisjonalistiske fraksjonen, ledet av figurer som Murat Karay\u0131lanch og Cemil Bayik og overbeviste om at PKKs politiske kamp var ineffektiv uten den v\u00e6pnede, hadde det bedre. I l\u00f8pet av hans <strong>niende kongress av 2005<\/strong> Partiet omdefinerte sine m\u00e5l, med fokus p\u00e5 begrepene til <strong>&laquo;Demokratisk modernitet&raquo;<\/strong> Teoretisert av \u00d6calan. Den nye innstillingen til PKK \u00e5pnet for m\u00e5l som<strong>Kj\u00f8nnskapital, \u00f8kologisk demokrati og etablering av lokale administrative systemer<\/strong> I de kurdiske majoritetsomr\u00e5dene, og suspenderte m\u00e5let om \u00e5 skape en kurdisk statsinstitusjon autonom fra T\u00fcrkiye til fordel for en f\u00f8deralistisk visjon.<\/p>\n<h2>Intervensjonen i Syria og \u00e5rsakene til oppl\u00f8sningen av det kurdiske partiet<\/h2>\n<p>Etter slutten av Murat Karay\u0131lanchs ledelse i 2013 og en periode med intern kamp for makten, spilte PKK en viktig rolle i opplevelsen av selvtilliten til Rojava under den syriske borgerkrigen, en grunn som har presset Tyrkia til \u00e5 intensivere seg i Military Operations of the Last Decade mot Kurdish Militias i Iraq og Syria i 2015, inkludert Ypgs i Iraq og Syria i 2015, inkludert Ypgs i Iraq og Syria i 2015, inkludert Ypgs. Den islamske staten mot byen Kobane. I tillegg til involvering i andre land i omr\u00e5det, har PKK fortsatt en<strong> Kampanje for angrep og angrep mot milit\u00e6re og politiske m\u00e5l i hele Tyrkia<\/strong>inkludert noen veldig nylige. Fortsatt 24. oktober 2024 har faktisk to PKK -militanter <strong>Vedlagte hovedkvarteret til det tyrkiske luftfartsselskapet i Kahramankazan<\/strong> (ca. f\u00f8rti kilometer fra hovedstaden Ankara), og drepte 5 mennesker.<\/p>\n<p>Oppl\u00f8sningen som ble kunngjort 12. mai, kan derfor representere viljen til medlemmene av PKK av <strong>forlate den v\u00e6pnede kampen og fokusere p\u00e5 den politiske<\/strong>utnytte den enest\u00e5ende svakheten ved Recep Tayyip Erdo\u011fan. I 2028 peker faktisk den tyrkiske presidenten p\u00e5 en annen bekreftelse av mandatet hans og <strong>20 millioner kurdere av T\u00fcrkiye<\/strong> De kan ha en enorm vekt for sin politiske fremtid.<\/p>\n<div class=\"cp_wrapper cp_wrapper--fw mb-50\">\n<figure class=\"mm\"><picture class=\"img\" style=\"padding-top:75%\"><source  media=\"(min-width: 1024px)\"><source  media=\"(min-width: 768px)\"><img decoding=\"async\" loading=\"lazy\" src=\"https:\/\/nordnesrepublikken.no\/wp-content\/uploads\/2025\/03\/Som-er-Erdogans-utfordrer-til-presidentvalget-i-2028.jpg\" alt=\"Erdogan f\u00f8dt\" width=\"4032\" height=\"3024\" class=\"js-seedtag-img\"><\/source><\/source><\/picture><\/figure>\n<\/p><\/div>\n<\/p><\/div>\n","protected":false},"excerpt":{"rendered":"<p>I dag 12. mai 2025, etter mer enn 40 \u00e5rs v\u00e6pnet kamp, \u200b\u200blederkomiteen til PKK<\/p>\n","protected":false},"author":1,"featured_media":4485,"comment_status":"closed","ping_status":"open","sticky":false,"template":"","format":"standard","meta":{"footnotes":""},"categories":[23],"tags":[74,1244,83,331,2370,2367,2364,2365,2368,2366,1128,2369],"class_list":["post-4484","post","type-post","status-publish","format-standard","has-post-thumbnail","hentry","category-politikk","tag-den","tag-dens","tag-fordi","tag-historie","tag-kampen","tag-kunngjorde","tag-kurdiske","tag-pkk","tag-slutten","tag-smeltet","tag-turkiye","tag-vaepnede","generate-columns","tablet-grid-50","mobile-grid-100","grid-parent","grid-33","resize-featured-image"],"yoast_head":"<!-- This site is optimized with the Yoast SEO plugin v24.4 - https:\/\/yoast.com\/wordpress\/plugins\/seo\/ -->\n<title>Fordi den kurdiske PKK smeltet og kunngjorde slutten av den v\u00e6pnede kampen i T\u00fcrkiye: dens historie - Nordnesrepublikken<\/title>\n<meta name=\"robots\" content=\"index, follow, max-snippet:-1, max-image-preview:large, max-video-preview:-1\" \/>\n<link rel=\"canonical\" href=\"https:\/\/nordnesrepublikken.no\/index.php\/2025\/05\/12\/fordi-den-kurdiske-pkk-smeltet-og-kunngjorde-slutten-av-den-vaepnede-kampen-i-turkiye-dens-historie\/\" \/>\n<meta property=\"og:locale\" content=\"nb_NO\" \/>\n<meta property=\"og:type\" content=\"article\" \/>\n<meta property=\"og:title\" content=\"Fordi den kurdiske PKK smeltet og kunngjorde slutten av den v\u00e6pnede kampen i T\u00fcrkiye: dens historie - Nordnesrepublikken\" \/>\n<meta property=\"og:description\" content=\"I dag 12. mai 2025, etter mer enn 40 \u00e5rs v\u00e6pnet kamp, \u200b\u200blederkomiteen til PKK\" \/>\n<meta property=\"og:url\" content=\"https:\/\/nordnesrepublikken.no\/index.php\/2025\/05\/12\/fordi-den-kurdiske-pkk-smeltet-og-kunngjorde-slutten-av-den-vaepnede-kampen-i-turkiye-dens-historie\/\" \/>\n<meta property=\"og:site_name\" content=\"Nordnesrepublikken\" \/>\n<meta property=\"article:published_time\" content=\"2025-05-12T15:49:39+00:00\" \/>\n<meta property=\"og:image\" content=\"https:\/\/nordnesrepublikken.no\/wp-content\/uploads\/2025\/05\/1747064979_Fordi-den-kurdiske-PKK-smeltet-og-kunngjorde-slutten-av-den.jpg\" \/>\n\t<meta property=\"og:image:width\" content=\"1024\" \/>\n\t<meta property=\"og:image:height\" content=\"706\" \/>\n\t<meta property=\"og:image:type\" content=\"image\/jpeg\" \/>\n<meta name=\"author\" content=\"Ole Andersen\" \/>\n<meta name=\"twitter:card\" content=\"summary_large_image\" \/>\n<meta name=\"twitter:label1\" content=\"Skrevet av\" \/>\n\t<meta name=\"twitter:data1\" content=\"Ole Andersen\" \/>\n\t<meta name=\"twitter:label2\" content=\"Ansl. lesetid\" \/>\n\t<meta name=\"twitter:data2\" content=\"4 minutter\" \/>\n<script type=\"application\/ld+json\" class=\"yoast-schema-graph\">{\"@context\":\"https:\/\/schema.org\",\"@graph\":[{\"@type\":\"Article\",\"@id\":\"https:\/\/nordnesrepublikken.no\/index.php\/2025\/05\/12\/fordi-den-kurdiske-pkk-smeltet-og-kunngjorde-slutten-av-den-vaepnede-kampen-i-turkiye-dens-historie\/#article\",\"isPartOf\":{\"@id\":\"https:\/\/nordnesrepublikken.no\/index.php\/2025\/05\/12\/fordi-den-kurdiske-pkk-smeltet-og-kunngjorde-slutten-av-den-vaepnede-kampen-i-turkiye-dens-historie\/\"},\"author\":{\"name\":\"Ole Andersen\",\"@id\":\"https:\/\/nordnesrepublikken.no\/#\/schema\/person\/2e7e81935bab77882fffb79296240ff1\"},\"headline\":\"Fordi den kurdiske PKK smeltet og kunngjorde slutten av den v\u00e6pnede kampen i T\u00fcrkiye: dens historie\",\"datePublished\":\"2025-05-12T15:49:39+00:00\",\"mainEntityOfPage\":{\"@id\":\"https:\/\/nordnesrepublikken.no\/index.php\/2025\/05\/12\/fordi-den-kurdiske-pkk-smeltet-og-kunngjorde-slutten-av-den-vaepnede-kampen-i-turkiye-dens-historie\/\"},\"wordCount\":877,\"publisher\":{\"@id\":\"https:\/\/nordnesrepublikken.no\/#organization\"},\"image\":{\"@id\":\"https:\/\/nordnesrepublikken.no\/index.php\/2025\/05\/12\/fordi-den-kurdiske-pkk-smeltet-og-kunngjorde-slutten-av-den-vaepnede-kampen-i-turkiye-dens-historie\/#primaryimage\"},\"thumbnailUrl\":\"https:\/\/nordnesrepublikken.no\/wp-content\/uploads\/2025\/05\/1747064979_Fordi-den-kurdiske-PKK-smeltet-og-kunngjorde-slutten-av-den.jpg\",\"keywords\":[\"den\",\"dens\",\"Fordi\",\"historie\",\"kampen\",\"kunngjorde\",\"kurdiske\",\"PKK\",\"slutten\",\"smeltet\",\"T\u00fcrkiye\",\"v\u00e6pnede\"],\"articleSection\":[\"Politikk\"],\"inLanguage\":\"nb-NO\"},{\"@type\":\"WebPage\",\"@id\":\"https:\/\/nordnesrepublikken.no\/index.php\/2025\/05\/12\/fordi-den-kurdiske-pkk-smeltet-og-kunngjorde-slutten-av-den-vaepnede-kampen-i-turkiye-dens-historie\/\",\"url\":\"https:\/\/nordnesrepublikken.no\/index.php\/2025\/05\/12\/fordi-den-kurdiske-pkk-smeltet-og-kunngjorde-slutten-av-den-vaepnede-kampen-i-turkiye-dens-historie\/\",\"name\":\"Fordi den kurdiske PKK smeltet og kunngjorde slutten av den v\u00e6pnede kampen i T\u00fcrkiye: dens historie - Nordnesrepublikken\",\"isPartOf\":{\"@id\":\"https:\/\/nordnesrepublikken.no\/#website\"},\"primaryImageOfPage\":{\"@id\":\"https:\/\/nordnesrepublikken.no\/index.php\/2025\/05\/12\/fordi-den-kurdiske-pkk-smeltet-og-kunngjorde-slutten-av-den-vaepnede-kampen-i-turkiye-dens-historie\/#primaryimage\"},\"image\":{\"@id\":\"https:\/\/nordnesrepublikken.no\/index.php\/2025\/05\/12\/fordi-den-kurdiske-pkk-smeltet-og-kunngjorde-slutten-av-den-vaepnede-kampen-i-turkiye-dens-historie\/#primaryimage\"},\"thumbnailUrl\":\"https:\/\/nordnesrepublikken.no\/wp-content\/uploads\/2025\/05\/1747064979_Fordi-den-kurdiske-PKK-smeltet-og-kunngjorde-slutten-av-den.jpg\",\"datePublished\":\"2025-05-12T15:49:39+00:00\",\"breadcrumb\":{\"@id\":\"https:\/\/nordnesrepublikken.no\/index.php\/2025\/05\/12\/fordi-den-kurdiske-pkk-smeltet-og-kunngjorde-slutten-av-den-vaepnede-kampen-i-turkiye-dens-historie\/#breadcrumb\"},\"inLanguage\":\"nb-NO\",\"potentialAction\":[{\"@type\":\"ReadAction\",\"target\":[\"https:\/\/nordnesrepublikken.no\/index.php\/2025\/05\/12\/fordi-den-kurdiske-pkk-smeltet-og-kunngjorde-slutten-av-den-vaepnede-kampen-i-turkiye-dens-historie\/\"]}]},{\"@type\":\"ImageObject\",\"inLanguage\":\"nb-NO\",\"@id\":\"https:\/\/nordnesrepublikken.no\/index.php\/2025\/05\/12\/fordi-den-kurdiske-pkk-smeltet-og-kunngjorde-slutten-av-den-vaepnede-kampen-i-turkiye-dens-historie\/#primaryimage\",\"url\":\"https:\/\/nordnesrepublikken.no\/wp-content\/uploads\/2025\/05\/1747064979_Fordi-den-kurdiske-PKK-smeltet-og-kunngjorde-slutten-av-den.jpg\",\"contentUrl\":\"https:\/\/nordnesrepublikken.no\/wp-content\/uploads\/2025\/05\/1747064979_Fordi-den-kurdiske-PKK-smeltet-og-kunngjorde-slutten-av-den.jpg\",\"width\":1024,\"height\":706,\"caption\":\"Immagine\"},{\"@type\":\"BreadcrumbList\",\"@id\":\"https:\/\/nordnesrepublikken.no\/index.php\/2025\/05\/12\/fordi-den-kurdiske-pkk-smeltet-og-kunngjorde-slutten-av-den-vaepnede-kampen-i-turkiye-dens-historie\/#breadcrumb\",\"itemListElement\":[{\"@type\":\"ListItem\",\"position\":1,\"name\":\"Home\",\"item\":\"https:\/\/nordnesrepublikken.no\/\"},{\"@type\":\"ListItem\",\"position\":2,\"name\":\"Fordi den kurdiske PKK smeltet og kunngjorde slutten av den v\u00e6pnede kampen i T\u00fcrkiye: dens historie\"}]},{\"@type\":\"WebSite\",\"@id\":\"https:\/\/nordnesrepublikken.no\/#website\",\"url\":\"https:\/\/nordnesrepublikken.no\/\",\"name\":\"Nordnesrepublikken\",\"description\":\"Stemmer og Visjoner fra Republikkens Hjerte\",\"publisher\":{\"@id\":\"https:\/\/nordnesrepublikken.no\/#organization\"},\"potentialAction\":[{\"@type\":\"SearchAction\",\"target\":{\"@type\":\"EntryPoint\",\"urlTemplate\":\"https:\/\/nordnesrepublikken.no\/?s={search_term_string}\"},\"query-input\":{\"@type\":\"PropertyValueSpecification\",\"valueRequired\":true,\"valueName\":\"search_term_string\"}}],\"inLanguage\":\"nb-NO\"},{\"@type\":\"Organization\",\"@id\":\"https:\/\/nordnesrepublikken.no\/#organization\",\"name\":\"Nordnesrepublikken\",\"url\":\"https:\/\/nordnesrepublikken.no\/\",\"logo\":{\"@type\":\"ImageObject\",\"inLanguage\":\"nb-NO\",\"@id\":\"https:\/\/nordnesrepublikken.no\/#\/schema\/logo\/image\/\",\"url\":\"https:\/\/nordnesrepublikken.no\/wp-content\/uploads\/2025\/02\/cropped-nordnesrepublikken-2.png\",\"contentUrl\":\"https:\/\/nordnesrepublikken.no\/wp-content\/uploads\/2025\/02\/cropped-nordnesrepublikken-2.png\",\"width\":1248,\"height\":362,\"caption\":\"Nordnesrepublikken\"},\"image\":{\"@id\":\"https:\/\/nordnesrepublikken.no\/#\/schema\/logo\/image\/\"}},{\"@type\":\"Person\",\"@id\":\"https:\/\/nordnesrepublikken.no\/#\/schema\/person\/2e7e81935bab77882fffb79296240ff1\",\"name\":\"Ole Andersen\",\"image\":{\"@type\":\"ImageObject\",\"inLanguage\":\"nb-NO\",\"@id\":\"https:\/\/nordnesrepublikken.no\/#\/schema\/person\/image\/\",\"url\":\"https:\/\/nordnesrepublikken.no\/wp-content\/uploads\/2025\/02\/nordnesrepublikken-2-2-150x150.jpg\",\"contentUrl\":\"https:\/\/nordnesrepublikken.no\/wp-content\/uploads\/2025\/02\/nordnesrepublikken-2-2-150x150.jpg\",\"caption\":\"Ole Andersen\"},\"description\":\"Ettersom jeg vokste opp i Oslo, har jeg alltid v\u00e6rt fascinert av ordenes kraft og deres evne til \u00e5 skape endringer. Etter \u00e5 ha fullf\u00f8rt min utdannelse i kommunikasjon ved Universitetet i Bergen, fikk jeg muligheten til \u00e5 jobbe innen ulike medier, der jeg har s\u00f8kt \u00e5 belyse viktige samfunnssp\u00f8rsm\u00e5l. I dag, som redakt\u00f8r for Nordnesrepublikken, pr\u00f8ver jeg \u00e5 forene min kj\u00e6rlighet for journalistikk med min lidenskap for innovasjon og eventyr.\",\"sameAs\":[\"https:\/\/nordnesrepublikken.no\/\"]}]}<\/script>\n<!-- \/ Yoast SEO plugin. -->","yoast_head_json":{"title":"Fordi den kurdiske PKK smeltet og kunngjorde slutten av den v\u00e6pnede kampen i T\u00fcrkiye: dens historie - Nordnesrepublikken","robots":{"index":"index","follow":"follow","max-snippet":"max-snippet:-1","max-image-preview":"max-image-preview:large","max-video-preview":"max-video-preview:-1"},"canonical":"https:\/\/nordnesrepublikken.no\/index.php\/2025\/05\/12\/fordi-den-kurdiske-pkk-smeltet-og-kunngjorde-slutten-av-den-vaepnede-kampen-i-turkiye-dens-historie\/","og_locale":"nb_NO","og_type":"article","og_title":"Fordi den kurdiske PKK smeltet og kunngjorde slutten av den v\u00e6pnede kampen i T\u00fcrkiye: dens historie - Nordnesrepublikken","og_description":"I dag 12. mai 2025, etter mer enn 40 \u00e5rs v\u00e6pnet kamp, \u200b\u200blederkomiteen til PKK","og_url":"https:\/\/nordnesrepublikken.no\/index.php\/2025\/05\/12\/fordi-den-kurdiske-pkk-smeltet-og-kunngjorde-slutten-av-den-vaepnede-kampen-i-turkiye-dens-historie\/","og_site_name":"Nordnesrepublikken","article_published_time":"2025-05-12T15:49:39+00:00","og_image":[{"width":1024,"height":706,"url":"https:\/\/nordnesrepublikken.no\/wp-content\/uploads\/2025\/05\/1747064979_Fordi-den-kurdiske-PKK-smeltet-og-kunngjorde-slutten-av-den.jpg","type":"image\/jpeg"}],"author":"Ole Andersen","twitter_card":"summary_large_image","twitter_misc":{"Skrevet av":"Ole Andersen","Ansl. lesetid":"4 minutter"},"schema":{"@context":"https:\/\/schema.org","@graph":[{"@type":"Article","@id":"https:\/\/nordnesrepublikken.no\/index.php\/2025\/05\/12\/fordi-den-kurdiske-pkk-smeltet-og-kunngjorde-slutten-av-den-vaepnede-kampen-i-turkiye-dens-historie\/#article","isPartOf":{"@id":"https:\/\/nordnesrepublikken.no\/index.php\/2025\/05\/12\/fordi-den-kurdiske-pkk-smeltet-og-kunngjorde-slutten-av-den-vaepnede-kampen-i-turkiye-dens-historie\/"},"author":{"name":"Ole Andersen","@id":"https:\/\/nordnesrepublikken.no\/#\/schema\/person\/2e7e81935bab77882fffb79296240ff1"},"headline":"Fordi den kurdiske PKK smeltet og kunngjorde slutten av den v\u00e6pnede kampen i T\u00fcrkiye: dens historie","datePublished":"2025-05-12T15:49:39+00:00","mainEntityOfPage":{"@id":"https:\/\/nordnesrepublikken.no\/index.php\/2025\/05\/12\/fordi-den-kurdiske-pkk-smeltet-og-kunngjorde-slutten-av-den-vaepnede-kampen-i-turkiye-dens-historie\/"},"wordCount":877,"publisher":{"@id":"https:\/\/nordnesrepublikken.no\/#organization"},"image":{"@id":"https:\/\/nordnesrepublikken.no\/index.php\/2025\/05\/12\/fordi-den-kurdiske-pkk-smeltet-og-kunngjorde-slutten-av-den-vaepnede-kampen-i-turkiye-dens-historie\/#primaryimage"},"thumbnailUrl":"https:\/\/nordnesrepublikken.no\/wp-content\/uploads\/2025\/05\/1747064979_Fordi-den-kurdiske-PKK-smeltet-og-kunngjorde-slutten-av-den.jpg","keywords":["den","dens","Fordi","historie","kampen","kunngjorde","kurdiske","PKK","slutten","smeltet","T\u00fcrkiye","v\u00e6pnede"],"articleSection":["Politikk"],"inLanguage":"nb-NO"},{"@type":"WebPage","@id":"https:\/\/nordnesrepublikken.no\/index.php\/2025\/05\/12\/fordi-den-kurdiske-pkk-smeltet-og-kunngjorde-slutten-av-den-vaepnede-kampen-i-turkiye-dens-historie\/","url":"https:\/\/nordnesrepublikken.no\/index.php\/2025\/05\/12\/fordi-den-kurdiske-pkk-smeltet-og-kunngjorde-slutten-av-den-vaepnede-kampen-i-turkiye-dens-historie\/","name":"Fordi den kurdiske PKK smeltet og kunngjorde slutten av den v\u00e6pnede kampen i T\u00fcrkiye: dens historie - Nordnesrepublikken","isPartOf":{"@id":"https:\/\/nordnesrepublikken.no\/#website"},"primaryImageOfPage":{"@id":"https:\/\/nordnesrepublikken.no\/index.php\/2025\/05\/12\/fordi-den-kurdiske-pkk-smeltet-og-kunngjorde-slutten-av-den-vaepnede-kampen-i-turkiye-dens-historie\/#primaryimage"},"image":{"@id":"https:\/\/nordnesrepublikken.no\/index.php\/2025\/05\/12\/fordi-den-kurdiske-pkk-smeltet-og-kunngjorde-slutten-av-den-vaepnede-kampen-i-turkiye-dens-historie\/#primaryimage"},"thumbnailUrl":"https:\/\/nordnesrepublikken.no\/wp-content\/uploads\/2025\/05\/1747064979_Fordi-den-kurdiske-PKK-smeltet-og-kunngjorde-slutten-av-den.jpg","datePublished":"2025-05-12T15:49:39+00:00","breadcrumb":{"@id":"https:\/\/nordnesrepublikken.no\/index.php\/2025\/05\/12\/fordi-den-kurdiske-pkk-smeltet-og-kunngjorde-slutten-av-den-vaepnede-kampen-i-turkiye-dens-historie\/#breadcrumb"},"inLanguage":"nb-NO","potentialAction":[{"@type":"ReadAction","target":["https:\/\/nordnesrepublikken.no\/index.php\/2025\/05\/12\/fordi-den-kurdiske-pkk-smeltet-og-kunngjorde-slutten-av-den-vaepnede-kampen-i-turkiye-dens-historie\/"]}]},{"@type":"ImageObject","inLanguage":"nb-NO","@id":"https:\/\/nordnesrepublikken.no\/index.php\/2025\/05\/12\/fordi-den-kurdiske-pkk-smeltet-og-kunngjorde-slutten-av-den-vaepnede-kampen-i-turkiye-dens-historie\/#primaryimage","url":"https:\/\/nordnesrepublikken.no\/wp-content\/uploads\/2025\/05\/1747064979_Fordi-den-kurdiske-PKK-smeltet-og-kunngjorde-slutten-av-den.jpg","contentUrl":"https:\/\/nordnesrepublikken.no\/wp-content\/uploads\/2025\/05\/1747064979_Fordi-den-kurdiske-PKK-smeltet-og-kunngjorde-slutten-av-den.jpg","width":1024,"height":706,"caption":"Immagine"},{"@type":"BreadcrumbList","@id":"https:\/\/nordnesrepublikken.no\/index.php\/2025\/05\/12\/fordi-den-kurdiske-pkk-smeltet-og-kunngjorde-slutten-av-den-vaepnede-kampen-i-turkiye-dens-historie\/#breadcrumb","itemListElement":[{"@type":"ListItem","position":1,"name":"Home","item":"https:\/\/nordnesrepublikken.no\/"},{"@type":"ListItem","position":2,"name":"Fordi den kurdiske PKK smeltet og kunngjorde slutten av den v\u00e6pnede kampen i T\u00fcrkiye: dens historie"}]},{"@type":"WebSite","@id":"https:\/\/nordnesrepublikken.no\/#website","url":"https:\/\/nordnesrepublikken.no\/","name":"Nordnesrepublikken","description":"Stemmer og Visjoner fra Republikkens Hjerte","publisher":{"@id":"https:\/\/nordnesrepublikken.no\/#organization"},"potentialAction":[{"@type":"SearchAction","target":{"@type":"EntryPoint","urlTemplate":"https:\/\/nordnesrepublikken.no\/?s={search_term_string}"},"query-input":{"@type":"PropertyValueSpecification","valueRequired":true,"valueName":"search_term_string"}}],"inLanguage":"nb-NO"},{"@type":"Organization","@id":"https:\/\/nordnesrepublikken.no\/#organization","name":"Nordnesrepublikken","url":"https:\/\/nordnesrepublikken.no\/","logo":{"@type":"ImageObject","inLanguage":"nb-NO","@id":"https:\/\/nordnesrepublikken.no\/#\/schema\/logo\/image\/","url":"https:\/\/nordnesrepublikken.no\/wp-content\/uploads\/2025\/02\/cropped-nordnesrepublikken-2.png","contentUrl":"https:\/\/nordnesrepublikken.no\/wp-content\/uploads\/2025\/02\/cropped-nordnesrepublikken-2.png","width":1248,"height":362,"caption":"Nordnesrepublikken"},"image":{"@id":"https:\/\/nordnesrepublikken.no\/#\/schema\/logo\/image\/"}},{"@type":"Person","@id":"https:\/\/nordnesrepublikken.no\/#\/schema\/person\/2e7e81935bab77882fffb79296240ff1","name":"Ole Andersen","image":{"@type":"ImageObject","inLanguage":"nb-NO","@id":"https:\/\/nordnesrepublikken.no\/#\/schema\/person\/image\/","url":"https:\/\/nordnesrepublikken.no\/wp-content\/uploads\/2025\/02\/nordnesrepublikken-2-2-150x150.jpg","contentUrl":"https:\/\/nordnesrepublikken.no\/wp-content\/uploads\/2025\/02\/nordnesrepublikken-2-2-150x150.jpg","caption":"Ole Andersen"},"description":"Ettersom jeg vokste opp i Oslo, har jeg alltid v\u00e6rt fascinert av ordenes kraft og deres evne til \u00e5 skape endringer. Etter \u00e5 ha fullf\u00f8rt min utdannelse i kommunikasjon ved Universitetet i Bergen, fikk jeg muligheten til \u00e5 jobbe innen ulike medier, der jeg har s\u00f8kt \u00e5 belyse viktige samfunnssp\u00f8rsm\u00e5l. I dag, som redakt\u00f8r for Nordnesrepublikken, pr\u00f8ver jeg \u00e5 forene min kj\u00e6rlighet for journalistikk med min lidenskap for innovasjon og eventyr.","sameAs":["https:\/\/nordnesrepublikken.no\/"]}]}},"_links":{"self":[{"href":"https:\/\/nordnesrepublikken.no\/index.php\/wp-json\/wp\/v2\/posts\/4484","targetHints":{"allow":["GET"]}}],"collection":[{"href":"https:\/\/nordnesrepublikken.no\/index.php\/wp-json\/wp\/v2\/posts"}],"about":[{"href":"https:\/\/nordnesrepublikken.no\/index.php\/wp-json\/wp\/v2\/types\/post"}],"author":[{"embeddable":true,"href":"https:\/\/nordnesrepublikken.no\/index.php\/wp-json\/wp\/v2\/users\/1"}],"replies":[{"embeddable":true,"href":"https:\/\/nordnesrepublikken.no\/index.php\/wp-json\/wp\/v2\/comments?post=4484"}],"version-history":[{"count":1,"href":"https:\/\/nordnesrepublikken.no\/index.php\/wp-json\/wp\/v2\/posts\/4484\/revisions"}],"predecessor-version":[{"id":4486,"href":"https:\/\/nordnesrepublikken.no\/index.php\/wp-json\/wp\/v2\/posts\/4484\/revisions\/4486"}],"wp:featuredmedia":[{"embeddable":true,"href":"https:\/\/nordnesrepublikken.no\/index.php\/wp-json\/wp\/v2\/media\/4485"}],"wp:attachment":[{"href":"https:\/\/nordnesrepublikken.no\/index.php\/wp-json\/wp\/v2\/media?parent=4484"}],"wp:term":[{"taxonomy":"category","embeddable":true,"href":"https:\/\/nordnesrepublikken.no\/index.php\/wp-json\/wp\/v2\/categories?post=4484"},{"taxonomy":"post_tag","embeddable":true,"href":"https:\/\/nordnesrepublikken.no\/index.php\/wp-json\/wp\/v2\/tags?post=4484"}],"curies":[{"name":"wp","href":"https:\/\/api.w.org\/{rel}","templated":true}]}}