{"id":4436,"date":"2025-05-11T10:50:00","date_gmt":"2025-05-11T08:50:00","guid":{"rendered":"https:\/\/nordnesrepublikken.no\/index.php\/2025\/05\/11\/sportest-versjon-av-skodas-nye-elektriske-kompakte-suv\/"},"modified":"2025-05-11T10:50:01","modified_gmt":"2025-05-11T08:50:01","slug":"sportest-versjon-av-skodas-nye-elektriske-kompakte-suv","status":"publish","type":"post","link":"https:\/\/nordnesrepublikken.no\/index.php\/2025\/05\/11\/sportest-versjon-av-skodas-nye-elektriske-kompakte-suv\/","title":{"rendered":"Sportest versjon av \u0160kodas nye elektriske kompakte SUV"},"content":{"rendered":"<p><\/p>\n<div class=\"wordpress-content\">\n                    <!-- Article Start --><\/p>\n<p><strong>Tsjekkisk bilprodusent \u0160koda har lansert noen attraktive EV -er og ikke mer enn med sine sportslige VRS -modeller. Selskapet har n\u00e5 avsl\u00f8rt VRS Range-Topping ELROQ bare seks m\u00e5neder etter verdenspremieren p\u00e5 det nye ELROQ-serien, som konkurrerer i det popul\u00e6re Electric Compact SUV-segmentet. Dette siste medlemmet av VRS-familien har to motorer som genererer en total systemutgang p\u00e5 340 ps og er utstyrt med firehjulsdrift. Den leveres med et elektrisk utvalg p\u00e5 mer enn 340 miles, spesifikt VRS -tilbeh\u00f8r og omfattende standardutstyr. Det er ogs\u00e5 den raskeste akselererende bilen i \u0160kodas n\u00e5v\u00e6rende modellportef\u00f8lje, og sprint fra 0 til 100 km\/t\/62 mph p\u00e5 5,4 sekunder.<\/strong><span id=\"more-521113\"><\/span><\/p>\n<p>Den sportslige toppversjonen av Elroq var en del av Milan Design Week etter sin digitale verdenspremiere, den ble vist frem p\u00e5 arrangementet i Italia forrige m\u00e5ned, og markerte den f\u00f8rste offentlige utseendet til \u0160koda Elroq VRS. De elektriske motorene-p\u00e5 forakselen og p\u00e5 bakakselen-utvikler en total utgang p\u00e5 340 ps og st\u00f8tter firehjulsdrift. Akselerasjon fra 0 til 100 km\/t\/62 mph p\u00e5 5,4 sekunder, med en toppfart p\u00e5 178 km\/t\/111 mph betyr at Elroq VRS er en veritabel lommakett. H\u00f8yspentbatteriet har en kapasitet p\u00e5 84 kWh, noe som muliggj\u00f8r et angitt maksimalt elektrisk omr\u00e5de p\u00e5 mer enn 547 km\/340 miles p\u00e5 WLTP-syklusen.<\/p>\n<div class=\"sra_unit\"><link rel=\"stylesheet\" id=\"block-sra\" href=\"https:\/\/euroweeklynews.com\/wp-content\/plugins\/snack-related-articles\/dist\/css\/snack-related.min.css?250312-193541\" type=\"text\/css\" media=\"all\">\n<\/div>\n<p>Svarte utvendige detaljer og eksklusive legeringshjul og det omfattende standardutstyret inkluderer banebrytende LED-matriksstr\u00e5lelykter og LED baklys med dynamiske indikatorer. Et elektrisk justerbart f\u00f8rersete med massasjefunksjon kommer ogs\u00e5 som standard. Den er tilgjengelig for frontpassasjeren som en del av den valgfrie Maxx -pakken.<\/p>\n<p>Som alle ELROQ-modeller, er VRS-varianten preget av de nye h\u00f8yglansede Black Face som har plass til flere sensorer, inkludert radar. LED-matriksstr\u00e5lens frontlykter med sitt fire-\u00f8ye-utseende er et kjennetegn p\u00e5 \u0160koda SUV-serien. LED baklys med dynamiske indikatorer er ogs\u00e5 inkludert som standard.<\/p>\n<p>Pris og spesifikasjon vil bli kunngjort senere, med f\u00f8rste leveranser forventet om sommeren.<\/p>\n<p>                    <!-- Article End --><\/p><\/div>\n","protected":false},"excerpt":{"rendered":"<p>Tsjekkisk bilprodusent \u0160koda har lansert noen attraktive EV -er og ikke mer enn med sine<\/p>\n","protected":false},"author":1,"featured_media":4437,"comment_status":"closed","ping_status":"open","sticky":false,"template":"","format":"standard","meta":{"footnotes":""},"categories":[105],"tags":[1652,2312,260,2311,2310,2313,1834],"class_list":["post-4436","post","type-post","status-publish","format-standard","has-post-thumbnail","hentry","category-livsstil","tag-elektriske","tag-kompakte","tag-nye","tag-skodas","tag-sportest","tag-suv","tag-versjon","generate-columns","tablet-grid-50","mobile-grid-100","grid-parent","grid-33","resize-featured-image"],"yoast_head":"<!-- This site is optimized with the Yoast SEO plugin v24.4 - https:\/\/yoast.com\/wordpress\/plugins\/seo\/ -->\n<title>Sportest versjon av \u0160kodas nye elektriske kompakte SUV - Nordnesrepublikken<\/title>\n<meta name=\"robots\" content=\"index, follow, max-snippet:-1, max-image-preview:large, max-video-preview:-1\" \/>\n<link rel=\"canonical\" href=\"https:\/\/nordnesrepublikken.no\/index.php\/2025\/05\/11\/sportest-versjon-av-skodas-nye-elektriske-kompakte-suv\/\" \/>\n<meta property=\"og:locale\" content=\"nb_NO\" \/>\n<meta property=\"og:type\" content=\"article\" \/>\n<meta property=\"og:title\" content=\"Sportest versjon av \u0160kodas nye elektriske kompakte SUV - Nordnesrepublikken\" \/>\n<meta property=\"og:description\" content=\"Tsjekkisk bilprodusent \u0160koda har lansert noen attraktive EV -er og ikke mer enn med sine\" \/>\n<meta property=\"og:url\" content=\"https:\/\/nordnesrepublikken.no\/index.php\/2025\/05\/11\/sportest-versjon-av-skodas-nye-elektriske-kompakte-suv\/\" \/>\n<meta property=\"og:site_name\" content=\"Nordnesrepublikken\" \/>\n<meta property=\"article:published_time\" content=\"2025-05-11T08:50:00+00:00\" \/>\n<meta property=\"article:modified_time\" content=\"2025-05-11T08:50:01+00:00\" \/>\n<meta property=\"og:image\" content=\"https:\/\/nordnesrepublikken.no\/wp-content\/uploads\/2025\/05\/1746953400_Sportest-versjon-av-Skodas-nye-elektriske-kompakte-SUV.jpg\" \/>\n\t<meta property=\"og:image:width\" content=\"1200\" \/>\n\t<meta property=\"og:image:height\" content=\"1050\" \/>\n\t<meta property=\"og:image:type\" content=\"image\/jpeg\" \/>\n<meta name=\"author\" content=\"Ole Andersen\" \/>\n<meta name=\"twitter:card\" content=\"summary_large_image\" \/>\n<meta name=\"twitter:label1\" content=\"Skrevet av\" \/>\n\t<meta name=\"twitter:data1\" content=\"Ole Andersen\" \/>\n\t<meta name=\"twitter:label2\" content=\"Ansl. lesetid\" \/>\n\t<meta name=\"twitter:data2\" content=\"2 minutter\" \/>\n<script type=\"application\/ld+json\" class=\"yoast-schema-graph\">{\"@context\":\"https:\/\/schema.org\",\"@graph\":[{\"@type\":\"Article\",\"@id\":\"https:\/\/nordnesrepublikken.no\/index.php\/2025\/05\/11\/sportest-versjon-av-skodas-nye-elektriske-kompakte-suv\/#article\",\"isPartOf\":{\"@id\":\"https:\/\/nordnesrepublikken.no\/index.php\/2025\/05\/11\/sportest-versjon-av-skodas-nye-elektriske-kompakte-suv\/\"},\"author\":{\"name\":\"Ole Andersen\",\"@id\":\"https:\/\/nordnesrepublikken.no\/#\/schema\/person\/2e7e81935bab77882fffb79296240ff1\"},\"headline\":\"Sportest versjon av \u0160kodas nye elektriske kompakte SUV\",\"datePublished\":\"2025-05-11T08:50:00+00:00\",\"dateModified\":\"2025-05-11T08:50:01+00:00\",\"mainEntityOfPage\":{\"@id\":\"https:\/\/nordnesrepublikken.no\/index.php\/2025\/05\/11\/sportest-versjon-av-skodas-nye-elektriske-kompakte-suv\/\"},\"wordCount\":316,\"publisher\":{\"@id\":\"https:\/\/nordnesrepublikken.no\/#organization\"},\"image\":{\"@id\":\"https:\/\/nordnesrepublikken.no\/index.php\/2025\/05\/11\/sportest-versjon-av-skodas-nye-elektriske-kompakte-suv\/#primaryimage\"},\"thumbnailUrl\":\"https:\/\/nordnesrepublikken.no\/wp-content\/uploads\/2025\/05\/1746953400_Sportest-versjon-av-Skodas-nye-elektriske-kompakte-SUV.jpg\",\"keywords\":[\"elektriske\",\"kompakte\",\"nye\",\"\u0160kodas\",\"Sportest\",\"SUV\",\"versjon\"],\"articleSection\":[\"Livsstil\"],\"inLanguage\":\"nb-NO\"},{\"@type\":\"WebPage\",\"@id\":\"https:\/\/nordnesrepublikken.no\/index.php\/2025\/05\/11\/sportest-versjon-av-skodas-nye-elektriske-kompakte-suv\/\",\"url\":\"https:\/\/nordnesrepublikken.no\/index.php\/2025\/05\/11\/sportest-versjon-av-skodas-nye-elektriske-kompakte-suv\/\",\"name\":\"Sportest versjon av \u0160kodas nye elektriske kompakte SUV - Nordnesrepublikken\",\"isPartOf\":{\"@id\":\"https:\/\/nordnesrepublikken.no\/#website\"},\"primaryImageOfPage\":{\"@id\":\"https:\/\/nordnesrepublikken.no\/index.php\/2025\/05\/11\/sportest-versjon-av-skodas-nye-elektriske-kompakte-suv\/#primaryimage\"},\"image\":{\"@id\":\"https:\/\/nordnesrepublikken.no\/index.php\/2025\/05\/11\/sportest-versjon-av-skodas-nye-elektriske-kompakte-suv\/#primaryimage\"},\"thumbnailUrl\":\"https:\/\/nordnesrepublikken.no\/wp-content\/uploads\/2025\/05\/1746953400_Sportest-versjon-av-Skodas-nye-elektriske-kompakte-SUV.jpg\",\"datePublished\":\"2025-05-11T08:50:00+00:00\",\"dateModified\":\"2025-05-11T08:50:01+00:00\",\"breadcrumb\":{\"@id\":\"https:\/\/nordnesrepublikken.no\/index.php\/2025\/05\/11\/sportest-versjon-av-skodas-nye-elektriske-kompakte-suv\/#breadcrumb\"},\"inLanguage\":\"nb-NO\",\"potentialAction\":[{\"@type\":\"ReadAction\",\"target\":[\"https:\/\/nordnesrepublikken.no\/index.php\/2025\/05\/11\/sportest-versjon-av-skodas-nye-elektriske-kompakte-suv\/\"]}]},{\"@type\":\"ImageObject\",\"inLanguage\":\"nb-NO\",\"@id\":\"https:\/\/nordnesrepublikken.no\/index.php\/2025\/05\/11\/sportest-versjon-av-skodas-nye-elektriske-kompakte-suv\/#primaryimage\",\"url\":\"https:\/\/nordnesrepublikken.no\/wp-content\/uploads\/2025\/05\/1746953400_Sportest-versjon-av-Skodas-nye-elektriske-kompakte-SUV.jpg\",\"contentUrl\":\"https:\/\/nordnesrepublikken.no\/wp-content\/uploads\/2025\/05\/1746953400_Sportest-versjon-av-Skodas-nye-elektriske-kompakte-SUV.jpg\",\"width\":1200,\"height\":1050,\"caption\":\"Sportest versjon av \u0160kodas nye elektriske kompakte SUV\"},{\"@type\":\"BreadcrumbList\",\"@id\":\"https:\/\/nordnesrepublikken.no\/index.php\/2025\/05\/11\/sportest-versjon-av-skodas-nye-elektriske-kompakte-suv\/#breadcrumb\",\"itemListElement\":[{\"@type\":\"ListItem\",\"position\":1,\"name\":\"Home\",\"item\":\"https:\/\/nordnesrepublikken.no\/\"},{\"@type\":\"ListItem\",\"position\":2,\"name\":\"Sportest versjon av \u0160kodas nye elektriske kompakte SUV\"}]},{\"@type\":\"WebSite\",\"@id\":\"https:\/\/nordnesrepublikken.no\/#website\",\"url\":\"https:\/\/nordnesrepublikken.no\/\",\"name\":\"Nordnesrepublikken\",\"description\":\"Stemmer og Visjoner fra Republikkens Hjerte\",\"publisher\":{\"@id\":\"https:\/\/nordnesrepublikken.no\/#organization\"},\"potentialAction\":[{\"@type\":\"SearchAction\",\"target\":{\"@type\":\"EntryPoint\",\"urlTemplate\":\"https:\/\/nordnesrepublikken.no\/?s={search_term_string}\"},\"query-input\":{\"@type\":\"PropertyValueSpecification\",\"valueRequired\":true,\"valueName\":\"search_term_string\"}}],\"inLanguage\":\"nb-NO\"},{\"@type\":\"Organization\",\"@id\":\"https:\/\/nordnesrepublikken.no\/#organization\",\"name\":\"Nordnesrepublikken\",\"url\":\"https:\/\/nordnesrepublikken.no\/\",\"logo\":{\"@type\":\"ImageObject\",\"inLanguage\":\"nb-NO\",\"@id\":\"https:\/\/nordnesrepublikken.no\/#\/schema\/logo\/image\/\",\"url\":\"https:\/\/nordnesrepublikken.no\/wp-content\/uploads\/2025\/02\/cropped-nordnesrepublikken-2.png\",\"contentUrl\":\"https:\/\/nordnesrepublikken.no\/wp-content\/uploads\/2025\/02\/cropped-nordnesrepublikken-2.png\",\"width\":1248,\"height\":362,\"caption\":\"Nordnesrepublikken\"},\"image\":{\"@id\":\"https:\/\/nordnesrepublikken.no\/#\/schema\/logo\/image\/\"}},{\"@type\":\"Person\",\"@id\":\"https:\/\/nordnesrepublikken.no\/#\/schema\/person\/2e7e81935bab77882fffb79296240ff1\",\"name\":\"Ole Andersen\",\"image\":{\"@type\":\"ImageObject\",\"inLanguage\":\"nb-NO\",\"@id\":\"https:\/\/nordnesrepublikken.no\/#\/schema\/person\/image\/\",\"url\":\"https:\/\/nordnesrepublikken.no\/wp-content\/uploads\/2025\/02\/nordnesrepublikken-2-2-150x150.jpg\",\"contentUrl\":\"https:\/\/nordnesrepublikken.no\/wp-content\/uploads\/2025\/02\/nordnesrepublikken-2-2-150x150.jpg\",\"caption\":\"Ole Andersen\"},\"description\":\"Ettersom jeg vokste opp i Oslo, har jeg alltid v\u00e6rt fascinert av ordenes kraft og deres evne til \u00e5 skape endringer. Etter \u00e5 ha fullf\u00f8rt min utdannelse i kommunikasjon ved Universitetet i Bergen, fikk jeg muligheten til \u00e5 jobbe innen ulike medier, der jeg har s\u00f8kt \u00e5 belyse viktige samfunnssp\u00f8rsm\u00e5l. I dag, som redakt\u00f8r for Nordnesrepublikken, pr\u00f8ver jeg \u00e5 forene min kj\u00e6rlighet for journalistikk med min lidenskap for innovasjon og eventyr.\",\"sameAs\":[\"https:\/\/nordnesrepublikken.no\/\"]}]}<\/script>\n<!-- \/ Yoast SEO plugin. -->","yoast_head_json":{"title":"Sportest versjon av \u0160kodas nye elektriske kompakte SUV - Nordnesrepublikken","robots":{"index":"index","follow":"follow","max-snippet":"max-snippet:-1","max-image-preview":"max-image-preview:large","max-video-preview":"max-video-preview:-1"},"canonical":"https:\/\/nordnesrepublikken.no\/index.php\/2025\/05\/11\/sportest-versjon-av-skodas-nye-elektriske-kompakte-suv\/","og_locale":"nb_NO","og_type":"article","og_title":"Sportest versjon av \u0160kodas nye elektriske kompakte SUV - Nordnesrepublikken","og_description":"Tsjekkisk bilprodusent \u0160koda har lansert noen attraktive EV -er og ikke mer enn med sine","og_url":"https:\/\/nordnesrepublikken.no\/index.php\/2025\/05\/11\/sportest-versjon-av-skodas-nye-elektriske-kompakte-suv\/","og_site_name":"Nordnesrepublikken","article_published_time":"2025-05-11T08:50:00+00:00","article_modified_time":"2025-05-11T08:50:01+00:00","og_image":[{"width":1200,"height":1050,"url":"https:\/\/nordnesrepublikken.no\/wp-content\/uploads\/2025\/05\/1746953400_Sportest-versjon-av-Skodas-nye-elektriske-kompakte-SUV.jpg","type":"image\/jpeg"}],"author":"Ole Andersen","twitter_card":"summary_large_image","twitter_misc":{"Skrevet av":"Ole Andersen","Ansl. lesetid":"2 minutter"},"schema":{"@context":"https:\/\/schema.org","@graph":[{"@type":"Article","@id":"https:\/\/nordnesrepublikken.no\/index.php\/2025\/05\/11\/sportest-versjon-av-skodas-nye-elektriske-kompakte-suv\/#article","isPartOf":{"@id":"https:\/\/nordnesrepublikken.no\/index.php\/2025\/05\/11\/sportest-versjon-av-skodas-nye-elektriske-kompakte-suv\/"},"author":{"name":"Ole Andersen","@id":"https:\/\/nordnesrepublikken.no\/#\/schema\/person\/2e7e81935bab77882fffb79296240ff1"},"headline":"Sportest versjon av \u0160kodas nye elektriske kompakte SUV","datePublished":"2025-05-11T08:50:00+00:00","dateModified":"2025-05-11T08:50:01+00:00","mainEntityOfPage":{"@id":"https:\/\/nordnesrepublikken.no\/index.php\/2025\/05\/11\/sportest-versjon-av-skodas-nye-elektriske-kompakte-suv\/"},"wordCount":316,"publisher":{"@id":"https:\/\/nordnesrepublikken.no\/#organization"},"image":{"@id":"https:\/\/nordnesrepublikken.no\/index.php\/2025\/05\/11\/sportest-versjon-av-skodas-nye-elektriske-kompakte-suv\/#primaryimage"},"thumbnailUrl":"https:\/\/nordnesrepublikken.no\/wp-content\/uploads\/2025\/05\/1746953400_Sportest-versjon-av-Skodas-nye-elektriske-kompakte-SUV.jpg","keywords":["elektriske","kompakte","nye","\u0160kodas","Sportest","SUV","versjon"],"articleSection":["Livsstil"],"inLanguage":"nb-NO"},{"@type":"WebPage","@id":"https:\/\/nordnesrepublikken.no\/index.php\/2025\/05\/11\/sportest-versjon-av-skodas-nye-elektriske-kompakte-suv\/","url":"https:\/\/nordnesrepublikken.no\/index.php\/2025\/05\/11\/sportest-versjon-av-skodas-nye-elektriske-kompakte-suv\/","name":"Sportest versjon av \u0160kodas nye elektriske kompakte SUV - Nordnesrepublikken","isPartOf":{"@id":"https:\/\/nordnesrepublikken.no\/#website"},"primaryImageOfPage":{"@id":"https:\/\/nordnesrepublikken.no\/index.php\/2025\/05\/11\/sportest-versjon-av-skodas-nye-elektriske-kompakte-suv\/#primaryimage"},"image":{"@id":"https:\/\/nordnesrepublikken.no\/index.php\/2025\/05\/11\/sportest-versjon-av-skodas-nye-elektriske-kompakte-suv\/#primaryimage"},"thumbnailUrl":"https:\/\/nordnesrepublikken.no\/wp-content\/uploads\/2025\/05\/1746953400_Sportest-versjon-av-Skodas-nye-elektriske-kompakte-SUV.jpg","datePublished":"2025-05-11T08:50:00+00:00","dateModified":"2025-05-11T08:50:01+00:00","breadcrumb":{"@id":"https:\/\/nordnesrepublikken.no\/index.php\/2025\/05\/11\/sportest-versjon-av-skodas-nye-elektriske-kompakte-suv\/#breadcrumb"},"inLanguage":"nb-NO","potentialAction":[{"@type":"ReadAction","target":["https:\/\/nordnesrepublikken.no\/index.php\/2025\/05\/11\/sportest-versjon-av-skodas-nye-elektriske-kompakte-suv\/"]}]},{"@type":"ImageObject","inLanguage":"nb-NO","@id":"https:\/\/nordnesrepublikken.no\/index.php\/2025\/05\/11\/sportest-versjon-av-skodas-nye-elektriske-kompakte-suv\/#primaryimage","url":"https:\/\/nordnesrepublikken.no\/wp-content\/uploads\/2025\/05\/1746953400_Sportest-versjon-av-Skodas-nye-elektriske-kompakte-SUV.jpg","contentUrl":"https:\/\/nordnesrepublikken.no\/wp-content\/uploads\/2025\/05\/1746953400_Sportest-versjon-av-Skodas-nye-elektriske-kompakte-SUV.jpg","width":1200,"height":1050,"caption":"Sportest versjon av \u0160kodas nye elektriske kompakte SUV"},{"@type":"BreadcrumbList","@id":"https:\/\/nordnesrepublikken.no\/index.php\/2025\/05\/11\/sportest-versjon-av-skodas-nye-elektriske-kompakte-suv\/#breadcrumb","itemListElement":[{"@type":"ListItem","position":1,"name":"Home","item":"https:\/\/nordnesrepublikken.no\/"},{"@type":"ListItem","position":2,"name":"Sportest versjon av \u0160kodas nye elektriske kompakte SUV"}]},{"@type":"WebSite","@id":"https:\/\/nordnesrepublikken.no\/#website","url":"https:\/\/nordnesrepublikken.no\/","name":"Nordnesrepublikken","description":"Stemmer og Visjoner fra Republikkens Hjerte","publisher":{"@id":"https:\/\/nordnesrepublikken.no\/#organization"},"potentialAction":[{"@type":"SearchAction","target":{"@type":"EntryPoint","urlTemplate":"https:\/\/nordnesrepublikken.no\/?s={search_term_string}"},"query-input":{"@type":"PropertyValueSpecification","valueRequired":true,"valueName":"search_term_string"}}],"inLanguage":"nb-NO"},{"@type":"Organization","@id":"https:\/\/nordnesrepublikken.no\/#organization","name":"Nordnesrepublikken","url":"https:\/\/nordnesrepublikken.no\/","logo":{"@type":"ImageObject","inLanguage":"nb-NO","@id":"https:\/\/nordnesrepublikken.no\/#\/schema\/logo\/image\/","url":"https:\/\/nordnesrepublikken.no\/wp-content\/uploads\/2025\/02\/cropped-nordnesrepublikken-2.png","contentUrl":"https:\/\/nordnesrepublikken.no\/wp-content\/uploads\/2025\/02\/cropped-nordnesrepublikken-2.png","width":1248,"height":362,"caption":"Nordnesrepublikken"},"image":{"@id":"https:\/\/nordnesrepublikken.no\/#\/schema\/logo\/image\/"}},{"@type":"Person","@id":"https:\/\/nordnesrepublikken.no\/#\/schema\/person\/2e7e81935bab77882fffb79296240ff1","name":"Ole Andersen","image":{"@type":"ImageObject","inLanguage":"nb-NO","@id":"https:\/\/nordnesrepublikken.no\/#\/schema\/person\/image\/","url":"https:\/\/nordnesrepublikken.no\/wp-content\/uploads\/2025\/02\/nordnesrepublikken-2-2-150x150.jpg","contentUrl":"https:\/\/nordnesrepublikken.no\/wp-content\/uploads\/2025\/02\/nordnesrepublikken-2-2-150x150.jpg","caption":"Ole Andersen"},"description":"Ettersom jeg vokste opp i Oslo, har jeg alltid v\u00e6rt fascinert av ordenes kraft og deres evne til \u00e5 skape endringer. Etter \u00e5 ha fullf\u00f8rt min utdannelse i kommunikasjon ved Universitetet i Bergen, fikk jeg muligheten til \u00e5 jobbe innen ulike medier, der jeg har s\u00f8kt \u00e5 belyse viktige samfunnssp\u00f8rsm\u00e5l. I dag, som redakt\u00f8r for Nordnesrepublikken, pr\u00f8ver jeg \u00e5 forene min kj\u00e6rlighet for journalistikk med min lidenskap for innovasjon og eventyr.","sameAs":["https:\/\/nordnesrepublikken.no\/"]}]}},"_links":{"self":[{"href":"https:\/\/nordnesrepublikken.no\/index.php\/wp-json\/wp\/v2\/posts\/4436","targetHints":{"allow":["GET"]}}],"collection":[{"href":"https:\/\/nordnesrepublikken.no\/index.php\/wp-json\/wp\/v2\/posts"}],"about":[{"href":"https:\/\/nordnesrepublikken.no\/index.php\/wp-json\/wp\/v2\/types\/post"}],"author":[{"embeddable":true,"href":"https:\/\/nordnesrepublikken.no\/index.php\/wp-json\/wp\/v2\/users\/1"}],"replies":[{"embeddable":true,"href":"https:\/\/nordnesrepublikken.no\/index.php\/wp-json\/wp\/v2\/comments?post=4436"}],"version-history":[{"count":1,"href":"https:\/\/nordnesrepublikken.no\/index.php\/wp-json\/wp\/v2\/posts\/4436\/revisions"}],"predecessor-version":[{"id":4438,"href":"https:\/\/nordnesrepublikken.no\/index.php\/wp-json\/wp\/v2\/posts\/4436\/revisions\/4438"}],"wp:featuredmedia":[{"embeddable":true,"href":"https:\/\/nordnesrepublikken.no\/index.php\/wp-json\/wp\/v2\/media\/4437"}],"wp:attachment":[{"href":"https:\/\/nordnesrepublikken.no\/index.php\/wp-json\/wp\/v2\/media?parent=4436"}],"wp:term":[{"taxonomy":"category","embeddable":true,"href":"https:\/\/nordnesrepublikken.no\/index.php\/wp-json\/wp\/v2\/categories?post=4436"},{"taxonomy":"post_tag","embeddable":true,"href":"https:\/\/nordnesrepublikken.no\/index.php\/wp-json\/wp\/v2\/tags?post=4436"}],"curies":[{"name":"wp","href":"https:\/\/api.w.org\/{rel}","templated":true}]}}