{"id":4418,"date":"2025-05-10T18:50:27","date_gmt":"2025-05-10T16:50:27","guid":{"rendered":"https:\/\/nordnesrepublikken.no\/index.php\/2025\/05\/10\/som-ti-eiffeltarn-over-den-andre\/"},"modified":"2025-05-10T18:50:27","modified_gmt":"2025-05-10T16:50:27","slug":"som-ti-eiffeltarn-over-den-andre","status":"publish","type":"post","link":"https:\/\/nordnesrepublikken.no\/index.php\/2025\/05\/10\/som-ti-eiffeltarn-over-den-andre\/","title":{"rendered":"Som ti eiffelt\u00e5rn over den andre"},"content":{"rendered":"<div>\n<div class=\"cp_wrapper cp_wrapper--fw mb-30 mb-20@tablet\">\n<figure class=\"mm\"><picture class=\"img\" style=\"padding-top:56.25%\"><source  media=\"(min-width: 1024px)\"><source  media=\"(min-width: 768px)\"><\/source><\/source><\/picture><\/figure>\n<\/p><\/div>\n<p>N\u00e5r vi tenker p\u00e5 <strong>gruver<\/strong>Vi forestiller oss ofte store \u00e5pne utgravninger eller grunne underjordiske tunneler. Men det er steder der mennesket har presset sin evne til \u00e5 utnytte grensen, bokstavelig talt g\u00e5r til jordens dyp. Et av disse ekstraordin\u00e6re stedene finnes i <strong>S\u00f8r -Afrika<\/strong>s\u00f8r-vest for Johannesburg, og er den <strong>Gullgruve<\/strong> flere <strong>dyp<\/strong> av verden; kalles<strong> Mponeng<\/strong> Og det kommer til en dybde av br\u00f8nnen <strong>3,9 km<\/strong> under jordens overflate. For \u00e5 f\u00e5 en ide, er det som \u00e5 sette <strong>Eiffelt\u00e5rnet<\/strong> den ene over den andre! Ikke langt fra Moneng er det ogs\u00e5 <strong>Mine av Tautona<\/strong>en annen viktig s\u00f8rafrikansk gullgruve. Men hvorfor var det n\u00f8dvendig \u00e5 grave s\u00e5 dypt?<\/p>\n<p>P\u00e5 de dypet er de fortsatt funnet <strong>Gyldne \u00e5rer<\/strong> rik nok til \u00e5 rettferdiggj\u00f8re jeg <strong>kostnader<\/strong> og <strong>vanskelighet<\/strong> av ekstraksjon. Gruven til <strong>Mponeng<\/strong> I \u00e5revis har det v\u00e6rt en av de mest produktive i verden, selv om gull i dag er stadig vanskeligere \u00e5 finne. Ned til slutten krever tid: <strong>heiser<\/strong> De bruker omtrent en time for \u00e5 komme til de dypere niv\u00e5ene. Men det er ikke bare et sp\u00f8rsm\u00e5l om avstand. Nedenfor, <strong>forhold<\/strong> Jeg er <strong>ekstrem<\/strong>: <strong>temperatur<\/strong> av berget kan overvinne<strong> 60 \u00b0 C.<\/strong>og for \u00e5 gj\u00f8re milj\u00f8et utholdelig for arbeidere, m\u00e5 luften kunstig avkj\u00f8lt. For \u00e5 gj\u00f8re dette brukes et ekstremt effektivt ventilasjonssystem: millioner liter kj\u00f8leskap vann pumpes hver dag for \u00e5 avkj\u00f8le b\u00e5de luften og arbeidsmilj\u00f8ene. Dette inneb\u00e6rer en <strong>h\u00f8yt energiforbruk,<\/strong> som representerer en av de viktigste \u00f8konomiske utfordringene med dyp gruvedrift.<\/p>\n<div class=\"cp_wrapper cp_wrapper--fw mb-50\">\n<figure class=\"mm\"><picture class=\"img\" style=\"padding-top:50%\"><source  media=\"(min-width: 1024px)\"><source  media=\"(min-width: 768px)\"><img decoding=\"async\" loading=\"lazy\" src=\"https:\/\/nordnesrepublikken.no\/wp-content\/uploads\/2025\/05\/1746895827_503_Som-ti-eiffeltarn-over-den-andre.jpg\" alt=\"Bilde\" width=\"1200\" height=\"600\"><\/source><\/source><\/picture><\/figure>\n<\/p><\/div>\n<p>Et annet viktig tema er at det gjelder <strong>sikkerhet<\/strong>. P\u00e5 disse dypene har gruvearbeidere faktisk h\u00f8ye risikoer relatert til <strong>jordskjelv<\/strong> underjordisk, kalt &laquo;<strong>Rock Burst<\/strong>&laquo;, Som kan for\u00e5rsake <strong>kollapser<\/strong> plutselig av <strong>Gallerier<\/strong>. Av denne grunn er gruven utstyrt med sofistikerte systemer av <strong>Overv\u00e5king<\/strong> Og <strong>varsle<\/strong>.<\/p>\n<p>P\u00e5 disse dypet har forskere ogs\u00e5 funnet <strong>Mikroskopiske livsformer<\/strong> som klarer \u00e5 overleve <strong>lysfri<\/strong> og med <strong>veldig lite oksygen<\/strong>. \u00c5 studere disse organismer hjelper oss med \u00e5 bedre forst\u00e5 hvor livet under ekstreme forhold kan eksistere, ogs\u00e5 p\u00e5 andre planeter; Takket v\u00e6re disse vanskelige forholdene har Moneng -gruven ogs\u00e5 blitt et naturlig laboratorium for geologer og biologer. Her blir bevegelsene til de terrestriske feilene studert og ekstreme bakterier blir analysert, og tilbyr unike data om fenomener som er vanskelige \u00e5 observere p\u00e5 overflaten.<\/p>\n<\/p><\/div>\n","protected":false},"excerpt":{"rendered":"<p>N\u00e5r vi tenker p\u00e5 gruverVi forestiller oss ofte store \u00e5pne utgravninger eller grunne underjordiske tunneler.<\/p>\n","protected":false},"author":1,"featured_media":4419,"comment_status":"closed","ping_status":"open","sticky":false,"template":"","format":"standard","meta":{"footnotes":""},"categories":[26],"tags":[222,74,2291,31],"class_list":["post-4418","post","type-post","status-publish","format-standard","has-post-thumbnail","hentry","category-miljo","tag-andre","tag-den","tag-eiffeltarn","tag-som","generate-columns","tablet-grid-50","mobile-grid-100","grid-parent","grid-33","resize-featured-image"],"yoast_head":"<!-- This site is optimized with the Yoast SEO plugin v24.4 - https:\/\/yoast.com\/wordpress\/plugins\/seo\/ -->\n<title>Som ti eiffelt\u00e5rn over den andre - Nordnesrepublikken<\/title>\n<meta name=\"robots\" content=\"index, follow, max-snippet:-1, max-image-preview:large, max-video-preview:-1\" \/>\n<link rel=\"canonical\" href=\"https:\/\/nordnesrepublikken.no\/index.php\/2025\/05\/10\/som-ti-eiffeltarn-over-den-andre\/\" \/>\n<meta property=\"og:locale\" content=\"nb_NO\" \/>\n<meta property=\"og:type\" content=\"article\" \/>\n<meta property=\"og:title\" content=\"Som ti eiffelt\u00e5rn over den andre - Nordnesrepublikken\" \/>\n<meta property=\"og:description\" content=\"N\u00e5r vi tenker p\u00e5 gruverVi forestiller oss ofte store \u00e5pne utgravninger eller grunne underjordiske tunneler.\" \/>\n<meta property=\"og:url\" content=\"https:\/\/nordnesrepublikken.no\/index.php\/2025\/05\/10\/som-ti-eiffeltarn-over-den-andre\/\" \/>\n<meta property=\"og:site_name\" content=\"Nordnesrepublikken\" \/>\n<meta property=\"article:published_time\" content=\"2025-05-10T16:50:27+00:00\" \/>\n<meta property=\"og:image\" content=\"https:\/\/nordnesrepublikken.no\/wp-content\/uploads\/2025\/05\/1746895827_Som-ti-eiffeltarn-over-den-andre.jpg\" \/>\n\t<meta property=\"og:image:width\" content=\"790\" \/>\n\t<meta property=\"og:image:height\" content=\"516\" \/>\n\t<meta property=\"og:image:type\" content=\"image\/jpeg\" \/>\n<meta name=\"author\" content=\"Ole Andersen\" \/>\n<meta name=\"twitter:card\" content=\"summary_large_image\" \/>\n<meta name=\"twitter:label1\" content=\"Skrevet av\" \/>\n\t<meta name=\"twitter:data1\" content=\"Ole Andersen\" \/>\n\t<meta name=\"twitter:label2\" content=\"Ansl. lesetid\" \/>\n\t<meta name=\"twitter:data2\" content=\"2 minutter\" \/>\n<script type=\"application\/ld+json\" class=\"yoast-schema-graph\">{\"@context\":\"https:\/\/schema.org\",\"@graph\":[{\"@type\":\"Article\",\"@id\":\"https:\/\/nordnesrepublikken.no\/index.php\/2025\/05\/10\/som-ti-eiffeltarn-over-den-andre\/#article\",\"isPartOf\":{\"@id\":\"https:\/\/nordnesrepublikken.no\/index.php\/2025\/05\/10\/som-ti-eiffeltarn-over-den-andre\/\"},\"author\":{\"name\":\"Ole Andersen\",\"@id\":\"https:\/\/nordnesrepublikken.no\/#\/schema\/person\/2e7e81935bab77882fffb79296240ff1\"},\"headline\":\"Som ti eiffelt\u00e5rn over den andre\",\"datePublished\":\"2025-05-10T16:50:27+00:00\",\"mainEntityOfPage\":{\"@id\":\"https:\/\/nordnesrepublikken.no\/index.php\/2025\/05\/10\/som-ti-eiffeltarn-over-den-andre\/\"},\"wordCount\":389,\"publisher\":{\"@id\":\"https:\/\/nordnesrepublikken.no\/#organization\"},\"image\":{\"@id\":\"https:\/\/nordnesrepublikken.no\/index.php\/2025\/05\/10\/som-ti-eiffeltarn-over-den-andre\/#primaryimage\"},\"thumbnailUrl\":\"https:\/\/nordnesrepublikken.no\/wp-content\/uploads\/2025\/05\/1746895827_Som-ti-eiffeltarn-over-den-andre.jpg\",\"keywords\":[\"andre\",\"den\",\"eiffelt\u00e5rn\",\"som\"],\"articleSection\":[\"Milj\u00f8\"],\"inLanguage\":\"nb-NO\"},{\"@type\":\"WebPage\",\"@id\":\"https:\/\/nordnesrepublikken.no\/index.php\/2025\/05\/10\/som-ti-eiffeltarn-over-den-andre\/\",\"url\":\"https:\/\/nordnesrepublikken.no\/index.php\/2025\/05\/10\/som-ti-eiffeltarn-over-den-andre\/\",\"name\":\"Som ti eiffelt\u00e5rn over den andre - Nordnesrepublikken\",\"isPartOf\":{\"@id\":\"https:\/\/nordnesrepublikken.no\/#website\"},\"primaryImageOfPage\":{\"@id\":\"https:\/\/nordnesrepublikken.no\/index.php\/2025\/05\/10\/som-ti-eiffeltarn-over-den-andre\/#primaryimage\"},\"image\":{\"@id\":\"https:\/\/nordnesrepublikken.no\/index.php\/2025\/05\/10\/som-ti-eiffeltarn-over-den-andre\/#primaryimage\"},\"thumbnailUrl\":\"https:\/\/nordnesrepublikken.no\/wp-content\/uploads\/2025\/05\/1746895827_Som-ti-eiffeltarn-over-den-andre.jpg\",\"datePublished\":\"2025-05-10T16:50:27+00:00\",\"breadcrumb\":{\"@id\":\"https:\/\/nordnesrepublikken.no\/index.php\/2025\/05\/10\/som-ti-eiffeltarn-over-den-andre\/#breadcrumb\"},\"inLanguage\":\"nb-NO\",\"potentialAction\":[{\"@type\":\"ReadAction\",\"target\":[\"https:\/\/nordnesrepublikken.no\/index.php\/2025\/05\/10\/som-ti-eiffeltarn-over-den-andre\/\"]}]},{\"@type\":\"ImageObject\",\"inLanguage\":\"nb-NO\",\"@id\":\"https:\/\/nordnesrepublikken.no\/index.php\/2025\/05\/10\/som-ti-eiffeltarn-over-den-andre\/#primaryimage\",\"url\":\"https:\/\/nordnesrepublikken.no\/wp-content\/uploads\/2025\/05\/1746895827_Som-ti-eiffeltarn-over-den-andre.jpg\",\"contentUrl\":\"https:\/\/nordnesrepublikken.no\/wp-content\/uploads\/2025\/05\/1746895827_Som-ti-eiffeltarn-over-den-andre.jpg\",\"width\":790,\"height\":516,\"caption\":\"Immagine\"},{\"@type\":\"BreadcrumbList\",\"@id\":\"https:\/\/nordnesrepublikken.no\/index.php\/2025\/05\/10\/som-ti-eiffeltarn-over-den-andre\/#breadcrumb\",\"itemListElement\":[{\"@type\":\"ListItem\",\"position\":1,\"name\":\"Home\",\"item\":\"https:\/\/nordnesrepublikken.no\/\"},{\"@type\":\"ListItem\",\"position\":2,\"name\":\"Som ti eiffelt\u00e5rn over den andre\"}]},{\"@type\":\"WebSite\",\"@id\":\"https:\/\/nordnesrepublikken.no\/#website\",\"url\":\"https:\/\/nordnesrepublikken.no\/\",\"name\":\"Nordnesrepublikken\",\"description\":\"Stemmer og Visjoner fra Republikkens Hjerte\",\"publisher\":{\"@id\":\"https:\/\/nordnesrepublikken.no\/#organization\"},\"potentialAction\":[{\"@type\":\"SearchAction\",\"target\":{\"@type\":\"EntryPoint\",\"urlTemplate\":\"https:\/\/nordnesrepublikken.no\/?s={search_term_string}\"},\"query-input\":{\"@type\":\"PropertyValueSpecification\",\"valueRequired\":true,\"valueName\":\"search_term_string\"}}],\"inLanguage\":\"nb-NO\"},{\"@type\":\"Organization\",\"@id\":\"https:\/\/nordnesrepublikken.no\/#organization\",\"name\":\"Nordnesrepublikken\",\"url\":\"https:\/\/nordnesrepublikken.no\/\",\"logo\":{\"@type\":\"ImageObject\",\"inLanguage\":\"nb-NO\",\"@id\":\"https:\/\/nordnesrepublikken.no\/#\/schema\/logo\/image\/\",\"url\":\"https:\/\/nordnesrepublikken.no\/wp-content\/uploads\/2025\/02\/cropped-nordnesrepublikken-2.png\",\"contentUrl\":\"https:\/\/nordnesrepublikken.no\/wp-content\/uploads\/2025\/02\/cropped-nordnesrepublikken-2.png\",\"width\":1248,\"height\":362,\"caption\":\"Nordnesrepublikken\"},\"image\":{\"@id\":\"https:\/\/nordnesrepublikken.no\/#\/schema\/logo\/image\/\"}},{\"@type\":\"Person\",\"@id\":\"https:\/\/nordnesrepublikken.no\/#\/schema\/person\/2e7e81935bab77882fffb79296240ff1\",\"name\":\"Ole Andersen\",\"image\":{\"@type\":\"ImageObject\",\"inLanguage\":\"nb-NO\",\"@id\":\"https:\/\/nordnesrepublikken.no\/#\/schema\/person\/image\/\",\"url\":\"https:\/\/nordnesrepublikken.no\/wp-content\/uploads\/2025\/02\/nordnesrepublikken-2-2-150x150.jpg\",\"contentUrl\":\"https:\/\/nordnesrepublikken.no\/wp-content\/uploads\/2025\/02\/nordnesrepublikken-2-2-150x150.jpg\",\"caption\":\"Ole Andersen\"},\"description\":\"Ettersom jeg vokste opp i Oslo, har jeg alltid v\u00e6rt fascinert av ordenes kraft og deres evne til \u00e5 skape endringer. Etter \u00e5 ha fullf\u00f8rt min utdannelse i kommunikasjon ved Universitetet i Bergen, fikk jeg muligheten til \u00e5 jobbe innen ulike medier, der jeg har s\u00f8kt \u00e5 belyse viktige samfunnssp\u00f8rsm\u00e5l. I dag, som redakt\u00f8r for Nordnesrepublikken, pr\u00f8ver jeg \u00e5 forene min kj\u00e6rlighet for journalistikk med min lidenskap for innovasjon og eventyr.\",\"sameAs\":[\"https:\/\/nordnesrepublikken.no\/\"]}]}<\/script>\n<!-- \/ Yoast SEO plugin. -->","yoast_head_json":{"title":"Som ti eiffelt\u00e5rn over den andre - Nordnesrepublikken","robots":{"index":"index","follow":"follow","max-snippet":"max-snippet:-1","max-image-preview":"max-image-preview:large","max-video-preview":"max-video-preview:-1"},"canonical":"https:\/\/nordnesrepublikken.no\/index.php\/2025\/05\/10\/som-ti-eiffeltarn-over-den-andre\/","og_locale":"nb_NO","og_type":"article","og_title":"Som ti eiffelt\u00e5rn over den andre - Nordnesrepublikken","og_description":"N\u00e5r vi tenker p\u00e5 gruverVi forestiller oss ofte store \u00e5pne utgravninger eller grunne underjordiske tunneler.","og_url":"https:\/\/nordnesrepublikken.no\/index.php\/2025\/05\/10\/som-ti-eiffeltarn-over-den-andre\/","og_site_name":"Nordnesrepublikken","article_published_time":"2025-05-10T16:50:27+00:00","og_image":[{"width":790,"height":516,"url":"https:\/\/nordnesrepublikken.no\/wp-content\/uploads\/2025\/05\/1746895827_Som-ti-eiffeltarn-over-den-andre.jpg","type":"image\/jpeg"}],"author":"Ole Andersen","twitter_card":"summary_large_image","twitter_misc":{"Skrevet av":"Ole Andersen","Ansl. lesetid":"2 minutter"},"schema":{"@context":"https:\/\/schema.org","@graph":[{"@type":"Article","@id":"https:\/\/nordnesrepublikken.no\/index.php\/2025\/05\/10\/som-ti-eiffeltarn-over-den-andre\/#article","isPartOf":{"@id":"https:\/\/nordnesrepublikken.no\/index.php\/2025\/05\/10\/som-ti-eiffeltarn-over-den-andre\/"},"author":{"name":"Ole Andersen","@id":"https:\/\/nordnesrepublikken.no\/#\/schema\/person\/2e7e81935bab77882fffb79296240ff1"},"headline":"Som ti eiffelt\u00e5rn over den andre","datePublished":"2025-05-10T16:50:27+00:00","mainEntityOfPage":{"@id":"https:\/\/nordnesrepublikken.no\/index.php\/2025\/05\/10\/som-ti-eiffeltarn-over-den-andre\/"},"wordCount":389,"publisher":{"@id":"https:\/\/nordnesrepublikken.no\/#organization"},"image":{"@id":"https:\/\/nordnesrepublikken.no\/index.php\/2025\/05\/10\/som-ti-eiffeltarn-over-den-andre\/#primaryimage"},"thumbnailUrl":"https:\/\/nordnesrepublikken.no\/wp-content\/uploads\/2025\/05\/1746895827_Som-ti-eiffeltarn-over-den-andre.jpg","keywords":["andre","den","eiffelt\u00e5rn","som"],"articleSection":["Milj\u00f8"],"inLanguage":"nb-NO"},{"@type":"WebPage","@id":"https:\/\/nordnesrepublikken.no\/index.php\/2025\/05\/10\/som-ti-eiffeltarn-over-den-andre\/","url":"https:\/\/nordnesrepublikken.no\/index.php\/2025\/05\/10\/som-ti-eiffeltarn-over-den-andre\/","name":"Som ti eiffelt\u00e5rn over den andre - Nordnesrepublikken","isPartOf":{"@id":"https:\/\/nordnesrepublikken.no\/#website"},"primaryImageOfPage":{"@id":"https:\/\/nordnesrepublikken.no\/index.php\/2025\/05\/10\/som-ti-eiffeltarn-over-den-andre\/#primaryimage"},"image":{"@id":"https:\/\/nordnesrepublikken.no\/index.php\/2025\/05\/10\/som-ti-eiffeltarn-over-den-andre\/#primaryimage"},"thumbnailUrl":"https:\/\/nordnesrepublikken.no\/wp-content\/uploads\/2025\/05\/1746895827_Som-ti-eiffeltarn-over-den-andre.jpg","datePublished":"2025-05-10T16:50:27+00:00","breadcrumb":{"@id":"https:\/\/nordnesrepublikken.no\/index.php\/2025\/05\/10\/som-ti-eiffeltarn-over-den-andre\/#breadcrumb"},"inLanguage":"nb-NO","potentialAction":[{"@type":"ReadAction","target":["https:\/\/nordnesrepublikken.no\/index.php\/2025\/05\/10\/som-ti-eiffeltarn-over-den-andre\/"]}]},{"@type":"ImageObject","inLanguage":"nb-NO","@id":"https:\/\/nordnesrepublikken.no\/index.php\/2025\/05\/10\/som-ti-eiffeltarn-over-den-andre\/#primaryimage","url":"https:\/\/nordnesrepublikken.no\/wp-content\/uploads\/2025\/05\/1746895827_Som-ti-eiffeltarn-over-den-andre.jpg","contentUrl":"https:\/\/nordnesrepublikken.no\/wp-content\/uploads\/2025\/05\/1746895827_Som-ti-eiffeltarn-over-den-andre.jpg","width":790,"height":516,"caption":"Immagine"},{"@type":"BreadcrumbList","@id":"https:\/\/nordnesrepublikken.no\/index.php\/2025\/05\/10\/som-ti-eiffeltarn-over-den-andre\/#breadcrumb","itemListElement":[{"@type":"ListItem","position":1,"name":"Home","item":"https:\/\/nordnesrepublikken.no\/"},{"@type":"ListItem","position":2,"name":"Som ti eiffelt\u00e5rn over den andre"}]},{"@type":"WebSite","@id":"https:\/\/nordnesrepublikken.no\/#website","url":"https:\/\/nordnesrepublikken.no\/","name":"Nordnesrepublikken","description":"Stemmer og Visjoner fra Republikkens Hjerte","publisher":{"@id":"https:\/\/nordnesrepublikken.no\/#organization"},"potentialAction":[{"@type":"SearchAction","target":{"@type":"EntryPoint","urlTemplate":"https:\/\/nordnesrepublikken.no\/?s={search_term_string}"},"query-input":{"@type":"PropertyValueSpecification","valueRequired":true,"valueName":"search_term_string"}}],"inLanguage":"nb-NO"},{"@type":"Organization","@id":"https:\/\/nordnesrepublikken.no\/#organization","name":"Nordnesrepublikken","url":"https:\/\/nordnesrepublikken.no\/","logo":{"@type":"ImageObject","inLanguage":"nb-NO","@id":"https:\/\/nordnesrepublikken.no\/#\/schema\/logo\/image\/","url":"https:\/\/nordnesrepublikken.no\/wp-content\/uploads\/2025\/02\/cropped-nordnesrepublikken-2.png","contentUrl":"https:\/\/nordnesrepublikken.no\/wp-content\/uploads\/2025\/02\/cropped-nordnesrepublikken-2.png","width":1248,"height":362,"caption":"Nordnesrepublikken"},"image":{"@id":"https:\/\/nordnesrepublikken.no\/#\/schema\/logo\/image\/"}},{"@type":"Person","@id":"https:\/\/nordnesrepublikken.no\/#\/schema\/person\/2e7e81935bab77882fffb79296240ff1","name":"Ole Andersen","image":{"@type":"ImageObject","inLanguage":"nb-NO","@id":"https:\/\/nordnesrepublikken.no\/#\/schema\/person\/image\/","url":"https:\/\/nordnesrepublikken.no\/wp-content\/uploads\/2025\/02\/nordnesrepublikken-2-2-150x150.jpg","contentUrl":"https:\/\/nordnesrepublikken.no\/wp-content\/uploads\/2025\/02\/nordnesrepublikken-2-2-150x150.jpg","caption":"Ole Andersen"},"description":"Ettersom jeg vokste opp i Oslo, har jeg alltid v\u00e6rt fascinert av ordenes kraft og deres evne til \u00e5 skape endringer. Etter \u00e5 ha fullf\u00f8rt min utdannelse i kommunikasjon ved Universitetet i Bergen, fikk jeg muligheten til \u00e5 jobbe innen ulike medier, der jeg har s\u00f8kt \u00e5 belyse viktige samfunnssp\u00f8rsm\u00e5l. I dag, som redakt\u00f8r for Nordnesrepublikken, pr\u00f8ver jeg \u00e5 forene min kj\u00e6rlighet for journalistikk med min lidenskap for innovasjon og eventyr.","sameAs":["https:\/\/nordnesrepublikken.no\/"]}]}},"_links":{"self":[{"href":"https:\/\/nordnesrepublikken.no\/index.php\/wp-json\/wp\/v2\/posts\/4418","targetHints":{"allow":["GET"]}}],"collection":[{"href":"https:\/\/nordnesrepublikken.no\/index.php\/wp-json\/wp\/v2\/posts"}],"about":[{"href":"https:\/\/nordnesrepublikken.no\/index.php\/wp-json\/wp\/v2\/types\/post"}],"author":[{"embeddable":true,"href":"https:\/\/nordnesrepublikken.no\/index.php\/wp-json\/wp\/v2\/users\/1"}],"replies":[{"embeddable":true,"href":"https:\/\/nordnesrepublikken.no\/index.php\/wp-json\/wp\/v2\/comments?post=4418"}],"version-history":[{"count":1,"href":"https:\/\/nordnesrepublikken.no\/index.php\/wp-json\/wp\/v2\/posts\/4418\/revisions"}],"predecessor-version":[{"id":4420,"href":"https:\/\/nordnesrepublikken.no\/index.php\/wp-json\/wp\/v2\/posts\/4418\/revisions\/4420"}],"wp:featuredmedia":[{"embeddable":true,"href":"https:\/\/nordnesrepublikken.no\/index.php\/wp-json\/wp\/v2\/media\/4419"}],"wp:attachment":[{"href":"https:\/\/nordnesrepublikken.no\/index.php\/wp-json\/wp\/v2\/media?parent=4418"}],"wp:term":[{"taxonomy":"category","embeddable":true,"href":"https:\/\/nordnesrepublikken.no\/index.php\/wp-json\/wp\/v2\/categories?post=4418"},{"taxonomy":"post_tag","embeddable":true,"href":"https:\/\/nordnesrepublikken.no\/index.php\/wp-json\/wp\/v2\/tags?post=4418"}],"curies":[{"name":"wp","href":"https:\/\/api.w.org\/{rel}","templated":true}]}}