{"id":4403,"date":"2025-05-10T07:49:47","date_gmt":"2025-05-10T05:49:47","guid":{"rendered":"https:\/\/nordnesrepublikken.no\/index.php\/2025\/05\/10\/hvem-var-peppino-impastato-livet-og-drapet-pa-den-politiske-aktivisten-drept-av-mafiaen-for-47-ar-siden\/"},"modified":"2025-05-10T07:49:47","modified_gmt":"2025-05-10T05:49:47","slug":"hvem-var-peppino-impastato-livet-og-drapet-pa-den-politiske-aktivisten-drept-av-mafiaen-for-47-ar-siden","status":"publish","type":"post","link":"https:\/\/nordnesrepublikken.no\/index.php\/2025\/05\/10\/hvem-var-peppino-impastato-livet-og-drapet-pa-den-politiske-aktivisten-drept-av-mafiaen-for-47-ar-siden\/","title":{"rendered":"Hvem var Peppino impastato? Livet og drapet p\u00e5 den politiske aktivisten drept av mafiaen for 47 \u00e5r siden"},"content":{"rendered":"<div>\n<div class=\"cp_wrapper cp_wrapper--fw mb-30 mb-20@tablet\">\n<figure class=\"mm\"><picture class=\"img\" style=\"padding-top:56.25%\"><source  media=\"(min-width: 1024px)\"><source  media=\"(min-width: 768px)\"><\/source><\/source><\/picture><\/figure>\n<\/p><\/div>\n<p>Giuseppe Impastato, kalt Peppino, var en <strong>Politisk aktivist<\/strong>,<strong> journalist<\/strong> Og<strong> radiokondukt\u00f8r <\/strong>Av <strong>Cinisi<\/strong> (Palermo), det <strong>ford\u00f8mt med stort mot<\/strong> <strong>Mafiaen<\/strong> Og det ble derfor myrdet for 47 \u00e5r siden, 9. mai 1978. F\u00f8dt i 1948, i en <strong>Familie veldig n\u00e6r Cosa Nostra<\/strong>siden ten\u00e5ringen Peppino utviklet venstre politisk tro og satte seg mot den mektige sjefen <strong>Tano Badalamenti<\/strong>n\u00e6re venn av faren. I 1977 grunnla han en gratis radio med noen venner, <strong>Radio Aut<\/strong>som han gjorde narr av mafia -systemet. \u00c5ret etter ble han myrdet etter ordre fra Badalamenti. Til tross for fors\u00f8kene p\u00e5 \u00e5 sidestille, er mafia -matrisen til forbrytelsen blitt p\u00e5vist i dag Peppino impastato som en <strong>Helten i kampen mot mafiaen<\/strong>. B\u00f8ker, dokumentarer og forskjellige kulturelle initiativer, inkludert Marco Tullio Giordanes film &laquo;<strong>Hundre trinn<\/strong>&laquo;, De husker historien hans.<\/p>\n<h2><strong>Som var peppino impastato<\/strong><\/h2>\n<p>Giuseppe &laquo;Peppino&raquo; impastato var en politisk militant av den nye venstresiden og en <strong>Anti -Mafia -aktivist<\/strong>. F\u00f8dt a <strong>Cinisi<\/strong>i provinsen Palermo, den <strong>5. januar 1948<\/strong>. I landet var det en av de mektigste gjengene p\u00e5 Sicilia, p\u00e5 vei, siden 1960 -tallet, fra <strong>Gaetano &laquo;Tano&raquo; Badalamenti<\/strong>og ogs\u00e5 familien til Impastato var Mafia. Faren Luigi, veldig bundet til Badalamenti, hadde tatt noen \u00e5rs innesperring for sin kriminelle virksomhet; en onkel, <strong>Cesare Manzella<\/strong>hadde v\u00e6rt hovedsjefen for Cinisi til 1963, da han ble drept under den f\u00f8rste Mafia -krigen, som fant sted p\u00e5 begynnelsen av 1960 -tallet. I Peppino -familien er det bare moren, <strong>Felicia Bartolotta<\/strong>Han var fremmed for mafia -sympati, til det punktet at han f\u00f8r han giftet seg, fikk vite om mafiafilgangen til den fremtidige mannen, han hadde pr\u00f8vd uten \u00e5 lykkes med \u00e5 unng\u00e5 ekteskap.<\/p>\n<div class=\"cp_wrapper cp_wrapper--fw mb-50\">\n<figure class=\"mm\"><picture class=\"img\" style=\"padding-top:139.53488372093%\"><source  media=\"(min-width: 1024px)\"><source  media=\"(min-width: 768px)\"><img decoding=\"async\" loading=\"lazy\" src=\"https:\/\/nordnesrepublikken.no\/wp-content\/uploads\/2025\/05\/1746856185_924_Hvem-var-Peppino-impastato-Livet-og-drapet-pa-den-politiske.jpg\" alt=\"Impastato som barn med foreldre\" width=\"215\" height=\"300\"><\/source><\/source><\/picture><\/figure>\n<\/p><\/div>\n<p>Peppino fulgte ikke i farens fotspor, og siden han var ten\u00e5ring <strong>utviklet venstre ideer<\/strong> og av <strong>motsatt av mafia -systemet<\/strong>. Vendepunktet var drapet p\u00e5 onkel Cesare Manzella, som fant sted da Peppino var femten \u00e5r gammel: sammen med de andre massakrene i den f\u00f8rste Mafia -krigen, avsl\u00f8rte drapet for de unge impaterte den <strong>True Nature of Cosa Nostra<\/strong> Og han presset ham til \u00e5 ta en vei motsatt av faren.<\/p>\n<h2><strong>Den politiske militante og radio aut <\/strong><\/h2>\n<p>I 1965 begynte Peppino politisk militans: han grunnla en avis, &laquo;<strong>Den sosialistiske ideen &laquo;<\/strong>der han kritiserte mafiaen p\u00e5 ingen usikre vilk\u00e5r, og <strong>Han begynte i det italienske sosialistiske partiet av proletarisk enhet<\/strong>en trening stilt opp p\u00e5 fjerntliggende stillinger. Hans valg for\u00e5rsaket et hardt sammenst\u00f8t med faren, men Peppino forlot ikke politisk militans og i de f\u00f8lgende \u00e5rene holdt han seg til noen av gruppene i <strong>Ny venstre<\/strong> (Manifestet, Lotta Continua), dukket opp etter bevegelsen av seksti -\u00e5tte. Han samlet seg rundt seg en vennegjeng og i 1976<strong> Grunnlagt<\/strong> I Cinisi foreningen &laquo;<strong>Musikk og kultur &laquo;<\/strong>som organiserte cineforum, konserter og andre aktiviteter.<\/p>\n<p>\u00c5ret etter grunnla Peppino og vennene hans en gratis radio: <strong>Radio Aut<\/strong>. Det var en av mange <strong>gratis radio<\/strong> F\u00f8dt i Italia p\u00e5 slutten av 1970 -tallet, etter i 1976 hadde regjeringen liberalisert frekvensene.<\/p>\n<div class=\"cp_wrapper cp_wrapper--fw mb-50\">\n<figure class=\"mm\"><picture class=\"img\" style=\"padding-top:58.156028368794%\"><source  media=\"(min-width: 1024px)\"><source  media=\"(min-width: 768px)\"><img decoding=\"async\" loading=\"lazy\" src=\"https:\/\/nordnesrepublikken.no\/wp-content\/uploads\/2025\/05\/1746856186_330_Hvem-var-Peppino-impastato-Livet-og-drapet-pa-den-politiske.jpg\" alt=\"Radio Aut Billboard\" width=\"423\" height=\"246\" class=\"js-seedtag-img\"><\/source><\/source><\/picture><\/figure>\n<\/p><\/div>\n<p>Radio Aut var basert p\u00e5 <strong>Terrasini<\/strong>et land n\u00e6r Cinisi. Den mest fulgte overf\u00f8ringen var &laquo;<strong>Gal b\u00f8lge &laquo;<\/strong>der Peppino fortalte hendelsene i en imagin\u00e6r by i langt vest,<strong> Mafiopoli<\/strong> Hva som ikke var mer enn hans Cinisi, der karakterer som &laquo;Tano sitter&raquo;, Alter Ego of Badalamenti og Geronimo Stefanini, det er ordf\u00f8reren Gero di Stefano, som kontrollerte &laquo;Mafular&raquo; (r\u00e5dhuset) opererte. Radio Aut ble bare mottatt i Cinisi -omr\u00e5det, men <strong>Det ble en viktig stemme mot mafiaen<\/strong>.<\/p>\n<h2><strong>Mord og sidesporing<\/strong><\/h2>\n<p>De modige klagene fra Mafia -systemet kostet peppino liv:<strong>homocide<\/strong> Det var ogs\u00e5 for\u00e5rsaket av det faktum at p\u00e5 70 -tallet,<strong> Badalamenti hadde blitt veldig kraftig<\/strong>; hadde en ledende rolle i kommisjonen (&laquo;<strong>kuppel<\/strong>&laquo;) Som regisserte Cosa Nostra og klarte en enorm narkotikahandel mellom Italia og USA. Sjefen var <strong>Mer og mer irritert og bekymret for klagene fra Peppino<\/strong>.<\/p>\n<p><strong>I 1977 d\u00f8de Luigi Impastato<\/strong>som ble rammet av en bil: Det har aldri blitt anerkjent hvis investeringen hadde v\u00e6rt en ulykke eller forsettlig, fordi Luigi, mens han ikke delte valgene til s\u00f8nnen, \u00f8nsket \u00e5 beskytte ham. Ved begravelsen nektet Peppino \u00e5penlyst \u00e5 stramme h\u00e5nden i Badalamenti og vakte en sensasjon. <strong>Hans skjebne var n\u00e5 markert<\/strong>.<\/p>\n<div class=\"cp_wrapper cp_wrapper--fw mb-50\">\n<figure class=\"mm\"><picture class=\"img\" style=\"padding-top:166%\"><source  media=\"(min-width: 1024px)\"><source  media=\"(min-width: 768px)\"><img decoding=\"async\" loading=\"lazy\" src=\"https:\/\/nordnesrepublikken.no\/wp-content\/uploads\/2025\/05\/1746856187_961_Hvem-var-Peppino-impastato-Livet-og-drapet-pa-den-politiske.jpg\" alt=\"Gaetano Badalamenti\" width=\"200\" height=\"332\"><\/source><\/source><\/picture><\/figure>\n<\/p><\/div>\n<p>I 1978, den unge aktivisten, uavhengig av truslene han fikk, ja <strong>han kandidat i kommunevalget<\/strong> av Cinisi p\u00e5 listen over proletarisk demokrati, partiet der gruppene i den nye venstresiden hadde fusjonert. Han hadde imidlertid ikke tid til \u00e5 vite resultatet som kom ut av meningsm\u00e5lingene: om natten til <strong>9. mai 1978<\/strong>mens valgkampen var i gang, var det det <strong>kidnappet e<\/strong> <strong>Myrdet etter ordre fra Badalamenti<\/strong>. Kroppen hans ble funnet ved jernbanesporene, ved siden av en bombe full av kj\u00f8ttdeig: <strong>Mafiaen \u00f8nsket \u00e5 tro at den unge mannen hadde d\u00f8dd mens han pr\u00f8vde \u00e5 utf\u00f8re et dynamittangrep<\/strong>.<\/p>\n<p>For \u00f8yeblikket hadde Impastatos d\u00f8d <strong>veldig lite ekko<\/strong>fordi det<strong> Samme dag ble Aldo Moros lik funnet<\/strong>som monopoliserte italienernes oppmerksomhet. I Cinisi ble Peppino imidlertid ikke glemt og ved valget, holdt noen dager senere, <strong>Han var<\/strong> <strong>valgt<\/strong> (Navnet hadde ikke blitt utplassert fra listen fordi det hadde d\u00f8dd da valgkampen hadde startet). Setet gikk tydeligvis til en annen person.<\/p>\n<h2><strong>Oppdagelsen av sannheten og arven fra Peppino impastato<\/strong><\/h2>\n<p>I de f\u00f8rste dagene etter drapet s\u00e5 det ut til at iscenesettelsen organisert av Badalamenti var vellykket, og mange aviser hevdet at den unge mannen hadde d\u00f8dd mens han pr\u00f8vde \u00e5 <strong>Plasser en bombe p\u00e5 sporene<\/strong>. Imidlertid mor Felicia, bror Giovanni og noen venner <strong>ford\u00f8mt<\/strong> umiddelbart det <strong>Attentatet hadde blitt utf\u00f8rt etter ordre fra Badalamenti<\/strong>. Til st\u00f8tte for denne oppgaven, <strong>Siciliansk dokumentasjonssenter<\/strong>Institute of Studies on Cosa Nostra som n\u00e5 er oppkalt etter Peppino Impastato. Gradvis<strong> Sannheten kom til overflaten<\/strong> Og i 1984 anerkjente retten til Palermo Mafia Matrix of the Crime: Badalamenti <strong>D\u00f8mt som rektor f\u00f8rst i 2002<\/strong>da han allerede hadde sittet i fengsel i USA i nesten tjue \u00e5r.<\/p>\n<div class=\"cp_wrapper cp_wrapper--fw mb-50\">\n<figure class=\"mm\"><picture class=\"img\" style=\"padding-top:61.666666666667%\"><source  media=\"(min-width: 1024px)\"><source  media=\"(min-width: 768px)\"><img decoding=\"async\" loading=\"lazy\" src=\"https:\/\/nordnesrepublikken.no\/wp-content\/uploads\/2025\/05\/1746856187_433_Hvem-var-Peppino-impastato-Livet-og-drapet-pa-den-politiske.jpg\" alt=\"The Last Rally of Peppino 7. mai 1978\" width=\"600\" height=\"370\" class=\"js-seedtag-img\"><\/source><\/source><\/picture><\/figure>\n<\/p><\/div>\n<p>Gjennom \u00e5rene har impastato blitt et symbol p\u00e5 mot og kamp for lovlighet. B\u00f8ker, dokumentarer, kulturelle initiativer av forskjellige slag er dedikert til historien, inkludert en direkte film Marco Tullio Giordana, &laquo;<em><strong>Hundre trinn &laquo;<\/strong> <\/em>(Tittel som f\u00f8lger avstanden som skilte Peppinos hus fra Badalamenti), og en sang av <strong>Modena City Ramblers<\/strong>med samme tittel.<\/p>\n<\/p><\/div>\n","protected":false},"excerpt":{"rendered":"<p>Giuseppe Impastato, kalt Peppino, var en Politisk aktivist, journalist Og radiokondukt\u00f8r Av Cinisi (Palermo), det<\/p>\n","protected":false},"author":1,"featured_media":4404,"comment_status":"closed","ping_status":"open","sticky":false,"template":"","format":"standard","meta":{"footnotes":""},"categories":[104],"tags":[2274,595,74,2273,2275,99,2272,793,2276,81,2271,2250,564,100],"class_list":["post-4403","post","type-post","status-publish","format-standard","has-post-thumbnail","hentry","category-samfunn","tag-aktivisten","tag-ar","tag-den","tag-drapet","tag-drept","tag-hvem","tag-impastato","tag-livet","tag-mafiaen","tag-pa","tag-peppino","tag-politiske","tag-siden","tag-var","generate-columns","tablet-grid-50","mobile-grid-100","grid-parent","grid-33","resize-featured-image"],"yoast_head":"<!-- This site is optimized with the Yoast SEO plugin v24.4 - https:\/\/yoast.com\/wordpress\/plugins\/seo\/ -->\n<title>Hvem var Peppino impastato? Livet og drapet p\u00e5 den politiske aktivisten drept av mafiaen for 47 \u00e5r siden - Nordnesrepublikken<\/title>\n<meta name=\"robots\" content=\"index, follow, max-snippet:-1, max-image-preview:large, max-video-preview:-1\" \/>\n<link rel=\"canonical\" href=\"https:\/\/nordnesrepublikken.no\/index.php\/2025\/05\/10\/hvem-var-peppino-impastato-livet-og-drapet-pa-den-politiske-aktivisten-drept-av-mafiaen-for-47-ar-siden\/\" \/>\n<meta property=\"og:locale\" content=\"nb_NO\" \/>\n<meta property=\"og:type\" content=\"article\" \/>\n<meta property=\"og:title\" content=\"Hvem var Peppino impastato? Livet og drapet p\u00e5 den politiske aktivisten drept av mafiaen for 47 \u00e5r siden - Nordnesrepublikken\" \/>\n<meta property=\"og:description\" content=\"Giuseppe Impastato, kalt Peppino, var en Politisk aktivist, journalist Og radiokondukt\u00f8r Av Cinisi (Palermo), det\" \/>\n<meta property=\"og:url\" content=\"https:\/\/nordnesrepublikken.no\/index.php\/2025\/05\/10\/hvem-var-peppino-impastato-livet-og-drapet-pa-den-politiske-aktivisten-drept-av-mafiaen-for-47-ar-siden\/\" \/>\n<meta property=\"og:site_name\" content=\"Nordnesrepublikken\" \/>\n<meta property=\"article:published_time\" content=\"2025-05-10T05:49:47+00:00\" \/>\n<meta property=\"og:image\" content=\"https:\/\/nordnesrepublikken.no\/wp-content\/uploads\/2025\/05\/1746856187_Hvem-var-Peppino-impastato-Livet-og-drapet-pa-den-politiske.jpg\" \/>\n\t<meta property=\"og:image:width\" content=\"562\" \/>\n\t<meta property=\"og:image:height\" content=\"380\" \/>\n\t<meta property=\"og:image:type\" content=\"image\/jpeg\" \/>\n<meta name=\"author\" content=\"Ole Andersen\" \/>\n<meta name=\"twitter:card\" content=\"summary_large_image\" \/>\n<meta name=\"twitter:label1\" content=\"Skrevet av\" \/>\n\t<meta name=\"twitter:data1\" content=\"Ole Andersen\" \/>\n\t<meta name=\"twitter:label2\" content=\"Ansl. lesetid\" \/>\n\t<meta name=\"twitter:data2\" content=\"5 minutter\" \/>\n<script type=\"application\/ld+json\" class=\"yoast-schema-graph\">{\"@context\":\"https:\/\/schema.org\",\"@graph\":[{\"@type\":\"Article\",\"@id\":\"https:\/\/nordnesrepublikken.no\/index.php\/2025\/05\/10\/hvem-var-peppino-impastato-livet-og-drapet-pa-den-politiske-aktivisten-drept-av-mafiaen-for-47-ar-siden\/#article\",\"isPartOf\":{\"@id\":\"https:\/\/nordnesrepublikken.no\/index.php\/2025\/05\/10\/hvem-var-peppino-impastato-livet-og-drapet-pa-den-politiske-aktivisten-drept-av-mafiaen-for-47-ar-siden\/\"},\"author\":{\"name\":\"Ole Andersen\",\"@id\":\"https:\/\/nordnesrepublikken.no\/#\/schema\/person\/2e7e81935bab77882fffb79296240ff1\"},\"headline\":\"Hvem var Peppino impastato? Livet og drapet p\u00e5 den politiske aktivisten drept av mafiaen for 47 \u00e5r siden\",\"datePublished\":\"2025-05-10T05:49:47+00:00\",\"mainEntityOfPage\":{\"@id\":\"https:\/\/nordnesrepublikken.no\/index.php\/2025\/05\/10\/hvem-var-peppino-impastato-livet-og-drapet-pa-den-politiske-aktivisten-drept-av-mafiaen-for-47-ar-siden\/\"},\"wordCount\":1033,\"publisher\":{\"@id\":\"https:\/\/nordnesrepublikken.no\/#organization\"},\"image\":{\"@id\":\"https:\/\/nordnesrepublikken.no\/index.php\/2025\/05\/10\/hvem-var-peppino-impastato-livet-og-drapet-pa-den-politiske-aktivisten-drept-av-mafiaen-for-47-ar-siden\/#primaryimage\"},\"thumbnailUrl\":\"https:\/\/nordnesrepublikken.no\/wp-content\/uploads\/2025\/05\/1746856187_Hvem-var-Peppino-impastato-Livet-og-drapet-pa-den-politiske.jpg\",\"keywords\":[\"aktivisten\",\"\u00e5r\",\"den\",\"drapet\",\"drept\",\"Hvem\",\"impastato\",\"livet\",\"mafiaen\",\"p\u00e5\",\"Peppino\",\"politiske\",\"siden\",\"var\"],\"articleSection\":[\"Samfunn\"],\"inLanguage\":\"nb-NO\"},{\"@type\":\"WebPage\",\"@id\":\"https:\/\/nordnesrepublikken.no\/index.php\/2025\/05\/10\/hvem-var-peppino-impastato-livet-og-drapet-pa-den-politiske-aktivisten-drept-av-mafiaen-for-47-ar-siden\/\",\"url\":\"https:\/\/nordnesrepublikken.no\/index.php\/2025\/05\/10\/hvem-var-peppino-impastato-livet-og-drapet-pa-den-politiske-aktivisten-drept-av-mafiaen-for-47-ar-siden\/\",\"name\":\"Hvem var Peppino impastato? Livet og drapet p\u00e5 den politiske aktivisten drept av mafiaen for 47 \u00e5r siden - Nordnesrepublikken\",\"isPartOf\":{\"@id\":\"https:\/\/nordnesrepublikken.no\/#website\"},\"primaryImageOfPage\":{\"@id\":\"https:\/\/nordnesrepublikken.no\/index.php\/2025\/05\/10\/hvem-var-peppino-impastato-livet-og-drapet-pa-den-politiske-aktivisten-drept-av-mafiaen-for-47-ar-siden\/#primaryimage\"},\"image\":{\"@id\":\"https:\/\/nordnesrepublikken.no\/index.php\/2025\/05\/10\/hvem-var-peppino-impastato-livet-og-drapet-pa-den-politiske-aktivisten-drept-av-mafiaen-for-47-ar-siden\/#primaryimage\"},\"thumbnailUrl\":\"https:\/\/nordnesrepublikken.no\/wp-content\/uploads\/2025\/05\/1746856187_Hvem-var-Peppino-impastato-Livet-og-drapet-pa-den-politiske.jpg\",\"datePublished\":\"2025-05-10T05:49:47+00:00\",\"breadcrumb\":{\"@id\":\"https:\/\/nordnesrepublikken.no\/index.php\/2025\/05\/10\/hvem-var-peppino-impastato-livet-og-drapet-pa-den-politiske-aktivisten-drept-av-mafiaen-for-47-ar-siden\/#breadcrumb\"},\"inLanguage\":\"nb-NO\",\"potentialAction\":[{\"@type\":\"ReadAction\",\"target\":[\"https:\/\/nordnesrepublikken.no\/index.php\/2025\/05\/10\/hvem-var-peppino-impastato-livet-og-drapet-pa-den-politiske-aktivisten-drept-av-mafiaen-for-47-ar-siden\/\"]}]},{\"@type\":\"ImageObject\",\"inLanguage\":\"nb-NO\",\"@id\":\"https:\/\/nordnesrepublikken.no\/index.php\/2025\/05\/10\/hvem-var-peppino-impastato-livet-og-drapet-pa-den-politiske-aktivisten-drept-av-mafiaen-for-47-ar-siden\/#primaryimage\",\"url\":\"https:\/\/nordnesrepublikken.no\/wp-content\/uploads\/2025\/05\/1746856187_Hvem-var-Peppino-impastato-Livet-og-drapet-pa-den-politiske.jpg\",\"contentUrl\":\"https:\/\/nordnesrepublikken.no\/wp-content\/uploads\/2025\/05\/1746856187_Hvem-var-Peppino-impastato-Livet-og-drapet-pa-den-politiske.jpg\",\"width\":562,\"height\":380,\"caption\":\"impastato copertina copia\"},{\"@type\":\"BreadcrumbList\",\"@id\":\"https:\/\/nordnesrepublikken.no\/index.php\/2025\/05\/10\/hvem-var-peppino-impastato-livet-og-drapet-pa-den-politiske-aktivisten-drept-av-mafiaen-for-47-ar-siden\/#breadcrumb\",\"itemListElement\":[{\"@type\":\"ListItem\",\"position\":1,\"name\":\"Home\",\"item\":\"https:\/\/nordnesrepublikken.no\/\"},{\"@type\":\"ListItem\",\"position\":2,\"name\":\"Hvem var Peppino impastato? Livet og drapet p\u00e5 den politiske aktivisten drept av mafiaen for 47 \u00e5r siden\"}]},{\"@type\":\"WebSite\",\"@id\":\"https:\/\/nordnesrepublikken.no\/#website\",\"url\":\"https:\/\/nordnesrepublikken.no\/\",\"name\":\"Nordnesrepublikken\",\"description\":\"Stemmer og Visjoner fra Republikkens Hjerte\",\"publisher\":{\"@id\":\"https:\/\/nordnesrepublikken.no\/#organization\"},\"potentialAction\":[{\"@type\":\"SearchAction\",\"target\":{\"@type\":\"EntryPoint\",\"urlTemplate\":\"https:\/\/nordnesrepublikken.no\/?s={search_term_string}\"},\"query-input\":{\"@type\":\"PropertyValueSpecification\",\"valueRequired\":true,\"valueName\":\"search_term_string\"}}],\"inLanguage\":\"nb-NO\"},{\"@type\":\"Organization\",\"@id\":\"https:\/\/nordnesrepublikken.no\/#organization\",\"name\":\"Nordnesrepublikken\",\"url\":\"https:\/\/nordnesrepublikken.no\/\",\"logo\":{\"@type\":\"ImageObject\",\"inLanguage\":\"nb-NO\",\"@id\":\"https:\/\/nordnesrepublikken.no\/#\/schema\/logo\/image\/\",\"url\":\"https:\/\/nordnesrepublikken.no\/wp-content\/uploads\/2025\/02\/cropped-nordnesrepublikken-2.png\",\"contentUrl\":\"https:\/\/nordnesrepublikken.no\/wp-content\/uploads\/2025\/02\/cropped-nordnesrepublikken-2.png\",\"width\":1248,\"height\":362,\"caption\":\"Nordnesrepublikken\"},\"image\":{\"@id\":\"https:\/\/nordnesrepublikken.no\/#\/schema\/logo\/image\/\"}},{\"@type\":\"Person\",\"@id\":\"https:\/\/nordnesrepublikken.no\/#\/schema\/person\/2e7e81935bab77882fffb79296240ff1\",\"name\":\"Ole Andersen\",\"image\":{\"@type\":\"ImageObject\",\"inLanguage\":\"nb-NO\",\"@id\":\"https:\/\/nordnesrepublikken.no\/#\/schema\/person\/image\/\",\"url\":\"https:\/\/nordnesrepublikken.no\/wp-content\/uploads\/2025\/02\/nordnesrepublikken-2-2-150x150.jpg\",\"contentUrl\":\"https:\/\/nordnesrepublikken.no\/wp-content\/uploads\/2025\/02\/nordnesrepublikken-2-2-150x150.jpg\",\"caption\":\"Ole Andersen\"},\"description\":\"Ettersom jeg vokste opp i Oslo, har jeg alltid v\u00e6rt fascinert av ordenes kraft og deres evne til \u00e5 skape endringer. Etter \u00e5 ha fullf\u00f8rt min utdannelse i kommunikasjon ved Universitetet i Bergen, fikk jeg muligheten til \u00e5 jobbe innen ulike medier, der jeg har s\u00f8kt \u00e5 belyse viktige samfunnssp\u00f8rsm\u00e5l. I dag, som redakt\u00f8r for Nordnesrepublikken, pr\u00f8ver jeg \u00e5 forene min kj\u00e6rlighet for journalistikk med min lidenskap for innovasjon og eventyr.\",\"sameAs\":[\"https:\/\/nordnesrepublikken.no\/\"]}]}<\/script>\n<!-- \/ Yoast SEO plugin. -->","yoast_head_json":{"title":"Hvem var Peppino impastato? Livet og drapet p\u00e5 den politiske aktivisten drept av mafiaen for 47 \u00e5r siden - Nordnesrepublikken","robots":{"index":"index","follow":"follow","max-snippet":"max-snippet:-1","max-image-preview":"max-image-preview:large","max-video-preview":"max-video-preview:-1"},"canonical":"https:\/\/nordnesrepublikken.no\/index.php\/2025\/05\/10\/hvem-var-peppino-impastato-livet-og-drapet-pa-den-politiske-aktivisten-drept-av-mafiaen-for-47-ar-siden\/","og_locale":"nb_NO","og_type":"article","og_title":"Hvem var Peppino impastato? Livet og drapet p\u00e5 den politiske aktivisten drept av mafiaen for 47 \u00e5r siden - Nordnesrepublikken","og_description":"Giuseppe Impastato, kalt Peppino, var en Politisk aktivist, journalist Og radiokondukt\u00f8r Av Cinisi (Palermo), det","og_url":"https:\/\/nordnesrepublikken.no\/index.php\/2025\/05\/10\/hvem-var-peppino-impastato-livet-og-drapet-pa-den-politiske-aktivisten-drept-av-mafiaen-for-47-ar-siden\/","og_site_name":"Nordnesrepublikken","article_published_time":"2025-05-10T05:49:47+00:00","og_image":[{"width":562,"height":380,"url":"https:\/\/nordnesrepublikken.no\/wp-content\/uploads\/2025\/05\/1746856187_Hvem-var-Peppino-impastato-Livet-og-drapet-pa-den-politiske.jpg","type":"image\/jpeg"}],"author":"Ole Andersen","twitter_card":"summary_large_image","twitter_misc":{"Skrevet av":"Ole Andersen","Ansl. lesetid":"5 minutter"},"schema":{"@context":"https:\/\/schema.org","@graph":[{"@type":"Article","@id":"https:\/\/nordnesrepublikken.no\/index.php\/2025\/05\/10\/hvem-var-peppino-impastato-livet-og-drapet-pa-den-politiske-aktivisten-drept-av-mafiaen-for-47-ar-siden\/#article","isPartOf":{"@id":"https:\/\/nordnesrepublikken.no\/index.php\/2025\/05\/10\/hvem-var-peppino-impastato-livet-og-drapet-pa-den-politiske-aktivisten-drept-av-mafiaen-for-47-ar-siden\/"},"author":{"name":"Ole Andersen","@id":"https:\/\/nordnesrepublikken.no\/#\/schema\/person\/2e7e81935bab77882fffb79296240ff1"},"headline":"Hvem var Peppino impastato? Livet og drapet p\u00e5 den politiske aktivisten drept av mafiaen for 47 \u00e5r siden","datePublished":"2025-05-10T05:49:47+00:00","mainEntityOfPage":{"@id":"https:\/\/nordnesrepublikken.no\/index.php\/2025\/05\/10\/hvem-var-peppino-impastato-livet-og-drapet-pa-den-politiske-aktivisten-drept-av-mafiaen-for-47-ar-siden\/"},"wordCount":1033,"publisher":{"@id":"https:\/\/nordnesrepublikken.no\/#organization"},"image":{"@id":"https:\/\/nordnesrepublikken.no\/index.php\/2025\/05\/10\/hvem-var-peppino-impastato-livet-og-drapet-pa-den-politiske-aktivisten-drept-av-mafiaen-for-47-ar-siden\/#primaryimage"},"thumbnailUrl":"https:\/\/nordnesrepublikken.no\/wp-content\/uploads\/2025\/05\/1746856187_Hvem-var-Peppino-impastato-Livet-og-drapet-pa-den-politiske.jpg","keywords":["aktivisten","\u00e5r","den","drapet","drept","Hvem","impastato","livet","mafiaen","p\u00e5","Peppino","politiske","siden","var"],"articleSection":["Samfunn"],"inLanguage":"nb-NO"},{"@type":"WebPage","@id":"https:\/\/nordnesrepublikken.no\/index.php\/2025\/05\/10\/hvem-var-peppino-impastato-livet-og-drapet-pa-den-politiske-aktivisten-drept-av-mafiaen-for-47-ar-siden\/","url":"https:\/\/nordnesrepublikken.no\/index.php\/2025\/05\/10\/hvem-var-peppino-impastato-livet-og-drapet-pa-den-politiske-aktivisten-drept-av-mafiaen-for-47-ar-siden\/","name":"Hvem var Peppino impastato? Livet og drapet p\u00e5 den politiske aktivisten drept av mafiaen for 47 \u00e5r siden - Nordnesrepublikken","isPartOf":{"@id":"https:\/\/nordnesrepublikken.no\/#website"},"primaryImageOfPage":{"@id":"https:\/\/nordnesrepublikken.no\/index.php\/2025\/05\/10\/hvem-var-peppino-impastato-livet-og-drapet-pa-den-politiske-aktivisten-drept-av-mafiaen-for-47-ar-siden\/#primaryimage"},"image":{"@id":"https:\/\/nordnesrepublikken.no\/index.php\/2025\/05\/10\/hvem-var-peppino-impastato-livet-og-drapet-pa-den-politiske-aktivisten-drept-av-mafiaen-for-47-ar-siden\/#primaryimage"},"thumbnailUrl":"https:\/\/nordnesrepublikken.no\/wp-content\/uploads\/2025\/05\/1746856187_Hvem-var-Peppino-impastato-Livet-og-drapet-pa-den-politiske.jpg","datePublished":"2025-05-10T05:49:47+00:00","breadcrumb":{"@id":"https:\/\/nordnesrepublikken.no\/index.php\/2025\/05\/10\/hvem-var-peppino-impastato-livet-og-drapet-pa-den-politiske-aktivisten-drept-av-mafiaen-for-47-ar-siden\/#breadcrumb"},"inLanguage":"nb-NO","potentialAction":[{"@type":"ReadAction","target":["https:\/\/nordnesrepublikken.no\/index.php\/2025\/05\/10\/hvem-var-peppino-impastato-livet-og-drapet-pa-den-politiske-aktivisten-drept-av-mafiaen-for-47-ar-siden\/"]}]},{"@type":"ImageObject","inLanguage":"nb-NO","@id":"https:\/\/nordnesrepublikken.no\/index.php\/2025\/05\/10\/hvem-var-peppino-impastato-livet-og-drapet-pa-den-politiske-aktivisten-drept-av-mafiaen-for-47-ar-siden\/#primaryimage","url":"https:\/\/nordnesrepublikken.no\/wp-content\/uploads\/2025\/05\/1746856187_Hvem-var-Peppino-impastato-Livet-og-drapet-pa-den-politiske.jpg","contentUrl":"https:\/\/nordnesrepublikken.no\/wp-content\/uploads\/2025\/05\/1746856187_Hvem-var-Peppino-impastato-Livet-og-drapet-pa-den-politiske.jpg","width":562,"height":380,"caption":"impastato copertina copia"},{"@type":"BreadcrumbList","@id":"https:\/\/nordnesrepublikken.no\/index.php\/2025\/05\/10\/hvem-var-peppino-impastato-livet-og-drapet-pa-den-politiske-aktivisten-drept-av-mafiaen-for-47-ar-siden\/#breadcrumb","itemListElement":[{"@type":"ListItem","position":1,"name":"Home","item":"https:\/\/nordnesrepublikken.no\/"},{"@type":"ListItem","position":2,"name":"Hvem var Peppino impastato? Livet og drapet p\u00e5 den politiske aktivisten drept av mafiaen for 47 \u00e5r siden"}]},{"@type":"WebSite","@id":"https:\/\/nordnesrepublikken.no\/#website","url":"https:\/\/nordnesrepublikken.no\/","name":"Nordnesrepublikken","description":"Stemmer og Visjoner fra Republikkens Hjerte","publisher":{"@id":"https:\/\/nordnesrepublikken.no\/#organization"},"potentialAction":[{"@type":"SearchAction","target":{"@type":"EntryPoint","urlTemplate":"https:\/\/nordnesrepublikken.no\/?s={search_term_string}"},"query-input":{"@type":"PropertyValueSpecification","valueRequired":true,"valueName":"search_term_string"}}],"inLanguage":"nb-NO"},{"@type":"Organization","@id":"https:\/\/nordnesrepublikken.no\/#organization","name":"Nordnesrepublikken","url":"https:\/\/nordnesrepublikken.no\/","logo":{"@type":"ImageObject","inLanguage":"nb-NO","@id":"https:\/\/nordnesrepublikken.no\/#\/schema\/logo\/image\/","url":"https:\/\/nordnesrepublikken.no\/wp-content\/uploads\/2025\/02\/cropped-nordnesrepublikken-2.png","contentUrl":"https:\/\/nordnesrepublikken.no\/wp-content\/uploads\/2025\/02\/cropped-nordnesrepublikken-2.png","width":1248,"height":362,"caption":"Nordnesrepublikken"},"image":{"@id":"https:\/\/nordnesrepublikken.no\/#\/schema\/logo\/image\/"}},{"@type":"Person","@id":"https:\/\/nordnesrepublikken.no\/#\/schema\/person\/2e7e81935bab77882fffb79296240ff1","name":"Ole Andersen","image":{"@type":"ImageObject","inLanguage":"nb-NO","@id":"https:\/\/nordnesrepublikken.no\/#\/schema\/person\/image\/","url":"https:\/\/nordnesrepublikken.no\/wp-content\/uploads\/2025\/02\/nordnesrepublikken-2-2-150x150.jpg","contentUrl":"https:\/\/nordnesrepublikken.no\/wp-content\/uploads\/2025\/02\/nordnesrepublikken-2-2-150x150.jpg","caption":"Ole Andersen"},"description":"Ettersom jeg vokste opp i Oslo, har jeg alltid v\u00e6rt fascinert av ordenes kraft og deres evne til \u00e5 skape endringer. Etter \u00e5 ha fullf\u00f8rt min utdannelse i kommunikasjon ved Universitetet i Bergen, fikk jeg muligheten til \u00e5 jobbe innen ulike medier, der jeg har s\u00f8kt \u00e5 belyse viktige samfunnssp\u00f8rsm\u00e5l. I dag, som redakt\u00f8r for Nordnesrepublikken, pr\u00f8ver jeg \u00e5 forene min kj\u00e6rlighet for journalistikk med min lidenskap for innovasjon og eventyr.","sameAs":["https:\/\/nordnesrepublikken.no\/"]}]}},"_links":{"self":[{"href":"https:\/\/nordnesrepublikken.no\/index.php\/wp-json\/wp\/v2\/posts\/4403","targetHints":{"allow":["GET"]}}],"collection":[{"href":"https:\/\/nordnesrepublikken.no\/index.php\/wp-json\/wp\/v2\/posts"}],"about":[{"href":"https:\/\/nordnesrepublikken.no\/index.php\/wp-json\/wp\/v2\/types\/post"}],"author":[{"embeddable":true,"href":"https:\/\/nordnesrepublikken.no\/index.php\/wp-json\/wp\/v2\/users\/1"}],"replies":[{"embeddable":true,"href":"https:\/\/nordnesrepublikken.no\/index.php\/wp-json\/wp\/v2\/comments?post=4403"}],"version-history":[{"count":1,"href":"https:\/\/nordnesrepublikken.no\/index.php\/wp-json\/wp\/v2\/posts\/4403\/revisions"}],"predecessor-version":[{"id":4405,"href":"https:\/\/nordnesrepublikken.no\/index.php\/wp-json\/wp\/v2\/posts\/4403\/revisions\/4405"}],"wp:featuredmedia":[{"embeddable":true,"href":"https:\/\/nordnesrepublikken.no\/index.php\/wp-json\/wp\/v2\/media\/4404"}],"wp:attachment":[{"href":"https:\/\/nordnesrepublikken.no\/index.php\/wp-json\/wp\/v2\/media?parent=4403"}],"wp:term":[{"taxonomy":"category","embeddable":true,"href":"https:\/\/nordnesrepublikken.no\/index.php\/wp-json\/wp\/v2\/categories?post=4403"},{"taxonomy":"post_tag","embeddable":true,"href":"https:\/\/nordnesrepublikken.no\/index.php\/wp-json\/wp\/v2\/tags?post=4403"}],"curies":[{"name":"wp","href":"https:\/\/api.w.org\/{rel}","templated":true}]}}