{"id":4394,"date":"2025-05-09T23:49:38","date_gmt":"2025-05-09T21:49:38","guid":{"rendered":"https:\/\/nordnesrepublikken.no\/index.php\/2025\/05\/09\/pensjonerer-i-utlandet-her-er-den-skjulte-perlen-der-du-kan-bo-ved-stranden-for-e-550-i-maneden\/"},"modified":"2025-05-09T23:49:39","modified_gmt":"2025-05-09T21:49:39","slug":"pensjonerer-i-utlandet-her-er-den-skjulte-perlen-der-du-kan-bo-ved-stranden-for-e-550-i-maneden","status":"publish","type":"post","link":"https:\/\/nordnesrepublikken.no\/index.php\/2025\/05\/09\/pensjonerer-i-utlandet-her-er-den-skjulte-perlen-der-du-kan-bo-ved-stranden-for-e-550-i-maneden\/","title":{"rendered":"Pensjonerer i utlandet? Her er den skjulte perlen der du kan bo ved stranden for \u20ac 550 i m\u00e5neden"},"content":{"rendered":"<p><\/p>\n<div class=\"wordpress-content\">\n                    <!-- Article Start --><\/p>\n<p><strong>Se for deg \u00e5 bytte alarm om morgenen og supermarkedsk\u00f8ene for sakte turer p\u00e5 sanden og lyden av havet.<\/strong><\/p>\n<p>For flere og flere pensjonister er det ikke bare en dagdr\u00f8m &#8211; det er dagliglivet i Cabo Verde, en liten \u00f8ynasjon utenfor kysten av Vest -Afrika der v\u00e6ret er varmt, strendene er uendelige, og pensjonen din strekker seg mye lenger enn i Spania eller Storbritannia.<\/p>\n<h2>Hvorfor Cabo Verde er den perfekte prisen for lavprisen i solen<\/h2>\n<p>Cabo Verde er ikke p\u00e5 alles radar, men kanskje det burde v\u00e6re det. Det best\u00e5r av ti \u00f8yer, hver med sin egen smak, men Sal og Boa Vista er de som har en tendens til \u00e5 stjele showet. Tenk hvit sand, turkis vann, og den avslappede \u00f8yens rytme som f\u00e5r deg til \u00e5 glemme hvilken dag det er.<\/p>\n<div class=\"sra_unit\"><link rel=\"stylesheet\" id=\"block-sra\" href=\"https:\/\/euroweeklynews.com\/wp-content\/plugins\/snack-related-articles\/dist\/css\/snack-related.min.css?250312-193541\" type=\"text\/css\" media=\"all\">\n<\/div>\n<p>Du trenger ikke \u00e5 v\u00e6re rik for \u00e5 glede deg over det. Gjennomsnittlig m\u00e5nedsl\u00f8nn i Cabo Verde er under \u20ac 300 &#8211; s\u00e5 hvis du g\u00e5r av med pensjon p\u00e5 en beskjeden pensjon, vil du v\u00e6re mer enn komfortabel. Faktisk sier mange utvandrere at de lever ganske lykkelig p\u00e5 rundt \u20ac 550 i m\u00e5neden. Og det skraper ikke forbi &#8211; det leier et hus, spiser ute, tar drosjer og fortsatt har penger til overs.<\/p>\n<h2>Levekostnader i Cabo Verde for europeiske pensjonister<\/h2>\n<p>For \u00e5 gi deg en ide: et tre-roms hus ved stranden? Rundt \u20ac 350\u2013 \u20ac 400 i m\u00e5neden. En full matbutikk? Ofte under \u20ac 100. En kaffe p\u00e5 en terrasse eller en fersk fiskemiddag? Kanskje \u20ac 2\u2013 \u20ac 3. Selv \u00e5 komme seg rundt er billig &#8211; en kort drosjetur koster mindre enn en kaffe i London.<\/p>\n<p>Og fordi du ikke bruker hundrevis p\u00e5 oppvarming, dagligvarer eller regninger som deg kanskje i Europa, er det lettere \u00e5 slappe av og nyte de tingene som faktisk betyr noe &#8211; solskinnet, havet og en mye enklere livsstil.<\/p>\n<h2>Hvordan pensjonere seg i Cabo Verde: Residency, Lifestyle and Expat Tips<\/h2>\n<p>\u00c5 flytte et nytt sted kan f\u00f8les skremmende, men Cabo Verde gj\u00f8r det overraskende enkelt. Turister trenger ikke visum for opphold under 30 dager, og hvis du planlegger \u00e5 bosette deg lenger (som de fleste pensjonister gj\u00f8r), er prosessen ganske grei &#8211; spesielt hvis du har en vanlig pensjonsinntekt.<\/p>\n<p>Det er et lite land, men det er godt satt opp for bes\u00f8kende. Du finner anstendige helsetjenester, solid infrastruktur og til og med et voksende fellesskap av utvandrere fra hele Europa. Det er en sjarm for det hele-en slags avslappet atmosf\u00e6re uten oppstyr som er vanskelig \u00e5 motst\u00e5.<\/p>\n<h2>B\u00f8r du trekke deg tilbake i Cabo Verde? Her er grunnen til at det kan v\u00e6re det perfekte valget<\/h2>\n<p>Vi har alle dagdr\u00f8mmet om \u00e5 pakke en pose og forsvinne et sted varmere. Men hvis du har n\u00e5dd pensjon og er klar for et nytt kapittel, kan dette v\u00e6re mer enn bare en fantasi.<\/p>\n<p>Sol hver dag, ingen rush, ingen stress og et budsjett som faktisk fungerer? Det er ikke d\u00e5rlig for \u20ac 550 i m\u00e5neden. Og selv om det kanskje ikke er for alle, kan Cabo Verde v\u00e6re bare flukten du ikke visste at du trengte &#8211; f\u00f8r n\u00e5.<\/p>\n<p>F\u00f8lg med med Euro Weekly News for flere nyheter om reiser og utlendingslivsstil<\/p>\n<p>                    <!-- Article End --><\/p><\/div>\n","protected":false},"excerpt":{"rendered":"<p>Se for deg \u00e5 bytte alarm om morgenen og supermarkedsk\u00f8ene for sakte turer p\u00e5 sanden<\/p>\n","protected":false},"author":1,"featured_media":4395,"comment_status":"closed","ping_status":"open","sticky":false,"template":"","format":"standard","meta":{"footnotes":""},"categories":[105],"tags":[74,490,339,2261,2257,2259,842,2260,2258,231],"class_list":["post-4394","post","type-post","status-publish","format-standard","has-post-thumbnail","hentry","category-livsstil","tag-den","tag-der","tag-kan","tag-maneden","tag-pensjonerer","tag-perlen","tag-skjulte","tag-stranden","tag-utlandet","tag-ved","generate-columns","tablet-grid-50","mobile-grid-100","grid-parent","grid-33","resize-featured-image"],"yoast_head":"<!-- This site is optimized with the Yoast SEO plugin v24.4 - https:\/\/yoast.com\/wordpress\/plugins\/seo\/ -->\n<title>Pensjonerer i utlandet? Her er den skjulte perlen der du kan bo ved stranden for \u20ac 550 i m\u00e5neden - Nordnesrepublikken<\/title>\n<meta name=\"robots\" content=\"index, follow, max-snippet:-1, max-image-preview:large, max-video-preview:-1\" \/>\n<link rel=\"canonical\" href=\"https:\/\/nordnesrepublikken.no\/index.php\/2025\/05\/09\/pensjonerer-i-utlandet-her-er-den-skjulte-perlen-der-du-kan-bo-ved-stranden-for-e-550-i-maneden\/\" \/>\n<meta property=\"og:locale\" content=\"nb_NO\" \/>\n<meta property=\"og:type\" content=\"article\" \/>\n<meta property=\"og:title\" content=\"Pensjonerer i utlandet? Her er den skjulte perlen der du kan bo ved stranden for \u20ac 550 i m\u00e5neden - Nordnesrepublikken\" \/>\n<meta property=\"og:description\" content=\"Se for deg \u00e5 bytte alarm om morgenen og supermarkedsk\u00f8ene for sakte turer p\u00e5 sanden\" \/>\n<meta property=\"og:url\" content=\"https:\/\/nordnesrepublikken.no\/index.php\/2025\/05\/09\/pensjonerer-i-utlandet-her-er-den-skjulte-perlen-der-du-kan-bo-ved-stranden-for-e-550-i-maneden\/\" \/>\n<meta property=\"og:site_name\" content=\"Nordnesrepublikken\" \/>\n<meta property=\"article:published_time\" content=\"2025-05-09T21:49:38+00:00\" \/>\n<meta property=\"article:modified_time\" content=\"2025-05-09T21:49:39+00:00\" \/>\n<meta property=\"og:image\" content=\"https:\/\/nordnesrepublikken.no\/wp-content\/uploads\/2025\/05\/1746827378_Pensjonerer-i-utlandet-Her-er-den-skjulte-perlen-der-du.jpg\" \/>\n\t<meta property=\"og:image:width\" content=\"1200\" \/>\n\t<meta property=\"og:image:height\" content=\"799\" \/>\n\t<meta property=\"og:image:type\" content=\"image\/jpeg\" \/>\n<meta name=\"author\" content=\"Ole Andersen\" \/>\n<meta name=\"twitter:card\" content=\"summary_large_image\" \/>\n<meta name=\"twitter:label1\" content=\"Skrevet av\" \/>\n\t<meta name=\"twitter:data1\" content=\"Ole Andersen\" \/>\n\t<meta name=\"twitter:label2\" content=\"Ansl. lesetid\" \/>\n\t<meta name=\"twitter:data2\" content=\"3 minutter\" \/>\n<script type=\"application\/ld+json\" class=\"yoast-schema-graph\">{\"@context\":\"https:\/\/schema.org\",\"@graph\":[{\"@type\":\"Article\",\"@id\":\"https:\/\/nordnesrepublikken.no\/index.php\/2025\/05\/09\/pensjonerer-i-utlandet-her-er-den-skjulte-perlen-der-du-kan-bo-ved-stranden-for-e-550-i-maneden\/#article\",\"isPartOf\":{\"@id\":\"https:\/\/nordnesrepublikken.no\/index.php\/2025\/05\/09\/pensjonerer-i-utlandet-her-er-den-skjulte-perlen-der-du-kan-bo-ved-stranden-for-e-550-i-maneden\/\"},\"author\":{\"name\":\"Ole Andersen\",\"@id\":\"https:\/\/nordnesrepublikken.no\/#\/schema\/person\/2e7e81935bab77882fffb79296240ff1\"},\"headline\":\"Pensjonerer i utlandet? Her er den skjulte perlen der du kan bo ved stranden for \u20ac 550 i m\u00e5neden\",\"datePublished\":\"2025-05-09T21:49:38+00:00\",\"dateModified\":\"2025-05-09T21:49:39+00:00\",\"mainEntityOfPage\":{\"@id\":\"https:\/\/nordnesrepublikken.no\/index.php\/2025\/05\/09\/pensjonerer-i-utlandet-her-er-den-skjulte-perlen-der-du-kan-bo-ved-stranden-for-e-550-i-maneden\/\"},\"wordCount\":547,\"publisher\":{\"@id\":\"https:\/\/nordnesrepublikken.no\/#organization\"},\"image\":{\"@id\":\"https:\/\/nordnesrepublikken.no\/index.php\/2025\/05\/09\/pensjonerer-i-utlandet-her-er-den-skjulte-perlen-der-du-kan-bo-ved-stranden-for-e-550-i-maneden\/#primaryimage\"},\"thumbnailUrl\":\"https:\/\/nordnesrepublikken.no\/wp-content\/uploads\/2025\/05\/1746827378_Pensjonerer-i-utlandet-Her-er-den-skjulte-perlen-der-du.jpg\",\"keywords\":[\"den\",\"der\",\"kan\",\"m\u00e5neden\",\"Pensjonerer\",\"perlen\",\"skjulte\",\"stranden\",\"utlandet\",\"ved\"],\"articleSection\":[\"Livsstil\"],\"inLanguage\":\"nb-NO\"},{\"@type\":\"WebPage\",\"@id\":\"https:\/\/nordnesrepublikken.no\/index.php\/2025\/05\/09\/pensjonerer-i-utlandet-her-er-den-skjulte-perlen-der-du-kan-bo-ved-stranden-for-e-550-i-maneden\/\",\"url\":\"https:\/\/nordnesrepublikken.no\/index.php\/2025\/05\/09\/pensjonerer-i-utlandet-her-er-den-skjulte-perlen-der-du-kan-bo-ved-stranden-for-e-550-i-maneden\/\",\"name\":\"Pensjonerer i utlandet? Her er den skjulte perlen der du kan bo ved stranden for \u20ac 550 i m\u00e5neden - Nordnesrepublikken\",\"isPartOf\":{\"@id\":\"https:\/\/nordnesrepublikken.no\/#website\"},\"primaryImageOfPage\":{\"@id\":\"https:\/\/nordnesrepublikken.no\/index.php\/2025\/05\/09\/pensjonerer-i-utlandet-her-er-den-skjulte-perlen-der-du-kan-bo-ved-stranden-for-e-550-i-maneden\/#primaryimage\"},\"image\":{\"@id\":\"https:\/\/nordnesrepublikken.no\/index.php\/2025\/05\/09\/pensjonerer-i-utlandet-her-er-den-skjulte-perlen-der-du-kan-bo-ved-stranden-for-e-550-i-maneden\/#primaryimage\"},\"thumbnailUrl\":\"https:\/\/nordnesrepublikken.no\/wp-content\/uploads\/2025\/05\/1746827378_Pensjonerer-i-utlandet-Her-er-den-skjulte-perlen-der-du.jpg\",\"datePublished\":\"2025-05-09T21:49:38+00:00\",\"dateModified\":\"2025-05-09T21:49:39+00:00\",\"breadcrumb\":{\"@id\":\"https:\/\/nordnesrepublikken.no\/index.php\/2025\/05\/09\/pensjonerer-i-utlandet-her-er-den-skjulte-perlen-der-du-kan-bo-ved-stranden-for-e-550-i-maneden\/#breadcrumb\"},\"inLanguage\":\"nb-NO\",\"potentialAction\":[{\"@type\":\"ReadAction\",\"target\":[\"https:\/\/nordnesrepublikken.no\/index.php\/2025\/05\/09\/pensjonerer-i-utlandet-her-er-den-skjulte-perlen-der-du-kan-bo-ved-stranden-for-e-550-i-maneden\/\"]}]},{\"@type\":\"ImageObject\",\"inLanguage\":\"nb-NO\",\"@id\":\"https:\/\/nordnesrepublikken.no\/index.php\/2025\/05\/09\/pensjonerer-i-utlandet-her-er-den-skjulte-perlen-der-du-kan-bo-ved-stranden-for-e-550-i-maneden\/#primaryimage\",\"url\":\"https:\/\/nordnesrepublikken.no\/wp-content\/uploads\/2025\/05\/1746827378_Pensjonerer-i-utlandet-Her-er-den-skjulte-perlen-der-du.jpg\",\"contentUrl\":\"https:\/\/nordnesrepublikken.no\/wp-content\/uploads\/2025\/05\/1746827378_Pensjonerer-i-utlandet-Her-er-den-skjulte-perlen-der-du.jpg\",\"width\":1200,\"height\":799,\"caption\":\"Pensjonerer i utlandet? Her er den skjulte perlen der du kan bo ved stranden for \u20ac 550 i m\u00e5neden\"},{\"@type\":\"BreadcrumbList\",\"@id\":\"https:\/\/nordnesrepublikken.no\/index.php\/2025\/05\/09\/pensjonerer-i-utlandet-her-er-den-skjulte-perlen-der-du-kan-bo-ved-stranden-for-e-550-i-maneden\/#breadcrumb\",\"itemListElement\":[{\"@type\":\"ListItem\",\"position\":1,\"name\":\"Home\",\"item\":\"https:\/\/nordnesrepublikken.no\/\"},{\"@type\":\"ListItem\",\"position\":2,\"name\":\"Pensjonerer i utlandet? Her er den skjulte perlen der du kan bo ved stranden for \u20ac 550 i m\u00e5neden\"}]},{\"@type\":\"WebSite\",\"@id\":\"https:\/\/nordnesrepublikken.no\/#website\",\"url\":\"https:\/\/nordnesrepublikken.no\/\",\"name\":\"Nordnesrepublikken\",\"description\":\"Stemmer og Visjoner fra Republikkens Hjerte\",\"publisher\":{\"@id\":\"https:\/\/nordnesrepublikken.no\/#organization\"},\"potentialAction\":[{\"@type\":\"SearchAction\",\"target\":{\"@type\":\"EntryPoint\",\"urlTemplate\":\"https:\/\/nordnesrepublikken.no\/?s={search_term_string}\"},\"query-input\":{\"@type\":\"PropertyValueSpecification\",\"valueRequired\":true,\"valueName\":\"search_term_string\"}}],\"inLanguage\":\"nb-NO\"},{\"@type\":\"Organization\",\"@id\":\"https:\/\/nordnesrepublikken.no\/#organization\",\"name\":\"Nordnesrepublikken\",\"url\":\"https:\/\/nordnesrepublikken.no\/\",\"logo\":{\"@type\":\"ImageObject\",\"inLanguage\":\"nb-NO\",\"@id\":\"https:\/\/nordnesrepublikken.no\/#\/schema\/logo\/image\/\",\"url\":\"https:\/\/nordnesrepublikken.no\/wp-content\/uploads\/2025\/02\/cropped-nordnesrepublikken-2.png\",\"contentUrl\":\"https:\/\/nordnesrepublikken.no\/wp-content\/uploads\/2025\/02\/cropped-nordnesrepublikken-2.png\",\"width\":1248,\"height\":362,\"caption\":\"Nordnesrepublikken\"},\"image\":{\"@id\":\"https:\/\/nordnesrepublikken.no\/#\/schema\/logo\/image\/\"}},{\"@type\":\"Person\",\"@id\":\"https:\/\/nordnesrepublikken.no\/#\/schema\/person\/2e7e81935bab77882fffb79296240ff1\",\"name\":\"Ole Andersen\",\"image\":{\"@type\":\"ImageObject\",\"inLanguage\":\"nb-NO\",\"@id\":\"https:\/\/nordnesrepublikken.no\/#\/schema\/person\/image\/\",\"url\":\"https:\/\/nordnesrepublikken.no\/wp-content\/uploads\/2025\/02\/nordnesrepublikken-2-2-150x150.jpg\",\"contentUrl\":\"https:\/\/nordnesrepublikken.no\/wp-content\/uploads\/2025\/02\/nordnesrepublikken-2-2-150x150.jpg\",\"caption\":\"Ole Andersen\"},\"description\":\"Ettersom jeg vokste opp i Oslo, har jeg alltid v\u00e6rt fascinert av ordenes kraft og deres evne til \u00e5 skape endringer. Etter \u00e5 ha fullf\u00f8rt min utdannelse i kommunikasjon ved Universitetet i Bergen, fikk jeg muligheten til \u00e5 jobbe innen ulike medier, der jeg har s\u00f8kt \u00e5 belyse viktige samfunnssp\u00f8rsm\u00e5l. I dag, som redakt\u00f8r for Nordnesrepublikken, pr\u00f8ver jeg \u00e5 forene min kj\u00e6rlighet for journalistikk med min lidenskap for innovasjon og eventyr.\",\"sameAs\":[\"https:\/\/nordnesrepublikken.no\/\"]}]}<\/script>\n<!-- \/ Yoast SEO plugin. -->","yoast_head_json":{"title":"Pensjonerer i utlandet? Her er den skjulte perlen der du kan bo ved stranden for \u20ac 550 i m\u00e5neden - Nordnesrepublikken","robots":{"index":"index","follow":"follow","max-snippet":"max-snippet:-1","max-image-preview":"max-image-preview:large","max-video-preview":"max-video-preview:-1"},"canonical":"https:\/\/nordnesrepublikken.no\/index.php\/2025\/05\/09\/pensjonerer-i-utlandet-her-er-den-skjulte-perlen-der-du-kan-bo-ved-stranden-for-e-550-i-maneden\/","og_locale":"nb_NO","og_type":"article","og_title":"Pensjonerer i utlandet? Her er den skjulte perlen der du kan bo ved stranden for \u20ac 550 i m\u00e5neden - Nordnesrepublikken","og_description":"Se for deg \u00e5 bytte alarm om morgenen og supermarkedsk\u00f8ene for sakte turer p\u00e5 sanden","og_url":"https:\/\/nordnesrepublikken.no\/index.php\/2025\/05\/09\/pensjonerer-i-utlandet-her-er-den-skjulte-perlen-der-du-kan-bo-ved-stranden-for-e-550-i-maneden\/","og_site_name":"Nordnesrepublikken","article_published_time":"2025-05-09T21:49:38+00:00","article_modified_time":"2025-05-09T21:49:39+00:00","og_image":[{"width":1200,"height":799,"url":"https:\/\/nordnesrepublikken.no\/wp-content\/uploads\/2025\/05\/1746827378_Pensjonerer-i-utlandet-Her-er-den-skjulte-perlen-der-du.jpg","type":"image\/jpeg"}],"author":"Ole Andersen","twitter_card":"summary_large_image","twitter_misc":{"Skrevet av":"Ole Andersen","Ansl. lesetid":"3 minutter"},"schema":{"@context":"https:\/\/schema.org","@graph":[{"@type":"Article","@id":"https:\/\/nordnesrepublikken.no\/index.php\/2025\/05\/09\/pensjonerer-i-utlandet-her-er-den-skjulte-perlen-der-du-kan-bo-ved-stranden-for-e-550-i-maneden\/#article","isPartOf":{"@id":"https:\/\/nordnesrepublikken.no\/index.php\/2025\/05\/09\/pensjonerer-i-utlandet-her-er-den-skjulte-perlen-der-du-kan-bo-ved-stranden-for-e-550-i-maneden\/"},"author":{"name":"Ole Andersen","@id":"https:\/\/nordnesrepublikken.no\/#\/schema\/person\/2e7e81935bab77882fffb79296240ff1"},"headline":"Pensjonerer i utlandet? Her er den skjulte perlen der du kan bo ved stranden for \u20ac 550 i m\u00e5neden","datePublished":"2025-05-09T21:49:38+00:00","dateModified":"2025-05-09T21:49:39+00:00","mainEntityOfPage":{"@id":"https:\/\/nordnesrepublikken.no\/index.php\/2025\/05\/09\/pensjonerer-i-utlandet-her-er-den-skjulte-perlen-der-du-kan-bo-ved-stranden-for-e-550-i-maneden\/"},"wordCount":547,"publisher":{"@id":"https:\/\/nordnesrepublikken.no\/#organization"},"image":{"@id":"https:\/\/nordnesrepublikken.no\/index.php\/2025\/05\/09\/pensjonerer-i-utlandet-her-er-den-skjulte-perlen-der-du-kan-bo-ved-stranden-for-e-550-i-maneden\/#primaryimage"},"thumbnailUrl":"https:\/\/nordnesrepublikken.no\/wp-content\/uploads\/2025\/05\/1746827378_Pensjonerer-i-utlandet-Her-er-den-skjulte-perlen-der-du.jpg","keywords":["den","der","kan","m\u00e5neden","Pensjonerer","perlen","skjulte","stranden","utlandet","ved"],"articleSection":["Livsstil"],"inLanguage":"nb-NO"},{"@type":"WebPage","@id":"https:\/\/nordnesrepublikken.no\/index.php\/2025\/05\/09\/pensjonerer-i-utlandet-her-er-den-skjulte-perlen-der-du-kan-bo-ved-stranden-for-e-550-i-maneden\/","url":"https:\/\/nordnesrepublikken.no\/index.php\/2025\/05\/09\/pensjonerer-i-utlandet-her-er-den-skjulte-perlen-der-du-kan-bo-ved-stranden-for-e-550-i-maneden\/","name":"Pensjonerer i utlandet? Her er den skjulte perlen der du kan bo ved stranden for \u20ac 550 i m\u00e5neden - Nordnesrepublikken","isPartOf":{"@id":"https:\/\/nordnesrepublikken.no\/#website"},"primaryImageOfPage":{"@id":"https:\/\/nordnesrepublikken.no\/index.php\/2025\/05\/09\/pensjonerer-i-utlandet-her-er-den-skjulte-perlen-der-du-kan-bo-ved-stranden-for-e-550-i-maneden\/#primaryimage"},"image":{"@id":"https:\/\/nordnesrepublikken.no\/index.php\/2025\/05\/09\/pensjonerer-i-utlandet-her-er-den-skjulte-perlen-der-du-kan-bo-ved-stranden-for-e-550-i-maneden\/#primaryimage"},"thumbnailUrl":"https:\/\/nordnesrepublikken.no\/wp-content\/uploads\/2025\/05\/1746827378_Pensjonerer-i-utlandet-Her-er-den-skjulte-perlen-der-du.jpg","datePublished":"2025-05-09T21:49:38+00:00","dateModified":"2025-05-09T21:49:39+00:00","breadcrumb":{"@id":"https:\/\/nordnesrepublikken.no\/index.php\/2025\/05\/09\/pensjonerer-i-utlandet-her-er-den-skjulte-perlen-der-du-kan-bo-ved-stranden-for-e-550-i-maneden\/#breadcrumb"},"inLanguage":"nb-NO","potentialAction":[{"@type":"ReadAction","target":["https:\/\/nordnesrepublikken.no\/index.php\/2025\/05\/09\/pensjonerer-i-utlandet-her-er-den-skjulte-perlen-der-du-kan-bo-ved-stranden-for-e-550-i-maneden\/"]}]},{"@type":"ImageObject","inLanguage":"nb-NO","@id":"https:\/\/nordnesrepublikken.no\/index.php\/2025\/05\/09\/pensjonerer-i-utlandet-her-er-den-skjulte-perlen-der-du-kan-bo-ved-stranden-for-e-550-i-maneden\/#primaryimage","url":"https:\/\/nordnesrepublikken.no\/wp-content\/uploads\/2025\/05\/1746827378_Pensjonerer-i-utlandet-Her-er-den-skjulte-perlen-der-du.jpg","contentUrl":"https:\/\/nordnesrepublikken.no\/wp-content\/uploads\/2025\/05\/1746827378_Pensjonerer-i-utlandet-Her-er-den-skjulte-perlen-der-du.jpg","width":1200,"height":799,"caption":"Pensjonerer i utlandet? Her er den skjulte perlen der du kan bo ved stranden for \u20ac 550 i m\u00e5neden"},{"@type":"BreadcrumbList","@id":"https:\/\/nordnesrepublikken.no\/index.php\/2025\/05\/09\/pensjonerer-i-utlandet-her-er-den-skjulte-perlen-der-du-kan-bo-ved-stranden-for-e-550-i-maneden\/#breadcrumb","itemListElement":[{"@type":"ListItem","position":1,"name":"Home","item":"https:\/\/nordnesrepublikken.no\/"},{"@type":"ListItem","position":2,"name":"Pensjonerer i utlandet? Her er den skjulte perlen der du kan bo ved stranden for \u20ac 550 i m\u00e5neden"}]},{"@type":"WebSite","@id":"https:\/\/nordnesrepublikken.no\/#website","url":"https:\/\/nordnesrepublikken.no\/","name":"Nordnesrepublikken","description":"Stemmer og Visjoner fra Republikkens Hjerte","publisher":{"@id":"https:\/\/nordnesrepublikken.no\/#organization"},"potentialAction":[{"@type":"SearchAction","target":{"@type":"EntryPoint","urlTemplate":"https:\/\/nordnesrepublikken.no\/?s={search_term_string}"},"query-input":{"@type":"PropertyValueSpecification","valueRequired":true,"valueName":"search_term_string"}}],"inLanguage":"nb-NO"},{"@type":"Organization","@id":"https:\/\/nordnesrepublikken.no\/#organization","name":"Nordnesrepublikken","url":"https:\/\/nordnesrepublikken.no\/","logo":{"@type":"ImageObject","inLanguage":"nb-NO","@id":"https:\/\/nordnesrepublikken.no\/#\/schema\/logo\/image\/","url":"https:\/\/nordnesrepublikken.no\/wp-content\/uploads\/2025\/02\/cropped-nordnesrepublikken-2.png","contentUrl":"https:\/\/nordnesrepublikken.no\/wp-content\/uploads\/2025\/02\/cropped-nordnesrepublikken-2.png","width":1248,"height":362,"caption":"Nordnesrepublikken"},"image":{"@id":"https:\/\/nordnesrepublikken.no\/#\/schema\/logo\/image\/"}},{"@type":"Person","@id":"https:\/\/nordnesrepublikken.no\/#\/schema\/person\/2e7e81935bab77882fffb79296240ff1","name":"Ole Andersen","image":{"@type":"ImageObject","inLanguage":"nb-NO","@id":"https:\/\/nordnesrepublikken.no\/#\/schema\/person\/image\/","url":"https:\/\/nordnesrepublikken.no\/wp-content\/uploads\/2025\/02\/nordnesrepublikken-2-2-150x150.jpg","contentUrl":"https:\/\/nordnesrepublikken.no\/wp-content\/uploads\/2025\/02\/nordnesrepublikken-2-2-150x150.jpg","caption":"Ole Andersen"},"description":"Ettersom jeg vokste opp i Oslo, har jeg alltid v\u00e6rt fascinert av ordenes kraft og deres evne til \u00e5 skape endringer. Etter \u00e5 ha fullf\u00f8rt min utdannelse i kommunikasjon ved Universitetet i Bergen, fikk jeg muligheten til \u00e5 jobbe innen ulike medier, der jeg har s\u00f8kt \u00e5 belyse viktige samfunnssp\u00f8rsm\u00e5l. I dag, som redakt\u00f8r for Nordnesrepublikken, pr\u00f8ver jeg \u00e5 forene min kj\u00e6rlighet for journalistikk med min lidenskap for innovasjon og eventyr.","sameAs":["https:\/\/nordnesrepublikken.no\/"]}]}},"_links":{"self":[{"href":"https:\/\/nordnesrepublikken.no\/index.php\/wp-json\/wp\/v2\/posts\/4394","targetHints":{"allow":["GET"]}}],"collection":[{"href":"https:\/\/nordnesrepublikken.no\/index.php\/wp-json\/wp\/v2\/posts"}],"about":[{"href":"https:\/\/nordnesrepublikken.no\/index.php\/wp-json\/wp\/v2\/types\/post"}],"author":[{"embeddable":true,"href":"https:\/\/nordnesrepublikken.no\/index.php\/wp-json\/wp\/v2\/users\/1"}],"replies":[{"embeddable":true,"href":"https:\/\/nordnesrepublikken.no\/index.php\/wp-json\/wp\/v2\/comments?post=4394"}],"version-history":[{"count":1,"href":"https:\/\/nordnesrepublikken.no\/index.php\/wp-json\/wp\/v2\/posts\/4394\/revisions"}],"predecessor-version":[{"id":4396,"href":"https:\/\/nordnesrepublikken.no\/index.php\/wp-json\/wp\/v2\/posts\/4394\/revisions\/4396"}],"wp:featuredmedia":[{"embeddable":true,"href":"https:\/\/nordnesrepublikken.no\/index.php\/wp-json\/wp\/v2\/media\/4395"}],"wp:attachment":[{"href":"https:\/\/nordnesrepublikken.no\/index.php\/wp-json\/wp\/v2\/media?parent=4394"}],"wp:term":[{"taxonomy":"category","embeddable":true,"href":"https:\/\/nordnesrepublikken.no\/index.php\/wp-json\/wp\/v2\/categories?post=4394"},{"taxonomy":"post_tag","embeddable":true,"href":"https:\/\/nordnesrepublikken.no\/index.php\/wp-json\/wp\/v2\/tags?post=4394"}],"curies":[{"name":"wp","href":"https:\/\/api.w.org\/{rel}","templated":true}]}}