{"id":4388,"date":"2025-05-09T19:49:48","date_gmt":"2025-05-09T17:49:48","guid":{"rendered":"https:\/\/nordnesrepublikken.no\/index.php\/2025\/05\/09\/risikoen-for-india-pakistan-krig-og-sporsmalet-om-kjernefysisk-avskrekking-intervju-med-eksperter\/"},"modified":"2025-05-09T19:49:57","modified_gmt":"2025-05-09T17:49:57","slug":"risikoen-for-india-pakistan-krig-og-sporsmalet-om-kjernefysisk-avskrekking-intervju-med-eksperter","status":"publish","type":"post","link":"https:\/\/nordnesrepublikken.no\/index.php\/2025\/05\/09\/risikoen-for-india-pakistan-krig-og-sporsmalet-om-kjernefysisk-avskrekking-intervju-med-eksperter\/","title":{"rendered":"Risikoen for India-Pakistan-krig og sp\u00f8rsm\u00e5let om kjernefysisk avskrekking: Intervju med eksperter"},"content":{"rendered":"<div>\n<div class=\"cp_wrapper cp_wrapper--fw mb-30 mb-20@tablet\">\n<figure class=\"mm\"><picture class=\"img\" style=\"padding-top:56.25%\"><source  media=\"(min-width: 1024px)\"><source  media=\"(min-width: 768px)\"><\/source><\/source><\/picture><\/figure>\n<\/p><\/div>\n<p>Nyere sammenst\u00f8t med luftangrep, missiler og droner mellom <strong>India<\/strong> Og <strong>Pakistan<\/strong> De bringer oppmerksomhet til dette omr\u00e5det i verden, i en spesielt kompleks kontekst fra et geopolitisk synspunkt med allerede to advarsler om krig tent med den russisk-ukrainske konflikten og den israelsk-palestinske konflikten. Bekymringen er at de n\u00e5v\u00e6rende sammenst\u00f8tene kan gi opphav til en <strong>Tredje utbrudd<\/strong> Potensielt i stand til \u00e5 gripe inn i de allerede delikate verdensgeopolitiske saldoen, ogs\u00e5 i lys av det faktum at begge land har kjernefysiske arsenaler. For \u00e5 hjelpe oss med \u00e5 ramme inn krisen mellom India og Pakistan og forst\u00e5 hva den faktiske risikoen for en opptrapping kan bli intervjues faktiske risikoer kan intervjues <strong>Matteo Miavaldi<\/strong> Og <strong>Francesca Marino<\/strong>henholdsvis journalister for <em>Manifestet<\/em> Og <em>Lime,<\/em> Begge geopolitiske eksperter i India og S\u00f8r -Asia.<\/p>\n<p><strong>Hvor mye anses en opptrapping som for \u00f8yeblikket er sannsynlig?<\/strong><\/p>\n<p><strong>Matteo Miavaldi:<\/strong> Det milit\u00e6re etablissementet og den politiske administrasjonen av pakistan har flyttet krig om krig og sier at hver dr\u00e5pe Pachistano -blod betalt vil bli hevnet. Men hvordan det vil bli hevnet, n\u00e5r det vil bli hevnet og hvor mye det skal sees. P\u00e5 dette tidspunktet tror jeg at for Pakistan har det blitt et sp\u00f8rsm\u00e5l om stolthet: staten og Pachistano -h\u00e6ren f\u00f8ler seg tvunget til \u00e5 demonstrere for befolkningen at det er en regjering som beskytter dem. Det samme er tilfelle for India, ettersom det indiske angrepet fant sted etter terrorangrepet 22. april i Kashmir, s\u00e5 p\u00e5 noen m\u00e5ter har India allerede vist for den indiske befolkningen at det er en sterk regjering som forsvarer det. Pakistan har derimot enn\u00e5 ikke gjort det.<\/p>\n<p><strong>I tilfelle krig, hvordan ville geopolitisk balanse endre seg?<\/strong><\/p>\n<p><strong>Matteo Miavaldi:<\/strong> Sp\u00f8rsm\u00e5l fra en million dollar. En krig som de vi er vitne til i Ukraina, synes ikke meg et veldig sannsynlig scenario, fordi forskjellen i styrke mellom de to landene er enorm. India har den nest st\u00f8rste h\u00e6ren i verden etter den kinesiske, i moderniseringsfasen, men veldig veldig dyktig; Pakistan har derimot mange \u00f8konomiske vanskeligheter som ogs\u00e5 faller p\u00e5 krigspotensialet i landet. I alt dette m\u00e5 de to store internasjonale spillerne holdes i \u00f8yet, dvs. den <strong>USA<\/strong> (som pr\u00f8ver \u00e5 rapportere India og Pakistan om dialogveien og \u00e5 f\u00e5 en avkaling gjennom utenriksdepartementet), men fremfor alt <strong>Kina<\/strong> som en regional motstander av India og alliert sterkt av Pakistan. Den asiatiske giganten inviterte India og Pakistan til en opptrapping med en pressemelding, men understreket at suvereniteten til Pakistan m\u00e5 opprettholdes integrert. Dette kan tolkes som et budskap for India som &laquo;det er en r\u00f8d linje som du ikke trenger \u00e5 overhale, og hvis du overtar den, er vi der&raquo;, og det kan sannsynligvis inneholde det opptrappingsniv\u00e5et som India kan strebe etter.<\/p>\n<p><strong>Hvordan oppst\u00e5r denne konflikten sammenlignet med utbruddene som allerede er i Ukraina og Midt -\u00d8sten?<\/strong><\/p>\n<p><strong>Matteo Miavaldi: <\/strong>N\u00e5r det gjelder den russisk-ukrainske konflikten, er likhetene ganske skarpe. N\u00e5r det gjelder Midt -\u00d8sten, er det imidlertid interessant \u00e5 merke en likhet ang\u00e5ende <em>metode<\/em>. India har i utgangspunktet avfyrt en serie missiler og bomber veldig innenfor Pachistano -territoriet (fordi m\u00e5l i Punjab ogs\u00e5 har blitt ber\u00f8rt) p\u00e5 grunnlag av beskyldningen som India har gjort til Pakistan at de er ansvarlige for terrorangrepet 22. april. Anklagen ble flyttet uten den minste testen, s\u00e5 mye at Pakistan avviste den ved \u00e5 anmasse til \u00e5 \u00e5pne en en \u00e5pent test. India sies i stedet \u00e5 v\u00e6re sikker p\u00e5 ansvaret fra Pakistan og har bombet m\u00e5lene som India beskriver som terrorist, i saken treningsleirer. Men at Pakistan beskriver som sivile m\u00e5l. Her er det en likhet med det Israel gjorde ved \u00e5 begynne \u00e5 bombe Gaza, og hevder at m\u00e5lene for angrepene var steder der terroristene var skjult. Denne typen &laquo;tidligere&raquo; kunne<span style=\"font-size: 16px\"> Etter \u00e5 ha f\u00e5tt det til \u00e5 tro til India at han kunne handle p\u00e5 samme m\u00e5te uten \u00e5 frykte store konsekvenser av det internasjonale samfunnet.<\/span><\/p>\n<p><strong>Atomrisikoen er konkret eller kan arsenalene i de to landene fungere som avskrekkende?<\/strong><\/p>\n<p><strong>Francesca Marino: <\/strong>Jeg ser ikke atomrisikoen som et konkret scenario. Men det er mulig at situasjonen kan utarte. Atomarsenaler kan absolutt fungere som avskrekkende, men det er ikke s\u00e5 mye den konkrete muligheten for bruk av kjernefysiske enheter: begge partene ville vite at kjernefysisk kan representere slutten p\u00e5 begge land. \u00c5 bekymre deg er fremfor alt risikoen for at situasjonen Degenesi, for eksempel hvis pachistani skal angripe stasjoner i den indiske byen: i s\u00e5 fall kan konsekvensene v\u00e6re viktige.<\/p>\n<\/p><\/div>\n","protected":false},"excerpt":{"rendered":"<p>Nyere sammenst\u00f8t med luftangrep, missiler og droner mellom India Og Pakistan De bringer oppmerksomhet til<\/p>\n","protected":false},"author":1,"featured_media":4389,"comment_status":"closed","ping_status":"open","sticky":false,"template":"","format":"standard","meta":{"footnotes":""},"categories":[23],"tags":[2252,1845,2251,2253,953,79,2122,2024],"class_list":["post-4388","post","type-post","status-publish","format-standard","has-post-thumbnail","hentry","category-politikk","tag-avskrekking","tag-eksperter","tag-indiapakistankrig","tag-intervju","tag-kjernefysisk","tag-med","tag-risikoen","tag-sporsmalet","generate-columns","tablet-grid-50","mobile-grid-100","grid-parent","grid-33","resize-featured-image"],"yoast_head":"<!-- This site is optimized with the Yoast SEO plugin v24.4 - https:\/\/yoast.com\/wordpress\/plugins\/seo\/ -->\n<title>Risikoen for India-Pakistan-krig og sp\u00f8rsm\u00e5let om kjernefysisk avskrekking: Intervju med eksperter - Nordnesrepublikken<\/title>\n<meta name=\"robots\" content=\"index, follow, max-snippet:-1, max-image-preview:large, max-video-preview:-1\" \/>\n<link rel=\"canonical\" href=\"https:\/\/nordnesrepublikken.no\/index.php\/2025\/05\/09\/risikoen-for-india-pakistan-krig-og-sporsmalet-om-kjernefysisk-avskrekking-intervju-med-eksperter\/\" \/>\n<meta property=\"og:locale\" content=\"nb_NO\" \/>\n<meta property=\"og:type\" content=\"article\" \/>\n<meta property=\"og:title\" content=\"Risikoen for India-Pakistan-krig og sp\u00f8rsm\u00e5let om kjernefysisk avskrekking: Intervju med eksperter - Nordnesrepublikken\" \/>\n<meta property=\"og:description\" content=\"Nyere sammenst\u00f8t med luftangrep, missiler og droner mellom India Og Pakistan De bringer oppmerksomhet til\" \/>\n<meta property=\"og:url\" content=\"https:\/\/nordnesrepublikken.no\/index.php\/2025\/05\/09\/risikoen-for-india-pakistan-krig-og-sporsmalet-om-kjernefysisk-avskrekking-intervju-med-eksperter\/\" \/>\n<meta property=\"og:site_name\" content=\"Nordnesrepublikken\" \/>\n<meta property=\"article:published_time\" content=\"2025-05-09T17:49:48+00:00\" \/>\n<meta property=\"article:modified_time\" content=\"2025-05-09T17:49:57+00:00\" \/>\n<meta property=\"og:image\" content=\"https:\/\/nordnesrepublikken.no\/wp-content\/uploads\/2025\/05\/1746812988_Risikoen-for-India-Pakistan-krig-og-sporsmalet-om-kjernefysisk-avskrekking-Intervju-med-scaled.jpg\" \/>\n\t<meta property=\"og:image:width\" content=\"2560\" \/>\n\t<meta property=\"og:image:height\" content=\"1628\" \/>\n\t<meta property=\"og:image:type\" content=\"image\/jpeg\" \/>\n<meta name=\"author\" content=\"Ole Andersen\" \/>\n<meta name=\"twitter:card\" content=\"summary_large_image\" \/>\n<meta name=\"twitter:label1\" content=\"Skrevet av\" \/>\n\t<meta name=\"twitter:data1\" content=\"Ole Andersen\" \/>\n\t<meta name=\"twitter:label2\" content=\"Ansl. lesetid\" \/>\n\t<meta name=\"twitter:data2\" content=\"4 minutter\" \/>\n<script type=\"application\/ld+json\" class=\"yoast-schema-graph\">{\"@context\":\"https:\/\/schema.org\",\"@graph\":[{\"@type\":\"Article\",\"@id\":\"https:\/\/nordnesrepublikken.no\/index.php\/2025\/05\/09\/risikoen-for-india-pakistan-krig-og-sporsmalet-om-kjernefysisk-avskrekking-intervju-med-eksperter\/#article\",\"isPartOf\":{\"@id\":\"https:\/\/nordnesrepublikken.no\/index.php\/2025\/05\/09\/risikoen-for-india-pakistan-krig-og-sporsmalet-om-kjernefysisk-avskrekking-intervju-med-eksperter\/\"},\"author\":{\"name\":\"Ole Andersen\",\"@id\":\"https:\/\/nordnesrepublikken.no\/#\/schema\/person\/2e7e81935bab77882fffb79296240ff1\"},\"headline\":\"Risikoen for India-Pakistan-krig og sp\u00f8rsm\u00e5let om kjernefysisk avskrekking: Intervju med eksperter\",\"datePublished\":\"2025-05-09T17:49:48+00:00\",\"dateModified\":\"2025-05-09T17:49:57+00:00\",\"mainEntityOfPage\":{\"@id\":\"https:\/\/nordnesrepublikken.no\/index.php\/2025\/05\/09\/risikoen-for-india-pakistan-krig-og-sporsmalet-om-kjernefysisk-avskrekking-intervju-med-eksperter\/\"},\"wordCount\":758,\"publisher\":{\"@id\":\"https:\/\/nordnesrepublikken.no\/#organization\"},\"image\":{\"@id\":\"https:\/\/nordnesrepublikken.no\/index.php\/2025\/05\/09\/risikoen-for-india-pakistan-krig-og-sporsmalet-om-kjernefysisk-avskrekking-intervju-med-eksperter\/#primaryimage\"},\"thumbnailUrl\":\"https:\/\/nordnesrepublikken.no\/wp-content\/uploads\/2025\/05\/1746812988_Risikoen-for-India-Pakistan-krig-og-sporsmalet-om-kjernefysisk-avskrekking-Intervju-med-scaled.jpg\",\"keywords\":[\"avskrekking\",\"eksperter\",\"IndiaPakistankrig\",\"Intervju\",\"kjernefysisk\",\"med\",\"risikoen\",\"sp\u00f8rsm\u00e5let\"],\"articleSection\":[\"Politikk\"],\"inLanguage\":\"nb-NO\"},{\"@type\":\"WebPage\",\"@id\":\"https:\/\/nordnesrepublikken.no\/index.php\/2025\/05\/09\/risikoen-for-india-pakistan-krig-og-sporsmalet-om-kjernefysisk-avskrekking-intervju-med-eksperter\/\",\"url\":\"https:\/\/nordnesrepublikken.no\/index.php\/2025\/05\/09\/risikoen-for-india-pakistan-krig-og-sporsmalet-om-kjernefysisk-avskrekking-intervju-med-eksperter\/\",\"name\":\"Risikoen for India-Pakistan-krig og sp\u00f8rsm\u00e5let om kjernefysisk avskrekking: Intervju med eksperter - Nordnesrepublikken\",\"isPartOf\":{\"@id\":\"https:\/\/nordnesrepublikken.no\/#website\"},\"primaryImageOfPage\":{\"@id\":\"https:\/\/nordnesrepublikken.no\/index.php\/2025\/05\/09\/risikoen-for-india-pakistan-krig-og-sporsmalet-om-kjernefysisk-avskrekking-intervju-med-eksperter\/#primaryimage\"},\"image\":{\"@id\":\"https:\/\/nordnesrepublikken.no\/index.php\/2025\/05\/09\/risikoen-for-india-pakistan-krig-og-sporsmalet-om-kjernefysisk-avskrekking-intervju-med-eksperter\/#primaryimage\"},\"thumbnailUrl\":\"https:\/\/nordnesrepublikken.no\/wp-content\/uploads\/2025\/05\/1746812988_Risikoen-for-India-Pakistan-krig-og-sporsmalet-om-kjernefysisk-avskrekking-Intervju-med-scaled.jpg\",\"datePublished\":\"2025-05-09T17:49:48+00:00\",\"dateModified\":\"2025-05-09T17:49:57+00:00\",\"breadcrumb\":{\"@id\":\"https:\/\/nordnesrepublikken.no\/index.php\/2025\/05\/09\/risikoen-for-india-pakistan-krig-og-sporsmalet-om-kjernefysisk-avskrekking-intervju-med-eksperter\/#breadcrumb\"},\"inLanguage\":\"nb-NO\",\"potentialAction\":[{\"@type\":\"ReadAction\",\"target\":[\"https:\/\/nordnesrepublikken.no\/index.php\/2025\/05\/09\/risikoen-for-india-pakistan-krig-og-sporsmalet-om-kjernefysisk-avskrekking-intervju-med-eksperter\/\"]}]},{\"@type\":\"ImageObject\",\"inLanguage\":\"nb-NO\",\"@id\":\"https:\/\/nordnesrepublikken.no\/index.php\/2025\/05\/09\/risikoen-for-india-pakistan-krig-og-sporsmalet-om-kjernefysisk-avskrekking-intervju-med-eksperter\/#primaryimage\",\"url\":\"https:\/\/nordnesrepublikken.no\/wp-content\/uploads\/2025\/05\/1746812988_Risikoen-for-India-Pakistan-krig-og-sporsmalet-om-kjernefysisk-avskrekking-Intervju-med-scaled.jpg\",\"contentUrl\":\"https:\/\/nordnesrepublikken.no\/wp-content\/uploads\/2025\/05\/1746812988_Risikoen-for-India-Pakistan-krig-og-sporsmalet-om-kjernefysisk-avskrekking-Intervju-med-scaled.jpg\",\"width\":2560,\"height\":1628,\"caption\":\"india pakistan\"},{\"@type\":\"BreadcrumbList\",\"@id\":\"https:\/\/nordnesrepublikken.no\/index.php\/2025\/05\/09\/risikoen-for-india-pakistan-krig-og-sporsmalet-om-kjernefysisk-avskrekking-intervju-med-eksperter\/#breadcrumb\",\"itemListElement\":[{\"@type\":\"ListItem\",\"position\":1,\"name\":\"Home\",\"item\":\"https:\/\/nordnesrepublikken.no\/\"},{\"@type\":\"ListItem\",\"position\":2,\"name\":\"Risikoen for India-Pakistan-krig og sp\u00f8rsm\u00e5let om kjernefysisk avskrekking: Intervju med eksperter\"}]},{\"@type\":\"WebSite\",\"@id\":\"https:\/\/nordnesrepublikken.no\/#website\",\"url\":\"https:\/\/nordnesrepublikken.no\/\",\"name\":\"Nordnesrepublikken\",\"description\":\"Stemmer og Visjoner fra Republikkens Hjerte\",\"publisher\":{\"@id\":\"https:\/\/nordnesrepublikken.no\/#organization\"},\"potentialAction\":[{\"@type\":\"SearchAction\",\"target\":{\"@type\":\"EntryPoint\",\"urlTemplate\":\"https:\/\/nordnesrepublikken.no\/?s={search_term_string}\"},\"query-input\":{\"@type\":\"PropertyValueSpecification\",\"valueRequired\":true,\"valueName\":\"search_term_string\"}}],\"inLanguage\":\"nb-NO\"},{\"@type\":\"Organization\",\"@id\":\"https:\/\/nordnesrepublikken.no\/#organization\",\"name\":\"Nordnesrepublikken\",\"url\":\"https:\/\/nordnesrepublikken.no\/\",\"logo\":{\"@type\":\"ImageObject\",\"inLanguage\":\"nb-NO\",\"@id\":\"https:\/\/nordnesrepublikken.no\/#\/schema\/logo\/image\/\",\"url\":\"https:\/\/nordnesrepublikken.no\/wp-content\/uploads\/2025\/02\/cropped-nordnesrepublikken-2.png\",\"contentUrl\":\"https:\/\/nordnesrepublikken.no\/wp-content\/uploads\/2025\/02\/cropped-nordnesrepublikken-2.png\",\"width\":1248,\"height\":362,\"caption\":\"Nordnesrepublikken\"},\"image\":{\"@id\":\"https:\/\/nordnesrepublikken.no\/#\/schema\/logo\/image\/\"}},{\"@type\":\"Person\",\"@id\":\"https:\/\/nordnesrepublikken.no\/#\/schema\/person\/2e7e81935bab77882fffb79296240ff1\",\"name\":\"Ole Andersen\",\"image\":{\"@type\":\"ImageObject\",\"inLanguage\":\"nb-NO\",\"@id\":\"https:\/\/nordnesrepublikken.no\/#\/schema\/person\/image\/\",\"url\":\"https:\/\/nordnesrepublikken.no\/wp-content\/uploads\/2025\/02\/nordnesrepublikken-2-2-150x150.jpg\",\"contentUrl\":\"https:\/\/nordnesrepublikken.no\/wp-content\/uploads\/2025\/02\/nordnesrepublikken-2-2-150x150.jpg\",\"caption\":\"Ole Andersen\"},\"description\":\"Ettersom jeg vokste opp i Oslo, har jeg alltid v\u00e6rt fascinert av ordenes kraft og deres evne til \u00e5 skape endringer. Etter \u00e5 ha fullf\u00f8rt min utdannelse i kommunikasjon ved Universitetet i Bergen, fikk jeg muligheten til \u00e5 jobbe innen ulike medier, der jeg har s\u00f8kt \u00e5 belyse viktige samfunnssp\u00f8rsm\u00e5l. I dag, som redakt\u00f8r for Nordnesrepublikken, pr\u00f8ver jeg \u00e5 forene min kj\u00e6rlighet for journalistikk med min lidenskap for innovasjon og eventyr.\",\"sameAs\":[\"https:\/\/nordnesrepublikken.no\/\"]}]}<\/script>\n<!-- \/ Yoast SEO plugin. -->","yoast_head_json":{"title":"Risikoen for India-Pakistan-krig og sp\u00f8rsm\u00e5let om kjernefysisk avskrekking: Intervju med eksperter - Nordnesrepublikken","robots":{"index":"index","follow":"follow","max-snippet":"max-snippet:-1","max-image-preview":"max-image-preview:large","max-video-preview":"max-video-preview:-1"},"canonical":"https:\/\/nordnesrepublikken.no\/index.php\/2025\/05\/09\/risikoen-for-india-pakistan-krig-og-sporsmalet-om-kjernefysisk-avskrekking-intervju-med-eksperter\/","og_locale":"nb_NO","og_type":"article","og_title":"Risikoen for India-Pakistan-krig og sp\u00f8rsm\u00e5let om kjernefysisk avskrekking: Intervju med eksperter - Nordnesrepublikken","og_description":"Nyere sammenst\u00f8t med luftangrep, missiler og droner mellom India Og Pakistan De bringer oppmerksomhet til","og_url":"https:\/\/nordnesrepublikken.no\/index.php\/2025\/05\/09\/risikoen-for-india-pakistan-krig-og-sporsmalet-om-kjernefysisk-avskrekking-intervju-med-eksperter\/","og_site_name":"Nordnesrepublikken","article_published_time":"2025-05-09T17:49:48+00:00","article_modified_time":"2025-05-09T17:49:57+00:00","og_image":[{"width":2560,"height":1628,"url":"https:\/\/nordnesrepublikken.no\/wp-content\/uploads\/2025\/05\/1746812988_Risikoen-for-India-Pakistan-krig-og-sporsmalet-om-kjernefysisk-avskrekking-Intervju-med-scaled.jpg","type":"image\/jpeg"}],"author":"Ole Andersen","twitter_card":"summary_large_image","twitter_misc":{"Skrevet av":"Ole Andersen","Ansl. lesetid":"4 minutter"},"schema":{"@context":"https:\/\/schema.org","@graph":[{"@type":"Article","@id":"https:\/\/nordnesrepublikken.no\/index.php\/2025\/05\/09\/risikoen-for-india-pakistan-krig-og-sporsmalet-om-kjernefysisk-avskrekking-intervju-med-eksperter\/#article","isPartOf":{"@id":"https:\/\/nordnesrepublikken.no\/index.php\/2025\/05\/09\/risikoen-for-india-pakistan-krig-og-sporsmalet-om-kjernefysisk-avskrekking-intervju-med-eksperter\/"},"author":{"name":"Ole Andersen","@id":"https:\/\/nordnesrepublikken.no\/#\/schema\/person\/2e7e81935bab77882fffb79296240ff1"},"headline":"Risikoen for India-Pakistan-krig og sp\u00f8rsm\u00e5let om kjernefysisk avskrekking: Intervju med eksperter","datePublished":"2025-05-09T17:49:48+00:00","dateModified":"2025-05-09T17:49:57+00:00","mainEntityOfPage":{"@id":"https:\/\/nordnesrepublikken.no\/index.php\/2025\/05\/09\/risikoen-for-india-pakistan-krig-og-sporsmalet-om-kjernefysisk-avskrekking-intervju-med-eksperter\/"},"wordCount":758,"publisher":{"@id":"https:\/\/nordnesrepublikken.no\/#organization"},"image":{"@id":"https:\/\/nordnesrepublikken.no\/index.php\/2025\/05\/09\/risikoen-for-india-pakistan-krig-og-sporsmalet-om-kjernefysisk-avskrekking-intervju-med-eksperter\/#primaryimage"},"thumbnailUrl":"https:\/\/nordnesrepublikken.no\/wp-content\/uploads\/2025\/05\/1746812988_Risikoen-for-India-Pakistan-krig-og-sporsmalet-om-kjernefysisk-avskrekking-Intervju-med-scaled.jpg","keywords":["avskrekking","eksperter","IndiaPakistankrig","Intervju","kjernefysisk","med","risikoen","sp\u00f8rsm\u00e5let"],"articleSection":["Politikk"],"inLanguage":"nb-NO"},{"@type":"WebPage","@id":"https:\/\/nordnesrepublikken.no\/index.php\/2025\/05\/09\/risikoen-for-india-pakistan-krig-og-sporsmalet-om-kjernefysisk-avskrekking-intervju-med-eksperter\/","url":"https:\/\/nordnesrepublikken.no\/index.php\/2025\/05\/09\/risikoen-for-india-pakistan-krig-og-sporsmalet-om-kjernefysisk-avskrekking-intervju-med-eksperter\/","name":"Risikoen for India-Pakistan-krig og sp\u00f8rsm\u00e5let om kjernefysisk avskrekking: Intervju med eksperter - Nordnesrepublikken","isPartOf":{"@id":"https:\/\/nordnesrepublikken.no\/#website"},"primaryImageOfPage":{"@id":"https:\/\/nordnesrepublikken.no\/index.php\/2025\/05\/09\/risikoen-for-india-pakistan-krig-og-sporsmalet-om-kjernefysisk-avskrekking-intervju-med-eksperter\/#primaryimage"},"image":{"@id":"https:\/\/nordnesrepublikken.no\/index.php\/2025\/05\/09\/risikoen-for-india-pakistan-krig-og-sporsmalet-om-kjernefysisk-avskrekking-intervju-med-eksperter\/#primaryimage"},"thumbnailUrl":"https:\/\/nordnesrepublikken.no\/wp-content\/uploads\/2025\/05\/1746812988_Risikoen-for-India-Pakistan-krig-og-sporsmalet-om-kjernefysisk-avskrekking-Intervju-med-scaled.jpg","datePublished":"2025-05-09T17:49:48+00:00","dateModified":"2025-05-09T17:49:57+00:00","breadcrumb":{"@id":"https:\/\/nordnesrepublikken.no\/index.php\/2025\/05\/09\/risikoen-for-india-pakistan-krig-og-sporsmalet-om-kjernefysisk-avskrekking-intervju-med-eksperter\/#breadcrumb"},"inLanguage":"nb-NO","potentialAction":[{"@type":"ReadAction","target":["https:\/\/nordnesrepublikken.no\/index.php\/2025\/05\/09\/risikoen-for-india-pakistan-krig-og-sporsmalet-om-kjernefysisk-avskrekking-intervju-med-eksperter\/"]}]},{"@type":"ImageObject","inLanguage":"nb-NO","@id":"https:\/\/nordnesrepublikken.no\/index.php\/2025\/05\/09\/risikoen-for-india-pakistan-krig-og-sporsmalet-om-kjernefysisk-avskrekking-intervju-med-eksperter\/#primaryimage","url":"https:\/\/nordnesrepublikken.no\/wp-content\/uploads\/2025\/05\/1746812988_Risikoen-for-India-Pakistan-krig-og-sporsmalet-om-kjernefysisk-avskrekking-Intervju-med-scaled.jpg","contentUrl":"https:\/\/nordnesrepublikken.no\/wp-content\/uploads\/2025\/05\/1746812988_Risikoen-for-India-Pakistan-krig-og-sporsmalet-om-kjernefysisk-avskrekking-Intervju-med-scaled.jpg","width":2560,"height":1628,"caption":"india pakistan"},{"@type":"BreadcrumbList","@id":"https:\/\/nordnesrepublikken.no\/index.php\/2025\/05\/09\/risikoen-for-india-pakistan-krig-og-sporsmalet-om-kjernefysisk-avskrekking-intervju-med-eksperter\/#breadcrumb","itemListElement":[{"@type":"ListItem","position":1,"name":"Home","item":"https:\/\/nordnesrepublikken.no\/"},{"@type":"ListItem","position":2,"name":"Risikoen for India-Pakistan-krig og sp\u00f8rsm\u00e5let om kjernefysisk avskrekking: Intervju med eksperter"}]},{"@type":"WebSite","@id":"https:\/\/nordnesrepublikken.no\/#website","url":"https:\/\/nordnesrepublikken.no\/","name":"Nordnesrepublikken","description":"Stemmer og Visjoner fra Republikkens Hjerte","publisher":{"@id":"https:\/\/nordnesrepublikken.no\/#organization"},"potentialAction":[{"@type":"SearchAction","target":{"@type":"EntryPoint","urlTemplate":"https:\/\/nordnesrepublikken.no\/?s={search_term_string}"},"query-input":{"@type":"PropertyValueSpecification","valueRequired":true,"valueName":"search_term_string"}}],"inLanguage":"nb-NO"},{"@type":"Organization","@id":"https:\/\/nordnesrepublikken.no\/#organization","name":"Nordnesrepublikken","url":"https:\/\/nordnesrepublikken.no\/","logo":{"@type":"ImageObject","inLanguage":"nb-NO","@id":"https:\/\/nordnesrepublikken.no\/#\/schema\/logo\/image\/","url":"https:\/\/nordnesrepublikken.no\/wp-content\/uploads\/2025\/02\/cropped-nordnesrepublikken-2.png","contentUrl":"https:\/\/nordnesrepublikken.no\/wp-content\/uploads\/2025\/02\/cropped-nordnesrepublikken-2.png","width":1248,"height":362,"caption":"Nordnesrepublikken"},"image":{"@id":"https:\/\/nordnesrepublikken.no\/#\/schema\/logo\/image\/"}},{"@type":"Person","@id":"https:\/\/nordnesrepublikken.no\/#\/schema\/person\/2e7e81935bab77882fffb79296240ff1","name":"Ole Andersen","image":{"@type":"ImageObject","inLanguage":"nb-NO","@id":"https:\/\/nordnesrepublikken.no\/#\/schema\/person\/image\/","url":"https:\/\/nordnesrepublikken.no\/wp-content\/uploads\/2025\/02\/nordnesrepublikken-2-2-150x150.jpg","contentUrl":"https:\/\/nordnesrepublikken.no\/wp-content\/uploads\/2025\/02\/nordnesrepublikken-2-2-150x150.jpg","caption":"Ole Andersen"},"description":"Ettersom jeg vokste opp i Oslo, har jeg alltid v\u00e6rt fascinert av ordenes kraft og deres evne til \u00e5 skape endringer. Etter \u00e5 ha fullf\u00f8rt min utdannelse i kommunikasjon ved Universitetet i Bergen, fikk jeg muligheten til \u00e5 jobbe innen ulike medier, der jeg har s\u00f8kt \u00e5 belyse viktige samfunnssp\u00f8rsm\u00e5l. I dag, som redakt\u00f8r for Nordnesrepublikken, pr\u00f8ver jeg \u00e5 forene min kj\u00e6rlighet for journalistikk med min lidenskap for innovasjon og eventyr.","sameAs":["https:\/\/nordnesrepublikken.no\/"]}]}},"_links":{"self":[{"href":"https:\/\/nordnesrepublikken.no\/index.php\/wp-json\/wp\/v2\/posts\/4388","targetHints":{"allow":["GET"]}}],"collection":[{"href":"https:\/\/nordnesrepublikken.no\/index.php\/wp-json\/wp\/v2\/posts"}],"about":[{"href":"https:\/\/nordnesrepublikken.no\/index.php\/wp-json\/wp\/v2\/types\/post"}],"author":[{"embeddable":true,"href":"https:\/\/nordnesrepublikken.no\/index.php\/wp-json\/wp\/v2\/users\/1"}],"replies":[{"embeddable":true,"href":"https:\/\/nordnesrepublikken.no\/index.php\/wp-json\/wp\/v2\/comments?post=4388"}],"version-history":[{"count":1,"href":"https:\/\/nordnesrepublikken.no\/index.php\/wp-json\/wp\/v2\/posts\/4388\/revisions"}],"predecessor-version":[{"id":4390,"href":"https:\/\/nordnesrepublikken.no\/index.php\/wp-json\/wp\/v2\/posts\/4388\/revisions\/4390"}],"wp:featuredmedia":[{"embeddable":true,"href":"https:\/\/nordnesrepublikken.no\/index.php\/wp-json\/wp\/v2\/media\/4389"}],"wp:attachment":[{"href":"https:\/\/nordnesrepublikken.no\/index.php\/wp-json\/wp\/v2\/media?parent=4388"}],"wp:term":[{"taxonomy":"category","embeddable":true,"href":"https:\/\/nordnesrepublikken.no\/index.php\/wp-json\/wp\/v2\/categories?post=4388"},{"taxonomy":"post_tag","embeddable":true,"href":"https:\/\/nordnesrepublikken.no\/index.php\/wp-json\/wp\/v2\/tags?post=4388"}],"curies":[{"name":"wp","href":"https:\/\/api.w.org\/{rel}","templated":true}]}}