{"id":4385,"date":"2025-05-09T17:50:13","date_gmt":"2025-05-09T15:50:13","guid":{"rendered":"https:\/\/nordnesrepublikken.no\/index.php\/2025\/05\/09\/en-gravid-forbrytelse-av-politiske-konsekvenser\/"},"modified":"2025-05-09T17:50:14","modified_gmt":"2025-05-09T15:50:14","slug":"en-gravid-forbrytelse-av-politiske-konsekvenser","status":"publish","type":"post","link":"https:\/\/nordnesrepublikken.no\/index.php\/2025\/05\/09\/en-gravid-forbrytelse-av-politiske-konsekvenser\/","title":{"rendered":"En gravid forbrytelse av politiske konsekvenser"},"content":{"rendered":"<div>\n<div class=\"cp_wrapper cp_wrapper--fw mb-30 mb-20@tablet\">\n<figure class=\"mm\"><picture class=\"img\" style=\"padding-top:56.25%\"><source  media=\"(min-width: 1024px)\"><source  media=\"(min-width: 768px)\"><\/source><\/source><\/picture><\/figure>\n<\/p><\/div>\n<p><strong>Aldo Moro<\/strong>politiker og italiensk jurist, var en av toppfigurene til <strong>Kristent demokrati<\/strong> og en av de viktigste italienske politiske eksponentene, drept av <strong>R\u00f8de brigader<\/strong> 9. mai 1978. Det var <strong>Statsminister<\/strong> i flere \u00e5r og var preget av viljen til \u00e5 se etter <strong>avtaler<\/strong> med venstre partier. P\u00e5 70 -tallet var han en av promot\u00f8rene av <strong>&laquo;Historisk kompromiss&raquo;<\/strong>det vil si hypotesen om <strong>Sett inn eksponenter for det italienske kommunistpartiet i regjeringsteamet<\/strong>. Moro ble beslaglagt i Roma av de r\u00f8de brigadene 16. mars 1978 og holdt fange for <strong>55 dager<\/strong>hvor han ble utsatt for en &laquo;prosess&raquo; for sitt &laquo;politiske ansvar&raquo;. Forhandlingene om \u00e5 f\u00e5 frigj\u00f8ring av noen brigatikere som er varetektsfengslet i bytte mot Moro, 9. mai Mario Moretti klarer ikke \u00e5 f\u00e5 fra staten<strong> drepte gisselen<\/strong>. Hans d\u00f8d hadde store konsekvenser for italiensk politikk.<\/p>\n<h2><strong>Som var Aldo Moro<\/strong><\/h2>\n<p><strong>Aldo Moro<\/strong>f\u00f8dt i Maglie (Lecce) 23. september 1916, var en av de viktigste italienske politiske eksponentene fra 1940 -tallet til d\u00f8den, som fant sted 9. mai 1978. Under fascismen var han president i <strong>Italiensk katolske universitetsforbund<\/strong> og en av grunnleggerne av <strong>Kristent demokrati<\/strong> (DC), et parti som dominerte den politiske scenen til begynnelsen av 90 -tallet. Medlem av den konstituerende forsamlingen i 1946, i \u00e5rene etter oppn\u00e5dde Moro en rekke regjeringsposisjoner og var <strong>Statsminister<\/strong> Fra 1963 til 1968 og igjen fra 1974 til 1976.<\/p>\n<p>Moro ble fremhevet for<strong>reformistisk tiln\u00e6rming<\/strong>for evnen i<strong> Finn kompromisser<\/strong> og for viljen til \u00e5 dyrke forholdet til venstre partier. P\u00e5 70 -tallet var han en av talsmennene for <strong>&laquo;Historisk kompromiss&raquo;,<\/strong> det vil si avtalen med <strong>Italiensk kommunistparti<\/strong> (PCI) for \u00e5 utvide flertallet som st\u00f8ttet regjeringen og den ut\u00f8vende selv, inkludert kommunistene i den. For italiensk politikk, det &laquo;historiske kompromisset&raquo;<strong> Det hadde v\u00e6rt en virkelig revolusjon<\/strong>fordi PCI siden 1947, til tross for at han var den andre parten etter antall konsensus, ble ekskludert fra regjeringslag. Moro utviklet strategien for kompromisset sammen med <strong>Enrico Berlinguer<\/strong>sekret\u00e6r for PCI, men han kunne ikke fullf\u00f8re den fordi<strong> Den ble beslaglagt og drept<\/strong> fra de r\u00f8de brigadene.<\/p>\n<div class=\"cp_wrapper cp_wrapper--fw mb-50\">\n<figure class=\"mm\"><picture class=\"img\" style=\"padding-top:69.6%\"><source  media=\"(min-width: 1024px)\"><source  media=\"(min-width: 768px)\"><img decoding=\"async\" loading=\"lazy\" src=\"https:\/\/nordnesrepublikken.no\/wp-content\/uploads\/2025\/05\/1746805812_161_En-gravid-forbrytelse-av-politiske-konsekvenser.jpg\" alt=\"Moro og Berlinguer i 1977\" width=\"500\" height=\"348\"><\/source><\/source><\/picture><\/figure>\n<\/p><\/div>\n<h2>Kidnappingen av Aldo Moro av de r\u00f8de brigadene og fengslingen<\/h2>\n<p>De <strong>R\u00f8de brigader<\/strong> (BR) var en av de viktigste undergravende formasjonene av <strong>&laquo;\u00c5r med bly&raquo; <\/strong>(omtrent sammenfallende med 70 -tallet), hvor de var aktive i Italia <strong>terroristgrupper<\/strong> Begge en ekstrem venstre, orientering av BR og helt til h\u00f8yre. Gruppen ble f\u00f8dt p\u00e5 begynnelsen av 1970 -tallet, og i noen \u00e5r m\u00e5lrettet han selskapsledere, politimenn og sorenskrivere; senere lanserte han &laquo;<strong>angrepet p\u00e5 hjertet av staten<\/strong>\u00bb, \u00c5 treffe eksponentene i den politiske klassen.<\/p>\n<p>I <strong>1978<\/strong> De r\u00f8de brigadene bestemte seg for \u00e5 utf\u00f8re en<strong> Sl\u00e5ende gest<\/strong>kidnappet en av de store italienske politikerne: hypotesen om kidnapping Giulio Andreotti blir kastet, som var for beskyttet, bestemte de seg for \u00e5 fokusere p\u00e5 Moro, som i det \u00f8yeblikket var <strong>President for National Council of the DC<\/strong>men hadde ingen regjeringsposisjoner. Operasjonen tok morgenen til <strong>16. mars:<\/strong> Moro reiste p\u00e5 en bil sammen med to eskorteagenter; Tre andre agenter fulgte presidenten p\u00e5 en annen bil. Da de to bilene kom inn <strong>Via Mario Fani<\/strong>i den nordlige delen av Roma, en bil ledet av <strong>Mario Moretti<\/strong> &#8211; vurdert p\u00e5 noen m\u00e5ter <strong>leder av BR<\/strong> &#8211; blokkerte passasjen. Handlingen gikk deretter inn i handlingen <strong>Branngruppe<\/strong>sammensatt av fire brigatikere forkledd som<strong> Aviatori fra Alitalia<\/strong> (Valerio Morucci, Franco Bonisoli, Prospero Gallinari og Raffaele Fiore), som n\u00e6rmet seg de to bilene og satte fyr p\u00e5 maskingev\u00e6rene sine, <strong>dreper de fem eskorteagentene<\/strong>. Brigatikerne hentet deretter Moro, som ble sjokkert, men uskadd, gjemte ham i en bil og f\u00f8rte ham til <strong>en liten celle<\/strong> forberedt i en leilighet i <strong>Via Camillo Montalcini<\/strong>pomp\u00f8st omd\u00f8pt til &laquo;folkets fengsel&raquo;.<\/p>\n<div class=\"cp_wrapper cp_wrapper--fw mb-50\">\n<figure class=\"mm\"><picture class=\"img\" style=\"padding-top:120%\"><source  media=\"(min-width: 1024px)\"><source  media=\"(min-width: 768px)\"><img decoding=\"async\" loading=\"lazy\" src=\"https:\/\/nordnesrepublikken.no\/wp-content\/uploads\/2025\/05\/1746805812_400_En-gravid-forbrytelse-av-politiske-konsekvenser.jpg\" alt=\"Likene til to menn fra eskorten etter bakholdet\" width=\"980\" height=\"1176\" class=\"js-seedtag-img\"><\/source><\/source><\/picture><\/figure>\n<\/p><\/div>\n<h2>De 55 dagene med varetektsfengsling av Moro i folkets og drapets fengsel og drapet<\/h2>\n<p>I leiligheten i Via Montalcini, <strong>Tre brigatikere behandlet \u00e5 f\u00f8re tilsyn og ta vare p\u00e5 fangen<\/strong>: Prospero Gallinari, Germano Maccari og Anna Laura Braghetti. Ofte dro Moretti ogs\u00e5 til huset, ansvarlig for \u00e5 stille sp\u00f8rsm\u00e5l ved Moro: Den kristne demokratiske lederen ble faktisk utsatt for en <strong>\u00abProsess\u00bb fra BR, <\/strong>som forventet innleggelser fra ham p\u00e5 de p\u00e5st\u00e5tte feilene til DC og de andre partiene.<\/p>\n<p>Noen dager etter kidnappingen begynte fangen \u00e5 skrive <strong>brev til hans familie og mange politiske eksponenter<\/strong>ber dem om<strong> Behandle med Br<\/strong> for \u00e5 f\u00e5 sin frigj\u00f8ring. Brevene, delvis utgitt av avisene, vakte en enorm debatt. Den politiske klassen delte seg i to sider: <strong>for fasthet eller forhandling<\/strong>. Det meste av DC, PCI og andre parter sided for <strong>fasthet<\/strong>nekter \u00e5 h\u00e5ndtere terrorister, en linje ogs\u00e5 fulgt av statsministeren, Giulio Andreotti, og innenriksministeren, Francesco Cossiga. Til fordel for <strong>forhandling<\/strong> I stedet, det sosialistiske partiet, de n\u00e6rmere sektorene n\u00e6rmest Moro, ble de fjerntliggende formasjonene stilt opp.<\/p>\n<p>&laquo;Prosessen&raquo; utf\u00f8rt av BR endte med <strong>Fangens d\u00f8dsdom<\/strong>Men terroristene formidlet at de ville sk\u00e5ne Moros liv hvis noen fengslede brigatikere hadde blitt frigjort. Regjeringen valgte imidlertid \u00e5 <strong>Ikke behandle<\/strong>For hvis han hadde gjort det, ville han ha tilbudt en form for politisk anerkjennelse til BR. Brigatistene n\u00f8lte ikke med \u00e5 myrde gisselen: morgenen til <strong>9. mai<\/strong> Mario Moretti drepte Moro med et utbrudd av maskingev\u00e6r. Deretter ble kroppen skjult i bagasjerommet en r\u00f8d Renault 4, som parkerte inn <strong>Via Caetani<\/strong>i sentrum av Roma, hvor det ble funnet.<\/p>\n<div class=\"cp_wrapper cp_wrapper--fw mb-50\">\n<figure class=\"mm\"><picture class=\"img\" style=\"padding-top:66.2%\"><source  media=\"(min-width: 1024px)\"><source  media=\"(min-width: 768px)\"><img decoding=\"async\" loading=\"lazy\" src=\"https:\/\/nordnesrepublikken.no\/wp-content\/uploads\/2025\/05\/1746805813_648_En-gravid-forbrytelse-av-politiske-konsekvenser.jpg\" alt=\"Liket i Renault 4\" width=\"500\" height=\"331\"><\/source><\/source><\/picture><\/figure>\n<\/p><\/div>\n<h2><strong>Alternative teorier og konsekvenser av Moro -saken<\/strong><\/h2>\n<p>Gjenoppbyggingen av kidnappingen, muliggjort av de mange prosessene mot brigatikerne som ble feiret gjennom \u00e5rene, etterlater noen problemer i skyggen. Det er heller ingen mangel p\u00e5 <strong>Alternative teorier<\/strong>if\u00f8lge hvilken BRS ville ha handlet p\u00e5 impuls, eller med st\u00f8tte, av noen <strong>Hemmelig tjeneste<\/strong> eller andre skjulte krefter: Det er antatt at<strong> CIA<\/strong>siden moro<strong> Han ble ikke verdsatt av den amerikanske regjeringsklassen<\/strong>The <strong>KGB <\/strong>eller til og med <strong>avvikede sektorer av<\/strong> <strong>Italienske tjenester<\/strong>. Gisselen ble heller ikke avansert hadde ikke blitt holdt i Montalcini, men i en annen leir, kanskje i n\u00e6rheten av en strand. For \u00f8yeblikket har det ikke blitt bevist noen alternativ hypotese, selv om det er tydelig at de i rekonstruksjonen som dukket opp fra prosessene, forblir m\u00f8rke punkter.<\/p>\n<p>Det som er sikkert er at Moros d\u00f8d hadde store konsekvenser for italiensk politikk. Strategien til &laquo;<strong>Historisk kompromiss &laquo;<\/strong> Han ble definitivt forlatt i begynnelsen av noen \u00e5r, og innf\u00f8rte en utvidelse av regjeringsomr\u00e5det som virket mer og mer n\u00f8dvendig. Den regjerende klassen mistet ogs\u00e5 en av sine egne <strong>Hovedeksponenter<\/strong>. I stedet<strong> Linje av fasthet<\/strong>: Etter kidnappingen fikk BR populariteten, men det at staten ikke hadde behandlet og unng\u00e5tt \u00e5 gjenkjenne dem som samtalepartner <strong>utgjorde et alvorlig politisk nederlag for dem<\/strong>. Noen \u00e5r senere var BR <strong>definitivt beseiret<\/strong>.<\/p>\n<div class=\"cp_wrapper  mb-50\">\n<div class=\"cbx\">\n<div class=\"cbx__collection\">\n<p>Kilder<\/p>\n<div class=\"cbx__sources\">\n<p>Agostino Giovagnoli, Moro -saken. En republikansk tragedie, 2018 Mill.<\/p>\n<p>Miguel Gotor, republikkens minnesmerke. Aldo Moros forfattere fra fengsling og anatomi av italiensk makt, Einaudi 2020.<\/p>\n<p>Marco Clementi, The Madness of Aldo Moro, Rizzoli 2008<\/p>\n<p>Insuretze.net. Moro anfall Diary https:\/\/oriorzenze.net\/diario-del-sequestro-mor\/<\/p>\n<\/p><\/div>\n<\/p><\/div>\n<\/p><\/div>\n<\/p><\/div>\n<\/p><\/div>\n","protected":false},"excerpt":{"rendered":"<p>Aldo Moropolitiker og italiensk jurist, var en av toppfigurene til Kristent demokrati og en av<\/p>\n","protected":false},"author":1,"featured_media":4386,"comment_status":"closed","ping_status":"open","sticky":false,"template":"","format":"standard","meta":{"footnotes":""},"categories":[104],"tags":[2249,2248,332,2250],"class_list":["post-4385","post","type-post","status-publish","format-standard","has-post-thumbnail","hentry","category-samfunn","tag-forbrytelse","tag-gravid","tag-konsekvenser","tag-politiske","generate-columns","tablet-grid-50","mobile-grid-100","grid-parent","grid-33","resize-featured-image"],"yoast_head":"<!-- This site is optimized with the Yoast SEO plugin v24.4 - https:\/\/yoast.com\/wordpress\/plugins\/seo\/ -->\n<title>En gravid forbrytelse av politiske konsekvenser - Nordnesrepublikken<\/title>\n<meta name=\"robots\" content=\"index, follow, max-snippet:-1, max-image-preview:large, max-video-preview:-1\" \/>\n<link rel=\"canonical\" href=\"https:\/\/nordnesrepublikken.no\/index.php\/2025\/05\/09\/en-gravid-forbrytelse-av-politiske-konsekvenser\/\" \/>\n<meta property=\"og:locale\" content=\"nb_NO\" \/>\n<meta property=\"og:type\" content=\"article\" \/>\n<meta property=\"og:title\" content=\"En gravid forbrytelse av politiske konsekvenser - Nordnesrepublikken\" \/>\n<meta property=\"og:description\" content=\"Aldo Moropolitiker og italiensk jurist, var en av toppfigurene til Kristent demokrati og en av\" \/>\n<meta property=\"og:url\" content=\"https:\/\/nordnesrepublikken.no\/index.php\/2025\/05\/09\/en-gravid-forbrytelse-av-politiske-konsekvenser\/\" \/>\n<meta property=\"og:site_name\" content=\"Nordnesrepublikken\" \/>\n<meta property=\"article:published_time\" content=\"2025-05-09T15:50:13+00:00\" \/>\n<meta property=\"article:modified_time\" content=\"2025-05-09T15:50:14+00:00\" \/>\n<meta property=\"og:image\" content=\"https:\/\/nordnesrepublikken.no\/wp-content\/uploads\/2025\/05\/1746805813_En-gravid-forbrytelse-av-politiske-konsekvenser.jpg\" \/>\n\t<meta property=\"og:image:width\" content=\"1500\" \/>\n\t<meta property=\"og:image:height\" content=\"1060\" \/>\n\t<meta property=\"og:image:type\" content=\"image\/jpeg\" \/>\n<meta name=\"author\" content=\"Ole Andersen\" \/>\n<meta name=\"twitter:card\" content=\"summary_large_image\" \/>\n<meta name=\"twitter:label1\" content=\"Skrevet av\" \/>\n\t<meta name=\"twitter:data1\" content=\"Ole Andersen\" \/>\n\t<meta name=\"twitter:label2\" content=\"Ansl. lesetid\" \/>\n\t<meta name=\"twitter:data2\" content=\"6 minutter\" \/>\n<script type=\"application\/ld+json\" class=\"yoast-schema-graph\">{\"@context\":\"https:\/\/schema.org\",\"@graph\":[{\"@type\":\"Article\",\"@id\":\"https:\/\/nordnesrepublikken.no\/index.php\/2025\/05\/09\/en-gravid-forbrytelse-av-politiske-konsekvenser\/#article\",\"isPartOf\":{\"@id\":\"https:\/\/nordnesrepublikken.no\/index.php\/2025\/05\/09\/en-gravid-forbrytelse-av-politiske-konsekvenser\/\"},\"author\":{\"name\":\"Ole Andersen\",\"@id\":\"https:\/\/nordnesrepublikken.no\/#\/schema\/person\/2e7e81935bab77882fffb79296240ff1\"},\"headline\":\"En gravid forbrytelse av politiske konsekvenser\",\"datePublished\":\"2025-05-09T15:50:13+00:00\",\"dateModified\":\"2025-05-09T15:50:14+00:00\",\"mainEntityOfPage\":{\"@id\":\"https:\/\/nordnesrepublikken.no\/index.php\/2025\/05\/09\/en-gravid-forbrytelse-av-politiske-konsekvenser\/\"},\"wordCount\":1123,\"publisher\":{\"@id\":\"https:\/\/nordnesrepublikken.no\/#organization\"},\"image\":{\"@id\":\"https:\/\/nordnesrepublikken.no\/index.php\/2025\/05\/09\/en-gravid-forbrytelse-av-politiske-konsekvenser\/#primaryimage\"},\"thumbnailUrl\":\"https:\/\/nordnesrepublikken.no\/wp-content\/uploads\/2025\/05\/1746805813_En-gravid-forbrytelse-av-politiske-konsekvenser.jpg\",\"keywords\":[\"forbrytelse\",\"gravid\",\"konsekvenser\",\"politiske\"],\"articleSection\":[\"Samfunn\"],\"inLanguage\":\"nb-NO\"},{\"@type\":\"WebPage\",\"@id\":\"https:\/\/nordnesrepublikken.no\/index.php\/2025\/05\/09\/en-gravid-forbrytelse-av-politiske-konsekvenser\/\",\"url\":\"https:\/\/nordnesrepublikken.no\/index.php\/2025\/05\/09\/en-gravid-forbrytelse-av-politiske-konsekvenser\/\",\"name\":\"En gravid forbrytelse av politiske konsekvenser - Nordnesrepublikken\",\"isPartOf\":{\"@id\":\"https:\/\/nordnesrepublikken.no\/#website\"},\"primaryImageOfPage\":{\"@id\":\"https:\/\/nordnesrepublikken.no\/index.php\/2025\/05\/09\/en-gravid-forbrytelse-av-politiske-konsekvenser\/#primaryimage\"},\"image\":{\"@id\":\"https:\/\/nordnesrepublikken.no\/index.php\/2025\/05\/09\/en-gravid-forbrytelse-av-politiske-konsekvenser\/#primaryimage\"},\"thumbnailUrl\":\"https:\/\/nordnesrepublikken.no\/wp-content\/uploads\/2025\/05\/1746805813_En-gravid-forbrytelse-av-politiske-konsekvenser.jpg\",\"datePublished\":\"2025-05-09T15:50:13+00:00\",\"dateModified\":\"2025-05-09T15:50:14+00:00\",\"breadcrumb\":{\"@id\":\"https:\/\/nordnesrepublikken.no\/index.php\/2025\/05\/09\/en-gravid-forbrytelse-av-politiske-konsekvenser\/#breadcrumb\"},\"inLanguage\":\"nb-NO\",\"potentialAction\":[{\"@type\":\"ReadAction\",\"target\":[\"https:\/\/nordnesrepublikken.no\/index.php\/2025\/05\/09\/en-gravid-forbrytelse-av-politiske-konsekvenser\/\"]}]},{\"@type\":\"ImageObject\",\"inLanguage\":\"nb-NO\",\"@id\":\"https:\/\/nordnesrepublikken.no\/index.php\/2025\/05\/09\/en-gravid-forbrytelse-av-politiske-konsekvenser\/#primaryimage\",\"url\":\"https:\/\/nordnesrepublikken.no\/wp-content\/uploads\/2025\/05\/1746805813_En-gravid-forbrytelse-av-politiske-konsekvenser.jpg\",\"contentUrl\":\"https:\/\/nordnesrepublikken.no\/wp-content\/uploads\/2025\/05\/1746805813_En-gravid-forbrytelse-av-politiske-konsekvenser.jpg\",\"width\":1500,\"height\":1060,\"caption\":\"Moro copertina copia\"},{\"@type\":\"BreadcrumbList\",\"@id\":\"https:\/\/nordnesrepublikken.no\/index.php\/2025\/05\/09\/en-gravid-forbrytelse-av-politiske-konsekvenser\/#breadcrumb\",\"itemListElement\":[{\"@type\":\"ListItem\",\"position\":1,\"name\":\"Home\",\"item\":\"https:\/\/nordnesrepublikken.no\/\"},{\"@type\":\"ListItem\",\"position\":2,\"name\":\"En gravid forbrytelse av politiske konsekvenser\"}]},{\"@type\":\"WebSite\",\"@id\":\"https:\/\/nordnesrepublikken.no\/#website\",\"url\":\"https:\/\/nordnesrepublikken.no\/\",\"name\":\"Nordnesrepublikken\",\"description\":\"Stemmer og Visjoner fra Republikkens Hjerte\",\"publisher\":{\"@id\":\"https:\/\/nordnesrepublikken.no\/#organization\"},\"potentialAction\":[{\"@type\":\"SearchAction\",\"target\":{\"@type\":\"EntryPoint\",\"urlTemplate\":\"https:\/\/nordnesrepublikken.no\/?s={search_term_string}\"},\"query-input\":{\"@type\":\"PropertyValueSpecification\",\"valueRequired\":true,\"valueName\":\"search_term_string\"}}],\"inLanguage\":\"nb-NO\"},{\"@type\":\"Organization\",\"@id\":\"https:\/\/nordnesrepublikken.no\/#organization\",\"name\":\"Nordnesrepublikken\",\"url\":\"https:\/\/nordnesrepublikken.no\/\",\"logo\":{\"@type\":\"ImageObject\",\"inLanguage\":\"nb-NO\",\"@id\":\"https:\/\/nordnesrepublikken.no\/#\/schema\/logo\/image\/\",\"url\":\"https:\/\/nordnesrepublikken.no\/wp-content\/uploads\/2025\/02\/cropped-nordnesrepublikken-2.png\",\"contentUrl\":\"https:\/\/nordnesrepublikken.no\/wp-content\/uploads\/2025\/02\/cropped-nordnesrepublikken-2.png\",\"width\":1248,\"height\":362,\"caption\":\"Nordnesrepublikken\"},\"image\":{\"@id\":\"https:\/\/nordnesrepublikken.no\/#\/schema\/logo\/image\/\"}},{\"@type\":\"Person\",\"@id\":\"https:\/\/nordnesrepublikken.no\/#\/schema\/person\/2e7e81935bab77882fffb79296240ff1\",\"name\":\"Ole Andersen\",\"image\":{\"@type\":\"ImageObject\",\"inLanguage\":\"nb-NO\",\"@id\":\"https:\/\/nordnesrepublikken.no\/#\/schema\/person\/image\/\",\"url\":\"https:\/\/nordnesrepublikken.no\/wp-content\/uploads\/2025\/02\/nordnesrepublikken-2-2-150x150.jpg\",\"contentUrl\":\"https:\/\/nordnesrepublikken.no\/wp-content\/uploads\/2025\/02\/nordnesrepublikken-2-2-150x150.jpg\",\"caption\":\"Ole Andersen\"},\"description\":\"Ettersom jeg vokste opp i Oslo, har jeg alltid v\u00e6rt fascinert av ordenes kraft og deres evne til \u00e5 skape endringer. Etter \u00e5 ha fullf\u00f8rt min utdannelse i kommunikasjon ved Universitetet i Bergen, fikk jeg muligheten til \u00e5 jobbe innen ulike medier, der jeg har s\u00f8kt \u00e5 belyse viktige samfunnssp\u00f8rsm\u00e5l. I dag, som redakt\u00f8r for Nordnesrepublikken, pr\u00f8ver jeg \u00e5 forene min kj\u00e6rlighet for journalistikk med min lidenskap for innovasjon og eventyr.\",\"sameAs\":[\"https:\/\/nordnesrepublikken.no\/\"]}]}<\/script>\n<!-- \/ Yoast SEO plugin. -->","yoast_head_json":{"title":"En gravid forbrytelse av politiske konsekvenser - Nordnesrepublikken","robots":{"index":"index","follow":"follow","max-snippet":"max-snippet:-1","max-image-preview":"max-image-preview:large","max-video-preview":"max-video-preview:-1"},"canonical":"https:\/\/nordnesrepublikken.no\/index.php\/2025\/05\/09\/en-gravid-forbrytelse-av-politiske-konsekvenser\/","og_locale":"nb_NO","og_type":"article","og_title":"En gravid forbrytelse av politiske konsekvenser - Nordnesrepublikken","og_description":"Aldo Moropolitiker og italiensk jurist, var en av toppfigurene til Kristent demokrati og en av","og_url":"https:\/\/nordnesrepublikken.no\/index.php\/2025\/05\/09\/en-gravid-forbrytelse-av-politiske-konsekvenser\/","og_site_name":"Nordnesrepublikken","article_published_time":"2025-05-09T15:50:13+00:00","article_modified_time":"2025-05-09T15:50:14+00:00","og_image":[{"width":1500,"height":1060,"url":"https:\/\/nordnesrepublikken.no\/wp-content\/uploads\/2025\/05\/1746805813_En-gravid-forbrytelse-av-politiske-konsekvenser.jpg","type":"image\/jpeg"}],"author":"Ole Andersen","twitter_card":"summary_large_image","twitter_misc":{"Skrevet av":"Ole Andersen","Ansl. lesetid":"6 minutter"},"schema":{"@context":"https:\/\/schema.org","@graph":[{"@type":"Article","@id":"https:\/\/nordnesrepublikken.no\/index.php\/2025\/05\/09\/en-gravid-forbrytelse-av-politiske-konsekvenser\/#article","isPartOf":{"@id":"https:\/\/nordnesrepublikken.no\/index.php\/2025\/05\/09\/en-gravid-forbrytelse-av-politiske-konsekvenser\/"},"author":{"name":"Ole Andersen","@id":"https:\/\/nordnesrepublikken.no\/#\/schema\/person\/2e7e81935bab77882fffb79296240ff1"},"headline":"En gravid forbrytelse av politiske konsekvenser","datePublished":"2025-05-09T15:50:13+00:00","dateModified":"2025-05-09T15:50:14+00:00","mainEntityOfPage":{"@id":"https:\/\/nordnesrepublikken.no\/index.php\/2025\/05\/09\/en-gravid-forbrytelse-av-politiske-konsekvenser\/"},"wordCount":1123,"publisher":{"@id":"https:\/\/nordnesrepublikken.no\/#organization"},"image":{"@id":"https:\/\/nordnesrepublikken.no\/index.php\/2025\/05\/09\/en-gravid-forbrytelse-av-politiske-konsekvenser\/#primaryimage"},"thumbnailUrl":"https:\/\/nordnesrepublikken.no\/wp-content\/uploads\/2025\/05\/1746805813_En-gravid-forbrytelse-av-politiske-konsekvenser.jpg","keywords":["forbrytelse","gravid","konsekvenser","politiske"],"articleSection":["Samfunn"],"inLanguage":"nb-NO"},{"@type":"WebPage","@id":"https:\/\/nordnesrepublikken.no\/index.php\/2025\/05\/09\/en-gravid-forbrytelse-av-politiske-konsekvenser\/","url":"https:\/\/nordnesrepublikken.no\/index.php\/2025\/05\/09\/en-gravid-forbrytelse-av-politiske-konsekvenser\/","name":"En gravid forbrytelse av politiske konsekvenser - Nordnesrepublikken","isPartOf":{"@id":"https:\/\/nordnesrepublikken.no\/#website"},"primaryImageOfPage":{"@id":"https:\/\/nordnesrepublikken.no\/index.php\/2025\/05\/09\/en-gravid-forbrytelse-av-politiske-konsekvenser\/#primaryimage"},"image":{"@id":"https:\/\/nordnesrepublikken.no\/index.php\/2025\/05\/09\/en-gravid-forbrytelse-av-politiske-konsekvenser\/#primaryimage"},"thumbnailUrl":"https:\/\/nordnesrepublikken.no\/wp-content\/uploads\/2025\/05\/1746805813_En-gravid-forbrytelse-av-politiske-konsekvenser.jpg","datePublished":"2025-05-09T15:50:13+00:00","dateModified":"2025-05-09T15:50:14+00:00","breadcrumb":{"@id":"https:\/\/nordnesrepublikken.no\/index.php\/2025\/05\/09\/en-gravid-forbrytelse-av-politiske-konsekvenser\/#breadcrumb"},"inLanguage":"nb-NO","potentialAction":[{"@type":"ReadAction","target":["https:\/\/nordnesrepublikken.no\/index.php\/2025\/05\/09\/en-gravid-forbrytelse-av-politiske-konsekvenser\/"]}]},{"@type":"ImageObject","inLanguage":"nb-NO","@id":"https:\/\/nordnesrepublikken.no\/index.php\/2025\/05\/09\/en-gravid-forbrytelse-av-politiske-konsekvenser\/#primaryimage","url":"https:\/\/nordnesrepublikken.no\/wp-content\/uploads\/2025\/05\/1746805813_En-gravid-forbrytelse-av-politiske-konsekvenser.jpg","contentUrl":"https:\/\/nordnesrepublikken.no\/wp-content\/uploads\/2025\/05\/1746805813_En-gravid-forbrytelse-av-politiske-konsekvenser.jpg","width":1500,"height":1060,"caption":"Moro copertina copia"},{"@type":"BreadcrumbList","@id":"https:\/\/nordnesrepublikken.no\/index.php\/2025\/05\/09\/en-gravid-forbrytelse-av-politiske-konsekvenser\/#breadcrumb","itemListElement":[{"@type":"ListItem","position":1,"name":"Home","item":"https:\/\/nordnesrepublikken.no\/"},{"@type":"ListItem","position":2,"name":"En gravid forbrytelse av politiske konsekvenser"}]},{"@type":"WebSite","@id":"https:\/\/nordnesrepublikken.no\/#website","url":"https:\/\/nordnesrepublikken.no\/","name":"Nordnesrepublikken","description":"Stemmer og Visjoner fra Republikkens Hjerte","publisher":{"@id":"https:\/\/nordnesrepublikken.no\/#organization"},"potentialAction":[{"@type":"SearchAction","target":{"@type":"EntryPoint","urlTemplate":"https:\/\/nordnesrepublikken.no\/?s={search_term_string}"},"query-input":{"@type":"PropertyValueSpecification","valueRequired":true,"valueName":"search_term_string"}}],"inLanguage":"nb-NO"},{"@type":"Organization","@id":"https:\/\/nordnesrepublikken.no\/#organization","name":"Nordnesrepublikken","url":"https:\/\/nordnesrepublikken.no\/","logo":{"@type":"ImageObject","inLanguage":"nb-NO","@id":"https:\/\/nordnesrepublikken.no\/#\/schema\/logo\/image\/","url":"https:\/\/nordnesrepublikken.no\/wp-content\/uploads\/2025\/02\/cropped-nordnesrepublikken-2.png","contentUrl":"https:\/\/nordnesrepublikken.no\/wp-content\/uploads\/2025\/02\/cropped-nordnesrepublikken-2.png","width":1248,"height":362,"caption":"Nordnesrepublikken"},"image":{"@id":"https:\/\/nordnesrepublikken.no\/#\/schema\/logo\/image\/"}},{"@type":"Person","@id":"https:\/\/nordnesrepublikken.no\/#\/schema\/person\/2e7e81935bab77882fffb79296240ff1","name":"Ole Andersen","image":{"@type":"ImageObject","inLanguage":"nb-NO","@id":"https:\/\/nordnesrepublikken.no\/#\/schema\/person\/image\/","url":"https:\/\/nordnesrepublikken.no\/wp-content\/uploads\/2025\/02\/nordnesrepublikken-2-2-150x150.jpg","contentUrl":"https:\/\/nordnesrepublikken.no\/wp-content\/uploads\/2025\/02\/nordnesrepublikken-2-2-150x150.jpg","caption":"Ole Andersen"},"description":"Ettersom jeg vokste opp i Oslo, har jeg alltid v\u00e6rt fascinert av ordenes kraft og deres evne til \u00e5 skape endringer. Etter \u00e5 ha fullf\u00f8rt min utdannelse i kommunikasjon ved Universitetet i Bergen, fikk jeg muligheten til \u00e5 jobbe innen ulike medier, der jeg har s\u00f8kt \u00e5 belyse viktige samfunnssp\u00f8rsm\u00e5l. I dag, som redakt\u00f8r for Nordnesrepublikken, pr\u00f8ver jeg \u00e5 forene min kj\u00e6rlighet for journalistikk med min lidenskap for innovasjon og eventyr.","sameAs":["https:\/\/nordnesrepublikken.no\/"]}]}},"_links":{"self":[{"href":"https:\/\/nordnesrepublikken.no\/index.php\/wp-json\/wp\/v2\/posts\/4385","targetHints":{"allow":["GET"]}}],"collection":[{"href":"https:\/\/nordnesrepublikken.no\/index.php\/wp-json\/wp\/v2\/posts"}],"about":[{"href":"https:\/\/nordnesrepublikken.no\/index.php\/wp-json\/wp\/v2\/types\/post"}],"author":[{"embeddable":true,"href":"https:\/\/nordnesrepublikken.no\/index.php\/wp-json\/wp\/v2\/users\/1"}],"replies":[{"embeddable":true,"href":"https:\/\/nordnesrepublikken.no\/index.php\/wp-json\/wp\/v2\/comments?post=4385"}],"version-history":[{"count":1,"href":"https:\/\/nordnesrepublikken.no\/index.php\/wp-json\/wp\/v2\/posts\/4385\/revisions"}],"predecessor-version":[{"id":4387,"href":"https:\/\/nordnesrepublikken.no\/index.php\/wp-json\/wp\/v2\/posts\/4385\/revisions\/4387"}],"wp:featuredmedia":[{"embeddable":true,"href":"https:\/\/nordnesrepublikken.no\/index.php\/wp-json\/wp\/v2\/media\/4386"}],"wp:attachment":[{"href":"https:\/\/nordnesrepublikken.no\/index.php\/wp-json\/wp\/v2\/media?parent=4385"}],"wp:term":[{"taxonomy":"category","embeddable":true,"href":"https:\/\/nordnesrepublikken.no\/index.php\/wp-json\/wp\/v2\/categories?post=4385"},{"taxonomy":"post_tag","embeddable":true,"href":"https:\/\/nordnesrepublikken.no\/index.php\/wp-json\/wp\/v2\/tags?post=4385"}],"curies":[{"name":"wp","href":"https:\/\/api.w.org\/{rel}","templated":true}]}}